{"id":1008671,"date":"2019-10-10T20:09:12","date_gmt":"2019-10-10T17:09:12","guid":{"rendered":"https:\/\/darkamazi.info\/?p=1008671"},"modified":"2019-10-14T16:02:52","modified_gmt":"2019-10-14T13:02:52","slug":"kurre-qazi-mihemed-nameyek-ji-barzani-re-sand","status":"publish","type":"post","link":"https:\/\/darkamazi.info\/archives\/1008671","title":{"rendered":"KURR\u00ca QAZ\u00ce M\u0130HEMED NAMEYEK J\u0130 BARZAN\u00ce RE \u015eAND"},"content":{"rendered":"<div class=\"wpb-content-wrapper\"><p>[darkamazi_row][darkamazi_column][darkamazi_column_text]<\/p>\n<h3>Kor\u00ea p\u00ea\u015fewa Qaz\u00ee Mihemed \u00eero peyamek ji Mes\u2019\u00fbd Barzan\u00ee re \u015fand \u00fb t\u00eade xwastiye ku barzan\u00ee rola xwe bib\u00eene \u00fb r\u00ea nede xuyna gel li rojava kurdistan\u00ea werer r\u00ea\u015ftin.<\/h3>\n<h3>&#8216;El\u00ee Qaz\u00ee Mihemed, kurr\u00ea p\u00ea\u015fewa Qaz\u00ee, \u00eero roja p\u00eanci\u015fem\u00ee 10\/10\/2019an, nameyeke taybet ji bo Mes\u2019\u00fbd Barzan\u00ee serok\u00ea parta demokrat a kurdistan\u00ea di\u015f\u00eene \u00fb t\u00eade daxwaz Barzan\u00ee weke p\u00ea\u015feway\u00ea gel\u00ea kurd, rola xwe bib\u00eene \u00fb r\u00ea nede xuyna gel\u00ea kurd li rojava kurdistan\u00ea were r\u00ea\u015ftin.<\/h3>\n<h3>Kurr\u00ea Qaz\u00ee Mihemed di nameya xwe de dib\u00eaje: &#8220;ji bo rew\u015fa niha a rojava kurdistan\u00ea gelek bi daxim, her wiha dib\u00eaje para kurdan hertim zulm \u00fb stem b\u00fbye, di qada xebat \u00fb teko\u015f\u00een\u00ea de h\u00fbn weke r\u00eaber\u00ea kurdayet\u00eey\u00ea hertim berevan\u00ee kar\u00ean axa kurdistan\u00ea b\u00fbne, b\u00ea cudah\u00ee kirin dinavbera par\u00e7ey\u00ean kurdistan\u00ee de.<\/h3>\n<h3>Kurr\u00ea Qaz\u00ee Mihemed her jiber v\u00ea yek\u00ea ji Mes\u2019\u00fbd barzan\u00ee dixwaze weke p\u00ea\u015feway\u00ea kurd rola xwe bib\u00eene \u00fb berevaniy\u00ea ji rojava kurdistan\u00ee bke, jiberku dib\u00eaje di niha de xu\u015fk \u00fb biray\u00ean me li axa rojava de derbeder dibin \u00fb xuyna gel\u00ea kurd careke din bi neheq t\u00ea r\u00ea\u015ftin.<\/h3>\n<h3><\/h3>\n<p>[\/darkamazi_column_text][\/darkamazi_column][\/darkamazi_row][darkamazi_row][darkamazi_column][darkamazi_single_image image=&#8221;1008673&#8243; img_size=&#8221;large&#8221; alignment=&#8221;center&#8221;][\/darkamazi_column][\/darkamazi_row]<\/p>\n<\/div>","protected":false},"excerpt":{"rendered":"<p>[darkamazi_row][darkamazi_column][darkamazi_column_text] Kor\u00ea p\u00ea\u015fewa Qaz\u00ee Mihemed \u00eero peyamek ji Mes\u2019\u00fbd Barzan\u00ee re \u015fand \u00fb t\u00eade xwastiye ku barzan\u00ee rola xwe bib\u00eene \u00fb r\u00ea nede xuyna gel li rojava kurdistan\u00ea werer r\u00ea\u015ftin. &#8216;El\u00ee Qaz\u00ee Mihemed, kurr\u00ea p\u00ea\u015fewa Qaz\u00ee, \u00eero roja p\u00eanci\u015fem\u00ee 10\/10\/2019an, nameyeke taybet ji bo Mes\u2019\u00fbd Barzan\u00ee serok\u00ea parta demokrat a kurdistan\u00ea di\u015f\u00eene \u00fb t\u00eade daxwaz [&hellip;]<\/p>\n","protected":false},"author":2,"featured_media":1008672,"comment_status":"closed","ping_status":"closed","sticky":false,"template":"","format":"standard","meta":{"footnotes":""},"categories":[29],"tags":[],"class_list":["post-1008671","post","type-post","status-publish","format-standard","has-post-thumbnail","hentry","category-kurdistan"],"blocksy_meta":[],"seo_head":"<!-- This site is optimized with the Yoast SEO plugin v27.5 - https:\/\/yoast.com\/product\/yoast-seo-wordpress\/ -->\n<title>KURR\u00ca QAZ\u00ce M\u0130HEMED NAMEYEK J\u0130 BARZAN\u00ce RE \u015eAND - Darka Maz\u00ee<\/title>\n<meta name=\"robots\" content=\"index, follow, max-snippet:-1, max-image-preview:large, max-video-preview:-1\" \/>\n<link rel=\"canonical\" href=\"https:\/\/darkamazi.info\/archives\/1008671\" \/>\n<meta property=\"og:locale\" content=\"en_US\" \/>\n<meta property=\"og:type\" content=\"article\" \/>\n<meta property=\"og:title\" content=\"KURR\u00ca QAZ\u00ce M\u0130HEMED NAMEYEK J\u0130 BARZAN\u00ce RE \u015eAND - Darka Maz\u00ee\" \/>\n<meta property=\"og:description\" content=\"[darkamazi_row][darkamazi_column][darkamazi_column_text] Kor\u00ea p\u00ea\u015fewa Qaz\u00ee Mihemed \u00eero peyamek ji Mes\u2019\u00fbd Barzan\u00ee re \u015fand \u00fb t\u00eade xwastiye ku barzan\u00ee rola xwe bib\u00eene \u00fb r\u00ea nede xuyna gel li rojava kurdistan\u00ea werer r\u00ea\u015ftin. &#8216;El\u00ee Qaz\u00ee Mihemed, kurr\u00ea p\u00ea\u015fewa Qaz\u00ee, \u00eero roja p\u00eanci\u015fem\u00ee 10\/10\/2019an, nameyeke taybet ji bo Mes\u2019\u00fbd Barzan\u00ee serok\u00ea parta demokrat a kurdistan\u00ea di\u015f\u00eene \u00fb t\u00eade daxwaz [&hellip;]\" \/>\n<meta property=\"og:url\" content=\"https:\/\/darkamazi.info\/archives\/1008671\" \/>\n<meta property=\"og:site_name\" content=\"Darka Maz\u00ee\" \/>\n<meta property=\"article:publisher\" content=\"https:\/\/www.facebook.com\/DarMaziKurmanci\" \/>\n<meta property=\"article:published_time\" content=\"2019-10-10T17:09:12+00:00\" \/>\n<meta property=\"article:modified_time\" content=\"2019-10-14T13:02:52+00:00\" \/>\n<meta property=\"og:image\" content=\"https:\/\/darkamazi.info\/file\/2019\/10\/ImageThumb.jpg\" \/>\n\t<meta property=\"og:image:width\" content=\"625\" \/>\n\t<meta property=\"og:image:height\" content=\"424\" \/>\n\t<meta property=\"og:image:type\" content=\"image\/jpeg\" \/>\n<meta name=\"author\" content=\"darka mazi\" \/>\n<meta name=\"twitter:card\" content=\"summary_large_image\" \/>\n<meta name=\"twitter:creator\" content=\"@DarkaMaziLatini\" \/>\n<meta name=\"twitter:site\" content=\"@DarkaMaziLatini\" \/>\n<meta name=\"twitter:label1\" content=\"Written by\" \/>\n\t<meta name=\"twitter:data1\" content=\"darka mazi\" \/>\n\t<meta name=\"twitter:label2\" content=\"Est. reading time\" \/>\n\t<meta name=\"twitter:data2\" content=\"1 minute\" \/>\n<script type=\"application\/ld+json\" class=\"seo-schema-graph\">{\"@context\":\"https:\\\/\\\/schema.org\",\"@graph\":[{\"@type\":\"Article\",\"@id\":\"https:\\\/\\\/darkamazi.info\\\/archives\\\/1008671#article\",\"isPartOf\":{\"@id\":\"https:\\\/\\\/darkamazi.info\\\/archives\\\/1008671\"},\"author\":{\"name\":\"darka mazi\",\"@id\":\"https:\\\/\\\/darkamazi.info\\\/#\\\/schema\\\/person\\\/5ad3e24553a0567993fa8ed4bd0a776c\"},\"headline\":\"KURR\u00ca QAZ\u00ce M\u0130HEMED NAMEYEK J\u0130 BARZAN\u00ce RE \u015eAND\",\"datePublished\":\"2019-10-10T17:09:12+00:00\",\"dateModified\":\"2019-10-14T13:02:52+00:00\",\"mainEntityOfPage\":{\"@id\":\"https:\\\/\\\/darkamazi.info\\\/archives\\\/1008671\"},\"wordCount\":236,\"publisher\":{\"@id\":\"https:\\\/\\\/darkamazi.info\\\/#organization\"},\"image\":{\"@id\":\"https:\\\/\\\/darkamazi.info\\\/archives\\\/1008671#primaryimage\"},\"thumbnailUrl\":\"https:\\\/\\\/darkamazi.info\\\/darka-content\\\/uploads\\\/2019\\\/10\\\/ImageThumb.jpg\",\"articleSection\":[\"Kurdistan\"],\"inLanguage\":\"en-US\"},{\"@type\":\"WebPage\",\"@id\":\"https:\\\/\\\/darkamazi.info\\\/archives\\\/1008671\",\"url\":\"https:\\\/\\\/darkamazi.info\\\/archives\\\/1008671\",\"name\":\"KURR\u00ca QAZ\u00ce M\u0130HEMED NAMEYEK J\u0130 BARZAN\u00ce RE \u015eAND - Darka Maz\u00ee\",\"isPartOf\":{\"@id\":\"https:\\\/\\\/darkamazi.info\\\/#website\"},\"primaryImageOfPage\":{\"@id\":\"https:\\\/\\\/darkamazi.info\\\/archives\\\/1008671#primaryimage\"},\"image\":{\"@id\":\"https:\\\/\\\/darkamazi.info\\\/archives\\\/1008671#primaryimage\"},\"thumbnailUrl\":\"https:\\\/\\\/darkamazi.info\\\/darka-content\\\/uploads\\\/2019\\\/10\\\/ImageThumb.jpg\",\"datePublished\":\"2019-10-10T17:09:12+00:00\",\"dateModified\":\"2019-10-14T13:02:52+00:00\",\"breadcrumb\":{\"@id\":\"https:\\\/\\\/darkamazi.info\\\/archives\\\/1008671#breadcrumb\"},\"inLanguage\":\"en-US\",\"potentialAction\":[{\"@type\":\"ReadAction\",\"target\":[\"https:\\\/\\\/darkamazi.info\\\/archives\\\/1008671\"]}]},{\"@type\":\"ImageObject\",\"inLanguage\":\"en-US\",\"@id\":\"https:\\\/\\\/darkamazi.info\\\/archives\\\/1008671#primaryimage\",\"url\":\"https:\\\/\\\/darkamazi.info\\\/darka-content\\\/uploads\\\/2019\\\/10\\\/ImageThumb.jpg\",\"contentUrl\":\"https:\\\/\\\/darkamazi.info\\\/darka-content\\\/uploads\\\/2019\\\/10\\\/ImageThumb.jpg\",\"width\":625,\"height\":424,\"caption\":\"KURR\u00ca QAZ\u00ce MIHEMED NAMEYEK JI BARZAN\u00ce RE \u015eAND\"},{\"@type\":\"BreadcrumbList\",\"@id\":\"https:\\\/\\\/darkamazi.info\\\/archives\\\/1008671#breadcrumb\",\"itemListElement\":[{\"@type\":\"ListItem\",\"position\":1,\"name\":\"Home\",\"item\":\"https:\\\/\\\/darkamazi.info\\\/\"},{\"@type\":\"ListItem\",\"position\":2,\"name\":\"KURR\u00ca QAZ\u00ce M\u0130HEMED NAMEYEK J\u0130 BARZAN\u00ce RE \u015eAND\"}]},{\"@type\":\"WebSite\",\"@id\":\"https:\\\/\\\/darkamazi.info\\\/#website\",\"url\":\"https:\\\/\\\/darkamazi.info\\\/\",\"name\":\"Darka Maz\u00ee\",\"description\":\"P\u00eageha Zanyariy\u00ean Nebih\u00eest\u00ee\",\"publisher\":{\"@id\":\"https:\\\/\\\/darkamazi.info\\\/#organization\"},\"potentialAction\":[{\"@type\":\"SearchAction\",\"target\":{\"@type\":\"EntryPoint\",\"urlTemplate\":\"https:\\\/\\\/darkamazi.info\\\/?s={search_term_string}\"},\"query-input\":{\"@type\":\"PropertyValueSpecification\",\"valueRequired\":true,\"valueName\":\"search_term_string\"}}],\"inLanguage\":\"en-US\"},{\"@type\":\"Organization\",\"@id\":\"https:\\\/\\\/darkamazi.info\\\/#organization\",\"name\":\"Darka Maz\u00ee\",\"url\":\"https:\\\/\\\/darkamazi.info\\\/\",\"logo\":{\"@type\":\"ImageObject\",\"inLanguage\":\"en-US\",\"@id\":\"https:\\\/\\\/darkamazi.info\\\/#\\\/schema\\\/logo\\\/image\\\/\",\"url\":\"https:\\\/\\\/darkamazi.info\\\/darka-content\\\/uploads\\\/2017\\\/12\\\/darka-mazi-logo.png\",\"contentUrl\":\"https:\\\/\\\/darkamazi.info\\\/darka-content\\\/uploads\\\/2017\\\/12\\\/darka-mazi-logo.png\",\"width\":151,\"height\":75,\"caption\":\"Darka Maz\u00ee\"},\"image\":{\"@id\":\"https:\\\/\\\/darkamazi.info\\\/#\\\/schema\\\/logo\\\/image\\\/\"},\"sameAs\":[\"https:\\\/\\\/www.facebook.com\\\/DarMaziKurmanci\",\"https:\\\/\\\/x.com\\\/DarkaMaziLatini\",\"https:\\\/\\\/www.instagram.com\\\/darkamazi.kurmanci\\\/\",\"https:\\\/\\\/www.youtube.com\\\/channel\\\/UCa5HkTdmI8U1qCUFuTw8B2g\"]},{\"@type\":\"Person\",\"@id\":\"https:\\\/\\\/darkamazi.info\\\/#\\\/schema\\\/person\\\/5ad3e24553a0567993fa8ed4bd0a776c\",\"name\":\"darka mazi\",\"sameAs\":[\"https:\\\/\\\/darkamazi.info\\\/\"],\"url\":\"https:\\\/\\\/darkamazi.info\\\/archives\\\/author\\\/kurdi\"}]}<\/script>\n<!-- \/ Yoast SEO plugin. -->","seo_head_json":{"title":"KURR\u00ca QAZ\u00ce M\u0130HEMED NAMEYEK J\u0130 BARZAN\u00ce RE \u015eAND - Darka Maz\u00ee","robots":{"index":"index","follow":"follow","max-snippet":"max-snippet:-1","max-image-preview":"max-image-preview:large","max-video-preview":"max-video-preview:-1"},"canonical":"https:\/\/darkamazi.info\/archives\/1008671","og_locale":"en_US","og_type":"article","og_title":"KURR\u00ca QAZ\u00ce M\u0130HEMED NAMEYEK J\u0130 BARZAN\u00ce RE \u015eAND - Darka Maz\u00ee","og_description":"[darkamazi_row][darkamazi_column][darkamazi_column_text] Kor\u00ea p\u00ea\u015fewa Qaz\u00ee Mihemed \u00eero peyamek ji Mes\u2019\u00fbd Barzan\u00ee re \u015fand \u00fb t\u00eade xwastiye ku barzan\u00ee rola xwe bib\u00eene \u00fb r\u00ea nede xuyna gel li rojava kurdistan\u00ea werer r\u00ea\u015ftin. &#8216;El\u00ee Qaz\u00ee Mihemed, kurr\u00ea p\u00ea\u015fewa Qaz\u00ee, \u00eero roja p\u00eanci\u015fem\u00ee 10\/10\/2019an, nameyeke taybet ji bo Mes\u2019\u00fbd Barzan\u00ee serok\u00ea parta demokrat a kurdistan\u00ea di\u015f\u00eene \u00fb t\u00eade daxwaz [&hellip;]","og_url":"https:\/\/darkamazi.info\/archives\/1008671","og_site_name":"Darka Maz\u00ee","article_publisher":"https:\/\/www.facebook.com\/DarMaziKurmanci","article_published_time":"2019-10-10T17:09:12+00:00","article_modified_time":"2019-10-14T13:02:52+00:00","og_image":[{"width":625,"height":424,"url":"https:\/\/darkamazi.info\/file\/2019\/10\/ImageThumb.jpg","type":"image\/jpeg"}],"author":"darka mazi","twitter_card":"summary_large_image","twitter_creator":"@DarkaMaziLatini","twitter_site":"@DarkaMaziLatini","twitter_misc":{"Written by":"darka mazi","Est. reading time":"1 minute"},"schema":{"@context":"https:\/\/schema.org","@graph":[{"@type":"Article","@id":"https:\/\/darkamazi.info\/archives\/1008671#article","isPartOf":{"@id":"https:\/\/darkamazi.info\/archives\/1008671"},"author":{"name":"darka mazi","@id":"https:\/\/darkamazi.info\/#\/schema\/person\/5ad3e24553a0567993fa8ed4bd0a776c"},"headline":"KURR\u00ca QAZ\u00ce M\u0130HEMED NAMEYEK J\u0130 BARZAN\u00ce RE \u015eAND","datePublished":"2019-10-10T17:09:12+00:00","dateModified":"2019-10-14T13:02:52+00:00","mainEntityOfPage":{"@id":"https:\/\/darkamazi.info\/archives\/1008671"},"wordCount":236,"publisher":{"@id":"https:\/\/darkamazi.info\/#organization"},"image":{"@id":"https:\/\/darkamazi.info\/archives\/1008671#primaryimage"},"thumbnailUrl":"https:\/\/darkamazi.info\/file\/2019\/10\/ImageThumb.jpg","articleSection":["Kurdistan"],"inLanguage":"en-US"},{"@type":"WebPage","@id":"https:\/\/darkamazi.info\/archives\/1008671","url":"https:\/\/darkamazi.info\/archives\/1008671","name":"KURR\u00ca QAZ\u00ce M\u0130HEMED NAMEYEK J\u0130 BARZAN\u00ce RE \u015eAND - Darka Maz\u00ee","isPartOf":{"@id":"https:\/\/darkamazi.info\/#website"},"primaryImageOfPage":{"@id":"https:\/\/darkamazi.info\/archives\/1008671#primaryimage"},"image":{"@id":"https:\/\/darkamazi.info\/archives\/1008671#primaryimage"},"thumbnailUrl":"https:\/\/darkamazi.info\/file\/2019\/10\/ImageThumb.jpg","datePublished":"2019-10-10T17:09:12+00:00","dateModified":"2019-10-14T13:02:52+00:00","breadcrumb":{"@id":"https:\/\/darkamazi.info\/archives\/1008671#breadcrumb"},"inLanguage":"en-US","potentialAction":[{"@type":"ReadAction","target":["https:\/\/darkamazi.info\/archives\/1008671"]}]},{"@type":"ImageObject","inLanguage":"en-US","@id":"https:\/\/darkamazi.info\/archives\/1008671#primaryimage","url":"https:\/\/darkamazi.info\/file\/2019\/10\/ImageThumb.jpg","contentUrl":"https:\/\/darkamazi.info\/file\/2019\/10\/ImageThumb.jpg","width":625,"height":424,"caption":"KURR\u00ca QAZ\u00ce MIHEMED NAMEYEK JI BARZAN\u00ce RE \u015eAND"},{"@type":"BreadcrumbList","@id":"https:\/\/darkamazi.info\/archives\/1008671#breadcrumb","itemListElement":[{"@type":"ListItem","position":1,"name":"Home","item":"https:\/\/darkamazi.info\/"},{"@type":"ListItem","position":2,"name":"KURR\u00ca QAZ\u00ce M\u0130HEMED NAMEYEK J\u0130 BARZAN\u00ce RE \u015eAND"}]},{"@type":"WebSite","@id":"https:\/\/darkamazi.info\/#website","url":"https:\/\/darkamazi.info\/","name":"Darka Maz\u00ee","description":"P\u00eageha Zanyariy\u00ean Nebih\u00eest\u00ee","publisher":{"@id":"https:\/\/darkamazi.info\/#organization"},"potentialAction":[{"@type":"SearchAction","target":{"@type":"EntryPoint","urlTemplate":"https:\/\/darkamazi.info\/?s={search_term_string}"},"query-input":{"@type":"PropertyValueSpecification","valueRequired":true,"valueName":"search_term_string"}}],"inLanguage":"en-US"},{"@type":"Organization","@id":"https:\/\/darkamazi.info\/#organization","name":"Darka Maz\u00ee","url":"https:\/\/darkamazi.info\/","logo":{"@type":"ImageObject","inLanguage":"en-US","@id":"https:\/\/darkamazi.info\/#\/schema\/logo\/image\/","url":"https:\/\/darkamazi.info\/file\/2017\/12\/darka-mazi-logo.png","contentUrl":"https:\/\/darkamazi.info\/file\/2017\/12\/darka-mazi-logo.png","width":151,"height":75,"caption":"Darka Maz\u00ee"},"image":{"@id":"https:\/\/darkamazi.info\/#\/schema\/logo\/image\/"},"sameAs":["https:\/\/www.facebook.com\/DarMaziKurmanci","https:\/\/x.com\/DarkaMaziLatini","https:\/\/www.instagram.com\/darkamazi.kurmanci\/","https:\/\/www.youtube.com\/channel\/UCa5HkTdmI8U1qCUFuTw8B2g"]},{"@type":"Person","@id":"https:\/\/darkamazi.info\/#\/schema\/person\/5ad3e24553a0567993fa8ed4bd0a776c","name":"darka mazi","sameAs":["https:\/\/darkamazi.info\/"],"url":"https:\/\/darkamazi.info\/archives\/author\/kurdi"}]}},"_links":{"self":[{"href":"https:\/\/darkamazi.info\/funavuv\/wp\/v2\/posts\/1008671","targetHints":{"allow":["GET"]}}],"collection":[{"href":"https:\/\/darkamazi.info\/funavuv\/wp\/v2\/posts"}],"about":[{"href":"https:\/\/darkamazi.info\/funavuv\/wp\/v2\/types\/post"}],"author":[{"embeddable":true,"href":"https:\/\/darkamazi.info\/funavuv\/wp\/v2\/users\/2"}],"replies":[{"embeddable":true,"href":"https:\/\/darkamazi.info\/funavuv\/wp\/v2\/comments?post=1008671"}],"version-history":[{"count":0,"href":"https:\/\/darkamazi.info\/funavuv\/wp\/v2\/posts\/1008671\/revisions"}],"wp:featuredmedia":[{"embeddable":true,"href":"https:\/\/darkamazi.info\/funavuv\/wp\/v2\/media\/1008672"}],"wp:attachment":[{"href":"https:\/\/darkamazi.info\/funavuv\/wp\/v2\/media?parent=1008671"}],"wp:term":[{"taxonomy":"category","embeddable":true,"href":"https:\/\/darkamazi.info\/funavuv\/wp\/v2\/categories?post=1008671"},{"taxonomy":"post_tag","embeddable":true,"href":"https:\/\/darkamazi.info\/funavuv\/wp\/v2\/tags?post=1008671"}],"curies":[{"name":"wp","href":"https:\/\/api.w.org\/{rel}","templated":true}]}}