{"id":1008707,"date":"2019-10-12T18:18:45","date_gmt":"2019-10-12T15:18:45","guid":{"rendered":"https:\/\/darkamazi.info\/?p=1008707"},"modified":"2019-10-14T13:59:16","modified_gmt":"2019-10-14T10:59:16","slug":"emindara-parta-ayinde-di-reya-qamisloye-de-teteror-kirin","status":"publish","type":"post","link":"https:\/\/darkamazi.info\/archives\/1008707","title":{"rendered":"EM\u00ceNDARA PARTA AY\u0130NDE D\u0130 R\u00caYA QAM\u0130\u015eLOY\u00ca DE T\u00caTEROR K\u0130R\u0130N"},"content":{"rendered":"<h2><strong>Em\u00eendara gi\u015ft\u00ee a parta Ayinde a S\u00fbriy\u00ea, Hevr\u00een Xelef, di boseyeke teror\u00eestin DAI\u015e\u2019\u00ea de li ser r\u00eaya sereke a Qami\u015floy\u00ea hat teror kirin.<\/strong><\/h2>\n<h3>Hat ragihandin ku duh roja Eyn\u00ee 11\/10\/2019an, Hevr\u00een Xelef Em\u00eendara parta Ayinde a S\u00fbriy\u00ea kete boseyeke teror\u00eest\u00ean DAI\u015e\u2019\u00ea li ser r\u00eaya navdewlet\u00ee a bajar\u00ea Qami\u015floy\u00ea li rojava kurdistan\u00ea \u00fb hat teror kirin.<\/h3>\n<h3>Medya h\u00eaz\u00ean S\u00fbriya demokrat\u00eek \u00eero n\u00fb\u00e7eya \u015feh\u00eed kirina &nbsp;Hevr\u00een\u00ea we\u015fandine \u00fb pi\u015ft rast kirine ku ew ji al\u00ea teror\u00eest\u00ean DAI\u015e\u2019\u00ea ve li ser r\u00eaya Qami\u015flo \u00fb Reqay\u00ea hatye teror kirin.<\/h3>\n<h3>Her wiha e\u015fkere kirine ku Hevr\u00een li wexta ku n\u00eeyaza w\u00ea heb\u00fb were bajar\u00ea Qami\u015floy\u00ea, bombeke \u00e7and\u00ee a DAI\u015e\u2019\u00ea bi erebeya w\u00ea de teq\u00eeyaye \u00fb can\u00ee xwe winda kiriye.<\/h3>\n<h3>Hevr\u00een li sala 1983an de hatye dinyay\u00ea li bajar\u00ea D\u00eark\u00ea \u00ea rojava kurdistan\u00ea, d\u00eeya w\u00ea S&#8217;ad Xan p\u00eageheka her\u00ee diyar heb\u00fb \u00fb \u00e7end\u00een caran hevd\u00eetin\u00ean w\u00ea bi serok\u00ea z\u00eendan kir\u00ee \u00ea PKK\u2019\u00ea Ebdulla Ocalan re heb\u00fbne.<\/h3>\n<h3>Ji destp\u00eab\u00fbna \u015for\u015fa gel\u00ea rojava li 19 T\u00eermeha sala 2012an, Hevr\u00een\u00ea be\u015fdar\u00ee a w\u00ea di \u015fore\u015f\u00ea de heb\u00fb, weke \u00e7alakvanek ji bo hi\u015fyar kirina law\u00ean rojava, pi\u015ftre weke \u00e7alakvaneke civaka siv\u00eel derket hol\u00ea, hemwext \u00fb pi\u015ft\u00ee berniyas b\u00fbna w\u00ea, b\u00fb bir\u00eavebra civata ab\u00fbr\u00ee a Qami\u015floy\u00ea.<\/h3>\n<h3>Pi\u015ftre \u00fb li 21 Kan\u00fbna duyem\u00een a sala 2014an \u00fb ragihandina r\u00eaveberiya xweser, Hevr\u00een Xelef weke cihgira bir\u00eaveber\u00ea desteya enerj\u00eey\u00ea li her\u00eama Ciz\u00eer\u00ea teko\u015f\u00eena xwe berdewam kir, pi\u015ftre \u00fb li sala2018an dest bi xebata siyas\u00ee kir \u00fb digel hejmareka kesatiy\u00ean S\u00fbriy\u00ea ji kurd, Ereb Siryan\u00ee parta Ayinede ava kir \u00fb di yekem\u00een kongre de, weke Em\u00eendara w\u00ea part\u00ea hat dest n\u00ee\u015fan kirin.<\/h3>\n","protected":false},"excerpt":{"rendered":"<p>Em\u00eendara gi\u015ft\u00ee a parta Ayinde a S\u00fbriy\u00ea, Hevr\u00een Xelef, di boseyeke teror\u00eestin DAI\u015e\u2019\u00ea de li ser r\u00eaya sereke a Qami\u015floy\u00ea hat teror kirin. Hat ragihandin ku duh roja Eyn\u00ee 11\/10\/2019an, Hevr\u00een Xelef Em\u00eendara parta Ayinde a S\u00fbriy\u00ea kete boseyeke teror\u00eest\u00ean DAI\u015e\u2019\u00ea li ser r\u00eaya navdewlet\u00ee a bajar\u00ea Qami\u015floy\u00ea li rojava kurdistan\u00ea \u00fb hat teror kirin. [&hellip;]<\/p>\n","protected":false},"author":2,"featured_media":1008708,"comment_status":"closed","ping_status":"closed","sticky":false,"template":"","format":"standard","meta":{"footnotes":""},"categories":[29],"tags":[37],"class_list":["post-1008707","post","type-post","status-publish","format-standard","has-post-thumbnail","hentry","category-kurdistan","tag-sereke"],"blocksy_meta":[],"seo_head":"<!-- This site is optimized with the Yoast SEO plugin v27.5 - https:\/\/yoast.com\/product\/yoast-seo-wordpress\/ -->\n<title>EM\u00ceNDARA PARTA AY\u0130NDE D\u0130 R\u00caYA QAM\u0130\u015eLOY\u00ca DE T\u00caTEROR K\u0130R\u0130N - Darka Maz\u00ee<\/title>\n<meta name=\"robots\" content=\"index, follow, max-snippet:-1, max-image-preview:large, max-video-preview:-1\" \/>\n<link rel=\"canonical\" href=\"https:\/\/darkamazi.info\/archives\/1008707\" \/>\n<meta property=\"og:locale\" content=\"en_US\" \/>\n<meta property=\"og:type\" content=\"article\" \/>\n<meta property=\"og:title\" content=\"EM\u00ceNDARA PARTA AY\u0130NDE D\u0130 R\u00caYA QAM\u0130\u015eLOY\u00ca DE T\u00caTEROR K\u0130R\u0130N - Darka Maz\u00ee\" \/>\n<meta property=\"og:description\" content=\"Em\u00eendara gi\u015ft\u00ee a parta Ayinde a S\u00fbriy\u00ea, Hevr\u00een Xelef, di boseyeke teror\u00eestin DAI\u015e\u2019\u00ea de li ser r\u00eaya sereke a Qami\u015floy\u00ea hat teror kirin. Hat ragihandin ku duh roja Eyn\u00ee 11\/10\/2019an, Hevr\u00een Xelef Em\u00eendara parta Ayinde a S\u00fbriy\u00ea kete boseyeke teror\u00eest\u00ean DAI\u015e\u2019\u00ea li ser r\u00eaya navdewlet\u00ee a bajar\u00ea Qami\u015floy\u00ea li rojava kurdistan\u00ea \u00fb hat teror kirin. [&hellip;]\" \/>\n<meta property=\"og:url\" content=\"https:\/\/darkamazi.info\/archives\/1008707\" \/>\n<meta property=\"og:site_name\" content=\"Darka Maz\u00ee\" \/>\n<meta property=\"article:publisher\" content=\"https:\/\/www.facebook.com\/DarMaziKurmanci\" \/>\n<meta property=\"article:published_time\" content=\"2019-10-12T15:18:45+00:00\" \/>\n<meta property=\"article:modified_time\" content=\"2019-10-14T10:59:16+00:00\" \/>\n<meta property=\"og:image\" content=\"https:\/\/darkamazi.info\/file\/2019\/10\/hevrin.jpg\" \/>\n\t<meta property=\"og:image:width\" content=\"640\" \/>\n\t<meta property=\"og:image:height\" content=\"425\" \/>\n\t<meta property=\"og:image:type\" content=\"image\/jpeg\" \/>\n<meta name=\"author\" content=\"darka mazi\" \/>\n<meta name=\"twitter:card\" content=\"summary_large_image\" \/>\n<meta name=\"twitter:creator\" content=\"@DarkaMaziLatini\" \/>\n<meta name=\"twitter:site\" content=\"@DarkaMaziLatini\" \/>\n<meta name=\"twitter:label1\" content=\"Written by\" \/>\n\t<meta name=\"twitter:data1\" content=\"darka mazi\" \/>\n\t<meta name=\"twitter:label2\" content=\"Est. reading time\" \/>\n\t<meta name=\"twitter:data2\" content=\"2 minutes\" \/>\n<script type=\"application\/ld+json\" class=\"seo-schema-graph\">{\"@context\":\"https:\\\/\\\/schema.org\",\"@graph\":[{\"@type\":\"Article\",\"@id\":\"https:\\\/\\\/darkamazi.info\\\/archives\\\/1008707#article\",\"isPartOf\":{\"@id\":\"https:\\\/\\\/darkamazi.info\\\/archives\\\/1008707\"},\"author\":{\"name\":\"darka mazi\",\"@id\":\"https:\\\/\\\/darkamazi.info\\\/#\\\/schema\\\/person\\\/5ad3e24553a0567993fa8ed4bd0a776c\"},\"headline\":\"EM\u00ceNDARA PARTA AY\u0130NDE D\u0130 R\u00caYA QAM\u0130\u015eLOY\u00ca DE T\u00caTEROR K\u0130R\u0130N\",\"datePublished\":\"2019-10-12T15:18:45+00:00\",\"dateModified\":\"2019-10-14T10:59:16+00:00\",\"mainEntityOfPage\":{\"@id\":\"https:\\\/\\\/darkamazi.info\\\/archives\\\/1008707\"},\"wordCount\":333,\"publisher\":{\"@id\":\"https:\\\/\\\/darkamazi.info\\\/#organization\"},\"image\":{\"@id\":\"https:\\\/\\\/darkamazi.info\\\/archives\\\/1008707#primaryimage\"},\"thumbnailUrl\":\"https:\\\/\\\/darkamazi.info\\\/darka-content\\\/uploads\\\/2019\\\/10\\\/hevrin.jpg\",\"keywords\":[\"sereke\"],\"articleSection\":[\"Kurdistan\"],\"inLanguage\":\"en-US\"},{\"@type\":\"WebPage\",\"@id\":\"https:\\\/\\\/darkamazi.info\\\/archives\\\/1008707\",\"url\":\"https:\\\/\\\/darkamazi.info\\\/archives\\\/1008707\",\"name\":\"EM\u00ceNDARA PARTA AY\u0130NDE D\u0130 R\u00caYA QAM\u0130\u015eLOY\u00ca DE T\u00caTEROR K\u0130R\u0130N - Darka Maz\u00ee\",\"isPartOf\":{\"@id\":\"https:\\\/\\\/darkamazi.info\\\/#website\"},\"primaryImageOfPage\":{\"@id\":\"https:\\\/\\\/darkamazi.info\\\/archives\\\/1008707#primaryimage\"},\"image\":{\"@id\":\"https:\\\/\\\/darkamazi.info\\\/archives\\\/1008707#primaryimage\"},\"thumbnailUrl\":\"https:\\\/\\\/darkamazi.info\\\/darka-content\\\/uploads\\\/2019\\\/10\\\/hevrin.jpg\",\"datePublished\":\"2019-10-12T15:18:45+00:00\",\"dateModified\":\"2019-10-14T10:59:16+00:00\",\"breadcrumb\":{\"@id\":\"https:\\\/\\\/darkamazi.info\\\/archives\\\/1008707#breadcrumb\"},\"inLanguage\":\"en-US\",\"potentialAction\":[{\"@type\":\"ReadAction\",\"target\":[\"https:\\\/\\\/darkamazi.info\\\/archives\\\/1008707\"]}]},{\"@type\":\"ImageObject\",\"inLanguage\":\"en-US\",\"@id\":\"https:\\\/\\\/darkamazi.info\\\/archives\\\/1008707#primaryimage\",\"url\":\"https:\\\/\\\/darkamazi.info\\\/darka-content\\\/uploads\\\/2019\\\/10\\\/hevrin.jpg\",\"contentUrl\":\"https:\\\/\\\/darkamazi.info\\\/darka-content\\\/uploads\\\/2019\\\/10\\\/hevrin.jpg\",\"width\":640,\"height\":425,\"caption\":\"EM\u00ceNDARA PARTA AYINDE DI R\u00caYA QAMI\u015eLOY\u00ca DE T\u00caTEROR KIRIN\"},{\"@type\":\"BreadcrumbList\",\"@id\":\"https:\\\/\\\/darkamazi.info\\\/archives\\\/1008707#breadcrumb\",\"itemListElement\":[{\"@type\":\"ListItem\",\"position\":1,\"name\":\"Home\",\"item\":\"https:\\\/\\\/darkamazi.info\\\/\"},{\"@type\":\"ListItem\",\"position\":2,\"name\":\"EM\u00ceNDARA PARTA AY\u0130NDE D\u0130 R\u00caYA QAM\u0130\u015eLOY\u00ca DE T\u00caTEROR K\u0130R\u0130N\"}]},{\"@type\":\"WebSite\",\"@id\":\"https:\\\/\\\/darkamazi.info\\\/#website\",\"url\":\"https:\\\/\\\/darkamazi.info\\\/\",\"name\":\"Darka Maz\u00ee\",\"description\":\"P\u00eageha Zanyariy\u00ean Nebih\u00eest\u00ee\",\"publisher\":{\"@id\":\"https:\\\/\\\/darkamazi.info\\\/#organization\"},\"potentialAction\":[{\"@type\":\"SearchAction\",\"target\":{\"@type\":\"EntryPoint\",\"urlTemplate\":\"https:\\\/\\\/darkamazi.info\\\/?s={search_term_string}\"},\"query-input\":{\"@type\":\"PropertyValueSpecification\",\"valueRequired\":true,\"valueName\":\"search_term_string\"}}],\"inLanguage\":\"en-US\"},{\"@type\":\"Organization\",\"@id\":\"https:\\\/\\\/darkamazi.info\\\/#organization\",\"name\":\"Darka Maz\u00ee\",\"url\":\"https:\\\/\\\/darkamazi.info\\\/\",\"logo\":{\"@type\":\"ImageObject\",\"inLanguage\":\"en-US\",\"@id\":\"https:\\\/\\\/darkamazi.info\\\/#\\\/schema\\\/logo\\\/image\\\/\",\"url\":\"https:\\\/\\\/darkamazi.info\\\/darka-content\\\/uploads\\\/2017\\\/12\\\/darka-mazi-logo.png\",\"contentUrl\":\"https:\\\/\\\/darkamazi.info\\\/darka-content\\\/uploads\\\/2017\\\/12\\\/darka-mazi-logo.png\",\"width\":151,\"height\":75,\"caption\":\"Darka Maz\u00ee\"},\"image\":{\"@id\":\"https:\\\/\\\/darkamazi.info\\\/#\\\/schema\\\/logo\\\/image\\\/\"},\"sameAs\":[\"https:\\\/\\\/www.facebook.com\\\/DarMaziKurmanci\",\"https:\\\/\\\/x.com\\\/DarkaMaziLatini\",\"https:\\\/\\\/www.instagram.com\\\/darkamazi.kurmanci\\\/\",\"https:\\\/\\\/www.youtube.com\\\/channel\\\/UCa5HkTdmI8U1qCUFuTw8B2g\"]},{\"@type\":\"Person\",\"@id\":\"https:\\\/\\\/darkamazi.info\\\/#\\\/schema\\\/person\\\/5ad3e24553a0567993fa8ed4bd0a776c\",\"name\":\"darka mazi\",\"sameAs\":[\"https:\\\/\\\/darkamazi.info\\\/\"],\"url\":\"https:\\\/\\\/darkamazi.info\\\/archives\\\/author\\\/kurdi\"}]}<\/script>\n<!-- \/ Yoast SEO plugin. -->","seo_head_json":{"title":"EM\u00ceNDARA PARTA AY\u0130NDE D\u0130 R\u00caYA QAM\u0130\u015eLOY\u00ca DE T\u00caTEROR K\u0130R\u0130N - Darka Maz\u00ee","robots":{"index":"index","follow":"follow","max-snippet":"max-snippet:-1","max-image-preview":"max-image-preview:large","max-video-preview":"max-video-preview:-1"},"canonical":"https:\/\/darkamazi.info\/archives\/1008707","og_locale":"en_US","og_type":"article","og_title":"EM\u00ceNDARA PARTA AY\u0130NDE D\u0130 R\u00caYA QAM\u0130\u015eLOY\u00ca DE T\u00caTEROR K\u0130R\u0130N - Darka Maz\u00ee","og_description":"Em\u00eendara gi\u015ft\u00ee a parta Ayinde a S\u00fbriy\u00ea, Hevr\u00een Xelef, di boseyeke teror\u00eestin DAI\u015e\u2019\u00ea de li ser r\u00eaya sereke a Qami\u015floy\u00ea hat teror kirin. Hat ragihandin ku duh roja Eyn\u00ee 11\/10\/2019an, Hevr\u00een Xelef Em\u00eendara parta Ayinde a S\u00fbriy\u00ea kete boseyeke teror\u00eest\u00ean DAI\u015e\u2019\u00ea li ser r\u00eaya navdewlet\u00ee a bajar\u00ea Qami\u015floy\u00ea li rojava kurdistan\u00ea \u00fb hat teror kirin. [&hellip;]","og_url":"https:\/\/darkamazi.info\/archives\/1008707","og_site_name":"Darka Maz\u00ee","article_publisher":"https:\/\/www.facebook.com\/DarMaziKurmanci","article_published_time":"2019-10-12T15:18:45+00:00","article_modified_time":"2019-10-14T10:59:16+00:00","og_image":[{"width":640,"height":425,"url":"https:\/\/darkamazi.info\/file\/2019\/10\/hevrin.jpg","type":"image\/jpeg"}],"author":"darka mazi","twitter_card":"summary_large_image","twitter_creator":"@DarkaMaziLatini","twitter_site":"@DarkaMaziLatini","twitter_misc":{"Written by":"darka mazi","Est. reading time":"2 minutes"},"schema":{"@context":"https:\/\/schema.org","@graph":[{"@type":"Article","@id":"https:\/\/darkamazi.info\/archives\/1008707#article","isPartOf":{"@id":"https:\/\/darkamazi.info\/archives\/1008707"},"author":{"name":"darka mazi","@id":"https:\/\/darkamazi.info\/#\/schema\/person\/5ad3e24553a0567993fa8ed4bd0a776c"},"headline":"EM\u00ceNDARA PARTA AY\u0130NDE D\u0130 R\u00caYA QAM\u0130\u015eLOY\u00ca DE T\u00caTEROR K\u0130R\u0130N","datePublished":"2019-10-12T15:18:45+00:00","dateModified":"2019-10-14T10:59:16+00:00","mainEntityOfPage":{"@id":"https:\/\/darkamazi.info\/archives\/1008707"},"wordCount":333,"publisher":{"@id":"https:\/\/darkamazi.info\/#organization"},"image":{"@id":"https:\/\/darkamazi.info\/archives\/1008707#primaryimage"},"thumbnailUrl":"https:\/\/darkamazi.info\/file\/2019\/10\/hevrin.jpg","keywords":["sereke"],"articleSection":["Kurdistan"],"inLanguage":"en-US"},{"@type":"WebPage","@id":"https:\/\/darkamazi.info\/archives\/1008707","url":"https:\/\/darkamazi.info\/archives\/1008707","name":"EM\u00ceNDARA PARTA AY\u0130NDE D\u0130 R\u00caYA QAM\u0130\u015eLOY\u00ca DE T\u00caTEROR K\u0130R\u0130N - Darka Maz\u00ee","isPartOf":{"@id":"https:\/\/darkamazi.info\/#website"},"primaryImageOfPage":{"@id":"https:\/\/darkamazi.info\/archives\/1008707#primaryimage"},"image":{"@id":"https:\/\/darkamazi.info\/archives\/1008707#primaryimage"},"thumbnailUrl":"https:\/\/darkamazi.info\/file\/2019\/10\/hevrin.jpg","datePublished":"2019-10-12T15:18:45+00:00","dateModified":"2019-10-14T10:59:16+00:00","breadcrumb":{"@id":"https:\/\/darkamazi.info\/archives\/1008707#breadcrumb"},"inLanguage":"en-US","potentialAction":[{"@type":"ReadAction","target":["https:\/\/darkamazi.info\/archives\/1008707"]}]},{"@type":"ImageObject","inLanguage":"en-US","@id":"https:\/\/darkamazi.info\/archives\/1008707#primaryimage","url":"https:\/\/darkamazi.info\/file\/2019\/10\/hevrin.jpg","contentUrl":"https:\/\/darkamazi.info\/file\/2019\/10\/hevrin.jpg","width":640,"height":425,"caption":"EM\u00ceNDARA PARTA AYINDE DI R\u00caYA QAMI\u015eLOY\u00ca DE T\u00caTEROR KIRIN"},{"@type":"BreadcrumbList","@id":"https:\/\/darkamazi.info\/archives\/1008707#breadcrumb","itemListElement":[{"@type":"ListItem","position":1,"name":"Home","item":"https:\/\/darkamazi.info\/"},{"@type":"ListItem","position":2,"name":"EM\u00ceNDARA PARTA AY\u0130NDE D\u0130 R\u00caYA QAM\u0130\u015eLOY\u00ca DE T\u00caTEROR K\u0130R\u0130N"}]},{"@type":"WebSite","@id":"https:\/\/darkamazi.info\/#website","url":"https:\/\/darkamazi.info\/","name":"Darka Maz\u00ee","description":"P\u00eageha Zanyariy\u00ean Nebih\u00eest\u00ee","publisher":{"@id":"https:\/\/darkamazi.info\/#organization"},"potentialAction":[{"@type":"SearchAction","target":{"@type":"EntryPoint","urlTemplate":"https:\/\/darkamazi.info\/?s={search_term_string}"},"query-input":{"@type":"PropertyValueSpecification","valueRequired":true,"valueName":"search_term_string"}}],"inLanguage":"en-US"},{"@type":"Organization","@id":"https:\/\/darkamazi.info\/#organization","name":"Darka Maz\u00ee","url":"https:\/\/darkamazi.info\/","logo":{"@type":"ImageObject","inLanguage":"en-US","@id":"https:\/\/darkamazi.info\/#\/schema\/logo\/image\/","url":"https:\/\/darkamazi.info\/file\/2017\/12\/darka-mazi-logo.png","contentUrl":"https:\/\/darkamazi.info\/file\/2017\/12\/darka-mazi-logo.png","width":151,"height":75,"caption":"Darka Maz\u00ee"},"image":{"@id":"https:\/\/darkamazi.info\/#\/schema\/logo\/image\/"},"sameAs":["https:\/\/www.facebook.com\/DarMaziKurmanci","https:\/\/x.com\/DarkaMaziLatini","https:\/\/www.instagram.com\/darkamazi.kurmanci\/","https:\/\/www.youtube.com\/channel\/UCa5HkTdmI8U1qCUFuTw8B2g"]},{"@type":"Person","@id":"https:\/\/darkamazi.info\/#\/schema\/person\/5ad3e24553a0567993fa8ed4bd0a776c","name":"darka mazi","sameAs":["https:\/\/darkamazi.info\/"],"url":"https:\/\/darkamazi.info\/archives\/author\/kurdi"}]}},"_links":{"self":[{"href":"https:\/\/darkamazi.info\/funavuv\/wp\/v2\/posts\/1008707","targetHints":{"allow":["GET"]}}],"collection":[{"href":"https:\/\/darkamazi.info\/funavuv\/wp\/v2\/posts"}],"about":[{"href":"https:\/\/darkamazi.info\/funavuv\/wp\/v2\/types\/post"}],"author":[{"embeddable":true,"href":"https:\/\/darkamazi.info\/funavuv\/wp\/v2\/users\/2"}],"replies":[{"embeddable":true,"href":"https:\/\/darkamazi.info\/funavuv\/wp\/v2\/comments?post=1008707"}],"version-history":[{"count":0,"href":"https:\/\/darkamazi.info\/funavuv\/wp\/v2\/posts\/1008707\/revisions"}],"wp:featuredmedia":[{"embeddable":true,"href":"https:\/\/darkamazi.info\/funavuv\/wp\/v2\/media\/1008708"}],"wp:attachment":[{"href":"https:\/\/darkamazi.info\/funavuv\/wp\/v2\/media?parent=1008707"}],"wp:term":[{"taxonomy":"category","embeddable":true,"href":"https:\/\/darkamazi.info\/funavuv\/wp\/v2\/categories?post=1008707"},{"taxonomy":"post_tag","embeddable":true,"href":"https:\/\/darkamazi.info\/funavuv\/wp\/v2\/tags?post=1008707"}],"curies":[{"name":"wp","href":"https:\/\/api.w.org\/{rel}","templated":true}]}}