{"id":1008882,"date":"2019-10-16T00:17:44","date_gmt":"2019-10-15T21:17:44","guid":{"rendered":"https:\/\/darkamazi.info\/?p=1008882"},"modified":"2019-10-16T00:17:44","modified_gmt":"2019-10-15T21:17:44","slug":"kalfamen-ynke-li-16e-oktobere-bune-destkes-ji-dagirkaran-re","status":"publish","type":"post","link":"https:\/\/darkamazi.info\/archives\/1008882","title":{"rendered":"KALFAM\u00caN YNK\u2019\u00ca L\u0130 16\u00ca OKTOBER\u00ca B\u00dbNE DESTK\u00ca\u015e J\u0130 DAG\u00ceRKARAN RE"},"content":{"rendered":"<h2><strong>&#8220;\u00e7end kes\u00ean lader ji r\u00eabaza YNK\u2019\u00ea b\u00eay ku li serkirdatiya part\u00eeya me vegerin, di wan b\u00fbyeran de \u00fb bi mebesta \u00e7end destkeft\u00ean demk\u00ee \u00fb kesok\u00ee, b\u00fbn al\u00eekar \u00fb destk\u00ea\u015f ji dag\u00eerkaran re \u00fb bi v\u00ee kar\u00ea qir\u00eaj \u00fb gemar xwe xistin nav r\u00fbpel\u00ean re\u015f \u00ean d\u00eeroka gel\u00ea me&#8221;.<\/strong><\/h2>\n<h3>Ten\u00ea 2 roj li ser b\u00fbyera \u00eexaneta 16\u00ee Oktobera 2017an de berbas bib\u00fbn, wexta ku Kosret Res\u00fbl \u00ea Cihgir\u00ea yekem\u00ea Sekreter\u00ea yek\u00eetiya ni\u015ft\u00eeman\u00ee, girupeke diyar \u00ea nava parta xwe bi ji dest \u00e7\u00fbna 51% a xaka kurdistan\u00ea s\u00fb\u00e7bar kr\u00ee, Kosret Res\u00fbl ev kes bi \u201cKALFAM\u201d nav kirin.<\/h3>\n<h3>Kosret Res\u00fbl li 18\/10\/2017an peyamek li derbara rew\u015fa Kerk\u00fbk\u00ea we\u015fand \u00fb t\u00eade bi zelal got: &#8220;hinek kes\u00ean lader ji r\u00eabaza YNK\u2019\u00ea b\u00eay ku li serkirdatiya part\u00eeya me vegerin, bi mebesta hinek destkeft\u00ean demk\u00ee \u00fb kesok\u00ee, b\u00fbn al\u00eekar \u00fb destk\u00ea\u015f\u00ean dag\u00eerkaran \u00fb bi v\u00ee kar\u00ea xwe y\u00ea qir\u00eaj xwe xistin nav r\u00fbpel\u00ean re\u015f \u00ean d\u00eeroka gel\u00ea me \u00fb berpirsyariya karesat\u00ean Kerk\u00fbk \u00fb Duz \u00fb hem\u00fb z\u00eeyan\u00ean can\u00ee \u00fb mad\u00ee \u00fb menew\u00ee \u00ean gel\u00ea me dikeve stoy\u00ea wan kes\u00ean nezan di nav stoy\u00ea de.&#8221;<\/h3>\n<h2><strong>Tekista Peyama Kosret Res\u00fbl<\/strong><\/h2>\n<h3>Cemawer\u00ean dilsoz \u00fb xweragir\u00ean xelk\u00ea Kurdistan\u00ea<\/h3>\n<h3>Malbat\u00ean serbilind \u00ean \u015feh\u00eed\u00ean P\u00ea\u015fmerg\u00ean qareman \u00fb canf\u00eeday\u00ean kurdatiy\u00ea<\/h3>\n<h3>Li cem hemiyan e\u015fkere ye ku agir\u00ea xebata gel\u00ea me bi d\u00eeroka dehan sal ji temen\u00ea xwe, ji bo bidestan\u00eena jiyaneke azad \u00fb \u015ferefmendane, bi berdewam\u00ee hilor maye \u00fb nif\u015f li pey nif\u015f peyama xwe ya p\u00eeroz gihandiye, heya ku \u00eero gihi\u015ftiye dest\u00ea me, ji bo w\u00ea merem\u00ea j\u00ee \u00e7end\u00een serkirdey\u00ean ciwam\u00ear \u00fb dehan hezar law \u00fb m\u00earxasan xwe kirin qurban\u00ee \u00fb bi serbilind\u00ee r\u00fbpel\u00ean d\u00eerok\u00ea niv\u00eesandin.<\/h3>\n<h3>Heya ast\u00ea b\u00eahtir\u00ee s\u00ea salan gel\u00ea Kurdistan, li \u015f\u00fbna hem\u00fb azad\u00eexwazan \u00fb mirovdost\u00ean c\u00eehan\u00ea li beramber\u00ee hovtir\u00een gr\u00fbpa teror\u00eest\u00ee rawestiya \u00fb daw\u00ee li pilana w\u00ea gir\u00fbp\u00ea an\u00ee ku dixwest p\u00eavajoya d\u00eerok\u00ea rawest\u00eene \u00fb me veger\u00eene serdema kevir\u00ee \u00fb cahil\u00ee.<\/h3>\n<h3>Niha j\u00ee di dema ku nav \u00fb deng\u00ea ciwam\u00earane y\u00ea P\u00ea\u015fmerg\u00ean Kurdistan bi ciwan\u00ee ketiye guh\u00ea tevahiya mirovdost \u00fb azad\u00eexwaz\u00ean c\u00eehan\u00ea de \u00fb kes nemaye di v\u00ea c\u00eehana fireh de ku nav\u00ea p\u00eeroz \u00ea P\u00ea\u015fmerge nehatibe ser ziman\u00ea w\u00ee, gel\u00ea Kurdistan li bend\u00ee w\u00ea yek\u00ea b\u00fb ku civaka navdewlet\u00ee \u00fb dost \u00fb hevpeyman\u00ean me li c\u00eehan\u00ea \u00fb nav\u00e7ey\u00ea, ji bo avakirina p\u00ea\u015ferojeke ge\u015ftir ji bo nif\u015f\u00ean me y\u00ean dahat\u00ee, guhdariya me bikin \u00fb r\u00eaz\u00ea li \u00eerada milet\u00ea me bigirin, l\u00ea mixabin li \u015f\u00fbna w\u00ea yek\u00ea, em rast\u00ee hevkariyeke berfireh kirin \u00fb careke din ew rast\u00ee pi\u015ftrast kirin ku ( Ji bil\u00ee \u00e7iyay\u00ean Kurdistan\u00ea dost\u00ean netewa Kurd tine ne)<\/h3>\n<h3>Hi\u015ftina gel\u00ea me bi ten\u00ea li ber \u00ear\u00ee\u015fa m\u00eel\u00ee\u015fya He\u015fda \u015eeib\u00ee \u00fb yek\u00eeney\u00ean art\u00ea\u015fa\u00a0 Iraq \u00fb b\u00fbyer\u00ean \u00e7end roj\u00ean derbasb\u00fby\u00ee li Kerk\u00fbk\u00ea \u00fb nav\u00e7ey\u00ean din y\u00ean Kurdistan\u00ee \u00fb komkujiya li dij\u00ee welatiy\u00ean Kurd li bajar\u00ea Duzxurmat\u00fb \u00fb cih\u00ean din \u00fb derxisitna wan ji bo kolanan \u00fb \u015fewitandina mal \u00fb milk\u00ean wan \u00fb talankirina saman\u00ean wan, ten\u00ea wek destp\u00eakirina enfalkirineke n\u00fb li dij\u00ee Kurdan li ser axa bav \u00fb bap\u00eer\u00ean wan t\u00ea xwendin nek ti\u015ftek\u00ee din e. L\u00ea ti\u015ft\u00ea ku bir\u00een\u00ea k\u00fbrtir dike ew e ku \u00e7end kes\u00ean lader ji r\u00eabaza YNK b\u00eay\u00ee ku li serkirdatiya partiya me vegerin, di wan b\u00fbyeran de \u00fb bi mebesta \u00e7end destket\u00ean kat\u00ee \u00fb \u015fexs\u00ee, b\u00fbn al\u00eekar \u00fb destk\u00ea\u015f ji dag\u00eerkeran re \u00fb bi v\u00ee kar\u00ea qir\u00eaj \u00fb gemar xwe xistin nav r\u00fbpel\u00ean re\u015f y\u00ean d\u00eeroka gel\u00ea me.<\/h3>\n<h3><img loading=\"lazy\" decoding=\"async\" width=\"780\" height=\"438\" class=\"alignleft darka-image-1008884 size-full\" src=\"https:\/\/darkamazi.info\/file\/2019\/10\/16-Oct-Kusret-Resul-2.jpg\" alt=\"KALFAM\u00caN YNK\u2019\u00ca L\u0130 16\u00ca OKTOBER\u00ca B\u00dbNE DESTK\u00ca\u015e J\u0130 DAG\u00ceRKARAN RE\" srcset=\"https:\/\/darkamazi.info\/file\/2019\/10\/16-Oct-Kusret-Resul-2.jpg 780w, https:\/\/darkamazi.info\/file\/2019\/10\/16-Oct-Kusret-Resul-2-300x168.jpg 300w, https:\/\/darkamazi.info\/file\/2019\/10\/16-Oct-Kusret-Resul-2-768x431.jpg 768w\" sizes=\"auto, (max-width: 780px) 100vw, 780px\" \/><\/h3>\n<h3>Dilsoz \u00fb xemxur\u00ean kurdatiy\u00ea, bi \u015fahidb\u00fbna hem\u00fb aliyan, me bi xwe hem\u00fb ti\u015ft\u00ea bi dest me hat, ji bo parastina ser \u00fb mal\u00ean welatiyan \u00fb axa p\u00eeroz a Kurdistan li Kerk\u00fbk \u00fb cih\u00ean din \u00fb bi ermanca jidestnedana destkeft\u00ean stirat\u00eej\u00ee y\u00ean gel\u00ea Kurdistan\u00ea me kir \u00fb em pa\u015fde veneki\u015fiyan, l\u00ea diyar e ji bil\u00ee hevkariya derve, newekheviya h\u00eaz\u00ea \u00fb rola necam\u00earane ya destre\u015f\u00ean navxwe, b\u00fb sedema valakirina be\u015fek\u00ee bi bandor ji sengeran \u00fb valakirina pi\u015fta h\u00eaz\u00ean me di xizmeta dujmin de, hi\u015ft ku v\u00ea car\u00ea j\u00ee encamp nekevin xizmeta armanc\u00ean me y\u00ean netew\u00ee \u00fb hi\u015ft ku be\u015fek\u00ee giring ji destkeft\u00ean gel\u00ea Kurd jidest bi\u00e7e.<\/h3>\n<h3>Tev\u00ee hem\u00fb ti\u015ft\u00ee \u00fb tev\u00ee ku ziyan di war\u00ea jidestdana destkeft\u00ean netew\u00ee gellek\u00ee mezin in, karesat\u00ean Kerk\u00fbk \u00fb Duz \u00fb hem\u00fb ziyan\u00ean can\u00ee \u00fb mad\u00ee \u00fb manew\u00ee y\u00ean gel\u00ea me, dikevin stiw\u00ea wan nezan\u00ean di nav Yek\u00eet\u00ee de, l\u00ea ev ne dawiya r\u00ea ye \u00fb \u00eerada azad\u00eexwazane ya gel\u00ea Kurd, li gel van cor\u00ean ketinan na\u015fik\u00ea, lewma rab\u00fbn \u00fb p\u00ea\u015fve\u00e7\u00fbn ne karek\u00ee zehmet e, em j\u00ee ji bo wan amancan her dem P\u00ea\u015fmerg\u00ean dilsoz\u00ean r\u00eabaza \u015feh\u00eedan in \u00fb morale me, morale roj\u00ean giran \u00fb roj\u00ean xebat\u00ea ne \u00fb ji her dem\u00ea b\u00eatir em\u00ea ces\u00fbranetir \u00fb dilsozanetir \u00fb bi b\u00eer \u00fb baweriyeke firehtir em\u00ea bi erk\u00ea d\u00eerok\u00ee rabin, ku xebata gel\u00ea me \u00fb xw\u00eena \u015feh\u00eed\u00ean me ku bi neheq\u00ee hatiye rijandin, w\u00ee erk\u00ee li ser mile me dat\u00eene.<\/h3>\n<h3>Li vir j\u00ee ez banga tevahiya h\u00eaz \u00fb aliy\u00ean siyas\u00ee y\u00ean Kurdistan\u00ee dikim, bi z\u00fbtir\u00een dem himmet\u00ea bikin \u00fb navmala xwe r\u00eakbixin \u00fb ibret\u00ea ji b\u00fbyeran werbigrin, yekr\u00eaziya gel\u00ea me bipar\u00eazin \u00fb w\u00ea yekr\u00eaziy\u00ea bih\u00eaz bikin, ji ber ku ten\u00ea \u00fb ten\u00ea ew riya tekane ya xebat \u00fb Kurdatiy\u00ea ye.<\/h3>\n<h3>Silav ji bo can\u00ea pak y\u00ea \u015feh\u00eed\u00ean Kurd \u00fb Kurdistan, silav li P\u00ea\u015fmerg\u00ean qareman, bij\u00ee Kurd, bij\u00ee Kurdistan<\/h3>\n<h3>C\u00eegir\u00ea Sikirt\u00ear\u00ea Gi\u015ft\u00ee y\u00ea Yek\u00eet\u00ee Ni\u015ftiman\u00ee Kurdistan<\/h3>\n<h2><strong> Kosret Res\u00fbl El\u00ee<\/strong><\/h2>\n<h3><strong>18\/10\/2017<\/strong><\/h3>\n<h3><\/h3>\n","protected":false},"excerpt":{"rendered":"<p>&#8220;\u00e7end kes\u00ean lader ji r\u00eabaza YNK\u2019\u00ea b\u00eay ku li serkirdatiya part\u00eeya me vegerin, di wan b\u00fbyeran de \u00fb bi mebesta \u00e7end destkeft\u00ean demk\u00ee \u00fb kesok\u00ee, b\u00fbn al\u00eekar \u00fb destk\u00ea\u015f ji dag\u00eerkaran re \u00fb bi v\u00ee kar\u00ea qir\u00eaj \u00fb gemar xwe xistin nav r\u00fbpel\u00ean re\u015f \u00ean d\u00eeroka gel\u00ea me&#8221;. Ten\u00ea 2 roj li ser b\u00fbyera \u00eexaneta [&hellip;]<\/p>\n","protected":false},"author":2,"featured_media":1008883,"comment_status":"closed","ping_status":"closed","sticky":false,"template":"","format":"standard","meta":{"footnotes":""},"categories":[29],"tags":[37],"class_list":["post-1008882","post","type-post","status-publish","format-standard","has-post-thumbnail","hentry","category-kurdistan","tag-sereke"],"blocksy_meta":[],"seo_head":"<!-- This site is optimized with the Yoast SEO plugin v27.5 - https:\/\/yoast.com\/product\/yoast-seo-wordpress\/ -->\n<title>KALFAM\u00caN YNK\u2019\u00ca L\u0130 16\u00ca OKTOBER\u00ca B\u00dbNE DESTK\u00ca\u015e J\u0130 DAG\u00ceRKARAN RE - Darka Maz\u00ee<\/title>\n<meta name=\"robots\" content=\"index, follow, max-snippet:-1, max-image-preview:large, max-video-preview:-1\" \/>\n<link rel=\"canonical\" href=\"https:\/\/darkamazi.info\/archives\/1008882\" \/>\n<meta property=\"og:locale\" content=\"en_US\" \/>\n<meta property=\"og:type\" content=\"article\" \/>\n<meta property=\"og:title\" content=\"KALFAM\u00caN YNK\u2019\u00ca L\u0130 16\u00ca OKTOBER\u00ca B\u00dbNE DESTK\u00ca\u015e J\u0130 DAG\u00ceRKARAN RE - Darka Maz\u00ee\" \/>\n<meta property=\"og:description\" content=\"&#8220;\u00e7end kes\u00ean lader ji r\u00eabaza YNK\u2019\u00ea b\u00eay ku li serkirdatiya part\u00eeya me vegerin, di wan b\u00fbyeran de \u00fb bi mebesta \u00e7end destkeft\u00ean demk\u00ee \u00fb kesok\u00ee, b\u00fbn al\u00eekar \u00fb destk\u00ea\u015f ji dag\u00eerkaran re \u00fb bi v\u00ee kar\u00ea qir\u00eaj \u00fb gemar xwe xistin nav r\u00fbpel\u00ean re\u015f \u00ean d\u00eeroka gel\u00ea me&#8221;. Ten\u00ea 2 roj li ser b\u00fbyera \u00eexaneta [&hellip;]\" \/>\n<meta property=\"og:url\" content=\"https:\/\/darkamazi.info\/archives\/1008882\" \/>\n<meta property=\"og:site_name\" content=\"Darka Maz\u00ee\" \/>\n<meta property=\"article:publisher\" content=\"https:\/\/www.facebook.com\/DarMaziKurmanci\" \/>\n<meta property=\"article:published_time\" content=\"2019-10-15T21:17:44+00:00\" \/>\n<meta property=\"og:image\" content=\"https:\/\/darkamazi.info\/file\/2019\/10\/16-Oct-Kusret-Resul.jpg\" \/>\n\t<meta property=\"og:image:width\" content=\"768\" \/>\n\t<meta property=\"og:image:height\" content=\"432\" \/>\n\t<meta property=\"og:image:type\" content=\"image\/jpeg\" \/>\n<meta name=\"author\" content=\"darka mazi\" \/>\n<meta name=\"twitter:card\" content=\"summary_large_image\" \/>\n<meta name=\"twitter:creator\" content=\"@DarkaMaziLatini\" \/>\n<meta name=\"twitter:site\" content=\"@DarkaMaziLatini\" \/>\n<meta name=\"twitter:label1\" content=\"Written by\" \/>\n\t<meta name=\"twitter:data1\" content=\"darka mazi\" \/>\n\t<meta name=\"twitter:label2\" content=\"Est. reading time\" \/>\n\t<meta name=\"twitter:data2\" content=\"5 minutes\" \/>\n<script type=\"application\/ld+json\" class=\"seo-schema-graph\">{\"@context\":\"https:\\\/\\\/schema.org\",\"@graph\":[{\"@type\":\"Article\",\"@id\":\"https:\\\/\\\/darkamazi.info\\\/archives\\\/1008882#article\",\"isPartOf\":{\"@id\":\"https:\\\/\\\/darkamazi.info\\\/archives\\\/1008882\"},\"author\":{\"name\":\"darka mazi\",\"@id\":\"https:\\\/\\\/darkamazi.info\\\/#\\\/schema\\\/person\\\/5ad3e24553a0567993fa8ed4bd0a776c\"},\"headline\":\"KALFAM\u00caN YNK\u2019\u00ca L\u0130 16\u00ca OKTOBER\u00ca B\u00dbNE DESTK\u00ca\u015e J\u0130 DAG\u00ceRKARAN RE\",\"datePublished\":\"2019-10-15T21:17:44+00:00\",\"mainEntityOfPage\":{\"@id\":\"https:\\\/\\\/darkamazi.info\\\/archives\\\/1008882\"},\"wordCount\":994,\"publisher\":{\"@id\":\"https:\\\/\\\/darkamazi.info\\\/#organization\"},\"image\":{\"@id\":\"https:\\\/\\\/darkamazi.info\\\/archives\\\/1008882#primaryimage\"},\"thumbnailUrl\":\"https:\\\/\\\/darkamazi.info\\\/darka-content\\\/uploads\\\/2019\\\/10\\\/16-Oct-Kusret-Resul.jpg\",\"keywords\":[\"sereke\"],\"articleSection\":[\"Kurdistan\"],\"inLanguage\":\"en-US\"},{\"@type\":\"WebPage\",\"@id\":\"https:\\\/\\\/darkamazi.info\\\/archives\\\/1008882\",\"url\":\"https:\\\/\\\/darkamazi.info\\\/archives\\\/1008882\",\"name\":\"KALFAM\u00caN YNK\u2019\u00ca L\u0130 16\u00ca OKTOBER\u00ca B\u00dbNE DESTK\u00ca\u015e J\u0130 DAG\u00ceRKARAN RE - Darka Maz\u00ee\",\"isPartOf\":{\"@id\":\"https:\\\/\\\/darkamazi.info\\\/#website\"},\"primaryImageOfPage\":{\"@id\":\"https:\\\/\\\/darkamazi.info\\\/archives\\\/1008882#primaryimage\"},\"image\":{\"@id\":\"https:\\\/\\\/darkamazi.info\\\/archives\\\/1008882#primaryimage\"},\"thumbnailUrl\":\"https:\\\/\\\/darkamazi.info\\\/darka-content\\\/uploads\\\/2019\\\/10\\\/16-Oct-Kusret-Resul.jpg\",\"datePublished\":\"2019-10-15T21:17:44+00:00\",\"breadcrumb\":{\"@id\":\"https:\\\/\\\/darkamazi.info\\\/archives\\\/1008882#breadcrumb\"},\"inLanguage\":\"en-US\",\"potentialAction\":[{\"@type\":\"ReadAction\",\"target\":[\"https:\\\/\\\/darkamazi.info\\\/archives\\\/1008882\"]}]},{\"@type\":\"ImageObject\",\"inLanguage\":\"en-US\",\"@id\":\"https:\\\/\\\/darkamazi.info\\\/archives\\\/1008882#primaryimage\",\"url\":\"https:\\\/\\\/darkamazi.info\\\/darka-content\\\/uploads\\\/2019\\\/10\\\/16-Oct-Kusret-Resul.jpg\",\"contentUrl\":\"https:\\\/\\\/darkamazi.info\\\/darka-content\\\/uploads\\\/2019\\\/10\\\/16-Oct-Kusret-Resul.jpg\",\"width\":768,\"height\":432,\"caption\":\"KALFAM\u00caN YNK\u2019\u00ca L\u0130 16\u00ca OKTOBER\u00ca B\u00dbNE DESTK\u00ca\u015e J\u0130 DAG\u00ceRKARAN RE\"},{\"@type\":\"BreadcrumbList\",\"@id\":\"https:\\\/\\\/darkamazi.info\\\/archives\\\/1008882#breadcrumb\",\"itemListElement\":[{\"@type\":\"ListItem\",\"position\":1,\"name\":\"Home\",\"item\":\"https:\\\/\\\/darkamazi.info\\\/\"},{\"@type\":\"ListItem\",\"position\":2,\"name\":\"KALFAM\u00caN YNK\u2019\u00ca L\u0130 16\u00ca OKTOBER\u00ca B\u00dbNE DESTK\u00ca\u015e J\u0130 DAG\u00ceRKARAN RE\"}]},{\"@type\":\"WebSite\",\"@id\":\"https:\\\/\\\/darkamazi.info\\\/#website\",\"url\":\"https:\\\/\\\/darkamazi.info\\\/\",\"name\":\"Darka Maz\u00ee\",\"description\":\"P\u00eageha Zanyariy\u00ean Nebih\u00eest\u00ee\",\"publisher\":{\"@id\":\"https:\\\/\\\/darkamazi.info\\\/#organization\"},\"potentialAction\":[{\"@type\":\"SearchAction\",\"target\":{\"@type\":\"EntryPoint\",\"urlTemplate\":\"https:\\\/\\\/darkamazi.info\\\/?s={search_term_string}\"},\"query-input\":{\"@type\":\"PropertyValueSpecification\",\"valueRequired\":true,\"valueName\":\"search_term_string\"}}],\"inLanguage\":\"en-US\"},{\"@type\":\"Organization\",\"@id\":\"https:\\\/\\\/darkamazi.info\\\/#organization\",\"name\":\"Darka Maz\u00ee\",\"url\":\"https:\\\/\\\/darkamazi.info\\\/\",\"logo\":{\"@type\":\"ImageObject\",\"inLanguage\":\"en-US\",\"@id\":\"https:\\\/\\\/darkamazi.info\\\/#\\\/schema\\\/logo\\\/image\\\/\",\"url\":\"https:\\\/\\\/darkamazi.info\\\/darka-content\\\/uploads\\\/2017\\\/12\\\/darka-mazi-logo.png\",\"contentUrl\":\"https:\\\/\\\/darkamazi.info\\\/darka-content\\\/uploads\\\/2017\\\/12\\\/darka-mazi-logo.png\",\"width\":151,\"height\":75,\"caption\":\"Darka Maz\u00ee\"},\"image\":{\"@id\":\"https:\\\/\\\/darkamazi.info\\\/#\\\/schema\\\/logo\\\/image\\\/\"},\"sameAs\":[\"https:\\\/\\\/www.facebook.com\\\/DarMaziKurmanci\",\"https:\\\/\\\/x.com\\\/DarkaMaziLatini\",\"https:\\\/\\\/www.instagram.com\\\/darkamazi.kurmanci\\\/\",\"https:\\\/\\\/www.youtube.com\\\/channel\\\/UCa5HkTdmI8U1qCUFuTw8B2g\"]},{\"@type\":\"Person\",\"@id\":\"https:\\\/\\\/darkamazi.info\\\/#\\\/schema\\\/person\\\/5ad3e24553a0567993fa8ed4bd0a776c\",\"name\":\"darka mazi\",\"sameAs\":[\"https:\\\/\\\/darkamazi.info\\\/\"],\"url\":\"https:\\\/\\\/darkamazi.info\\\/archives\\\/author\\\/kurdi\"}]}<\/script>\n<!-- \/ Yoast SEO plugin. -->","seo_head_json":{"title":"KALFAM\u00caN YNK\u2019\u00ca L\u0130 16\u00ca OKTOBER\u00ca B\u00dbNE DESTK\u00ca\u015e J\u0130 DAG\u00ceRKARAN RE - Darka Maz\u00ee","robots":{"index":"index","follow":"follow","max-snippet":"max-snippet:-1","max-image-preview":"max-image-preview:large","max-video-preview":"max-video-preview:-1"},"canonical":"https:\/\/darkamazi.info\/archives\/1008882","og_locale":"en_US","og_type":"article","og_title":"KALFAM\u00caN YNK\u2019\u00ca L\u0130 16\u00ca OKTOBER\u00ca B\u00dbNE DESTK\u00ca\u015e J\u0130 DAG\u00ceRKARAN RE - Darka Maz\u00ee","og_description":"&#8220;\u00e7end kes\u00ean lader ji r\u00eabaza YNK\u2019\u00ea b\u00eay ku li serkirdatiya part\u00eeya me vegerin, di wan b\u00fbyeran de \u00fb bi mebesta \u00e7end destkeft\u00ean demk\u00ee \u00fb kesok\u00ee, b\u00fbn al\u00eekar \u00fb destk\u00ea\u015f ji dag\u00eerkaran re \u00fb bi v\u00ee kar\u00ea qir\u00eaj \u00fb gemar xwe xistin nav r\u00fbpel\u00ean re\u015f \u00ean d\u00eeroka gel\u00ea me&#8221;. Ten\u00ea 2 roj li ser b\u00fbyera \u00eexaneta [&hellip;]","og_url":"https:\/\/darkamazi.info\/archives\/1008882","og_site_name":"Darka Maz\u00ee","article_publisher":"https:\/\/www.facebook.com\/DarMaziKurmanci","article_published_time":"2019-10-15T21:17:44+00:00","og_image":[{"width":768,"height":432,"url":"https:\/\/darkamazi.info\/file\/2019\/10\/16-Oct-Kusret-Resul.jpg","type":"image\/jpeg"}],"author":"darka mazi","twitter_card":"summary_large_image","twitter_creator":"@DarkaMaziLatini","twitter_site":"@DarkaMaziLatini","twitter_misc":{"Written by":"darka mazi","Est. reading time":"5 minutes"},"schema":{"@context":"https:\/\/schema.org","@graph":[{"@type":"Article","@id":"https:\/\/darkamazi.info\/archives\/1008882#article","isPartOf":{"@id":"https:\/\/darkamazi.info\/archives\/1008882"},"author":{"name":"darka mazi","@id":"https:\/\/darkamazi.info\/#\/schema\/person\/5ad3e24553a0567993fa8ed4bd0a776c"},"headline":"KALFAM\u00caN YNK\u2019\u00ca L\u0130 16\u00ca OKTOBER\u00ca B\u00dbNE DESTK\u00ca\u015e J\u0130 DAG\u00ceRKARAN RE","datePublished":"2019-10-15T21:17:44+00:00","mainEntityOfPage":{"@id":"https:\/\/darkamazi.info\/archives\/1008882"},"wordCount":994,"publisher":{"@id":"https:\/\/darkamazi.info\/#organization"},"image":{"@id":"https:\/\/darkamazi.info\/archives\/1008882#primaryimage"},"thumbnailUrl":"https:\/\/darkamazi.info\/file\/2019\/10\/16-Oct-Kusret-Resul.jpg","keywords":["sereke"],"articleSection":["Kurdistan"],"inLanguage":"en-US"},{"@type":"WebPage","@id":"https:\/\/darkamazi.info\/archives\/1008882","url":"https:\/\/darkamazi.info\/archives\/1008882","name":"KALFAM\u00caN YNK\u2019\u00ca L\u0130 16\u00ca OKTOBER\u00ca B\u00dbNE DESTK\u00ca\u015e J\u0130 DAG\u00ceRKARAN RE - Darka Maz\u00ee","isPartOf":{"@id":"https:\/\/darkamazi.info\/#website"},"primaryImageOfPage":{"@id":"https:\/\/darkamazi.info\/archives\/1008882#primaryimage"},"image":{"@id":"https:\/\/darkamazi.info\/archives\/1008882#primaryimage"},"thumbnailUrl":"https:\/\/darkamazi.info\/file\/2019\/10\/16-Oct-Kusret-Resul.jpg","datePublished":"2019-10-15T21:17:44+00:00","breadcrumb":{"@id":"https:\/\/darkamazi.info\/archives\/1008882#breadcrumb"},"inLanguage":"en-US","potentialAction":[{"@type":"ReadAction","target":["https:\/\/darkamazi.info\/archives\/1008882"]}]},{"@type":"ImageObject","inLanguage":"en-US","@id":"https:\/\/darkamazi.info\/archives\/1008882#primaryimage","url":"https:\/\/darkamazi.info\/file\/2019\/10\/16-Oct-Kusret-Resul.jpg","contentUrl":"https:\/\/darkamazi.info\/file\/2019\/10\/16-Oct-Kusret-Resul.jpg","width":768,"height":432,"caption":"KALFAM\u00caN YNK\u2019\u00ca L\u0130 16\u00ca OKTOBER\u00ca B\u00dbNE DESTK\u00ca\u015e J\u0130 DAG\u00ceRKARAN RE"},{"@type":"BreadcrumbList","@id":"https:\/\/darkamazi.info\/archives\/1008882#breadcrumb","itemListElement":[{"@type":"ListItem","position":1,"name":"Home","item":"https:\/\/darkamazi.info\/"},{"@type":"ListItem","position":2,"name":"KALFAM\u00caN YNK\u2019\u00ca L\u0130 16\u00ca OKTOBER\u00ca B\u00dbNE DESTK\u00ca\u015e J\u0130 DAG\u00ceRKARAN RE"}]},{"@type":"WebSite","@id":"https:\/\/darkamazi.info\/#website","url":"https:\/\/darkamazi.info\/","name":"Darka Maz\u00ee","description":"P\u00eageha Zanyariy\u00ean Nebih\u00eest\u00ee","publisher":{"@id":"https:\/\/darkamazi.info\/#organization"},"potentialAction":[{"@type":"SearchAction","target":{"@type":"EntryPoint","urlTemplate":"https:\/\/darkamazi.info\/?s={search_term_string}"},"query-input":{"@type":"PropertyValueSpecification","valueRequired":true,"valueName":"search_term_string"}}],"inLanguage":"en-US"},{"@type":"Organization","@id":"https:\/\/darkamazi.info\/#organization","name":"Darka Maz\u00ee","url":"https:\/\/darkamazi.info\/","logo":{"@type":"ImageObject","inLanguage":"en-US","@id":"https:\/\/darkamazi.info\/#\/schema\/logo\/image\/","url":"https:\/\/darkamazi.info\/file\/2017\/12\/darka-mazi-logo.png","contentUrl":"https:\/\/darkamazi.info\/file\/2017\/12\/darka-mazi-logo.png","width":151,"height":75,"caption":"Darka Maz\u00ee"},"image":{"@id":"https:\/\/darkamazi.info\/#\/schema\/logo\/image\/"},"sameAs":["https:\/\/www.facebook.com\/DarMaziKurmanci","https:\/\/x.com\/DarkaMaziLatini","https:\/\/www.instagram.com\/darkamazi.kurmanci\/","https:\/\/www.youtube.com\/channel\/UCa5HkTdmI8U1qCUFuTw8B2g"]},{"@type":"Person","@id":"https:\/\/darkamazi.info\/#\/schema\/person\/5ad3e24553a0567993fa8ed4bd0a776c","name":"darka mazi","sameAs":["https:\/\/darkamazi.info\/"],"url":"https:\/\/darkamazi.info\/archives\/author\/kurdi"}]}},"_links":{"self":[{"href":"https:\/\/darkamazi.info\/funavuv\/wp\/v2\/posts\/1008882","targetHints":{"allow":["GET"]}}],"collection":[{"href":"https:\/\/darkamazi.info\/funavuv\/wp\/v2\/posts"}],"about":[{"href":"https:\/\/darkamazi.info\/funavuv\/wp\/v2\/types\/post"}],"author":[{"embeddable":true,"href":"https:\/\/darkamazi.info\/funavuv\/wp\/v2\/users\/2"}],"replies":[{"embeddable":true,"href":"https:\/\/darkamazi.info\/funavuv\/wp\/v2\/comments?post=1008882"}],"version-history":[{"count":0,"href":"https:\/\/darkamazi.info\/funavuv\/wp\/v2\/posts\/1008882\/revisions"}],"wp:featuredmedia":[{"embeddable":true,"href":"https:\/\/darkamazi.info\/funavuv\/wp\/v2\/media\/1008883"}],"wp:attachment":[{"href":"https:\/\/darkamazi.info\/funavuv\/wp\/v2\/media?parent=1008882"}],"wp:term":[{"taxonomy":"category","embeddable":true,"href":"https:\/\/darkamazi.info\/funavuv\/wp\/v2\/categories?post=1008882"},{"taxonomy":"post_tag","embeddable":true,"href":"https:\/\/darkamazi.info\/funavuv\/wp\/v2\/tags?post=1008882"}],"curies":[{"name":"wp","href":"https:\/\/api.w.org\/{rel}","templated":true}]}}