{"id":1009066,"date":"2019-10-21T18:47:39","date_gmt":"2019-10-21T15:47:39","guid":{"rendered":"https:\/\/darkamazi.info\/?p=1009066"},"modified":"2019-10-21T18:47:39","modified_gmt":"2019-10-21T15:47:39","slug":"li-rojava-xorten-kurd-erebeyen-artesa-emerikaye-berbaran-dikin","status":"publish","type":"post","link":"https:\/\/darkamazi.info\/archives\/1009066","title":{"rendered":"L\u0130 ROJAVA XORT\u00caN KURD EREBEY\u00caN ARTE\u015eA EMER\u00eeKAY\u00ca BERBARAN D\u0130K\u0130N"},"content":{"rendered":"<h2><strong>Xort\u00ean Rojava Kurdistan\u00ea r\u00ea li erebey\u00ean arte\u015fa Emer\u00eeka girtin wexta ku \u00eero roja hereketa vek\u015fandin\u00ea dest p\u00ea kir\u00ee.<\/strong><\/h2>\n<h3>Li navenda bajar\u00ea Qami\u015flo \u00ea Rojava kurdistan\u00ea, \u00eero roja du\u015fem\u00ee 21\/10\/2019an, wexta ku karwan\u00ea erebey\u00ean arte\u015fa emer\u00eekay\u00ea derbas b\u00fby, xort\u00ean Qami\u015floy\u00ea bi ber, Pitat \u00fb H\u00eakan \u00ear\u00ee\u015f kirin\u00ea ku bi ner\u00eena wan, emer\u00eekay\u00ea \u00eexanet li rojava kiriye.<\/h3>\n<h3>Ev j\u00ee d\u00eemen\u00ean \u00ear\u00ee\u015fa ser erebey\u00ean arte\u015fa emer\u00eekay\u00ea ne:<\/h3>\n<div style=\"width: 640px;\" class=\"darka-video\"><video class=\"darka-video-shortcode\" id=\"video-1009066-1\" width=\"640\" height=\"414\" preload=\"metadata\" controls=\"controls\"><source type=\"video\/mp4\" src=\"https:\/\/darkamazi.info\/file\/2019\/10\/Qamishlo.mp4?_=1\" \/><a href=\"https:\/\/darkamazi.info\/file\/2019\/10\/Qamishlo.mp4\">https:\/\/darkamazi.info\/file\/2019\/10\/Qamishlo.mp4<\/a><\/video><\/div>\n","protected":false},"excerpt":{"rendered":"<p>Xort\u00ean Rojava Kurdistan\u00ea r\u00ea li erebey\u00ean arte\u015fa Emer\u00eeka girtin wexta ku \u00eero roja hereketa vek\u015fandin\u00ea dest p\u00ea kir\u00ee. Li navenda bajar\u00ea Qami\u015flo \u00ea Rojava kurdistan\u00ea, \u00eero roja du\u015fem\u00ee 21\/10\/2019an, wexta ku karwan\u00ea erebey\u00ean arte\u015fa emer\u00eekay\u00ea derbas b\u00fby, xort\u00ean Qami\u015floy\u00ea bi ber, Pitat \u00fb H\u00eakan \u00ear\u00ee\u015f kirin\u00ea ku bi ner\u00eena wan, emer\u00eekay\u00ea \u00eexanet li rojava kiriye. [&hellip;]<\/p>\n","protected":false},"author":2,"featured_media":1009068,"comment_status":"closed","ping_status":"closed","sticky":false,"template":"","format":"video","meta":{"footnotes":""},"categories":[29],"tags":[37],"class_list":["post-1009066","post","type-post","status-publish","format-video","has-post-thumbnail","hentry","category-kurdistan","tag-sereke","post_format-post-format-video"],"blocksy_meta":[],"seo_head":"<!-- This site is optimized with the Yoast SEO plugin v27.5 - https:\/\/yoast.com\/product\/yoast-seo-wordpress\/ -->\n<title>L\u0130 ROJAVA XORT\u00caN KURD EREBEY\u00caN ARTE\u015eA EMER\u00eeKAY\u00ca BERBARAN D\u0130K\u0130N - Darka Maz\u00ee<\/title>\n<meta name=\"robots\" content=\"index, follow, max-snippet:-1, max-image-preview:large, max-video-preview:-1\" \/>\n<link rel=\"canonical\" href=\"https:\/\/darkamazi.info\/archives\/1009066\" \/>\n<meta property=\"og:locale\" content=\"en_US\" \/>\n<meta property=\"og:type\" content=\"article\" \/>\n<meta property=\"og:title\" content=\"L\u0130 ROJAVA XORT\u00caN KURD EREBEY\u00caN ARTE\u015eA EMER\u00eeKAY\u00ca BERBARAN D\u0130K\u0130N - Darka Maz\u00ee\" \/>\n<meta property=\"og:description\" content=\"Xort\u00ean Rojava Kurdistan\u00ea r\u00ea li erebey\u00ean arte\u015fa Emer\u00eeka girtin wexta ku \u00eero roja hereketa vek\u015fandin\u00ea dest p\u00ea kir\u00ee. Li navenda bajar\u00ea Qami\u015flo \u00ea Rojava kurdistan\u00ea, \u00eero roja du\u015fem\u00ee 21\/10\/2019an, wexta ku karwan\u00ea erebey\u00ean arte\u015fa emer\u00eekay\u00ea derbas b\u00fby, xort\u00ean Qami\u015floy\u00ea bi ber, Pitat \u00fb H\u00eakan \u00ear\u00ee\u015f kirin\u00ea ku bi ner\u00eena wan, emer\u00eekay\u00ea \u00eexanet li rojava kiriye. [&hellip;]\" \/>\n<meta property=\"og:url\" content=\"https:\/\/darkamazi.info\/archives\/1009066\" \/>\n<meta property=\"og:site_name\" content=\"Darka Maz\u00ee\" \/>\n<meta property=\"article:publisher\" content=\"https:\/\/www.facebook.com\/DarMaziKurmanci\" \/>\n<meta property=\"article:published_time\" content=\"2019-10-21T15:47:39+00:00\" \/>\n<meta property=\"og:image\" content=\"https:\/\/darkamazi.info\/file\/2019\/10\/Qamishlo.jpg\" \/>\n\t<meta property=\"og:image:width\" content=\"647\" \/>\n\t<meta property=\"og:image:height\" content=\"371\" \/>\n\t<meta property=\"og:image:type\" content=\"image\/jpeg\" \/>\n<meta name=\"author\" content=\"darka mazi\" \/>\n<meta name=\"twitter:card\" content=\"summary_large_image\" \/>\n<meta name=\"twitter:creator\" content=\"@DarkaMaziLatini\" \/>\n<meta name=\"twitter:site\" content=\"@DarkaMaziLatini\" \/>\n<meta name=\"twitter:label1\" content=\"Written by\" \/>\n\t<meta name=\"twitter:data1\" content=\"darka mazi\" \/>\n<script type=\"application\/ld+json\" class=\"seo-schema-graph\">{\"@context\":\"https:\\\/\\\/schema.org\",\"@graph\":[{\"@type\":\"Article\",\"@id\":\"https:\\\/\\\/darkamazi.info\\\/archives\\\/1009066#article\",\"isPartOf\":{\"@id\":\"https:\\\/\\\/darkamazi.info\\\/archives\\\/1009066\"},\"author\":{\"name\":\"darka mazi\",\"@id\":\"https:\\\/\\\/darkamazi.info\\\/#\\\/schema\\\/person\\\/5ad3e24553a0567993fa8ed4bd0a776c\"},\"headline\":\"L\u0130 ROJAVA XORT\u00caN KURD EREBEY\u00caN ARTE\u015eA EMER\u00eeKAY\u00ca BERBARAN D\u0130K\u0130N\",\"datePublished\":\"2019-10-21T15:47:39+00:00\",\"mainEntityOfPage\":{\"@id\":\"https:\\\/\\\/darkamazi.info\\\/archives\\\/1009066\"},\"wordCount\":111,\"publisher\":{\"@id\":\"https:\\\/\\\/darkamazi.info\\\/#organization\"},\"image\":{\"@id\":\"https:\\\/\\\/darkamazi.info\\\/archives\\\/1009066#primaryimage\"},\"thumbnailUrl\":\"https:\\\/\\\/darkamazi.info\\\/darka-content\\\/uploads\\\/2019\\\/10\\\/Qamishlo.jpg\",\"keywords\":[\"sereke\"],\"articleSection\":[\"Kurdistan\"],\"inLanguage\":\"en-US\"},{\"@type\":\"WebPage\",\"@id\":\"https:\\\/\\\/darkamazi.info\\\/archives\\\/1009066\",\"url\":\"https:\\\/\\\/darkamazi.info\\\/archives\\\/1009066\",\"name\":\"L\u0130 ROJAVA XORT\u00caN KURD EREBEY\u00caN ARTE\u015eA EMER\u00eeKAY\u00ca BERBARAN D\u0130K\u0130N - Darka Maz\u00ee\",\"isPartOf\":{\"@id\":\"https:\\\/\\\/darkamazi.info\\\/#website\"},\"primaryImageOfPage\":{\"@id\":\"https:\\\/\\\/darkamazi.info\\\/archives\\\/1009066#primaryimage\"},\"image\":{\"@id\":\"https:\\\/\\\/darkamazi.info\\\/archives\\\/1009066#primaryimage\"},\"thumbnailUrl\":\"https:\\\/\\\/darkamazi.info\\\/darka-content\\\/uploads\\\/2019\\\/10\\\/Qamishlo.jpg\",\"datePublished\":\"2019-10-21T15:47:39+00:00\",\"breadcrumb\":{\"@id\":\"https:\\\/\\\/darkamazi.info\\\/archives\\\/1009066#breadcrumb\"},\"inLanguage\":\"en-US\",\"potentialAction\":[{\"@type\":\"ReadAction\",\"target\":[\"https:\\\/\\\/darkamazi.info\\\/archives\\\/1009066\"]}]},{\"@type\":\"ImageObject\",\"inLanguage\":\"en-US\",\"@id\":\"https:\\\/\\\/darkamazi.info\\\/archives\\\/1009066#primaryimage\",\"url\":\"https:\\\/\\\/darkamazi.info\\\/darka-content\\\/uploads\\\/2019\\\/10\\\/Qamishlo.jpg\",\"contentUrl\":\"https:\\\/\\\/darkamazi.info\\\/darka-content\\\/uploads\\\/2019\\\/10\\\/Qamishlo.jpg\",\"width\":647,\"height\":371,\"caption\":\"L\u0130 ROJAVA XORT\u00caN KURD EREBEY\u00caN ARTE\u015eA EMER\u00eeKAY\u00ca BERBARAN D\u0130K\u0130N\"},{\"@type\":\"BreadcrumbList\",\"@id\":\"https:\\\/\\\/darkamazi.info\\\/archives\\\/1009066#breadcrumb\",\"itemListElement\":[{\"@type\":\"ListItem\",\"position\":1,\"name\":\"Home\",\"item\":\"https:\\\/\\\/darkamazi.info\\\/\"},{\"@type\":\"ListItem\",\"position\":2,\"name\":\"L\u0130 ROJAVA XORT\u00caN KURD EREBEY\u00caN ARTE\u015eA EMER\u00eeKAY\u00ca BERBARAN D\u0130K\u0130N\"}]},{\"@type\":\"WebSite\",\"@id\":\"https:\\\/\\\/darkamazi.info\\\/#website\",\"url\":\"https:\\\/\\\/darkamazi.info\\\/\",\"name\":\"Darka Maz\u00ee\",\"description\":\"P\u00eageha Zanyariy\u00ean Nebih\u00eest\u00ee\",\"publisher\":{\"@id\":\"https:\\\/\\\/darkamazi.info\\\/#organization\"},\"potentialAction\":[{\"@type\":\"SearchAction\",\"target\":{\"@type\":\"EntryPoint\",\"urlTemplate\":\"https:\\\/\\\/darkamazi.info\\\/?s={search_term_string}\"},\"query-input\":{\"@type\":\"PropertyValueSpecification\",\"valueRequired\":true,\"valueName\":\"search_term_string\"}}],\"inLanguage\":\"en-US\"},{\"@type\":\"Organization\",\"@id\":\"https:\\\/\\\/darkamazi.info\\\/#organization\",\"name\":\"Darka Maz\u00ee\",\"url\":\"https:\\\/\\\/darkamazi.info\\\/\",\"logo\":{\"@type\":\"ImageObject\",\"inLanguage\":\"en-US\",\"@id\":\"https:\\\/\\\/darkamazi.info\\\/#\\\/schema\\\/logo\\\/image\\\/\",\"url\":\"https:\\\/\\\/darkamazi.info\\\/darka-content\\\/uploads\\\/2017\\\/12\\\/darka-mazi-logo.png\",\"contentUrl\":\"https:\\\/\\\/darkamazi.info\\\/darka-content\\\/uploads\\\/2017\\\/12\\\/darka-mazi-logo.png\",\"width\":151,\"height\":75,\"caption\":\"Darka Maz\u00ee\"},\"image\":{\"@id\":\"https:\\\/\\\/darkamazi.info\\\/#\\\/schema\\\/logo\\\/image\\\/\"},\"sameAs\":[\"https:\\\/\\\/www.facebook.com\\\/DarMaziKurmanci\",\"https:\\\/\\\/x.com\\\/DarkaMaziLatini\",\"https:\\\/\\\/www.instagram.com\\\/darkamazi.kurmanci\\\/\",\"https:\\\/\\\/www.youtube.com\\\/channel\\\/UCa5HkTdmI8U1qCUFuTw8B2g\"]},{\"@type\":\"Person\",\"@id\":\"https:\\\/\\\/darkamazi.info\\\/#\\\/schema\\\/person\\\/5ad3e24553a0567993fa8ed4bd0a776c\",\"name\":\"darka mazi\",\"sameAs\":[\"https:\\\/\\\/darkamazi.info\\\/\"],\"url\":\"https:\\\/\\\/darkamazi.info\\\/archives\\\/author\\\/kurdi\"}]}<\/script>\n<!-- \/ Yoast SEO plugin. -->","seo_head_json":{"title":"L\u0130 ROJAVA XORT\u00caN KURD EREBEY\u00caN ARTE\u015eA EMER\u00eeKAY\u00ca BERBARAN D\u0130K\u0130N - Darka Maz\u00ee","robots":{"index":"index","follow":"follow","max-snippet":"max-snippet:-1","max-image-preview":"max-image-preview:large","max-video-preview":"max-video-preview:-1"},"canonical":"https:\/\/darkamazi.info\/archives\/1009066","og_locale":"en_US","og_type":"article","og_title":"L\u0130 ROJAVA XORT\u00caN KURD EREBEY\u00caN ARTE\u015eA EMER\u00eeKAY\u00ca BERBARAN D\u0130K\u0130N - Darka Maz\u00ee","og_description":"Xort\u00ean Rojava Kurdistan\u00ea r\u00ea li erebey\u00ean arte\u015fa Emer\u00eeka girtin wexta ku \u00eero roja hereketa vek\u015fandin\u00ea dest p\u00ea kir\u00ee. Li navenda bajar\u00ea Qami\u015flo \u00ea Rojava kurdistan\u00ea, \u00eero roja du\u015fem\u00ee 21\/10\/2019an, wexta ku karwan\u00ea erebey\u00ean arte\u015fa emer\u00eekay\u00ea derbas b\u00fby, xort\u00ean Qami\u015floy\u00ea bi ber, Pitat \u00fb H\u00eakan \u00ear\u00ee\u015f kirin\u00ea ku bi ner\u00eena wan, emer\u00eekay\u00ea \u00eexanet li rojava kiriye. [&hellip;]","og_url":"https:\/\/darkamazi.info\/archives\/1009066","og_site_name":"Darka Maz\u00ee","article_publisher":"https:\/\/www.facebook.com\/DarMaziKurmanci","article_published_time":"2019-10-21T15:47:39+00:00","og_image":[{"width":647,"height":371,"url":"https:\/\/darkamazi.info\/file\/2019\/10\/Qamishlo.jpg","type":"image\/jpeg"}],"author":"darka mazi","twitter_card":"summary_large_image","twitter_creator":"@DarkaMaziLatini","twitter_site":"@DarkaMaziLatini","twitter_misc":{"Written by":"darka mazi"},"schema":{"@context":"https:\/\/schema.org","@graph":[{"@type":"Article","@id":"https:\/\/darkamazi.info\/archives\/1009066#article","isPartOf":{"@id":"https:\/\/darkamazi.info\/archives\/1009066"},"author":{"name":"darka mazi","@id":"https:\/\/darkamazi.info\/#\/schema\/person\/5ad3e24553a0567993fa8ed4bd0a776c"},"headline":"L\u0130 ROJAVA XORT\u00caN KURD EREBEY\u00caN ARTE\u015eA EMER\u00eeKAY\u00ca BERBARAN D\u0130K\u0130N","datePublished":"2019-10-21T15:47:39+00:00","mainEntityOfPage":{"@id":"https:\/\/darkamazi.info\/archives\/1009066"},"wordCount":111,"publisher":{"@id":"https:\/\/darkamazi.info\/#organization"},"image":{"@id":"https:\/\/darkamazi.info\/archives\/1009066#primaryimage"},"thumbnailUrl":"https:\/\/darkamazi.info\/file\/2019\/10\/Qamishlo.jpg","keywords":["sereke"],"articleSection":["Kurdistan"],"inLanguage":"en-US"},{"@type":"WebPage","@id":"https:\/\/darkamazi.info\/archives\/1009066","url":"https:\/\/darkamazi.info\/archives\/1009066","name":"L\u0130 ROJAVA XORT\u00caN KURD EREBEY\u00caN ARTE\u015eA EMER\u00eeKAY\u00ca BERBARAN D\u0130K\u0130N - Darka Maz\u00ee","isPartOf":{"@id":"https:\/\/darkamazi.info\/#website"},"primaryImageOfPage":{"@id":"https:\/\/darkamazi.info\/archives\/1009066#primaryimage"},"image":{"@id":"https:\/\/darkamazi.info\/archives\/1009066#primaryimage"},"thumbnailUrl":"https:\/\/darkamazi.info\/file\/2019\/10\/Qamishlo.jpg","datePublished":"2019-10-21T15:47:39+00:00","breadcrumb":{"@id":"https:\/\/darkamazi.info\/archives\/1009066#breadcrumb"},"inLanguage":"en-US","potentialAction":[{"@type":"ReadAction","target":["https:\/\/darkamazi.info\/archives\/1009066"]}]},{"@type":"ImageObject","inLanguage":"en-US","@id":"https:\/\/darkamazi.info\/archives\/1009066#primaryimage","url":"https:\/\/darkamazi.info\/file\/2019\/10\/Qamishlo.jpg","contentUrl":"https:\/\/darkamazi.info\/file\/2019\/10\/Qamishlo.jpg","width":647,"height":371,"caption":"L\u0130 ROJAVA XORT\u00caN KURD EREBEY\u00caN ARTE\u015eA EMER\u00eeKAY\u00ca BERBARAN D\u0130K\u0130N"},{"@type":"BreadcrumbList","@id":"https:\/\/darkamazi.info\/archives\/1009066#breadcrumb","itemListElement":[{"@type":"ListItem","position":1,"name":"Home","item":"https:\/\/darkamazi.info\/"},{"@type":"ListItem","position":2,"name":"L\u0130 ROJAVA XORT\u00caN KURD EREBEY\u00caN ARTE\u015eA EMER\u00eeKAY\u00ca BERBARAN D\u0130K\u0130N"}]},{"@type":"WebSite","@id":"https:\/\/darkamazi.info\/#website","url":"https:\/\/darkamazi.info\/","name":"Darka Maz\u00ee","description":"P\u00eageha Zanyariy\u00ean Nebih\u00eest\u00ee","publisher":{"@id":"https:\/\/darkamazi.info\/#organization"},"potentialAction":[{"@type":"SearchAction","target":{"@type":"EntryPoint","urlTemplate":"https:\/\/darkamazi.info\/?s={search_term_string}"},"query-input":{"@type":"PropertyValueSpecification","valueRequired":true,"valueName":"search_term_string"}}],"inLanguage":"en-US"},{"@type":"Organization","@id":"https:\/\/darkamazi.info\/#organization","name":"Darka Maz\u00ee","url":"https:\/\/darkamazi.info\/","logo":{"@type":"ImageObject","inLanguage":"en-US","@id":"https:\/\/darkamazi.info\/#\/schema\/logo\/image\/","url":"https:\/\/darkamazi.info\/file\/2017\/12\/darka-mazi-logo.png","contentUrl":"https:\/\/darkamazi.info\/file\/2017\/12\/darka-mazi-logo.png","width":151,"height":75,"caption":"Darka Maz\u00ee"},"image":{"@id":"https:\/\/darkamazi.info\/#\/schema\/logo\/image\/"},"sameAs":["https:\/\/www.facebook.com\/DarMaziKurmanci","https:\/\/x.com\/DarkaMaziLatini","https:\/\/www.instagram.com\/darkamazi.kurmanci\/","https:\/\/www.youtube.com\/channel\/UCa5HkTdmI8U1qCUFuTw8B2g"]},{"@type":"Person","@id":"https:\/\/darkamazi.info\/#\/schema\/person\/5ad3e24553a0567993fa8ed4bd0a776c","name":"darka mazi","sameAs":["https:\/\/darkamazi.info\/"],"url":"https:\/\/darkamazi.info\/archives\/author\/kurdi"}]}},"_links":{"self":[{"href":"https:\/\/darkamazi.info\/funavuv\/wp\/v2\/posts\/1009066","targetHints":{"allow":["GET"]}}],"collection":[{"href":"https:\/\/darkamazi.info\/funavuv\/wp\/v2\/posts"}],"about":[{"href":"https:\/\/darkamazi.info\/funavuv\/wp\/v2\/types\/post"}],"author":[{"embeddable":true,"href":"https:\/\/darkamazi.info\/funavuv\/wp\/v2\/users\/2"}],"replies":[{"embeddable":true,"href":"https:\/\/darkamazi.info\/funavuv\/wp\/v2\/comments?post=1009066"}],"version-history":[{"count":0,"href":"https:\/\/darkamazi.info\/funavuv\/wp\/v2\/posts\/1009066\/revisions"}],"wp:featuredmedia":[{"embeddable":true,"href":"https:\/\/darkamazi.info\/funavuv\/wp\/v2\/media\/1009068"}],"wp:attachment":[{"href":"https:\/\/darkamazi.info\/funavuv\/wp\/v2\/media?parent=1009066"}],"wp:term":[{"taxonomy":"category","embeddable":true,"href":"https:\/\/darkamazi.info\/funavuv\/wp\/v2\/categories?post=1009066"},{"taxonomy":"post_tag","embeddable":true,"href":"https:\/\/darkamazi.info\/funavuv\/wp\/v2\/tags?post=1009066"}],"curies":[{"name":"wp","href":"https:\/\/api.w.org\/{rel}","templated":true}]}}