{"id":1009117,"date":"2019-10-22T19:38:23","date_gmt":"2019-10-22T16:38:23","guid":{"rendered":"https:\/\/darkamazi.info\/?p=1009117"},"modified":"2019-10-22T20:34:27","modified_gmt":"2019-10-22T17:34:27","slug":"desthilata-rojava-re-nade-kocber-derbasi-basur-bibin","status":"publish","type":"post","link":"https:\/\/darkamazi.info\/archives\/1009117","title":{"rendered":"DESTH\u0130LATA ROJAVA R\u00ca NADE KO\u00c7BER DERBAS\u00ce BA\u015e\u00dbR B\u0130B\u0130N"},"content":{"rendered":"<h2><strong>Ji destp\u00eaka \u00ear\u00ee\u015fa dag\u00eerkar\u00ee a Tirkiy\u00ea, n\u00eaz\u00ee 5 hezar ko\u00e7ber\u00ean Rojava Kurdistan\u00ea hatine Her\u00eama Ba\u015f\u00fbr\u00ea Kurdistan\u00ea, l\u00ea desthilata Rojava pisgir\u00eakan bo wan ko\u00e7beran dirist dike ku dixwazin derbas\u00ee Ba\u015f\u00fbr bibin.<\/strong><\/h2>\n<h3>Wez\u00eer\u00ea navxwe y\u00ea Hik\u00fbmeta Her\u00eama Kurdistan\u00ea R\u00eaber Ehmed ragihand ku heya niha 5 hezar penaber\u00ean Rojava Kurdistan\u00ea ji ber \u015fer hatine Her\u00eama Kurdistan\u00ea.<\/h3>\n<h3>Li derbar\u00ea hatina ko\u00e7ber\u00ean Rojava Kurdistan\u00ea R\u00eaber Ehmed ragihand: Serok Wez\u00eer\u00ea Her\u00eama Kurdistan\u00ea wezaret\u00ean peywend\u00eedar erkdar kirine ku bi ba\u015ftir\u00een \u015f\u00eawe p\u00ea\u015fwaziy\u00ea li ko\u00e7beran bikin, lewma j\u00ee amadekar\u00ee ji bo hatina ko\u00e7beran hatiye kirin \u00fb heya niha 5 hezar ko\u00e7ber hatine Her\u00eama Kurdistan\u00ea.<\/h3>\n<h3>Ehmed weha got: ko\u00e7ber\u00ean Rojava li aliy\u00ea Rojava pisgir\u00eak ji wan re derdikeve \u00fb ne\u00e7ar dibin ku bi qa\u00e7ax\u00ee werin Her\u00eama Kurdistan\u00ea \u00fb pereyan didin heya ku xwe bigih\u00eenin vir.<\/h3>\n<h3>Wez\u00eer\u00ea Navxwe y\u00ea Her\u00eama Kurdistan\u00ea weha domand: wek ber\u00ea s\u00eenor\u00ea me bi Rojavay\u00ea Kurdistan\u00ea re vekir\u00eeye \u00fb al\u00eekariy\u00ean mirov\u00ee ji bo Rojava t\u00ean \u015fandin. L\u00ea bel\u00ea li aliy\u00ea Rojava pisgir\u00eaka hatina Ba\u015f\u00fbr ji ko\u00e7beran re derdikeve.\u201d<\/h3>\n","protected":false},"excerpt":{"rendered":"<p>Ji destp\u00eaka \u00ear\u00ee\u015fa dag\u00eerkar\u00ee a Tirkiy\u00ea, n\u00eaz\u00ee 5 hezar ko\u00e7ber\u00ean Rojava Kurdistan\u00ea hatine Her\u00eama Ba\u015f\u00fbr\u00ea Kurdistan\u00ea, l\u00ea desthilata Rojava pisgir\u00eakan bo wan ko\u00e7beran dirist dike ku dixwazin derbas\u00ee Ba\u015f\u00fbr bibin. Wez\u00eer\u00ea navxwe y\u00ea Hik\u00fbmeta Her\u00eama Kurdistan\u00ea R\u00eaber Ehmed ragihand ku heya niha 5 hezar penaber\u00ean Rojava Kurdistan\u00ea ji ber \u015fer hatine Her\u00eama Kurdistan\u00ea. Li derbar\u00ea [&hellip;]<\/p>\n","protected":false},"author":2,"featured_media":1009118,"comment_status":"closed","ping_status":"closed","sticky":false,"template":"","format":"standard","meta":{"footnotes":""},"categories":[29],"tags":[],"class_list":["post-1009117","post","type-post","status-publish","format-standard","has-post-thumbnail","hentry","category-kurdistan"],"blocksy_meta":[],"seo_head":"<!-- This site is optimized with the Yoast SEO plugin v27.5 - https:\/\/yoast.com\/product\/yoast-seo-wordpress\/ -->\n<title>DESTH\u0130LATA ROJAVA R\u00ca NADE KO\u00c7BER DERBAS\u00ce BA\u015e\u00dbR B\u0130B\u0130N - Darka Maz\u00ee<\/title>\n<meta name=\"robots\" content=\"index, follow, max-snippet:-1, max-image-preview:large, max-video-preview:-1\" \/>\n<link rel=\"canonical\" href=\"https:\/\/darkamazi.info\/archives\/1009117\" \/>\n<meta property=\"og:locale\" content=\"en_US\" \/>\n<meta property=\"og:type\" content=\"article\" \/>\n<meta property=\"og:title\" content=\"DESTH\u0130LATA ROJAVA R\u00ca NADE KO\u00c7BER DERBAS\u00ce BA\u015e\u00dbR B\u0130B\u0130N - Darka Maz\u00ee\" \/>\n<meta property=\"og:description\" content=\"Ji destp\u00eaka \u00ear\u00ee\u015fa dag\u00eerkar\u00ee a Tirkiy\u00ea, n\u00eaz\u00ee 5 hezar ko\u00e7ber\u00ean Rojava Kurdistan\u00ea hatine Her\u00eama Ba\u015f\u00fbr\u00ea Kurdistan\u00ea, l\u00ea desthilata Rojava pisgir\u00eakan bo wan ko\u00e7beran dirist dike ku dixwazin derbas\u00ee Ba\u015f\u00fbr bibin. Wez\u00eer\u00ea navxwe y\u00ea Hik\u00fbmeta Her\u00eama Kurdistan\u00ea R\u00eaber Ehmed ragihand ku heya niha 5 hezar penaber\u00ean Rojava Kurdistan\u00ea ji ber \u015fer hatine Her\u00eama Kurdistan\u00ea. Li derbar\u00ea [&hellip;]\" \/>\n<meta property=\"og:url\" content=\"https:\/\/darkamazi.info\/archives\/1009117\" \/>\n<meta property=\"og:site_name\" content=\"Darka Maz\u00ee\" \/>\n<meta property=\"article:publisher\" content=\"https:\/\/www.facebook.com\/DarMaziKurmanci\" \/>\n<meta property=\"article:published_time\" content=\"2019-10-22T16:38:23+00:00\" \/>\n<meta property=\"article:modified_time\" content=\"2019-10-22T17:34:27+00:00\" \/>\n<meta property=\"og:image\" content=\"https:\/\/darkamazi.info\/file\/2019\/10\/semalka.jpg\" \/>\n\t<meta property=\"og:image:width\" content=\"627\" \/>\n\t<meta property=\"og:image:height\" content=\"348\" \/>\n\t<meta property=\"og:image:type\" content=\"image\/jpeg\" \/>\n<meta name=\"author\" content=\"darka mazi\" \/>\n<meta name=\"twitter:card\" content=\"summary_large_image\" \/>\n<meta name=\"twitter:creator\" content=\"@DarkaMaziLatini\" \/>\n<meta name=\"twitter:site\" content=\"@DarkaMaziLatini\" \/>\n<meta name=\"twitter:label1\" content=\"Written by\" \/>\n\t<meta name=\"twitter:data1\" content=\"darka mazi\" \/>\n\t<meta name=\"twitter:label2\" content=\"Est. reading time\" \/>\n\t<meta name=\"twitter:data2\" content=\"1 minute\" \/>\n<script type=\"application\/ld+json\" class=\"seo-schema-graph\">{\"@context\":\"https:\\\/\\\/schema.org\",\"@graph\":[{\"@type\":\"Article\",\"@id\":\"https:\\\/\\\/darkamazi.info\\\/archives\\\/1009117#article\",\"isPartOf\":{\"@id\":\"https:\\\/\\\/darkamazi.info\\\/archives\\\/1009117\"},\"author\":{\"name\":\"darka mazi\",\"@id\":\"https:\\\/\\\/darkamazi.info\\\/#\\\/schema\\\/person\\\/5ad3e24553a0567993fa8ed4bd0a776c\"},\"headline\":\"DESTH\u0130LATA ROJAVA R\u00ca NADE KO\u00c7BER DERBAS\u00ce BA\u015e\u00dbR B\u0130B\u0130N\",\"datePublished\":\"2019-10-22T16:38:23+00:00\",\"dateModified\":\"2019-10-22T17:34:27+00:00\",\"mainEntityOfPage\":{\"@id\":\"https:\\\/\\\/darkamazi.info\\\/archives\\\/1009117\"},\"wordCount\":216,\"publisher\":{\"@id\":\"https:\\\/\\\/darkamazi.info\\\/#organization\"},\"image\":{\"@id\":\"https:\\\/\\\/darkamazi.info\\\/archives\\\/1009117#primaryimage\"},\"thumbnailUrl\":\"https:\\\/\\\/darkamazi.info\\\/darka-content\\\/uploads\\\/2019\\\/10\\\/semalka.jpg\",\"articleSection\":[\"Kurdistan\"],\"inLanguage\":\"en-US\"},{\"@type\":\"WebPage\",\"@id\":\"https:\\\/\\\/darkamazi.info\\\/archives\\\/1009117\",\"url\":\"https:\\\/\\\/darkamazi.info\\\/archives\\\/1009117\",\"name\":\"DESTH\u0130LATA ROJAVA R\u00ca NADE KO\u00c7BER DERBAS\u00ce BA\u015e\u00dbR B\u0130B\u0130N - Darka Maz\u00ee\",\"isPartOf\":{\"@id\":\"https:\\\/\\\/darkamazi.info\\\/#website\"},\"primaryImageOfPage\":{\"@id\":\"https:\\\/\\\/darkamazi.info\\\/archives\\\/1009117#primaryimage\"},\"image\":{\"@id\":\"https:\\\/\\\/darkamazi.info\\\/archives\\\/1009117#primaryimage\"},\"thumbnailUrl\":\"https:\\\/\\\/darkamazi.info\\\/darka-content\\\/uploads\\\/2019\\\/10\\\/semalka.jpg\",\"datePublished\":\"2019-10-22T16:38:23+00:00\",\"dateModified\":\"2019-10-22T17:34:27+00:00\",\"breadcrumb\":{\"@id\":\"https:\\\/\\\/darkamazi.info\\\/archives\\\/1009117#breadcrumb\"},\"inLanguage\":\"en-US\",\"potentialAction\":[{\"@type\":\"ReadAction\",\"target\":[\"https:\\\/\\\/darkamazi.info\\\/archives\\\/1009117\"]}]},{\"@type\":\"ImageObject\",\"inLanguage\":\"en-US\",\"@id\":\"https:\\\/\\\/darkamazi.info\\\/archives\\\/1009117#primaryimage\",\"url\":\"https:\\\/\\\/darkamazi.info\\\/darka-content\\\/uploads\\\/2019\\\/10\\\/semalka.jpg\",\"contentUrl\":\"https:\\\/\\\/darkamazi.info\\\/darka-content\\\/uploads\\\/2019\\\/10\\\/semalka.jpg\",\"width\":627,\"height\":348,\"caption\":\"DESTHiLATA ROJAVA R\u00ca NADE KO\u00c7BER DERBAS\u00ce BA\u015e\u00dbR B\u0130B\u0130N\"},{\"@type\":\"BreadcrumbList\",\"@id\":\"https:\\\/\\\/darkamazi.info\\\/archives\\\/1009117#breadcrumb\",\"itemListElement\":[{\"@type\":\"ListItem\",\"position\":1,\"name\":\"Home\",\"item\":\"https:\\\/\\\/darkamazi.info\\\/\"},{\"@type\":\"ListItem\",\"position\":2,\"name\":\"DESTH\u0130LATA ROJAVA R\u00ca NADE KO\u00c7BER DERBAS\u00ce BA\u015e\u00dbR B\u0130B\u0130N\"}]},{\"@type\":\"WebSite\",\"@id\":\"https:\\\/\\\/darkamazi.info\\\/#website\",\"url\":\"https:\\\/\\\/darkamazi.info\\\/\",\"name\":\"Darka Maz\u00ee\",\"description\":\"P\u00eageha Zanyariy\u00ean Nebih\u00eest\u00ee\",\"publisher\":{\"@id\":\"https:\\\/\\\/darkamazi.info\\\/#organization\"},\"potentialAction\":[{\"@type\":\"SearchAction\",\"target\":{\"@type\":\"EntryPoint\",\"urlTemplate\":\"https:\\\/\\\/darkamazi.info\\\/?s={search_term_string}\"},\"query-input\":{\"@type\":\"PropertyValueSpecification\",\"valueRequired\":true,\"valueName\":\"search_term_string\"}}],\"inLanguage\":\"en-US\"},{\"@type\":\"Organization\",\"@id\":\"https:\\\/\\\/darkamazi.info\\\/#organization\",\"name\":\"Darka Maz\u00ee\",\"url\":\"https:\\\/\\\/darkamazi.info\\\/\",\"logo\":{\"@type\":\"ImageObject\",\"inLanguage\":\"en-US\",\"@id\":\"https:\\\/\\\/darkamazi.info\\\/#\\\/schema\\\/logo\\\/image\\\/\",\"url\":\"https:\\\/\\\/darkamazi.info\\\/darka-content\\\/uploads\\\/2017\\\/12\\\/darka-mazi-logo.png\",\"contentUrl\":\"https:\\\/\\\/darkamazi.info\\\/darka-content\\\/uploads\\\/2017\\\/12\\\/darka-mazi-logo.png\",\"width\":151,\"height\":75,\"caption\":\"Darka Maz\u00ee\"},\"image\":{\"@id\":\"https:\\\/\\\/darkamazi.info\\\/#\\\/schema\\\/logo\\\/image\\\/\"},\"sameAs\":[\"https:\\\/\\\/www.facebook.com\\\/DarMaziKurmanci\",\"https:\\\/\\\/x.com\\\/DarkaMaziLatini\",\"https:\\\/\\\/www.instagram.com\\\/darkamazi.kurmanci\\\/\",\"https:\\\/\\\/www.youtube.com\\\/channel\\\/UCa5HkTdmI8U1qCUFuTw8B2g\"]},{\"@type\":\"Person\",\"@id\":\"https:\\\/\\\/darkamazi.info\\\/#\\\/schema\\\/person\\\/5ad3e24553a0567993fa8ed4bd0a776c\",\"name\":\"darka mazi\",\"sameAs\":[\"https:\\\/\\\/darkamazi.info\\\/\"],\"url\":\"https:\\\/\\\/darkamazi.info\\\/archives\\\/author\\\/kurdi\"}]}<\/script>\n<!-- \/ Yoast SEO plugin. -->","seo_head_json":{"title":"DESTH\u0130LATA ROJAVA R\u00ca NADE KO\u00c7BER DERBAS\u00ce BA\u015e\u00dbR B\u0130B\u0130N - Darka Maz\u00ee","robots":{"index":"index","follow":"follow","max-snippet":"max-snippet:-1","max-image-preview":"max-image-preview:large","max-video-preview":"max-video-preview:-1"},"canonical":"https:\/\/darkamazi.info\/archives\/1009117","og_locale":"en_US","og_type":"article","og_title":"DESTH\u0130LATA ROJAVA R\u00ca NADE KO\u00c7BER DERBAS\u00ce BA\u015e\u00dbR B\u0130B\u0130N - Darka Maz\u00ee","og_description":"Ji destp\u00eaka \u00ear\u00ee\u015fa dag\u00eerkar\u00ee a Tirkiy\u00ea, n\u00eaz\u00ee 5 hezar ko\u00e7ber\u00ean Rojava Kurdistan\u00ea hatine Her\u00eama Ba\u015f\u00fbr\u00ea Kurdistan\u00ea, l\u00ea desthilata Rojava pisgir\u00eakan bo wan ko\u00e7beran dirist dike ku dixwazin derbas\u00ee Ba\u015f\u00fbr bibin. Wez\u00eer\u00ea navxwe y\u00ea Hik\u00fbmeta Her\u00eama Kurdistan\u00ea R\u00eaber Ehmed ragihand ku heya niha 5 hezar penaber\u00ean Rojava Kurdistan\u00ea ji ber \u015fer hatine Her\u00eama Kurdistan\u00ea. Li derbar\u00ea [&hellip;]","og_url":"https:\/\/darkamazi.info\/archives\/1009117","og_site_name":"Darka Maz\u00ee","article_publisher":"https:\/\/www.facebook.com\/DarMaziKurmanci","article_published_time":"2019-10-22T16:38:23+00:00","article_modified_time":"2019-10-22T17:34:27+00:00","og_image":[{"width":627,"height":348,"url":"https:\/\/darkamazi.info\/file\/2019\/10\/semalka.jpg","type":"image\/jpeg"}],"author":"darka mazi","twitter_card":"summary_large_image","twitter_creator":"@DarkaMaziLatini","twitter_site":"@DarkaMaziLatini","twitter_misc":{"Written by":"darka mazi","Est. reading time":"1 minute"},"schema":{"@context":"https:\/\/schema.org","@graph":[{"@type":"Article","@id":"https:\/\/darkamazi.info\/archives\/1009117#article","isPartOf":{"@id":"https:\/\/darkamazi.info\/archives\/1009117"},"author":{"name":"darka mazi","@id":"https:\/\/darkamazi.info\/#\/schema\/person\/5ad3e24553a0567993fa8ed4bd0a776c"},"headline":"DESTH\u0130LATA ROJAVA R\u00ca NADE KO\u00c7BER DERBAS\u00ce BA\u015e\u00dbR B\u0130B\u0130N","datePublished":"2019-10-22T16:38:23+00:00","dateModified":"2019-10-22T17:34:27+00:00","mainEntityOfPage":{"@id":"https:\/\/darkamazi.info\/archives\/1009117"},"wordCount":216,"publisher":{"@id":"https:\/\/darkamazi.info\/#organization"},"image":{"@id":"https:\/\/darkamazi.info\/archives\/1009117#primaryimage"},"thumbnailUrl":"https:\/\/darkamazi.info\/file\/2019\/10\/semalka.jpg","articleSection":["Kurdistan"],"inLanguage":"en-US"},{"@type":"WebPage","@id":"https:\/\/darkamazi.info\/archives\/1009117","url":"https:\/\/darkamazi.info\/archives\/1009117","name":"DESTH\u0130LATA ROJAVA R\u00ca NADE KO\u00c7BER DERBAS\u00ce BA\u015e\u00dbR B\u0130B\u0130N - Darka Maz\u00ee","isPartOf":{"@id":"https:\/\/darkamazi.info\/#website"},"primaryImageOfPage":{"@id":"https:\/\/darkamazi.info\/archives\/1009117#primaryimage"},"image":{"@id":"https:\/\/darkamazi.info\/archives\/1009117#primaryimage"},"thumbnailUrl":"https:\/\/darkamazi.info\/file\/2019\/10\/semalka.jpg","datePublished":"2019-10-22T16:38:23+00:00","dateModified":"2019-10-22T17:34:27+00:00","breadcrumb":{"@id":"https:\/\/darkamazi.info\/archives\/1009117#breadcrumb"},"inLanguage":"en-US","potentialAction":[{"@type":"ReadAction","target":["https:\/\/darkamazi.info\/archives\/1009117"]}]},{"@type":"ImageObject","inLanguage":"en-US","@id":"https:\/\/darkamazi.info\/archives\/1009117#primaryimage","url":"https:\/\/darkamazi.info\/file\/2019\/10\/semalka.jpg","contentUrl":"https:\/\/darkamazi.info\/file\/2019\/10\/semalka.jpg","width":627,"height":348,"caption":"DESTHiLATA ROJAVA R\u00ca NADE KO\u00c7BER DERBAS\u00ce BA\u015e\u00dbR B\u0130B\u0130N"},{"@type":"BreadcrumbList","@id":"https:\/\/darkamazi.info\/archives\/1009117#breadcrumb","itemListElement":[{"@type":"ListItem","position":1,"name":"Home","item":"https:\/\/darkamazi.info\/"},{"@type":"ListItem","position":2,"name":"DESTH\u0130LATA ROJAVA R\u00ca NADE KO\u00c7BER DERBAS\u00ce BA\u015e\u00dbR B\u0130B\u0130N"}]},{"@type":"WebSite","@id":"https:\/\/darkamazi.info\/#website","url":"https:\/\/darkamazi.info\/","name":"Darka Maz\u00ee","description":"P\u00eageha Zanyariy\u00ean Nebih\u00eest\u00ee","publisher":{"@id":"https:\/\/darkamazi.info\/#organization"},"potentialAction":[{"@type":"SearchAction","target":{"@type":"EntryPoint","urlTemplate":"https:\/\/darkamazi.info\/?s={search_term_string}"},"query-input":{"@type":"PropertyValueSpecification","valueRequired":true,"valueName":"search_term_string"}}],"inLanguage":"en-US"},{"@type":"Organization","@id":"https:\/\/darkamazi.info\/#organization","name":"Darka Maz\u00ee","url":"https:\/\/darkamazi.info\/","logo":{"@type":"ImageObject","inLanguage":"en-US","@id":"https:\/\/darkamazi.info\/#\/schema\/logo\/image\/","url":"https:\/\/darkamazi.info\/file\/2017\/12\/darka-mazi-logo.png","contentUrl":"https:\/\/darkamazi.info\/file\/2017\/12\/darka-mazi-logo.png","width":151,"height":75,"caption":"Darka Maz\u00ee"},"image":{"@id":"https:\/\/darkamazi.info\/#\/schema\/logo\/image\/"},"sameAs":["https:\/\/www.facebook.com\/DarMaziKurmanci","https:\/\/x.com\/DarkaMaziLatini","https:\/\/www.instagram.com\/darkamazi.kurmanci\/","https:\/\/www.youtube.com\/channel\/UCa5HkTdmI8U1qCUFuTw8B2g"]},{"@type":"Person","@id":"https:\/\/darkamazi.info\/#\/schema\/person\/5ad3e24553a0567993fa8ed4bd0a776c","name":"darka mazi","sameAs":["https:\/\/darkamazi.info\/"],"url":"https:\/\/darkamazi.info\/archives\/author\/kurdi"}]}},"_links":{"self":[{"href":"https:\/\/darkamazi.info\/funavuv\/wp\/v2\/posts\/1009117","targetHints":{"allow":["GET"]}}],"collection":[{"href":"https:\/\/darkamazi.info\/funavuv\/wp\/v2\/posts"}],"about":[{"href":"https:\/\/darkamazi.info\/funavuv\/wp\/v2\/types\/post"}],"author":[{"embeddable":true,"href":"https:\/\/darkamazi.info\/funavuv\/wp\/v2\/users\/2"}],"replies":[{"embeddable":true,"href":"https:\/\/darkamazi.info\/funavuv\/wp\/v2\/comments?post=1009117"}],"version-history":[{"count":0,"href":"https:\/\/darkamazi.info\/funavuv\/wp\/v2\/posts\/1009117\/revisions"}],"wp:featuredmedia":[{"embeddable":true,"href":"https:\/\/darkamazi.info\/funavuv\/wp\/v2\/media\/1009118"}],"wp:attachment":[{"href":"https:\/\/darkamazi.info\/funavuv\/wp\/v2\/media?parent=1009117"}],"wp:term":[{"taxonomy":"category","embeddable":true,"href":"https:\/\/darkamazi.info\/funavuv\/wp\/v2\/categories?post=1009117"},{"taxonomy":"post_tag","embeddable":true,"href":"https:\/\/darkamazi.info\/funavuv\/wp\/v2\/tags?post=1009117"}],"curies":[{"name":"wp","href":"https:\/\/api.w.org\/{rel}","templated":true}]}}