{"id":1009130,"date":"2019-10-23T14:55:45","date_gmt":"2019-10-23T11:55:45","guid":{"rendered":"https:\/\/darkamazi.info\/?p=1009130"},"modified":"2019-10-23T14:55:45","modified_gmt":"2019-10-23T11:55:45","slug":"ceteyen-tirkan-bi-tekbira-ellah-birezi-bi-ceseda-servaneke-kirin","status":"publish","type":"post","link":"https:\/\/darkamazi.info\/archives\/1009130","title":{"rendered":"\u00c7ETEY\u00caN T\u0130RKAN B\u0130 TEKB\u00ceRA &#8220;ELLAH&#8221; B\u0130R\u00caZ\u00ce B\u0130 CESEDA \u015eERVANEK\u00ca K\u0130R\u0130N"},"content":{"rendered":"<h2><strong>\u00c7etey\u00ean Tirkiy\u00ea ku nav\u00ea arte\u015fa azad a S\u00fbriy\u00ea li sere \u00fb di \u00ear\u00ee\u015fa dag\u00eerkariy\u00ea de ji bo berjewendiya Tirkiy\u00ea \u00a0\u015fer dikin, b\u00ear\u00eaz\u00ee bi ceseda \u015fervaneka YPJ\u2019\u00ea kir.<\/strong><\/h2>\n<h3>Ner\u00eengeha S\u00fbriy\u00ea a maf\u00ean mirovan d\u00eemen\u00ean \u00ear\u00ee\u015feke \u00e7etey\u00ean arte\u015fa azad a S\u00fbriy\u00ea \u00ean feyleqa bi nav\u00ea Mecd li ser nuqteyeke yek\u00eeney\u00ean parastina jinan YPJ\u2019\u00ea li Rojava Kurdistan\u00ea we\u015fandine \u00fb t\u00eade wwiw.syrahr.com, b\u00ear\u00eaziy\u00ea bi ceseda \u015fervaneka jin dikin.<\/h3>\n<h3>Ner\u00eengeh\u00ea e\u015fkere kiriye ku ev \u00ear\u00ee\u015f duh roja s\u00ea\u015fem\u00ee 22 cotmeh\u00ea li gundewar\u00ea koban\u00ea hatye p\u00eak an\u00een.<\/h3>\n<h3>Ev d\u00eemen hemaway\u00ea w\u00ea b\u00ear\u00eaziy\u00ea ye ku \u00e7etey\u00ean arte\u015fa Tirkiy\u00ea \u00a0di \u015fibata sala rab\u00fbr\u00ee de li Efr\u00een\u00ea encam day, wexta ku ceseda \u015fervaneka din a YPJ\u2019\u00ea bi nav\u00ea Bar\u00een Koban\u00ee b\u00ea rumet kir\u00ee.<\/h3>\n<h3>D\u00eemen\u00ean ku ner\u00eengeh\u00ea we\u015fand\u00ee:<\/h3>\n<div style=\"width: 640px;\" class=\"darka-video\"><video class=\"darka-video-shortcode\" id=\"video-1009130-1\" width=\"640\" height=\"368\" preload=\"metadata\" controls=\"controls\"><source type=\"video\/mp4\" src=\"https:\/\/darkamazi.info\/file\/2019\/10\/Turk.mp4?_=1\" \/><a href=\"https:\/\/darkamazi.info\/file\/2019\/10\/Turk.mp4\">https:\/\/darkamazi.info\/file\/2019\/10\/Turk.mp4<\/a><\/video><\/div>\n","protected":false},"excerpt":{"rendered":"<p>\u00c7etey\u00ean Tirkiy\u00ea ku nav\u00ea arte\u015fa azad a S\u00fbriy\u00ea li sere \u00fb di \u00ear\u00ee\u015fa dag\u00eerkariy\u00ea de ji bo berjewendiya Tirkiy\u00ea \u00a0\u015fer dikin, b\u00ear\u00eaz\u00ee bi ceseda \u015fervaneka YPJ\u2019\u00ea kir. Ner\u00eengeha S\u00fbriy\u00ea a maf\u00ean mirovan d\u00eemen\u00ean \u00ear\u00ee\u015feke \u00e7etey\u00ean arte\u015fa azad a S\u00fbriy\u00ea \u00ean feyleqa bi nav\u00ea Mecd li ser nuqteyeke yek\u00eeney\u00ean parastina jinan YPJ\u2019\u00ea li Rojava Kurdistan\u00ea we\u015fandine [&hellip;]<\/p>\n","protected":false},"author":2,"featured_media":1009132,"comment_status":"closed","ping_status":"closed","sticky":false,"template":"","format":"standard","meta":{"footnotes":""},"categories":[29],"tags":[37],"class_list":["post-1009130","post","type-post","status-publish","format-standard","has-post-thumbnail","hentry","category-kurdistan","tag-sereke"],"blocksy_meta":[],"seo_head":"<!-- This site is optimized with the Yoast SEO plugin v27.5 - https:\/\/yoast.com\/product\/yoast-seo-wordpress\/ -->\n<title>\u00c7ETEY\u00caN T\u0130RKAN B\u0130 TEKB\u00ceRA &quot;ELLAH&quot; B\u0130R\u00caZ\u00ce B\u0130 CESEDA \u015eERVANEK\u00ca K\u0130R\u0130N - Darka Maz\u00ee<\/title>\n<meta name=\"robots\" content=\"index, follow, max-snippet:-1, max-image-preview:large, max-video-preview:-1\" \/>\n<link rel=\"canonical\" href=\"https:\/\/darkamazi.info\/archives\/1009130\" \/>\n<meta property=\"og:locale\" content=\"en_US\" \/>\n<meta property=\"og:type\" content=\"article\" \/>\n<meta property=\"og:title\" content=\"\u00c7ETEY\u00caN T\u0130RKAN B\u0130 TEKB\u00ceRA &quot;ELLAH&quot; B\u0130R\u00caZ\u00ce B\u0130 CESEDA \u015eERVANEK\u00ca K\u0130R\u0130N - Darka Maz\u00ee\" \/>\n<meta property=\"og:description\" content=\"\u00c7etey\u00ean Tirkiy\u00ea ku nav\u00ea arte\u015fa azad a S\u00fbriy\u00ea li sere \u00fb di \u00ear\u00ee\u015fa dag\u00eerkariy\u00ea de ji bo berjewendiya Tirkiy\u00ea \u00a0\u015fer dikin, b\u00ear\u00eaz\u00ee bi ceseda \u015fervaneka YPJ\u2019\u00ea kir. Ner\u00eengeha S\u00fbriy\u00ea a maf\u00ean mirovan d\u00eemen\u00ean \u00ear\u00ee\u015feke \u00e7etey\u00ean arte\u015fa azad a S\u00fbriy\u00ea \u00ean feyleqa bi nav\u00ea Mecd li ser nuqteyeke yek\u00eeney\u00ean parastina jinan YPJ\u2019\u00ea li Rojava Kurdistan\u00ea we\u015fandine [&hellip;]\" \/>\n<meta property=\"og:url\" content=\"https:\/\/darkamazi.info\/archives\/1009130\" \/>\n<meta property=\"og:site_name\" content=\"Darka Maz\u00ee\" \/>\n<meta property=\"article:publisher\" content=\"https:\/\/www.facebook.com\/DarMaziKurmanci\" \/>\n<meta property=\"article:published_time\" content=\"2019-10-23T11:55:45+00:00\" \/>\n<meta property=\"og:image\" content=\"https:\/\/darkamazi.info\/file\/2019\/10\/Turk.jpg\" \/>\n\t<meta property=\"og:image:width\" content=\"1513\" \/>\n\t<meta property=\"og:image:height\" content=\"881\" \/>\n\t<meta property=\"og:image:type\" content=\"image\/jpeg\" \/>\n<meta name=\"author\" content=\"darka mazi\" \/>\n<meta name=\"twitter:card\" content=\"summary_large_image\" \/>\n<meta name=\"twitter:creator\" content=\"@DarkaMaziLatini\" \/>\n<meta name=\"twitter:site\" content=\"@DarkaMaziLatini\" \/>\n<meta name=\"twitter:label1\" content=\"Written by\" \/>\n\t<meta name=\"twitter:data1\" content=\"darka mazi\" \/>\n\t<meta name=\"twitter:label2\" content=\"Est. reading time\" \/>\n\t<meta name=\"twitter:data2\" content=\"1 minute\" \/>\n<script type=\"application\/ld+json\" class=\"seo-schema-graph\">{\"@context\":\"https:\\\/\\\/schema.org\",\"@graph\":[{\"@type\":\"Article\",\"@id\":\"https:\\\/\\\/darkamazi.info\\\/archives\\\/1009130#article\",\"isPartOf\":{\"@id\":\"https:\\\/\\\/darkamazi.info\\\/archives\\\/1009130\"},\"author\":{\"name\":\"darka mazi\",\"@id\":\"https:\\\/\\\/darkamazi.info\\\/#\\\/schema\\\/person\\\/5ad3e24553a0567993fa8ed4bd0a776c\"},\"headline\":\"\u00c7ETEY\u00caN T\u0130RKAN B\u0130 TEKB\u00ceRA &#8220;ELLAH&#8221; B\u0130R\u00caZ\u00ce B\u0130 CESEDA \u015eERVANEK\u00ca K\u0130R\u0130N\",\"datePublished\":\"2019-10-23T11:55:45+00:00\",\"mainEntityOfPage\":{\"@id\":\"https:\\\/\\\/darkamazi.info\\\/archives\\\/1009130\"},\"wordCount\":185,\"publisher\":{\"@id\":\"https:\\\/\\\/darkamazi.info\\\/#organization\"},\"image\":{\"@id\":\"https:\\\/\\\/darkamazi.info\\\/archives\\\/1009130#primaryimage\"},\"thumbnailUrl\":\"https:\\\/\\\/darkamazi.info\\\/darka-content\\\/uploads\\\/2019\\\/10\\\/Turk.jpg\",\"keywords\":[\"sereke\"],\"articleSection\":[\"Kurdistan\"],\"inLanguage\":\"en-US\"},{\"@type\":\"WebPage\",\"@id\":\"https:\\\/\\\/darkamazi.info\\\/archives\\\/1009130\",\"url\":\"https:\\\/\\\/darkamazi.info\\\/archives\\\/1009130\",\"name\":\"\u00c7ETEY\u00caN T\u0130RKAN B\u0130 TEKB\u00ceRA \\\"ELLAH\\\" B\u0130R\u00caZ\u00ce B\u0130 CESEDA \u015eERVANEK\u00ca K\u0130R\u0130N - Darka Maz\u00ee\",\"isPartOf\":{\"@id\":\"https:\\\/\\\/darkamazi.info\\\/#website\"},\"primaryImageOfPage\":{\"@id\":\"https:\\\/\\\/darkamazi.info\\\/archives\\\/1009130#primaryimage\"},\"image\":{\"@id\":\"https:\\\/\\\/darkamazi.info\\\/archives\\\/1009130#primaryimage\"},\"thumbnailUrl\":\"https:\\\/\\\/darkamazi.info\\\/darka-content\\\/uploads\\\/2019\\\/10\\\/Turk.jpg\",\"datePublished\":\"2019-10-23T11:55:45+00:00\",\"breadcrumb\":{\"@id\":\"https:\\\/\\\/darkamazi.info\\\/archives\\\/1009130#breadcrumb\"},\"inLanguage\":\"en-US\",\"potentialAction\":[{\"@type\":\"ReadAction\",\"target\":[\"https:\\\/\\\/darkamazi.info\\\/archives\\\/1009130\"]}]},{\"@type\":\"ImageObject\",\"inLanguage\":\"en-US\",\"@id\":\"https:\\\/\\\/darkamazi.info\\\/archives\\\/1009130#primaryimage\",\"url\":\"https:\\\/\\\/darkamazi.info\\\/darka-content\\\/uploads\\\/2019\\\/10\\\/Turk.jpg\",\"contentUrl\":\"https:\\\/\\\/darkamazi.info\\\/darka-content\\\/uploads\\\/2019\\\/10\\\/Turk.jpg\",\"width\":1513,\"height\":881,\"caption\":\"\u00c7ETEY\u00caN T\u0130RKAN B\u0130 TEKB\u00ceRA \\\"ELLAH\\\" B\u0130R\u00caZ\u00ce B\u0130 CESEDA \u015eERVANEK\u00ca K\u0130R\u0130N\"},{\"@type\":\"BreadcrumbList\",\"@id\":\"https:\\\/\\\/darkamazi.info\\\/archives\\\/1009130#breadcrumb\",\"itemListElement\":[{\"@type\":\"ListItem\",\"position\":1,\"name\":\"Home\",\"item\":\"https:\\\/\\\/darkamazi.info\\\/\"},{\"@type\":\"ListItem\",\"position\":2,\"name\":\"\u00c7ETEY\u00caN T\u0130RKAN B\u0130 TEKB\u00ceRA &#8220;ELLAH&#8221; B\u0130R\u00caZ\u00ce B\u0130 CESEDA \u015eERVANEK\u00ca K\u0130R\u0130N\"}]},{\"@type\":\"WebSite\",\"@id\":\"https:\\\/\\\/darkamazi.info\\\/#website\",\"url\":\"https:\\\/\\\/darkamazi.info\\\/\",\"name\":\"Darka Maz\u00ee\",\"description\":\"P\u00eageha Zanyariy\u00ean Nebih\u00eest\u00ee\",\"publisher\":{\"@id\":\"https:\\\/\\\/darkamazi.info\\\/#organization\"},\"potentialAction\":[{\"@type\":\"SearchAction\",\"target\":{\"@type\":\"EntryPoint\",\"urlTemplate\":\"https:\\\/\\\/darkamazi.info\\\/?s={search_term_string}\"},\"query-input\":{\"@type\":\"PropertyValueSpecification\",\"valueRequired\":true,\"valueName\":\"search_term_string\"}}],\"inLanguage\":\"en-US\"},{\"@type\":\"Organization\",\"@id\":\"https:\\\/\\\/darkamazi.info\\\/#organization\",\"name\":\"Darka Maz\u00ee\",\"url\":\"https:\\\/\\\/darkamazi.info\\\/\",\"logo\":{\"@type\":\"ImageObject\",\"inLanguage\":\"en-US\",\"@id\":\"https:\\\/\\\/darkamazi.info\\\/#\\\/schema\\\/logo\\\/image\\\/\",\"url\":\"https:\\\/\\\/darkamazi.info\\\/darka-content\\\/uploads\\\/2017\\\/12\\\/darka-mazi-logo.png\",\"contentUrl\":\"https:\\\/\\\/darkamazi.info\\\/darka-content\\\/uploads\\\/2017\\\/12\\\/darka-mazi-logo.png\",\"width\":151,\"height\":75,\"caption\":\"Darka Maz\u00ee\"},\"image\":{\"@id\":\"https:\\\/\\\/darkamazi.info\\\/#\\\/schema\\\/logo\\\/image\\\/\"},\"sameAs\":[\"https:\\\/\\\/www.facebook.com\\\/DarMaziKurmanci\",\"https:\\\/\\\/x.com\\\/DarkaMaziLatini\",\"https:\\\/\\\/www.instagram.com\\\/darkamazi.kurmanci\\\/\",\"https:\\\/\\\/www.youtube.com\\\/channel\\\/UCa5HkTdmI8U1qCUFuTw8B2g\"]},{\"@type\":\"Person\",\"@id\":\"https:\\\/\\\/darkamazi.info\\\/#\\\/schema\\\/person\\\/5ad3e24553a0567993fa8ed4bd0a776c\",\"name\":\"darka mazi\",\"sameAs\":[\"https:\\\/\\\/darkamazi.info\\\/\"],\"url\":\"https:\\\/\\\/darkamazi.info\\\/archives\\\/author\\\/kurdi\"}]}<\/script>\n<!-- \/ Yoast SEO plugin. -->","seo_head_json":{"title":"\u00c7ETEY\u00caN T\u0130RKAN B\u0130 TEKB\u00ceRA \"ELLAH\" B\u0130R\u00caZ\u00ce B\u0130 CESEDA \u015eERVANEK\u00ca K\u0130R\u0130N - Darka Maz\u00ee","robots":{"index":"index","follow":"follow","max-snippet":"max-snippet:-1","max-image-preview":"max-image-preview:large","max-video-preview":"max-video-preview:-1"},"canonical":"https:\/\/darkamazi.info\/archives\/1009130","og_locale":"en_US","og_type":"article","og_title":"\u00c7ETEY\u00caN T\u0130RKAN B\u0130 TEKB\u00ceRA \"ELLAH\" B\u0130R\u00caZ\u00ce B\u0130 CESEDA \u015eERVANEK\u00ca K\u0130R\u0130N - Darka Maz\u00ee","og_description":"\u00c7etey\u00ean Tirkiy\u00ea ku nav\u00ea arte\u015fa azad a S\u00fbriy\u00ea li sere \u00fb di \u00ear\u00ee\u015fa dag\u00eerkariy\u00ea de ji bo berjewendiya Tirkiy\u00ea \u00a0\u015fer dikin, b\u00ear\u00eaz\u00ee bi ceseda \u015fervaneka YPJ\u2019\u00ea kir. Ner\u00eengeha S\u00fbriy\u00ea a maf\u00ean mirovan d\u00eemen\u00ean \u00ear\u00ee\u015feke \u00e7etey\u00ean arte\u015fa azad a S\u00fbriy\u00ea \u00ean feyleqa bi nav\u00ea Mecd li ser nuqteyeke yek\u00eeney\u00ean parastina jinan YPJ\u2019\u00ea li Rojava Kurdistan\u00ea we\u015fandine [&hellip;]","og_url":"https:\/\/darkamazi.info\/archives\/1009130","og_site_name":"Darka Maz\u00ee","article_publisher":"https:\/\/www.facebook.com\/DarMaziKurmanci","article_published_time":"2019-10-23T11:55:45+00:00","og_image":[{"width":1513,"height":881,"url":"https:\/\/darkamazi.info\/file\/2019\/10\/Turk.jpg","type":"image\/jpeg"}],"author":"darka mazi","twitter_card":"summary_large_image","twitter_creator":"@DarkaMaziLatini","twitter_site":"@DarkaMaziLatini","twitter_misc":{"Written by":"darka mazi","Est. reading time":"1 minute"},"schema":{"@context":"https:\/\/schema.org","@graph":[{"@type":"Article","@id":"https:\/\/darkamazi.info\/archives\/1009130#article","isPartOf":{"@id":"https:\/\/darkamazi.info\/archives\/1009130"},"author":{"name":"darka mazi","@id":"https:\/\/darkamazi.info\/#\/schema\/person\/5ad3e24553a0567993fa8ed4bd0a776c"},"headline":"\u00c7ETEY\u00caN T\u0130RKAN B\u0130 TEKB\u00ceRA &#8220;ELLAH&#8221; B\u0130R\u00caZ\u00ce B\u0130 CESEDA \u015eERVANEK\u00ca K\u0130R\u0130N","datePublished":"2019-10-23T11:55:45+00:00","mainEntityOfPage":{"@id":"https:\/\/darkamazi.info\/archives\/1009130"},"wordCount":185,"publisher":{"@id":"https:\/\/darkamazi.info\/#organization"},"image":{"@id":"https:\/\/darkamazi.info\/archives\/1009130#primaryimage"},"thumbnailUrl":"https:\/\/darkamazi.info\/file\/2019\/10\/Turk.jpg","keywords":["sereke"],"articleSection":["Kurdistan"],"inLanguage":"en-US"},{"@type":"WebPage","@id":"https:\/\/darkamazi.info\/archives\/1009130","url":"https:\/\/darkamazi.info\/archives\/1009130","name":"\u00c7ETEY\u00caN T\u0130RKAN B\u0130 TEKB\u00ceRA \"ELLAH\" B\u0130R\u00caZ\u00ce B\u0130 CESEDA \u015eERVANEK\u00ca K\u0130R\u0130N - Darka Maz\u00ee","isPartOf":{"@id":"https:\/\/darkamazi.info\/#website"},"primaryImageOfPage":{"@id":"https:\/\/darkamazi.info\/archives\/1009130#primaryimage"},"image":{"@id":"https:\/\/darkamazi.info\/archives\/1009130#primaryimage"},"thumbnailUrl":"https:\/\/darkamazi.info\/file\/2019\/10\/Turk.jpg","datePublished":"2019-10-23T11:55:45+00:00","breadcrumb":{"@id":"https:\/\/darkamazi.info\/archives\/1009130#breadcrumb"},"inLanguage":"en-US","potentialAction":[{"@type":"ReadAction","target":["https:\/\/darkamazi.info\/archives\/1009130"]}]},{"@type":"ImageObject","inLanguage":"en-US","@id":"https:\/\/darkamazi.info\/archives\/1009130#primaryimage","url":"https:\/\/darkamazi.info\/file\/2019\/10\/Turk.jpg","contentUrl":"https:\/\/darkamazi.info\/file\/2019\/10\/Turk.jpg","width":1513,"height":881,"caption":"\u00c7ETEY\u00caN T\u0130RKAN B\u0130 TEKB\u00ceRA \"ELLAH\" B\u0130R\u00caZ\u00ce B\u0130 CESEDA \u015eERVANEK\u00ca K\u0130R\u0130N"},{"@type":"BreadcrumbList","@id":"https:\/\/darkamazi.info\/archives\/1009130#breadcrumb","itemListElement":[{"@type":"ListItem","position":1,"name":"Home","item":"https:\/\/darkamazi.info\/"},{"@type":"ListItem","position":2,"name":"\u00c7ETEY\u00caN T\u0130RKAN B\u0130 TEKB\u00ceRA &#8220;ELLAH&#8221; B\u0130R\u00caZ\u00ce B\u0130 CESEDA \u015eERVANEK\u00ca K\u0130R\u0130N"}]},{"@type":"WebSite","@id":"https:\/\/darkamazi.info\/#website","url":"https:\/\/darkamazi.info\/","name":"Darka Maz\u00ee","description":"P\u00eageha Zanyariy\u00ean Nebih\u00eest\u00ee","publisher":{"@id":"https:\/\/darkamazi.info\/#organization"},"potentialAction":[{"@type":"SearchAction","target":{"@type":"EntryPoint","urlTemplate":"https:\/\/darkamazi.info\/?s={search_term_string}"},"query-input":{"@type":"PropertyValueSpecification","valueRequired":true,"valueName":"search_term_string"}}],"inLanguage":"en-US"},{"@type":"Organization","@id":"https:\/\/darkamazi.info\/#organization","name":"Darka Maz\u00ee","url":"https:\/\/darkamazi.info\/","logo":{"@type":"ImageObject","inLanguage":"en-US","@id":"https:\/\/darkamazi.info\/#\/schema\/logo\/image\/","url":"https:\/\/darkamazi.info\/file\/2017\/12\/darka-mazi-logo.png","contentUrl":"https:\/\/darkamazi.info\/file\/2017\/12\/darka-mazi-logo.png","width":151,"height":75,"caption":"Darka Maz\u00ee"},"image":{"@id":"https:\/\/darkamazi.info\/#\/schema\/logo\/image\/"},"sameAs":["https:\/\/www.facebook.com\/DarMaziKurmanci","https:\/\/x.com\/DarkaMaziLatini","https:\/\/www.instagram.com\/darkamazi.kurmanci\/","https:\/\/www.youtube.com\/channel\/UCa5HkTdmI8U1qCUFuTw8B2g"]},{"@type":"Person","@id":"https:\/\/darkamazi.info\/#\/schema\/person\/5ad3e24553a0567993fa8ed4bd0a776c","name":"darka mazi","sameAs":["https:\/\/darkamazi.info\/"],"url":"https:\/\/darkamazi.info\/archives\/author\/kurdi"}]}},"_links":{"self":[{"href":"https:\/\/darkamazi.info\/funavuv\/wp\/v2\/posts\/1009130","targetHints":{"allow":["GET"]}}],"collection":[{"href":"https:\/\/darkamazi.info\/funavuv\/wp\/v2\/posts"}],"about":[{"href":"https:\/\/darkamazi.info\/funavuv\/wp\/v2\/types\/post"}],"author":[{"embeddable":true,"href":"https:\/\/darkamazi.info\/funavuv\/wp\/v2\/users\/2"}],"replies":[{"embeddable":true,"href":"https:\/\/darkamazi.info\/funavuv\/wp\/v2\/comments?post=1009130"}],"version-history":[{"count":0,"href":"https:\/\/darkamazi.info\/funavuv\/wp\/v2\/posts\/1009130\/revisions"}],"wp:featuredmedia":[{"embeddable":true,"href":"https:\/\/darkamazi.info\/funavuv\/wp\/v2\/media\/1009132"}],"wp:attachment":[{"href":"https:\/\/darkamazi.info\/funavuv\/wp\/v2\/media?parent=1009130"}],"wp:term":[{"taxonomy":"category","embeddable":true,"href":"https:\/\/darkamazi.info\/funavuv\/wp\/v2\/categories?post=1009130"},{"taxonomy":"post_tag","embeddable":true,"href":"https:\/\/darkamazi.info\/funavuv\/wp\/v2\/tags?post=1009130"}],"curies":[{"name":"wp","href":"https:\/\/api.w.org\/{rel}","templated":true}]}}