{"id":1009269,"date":"2019-10-26T18:29:29","date_gmt":"2019-10-26T15:29:29","guid":{"rendered":"https:\/\/darkamazi.info\/?p=1009269"},"modified":"2019-10-26T18:29:29","modified_gmt":"2019-10-26T15:29:29","slug":"li-elehe-bi-sedema-operasiyone-qedexe-te-ilan-kirin","status":"publish","type":"post","link":"https:\/\/darkamazi.info\/archives\/1009269","title":{"rendered":"L\u0130 \u00caLEH\u00ca B\u0130 SEDEMA OPERAS\u0130YON\u00ca QEDEXE T\u00ca \u00ceLAN K\u0130R\u0130N"},"content":{"rendered":"<h3 style=\"text-align: justify\"><span style=\"font-family: 'arial black', sans-serif\">Bi sedema operasiyon\u00ean arte\u015fa Tirkiy\u00ea li dij\u00ee Part\u00eeya Karker\u00ean Kurdistan\u00ea PKK\u2019\u00ea, li \u00caleha Bak\u00fbr\u00ea Kurdistan\u00ea qedexeya saz kirina \u00e7alakiyan bo 15 rojan hat \u00eelan kirin.<\/span><\/h3>\n<h3 style=\"text-align: justify\">\nPar\u00eazgeh\u00eeya \u00caleh\u00ea di daxweyaniyeke niv\u00eesk\u00ee de ku \u00eero roja \u015fem\u00ee 26\/10\/2019an we\u015fandiye ragihand, ji roja du\u015fem\u00ee ku dibe 28\/10\/2019an heya 15 roj\u00ean din li \u00caleh\u00ea \u00e7alak\u00ee hatin qedexe kirin.<br \/>\nPar\u00eazgeh\u00eeya \u00caleh\u00ea \u00ee\u015faret dike ku ji bo parastina can \u00fb mal\u00ea welatiyan, asay\u00ee\u015fa netewe\u00ee, maf \u00fb azad\u00eeyan hemwext r\u00eagirtin li belav b\u00fbna b\u00fbyer\u00ean tundut\u00eej\u00ee y\u00ea, qedexe dij\u00ee \u00e7alakiy\u00ean ferm\u00ee w\u00ea hebe.<\/h3>\n<h3 style=\"text-align: justify\">\n\u00c7alakiy\u00ean ku w\u00ea qedexe li ser were bic\u00ee kirin, weke civ\u00een, me\u015f, xwep\u00ea\u015fandan, vekirina standinan \u00fb m\u00eet\u00eeng\u00ean gi\u015ft\u00ee \u00ean b\u00ea dest\u00fbra par\u00eazgeh\u00eey\u00ea.<\/h3>\n","protected":false},"excerpt":{"rendered":"<p>Bi sedema operasiyon\u00ean arte\u015fa Tirkiy\u00ea li dij\u00ee Part\u00eeya Karker\u00ean Kurdistan\u00ea PKK\u2019\u00ea, li \u00caleha Bak\u00fbr\u00ea Kurdistan\u00ea qedexeya saz kirina \u00e7alakiyan bo 15 rojan hat \u00eelan kirin. Par\u00eazgeh\u00eeya \u00caleh\u00ea di daxweyaniyeke niv\u00eesk\u00ee de ku \u00eero roja \u015fem\u00ee 26\/10\/2019an we\u015fandiye ragihand, ji roja du\u015fem\u00ee ku dibe 28\/10\/2019an heya 15 roj\u00ean din li \u00caleh\u00ea \u00e7alak\u00ee hatin qedexe kirin. Par\u00eazgeh\u00eeya [&hellip;]<\/p>\n","protected":false},"author":2,"featured_media":1009270,"comment_status":"closed","ping_status":"closed","sticky":false,"template":"","format":"standard","meta":{"footnotes":""},"categories":[29],"tags":[],"class_list":["post-1009269","post","type-post","status-publish","format-standard","has-post-thumbnail","hentry","category-kurdistan"],"blocksy_meta":[],"seo_head":"<!-- This site is optimized with the Yoast SEO plugin v27.5 - https:\/\/yoast.com\/product\/yoast-seo-wordpress\/ -->\n<title>L\u0130 \u00caLEH\u00ca B\u0130 SEDEMA OPERAS\u0130YON\u00ca QEDEXE T\u00ca \u00ceLAN K\u0130R\u0130N - Darka Maz\u00ee<\/title>\n<meta name=\"robots\" content=\"index, follow, max-snippet:-1, max-image-preview:large, max-video-preview:-1\" \/>\n<link rel=\"canonical\" href=\"https:\/\/darkamazi.info\/archives\/1009269\" \/>\n<meta property=\"og:locale\" content=\"en_US\" \/>\n<meta property=\"og:type\" content=\"article\" \/>\n<meta property=\"og:title\" content=\"L\u0130 \u00caLEH\u00ca B\u0130 SEDEMA OPERAS\u0130YON\u00ca QEDEXE T\u00ca \u00ceLAN K\u0130R\u0130N - Darka Maz\u00ee\" \/>\n<meta property=\"og:description\" content=\"Bi sedema operasiyon\u00ean arte\u015fa Tirkiy\u00ea li dij\u00ee Part\u00eeya Karker\u00ean Kurdistan\u00ea PKK\u2019\u00ea, li \u00caleha Bak\u00fbr\u00ea Kurdistan\u00ea qedexeya saz kirina \u00e7alakiyan bo 15 rojan hat \u00eelan kirin. Par\u00eazgeh\u00eeya \u00caleh\u00ea di daxweyaniyeke niv\u00eesk\u00ee de ku \u00eero roja \u015fem\u00ee 26\/10\/2019an we\u015fandiye ragihand, ji roja du\u015fem\u00ee ku dibe 28\/10\/2019an heya 15 roj\u00ean din li \u00caleh\u00ea \u00e7alak\u00ee hatin qedexe kirin. Par\u00eazgeh\u00eeya [&hellip;]\" \/>\n<meta property=\"og:url\" content=\"https:\/\/darkamazi.info\/archives\/1009269\" \/>\n<meta property=\"og:site_name\" content=\"Darka Maz\u00ee\" \/>\n<meta property=\"article:publisher\" content=\"https:\/\/www.facebook.com\/DarMaziKurmanci\" \/>\n<meta property=\"article:published_time\" content=\"2019-10-26T15:29:29+00:00\" \/>\n<meta property=\"og:image\" content=\"https:\/\/darkamazi.info\/file\/2019\/10\/\u0642\u06d5\u062f\u06d5\u062e\u06d5.jpg\" \/>\n\t<meta property=\"og:image:width\" content=\"660\" \/>\n\t<meta property=\"og:image:height\" content=\"437\" \/>\n\t<meta property=\"og:image:type\" content=\"image\/jpeg\" \/>\n<meta name=\"author\" content=\"darka mazi\" \/>\n<meta name=\"twitter:card\" content=\"summary_large_image\" \/>\n<meta name=\"twitter:creator\" content=\"@DarkaMaziLatini\" \/>\n<meta name=\"twitter:site\" content=\"@DarkaMaziLatini\" \/>\n<meta name=\"twitter:label1\" content=\"Written by\" \/>\n\t<meta name=\"twitter:data1\" content=\"darka mazi\" \/>\n\t<meta name=\"twitter:label2\" content=\"Est. reading time\" \/>\n\t<meta name=\"twitter:data2\" content=\"1 minute\" \/>\n<script type=\"application\/ld+json\" class=\"seo-schema-graph\">{\"@context\":\"https:\\\/\\\/schema.org\",\"@graph\":[{\"@type\":\"Article\",\"@id\":\"https:\\\/\\\/darkamazi.info\\\/archives\\\/1009269#article\",\"isPartOf\":{\"@id\":\"https:\\\/\\\/darkamazi.info\\\/archives\\\/1009269\"},\"author\":{\"name\":\"darka mazi\",\"@id\":\"https:\\\/\\\/darkamazi.info\\\/#\\\/schema\\\/person\\\/5ad3e24553a0567993fa8ed4bd0a776c\"},\"headline\":\"L\u0130 \u00caLEH\u00ca B\u0130 SEDEMA OPERAS\u0130YON\u00ca QEDEXE T\u00ca \u00ceLAN K\u0130R\u0130N\",\"datePublished\":\"2019-10-26T15:29:29+00:00\",\"mainEntityOfPage\":{\"@id\":\"https:\\\/\\\/darkamazi.info\\\/archives\\\/1009269\"},\"wordCount\":145,\"publisher\":{\"@id\":\"https:\\\/\\\/darkamazi.info\\\/#organization\"},\"image\":{\"@id\":\"https:\\\/\\\/darkamazi.info\\\/archives\\\/1009269#primaryimage\"},\"thumbnailUrl\":\"https:\\\/\\\/darkamazi.info\\\/darka-content\\\/uploads\\\/2019\\\/10\\\/\u0642\u06d5\u062f\u06d5\u062e\u06d5.jpg\",\"articleSection\":[\"Kurdistan\"],\"inLanguage\":\"en-US\"},{\"@type\":\"WebPage\",\"@id\":\"https:\\\/\\\/darkamazi.info\\\/archives\\\/1009269\",\"url\":\"https:\\\/\\\/darkamazi.info\\\/archives\\\/1009269\",\"name\":\"L\u0130 \u00caLEH\u00ca B\u0130 SEDEMA OPERAS\u0130YON\u00ca QEDEXE T\u00ca \u00ceLAN K\u0130R\u0130N - Darka Maz\u00ee\",\"isPartOf\":{\"@id\":\"https:\\\/\\\/darkamazi.info\\\/#website\"},\"primaryImageOfPage\":{\"@id\":\"https:\\\/\\\/darkamazi.info\\\/archives\\\/1009269#primaryimage\"},\"image\":{\"@id\":\"https:\\\/\\\/darkamazi.info\\\/archives\\\/1009269#primaryimage\"},\"thumbnailUrl\":\"https:\\\/\\\/darkamazi.info\\\/darka-content\\\/uploads\\\/2019\\\/10\\\/\u0642\u06d5\u062f\u06d5\u062e\u06d5.jpg\",\"datePublished\":\"2019-10-26T15:29:29+00:00\",\"breadcrumb\":{\"@id\":\"https:\\\/\\\/darkamazi.info\\\/archives\\\/1009269#breadcrumb\"},\"inLanguage\":\"en-US\",\"potentialAction\":[{\"@type\":\"ReadAction\",\"target\":[\"https:\\\/\\\/darkamazi.info\\\/archives\\\/1009269\"]}]},{\"@type\":\"ImageObject\",\"inLanguage\":\"en-US\",\"@id\":\"https:\\\/\\\/darkamazi.info\\\/archives\\\/1009269#primaryimage\",\"url\":\"https:\\\/\\\/darkamazi.info\\\/darka-content\\\/uploads\\\/2019\\\/10\\\/\u0642\u06d5\u062f\u06d5\u062e\u06d5.jpg\",\"contentUrl\":\"https:\\\/\\\/darkamazi.info\\\/darka-content\\\/uploads\\\/2019\\\/10\\\/\u0642\u06d5\u062f\u06d5\u062e\u06d5.jpg\",\"width\":660,\"height\":437,\"caption\":\"L\u0130 \u00caLEH\u00ca B\u0130 SEDEMA OPERAS\u0130YON\u00ca QEDEXE T\u00ca \u00ceLAN K\u0130R\u0130N\"},{\"@type\":\"BreadcrumbList\",\"@id\":\"https:\\\/\\\/darkamazi.info\\\/archives\\\/1009269#breadcrumb\",\"itemListElement\":[{\"@type\":\"ListItem\",\"position\":1,\"name\":\"Home\",\"item\":\"https:\\\/\\\/darkamazi.info\\\/\"},{\"@type\":\"ListItem\",\"position\":2,\"name\":\"L\u0130 \u00caLEH\u00ca B\u0130 SEDEMA OPERAS\u0130YON\u00ca QEDEXE T\u00ca \u00ceLAN K\u0130R\u0130N\"}]},{\"@type\":\"WebSite\",\"@id\":\"https:\\\/\\\/darkamazi.info\\\/#website\",\"url\":\"https:\\\/\\\/darkamazi.info\\\/\",\"name\":\"Darka Maz\u00ee\",\"description\":\"P\u00eageha Zanyariy\u00ean Nebih\u00eest\u00ee\",\"publisher\":{\"@id\":\"https:\\\/\\\/darkamazi.info\\\/#organization\"},\"potentialAction\":[{\"@type\":\"SearchAction\",\"target\":{\"@type\":\"EntryPoint\",\"urlTemplate\":\"https:\\\/\\\/darkamazi.info\\\/?s={search_term_string}\"},\"query-input\":{\"@type\":\"PropertyValueSpecification\",\"valueRequired\":true,\"valueName\":\"search_term_string\"}}],\"inLanguage\":\"en-US\"},{\"@type\":\"Organization\",\"@id\":\"https:\\\/\\\/darkamazi.info\\\/#organization\",\"name\":\"Darka Maz\u00ee\",\"url\":\"https:\\\/\\\/darkamazi.info\\\/\",\"logo\":{\"@type\":\"ImageObject\",\"inLanguage\":\"en-US\",\"@id\":\"https:\\\/\\\/darkamazi.info\\\/#\\\/schema\\\/logo\\\/image\\\/\",\"url\":\"https:\\\/\\\/darkamazi.info\\\/darka-content\\\/uploads\\\/2017\\\/12\\\/darka-mazi-logo.png\",\"contentUrl\":\"https:\\\/\\\/darkamazi.info\\\/darka-content\\\/uploads\\\/2017\\\/12\\\/darka-mazi-logo.png\",\"width\":151,\"height\":75,\"caption\":\"Darka Maz\u00ee\"},\"image\":{\"@id\":\"https:\\\/\\\/darkamazi.info\\\/#\\\/schema\\\/logo\\\/image\\\/\"},\"sameAs\":[\"https:\\\/\\\/www.facebook.com\\\/DarMaziKurmanci\",\"https:\\\/\\\/x.com\\\/DarkaMaziLatini\",\"https:\\\/\\\/www.instagram.com\\\/darkamazi.kurmanci\\\/\",\"https:\\\/\\\/www.youtube.com\\\/channel\\\/UCa5HkTdmI8U1qCUFuTw8B2g\"]},{\"@type\":\"Person\",\"@id\":\"https:\\\/\\\/darkamazi.info\\\/#\\\/schema\\\/person\\\/5ad3e24553a0567993fa8ed4bd0a776c\",\"name\":\"darka mazi\",\"sameAs\":[\"https:\\\/\\\/darkamazi.info\\\/\"],\"url\":\"https:\\\/\\\/darkamazi.info\\\/archives\\\/author\\\/kurdi\"}]}<\/script>\n<!-- \/ Yoast SEO plugin. -->","seo_head_json":{"title":"L\u0130 \u00caLEH\u00ca B\u0130 SEDEMA OPERAS\u0130YON\u00ca QEDEXE T\u00ca \u00ceLAN K\u0130R\u0130N - Darka Maz\u00ee","robots":{"index":"index","follow":"follow","max-snippet":"max-snippet:-1","max-image-preview":"max-image-preview:large","max-video-preview":"max-video-preview:-1"},"canonical":"https:\/\/darkamazi.info\/archives\/1009269","og_locale":"en_US","og_type":"article","og_title":"L\u0130 \u00caLEH\u00ca B\u0130 SEDEMA OPERAS\u0130YON\u00ca QEDEXE T\u00ca \u00ceLAN K\u0130R\u0130N - Darka Maz\u00ee","og_description":"Bi sedema operasiyon\u00ean arte\u015fa Tirkiy\u00ea li dij\u00ee Part\u00eeya Karker\u00ean Kurdistan\u00ea PKK\u2019\u00ea, li \u00caleha Bak\u00fbr\u00ea Kurdistan\u00ea qedexeya saz kirina \u00e7alakiyan bo 15 rojan hat \u00eelan kirin. Par\u00eazgeh\u00eeya \u00caleh\u00ea di daxweyaniyeke niv\u00eesk\u00ee de ku \u00eero roja \u015fem\u00ee 26\/10\/2019an we\u015fandiye ragihand, ji roja du\u015fem\u00ee ku dibe 28\/10\/2019an heya 15 roj\u00ean din li \u00caleh\u00ea \u00e7alak\u00ee hatin qedexe kirin. Par\u00eazgeh\u00eeya [&hellip;]","og_url":"https:\/\/darkamazi.info\/archives\/1009269","og_site_name":"Darka Maz\u00ee","article_publisher":"https:\/\/www.facebook.com\/DarMaziKurmanci","article_published_time":"2019-10-26T15:29:29+00:00","og_image":[{"width":660,"height":437,"url":"https:\/\/darkamazi.info\/file\/2019\/10\/\u0642\u06d5\u062f\u06d5\u062e\u06d5.jpg","type":"image\/jpeg"}],"author":"darka mazi","twitter_card":"summary_large_image","twitter_creator":"@DarkaMaziLatini","twitter_site":"@DarkaMaziLatini","twitter_misc":{"Written by":"darka mazi","Est. reading time":"1 minute"},"schema":{"@context":"https:\/\/schema.org","@graph":[{"@type":"Article","@id":"https:\/\/darkamazi.info\/archives\/1009269#article","isPartOf":{"@id":"https:\/\/darkamazi.info\/archives\/1009269"},"author":{"name":"darka mazi","@id":"https:\/\/darkamazi.info\/#\/schema\/person\/5ad3e24553a0567993fa8ed4bd0a776c"},"headline":"L\u0130 \u00caLEH\u00ca B\u0130 SEDEMA OPERAS\u0130YON\u00ca QEDEXE T\u00ca \u00ceLAN K\u0130R\u0130N","datePublished":"2019-10-26T15:29:29+00:00","mainEntityOfPage":{"@id":"https:\/\/darkamazi.info\/archives\/1009269"},"wordCount":145,"publisher":{"@id":"https:\/\/darkamazi.info\/#organization"},"image":{"@id":"https:\/\/darkamazi.info\/archives\/1009269#primaryimage"},"thumbnailUrl":"https:\/\/darkamazi.info\/file\/2019\/10\/\u0642\u06d5\u062f\u06d5\u062e\u06d5.jpg","articleSection":["Kurdistan"],"inLanguage":"en-US"},{"@type":"WebPage","@id":"https:\/\/darkamazi.info\/archives\/1009269","url":"https:\/\/darkamazi.info\/archives\/1009269","name":"L\u0130 \u00caLEH\u00ca B\u0130 SEDEMA OPERAS\u0130YON\u00ca QEDEXE T\u00ca \u00ceLAN K\u0130R\u0130N - Darka Maz\u00ee","isPartOf":{"@id":"https:\/\/darkamazi.info\/#website"},"primaryImageOfPage":{"@id":"https:\/\/darkamazi.info\/archives\/1009269#primaryimage"},"image":{"@id":"https:\/\/darkamazi.info\/archives\/1009269#primaryimage"},"thumbnailUrl":"https:\/\/darkamazi.info\/file\/2019\/10\/\u0642\u06d5\u062f\u06d5\u062e\u06d5.jpg","datePublished":"2019-10-26T15:29:29+00:00","breadcrumb":{"@id":"https:\/\/darkamazi.info\/archives\/1009269#breadcrumb"},"inLanguage":"en-US","potentialAction":[{"@type":"ReadAction","target":["https:\/\/darkamazi.info\/archives\/1009269"]}]},{"@type":"ImageObject","inLanguage":"en-US","@id":"https:\/\/darkamazi.info\/archives\/1009269#primaryimage","url":"https:\/\/darkamazi.info\/file\/2019\/10\/\u0642\u06d5\u062f\u06d5\u062e\u06d5.jpg","contentUrl":"https:\/\/darkamazi.info\/file\/2019\/10\/\u0642\u06d5\u062f\u06d5\u062e\u06d5.jpg","width":660,"height":437,"caption":"L\u0130 \u00caLEH\u00ca B\u0130 SEDEMA OPERAS\u0130YON\u00ca QEDEXE T\u00ca \u00ceLAN K\u0130R\u0130N"},{"@type":"BreadcrumbList","@id":"https:\/\/darkamazi.info\/archives\/1009269#breadcrumb","itemListElement":[{"@type":"ListItem","position":1,"name":"Home","item":"https:\/\/darkamazi.info\/"},{"@type":"ListItem","position":2,"name":"L\u0130 \u00caLEH\u00ca B\u0130 SEDEMA OPERAS\u0130YON\u00ca QEDEXE T\u00ca \u00ceLAN K\u0130R\u0130N"}]},{"@type":"WebSite","@id":"https:\/\/darkamazi.info\/#website","url":"https:\/\/darkamazi.info\/","name":"Darka Maz\u00ee","description":"P\u00eageha Zanyariy\u00ean Nebih\u00eest\u00ee","publisher":{"@id":"https:\/\/darkamazi.info\/#organization"},"potentialAction":[{"@type":"SearchAction","target":{"@type":"EntryPoint","urlTemplate":"https:\/\/darkamazi.info\/?s={search_term_string}"},"query-input":{"@type":"PropertyValueSpecification","valueRequired":true,"valueName":"search_term_string"}}],"inLanguage":"en-US"},{"@type":"Organization","@id":"https:\/\/darkamazi.info\/#organization","name":"Darka Maz\u00ee","url":"https:\/\/darkamazi.info\/","logo":{"@type":"ImageObject","inLanguage":"en-US","@id":"https:\/\/darkamazi.info\/#\/schema\/logo\/image\/","url":"https:\/\/darkamazi.info\/file\/2017\/12\/darka-mazi-logo.png","contentUrl":"https:\/\/darkamazi.info\/file\/2017\/12\/darka-mazi-logo.png","width":151,"height":75,"caption":"Darka Maz\u00ee"},"image":{"@id":"https:\/\/darkamazi.info\/#\/schema\/logo\/image\/"},"sameAs":["https:\/\/www.facebook.com\/DarMaziKurmanci","https:\/\/x.com\/DarkaMaziLatini","https:\/\/www.instagram.com\/darkamazi.kurmanci\/","https:\/\/www.youtube.com\/channel\/UCa5HkTdmI8U1qCUFuTw8B2g"]},{"@type":"Person","@id":"https:\/\/darkamazi.info\/#\/schema\/person\/5ad3e24553a0567993fa8ed4bd0a776c","name":"darka mazi","sameAs":["https:\/\/darkamazi.info\/"],"url":"https:\/\/darkamazi.info\/archives\/author\/kurdi"}]}},"_links":{"self":[{"href":"https:\/\/darkamazi.info\/funavuv\/wp\/v2\/posts\/1009269","targetHints":{"allow":["GET"]}}],"collection":[{"href":"https:\/\/darkamazi.info\/funavuv\/wp\/v2\/posts"}],"about":[{"href":"https:\/\/darkamazi.info\/funavuv\/wp\/v2\/types\/post"}],"author":[{"embeddable":true,"href":"https:\/\/darkamazi.info\/funavuv\/wp\/v2\/users\/2"}],"replies":[{"embeddable":true,"href":"https:\/\/darkamazi.info\/funavuv\/wp\/v2\/comments?post=1009269"}],"version-history":[{"count":0,"href":"https:\/\/darkamazi.info\/funavuv\/wp\/v2\/posts\/1009269\/revisions"}],"wp:featuredmedia":[{"embeddable":true,"href":"https:\/\/darkamazi.info\/funavuv\/wp\/v2\/media\/1009270"}],"wp:attachment":[{"href":"https:\/\/darkamazi.info\/funavuv\/wp\/v2\/media?parent=1009269"}],"wp:term":[{"taxonomy":"category","embeddable":true,"href":"https:\/\/darkamazi.info\/funavuv\/wp\/v2\/categories?post=1009269"},{"taxonomy":"post_tag","embeddable":true,"href":"https:\/\/darkamazi.info\/funavuv\/wp\/v2\/tags?post=1009269"}],"curies":[{"name":"wp","href":"https:\/\/api.w.org\/{rel}","templated":true}]}}