{"id":1009298,"date":"2019-10-27T20:43:10","date_gmt":"2019-10-27T17:43:10","guid":{"rendered":"https:\/\/darkamazi.info\/?p=1009298"},"modified":"2021-09-16T15:43:09","modified_gmt":"2021-09-16T12:43:09","slug":"iran-serkesiya-kampina-baykota-tirkiye-li-kurdistane-dike","status":"publish","type":"post","link":"https:\/\/darkamazi.info\/archives\/1009298","title":{"rendered":"\u00ceran serk\u00ea\u015fiya kamp\u00eena &#8220;Baykota Tirkiy\u00ea&#8221; li Kurdistan\u00ea dike"},"content":{"rendered":"<h3 style=\"text-align: justify\"><span style=\"font-family: 'arial black', sans-serif\">N\u00eaz\u00ee 10 rojane baykot \u00fb refza kelupel\u00ean Tirkiy\u00ea li her\u00eama ba\u015f\u00fbr\u00ea Kurdistan\u00ea hinek\u00ee germ \u00fb gur b\u00fbye, gel\u00ea ba\u015f\u00fbr li ser esasa hevsoz\u00ee \u00fb at\u00eef\u00ea ji bo gel\u00ea Rojava kamp\u00een dest p\u00ea kirine, li so\u015fyal medyay\u00ea bi silogana &#8220;her d\u00eenareke ti\u015ft\u00ea Tirkiy\u00ea p\u00ea bikir\u00ee dibe gulleyek ku Tirk li wilat\u00eey\u00ean me y\u00ean Rojava dixin&#8221;, kamp\u00een p\u00ea t\u00ea me\u015fandin, tev\u00ee ku b\u00eeroka Baykot\u00ea li dij\u00ee dag\u00eerkariya Tirkiy\u00ea ye, l\u00ea bel\u00ea gereke bizan\u00een, \u00e7i aliyek li pi\u015ft Baykot\u00ea ye, k\u00ee ji Baykot\u00ea mifa werdigre, berisva ev\u00ea pirs\u00ea li cem dust\u00ean me y\u00ean &#8220;w\u00eelayeta El Feq\u00eeh&#8221;e.<\/span><\/h3>\n<h3 style=\"text-align: justify\">Komara \u00eeslam\u00ee ya \u00ceran\u00ea \u00fb Tirkiy\u00ea ku ev herdu wilat ji ezel de dujmin\u00ean gel\u00ea kurdin, ten\u00ea jibo garant\u00ee kirina berjewenda xwe tevl\u00ee nav\u00e7ey\u00ea dibin, ji bo ku em d\u00fbr\u00ee babet ne\u00e7in, Tirk \u00fb Fars her li destp\u00eaka ava b\u00fbna statoy\u00ea li her\u00eama ba\u015f\u00fbr, ewan hevrik\u00ee li ser bazar\u00ean Kurdistan\u00ea kirine, ji bo ku her yek para b\u00eahtir ya bazar jibo xwe kontrol bike, ya me&#8217;l\u00fbm &#8220;Tirkiy\u00ea li bazar\u00ean Dihok\u00ea \u00fb Hewl\u00ear\u00ea yekeme \u00fb pi\u015fka \u015f\u00ear heye \u00fb \u00ceran li bazara Sil\u00eamaniy\u00ea yekeme&#8221;.<\/h3>\n<h3 style=\"text-align: justify\">Bi gotneke din, Tirkiy\u00ea bi 7 milyar dolaran kalayan di\u015f\u00eene bazar\u00ean Ba\u015f\u00fbr\u00ea Kurdistan\u00ea, \u00ceran bi n\u00eaz\u00ee 4 milyar dolaran, Enqere \u00fb Tehran bilind kirina asta w\u00ea tecaret\u00ea dixwazin, lewma her rew\u015fa ku derdikeve hol\u00ea ji aliy\u00ea rayedar\u00ean Tirkiy\u00ea \u00fb \u00ceran\u00ea ve bi ba\u015f\u00ee t\u00ea d\u00eerase kirin, ji bo ku were zan\u00een bi tu away\u00ee ew rew\u015f w\u00ea bikeve di berjewendiya wan de \u00fb para wan di bazaran de z\u00eadetir bke. Bi kurt\u00ee &#8220;\u00e7ewa her wilatek w\u00ea bikare p\u00eatir ti\u015ft\u00ea xwe li bazar\u00ean her\u00eama ba\u015f\u00fbr\u00ea serf bke&#8221;, lewma bi baykot kirina kalay\u00ean her yek ji van wilatan, bi xizmeteke her\u00ee mezn ji bo wilat\u00ea din t\u00ea hesab kirin.<\/h3>\n<h3 style=\"text-align: center\"><span style=\"font-family: 'arial black', sans-serif;color: #808080\">Hi\u015ftina kalay\u00ean Tirkiy\u00ea di berjewendiya rej\u00eema W\u00eelayeta El Feq\u00eeh de ye<\/span><\/h3>\n<h3 style=\"text-align: justify\">Ji destp\u00eaka \u00ear\u00ee\u015fa dag\u00eerkariya Tirkiy\u00ea li ser Rojava Kurdistan\u00ea, bizav\u00ean gel\u00ea ba\u015f\u00fbr ji bo refza kala \u00fb kelupel\u00ean Tirkiy\u00ea derketin hol\u00ea, gih\u00ee\u015ft astek\u00ea ku kamp\u00een ji bo w\u00ea armanc\u00ea hatin \u00eelan kirin, armanca gel hevsoz\u00ee ye, l\u00ea bel\u00ea aliy\u00ea ku ji v\u00ea Baykot\u00ea Qazanc\u00ea dike, ne gel\u00ea Rojavaye belku dujminek\u00ea sersext\u00ea gel\u00ea kurde, ew j\u00ee rej\u00eema &#8220;Ayetollah \u00fb W\u00eellayet El Feq\u00eeh.<\/h3>\n<h3 style=\"text-align: justify\">Teko\u015f\u00eena \u00ceran\u00ea hemwexta hevsoz\u00ee ya gel\u00ea Ba\u015f\u00fbr ji bo Rojava li bazar\u00ean her\u00eama ba\u015f\u00fbr xurt b\u00fbye, gelo em\u00ea li vir bipir\u00eesn \u00e7ima yekem\u00een banga refz \u00fb Baykota kelupel\u00ean Tirkiy\u00ea ji zona Kesk &#8220;Sil\u00eamaniy\u00ea&#8221; derket, bersiv pir asane, li Sil\u00eamaniy\u00ea \u00ceran zale ne Tirkiy\u00ea, lewma k\u00eam firotina kalay\u00ean Tirkiy\u00ea w\u00ea bibe sedem kalay\u00ean \u00ceran\u00ea pir b\u00ean firo\u015ftin, li vir gel\u00ea ba\u015f\u00fbr xizmeteke z\u00eade b\u00ea beranber ji bo \u00ceran\u00ea dike, nemaze ku di dorp\u00ea\u00e7eke her\u00ee dijwar \u00fb cezay\u00ean \u00eekonom\u00ee y\u00ean Emer\u00eekay\u00ea li ser \u00ceran\u00ea hene.<\/h3>\n<h3 style=\"text-align: center\"><span style=\"color: #808080;font-family: 'arial black', sans-serif\">Div\u00ea em\u00ean belengaz ba\u015f bifikir\u00een jiberku bi ten\u00ea &#8216;at\u00eefe bi mere heye, &#8220;em\u00ea refza Tirkiy\u00ea dik\u00een \u00fb bazara \u00ceran\u00ea germ \u00fb gur dik\u00een&#8221;<\/span><\/h3>\n<h3 style=\"text-align: justify\">A rast eve, ger em bixwazin Baykota Tirkiy\u00ea bikin, di v\u00ea di esas de em Baykota kalay\u00ean \u00ceran\u00ea bikin, gelo \u00e7i qas xwe\u015f me fikar\u00ean xwe wenda kirin, wexta rej\u00eema \u00ceran\u00ea &#8220;Qasim Suleyman\u00ee, H\u00eezbollah ya Libnan\u00ee \u00fb \u00e7etey\u00ean he\u015fda \u015feb\u00ee&#8221; li 16 Oktober\u00ea ji bo dag\u00eerkariya Ba\u015f\u00fbr\u00ea Kurdistan\u00ea \u015fandin, li w\u00ea dem\u00ea 51% ya xaka Kurdistan\u00ea li saya giropa &#8220;kalfaman&#8221; ji dest \u00e7\u00fb, gelo \u00e7ima li w\u00ee wexta Baykota kalay\u00ean \u00ceran\u00ea nehat kirin?<\/h3>\n<h3 style=\"text-align: justify\">Lewma div\u00ea em ba\u015f bifkir\u00een em\u00ean belengaz ten\u00ea &#8216;at\u00eefe bi mere ye, wate &#8220;em\u00ea refza Tirkiy\u00ea dikin \u00fb bazara \u00ceran\u00ea germ \u00fb gur dikin&#8221;, ji xwe \u00ceran j\u00ee ev\u00ea dixwaze, ev reftara me ya Baykot kirin\u00ea j\u00ee m\u00eenakeke zelale ji bo w\u00ea gotna gel\u00ea ba\u015f\u00fbr wexta dib\u00eaijn: &#8220;Hesen Ke\u00e7el, Ke\u00e7el Hesen&#8221;, Tirkiy\u00ea baykot bikin \u00ceran\u00ea w\u00ea bih\u00eaz bibe, yan \u00ceran\u00ea baykot bikin \u00fb Tirkiy\u00ea w\u00ea bih\u00eaz be, di herdu r\u00eayan de em\u00ea xizmeta dijmin dikin.<\/h3>\n","protected":false},"excerpt":{"rendered":"<p>N\u00eaz\u00ee 10 rojane baykot \u00fb refza kelupel\u00ean Tirkiy\u00ea li her\u00eama ba\u015f\u00fbr\u00ea Kurdistan\u00ea hinek\u00ee germ \u00fb gur b\u00fbye, gel\u00ea ba\u015f\u00fbr li ser esasa hevsoz\u00ee \u00fb at\u00eef\u00ea ji bo gel\u00ea Rojava kamp\u00een dest p\u00ea kirine, li so\u015fyal medyay\u00ea bi silogana &#8220;her d\u00eenareke ti\u015ft\u00ea Tirkiy\u00ea p\u00ea bikir\u00ee dibe gulleyek ku Tirk li wilat\u00eey\u00ean me y\u00ean Rojava dixin&#8221;, kamp\u00een [&hellip;]<\/p>\n","protected":false},"author":2,"featured_media":1009299,"comment_status":"closed","ping_status":"closed","sticky":false,"template":"","format":"standard","meta":{"footnotes":""},"categories":[68],"tags":[],"class_list":["post-1009298","post","type-post","status-publish","format-standard","has-post-thumbnail","hentry","category-analiz"],"blocksy_meta":[],"seo_head":"<!-- This site is optimized with the Yoast SEO plugin v27.5 - https:\/\/yoast.com\/product\/yoast-seo-wordpress\/ -->\n<title>\u00ceran serk\u00ea\u015fiya kamp\u00eena &quot;Baykota Tirkiy\u00ea&quot; li Kurdistan\u00ea dike - Darka Maz\u00ee<\/title>\n<meta name=\"robots\" content=\"index, follow, max-snippet:-1, max-image-preview:large, max-video-preview:-1\" \/>\n<link rel=\"canonical\" href=\"https:\/\/darkamazi.info\/archives\/1009298\" \/>\n<meta property=\"og:locale\" content=\"en_US\" \/>\n<meta property=\"og:type\" content=\"article\" \/>\n<meta property=\"og:title\" content=\"\u00ceran serk\u00ea\u015fiya kamp\u00eena &quot;Baykota Tirkiy\u00ea&quot; li Kurdistan\u00ea dike - Darka Maz\u00ee\" \/>\n<meta property=\"og:description\" content=\"N\u00eaz\u00ee 10 rojane baykot \u00fb refza kelupel\u00ean Tirkiy\u00ea li her\u00eama ba\u015f\u00fbr\u00ea Kurdistan\u00ea hinek\u00ee germ \u00fb gur b\u00fbye, gel\u00ea ba\u015f\u00fbr li ser esasa hevsoz\u00ee \u00fb at\u00eef\u00ea ji bo gel\u00ea Rojava kamp\u00een dest p\u00ea kirine, li so\u015fyal medyay\u00ea bi silogana &#8220;her d\u00eenareke ti\u015ft\u00ea Tirkiy\u00ea p\u00ea bikir\u00ee dibe gulleyek ku Tirk li wilat\u00eey\u00ean me y\u00ean Rojava dixin&#8221;, kamp\u00een [&hellip;]\" \/>\n<meta property=\"og:url\" content=\"https:\/\/darkamazi.info\/archives\/1009298\" \/>\n<meta property=\"og:site_name\" content=\"Darka Maz\u00ee\" \/>\n<meta property=\"article:publisher\" content=\"https:\/\/www.facebook.com\/DarMaziKurmanci\" \/>\n<meta property=\"article:published_time\" content=\"2019-10-27T17:43:10+00:00\" \/>\n<meta property=\"article:modified_time\" content=\"2021-09-16T12:43:09+00:00\" \/>\n<meta property=\"og:image\" content=\"https:\/\/darkamazi.info\/file\/2019\/10\/rohani.jpg\" \/>\n\t<meta property=\"og:image:width\" content=\"904\" \/>\n\t<meta property=\"og:image:height\" content=\"551\" \/>\n\t<meta property=\"og:image:type\" content=\"image\/jpeg\" \/>\n<meta name=\"author\" content=\"darka mazi\" \/>\n<meta name=\"twitter:card\" content=\"summary_large_image\" \/>\n<meta name=\"twitter:creator\" content=\"@DarkaMaziLatini\" \/>\n<meta name=\"twitter:site\" content=\"@DarkaMaziLatini\" \/>\n<meta name=\"twitter:label1\" content=\"Written by\" \/>\n\t<meta name=\"twitter:data1\" content=\"darka mazi\" \/>\n\t<meta name=\"twitter:label2\" content=\"Est. reading time\" \/>\n\t<meta name=\"twitter:data2\" content=\"3 minutes\" \/>\n<script type=\"application\/ld+json\" class=\"seo-schema-graph\">{\"@context\":\"https:\\\/\\\/schema.org\",\"@graph\":[{\"@type\":\"Article\",\"@id\":\"https:\\\/\\\/darkamazi.info\\\/archives\\\/1009298#article\",\"isPartOf\":{\"@id\":\"https:\\\/\\\/darkamazi.info\\\/archives\\\/1009298\"},\"author\":{\"name\":\"darka mazi\",\"@id\":\"https:\\\/\\\/darkamazi.info\\\/#\\\/schema\\\/person\\\/5ad3e24553a0567993fa8ed4bd0a776c\"},\"headline\":\"\u00ceran serk\u00ea\u015fiya kamp\u00eena &#8220;Baykota Tirkiy\u00ea&#8221; li Kurdistan\u00ea dike\",\"datePublished\":\"2019-10-27T17:43:10+00:00\",\"dateModified\":\"2021-09-16T12:43:09+00:00\",\"mainEntityOfPage\":{\"@id\":\"https:\\\/\\\/darkamazi.info\\\/archives\\\/1009298\"},\"wordCount\":711,\"publisher\":{\"@id\":\"https:\\\/\\\/darkamazi.info\\\/#organization\"},\"image\":{\"@id\":\"https:\\\/\\\/darkamazi.info\\\/archives\\\/1009298#primaryimage\"},\"thumbnailUrl\":\"https:\\\/\\\/darkamazi.info\\\/darka-content\\\/uploads\\\/2019\\\/10\\\/rohani.jpg\",\"articleSection\":[\"Anal\u00eez\"],\"inLanguage\":\"en-US\"},{\"@type\":\"WebPage\",\"@id\":\"https:\\\/\\\/darkamazi.info\\\/archives\\\/1009298\",\"url\":\"https:\\\/\\\/darkamazi.info\\\/archives\\\/1009298\",\"name\":\"\u00ceran serk\u00ea\u015fiya kamp\u00eena \\\"Baykota Tirkiy\u00ea\\\" li Kurdistan\u00ea dike - Darka Maz\u00ee\",\"isPartOf\":{\"@id\":\"https:\\\/\\\/darkamazi.info\\\/#website\"},\"primaryImageOfPage\":{\"@id\":\"https:\\\/\\\/darkamazi.info\\\/archives\\\/1009298#primaryimage\"},\"image\":{\"@id\":\"https:\\\/\\\/darkamazi.info\\\/archives\\\/1009298#primaryimage\"},\"thumbnailUrl\":\"https:\\\/\\\/darkamazi.info\\\/darka-content\\\/uploads\\\/2019\\\/10\\\/rohani.jpg\",\"datePublished\":\"2019-10-27T17:43:10+00:00\",\"dateModified\":\"2021-09-16T12:43:09+00:00\",\"breadcrumb\":{\"@id\":\"https:\\\/\\\/darkamazi.info\\\/archives\\\/1009298#breadcrumb\"},\"inLanguage\":\"en-US\",\"potentialAction\":[{\"@type\":\"ReadAction\",\"target\":[\"https:\\\/\\\/darkamazi.info\\\/archives\\\/1009298\"]}]},{\"@type\":\"ImageObject\",\"inLanguage\":\"en-US\",\"@id\":\"https:\\\/\\\/darkamazi.info\\\/archives\\\/1009298#primaryimage\",\"url\":\"https:\\\/\\\/darkamazi.info\\\/darka-content\\\/uploads\\\/2019\\\/10\\\/rohani.jpg\",\"contentUrl\":\"https:\\\/\\\/darkamazi.info\\\/darka-content\\\/uploads\\\/2019\\\/10\\\/rohani.jpg\",\"width\":904,\"height\":551,\"caption\":\"\u00ceRAN SERK\u00ca\u015e\u0130YA KAMP\u00ceNA \\\"BAYKOTA T\u0130RK\u0130Y\u00ca\\\" L\u0130 KURD\u0130STAN\u00ca D\u0130KE\"},{\"@type\":\"BreadcrumbList\",\"@id\":\"https:\\\/\\\/darkamazi.info\\\/archives\\\/1009298#breadcrumb\",\"itemListElement\":[{\"@type\":\"ListItem\",\"position\":1,\"name\":\"Home\",\"item\":\"https:\\\/\\\/darkamazi.info\\\/\"},{\"@type\":\"ListItem\",\"position\":2,\"name\":\"\u00ceran serk\u00ea\u015fiya kamp\u00eena &#8220;Baykota Tirkiy\u00ea&#8221; li Kurdistan\u00ea dike\"}]},{\"@type\":\"WebSite\",\"@id\":\"https:\\\/\\\/darkamazi.info\\\/#website\",\"url\":\"https:\\\/\\\/darkamazi.info\\\/\",\"name\":\"Darka Maz\u00ee\",\"description\":\"P\u00eageha Zanyariy\u00ean Nebih\u00eest\u00ee\",\"publisher\":{\"@id\":\"https:\\\/\\\/darkamazi.info\\\/#organization\"},\"potentialAction\":[{\"@type\":\"SearchAction\",\"target\":{\"@type\":\"EntryPoint\",\"urlTemplate\":\"https:\\\/\\\/darkamazi.info\\\/?s={search_term_string}\"},\"query-input\":{\"@type\":\"PropertyValueSpecification\",\"valueRequired\":true,\"valueName\":\"search_term_string\"}}],\"inLanguage\":\"en-US\"},{\"@type\":\"Organization\",\"@id\":\"https:\\\/\\\/darkamazi.info\\\/#organization\",\"name\":\"Darka Maz\u00ee\",\"url\":\"https:\\\/\\\/darkamazi.info\\\/\",\"logo\":{\"@type\":\"ImageObject\",\"inLanguage\":\"en-US\",\"@id\":\"https:\\\/\\\/darkamazi.info\\\/#\\\/schema\\\/logo\\\/image\\\/\",\"url\":\"https:\\\/\\\/darkamazi.info\\\/darka-content\\\/uploads\\\/2017\\\/12\\\/darka-mazi-logo.png\",\"contentUrl\":\"https:\\\/\\\/darkamazi.info\\\/darka-content\\\/uploads\\\/2017\\\/12\\\/darka-mazi-logo.png\",\"width\":151,\"height\":75,\"caption\":\"Darka Maz\u00ee\"},\"image\":{\"@id\":\"https:\\\/\\\/darkamazi.info\\\/#\\\/schema\\\/logo\\\/image\\\/\"},\"sameAs\":[\"https:\\\/\\\/www.facebook.com\\\/DarMaziKurmanci\",\"https:\\\/\\\/x.com\\\/DarkaMaziLatini\",\"https:\\\/\\\/www.instagram.com\\\/darkamazi.kurmanci\\\/\",\"https:\\\/\\\/www.youtube.com\\\/channel\\\/UCa5HkTdmI8U1qCUFuTw8B2g\"]},{\"@type\":\"Person\",\"@id\":\"https:\\\/\\\/darkamazi.info\\\/#\\\/schema\\\/person\\\/5ad3e24553a0567993fa8ed4bd0a776c\",\"name\":\"darka mazi\",\"sameAs\":[\"https:\\\/\\\/darkamazi.info\\\/\"],\"url\":\"https:\\\/\\\/darkamazi.info\\\/archives\\\/author\\\/kurdi\"}]}<\/script>\n<!-- \/ Yoast SEO plugin. -->","seo_head_json":{"title":"\u00ceran serk\u00ea\u015fiya kamp\u00eena \"Baykota Tirkiy\u00ea\" li Kurdistan\u00ea dike - Darka Maz\u00ee","robots":{"index":"index","follow":"follow","max-snippet":"max-snippet:-1","max-image-preview":"max-image-preview:large","max-video-preview":"max-video-preview:-1"},"canonical":"https:\/\/darkamazi.info\/archives\/1009298","og_locale":"en_US","og_type":"article","og_title":"\u00ceran serk\u00ea\u015fiya kamp\u00eena \"Baykota Tirkiy\u00ea\" li Kurdistan\u00ea dike - Darka Maz\u00ee","og_description":"N\u00eaz\u00ee 10 rojane baykot \u00fb refza kelupel\u00ean Tirkiy\u00ea li her\u00eama ba\u015f\u00fbr\u00ea Kurdistan\u00ea hinek\u00ee germ \u00fb gur b\u00fbye, gel\u00ea ba\u015f\u00fbr li ser esasa hevsoz\u00ee \u00fb at\u00eef\u00ea ji bo gel\u00ea Rojava kamp\u00een dest p\u00ea kirine, li so\u015fyal medyay\u00ea bi silogana &#8220;her d\u00eenareke ti\u015ft\u00ea Tirkiy\u00ea p\u00ea bikir\u00ee dibe gulleyek ku Tirk li wilat\u00eey\u00ean me y\u00ean Rojava dixin&#8221;, kamp\u00een [&hellip;]","og_url":"https:\/\/darkamazi.info\/archives\/1009298","og_site_name":"Darka Maz\u00ee","article_publisher":"https:\/\/www.facebook.com\/DarMaziKurmanci","article_published_time":"2019-10-27T17:43:10+00:00","article_modified_time":"2021-09-16T12:43:09+00:00","og_image":[{"width":904,"height":551,"url":"https:\/\/darkamazi.info\/file\/2019\/10\/rohani.jpg","type":"image\/jpeg"}],"author":"darka mazi","twitter_card":"summary_large_image","twitter_creator":"@DarkaMaziLatini","twitter_site":"@DarkaMaziLatini","twitter_misc":{"Written by":"darka mazi","Est. reading time":"3 minutes"},"schema":{"@context":"https:\/\/schema.org","@graph":[{"@type":"Article","@id":"https:\/\/darkamazi.info\/archives\/1009298#article","isPartOf":{"@id":"https:\/\/darkamazi.info\/archives\/1009298"},"author":{"name":"darka mazi","@id":"https:\/\/darkamazi.info\/#\/schema\/person\/5ad3e24553a0567993fa8ed4bd0a776c"},"headline":"\u00ceran serk\u00ea\u015fiya kamp\u00eena &#8220;Baykota Tirkiy\u00ea&#8221; li Kurdistan\u00ea dike","datePublished":"2019-10-27T17:43:10+00:00","dateModified":"2021-09-16T12:43:09+00:00","mainEntityOfPage":{"@id":"https:\/\/darkamazi.info\/archives\/1009298"},"wordCount":711,"publisher":{"@id":"https:\/\/darkamazi.info\/#organization"},"image":{"@id":"https:\/\/darkamazi.info\/archives\/1009298#primaryimage"},"thumbnailUrl":"https:\/\/darkamazi.info\/file\/2019\/10\/rohani.jpg","articleSection":["Anal\u00eez"],"inLanguage":"en-US"},{"@type":"WebPage","@id":"https:\/\/darkamazi.info\/archives\/1009298","url":"https:\/\/darkamazi.info\/archives\/1009298","name":"\u00ceran serk\u00ea\u015fiya kamp\u00eena \"Baykota Tirkiy\u00ea\" li Kurdistan\u00ea dike - Darka Maz\u00ee","isPartOf":{"@id":"https:\/\/darkamazi.info\/#website"},"primaryImageOfPage":{"@id":"https:\/\/darkamazi.info\/archives\/1009298#primaryimage"},"image":{"@id":"https:\/\/darkamazi.info\/archives\/1009298#primaryimage"},"thumbnailUrl":"https:\/\/darkamazi.info\/file\/2019\/10\/rohani.jpg","datePublished":"2019-10-27T17:43:10+00:00","dateModified":"2021-09-16T12:43:09+00:00","breadcrumb":{"@id":"https:\/\/darkamazi.info\/archives\/1009298#breadcrumb"},"inLanguage":"en-US","potentialAction":[{"@type":"ReadAction","target":["https:\/\/darkamazi.info\/archives\/1009298"]}]},{"@type":"ImageObject","inLanguage":"en-US","@id":"https:\/\/darkamazi.info\/archives\/1009298#primaryimage","url":"https:\/\/darkamazi.info\/file\/2019\/10\/rohani.jpg","contentUrl":"https:\/\/darkamazi.info\/file\/2019\/10\/rohani.jpg","width":904,"height":551,"caption":"\u00ceRAN SERK\u00ca\u015e\u0130YA KAMP\u00ceNA \"BAYKOTA T\u0130RK\u0130Y\u00ca\" L\u0130 KURD\u0130STAN\u00ca D\u0130KE"},{"@type":"BreadcrumbList","@id":"https:\/\/darkamazi.info\/archives\/1009298#breadcrumb","itemListElement":[{"@type":"ListItem","position":1,"name":"Home","item":"https:\/\/darkamazi.info\/"},{"@type":"ListItem","position":2,"name":"\u00ceran serk\u00ea\u015fiya kamp\u00eena &#8220;Baykota Tirkiy\u00ea&#8221; li Kurdistan\u00ea dike"}]},{"@type":"WebSite","@id":"https:\/\/darkamazi.info\/#website","url":"https:\/\/darkamazi.info\/","name":"Darka Maz\u00ee","description":"P\u00eageha Zanyariy\u00ean Nebih\u00eest\u00ee","publisher":{"@id":"https:\/\/darkamazi.info\/#organization"},"potentialAction":[{"@type":"SearchAction","target":{"@type":"EntryPoint","urlTemplate":"https:\/\/darkamazi.info\/?s={search_term_string}"},"query-input":{"@type":"PropertyValueSpecification","valueRequired":true,"valueName":"search_term_string"}}],"inLanguage":"en-US"},{"@type":"Organization","@id":"https:\/\/darkamazi.info\/#organization","name":"Darka Maz\u00ee","url":"https:\/\/darkamazi.info\/","logo":{"@type":"ImageObject","inLanguage":"en-US","@id":"https:\/\/darkamazi.info\/#\/schema\/logo\/image\/","url":"https:\/\/darkamazi.info\/file\/2017\/12\/darka-mazi-logo.png","contentUrl":"https:\/\/darkamazi.info\/file\/2017\/12\/darka-mazi-logo.png","width":151,"height":75,"caption":"Darka Maz\u00ee"},"image":{"@id":"https:\/\/darkamazi.info\/#\/schema\/logo\/image\/"},"sameAs":["https:\/\/www.facebook.com\/DarMaziKurmanci","https:\/\/x.com\/DarkaMaziLatini","https:\/\/www.instagram.com\/darkamazi.kurmanci\/","https:\/\/www.youtube.com\/channel\/UCa5HkTdmI8U1qCUFuTw8B2g"]},{"@type":"Person","@id":"https:\/\/darkamazi.info\/#\/schema\/person\/5ad3e24553a0567993fa8ed4bd0a776c","name":"darka mazi","sameAs":["https:\/\/darkamazi.info\/"],"url":"https:\/\/darkamazi.info\/archives\/author\/kurdi"}]}},"_links":{"self":[{"href":"https:\/\/darkamazi.info\/funavuv\/wp\/v2\/posts\/1009298","targetHints":{"allow":["GET"]}}],"collection":[{"href":"https:\/\/darkamazi.info\/funavuv\/wp\/v2\/posts"}],"about":[{"href":"https:\/\/darkamazi.info\/funavuv\/wp\/v2\/types\/post"}],"author":[{"embeddable":true,"href":"https:\/\/darkamazi.info\/funavuv\/wp\/v2\/users\/2"}],"replies":[{"embeddable":true,"href":"https:\/\/darkamazi.info\/funavuv\/wp\/v2\/comments?post=1009298"}],"version-history":[{"count":0,"href":"https:\/\/darkamazi.info\/funavuv\/wp\/v2\/posts\/1009298\/revisions"}],"wp:featuredmedia":[{"embeddable":true,"href":"https:\/\/darkamazi.info\/funavuv\/wp\/v2\/media\/1009299"}],"wp:attachment":[{"href":"https:\/\/darkamazi.info\/funavuv\/wp\/v2\/media?parent=1009298"}],"wp:term":[{"taxonomy":"category","embeddable":true,"href":"https:\/\/darkamazi.info\/funavuv\/wp\/v2\/categories?post=1009298"},{"taxonomy":"post_tag","embeddable":true,"href":"https:\/\/darkamazi.info\/funavuv\/wp\/v2\/tags?post=1009298"}],"curies":[{"name":"wp","href":"https:\/\/api.w.org\/{rel}","templated":true}]}}