{"id":1009318,"date":"2019-10-28T17:01:34","date_gmt":"2019-10-28T14:01:34","guid":{"rendered":"https:\/\/darkamazi.info\/?p=1009318"},"modified":"2019-10-28T17:01:34","modified_gmt":"2019-10-28T14:01:34","slug":"firansa-dibeje-dais-we-tolhildane-bike","status":"publish","type":"post","link":"https:\/\/darkamazi.info\/archives\/1009318","title":{"rendered":"F\u0130RANSA D\u0130B\u00caJE DA\u00ce\u015e W\u00ca TOLH\u0130LDAN\u00ca B\u0130KE"},"content":{"rendered":"<h3 style=\"text-align: justify\"><span style=\"font-family: 'arial black', sans-serif\">Hik\u00fbmeta Firansay\u00ea hemwexta ragihandina helwesta xwe a li derbara ku\u015ftina r\u00eaber\u00ea r\u00eaxistna teror\u00eest\u00ee ya DAI\u015e\u2019\u00ea, e\u015fkere kir DAI\u015e w\u00ea Tolhildan\u00ea ji bo ku\u015ftina Xel\u00eef\u00ea xwe bike.<\/span><\/h3>\n<h3 style=\"text-align: justify\">Wez\u00eer\u00ea kar\u00ean hundir \u00ea Firansay\u00ea Kir\u00eestov Kastan\u00eer, \u00eero roja du\u015fem\u00ee 28\/10\/2019an hi\u015fyar ji \u00ear\u00ee\u015f\u00ean muhtemel \u00ean DAI\u015e\u2019\u00ea dan \u00fb wiha axv\u00ee: dibe teror\u00eest\u00ean DAI\u015e\u2019\u00ea hewla Tolhildan\u00ea ji bo ku\u015ftina Xel\u00eef\u00ea xwe y\u00ea Bexdad\u00ee bike.<\/h3>\n<h3 style=\"text-align: justify\">Hemwexta ev\u00ea daxweyan\u00eeya wez\u00eer\u00ea Firansay\u00ea, Kir\u00eestov ji h\u00eaz\u00ean ewlekariy\u00ea y\u00ean wilat\u00ea xwe xwast ku ji bo r\u00ea girtin\u00ea ji her \u00ear\u00ee\u015feke muhtemel di hi\u015fyariy\u00ea de bin, ji ber ku dibe teror\u00eest\u00ean DAI\u015e\u2019\u00ea weke tolhildanek\u00ea li hember\u00ee ku\u015ftina Ebubekr Bexdad\u00ee \u00ear\u00ee\u015fan p\u00eak b\u00eenin.<\/h3>\n<h3 style=\"text-align: justify\">Wezareta kar\u00ean hundir a Firansay\u00ea her wiha ferman daye h\u00eaz\u00ean xwe di asta her\u00ee z\u00eade a hi\u015fyariy\u00ea de bin, bi taybet li wexta bir\u00eave\u00e7\u00fbna meras\u00eem\u00ean am.<\/h3>\n<h3 style=\"text-align: justify\">Emer\u00eekay\u00ea duh roja yek\u015fem\u00ee 27\/10\/2019an ku\u015ftina r\u00eaber\u00ea DAI\u015e\u2019\u00ea Ebubekr Bexdad\u00ee li gund\u00ea Bar\u00ee\u015fa \u00ea s\u00eenor\u00ea par\u00eazgeha \u00cedlib\u00ea li Bak\u00fbr\u00ea S\u00fbriy\u00ea ragihand, heya niha DAI\u015e li ser v\u00ea mijar\u00ea deng\u00ea w\u00ea tuneye.<\/h3>\n","protected":false},"excerpt":{"rendered":"<p>Hik\u00fbmeta Firansay\u00ea hemwexta ragihandina helwesta xwe a li derbara ku\u015ftina r\u00eaber\u00ea r\u00eaxistna teror\u00eest\u00ee ya DAI\u015e\u2019\u00ea, e\u015fkere kir DAI\u015e w\u00ea Tolhildan\u00ea ji bo ku\u015ftina Xel\u00eef\u00ea xwe bike. Wez\u00eer\u00ea kar\u00ean hundir \u00ea Firansay\u00ea Kir\u00eestov Kastan\u00eer, \u00eero roja du\u015fem\u00ee 28\/10\/2019an hi\u015fyar ji \u00ear\u00ee\u015f\u00ean muhtemel \u00ean DAI\u015e\u2019\u00ea dan \u00fb wiha axv\u00ee: dibe teror\u00eest\u00ean DAI\u015e\u2019\u00ea hewla Tolhildan\u00ea ji bo ku\u015ftina [&hellip;]<\/p>\n","protected":false},"author":2,"featured_media":1009319,"comment_status":"closed","ping_status":"closed","sticky":false,"template":"","format":"standard","meta":{"footnotes":""},"categories":[30],"tags":[],"class_list":["post-1009318","post","type-post","status-publish","format-standard","has-post-thumbnail","hentry","category-cihan"],"blocksy_meta":[],"seo_head":"<!-- This site is optimized with the Yoast SEO plugin v27.5 - https:\/\/yoast.com\/product\/yoast-seo-wordpress\/ -->\n<title>F\u0130RANSA D\u0130B\u00caJE DA\u00ce\u015e W\u00ca TOLH\u0130LDAN\u00ca B\u0130KE - Darka Maz\u00ee<\/title>\n<meta name=\"robots\" content=\"index, follow, max-snippet:-1, max-image-preview:large, max-video-preview:-1\" \/>\n<link rel=\"canonical\" href=\"https:\/\/darkamazi.info\/archives\/1009318\" \/>\n<meta property=\"og:locale\" content=\"en_US\" \/>\n<meta property=\"og:type\" content=\"article\" \/>\n<meta property=\"og:title\" content=\"F\u0130RANSA D\u0130B\u00caJE DA\u00ce\u015e W\u00ca TOLH\u0130LDAN\u00ca B\u0130KE - Darka Maz\u00ee\" \/>\n<meta property=\"og:description\" content=\"Hik\u00fbmeta Firansay\u00ea hemwexta ragihandina helwesta xwe a li derbara ku\u015ftina r\u00eaber\u00ea r\u00eaxistna teror\u00eest\u00ee ya DAI\u015e\u2019\u00ea, e\u015fkere kir DAI\u015e w\u00ea Tolhildan\u00ea ji bo ku\u015ftina Xel\u00eef\u00ea xwe bike. Wez\u00eer\u00ea kar\u00ean hundir \u00ea Firansay\u00ea Kir\u00eestov Kastan\u00eer, \u00eero roja du\u015fem\u00ee 28\/10\/2019an hi\u015fyar ji \u00ear\u00ee\u015f\u00ean muhtemel \u00ean DAI\u015e\u2019\u00ea dan \u00fb wiha axv\u00ee: dibe teror\u00eest\u00ean DAI\u015e\u2019\u00ea hewla Tolhildan\u00ea ji bo ku\u015ftina [&hellip;]\" \/>\n<meta property=\"og:url\" content=\"https:\/\/darkamazi.info\/archives\/1009318\" \/>\n<meta property=\"og:site_name\" content=\"Darka Maz\u00ee\" \/>\n<meta property=\"article:publisher\" content=\"https:\/\/www.facebook.com\/DarMaziKurmanci\" \/>\n<meta property=\"article:published_time\" content=\"2019-10-28T14:01:34+00:00\" \/>\n<meta property=\"og:image\" content=\"https:\/\/darkamazi.info\/file\/2019\/10\/france.jpg\" \/>\n\t<meta property=\"og:image:width\" content=\"858\" \/>\n\t<meta property=\"og:image:height\" content=\"536\" \/>\n\t<meta property=\"og:image:type\" content=\"image\/jpeg\" \/>\n<meta name=\"author\" content=\"darka mazi\" \/>\n<meta name=\"twitter:card\" content=\"summary_large_image\" \/>\n<meta name=\"twitter:creator\" content=\"@DarkaMaziLatini\" \/>\n<meta name=\"twitter:site\" content=\"@DarkaMaziLatini\" \/>\n<meta name=\"twitter:label1\" content=\"Written by\" \/>\n\t<meta name=\"twitter:data1\" content=\"darka mazi\" \/>\n\t<meta name=\"twitter:label2\" content=\"Est. reading time\" \/>\n\t<meta name=\"twitter:data2\" content=\"1 minute\" \/>\n<script type=\"application\/ld+json\" class=\"seo-schema-graph\">{\"@context\":\"https:\\\/\\\/schema.org\",\"@graph\":[{\"@type\":\"Article\",\"@id\":\"https:\\\/\\\/darkamazi.info\\\/archives\\\/1009318#article\",\"isPartOf\":{\"@id\":\"https:\\\/\\\/darkamazi.info\\\/archives\\\/1009318\"},\"author\":{\"name\":\"darka mazi\",\"@id\":\"https:\\\/\\\/darkamazi.info\\\/#\\\/schema\\\/person\\\/5ad3e24553a0567993fa8ed4bd0a776c\"},\"headline\":\"F\u0130RANSA D\u0130B\u00caJE DA\u00ce\u015e W\u00ca TOLH\u0130LDAN\u00ca B\u0130KE\",\"datePublished\":\"2019-10-28T14:01:34+00:00\",\"mainEntityOfPage\":{\"@id\":\"https:\\\/\\\/darkamazi.info\\\/archives\\\/1009318\"},\"wordCount\":218,\"publisher\":{\"@id\":\"https:\\\/\\\/darkamazi.info\\\/#organization\"},\"image\":{\"@id\":\"https:\\\/\\\/darkamazi.info\\\/archives\\\/1009318#primaryimage\"},\"thumbnailUrl\":\"https:\\\/\\\/darkamazi.info\\\/darka-content\\\/uploads\\\/2019\\\/10\\\/france.jpg\",\"articleSection\":[\"C\u00eehan\"],\"inLanguage\":\"en-US\"},{\"@type\":\"WebPage\",\"@id\":\"https:\\\/\\\/darkamazi.info\\\/archives\\\/1009318\",\"url\":\"https:\\\/\\\/darkamazi.info\\\/archives\\\/1009318\",\"name\":\"F\u0130RANSA D\u0130B\u00caJE DA\u00ce\u015e W\u00ca TOLH\u0130LDAN\u00ca B\u0130KE - Darka Maz\u00ee\",\"isPartOf\":{\"@id\":\"https:\\\/\\\/darkamazi.info\\\/#website\"},\"primaryImageOfPage\":{\"@id\":\"https:\\\/\\\/darkamazi.info\\\/archives\\\/1009318#primaryimage\"},\"image\":{\"@id\":\"https:\\\/\\\/darkamazi.info\\\/archives\\\/1009318#primaryimage\"},\"thumbnailUrl\":\"https:\\\/\\\/darkamazi.info\\\/darka-content\\\/uploads\\\/2019\\\/10\\\/france.jpg\",\"datePublished\":\"2019-10-28T14:01:34+00:00\",\"breadcrumb\":{\"@id\":\"https:\\\/\\\/darkamazi.info\\\/archives\\\/1009318#breadcrumb\"},\"inLanguage\":\"en-US\",\"potentialAction\":[{\"@type\":\"ReadAction\",\"target\":[\"https:\\\/\\\/darkamazi.info\\\/archives\\\/1009318\"]}]},{\"@type\":\"ImageObject\",\"inLanguage\":\"en-US\",\"@id\":\"https:\\\/\\\/darkamazi.info\\\/archives\\\/1009318#primaryimage\",\"url\":\"https:\\\/\\\/darkamazi.info\\\/darka-content\\\/uploads\\\/2019\\\/10\\\/france.jpg\",\"contentUrl\":\"https:\\\/\\\/darkamazi.info\\\/darka-content\\\/uploads\\\/2019\\\/10\\\/france.jpg\",\"width\":858,\"height\":536,\"caption\":\"F\u0130RANSA D\u0130B\u00caJE DA\u00ce\u015e W\u00ca TOLH\u0130LDAN\u00ca B\u0130KE\"},{\"@type\":\"BreadcrumbList\",\"@id\":\"https:\\\/\\\/darkamazi.info\\\/archives\\\/1009318#breadcrumb\",\"itemListElement\":[{\"@type\":\"ListItem\",\"position\":1,\"name\":\"Home\",\"item\":\"https:\\\/\\\/darkamazi.info\\\/\"},{\"@type\":\"ListItem\",\"position\":2,\"name\":\"F\u0130RANSA D\u0130B\u00caJE DA\u00ce\u015e W\u00ca TOLH\u0130LDAN\u00ca B\u0130KE\"}]},{\"@type\":\"WebSite\",\"@id\":\"https:\\\/\\\/darkamazi.info\\\/#website\",\"url\":\"https:\\\/\\\/darkamazi.info\\\/\",\"name\":\"Darka Maz\u00ee\",\"description\":\"P\u00eageha Zanyariy\u00ean Nebih\u00eest\u00ee\",\"publisher\":{\"@id\":\"https:\\\/\\\/darkamazi.info\\\/#organization\"},\"potentialAction\":[{\"@type\":\"SearchAction\",\"target\":{\"@type\":\"EntryPoint\",\"urlTemplate\":\"https:\\\/\\\/darkamazi.info\\\/?s={search_term_string}\"},\"query-input\":{\"@type\":\"PropertyValueSpecification\",\"valueRequired\":true,\"valueName\":\"search_term_string\"}}],\"inLanguage\":\"en-US\"},{\"@type\":\"Organization\",\"@id\":\"https:\\\/\\\/darkamazi.info\\\/#organization\",\"name\":\"Darka Maz\u00ee\",\"url\":\"https:\\\/\\\/darkamazi.info\\\/\",\"logo\":{\"@type\":\"ImageObject\",\"inLanguage\":\"en-US\",\"@id\":\"https:\\\/\\\/darkamazi.info\\\/#\\\/schema\\\/logo\\\/image\\\/\",\"url\":\"https:\\\/\\\/darkamazi.info\\\/darka-content\\\/uploads\\\/2017\\\/12\\\/darka-mazi-logo.png\",\"contentUrl\":\"https:\\\/\\\/darkamazi.info\\\/darka-content\\\/uploads\\\/2017\\\/12\\\/darka-mazi-logo.png\",\"width\":151,\"height\":75,\"caption\":\"Darka Maz\u00ee\"},\"image\":{\"@id\":\"https:\\\/\\\/darkamazi.info\\\/#\\\/schema\\\/logo\\\/image\\\/\"},\"sameAs\":[\"https:\\\/\\\/www.facebook.com\\\/DarMaziKurmanci\",\"https:\\\/\\\/x.com\\\/DarkaMaziLatini\",\"https:\\\/\\\/www.instagram.com\\\/darkamazi.kurmanci\\\/\",\"https:\\\/\\\/www.youtube.com\\\/channel\\\/UCa5HkTdmI8U1qCUFuTw8B2g\"]},{\"@type\":\"Person\",\"@id\":\"https:\\\/\\\/darkamazi.info\\\/#\\\/schema\\\/person\\\/5ad3e24553a0567993fa8ed4bd0a776c\",\"name\":\"darka mazi\",\"sameAs\":[\"https:\\\/\\\/darkamazi.info\\\/\"],\"url\":\"https:\\\/\\\/darkamazi.info\\\/archives\\\/author\\\/kurdi\"}]}<\/script>\n<!-- \/ Yoast SEO plugin. -->","seo_head_json":{"title":"F\u0130RANSA D\u0130B\u00caJE DA\u00ce\u015e W\u00ca TOLH\u0130LDAN\u00ca B\u0130KE - Darka Maz\u00ee","robots":{"index":"index","follow":"follow","max-snippet":"max-snippet:-1","max-image-preview":"max-image-preview:large","max-video-preview":"max-video-preview:-1"},"canonical":"https:\/\/darkamazi.info\/archives\/1009318","og_locale":"en_US","og_type":"article","og_title":"F\u0130RANSA D\u0130B\u00caJE DA\u00ce\u015e W\u00ca TOLH\u0130LDAN\u00ca B\u0130KE - Darka Maz\u00ee","og_description":"Hik\u00fbmeta Firansay\u00ea hemwexta ragihandina helwesta xwe a li derbara ku\u015ftina r\u00eaber\u00ea r\u00eaxistna teror\u00eest\u00ee ya DAI\u015e\u2019\u00ea, e\u015fkere kir DAI\u015e w\u00ea Tolhildan\u00ea ji bo ku\u015ftina Xel\u00eef\u00ea xwe bike. Wez\u00eer\u00ea kar\u00ean hundir \u00ea Firansay\u00ea Kir\u00eestov Kastan\u00eer, \u00eero roja du\u015fem\u00ee 28\/10\/2019an hi\u015fyar ji \u00ear\u00ee\u015f\u00ean muhtemel \u00ean DAI\u015e\u2019\u00ea dan \u00fb wiha axv\u00ee: dibe teror\u00eest\u00ean DAI\u015e\u2019\u00ea hewla Tolhildan\u00ea ji bo ku\u015ftina [&hellip;]","og_url":"https:\/\/darkamazi.info\/archives\/1009318","og_site_name":"Darka Maz\u00ee","article_publisher":"https:\/\/www.facebook.com\/DarMaziKurmanci","article_published_time":"2019-10-28T14:01:34+00:00","og_image":[{"width":858,"height":536,"url":"https:\/\/darkamazi.info\/file\/2019\/10\/france.jpg","type":"image\/jpeg"}],"author":"darka mazi","twitter_card":"summary_large_image","twitter_creator":"@DarkaMaziLatini","twitter_site":"@DarkaMaziLatini","twitter_misc":{"Written by":"darka mazi","Est. reading time":"1 minute"},"schema":{"@context":"https:\/\/schema.org","@graph":[{"@type":"Article","@id":"https:\/\/darkamazi.info\/archives\/1009318#article","isPartOf":{"@id":"https:\/\/darkamazi.info\/archives\/1009318"},"author":{"name":"darka mazi","@id":"https:\/\/darkamazi.info\/#\/schema\/person\/5ad3e24553a0567993fa8ed4bd0a776c"},"headline":"F\u0130RANSA D\u0130B\u00caJE DA\u00ce\u015e W\u00ca TOLH\u0130LDAN\u00ca B\u0130KE","datePublished":"2019-10-28T14:01:34+00:00","mainEntityOfPage":{"@id":"https:\/\/darkamazi.info\/archives\/1009318"},"wordCount":218,"publisher":{"@id":"https:\/\/darkamazi.info\/#organization"},"image":{"@id":"https:\/\/darkamazi.info\/archives\/1009318#primaryimage"},"thumbnailUrl":"https:\/\/darkamazi.info\/file\/2019\/10\/france.jpg","articleSection":["C\u00eehan"],"inLanguage":"en-US"},{"@type":"WebPage","@id":"https:\/\/darkamazi.info\/archives\/1009318","url":"https:\/\/darkamazi.info\/archives\/1009318","name":"F\u0130RANSA D\u0130B\u00caJE DA\u00ce\u015e W\u00ca TOLH\u0130LDAN\u00ca B\u0130KE - Darka Maz\u00ee","isPartOf":{"@id":"https:\/\/darkamazi.info\/#website"},"primaryImageOfPage":{"@id":"https:\/\/darkamazi.info\/archives\/1009318#primaryimage"},"image":{"@id":"https:\/\/darkamazi.info\/archives\/1009318#primaryimage"},"thumbnailUrl":"https:\/\/darkamazi.info\/file\/2019\/10\/france.jpg","datePublished":"2019-10-28T14:01:34+00:00","breadcrumb":{"@id":"https:\/\/darkamazi.info\/archives\/1009318#breadcrumb"},"inLanguage":"en-US","potentialAction":[{"@type":"ReadAction","target":["https:\/\/darkamazi.info\/archives\/1009318"]}]},{"@type":"ImageObject","inLanguage":"en-US","@id":"https:\/\/darkamazi.info\/archives\/1009318#primaryimage","url":"https:\/\/darkamazi.info\/file\/2019\/10\/france.jpg","contentUrl":"https:\/\/darkamazi.info\/file\/2019\/10\/france.jpg","width":858,"height":536,"caption":"F\u0130RANSA D\u0130B\u00caJE DA\u00ce\u015e W\u00ca TOLH\u0130LDAN\u00ca B\u0130KE"},{"@type":"BreadcrumbList","@id":"https:\/\/darkamazi.info\/archives\/1009318#breadcrumb","itemListElement":[{"@type":"ListItem","position":1,"name":"Home","item":"https:\/\/darkamazi.info\/"},{"@type":"ListItem","position":2,"name":"F\u0130RANSA D\u0130B\u00caJE DA\u00ce\u015e W\u00ca TOLH\u0130LDAN\u00ca B\u0130KE"}]},{"@type":"WebSite","@id":"https:\/\/darkamazi.info\/#website","url":"https:\/\/darkamazi.info\/","name":"Darka Maz\u00ee","description":"P\u00eageha Zanyariy\u00ean Nebih\u00eest\u00ee","publisher":{"@id":"https:\/\/darkamazi.info\/#organization"},"potentialAction":[{"@type":"SearchAction","target":{"@type":"EntryPoint","urlTemplate":"https:\/\/darkamazi.info\/?s={search_term_string}"},"query-input":{"@type":"PropertyValueSpecification","valueRequired":true,"valueName":"search_term_string"}}],"inLanguage":"en-US"},{"@type":"Organization","@id":"https:\/\/darkamazi.info\/#organization","name":"Darka Maz\u00ee","url":"https:\/\/darkamazi.info\/","logo":{"@type":"ImageObject","inLanguage":"en-US","@id":"https:\/\/darkamazi.info\/#\/schema\/logo\/image\/","url":"https:\/\/darkamazi.info\/file\/2017\/12\/darka-mazi-logo.png","contentUrl":"https:\/\/darkamazi.info\/file\/2017\/12\/darka-mazi-logo.png","width":151,"height":75,"caption":"Darka Maz\u00ee"},"image":{"@id":"https:\/\/darkamazi.info\/#\/schema\/logo\/image\/"},"sameAs":["https:\/\/www.facebook.com\/DarMaziKurmanci","https:\/\/x.com\/DarkaMaziLatini","https:\/\/www.instagram.com\/darkamazi.kurmanci\/","https:\/\/www.youtube.com\/channel\/UCa5HkTdmI8U1qCUFuTw8B2g"]},{"@type":"Person","@id":"https:\/\/darkamazi.info\/#\/schema\/person\/5ad3e24553a0567993fa8ed4bd0a776c","name":"darka mazi","sameAs":["https:\/\/darkamazi.info\/"],"url":"https:\/\/darkamazi.info\/archives\/author\/kurdi"}]}},"_links":{"self":[{"href":"https:\/\/darkamazi.info\/funavuv\/wp\/v2\/posts\/1009318","targetHints":{"allow":["GET"]}}],"collection":[{"href":"https:\/\/darkamazi.info\/funavuv\/wp\/v2\/posts"}],"about":[{"href":"https:\/\/darkamazi.info\/funavuv\/wp\/v2\/types\/post"}],"author":[{"embeddable":true,"href":"https:\/\/darkamazi.info\/funavuv\/wp\/v2\/users\/2"}],"replies":[{"embeddable":true,"href":"https:\/\/darkamazi.info\/funavuv\/wp\/v2\/comments?post=1009318"}],"version-history":[{"count":0,"href":"https:\/\/darkamazi.info\/funavuv\/wp\/v2\/posts\/1009318\/revisions"}],"wp:featuredmedia":[{"embeddable":true,"href":"https:\/\/darkamazi.info\/funavuv\/wp\/v2\/media\/1009319"}],"wp:attachment":[{"href":"https:\/\/darkamazi.info\/funavuv\/wp\/v2\/media?parent=1009318"}],"wp:term":[{"taxonomy":"category","embeddable":true,"href":"https:\/\/darkamazi.info\/funavuv\/wp\/v2\/categories?post=1009318"},{"taxonomy":"post_tag","embeddable":true,"href":"https:\/\/darkamazi.info\/funavuv\/wp\/v2\/tags?post=1009318"}],"curies":[{"name":"wp","href":"https:\/\/api.w.org\/{rel}","templated":true}]}}