{"id":1009392,"date":"2019-10-30T18:28:08","date_gmt":"2019-10-30T15:28:08","guid":{"rendered":"https:\/\/darkamazi.info\/?p=1009392"},"modified":"2021-08-04T16:29:44","modified_gmt":"2021-08-04T13:29:44","slug":"pkk-cawa-hat-damezrandin-besa-yekemin","status":"publish","type":"post","link":"https:\/\/darkamazi.info\/archives\/1009392","title":{"rendered":"PKK \u00e7awa hat damezrandin? &#8211; Be\u015fa 1"},"content":{"rendered":"<div class=\"wpb-content-wrapper\"><p>[darkamazi_row][darkamazi_column][darkamazi_video link=&#8221;https:\/\/youtu.be\/0TlyJifItkk&#8221; align=&#8221;center&#8221;][darkamazi_column_text]<\/p>\n<h3 style=\"text-align: justify;\"><span style=\"font-family: 'arial black', sans-serif;\">Parta Karker\u00ean Kurdistan\u00ea s\u00ea qonax\u00ean xebat\u00ea derbas kir\u00eene taku pirojeya komara demokrat\u00eek kiriye sitrat\u00eej \u00fb dest ji xweser\u00ee, fedral\u00ee \u00fb Otonom\u00eey\u00ea bo bakor\u00ea Kurdistan\u00ea hilgirt\u00ee.<\/span><\/h3>\n<h3 style=\"text-align: justify;\">PKK\u2019\u00ea \u00eero bi r\u00eaya komara demokrat\u00eek peymana emeknasiya xwe ji dewleta Tirkan re radigih\u00eene, \u00fb bi gotina r\u00eaber\u00ean w\u00ea wexte peymana netew\u00ee digel desthilatdar\u00ean Tirkiy\u00ea tekm\u00eel bike, ev yek j\u00ee bi awayek tek al\u00ee nek bi raz\u00ee b\u00fbna dewleta Tirkan.<\/h3>\n<h3 style=\"text-align: justify;\"><span style=\"font-family: 'arial black', sans-serif;\">Qonaxa yekem\u00een<\/span> a jiyana PKK\u2019\u00ea, li sala 1973an dest p\u00ea dike \u00fb heya sala 1978an \u00fb kongreya damezrandina PKK\u2019\u00ea berdewam dike.<\/h3>\n<h3 style=\"text-align: justify;\">PKK\u2019e di v\u00ea qonax\u00ea de girupeke aydoloj\u00eek a bi\u00e7\u00fbk b\u00fb, \u00fb bi niv\u00ees\u00een\u00ean Ebdulla Ocelan \u00fb Cem\u00eel Bay\u00eek (Heval Cum&#8217;e) giropa wan bi \u00eemkaniyat\u00ean dewleta Tirk xwe perwerde kir.<\/h3>\n<h3 style=\"text-align: justify;\"><span style=\"font-family: 'arial black', sans-serif;\">Qonaxa diduyan<\/span> a jiyan PKK\u2019\u00ea, ji kongireya damezrandin\u00ea li sala 1978yan ta 4\/8\/1984an bi xwe ve digire, PKK\u00ea di v\u00ea qonax\u00ea da ger\u00eelay\u00ean xwe li &#8220;dola b\u00eeqa&#8221; perwerde kirin \u00fb li S\u00fbryay\u00ea, \u00ceran\u00ea \u00fb ba\u015f\u00fbr\u00ea Kurdistan\u00ee xwe vehewand.<\/h3>\n<h3 style=\"text-align: justify;\"><span style=\"font-family: 'arial black', sans-serif;\">Qonaxa ss\u00eayan<\/span> a jiyana PKK\u00ea, li 15\/8\/1984an dest p\u00ea dike, \u00fb ta 15\/8\/1999an dema 15 salan \u015fer\u00ea \u00e7ekdar\u00ee y\u00ea v\u00ea r\u00eakxeraw\u00ea bi xwe ve digre. PKK\u2019e \u00eero bi ragihandina stratej\u00ee ya komara demokrat\u00eek p\u00eangava \u00e7arem\u00een a jiyana xwe ya siyas\u00ee \u00fb \u00e7ekdar\u00ee berdewam dike.<\/h3>\n<h3 style=\"text-align: justify;\">Ev helwesta n\u00fb a PKK\u2019\u00ea wer\u00e7erxaneke giringe li sitrat\u00eec \u00fb tekt\u00eek\u00ean v\u00ea r\u00eakxeraw\u00ea de, jiber v\u00ea yek\u00ea p\u00eatv\u00ee dike bizan\u00een pirojeya v\u00ea strat\u00eej\u00ea ji ku der\u00ea hat \u00fb \u00e7ewa serhilda.<\/h3>\n<h3 style=\"text-align: justify;\">Herweke p\u00ea agihdarin, Ebdulla Ocelan serok\u00ea part\u00eeya karker\u00ean Kurdistan\u00ea roja 15\/2\/1999an li \u201cNayrob\u00ee\u201d ya paytexta \u201cK\u00eenyay\u00ea\u201d hate desteser kirin, \u00fb pi\u015ftre hate veguhastin bo Tirkiya.<\/h3>\n<h3 style=\"text-align: justify;\">Pi\u015ft\u00ee girtina Ocelan bi dehan par\u00eazer\u00ean Kurd \u00fb b\u00eeyan\u00ee da xweya kirin:( amadene li berdem dadgeha Tirkiy\u00ea de berevaniy\u00ea ji serok\u00ea PKK\u2019\u00ea bikin.)<\/h3>\n<h3 style=\"text-align: justify;\">Dadgeha asaiy\u015fa Tirkiy\u00ea \u00e7end kesek pejirandin \u00fb &#8220;Ehmed zek\u00ee Uk\u00e7uxlu&#8221; b\u00fb serok\u00ea par\u00eazer\u00ean Ocalan.<\/h3>\n<h3 style=\"text-align: justify;\">Uk\u00e7uxlu ji al\u00eeyek\u00ea taku pisgir\u00eaka Kurda bik\u015f\u00eene bernameya kar\u00ea dadgeha Tirkiy\u00ea, \u00fb ji aliyek din taku Ebdulla Ocalan ji z\u00eendan\u00ea rizgar bike, ji Ocalan re got:<\/h3>\n<h3 style=\"text-align: justify;\">-(nabe tu bi axaftina dewleta Tirk raz\u00ee bib\u00ee \u00fb gereke maf\u00ea Kurdan bipar\u00eaz\u00ee.<\/h3>\n<h3 style=\"text-align: justify;\">Ev 100 sale Tirk \u00eenkara maf\u00ea Kurdan dikin, \u00fb p\u00eatv\u00ee dike to bas li Kurdan bik\u00ee \u00fb di p\u00eageha serkirdeyek\u00ea j\u00ee xwe bipar\u00eaz\u00ee \u00fb xwe liser linga ragr\u00ee.) Ehmed Zek\u00ee Uk\u00e7uxlu, nikar\u00ee qena&#8217;et\u00ea ji Ebdulla Ocalan re b\u00eene.<\/h3>\n<h3 style=\"text-align: justify;\">Ocalan amujgariy\u00ean Uk\u00e7uxlu guhdar\u00ee nekirin, \u00fb pilana karbidest\u00ean m\u00eeta Tirkiy\u00ea ku bi \u015f\u00eawe \u00fb takt\u00eek\u00ean cuda cuda sereder\u00ee digelda dikir, li girava \u00eemral\u00ee ya Tirkiya pirojeya &#8220;komara demokrat\u00eek&#8221; serhilda, \u00fb Konseya serokatiya PKK\u00ea ev yeke bi strat\u00eeja nu ya parta xwe da naskirin, ta niha j\u00ee b\u00ea ku raste rast \u00fb bi zelal\u00ee ji xelk\u00ee re bib\u00eajn ku di strat\u00eeja xwe a ber\u00eada \u015fikestin aniye, diru\u015fm\u00ea a\u015ft\u00ee ya digel Tirkiy\u00ea kiriye bin\u00ee\u015ft\u00ea dinav devanda \u00fb li radiyo \u00fb telefizyon \u00fb rojname y\u00ean xwe de Piropaginda jibo dikin.<\/h3>\n<h3 style=\"text-align: justify;\">Ber\u00ee ku tila xwe ji bo armanc\u00ean komara demokrat\u00eek a PKK\u2019\u00ea dir\u00eaj bikim, p\u00eatv\u00ee dike awirek\u00ea li w\u00ea biryara Konseya serokatiya PKK\u2019\u00ea bid\u00een \u00fb bizan\u00een ev konseye liser k\u00eejan binema, \u00fb li gurey \u00e7i bend \u00fb made program\u00ea pesend kir\u00ee y\u00ea kongreya \u015fe\u015fan a PKK\u2019\u00ea, ku t\u00eade biryar hatb\u00fb day\u00een &#8220;\u015fer\u00ea \u00e7ekdar\u00ee bibin k\u00fbratiya xaka Tirkiy\u00ea&#8221; pi\u015ft da w\u00ea biryara kongrey\u00ea \u00fb pa\u015f derbas bona s\u00ea heyvan \u00fb bangewaza Ocalan, ti\u015ftek li cih\u00ea w\u00ea dana ku 180 pileyan cudah\u00ee digel biryara kongirey\u00ea heye.<\/h3>\n<h3 style=\"text-align: justify;\">Kongreya \u015fe\u015fem\u00een bi be\u015fdariya 300 kesan hat lidarxistin \u00fb strat\u00eej \u00fb takt\u00eek\u00ean nu y\u00ean PKK\u2019\u00ea pejirandin, l\u00ea bel\u00ea Ebdulla Ocalan bi ten\u00ea li girava \u00eemraliy\u00ea her hem\u00fb biryar\u00ean kongirey\u00ea guhertin. Ew komara demokrat\u00eek a \u00eero PKK\u2019\u00ea bi strat\u00eeja xwe hilbijart\u00ee, jiboy piraniya gel\u00ea me \u00fb xwe al\u00eegr\u00ean PKK\u2019\u00ea j\u00ee b\u00fbyerek ne zelal \u00fb b\u00eeyan\u00ee ye, \u00fb her kes bi awayek cuda liser dipeyve \u00fb rayedar\u00ean PKK\u2019\u00ea j\u00ee wek p\u00eativ\u00ee nikarin mebesta xwe a zelal ji xelk\u00ee re bas bikin, a rast bas kirin j\u00ea ew qas aloze ku ziman nikare beyan bike.<\/h3>\n<h3 style=\"text-align: justify;\">Ta ku ji naveroka v\u00ea strat\u00eeja nu a PKK\u2019\u00ea fam bik\u00een, ba\u015ftire yekem car bizan\u00een Ebdulla Ocalan di berevan\u00ee kirina xwe ya dest niv\u00ees de ji bo dadgeha Tirkiy\u00ea, \u00e7ewan amaj\u00ea bi w\u00ea b\u00fbyer\u00ea dike \u00fb di komara demokrat\u00eek a Tirkiy\u00ea de!!! \u00c7i mafek\u00ea ji Kurdan re dixwaze.<\/h3>\n<h3 style=\"text-align: justify;\"><span style=\"font-family: 'arial black', sans-serif;\">Ocalan di nameya xwe de bo serok\u00ea dadgeha asaiy\u015fa dewleta Tirkiy\u00ea dinv\u00eese:<\/span><\/h3>\n<h3 style=\"text-align: justify;\">-(dadwer\u00ean bi r\u00fbmet, min div\u00ea di van rojan de ku dadgeh kirina min n\u00eaz\u00ee dibe, amaj\u00ea bi \u00e7end tewerekan bidim ku peywestin bi dadgeh kirina minin, pisgir\u00eaka min \u00fb rojeva \u00eero a Tirkiy\u00ea, sala 1925an \u00fb dema damezrandina komara Tirkiy\u00ea, l\u00eebral b\u00fbna w\u00ea komar\u00ea, pisgir\u00eaka M\u00fbsil \u00fb Kerk\u00fbk\u00ea li b\u00eera min di\u00eene, ku ji egera hele\u015fe b\u00fbn\u00ea encameke niget\u00eev bi dest xist.<\/h3>\n<h3 style=\"text-align: justify;\">Bi taybet\u00ee f\u00ealbaz\u00ee \u00fb pilang\u00eariya Ber\u00eetanya ku di pi\u015ft perda pisgir\u00eaka Kurdan de peyade kir \u00fb ew yek bi amanc gihand. Niha ew ti\u015ft\u00ea ku li &#8216;Iraq\u00ea dih\u00ea p\u00eak an\u00een bi hev gir\u00eadana w\u00ea be\u015fa Kurdistan\u00ea bi yariy\u00ean w\u00ea serdem\u00ea di mejiy\u00ea mede z\u00eend\u00ee dikin.<\/h3>\n<h3 style=\"text-align: justify;\">Eger min \u00fb PKK\u2019\u00ea li \u015f\u00fbna bizava 1925an danin, w\u00ea bib\u00eenin yariy\u00ean \u00eero gelek niz\u00eekat\u00ee digel yariy\u00ean w\u00ea serdem\u00ea de hene.<\/h3>\n<h3 style=\"text-align: justify;\">Ez bi w\u00ea \u015fiyan \u00fb bandora xwe liser PKK\u2019\u00ea \u00fb Kurdan, daku ev yariye dubare nebe, peymana mill\u00ee a Tirkiy\u00ea bi biratiya Tirk \u00fb Kurdan gelek vekir\u00ee m\u00eaze dikim.<\/h3>\n<h3 style=\"text-align: justify;\">Yek\u00eat\u00ee \u00fb demokrat\u00ee a raste rast ji bo serketina komara demokrat\u00ee di hember p\u00eelan\u00ean derve \u00fb nexasme ew p\u00eelan\u00ean li &#8216;Iraq\u00ea p\u00eak dih\u00ean, ji bo serketina h\u00eala peymana mill\u00ee (netew\u00ee) bi erk\u00ea xwe dizan\u00een, \u00fb bi helwesteke nu hereket\u00ea b\u00fb dik\u00een.<\/h3>\n<h3 style=\"text-align: justify;\">(1) Ebdulla Ocalan bo p\u00eak an\u00eena peymana xwe a nu xwe \u00fb PKK\u2019\u00ea digel dewleta Tirk di \u00e7end be\u015fek ji nameya roja 1\/8\/1999an de ferman\u00ea li Konseya serokatiya PKK\u2019\u00ea dike \u00fb diniv\u00eese:<\/h3>\n<h3 style=\"text-align: justify;\">-(PKK\u2019\u00ea div\u00ea ji \u00eero p\u00eade dest ji hinek ner\u00een\u00ean xwe \u00ean dogmat\u00eek \u00fb ew r\u00eaveberiya xwe a di k\u00fbratiy\u00ea de berde.<\/h3>\n<h3 style=\"text-align: justify;\">-Eger bi h\u00fbr\u00ee di ner\u00eena PKK\u2019\u00ea m\u00eaze bik\u00een ev yek derdikeve ku PKK\u2019\u00ea tu caran daxwaza dewletek xweser \u00fb c\u00fbda bon ji komara Tirkiy\u00ea nekiriye \u00fb neketiye di nava qalibeke nasyonal\u00eest\u00ee a berteng de.<\/h3>\n<h3 style=\"text-align: justify;\">-ji bo mezinahiya dewlet \u00fb supa, Tirkiy\u00ea di xwast serweriya s\u00eenor\u00ea xwe bipar\u00eaze, yan p\u00eatv\u00ee bo PKK\u00ea ji s\u00eenor\u00ean xwe d\u00fbr bike yan j\u00ee jinav bibe.<\/h3>\n<h3 style=\"text-align: justify;\">Jiber v\u00ea yek\u00ea p\u00eatv\u00ee bo vegerin ew dever\u00ean p\u00ea\u015fde hatb\u00fbn diyar kirin, p\u00eatv\u00ee ye li j\u00ear s\u00eebera UN kampa Mexm\u00fbr bik\u00een nav\u00e7eyek siyas\u00ee.<\/h3>\n<h3 style=\"text-align: justify;\">&#8211; div\u00ea PKK a ba\u015f\u00fbr ciy\u00ea xwe di nava w\u00ea r\u00eakxistina nu a Kurd li ba\u015f\u00fbr\u00ea Kurdistan\u00ea de bike \u00fb serkirdat\u00ee j\u00ee al\u00eekariya v\u00ea yek\u00ea bike taku ciy\u00ea xwe weke h\u00eazek ji desthilata w\u00ea der\u00ea wergire.<\/h3>\n<h3 style=\"text-align: justify;\">&#8211; Tirkiy\u00ea \u00fb hinek aliy\u00ean din kar\u00een PKK\u2019\u00ea weke r\u00eakxistineke teror\u00eest\u00ee b\u00eaxin ber \u00e7av\u00ean wlat\u00ean derve her jiber v\u00ea yek\u00ea r\u00ea li PKK\u2019\u00ea hat girtin \u00fb nikar\u00ee p\u00eangavan beref p\u00ea\u015fde bibe.<\/h3>\n<h3 style=\"text-align: justify;\">&#8211; lazim dike di v\u00ea qonax\u00ea de xal\u00ean lawaz \u00ean Tirkiy\u00ea li dij\u00ee Tirkiy\u00ea neh\u00ean bikar an\u00een, belku berevaj\u00ee div\u00ea bi hem\u00fb \u00eemkaniyat hewl bid\u00een ewan lawaziyan xurt bik\u00een.<\/h3>\n<h3 style=\"text-align: justify;\">&#8211; Eger dewleta Tirkiy\u00ea hember van kar\u00ean me \u00ean ba\u015f tu helwesteke er\u00ean\u00ee n\u00ee\u015fan nede, nabe em b\u00ea um\u00ead bibin.<\/h3>\n<h3 style=\"text-align: justify;\">&#8211; ev ti\u015ft\u00ean ez di v\u00ee qonax\u00eada dib\u00eajim p\u00eatv\u00ee dike bigehe hem\u00fb PKK\u2019\u00ea, ez ne bawerim zor kes bi awayeke &#8217;emd\u00ee li dij\u00ee v\u00ea yek\u00ea derkeve yan p\u00ea \u00eest\u00eefzaz bibe. Eger weha kir j\u00ee h\u00fbn dikarin bi asan\u00ee wan b\u00ea deng bikin.<\/h3>\n<h3 style=\"text-align: justify;\">Ewa di v\u00ea yek\u00ea da bikeve ser stuy\u00ea min ez w\u00ea bikarim rola xwe bimeyz\u00eenim. Ji aliyek din de ragihandineke bi h\u00eaz li dest hewe da heye \u00fb erk\u00ea ser mil\u00ean hewe ye ew ti\u015ft\u00ean ez dib\u00eajim bigih\u00eenin xelk\u00ea \u00fb ev erke, erkek zehmet nabe.<\/h3>\n<h3 style=\"text-align: justify;\">&#8211; \u015fa\u015fit\u00eeyek mezine ger h\u00fbn weke ber\u00ee niha &#8220;Kurdistana ba\u015f\u00fbr&#8221; bi metirsiyeke mezn bo Tirkiya neb\u00eenin.<\/h3>\n<h3 style=\"text-align: justify;\">&#8211; h\u00fbn xwe li Kurdistana ba\u015f\u00fbr bi biyan\u00ee m\u00eaze nekin, belku p\u00eatv\u00ee dike xwe weke xwed\u00ee mal bib\u00eenin, jiberku ji n\u00eev\u00ea pitir ji r\u00eakxistna &#8220;PKK\u2019\u00ea ba\u015f\u00fbr&#8221; xelk\u00ea ba\u015f\u00fbr dibe, jiber v\u00ea yek\u00ea tu giriftek w\u00ea neh\u00ea ser r\u00ea.<\/h3>\n<h3 style=\"text-align: justify;\">&gt;&gt;&gt;&gt;&gt;&gt;&gt;&gt;&gt;&gt;&gt;&gt;&gt;&gt;&gt;&gt;&gt;&gt;&gt;&gt;&gt;&gt;&gt;&gt;&gt;&gt;&gt;<\/h3>\n<h3 style=\"text-align: justify;\"><span style=\"font-family: 'arial black', sans-serif;\">1- raporta dest niv\u00ees a Ebdulla Ocalan bo serok\u00ea dadgeha asaiy\u015fa dewleta Tirkiya li z\u00eendana \u00eemraliy\u00ea, di pirt\u00fbka &#8220;di pi\u015ft perdeya \u00eemraliy\u00ea de imralinin perde arkasi, ji niv\u00ees\u00eena Oya Armu\u00e7\u00fb \u00fb Lam&#8217;e Ayhan, belavok\u00ean um\u00ead, Enqere 1999hatye wergerandin.<\/span><\/h3>\n<h3 style=\"text-align: justify;\"><span style=\"font-family: 'arial black', sans-serif;\">2- &#8216;Ebdulla Ocalan bo Konseya serkirdatiya PKK\u2019\u00ea, rojname Serxweb\u00fbn, jimare 212 heyva 8.<\/span><\/h3>\n<p>[\/darkamazi_column_text][\/darkamazi_column][\/darkamazi_row][darkamazi_row css=&#8221;.darkamazi_custom_1623165903908{padding-bottom: 10px !important;}&#8221;][darkamazi_column][mpc_alert preset=&#8221;mpc_preset_24&#8243; icon=&#8221;eti eti_link&#8221; icon_color=&#8221;#ffffff&#8221; icon_size=&#8221;30&#8243; icon_background_color=&#8221;#df5461&#8243; icon_padding_divider=&#8221;true&#8221; icon_padding_css=&#8221;padding-top:25px;padding-right:25px;padding-bottom:25px;padding-left:25px;&#8221; font_preset=&#8221;mpc_preset_13&#8243; font_color=&#8221;#ffffff&#8221; font_size=&#8221;20&#8243; font_transform=&#8221;none&#8221; font_align=&#8221;center&#8221; content_padding_divider=&#8221;true&#8221; content_padding_css=&#8221;padding-top:10px;padding-right:15px;padding-bottom:0px;padding-left:15px;&#8221; background_type=&#8221;gradient&#8221; background_gradient=&#8221;#d14945||#e5825e||0;100||90||linear&#8221; border_divider=&#8221;true&#8221; border_css=&#8221;border-top:0px;border-right:0px;border-bottom:3px;border-left:0px;border-color:#bc3a5d;border-style:solid;border-radius:5px;&#8221; padding_divider=&#8221;true&#8221; margin_divider=&#8221;true&#8221; mpc_ribbon__disable=&#8221;true&#8221;]<\/p>\n<h1 style=\"direction: rtl; text-align: center;\"><span style=\"font-size: 18pt;\"><a href=\"https:\/\/darkamazi.info\/archives\/1009862\" rel=\"noopener\"><span style=\"color: #ffffff;\"><strong>Bo d\u00eetina be\u015f\u00ea 2 kil\u00eek bike<\/strong><\/span><\/a><\/span><\/h1>\n<p>[\/mpc_alert][\/darkamazi_column][\/darkamazi_row]<\/p>\n<\/div>","protected":false},"excerpt":{"rendered":"<p>[darkamazi_row][darkamazi_column][darkamazi_video link=&#8221;https:\/\/youtu.be\/0TlyJifItkk&#8221; align=&#8221;center&#8221;][darkamazi_column_text] Parta Karker\u00ean Kurdistan\u00ea s\u00ea qonax\u00ean xebat\u00ea derbas kir\u00eene taku pirojeya komara demokrat\u00eek kiriye sitrat\u00eej \u00fb dest ji xweser\u00ee, fedral\u00ee \u00fb Otonom\u00eey\u00ea bo bakor\u00ea Kurdistan\u00ea hilgirt\u00ee. PKK\u2019\u00ea \u00eero bi r\u00eaya komara demokrat\u00eek peymana emeknasiya xwe ji dewleta Tirkan re radigih\u00eene, \u00fb bi gotina r\u00eaber\u00ean w\u00ea wexte peymana netew\u00ee digel desthilatdar\u00ean Tirkiy\u00ea tekm\u00eel bike, [&hellip;]<\/p>\n","protected":false},"author":2,"featured_media":1009393,"comment_status":"closed","ping_status":"closed","sticky":false,"template":"epic_custom_post_template-1006382","format":"video","meta":{"footnotes":""},"categories":[65],"tags":[44],"class_list":["post-1009392","post","type-post","status-publish","format-video","has-post-thumbnail","hentry","category-vidiyo","tag-ocelan","post_format-post-format-video"],"blocksy_meta":[],"seo_head":"<!-- This site is optimized with the Yoast SEO plugin v27.5 - https:\/\/yoast.com\/product\/yoast-seo-wordpress\/ -->\n<title>PKK \u00e7awa hat damezrandin? - Be\u015fa 1 - Darka Maz\u00ee<\/title>\n<meta name=\"robots\" content=\"index, follow, max-snippet:-1, max-image-preview:large, max-video-preview:-1\" \/>\n<link rel=\"canonical\" href=\"https:\/\/darkamazi.info\/archives\/1009392\" \/>\n<meta property=\"og:locale\" content=\"en_US\" \/>\n<meta property=\"og:type\" content=\"article\" \/>\n<meta property=\"og:title\" content=\"PKK \u00e7awa hat damezrandin? - Be\u015fa 1 - Darka Maz\u00ee\" \/>\n<meta property=\"og:description\" content=\"[darkamazi_row][darkamazi_column][darkamazi_video link=&#8221;https:\/\/youtu.be\/0TlyJifItkk&#8221; align=&#8221;center&#8221;][darkamazi_column_text] Parta Karker\u00ean Kurdistan\u00ea s\u00ea qonax\u00ean xebat\u00ea derbas kir\u00eene taku pirojeya komara demokrat\u00eek kiriye sitrat\u00eej \u00fb dest ji xweser\u00ee, fedral\u00ee \u00fb Otonom\u00eey\u00ea bo bakor\u00ea Kurdistan\u00ea hilgirt\u00ee. PKK\u2019\u00ea \u00eero bi r\u00eaya komara demokrat\u00eek peymana emeknasiya xwe ji dewleta Tirkan re radigih\u00eene, \u00fb bi gotina r\u00eaber\u00ean w\u00ea wexte peymana netew\u00ee digel desthilatdar\u00ean Tirkiy\u00ea tekm\u00eel bike, [&hellip;]\" \/>\n<meta property=\"og:url\" content=\"https:\/\/darkamazi.info\/archives\/1009392\" \/>\n<meta property=\"og:site_name\" content=\"Darka Maz\u00ee\" \/>\n<meta property=\"article:publisher\" content=\"https:\/\/www.facebook.com\/DarMaziKurmanci\" \/>\n<meta property=\"article:published_time\" content=\"2019-10-30T15:28:08+00:00\" \/>\n<meta property=\"article:modified_time\" content=\"2021-08-04T13:29:44+00:00\" \/>\n<meta property=\"og:image\" content=\"https:\/\/darkamazi.info\/file\/2019\/10\/vegerin-bo-diroke.jpg\" \/>\n\t<meta property=\"og:image:width\" content=\"1000\" \/>\n\t<meta property=\"og:image:height\" content=\"571\" \/>\n\t<meta property=\"og:image:type\" content=\"image\/jpeg\" \/>\n<meta name=\"author\" content=\"darka mazi\" \/>\n<meta name=\"twitter:card\" content=\"summary_large_image\" \/>\n<meta name=\"twitter:creator\" content=\"@DarkaMaziLatini\" \/>\n<meta name=\"twitter:site\" content=\"@DarkaMaziLatini\" \/>\n<meta name=\"twitter:label1\" content=\"Written by\" \/>\n\t<meta name=\"twitter:data1\" content=\"darka mazi\" \/>\n\t<meta name=\"twitter:label2\" content=\"Est. reading time\" \/>\n\t<meta name=\"twitter:data2\" content=\"6 minutes\" \/>\n<script type=\"application\/ld+json\" class=\"seo-schema-graph\">{\"@context\":\"https:\\\/\\\/schema.org\",\"@graph\":[{\"@type\":\"Article\",\"@id\":\"https:\\\/\\\/darkamazi.info\\\/archives\\\/1009392#article\",\"isPartOf\":{\"@id\":\"https:\\\/\\\/darkamazi.info\\\/archives\\\/1009392\"},\"author\":{\"name\":\"darka mazi\",\"@id\":\"https:\\\/\\\/darkamazi.info\\\/#\\\/schema\\\/person\\\/5ad3e24553a0567993fa8ed4bd0a776c\"},\"headline\":\"PKK \u00e7awa hat damezrandin? &#8211; Be\u015fa 1\",\"datePublished\":\"2019-10-30T15:28:08+00:00\",\"dateModified\":\"2021-08-04T13:29:44+00:00\",\"mainEntityOfPage\":{\"@id\":\"https:\\\/\\\/darkamazi.info\\\/archives\\\/1009392\"},\"wordCount\":1701,\"publisher\":{\"@id\":\"https:\\\/\\\/darkamazi.info\\\/#organization\"},\"image\":{\"@id\":\"https:\\\/\\\/darkamazi.info\\\/archives\\\/1009392#primaryimage\"},\"thumbnailUrl\":\"https:\\\/\\\/darkamazi.info\\\/darka-content\\\/uploads\\\/2019\\\/10\\\/vegerin-bo-diroke.jpg\",\"keywords\":[\"Ocelan\"],\"articleSection\":[\"V\u00eed\u00eeyo\"],\"inLanguage\":\"en-US\"},{\"@type\":\"WebPage\",\"@id\":\"https:\\\/\\\/darkamazi.info\\\/archives\\\/1009392\",\"url\":\"https:\\\/\\\/darkamazi.info\\\/archives\\\/1009392\",\"name\":\"PKK \u00e7awa hat damezrandin? - Be\u015fa 1 - Darka Maz\u00ee\",\"isPartOf\":{\"@id\":\"https:\\\/\\\/darkamazi.info\\\/#website\"},\"primaryImageOfPage\":{\"@id\":\"https:\\\/\\\/darkamazi.info\\\/archives\\\/1009392#primaryimage\"},\"image\":{\"@id\":\"https:\\\/\\\/darkamazi.info\\\/archives\\\/1009392#primaryimage\"},\"thumbnailUrl\":\"https:\\\/\\\/darkamazi.info\\\/darka-content\\\/uploads\\\/2019\\\/10\\\/vegerin-bo-diroke.jpg\",\"datePublished\":\"2019-10-30T15:28:08+00:00\",\"dateModified\":\"2021-08-04T13:29:44+00:00\",\"breadcrumb\":{\"@id\":\"https:\\\/\\\/darkamazi.info\\\/archives\\\/1009392#breadcrumb\"},\"inLanguage\":\"en-US\",\"potentialAction\":[{\"@type\":\"ReadAction\",\"target\":[\"https:\\\/\\\/darkamazi.info\\\/archives\\\/1009392\"]}]},{\"@type\":\"ImageObject\",\"inLanguage\":\"en-US\",\"@id\":\"https:\\\/\\\/darkamazi.info\\\/archives\\\/1009392#primaryimage\",\"url\":\"https:\\\/\\\/darkamazi.info\\\/darka-content\\\/uploads\\\/2019\\\/10\\\/vegerin-bo-diroke.jpg\",\"contentUrl\":\"https:\\\/\\\/darkamazi.info\\\/darka-content\\\/uploads\\\/2019\\\/10\\\/vegerin-bo-diroke.jpg\",\"width\":1000,\"height\":571,\"caption\":\"PKK \u00e7awa hat damezrandin? Be\u015fa yekem\u00een\"},{\"@type\":\"BreadcrumbList\",\"@id\":\"https:\\\/\\\/darkamazi.info\\\/archives\\\/1009392#breadcrumb\",\"itemListElement\":[{\"@type\":\"ListItem\",\"position\":1,\"name\":\"Home\",\"item\":\"https:\\\/\\\/darkamazi.info\\\/\"},{\"@type\":\"ListItem\",\"position\":2,\"name\":\"PKK \u00e7awa hat damezrandin? &#8211; Be\u015fa 1\"}]},{\"@type\":\"WebSite\",\"@id\":\"https:\\\/\\\/darkamazi.info\\\/#website\",\"url\":\"https:\\\/\\\/darkamazi.info\\\/\",\"name\":\"Darka Maz\u00ee\",\"description\":\"P\u00eageha Zanyariy\u00ean Nebih\u00eest\u00ee\",\"publisher\":{\"@id\":\"https:\\\/\\\/darkamazi.info\\\/#organization\"},\"potentialAction\":[{\"@type\":\"SearchAction\",\"target\":{\"@type\":\"EntryPoint\",\"urlTemplate\":\"https:\\\/\\\/darkamazi.info\\\/?s={search_term_string}\"},\"query-input\":{\"@type\":\"PropertyValueSpecification\",\"valueRequired\":true,\"valueName\":\"search_term_string\"}}],\"inLanguage\":\"en-US\"},{\"@type\":\"Organization\",\"@id\":\"https:\\\/\\\/darkamazi.info\\\/#organization\",\"name\":\"Darka Maz\u00ee\",\"url\":\"https:\\\/\\\/darkamazi.info\\\/\",\"logo\":{\"@type\":\"ImageObject\",\"inLanguage\":\"en-US\",\"@id\":\"https:\\\/\\\/darkamazi.info\\\/#\\\/schema\\\/logo\\\/image\\\/\",\"url\":\"https:\\\/\\\/darkamazi.info\\\/darka-content\\\/uploads\\\/2017\\\/12\\\/darka-mazi-logo.png\",\"contentUrl\":\"https:\\\/\\\/darkamazi.info\\\/darka-content\\\/uploads\\\/2017\\\/12\\\/darka-mazi-logo.png\",\"width\":151,\"height\":75,\"caption\":\"Darka Maz\u00ee\"},\"image\":{\"@id\":\"https:\\\/\\\/darkamazi.info\\\/#\\\/schema\\\/logo\\\/image\\\/\"},\"sameAs\":[\"https:\\\/\\\/www.facebook.com\\\/DarMaziKurmanci\",\"https:\\\/\\\/x.com\\\/DarkaMaziLatini\",\"https:\\\/\\\/www.instagram.com\\\/darkamazi.kurmanci\\\/\",\"https:\\\/\\\/www.youtube.com\\\/channel\\\/UCa5HkTdmI8U1qCUFuTw8B2g\"]},{\"@type\":\"Person\",\"@id\":\"https:\\\/\\\/darkamazi.info\\\/#\\\/schema\\\/person\\\/5ad3e24553a0567993fa8ed4bd0a776c\",\"name\":\"darka mazi\",\"sameAs\":[\"https:\\\/\\\/darkamazi.info\\\/\"],\"url\":\"https:\\\/\\\/darkamazi.info\\\/archives\\\/author\\\/kurdi\"}]}<\/script>\n<!-- \/ Yoast SEO plugin. -->","seo_head_json":{"title":"PKK \u00e7awa hat damezrandin? - Be\u015fa 1 - Darka Maz\u00ee","robots":{"index":"index","follow":"follow","max-snippet":"max-snippet:-1","max-image-preview":"max-image-preview:large","max-video-preview":"max-video-preview:-1"},"canonical":"https:\/\/darkamazi.info\/archives\/1009392","og_locale":"en_US","og_type":"article","og_title":"PKK \u00e7awa hat damezrandin? - Be\u015fa 1 - Darka Maz\u00ee","og_description":"[darkamazi_row][darkamazi_column][darkamazi_video link=&#8221;https:\/\/youtu.be\/0TlyJifItkk&#8221; align=&#8221;center&#8221;][darkamazi_column_text] Parta Karker\u00ean Kurdistan\u00ea s\u00ea qonax\u00ean xebat\u00ea derbas kir\u00eene taku pirojeya komara demokrat\u00eek kiriye sitrat\u00eej \u00fb dest ji xweser\u00ee, fedral\u00ee \u00fb Otonom\u00eey\u00ea bo bakor\u00ea Kurdistan\u00ea hilgirt\u00ee. PKK\u2019\u00ea \u00eero bi r\u00eaya komara demokrat\u00eek peymana emeknasiya xwe ji dewleta Tirkan re radigih\u00eene, \u00fb bi gotina r\u00eaber\u00ean w\u00ea wexte peymana netew\u00ee digel desthilatdar\u00ean Tirkiy\u00ea tekm\u00eel bike, [&hellip;]","og_url":"https:\/\/darkamazi.info\/archives\/1009392","og_site_name":"Darka Maz\u00ee","article_publisher":"https:\/\/www.facebook.com\/DarMaziKurmanci","article_published_time":"2019-10-30T15:28:08+00:00","article_modified_time":"2021-08-04T13:29:44+00:00","og_image":[{"width":1000,"height":571,"url":"https:\/\/darkamazi.info\/file\/2019\/10\/vegerin-bo-diroke.jpg","type":"image\/jpeg"}],"author":"darka mazi","twitter_card":"summary_large_image","twitter_creator":"@DarkaMaziLatini","twitter_site":"@DarkaMaziLatini","twitter_misc":{"Written by":"darka mazi","Est. reading time":"6 minutes"},"schema":{"@context":"https:\/\/schema.org","@graph":[{"@type":"Article","@id":"https:\/\/darkamazi.info\/archives\/1009392#article","isPartOf":{"@id":"https:\/\/darkamazi.info\/archives\/1009392"},"author":{"name":"darka mazi","@id":"https:\/\/darkamazi.info\/#\/schema\/person\/5ad3e24553a0567993fa8ed4bd0a776c"},"headline":"PKK \u00e7awa hat damezrandin? &#8211; Be\u015fa 1","datePublished":"2019-10-30T15:28:08+00:00","dateModified":"2021-08-04T13:29:44+00:00","mainEntityOfPage":{"@id":"https:\/\/darkamazi.info\/archives\/1009392"},"wordCount":1701,"publisher":{"@id":"https:\/\/darkamazi.info\/#organization"},"image":{"@id":"https:\/\/darkamazi.info\/archives\/1009392#primaryimage"},"thumbnailUrl":"https:\/\/darkamazi.info\/file\/2019\/10\/vegerin-bo-diroke.jpg","keywords":["Ocelan"],"articleSection":["V\u00eed\u00eeyo"],"inLanguage":"en-US"},{"@type":"WebPage","@id":"https:\/\/darkamazi.info\/archives\/1009392","url":"https:\/\/darkamazi.info\/archives\/1009392","name":"PKK \u00e7awa hat damezrandin? - Be\u015fa 1 - Darka Maz\u00ee","isPartOf":{"@id":"https:\/\/darkamazi.info\/#website"},"primaryImageOfPage":{"@id":"https:\/\/darkamazi.info\/archives\/1009392#primaryimage"},"image":{"@id":"https:\/\/darkamazi.info\/archives\/1009392#primaryimage"},"thumbnailUrl":"https:\/\/darkamazi.info\/file\/2019\/10\/vegerin-bo-diroke.jpg","datePublished":"2019-10-30T15:28:08+00:00","dateModified":"2021-08-04T13:29:44+00:00","breadcrumb":{"@id":"https:\/\/darkamazi.info\/archives\/1009392#breadcrumb"},"inLanguage":"en-US","potentialAction":[{"@type":"ReadAction","target":["https:\/\/darkamazi.info\/archives\/1009392"]}]},{"@type":"ImageObject","inLanguage":"en-US","@id":"https:\/\/darkamazi.info\/archives\/1009392#primaryimage","url":"https:\/\/darkamazi.info\/file\/2019\/10\/vegerin-bo-diroke.jpg","contentUrl":"https:\/\/darkamazi.info\/file\/2019\/10\/vegerin-bo-diroke.jpg","width":1000,"height":571,"caption":"PKK \u00e7awa hat damezrandin? Be\u015fa yekem\u00een"},{"@type":"BreadcrumbList","@id":"https:\/\/darkamazi.info\/archives\/1009392#breadcrumb","itemListElement":[{"@type":"ListItem","position":1,"name":"Home","item":"https:\/\/darkamazi.info\/"},{"@type":"ListItem","position":2,"name":"PKK \u00e7awa hat damezrandin? &#8211; Be\u015fa 1"}]},{"@type":"WebSite","@id":"https:\/\/darkamazi.info\/#website","url":"https:\/\/darkamazi.info\/","name":"Darka Maz\u00ee","description":"P\u00eageha Zanyariy\u00ean Nebih\u00eest\u00ee","publisher":{"@id":"https:\/\/darkamazi.info\/#organization"},"potentialAction":[{"@type":"SearchAction","target":{"@type":"EntryPoint","urlTemplate":"https:\/\/darkamazi.info\/?s={search_term_string}"},"query-input":{"@type":"PropertyValueSpecification","valueRequired":true,"valueName":"search_term_string"}}],"inLanguage":"en-US"},{"@type":"Organization","@id":"https:\/\/darkamazi.info\/#organization","name":"Darka Maz\u00ee","url":"https:\/\/darkamazi.info\/","logo":{"@type":"ImageObject","inLanguage":"en-US","@id":"https:\/\/darkamazi.info\/#\/schema\/logo\/image\/","url":"https:\/\/darkamazi.info\/file\/2017\/12\/darka-mazi-logo.png","contentUrl":"https:\/\/darkamazi.info\/file\/2017\/12\/darka-mazi-logo.png","width":151,"height":75,"caption":"Darka Maz\u00ee"},"image":{"@id":"https:\/\/darkamazi.info\/#\/schema\/logo\/image\/"},"sameAs":["https:\/\/www.facebook.com\/DarMaziKurmanci","https:\/\/x.com\/DarkaMaziLatini","https:\/\/www.instagram.com\/darkamazi.kurmanci\/","https:\/\/www.youtube.com\/channel\/UCa5HkTdmI8U1qCUFuTw8B2g"]},{"@type":"Person","@id":"https:\/\/darkamazi.info\/#\/schema\/person\/5ad3e24553a0567993fa8ed4bd0a776c","name":"darka mazi","sameAs":["https:\/\/darkamazi.info\/"],"url":"https:\/\/darkamazi.info\/archives\/author\/kurdi"}]}},"_links":{"self":[{"href":"https:\/\/darkamazi.info\/funavuv\/wp\/v2\/posts\/1009392","targetHints":{"allow":["GET"]}}],"collection":[{"href":"https:\/\/darkamazi.info\/funavuv\/wp\/v2\/posts"}],"about":[{"href":"https:\/\/darkamazi.info\/funavuv\/wp\/v2\/types\/post"}],"author":[{"embeddable":true,"href":"https:\/\/darkamazi.info\/funavuv\/wp\/v2\/users\/2"}],"replies":[{"embeddable":true,"href":"https:\/\/darkamazi.info\/funavuv\/wp\/v2\/comments?post=1009392"}],"version-history":[{"count":0,"href":"https:\/\/darkamazi.info\/funavuv\/wp\/v2\/posts\/1009392\/revisions"}],"wp:featuredmedia":[{"embeddable":true,"href":"https:\/\/darkamazi.info\/funavuv\/wp\/v2\/media\/1009393"}],"wp:attachment":[{"href":"https:\/\/darkamazi.info\/funavuv\/wp\/v2\/media?parent=1009392"}],"wp:term":[{"taxonomy":"category","embeddable":true,"href":"https:\/\/darkamazi.info\/funavuv\/wp\/v2\/categories?post=1009392"},{"taxonomy":"post_tag","embeddable":true,"href":"https:\/\/darkamazi.info\/funavuv\/wp\/v2\/tags?post=1009392"}],"curies":[{"name":"wp","href":"https:\/\/api.w.org\/{rel}","templated":true}]}}