{"id":1009397,"date":"2019-10-30T20:30:16","date_gmt":"2019-10-30T17:30:16","guid":{"rendered":"https:\/\/darkamazi.info\/?p=1009397"},"modified":"2021-09-16T15:43:16","modified_gmt":"2021-09-16T12:43:16","slug":"ere-hdp-sedema-bedengiya-bakure-kurdistane-ye","status":"publish","type":"post","link":"https:\/\/darkamazi.info\/archives\/1009397","title":{"rendered":"Er\u00ea HDP sedema b\u00eadengiya bak\u00fbr\u00ea kurdistan\u00ea ye?"},"content":{"rendered":"<h3 style=\"text-align: justify;\"><span style=\"font-family: 'arial black', sans-serif;\">Pi\u015ft\u00ee hewla dag\u00eerkar\u00ee a rojava Kurdistan\u00ea ji aliy\u00ea dewleta Tirkiy\u00ea ve, hem\u00fb al\u00ee li ser b\u00eadeng\u00ee a Bak\u00fbr\u00ea &nbsp;Kurdistan\u00ea n\u00eeqa\u015f\u00ea dikin, her\u00ee z\u00eade part\u00eeya demokrat\u00eek a gelan HDP\u2019e t\u00ea s\u00fb\u00e7bar kirin, gelo di rast\u00ee de HDP\u2019e s\u00fb\u00e7bar yan aliy\u00ea ku HDP\u2019e damezrand\u00ee? Er\u00ea k\u00ea HDP\u2019e damezrandiye?<\/span><\/h3>\n<h3 style=\"text-align: justify;\">Pi\u015ft\u00ee dewleta Tirkiy\u00ea li 9\/10\/2019an hewla dag\u00eerkar\u00ee a rojava Kurdistan\u00ea kr\u00ee, li hem\u00fb c\u00eehan\u00ea deng\u00ean neraz\u00eeb\u00fbn\u00ea derketin hol\u00ea, kurd \u00fb hevalbend\u00ean wan \u00fb kesatiy\u00ean mirov perwer li hem\u00fb qadan li dij\u00ee dag\u00eerkariy\u00ea helwest dan diyar kirin, ten\u00ea deng\u00ea Bak\u00fbr\u00ea Kurdistan\u00ea tune b\u00fb \u00fb \u00e7i helwest\u00ean wiha nehatin derxistin. Gel\u00ea Bak\u00fbr\u00ea Kurdistan\u00ea heger ew neraz\u00ee j\u00ee be, wan nikar\u00ee helwest \u00fb \u00e7alakiy\u00ean xwe diyar bikin, er\u00ea li wexta rew\u015f her\u00ee as\u00ea ku li sal\u00ean notan \u00ear\u00ee\u015f\u00ee tank \u00fb erebey\u00ean le\u015fkir\u00ee \u00ean Tirkiy\u00ea dikir dihat kirin wan helwest heb\u00fb, l\u00ea bel\u00ea \u00e7ima niha \u00e7i helwesta wan tuneye, her kes li v\u00ea mijar\u00ea de HDP\u2019\u00ea s\u00fb\u00e7bar dibine \u00fb dixwaze parlementer\u00ean HDP\u2019\u00ea dest ji kar vek\u015fin, er\u00ea gelo HDP\u2019e di rast\u00ee de s\u00fb\u00e7bare?<\/h3>\n<h2 style=\"text-align: justify;\"><span style=\"font-family: 'arial black', sans-serif; color: #808080;\">Li Bak\u00fbr\u00ea Kurdistan\u00ea part\u00eey\u00ean siyas\u00ee \u00ean kurdan di du qonaxan de derbas dibin:<\/span><\/h2>\n<h3 style=\"text-align: justify;\">Qonaxa yekem\u00een: part\u00eey\u00ean weke part\u00eey\u00ean (DEP, HEP, DEHAP) ku li bajar\u00ean Kurdistan\u00ea r\u00eaxistin\u00ean xwe kirb\u00fbn, gelek kesatiy\u00ean Kurdistan\u00ea t\u00eade c\u00ee girtin, ev part\u00eey\u00ean kurd \u00fb Kurdistan\u00ea b\u00fbn, ev kes\u00ean li nava van part\u00eeyan de ne ser bi \u00eedoloj\u00eeyayek\u00ea b\u00fbn, l\u00ea bel\u00ea ew gir\u00eaday\u00ee doza Kurdistan\u00ea b\u00fbn, ev p\u00eavajo ji sala 1991an heya 2005an berdewam kir, dil van 14 salan de, gelek \u00eensan hatin winda kirin \u00fb bin\u00e7av kirin, gelek j\u00ee rast\u00ee e\u015fkencey\u00ea hatin, serok\u00ea part\u00eeya (HEP) y\u00ea bi nav\u00ea (Vedat Aydin) li 5 T\u00eermeha sala 1991an li bajar\u00ea Amed\u00ea hat revand, pi\u015ftre \u00fb li 7 heman meh\u00ea anku bi du rojan ceseda w\u00ee hat d\u00eetin, di meras\u00eema Ve\u015fartina ceseda Aydin de, hezaran&nbsp; kes \u00fb bi silogana &#8220;bij\u00ee Kurdistan \u00fb bimre koledan&#8221; ketin nav kolanan, ev slogan heya sala 2004an b\u00fb silogana van part\u00eey\u00ean qonaxa yekem\u00een.<\/h3>\n<h2 style=\"text-align: center;\"><strong><span style=\"color: #808080;\">Part\u00eey\u00ean &#8220;DTP, BDP, HDP&#8221; pisgir\u00eak\u00ean Kurdistan\u00ea li al\u00eeyek\u00ea danan \u00fb pisgir\u00eak\u00ean demokrat\u00eek b\u00fbna Tirkiy\u00ea ji bo xwe kirin esas<\/span><\/strong><\/h2>\n<h3 style=\"text-align: justify;\">Qonaxa duyem\u00een: ji sala 2005an heya niha e qonax dewam dike, her yek ji van part\u00eeyan li pey hev &#8220;DTP, BDP, HDP&#8221; teko\u015f\u00eena xwe di v\u00ea qonax\u00ea de me\u015fandin, ev part\u00ee bi hundir \u00fb siyaseta xwe ji part\u00eey\u00ean qonaxa yekem\u00een pir cudane, ev partiye raste rast ji aliy\u00ea Ocalan ve dihatin bir\u00eavebirin, armanc \u00fb silogana wan ev b\u00fb: &#8220;Tirkiya ya demokrat\u00eek, weke Tirkiya b\u00fbn&#8221; her wiha &#8220;ne kurd b\u00ea Tirk \u00fb ne Tirk b\u00ea kurd nikarin bij\u00een&#8221;, kesatiy\u00ean kurdistan\u00ee di nava van part\u00eeyan de tune b\u00fbn yan gelek k\u00eam b\u00fbn, hemwext kurdayet\u00ee ber bi lawaziy\u00ea de \u00e7\u00fb, pi\u015ft\u00ee w\u00ea dem\u00ea hevpeyman\u00ee li gel part\u00eey\u00ean \u00e7ep \u00ean Tirkiy\u00ea ava kirin \u00fb pisgir\u00eak\u00ean Kurdistan\u00ea li aliyek\u00ea danan \u00fb pisgir\u00eak\u00ean demokrat\u00eek b\u00fbna Tirkiy\u00ea ji bo xwe kirin esas, li destp\u00eak\u00ea de kesatiy\u00ean weke &#8220;Leyla Zana&#8221; j\u00ee heb\u00fbn, l\u00ea bel\u00ea b\u00ea bandor kirin, li bange\u015feya hilbijartinan de alay\u00ea HDP\u2019\u00ea \u00fb Tirkiy\u00ea p\u00eakve hildan, w\u00eaney\u00ean Ocalan \u00fb Kemal Ataturk li pey hev danan \u00fb we\u015fandin, part\u00eey\u00ean \u00e7ep \u00ean Tirkiy\u00ea di nava hevpeymaniya HDP\u2019\u00ea de \u00e7i al\u00eegr\u00ean wan neb\u00fb, l\u00ea bel\u00ea wan deng\u00ea kurdan bi dest xistin, HDP\u2019e ji aliy\u00ea gel\u00ea kurd dihat pi\u015ftevan\u00ee kirin, l\u00ea bel\u00ea gel\u00ea Tirk t\u00eada c\u00ee girtin, kes\u00ean ku ji ziman\u00ea kurd\u00ee fam ne di kirin, b\u00fbne n\u00fbner\u00ea gel\u00ea kurd li parlamentoy\u00ea, hinek Tirk ku bajar\u00ean kurdan nas ne di kirin b\u00fbne parlementer\u00ean wan bajaran, wan p\u00eavajoya part\u00eey\u00ean kurd\u00ee hi\u015ft \u00fb p\u00eavajoya duyem\u00een a Tirk b\u00fbn dest p\u00ea kirin.<\/h3>\n<h2 style=\"text-align: center;\"><span style=\"color: #808080;\"><strong>Ocalan dib\u00eaje: &#8220;min yeq\u00een ji bo M\u00eet\u00ea dirist kir ku \u00e7ep\u00ean Tirkiy\u00ea di nava HDP\u2019\u00ea de c\u00ee bigirin&#8221;<\/strong><\/span><\/h2>\n<h3 style=\"text-align: justify;\">Pi\u015ftre hinek gotin hatin ku ev part\u00eeye ji aliy\u00ea Ocalan \u00fb M\u00eet\u00ea ve hatine ava kirin, li sala 2014an, hinek t\u00eab\u00een\u00ee \u00ean hevd\u00eetna Ocalan digel parlementer\u00ean HDP\u2019\u00ea bi nav\u00ea &#8220;Perw\u00een Boldan, Sir\u00ee Sureya Onder&#8221; hatin e\u015fkere kirin, di wan t\u00eab\u00eenyan de Ocalan dib\u00eaje: &#8220;min yeq\u00een ji bo M\u00eet\u00ea dirist kir ku \u00e7ep\u00ean Tirkiy\u00ea di nava HDP\u2019\u00ea de c\u00ee bigirin, bi v\u00ea r\u00ea part\u00eey\u00ean \u00e7ep w\u00ea ji aliy\u00ea me ve werin parastin&#8221;.<\/h3>\n<h3 style=\"text-align: justify;\">Ne Ocalan, ne PKK \u00fb ne j\u00ee HDP\u2019\u00ea ev gotin ne direwand, heya hinek rojnamevanan ji Selahedd\u00een Dem\u00eerta\u015f pirs\u00ee er\u00ea M\u00eet\u00ea HDP\u2019e ava kiriye?, l\u00ea bel\u00ea Dem\u00eerta\u015f ev pirs ne berisvand, PKK\u2019\u00ea j\u00ee deng\u00ea xwe nekir, lewma ev yek bi ciy\u00ea goman\u00ea ji aliy\u00ea gel ve dihat meyze kirin.<\/h3>\n<h3 style=\"text-align: justify;\">Rew\u015fa \u00eero a li Bak\u00fbr\u00ea &nbsp;Kurdistan\u00ea hatye dirist kirin wiha p\u00ea\u015fan dide ku ev gotin rastin \u00fb HDP\u2019e ji aliy\u00ea M\u00eet\u00ea ve hatye damezrandin, ji ber ku li Bak\u00fbr\u00ea &nbsp;Kurdistan\u00ea kurd ji aliy\u00ea \u00eeradeya kurd\u00ee ve hatin lawaz kirin, le\u015fkir\u00ean dewleta Tirkiy\u00ea bera 20 salan j\u00ee li me\u015f \u00fb \u00e7alakiyan de raste rast bi tiveng\u00ean \u00ear\u00ee\u015f\u00ee kurdan dikir, desteser di kirin \u00fb e\u015fkence di dan, l\u00ea bel\u00ea gel li ber xwe di da, l\u00ea bel\u00ea \u00eero gel b\u00ea h\u00eaz b\u00fbye, ji ber ku li van 20 salan bi taybet li 10 sal\u00ean dawy\u00ea \u00fb bi sedema w\u00ea siyaseta hatye me\u015fandin, gel b\u00ea deng ma, h\u00eaz \u00fb kar\u00een\u00ean wan hatin jinavbirin, ji bo mebest\u00ean ne ber\u00e7av PKK\u2019\u00ea serhildan bi gel kir, wexta ku rew\u015f\u00ean minasib li Tirkiy\u00ea derketin hol\u00ea, PKK\u2019\u00ea gel nerakir ser p\u00eayan, bel\u00ea jibo daxwaza azad kirina Ocalan bi mehan gel derxistin cade \u00fb serhildanan, bi hezaran \u00e7alak\u00ee hatin p\u00eak an\u00een \u00fb ji ber van \u00e7alakiyan bi sedan genc ji dibistanan hatin derxistin \u00fb bi sedan kes hatin desteser kirin, ev \u00eensane heger bo maf\u00ea ziman\u00ee \u00e7alak\u00ee kirban ku rew\u015fa w\u00ea dem\u00ea minasib &nbsp;b\u00fb ku ev daxwaze li ber \u00e7av ji aliy\u00ea Tirkiy\u00ea \u00fb wlat\u00ean Ewropa were wergirtin, li sala 2014an li nav\u00e7eya Lic\u00ea ya Amed\u00ea peyker\u00ea \u015feh\u00eed\u00ea PKK\u2019\u00ea bi nav\u00ea &#8220;Mehs\u00fbm Korkmaz&#8221; ku li sala 1986an hatb\u00fb ku\u015ftin hatb\u00fb danan, gelek e\u015fkere b\u00fb ku dewleta Tirkiy\u00ea w\u00ea v\u00ee peyker\u00ee ji nav bibe \u00fb PKK\u2019\u00ea banga gel kir ku bibin r\u00eagir li himber hewl\u00ean dewlet\u00ea bo ji nav birina peyker\u00ee, 2 rojan gel xirveb\u00fb \u00fb b\u00fb r\u00eagir \u00fb Le\u015fkir\u00ea Tirkiy\u00ea \u00ear\u00ee\u015f\u00ee gel kir \u00fb di encam\u00ea de kesek\u00ee can\u00ea xwe ji dest da \u00fb 50 kes hatin desteser kirin, her kesek\u00ee fam dikir ev peyker w\u00ea were ji nav birin, l\u00ea bel\u00ea \u00e7ima xelk bi v\u00ea yek\u00ea mij\u00fbl kirin? Eve bi rast\u00ee \u015fa\u015f\u00ee b\u00fbn yan j\u00ee p\u00eelaneke \u00e7\u00eakr\u00ee b\u00fb ku xelk\u00ee bi van babetan ve mij\u00fbl\u00ee bikin \u00fb \u00eeradeya wan rast\u00ee \u015fikestin\u00ea were kirin.<\/h3>\n<h2 style=\"text-align: center;\"><span style=\"color: #808080;\"><strong>\u015eer\u00ea xendekan ku qedera bak\u00fbr\u00ea Kurdistan\u00ea guher\u00ee, p\u00eaw\u00eeste d\u00eerokeke dir\u00eaj li ser were niv\u00eesandin<\/strong><\/span><\/h2>\n<h3 style=\"text-align: justify;\">Ger dirist kirina xendekan jibo parastina berjewendiya gel be? Wexta li bajaran yekem\u00een xendek hatiye kolan \u00fb rast\u00ee \u015fikestin\u00ea b\u00fby, her wiha li bajar\u00ea duyem\u00een, gelo \u00e7ima li 5 bajar\u00ean din xendek hatin kolan, eve b\u00fb sedem ku 7 bajar\u00ean bak\u00fbr\u00ea Kurdistan\u00ea bi temam\u00ee b\u00ean xirap kirin.<\/h3>\n<h3 style=\"text-align: justify;\">Ti\u015fta her\u00ee gir\u00eeng siyaseta xendekan b\u00fb ku li sala 2015an PKK\u2019\u00ea \u015fer\u00ea xwe birin nav bajar \u00fb gundan \u00fb b\u00fb eger ku xelk z\u00eeyan\u00ea bib\u00een\u00eet \u00fb b\u00ea h\u00eaz bim\u00eene, di encama w\u00ea \u015fer\u00ea de, 310 kes\u00ean siv\u00eel hatin ku\u015ftin \u00fb z\u00eadetir ji 100 hezar kesan b\u00ea xan\u00ee man \u00fb ko\u00e7ber b\u00fbn, d\u00eeroka \u015fer\u00ea xendekan ku qedera bak\u00fbr\u00ea Kurdistan\u00ea guher\u00ee, p\u00eaw\u00eeste d\u00eerokeke dir\u00eaj li ser were niv\u00eesandin, l\u00ea bel\u00ea ev ti\u015fteke e\u015fkereye, xendek b\u00fb sedem ku gel\u00ea kurd li bajar\u00ean &#8220;\u015eirenx\u00ea, S\u00fbra Amed\u00ea, Silop\u00ee, Nis\u00eab\u00een\u00ea \u00fb Ciz\u00eer\u00ea \u00fb her wiha Hezex\u00ea&#8221; ko\u00e7ber bibin \u00fb heya niha wan nikariye jiyana xwe a ber\u00ea veger\u00eenin, xendekan \u00e7i destkefteke siyas\u00ee bi dest nexist \u00fb ew daxwazy\u00ean PKK\u2019\u00ea ku diyar dikir r\u00eaveberiyeke xweser dixwaze ew rew\u015f bo w\u00ea daxwazy\u00ea ne minasib &nbsp;b\u00fb, ne rew\u015fa her\u00eam\u00ea ne j\u00ee a navdewlet\u00ee r\u00ea ne da ev daxwaz\u00ee were bi dest xistin,&nbsp; l\u00ea bel\u00ea bo v\u00ea daxwaz\u00ea 7 bajar b\u00fbn qurban\u00ee, ba\u015fe pirs li vir eve, ger dirist kirina xendekan jibo parastina berjewendiya gel be? Wexta li bajaran yekem\u00een xendek hatye kolan \u00fb rast\u00ee \u015fikestin\u00ea b\u00fby, her wiha li bajar\u00ea duyem\u00een, gelo \u00e7ima li 5 bajar\u00ean din xendek hatin kolan, eve b\u00fb sedem ku 7 bajar\u00ean bak\u00fbr\u00ea Kurdistan\u00ea bi temam\u00ee b\u00ean xirap kirin.<\/h3>\n<h3 style=\"text-align: justify;\">Li gurey p\u00eazan\u00een taybet \u00ean Darka Maz\u00ee y\u00ea, n\u00eeyaza PKK\u2019\u00ea heb\u00fb, xendekan li bajar\u00ean din j\u00ee dirist bke, weke bajar\u00ean &#8220;Batman, Bayez\u00eed \u00fb Wan\u00ea&#8221; \u00fb hinek\u00ean din, l\u00ea bel\u00ea gel\u00ea kurd li wan bajaran r\u00ea nedan \u00fb qeb\u00fbl nekirin.<\/h3>\n<h3 style=\"text-align: justify;\">Bo zan\u00een wexta xort\u00ean Bak\u00fbr xendek ji bo \u015fer ava dikirin, wan bi \u00e7avsaxiya le\u015fkir \u00fb pol\u00ees\u00ean Tirkan alav\u00ean dirist kirina xendekan derbas dikir, l\u00ea bel\u00ea tu r\u00eagr\u00ee neb\u00fb, gel \u00e7ima Tirkiy\u00ea deng\u00ea xwe nekir \u00fb neb\u00fb r\u00eagir? Er\u00ea dewlet\u00ea di xwast ev xendek ji bo \u015fer werin dirist kirin? Ev bajar\u00ean Bak\u00fbr\u00ea Kurdistan\u00ea ku pir hesta k\u00fbratiy\u00ea t\u00eade b\u00fb, Tirkiy\u00ea bi salan nikar\u00ee dest dane ser, l\u00ea bel\u00ea PKK\u2019\u00ea bi \u015fer xendekan gih\u00ee\u015ft v\u00ea armanc\u00ea.<\/h3>\n<h2 style=\"text-align: center;\"><strong><span style=\"color: #808080;\">\u015eer\u00ea xendekan p\u00eelaneke Ebdulla Ocalan \u00fb M\u00eet\u00ea a ji bo w\u00earan kirina bajar\u00ean Bak\u00fbr\u00ea &nbsp;Kurdistan\u00ea b\u00fb<\/span><\/strong><\/h2>\n<h3 style=\"text-align: justify;\">Ev s\u00eenaryo w\u00ea yek\u00ea li b\u00eera mirov tine kan\u00ea \u00e7ewa HDP\u2019e ji aliy\u00ea Ocalan \u00fb M\u00eet\u00ea ve hat avakirin, aya \u015fer\u00ea xendekan j\u00ee ji aliy\u00ea Ocalan \u00fb M\u00eet\u00ea ve hatb\u00fb p\u00eelan kirin, jiberku armanca sitrat\u00eec\u00ee ya herdu pirsan yeke, ev pirs p\u00eaw\u00eeste were bersiv day\u00een ji ber ku w\u00ea qedera kurdan dide diyar kirin.<\/h3>\n<h3 style=\"text-align: justify;\">Li van 5 sal\u00ean dawy\u00ea \u00fb pi\u015ft\u00ee xirab kirina bajar\u00ean Bak\u00fbr\u00ea Kurdistan\u00ea, gel\u00ea bak\u00fbr b\u00eadeng ma bi awayek\u00ea ber\u00e7av be\u015fdariya \u00e7alakiyan neb\u00fb, eve j\u00ee bo \u015fer\u00ea xendekan vedgere ku z\u00eeyanek mezn bi gel xist.<\/h3>\n<h3 style=\"text-align: justify;\">Em veger\u00eene pirsa sereke er\u00ea HDP\u2019e ji b\u00eadengiya gel s\u00fb\u00e7bare? Bersiv nex\u00ear, ew\u00ean HDP\u2019e damezrand\u00ee ew berpirsyarin, ji ber ku berpirs\u00ean HDP\u2019\u00ea m\u00eena ekter\u00ean \u015fanoy\u00ea b\u00fbn \u00fb derh\u00eaner li dervey HDP\u2019\u00ea, ew bi r\u00eave dibirin, eve yek j\u00ee me digeh\u00eene w\u00ea encam\u00ea ku M\u00eet \u00fb Ocalan bi hevre HDP\u2019e ava kiriye \u00fb ger wan ava j\u00ee ne kiribe, ew aliy\u00ea HDP\u2019e ava kir\u00ee ji reftar\u00ean w\u00ea berpirsyare.<\/h3>\n<h3 style=\"text-align: justify;\">Ger gel\u00ea bak\u00fbr bixwaze heq\u00ea xwe bist\u00eene \u00fb bizanibe k\u00ee sedema b\u00eadengiy\u00ea b\u00fb, p\u00eaw\u00eeste pirs\u00ea ji Ocalan \u00fb M\u00eet\u00ea bikin. Kan\u00ea ev \u00e7i b\u00fb kr\u00ee?<\/h3>\n","protected":false},"excerpt":{"rendered":"<p>Pi\u015ft\u00ee hewla dag\u00eerkar\u00ee a rojava Kurdistan\u00ea ji aliy\u00ea dewleta Tirkiy\u00ea ve, hem\u00fb al\u00ee li ser b\u00eadeng\u00ee a Bak\u00fbr\u00ea &nbsp;Kurdistan\u00ea n\u00eeqa\u015f\u00ea dikin, her\u00ee z\u00eade part\u00eeya demokrat\u00eek a gelan HDP\u2019e t\u00ea s\u00fb\u00e7bar kirin, gelo di rast\u00ee de HDP\u2019e s\u00fb\u00e7bar yan aliy\u00ea ku HDP\u2019e damezrand\u00ee? Er\u00ea k\u00ea HDP\u2019e damezrandiye? Pi\u015ft\u00ee dewleta Tirkiy\u00ea li 9\/10\/2019an hewla dag\u00eerkar\u00ee a rojava [&hellip;]<\/p>\n","protected":false},"author":2,"featured_media":1009398,"comment_status":"closed","ping_status":"closed","sticky":false,"template":"","format":"standard","meta":{"footnotes":""},"categories":[68],"tags":[37],"class_list":["post-1009397","post","type-post","status-publish","format-standard","has-post-thumbnail","hentry","category-analiz","tag-sereke"],"blocksy_meta":[],"seo_head":"<!-- This site is optimized with the Yoast SEO plugin v27.5 - https:\/\/yoast.com\/product\/yoast-seo-wordpress\/ -->\n<title>Er\u00ea HDP sedema b\u00eadengiya bak\u00fbr\u00ea kurdistan\u00ea ye? - Darka Maz\u00ee<\/title>\n<meta name=\"robots\" content=\"index, follow, max-snippet:-1, max-image-preview:large, max-video-preview:-1\" \/>\n<link rel=\"canonical\" href=\"https:\/\/darkamazi.info\/archives\/1009397\" \/>\n<meta property=\"og:locale\" content=\"en_US\" \/>\n<meta property=\"og:type\" content=\"article\" \/>\n<meta property=\"og:title\" content=\"Er\u00ea HDP sedema b\u00eadengiya bak\u00fbr\u00ea kurdistan\u00ea ye? - Darka Maz\u00ee\" \/>\n<meta property=\"og:description\" content=\"Pi\u015ft\u00ee hewla dag\u00eerkar\u00ee a rojava Kurdistan\u00ea ji aliy\u00ea dewleta Tirkiy\u00ea ve, hem\u00fb al\u00ee li ser b\u00eadeng\u00ee a Bak\u00fbr\u00ea &nbsp;Kurdistan\u00ea n\u00eeqa\u015f\u00ea dikin, her\u00ee z\u00eade part\u00eeya demokrat\u00eek a gelan HDP\u2019e t\u00ea s\u00fb\u00e7bar kirin, gelo di rast\u00ee de HDP\u2019e s\u00fb\u00e7bar yan aliy\u00ea ku HDP\u2019e damezrand\u00ee? Er\u00ea k\u00ea HDP\u2019e damezrandiye? Pi\u015ft\u00ee dewleta Tirkiy\u00ea li 9\/10\/2019an hewla dag\u00eerkar\u00ee a rojava [&hellip;]\" \/>\n<meta property=\"og:url\" content=\"https:\/\/darkamazi.info\/archives\/1009397\" \/>\n<meta property=\"og:site_name\" content=\"Darka Maz\u00ee\" \/>\n<meta property=\"article:publisher\" content=\"https:\/\/www.facebook.com\/DarMaziKurmanci\" \/>\n<meta property=\"article:published_time\" content=\"2019-10-30T17:30:16+00:00\" \/>\n<meta property=\"article:modified_time\" content=\"2021-09-16T12:43:16+00:00\" \/>\n<meta property=\"og:image\" content=\"https:\/\/darkamazi.info\/file\/2019\/10\/hdp-30-10-2019.jpg\" \/>\n\t<meta property=\"og:image:width\" content=\"1024\" \/>\n\t<meta property=\"og:image:height\" content=\"576\" \/>\n\t<meta property=\"og:image:type\" content=\"image\/jpeg\" \/>\n<meta name=\"author\" content=\"darka mazi\" \/>\n<meta name=\"twitter:card\" content=\"summary_large_image\" \/>\n<meta name=\"twitter:creator\" content=\"@DarkaMaziLatini\" \/>\n<meta name=\"twitter:site\" content=\"@DarkaMaziLatini\" \/>\n<meta name=\"twitter:label1\" content=\"Written by\" \/>\n\t<meta name=\"twitter:data1\" content=\"darka mazi\" \/>\n\t<meta name=\"twitter:label2\" content=\"Est. reading time\" \/>\n\t<meta name=\"twitter:data2\" content=\"8 minutes\" \/>\n<script type=\"application\/ld+json\" class=\"seo-schema-graph\">{\"@context\":\"https:\\\/\\\/schema.org\",\"@graph\":[{\"@type\":\"Article\",\"@id\":\"https:\\\/\\\/darkamazi.info\\\/archives\\\/1009397#article\",\"isPartOf\":{\"@id\":\"https:\\\/\\\/darkamazi.info\\\/archives\\\/1009397\"},\"author\":{\"name\":\"darka mazi\",\"@id\":\"https:\\\/\\\/darkamazi.info\\\/#\\\/schema\\\/person\\\/5ad3e24553a0567993fa8ed4bd0a776c\"},\"headline\":\"Er\u00ea HDP sedema b\u00eadengiya bak\u00fbr\u00ea kurdistan\u00ea ye?\",\"datePublished\":\"2019-10-30T17:30:16+00:00\",\"dateModified\":\"2021-09-16T12:43:16+00:00\",\"mainEntityOfPage\":{\"@id\":\"https:\\\/\\\/darkamazi.info\\\/archives\\\/1009397\"},\"wordCount\":1867,\"publisher\":{\"@id\":\"https:\\\/\\\/darkamazi.info\\\/#organization\"},\"image\":{\"@id\":\"https:\\\/\\\/darkamazi.info\\\/archives\\\/1009397#primaryimage\"},\"thumbnailUrl\":\"https:\\\/\\\/darkamazi.info\\\/darka-content\\\/uploads\\\/2019\\\/10\\\/hdp-30-10-2019.jpg\",\"keywords\":[\"sereke\"],\"articleSection\":[\"Anal\u00eez\"],\"inLanguage\":\"en-US\"},{\"@type\":\"WebPage\",\"@id\":\"https:\\\/\\\/darkamazi.info\\\/archives\\\/1009397\",\"url\":\"https:\\\/\\\/darkamazi.info\\\/archives\\\/1009397\",\"name\":\"Er\u00ea HDP sedema b\u00eadengiya bak\u00fbr\u00ea kurdistan\u00ea ye? - Darka Maz\u00ee\",\"isPartOf\":{\"@id\":\"https:\\\/\\\/darkamazi.info\\\/#website\"},\"primaryImageOfPage\":{\"@id\":\"https:\\\/\\\/darkamazi.info\\\/archives\\\/1009397#primaryimage\"},\"image\":{\"@id\":\"https:\\\/\\\/darkamazi.info\\\/archives\\\/1009397#primaryimage\"},\"thumbnailUrl\":\"https:\\\/\\\/darkamazi.info\\\/darka-content\\\/uploads\\\/2019\\\/10\\\/hdp-30-10-2019.jpg\",\"datePublished\":\"2019-10-30T17:30:16+00:00\",\"dateModified\":\"2021-09-16T12:43:16+00:00\",\"breadcrumb\":{\"@id\":\"https:\\\/\\\/darkamazi.info\\\/archives\\\/1009397#breadcrumb\"},\"inLanguage\":\"en-US\",\"potentialAction\":[{\"@type\":\"ReadAction\",\"target\":[\"https:\\\/\\\/darkamazi.info\\\/archives\\\/1009397\"]}]},{\"@type\":\"ImageObject\",\"inLanguage\":\"en-US\",\"@id\":\"https:\\\/\\\/darkamazi.info\\\/archives\\\/1009397#primaryimage\",\"url\":\"https:\\\/\\\/darkamazi.info\\\/darka-content\\\/uploads\\\/2019\\\/10\\\/hdp-30-10-2019.jpg\",\"contentUrl\":\"https:\\\/\\\/darkamazi.info\\\/darka-content\\\/uploads\\\/2019\\\/10\\\/hdp-30-10-2019.jpg\",\"width\":1024,\"height\":576,\"caption\":\"ER\u00ca HDP SEDEMA B\u00caDENG\u0130YA BAK\u00dbR\u00ca KURD\u0130STAN\u00ca YE?\"},{\"@type\":\"BreadcrumbList\",\"@id\":\"https:\\\/\\\/darkamazi.info\\\/archives\\\/1009397#breadcrumb\",\"itemListElement\":[{\"@type\":\"ListItem\",\"position\":1,\"name\":\"Home\",\"item\":\"https:\\\/\\\/darkamazi.info\\\/\"},{\"@type\":\"ListItem\",\"position\":2,\"name\":\"Er\u00ea HDP sedema b\u00eadengiya bak\u00fbr\u00ea kurdistan\u00ea ye?\"}]},{\"@type\":\"WebSite\",\"@id\":\"https:\\\/\\\/darkamazi.info\\\/#website\",\"url\":\"https:\\\/\\\/darkamazi.info\\\/\",\"name\":\"Darka Maz\u00ee\",\"description\":\"P\u00eageha Zanyariy\u00ean Nebih\u00eest\u00ee\",\"publisher\":{\"@id\":\"https:\\\/\\\/darkamazi.info\\\/#organization\"},\"potentialAction\":[{\"@type\":\"SearchAction\",\"target\":{\"@type\":\"EntryPoint\",\"urlTemplate\":\"https:\\\/\\\/darkamazi.info\\\/?s={search_term_string}\"},\"query-input\":{\"@type\":\"PropertyValueSpecification\",\"valueRequired\":true,\"valueName\":\"search_term_string\"}}],\"inLanguage\":\"en-US\"},{\"@type\":\"Organization\",\"@id\":\"https:\\\/\\\/darkamazi.info\\\/#organization\",\"name\":\"Darka Maz\u00ee\",\"url\":\"https:\\\/\\\/darkamazi.info\\\/\",\"logo\":{\"@type\":\"ImageObject\",\"inLanguage\":\"en-US\",\"@id\":\"https:\\\/\\\/darkamazi.info\\\/#\\\/schema\\\/logo\\\/image\\\/\",\"url\":\"https:\\\/\\\/darkamazi.info\\\/darka-content\\\/uploads\\\/2017\\\/12\\\/darka-mazi-logo.png\",\"contentUrl\":\"https:\\\/\\\/darkamazi.info\\\/darka-content\\\/uploads\\\/2017\\\/12\\\/darka-mazi-logo.png\",\"width\":151,\"height\":75,\"caption\":\"Darka Maz\u00ee\"},\"image\":{\"@id\":\"https:\\\/\\\/darkamazi.info\\\/#\\\/schema\\\/logo\\\/image\\\/\"},\"sameAs\":[\"https:\\\/\\\/www.facebook.com\\\/DarMaziKurmanci\",\"https:\\\/\\\/x.com\\\/DarkaMaziLatini\",\"https:\\\/\\\/www.instagram.com\\\/darkamazi.kurmanci\\\/\",\"https:\\\/\\\/www.youtube.com\\\/channel\\\/UCa5HkTdmI8U1qCUFuTw8B2g\"]},{\"@type\":\"Person\",\"@id\":\"https:\\\/\\\/darkamazi.info\\\/#\\\/schema\\\/person\\\/5ad3e24553a0567993fa8ed4bd0a776c\",\"name\":\"darka mazi\",\"sameAs\":[\"https:\\\/\\\/darkamazi.info\\\/\"],\"url\":\"https:\\\/\\\/darkamazi.info\\\/archives\\\/author\\\/kurdi\"}]}<\/script>\n<!-- \/ Yoast SEO plugin. -->","seo_head_json":{"title":"Er\u00ea HDP sedema b\u00eadengiya bak\u00fbr\u00ea kurdistan\u00ea ye? - Darka Maz\u00ee","robots":{"index":"index","follow":"follow","max-snippet":"max-snippet:-1","max-image-preview":"max-image-preview:large","max-video-preview":"max-video-preview:-1"},"canonical":"https:\/\/darkamazi.info\/archives\/1009397","og_locale":"en_US","og_type":"article","og_title":"Er\u00ea HDP sedema b\u00eadengiya bak\u00fbr\u00ea kurdistan\u00ea ye? - Darka Maz\u00ee","og_description":"Pi\u015ft\u00ee hewla dag\u00eerkar\u00ee a rojava Kurdistan\u00ea ji aliy\u00ea dewleta Tirkiy\u00ea ve, hem\u00fb al\u00ee li ser b\u00eadeng\u00ee a Bak\u00fbr\u00ea &nbsp;Kurdistan\u00ea n\u00eeqa\u015f\u00ea dikin, her\u00ee z\u00eade part\u00eeya demokrat\u00eek a gelan HDP\u2019e t\u00ea s\u00fb\u00e7bar kirin, gelo di rast\u00ee de HDP\u2019e s\u00fb\u00e7bar yan aliy\u00ea ku HDP\u2019e damezrand\u00ee? Er\u00ea k\u00ea HDP\u2019e damezrandiye? Pi\u015ft\u00ee dewleta Tirkiy\u00ea li 9\/10\/2019an hewla dag\u00eerkar\u00ee a rojava [&hellip;]","og_url":"https:\/\/darkamazi.info\/archives\/1009397","og_site_name":"Darka Maz\u00ee","article_publisher":"https:\/\/www.facebook.com\/DarMaziKurmanci","article_published_time":"2019-10-30T17:30:16+00:00","article_modified_time":"2021-09-16T12:43:16+00:00","og_image":[{"width":1024,"height":576,"url":"https:\/\/darkamazi.info\/file\/2019\/10\/hdp-30-10-2019.jpg","type":"image\/jpeg"}],"author":"darka mazi","twitter_card":"summary_large_image","twitter_creator":"@DarkaMaziLatini","twitter_site":"@DarkaMaziLatini","twitter_misc":{"Written by":"darka mazi","Est. reading time":"8 minutes"},"schema":{"@context":"https:\/\/schema.org","@graph":[{"@type":"Article","@id":"https:\/\/darkamazi.info\/archives\/1009397#article","isPartOf":{"@id":"https:\/\/darkamazi.info\/archives\/1009397"},"author":{"name":"darka mazi","@id":"https:\/\/darkamazi.info\/#\/schema\/person\/5ad3e24553a0567993fa8ed4bd0a776c"},"headline":"Er\u00ea HDP sedema b\u00eadengiya bak\u00fbr\u00ea kurdistan\u00ea ye?","datePublished":"2019-10-30T17:30:16+00:00","dateModified":"2021-09-16T12:43:16+00:00","mainEntityOfPage":{"@id":"https:\/\/darkamazi.info\/archives\/1009397"},"wordCount":1867,"publisher":{"@id":"https:\/\/darkamazi.info\/#organization"},"image":{"@id":"https:\/\/darkamazi.info\/archives\/1009397#primaryimage"},"thumbnailUrl":"https:\/\/darkamazi.info\/file\/2019\/10\/hdp-30-10-2019.jpg","keywords":["sereke"],"articleSection":["Anal\u00eez"],"inLanguage":"en-US"},{"@type":"WebPage","@id":"https:\/\/darkamazi.info\/archives\/1009397","url":"https:\/\/darkamazi.info\/archives\/1009397","name":"Er\u00ea HDP sedema b\u00eadengiya bak\u00fbr\u00ea kurdistan\u00ea ye? - Darka Maz\u00ee","isPartOf":{"@id":"https:\/\/darkamazi.info\/#website"},"primaryImageOfPage":{"@id":"https:\/\/darkamazi.info\/archives\/1009397#primaryimage"},"image":{"@id":"https:\/\/darkamazi.info\/archives\/1009397#primaryimage"},"thumbnailUrl":"https:\/\/darkamazi.info\/file\/2019\/10\/hdp-30-10-2019.jpg","datePublished":"2019-10-30T17:30:16+00:00","dateModified":"2021-09-16T12:43:16+00:00","breadcrumb":{"@id":"https:\/\/darkamazi.info\/archives\/1009397#breadcrumb"},"inLanguage":"en-US","potentialAction":[{"@type":"ReadAction","target":["https:\/\/darkamazi.info\/archives\/1009397"]}]},{"@type":"ImageObject","inLanguage":"en-US","@id":"https:\/\/darkamazi.info\/archives\/1009397#primaryimage","url":"https:\/\/darkamazi.info\/file\/2019\/10\/hdp-30-10-2019.jpg","contentUrl":"https:\/\/darkamazi.info\/file\/2019\/10\/hdp-30-10-2019.jpg","width":1024,"height":576,"caption":"ER\u00ca HDP SEDEMA B\u00caDENG\u0130YA BAK\u00dbR\u00ca KURD\u0130STAN\u00ca YE?"},{"@type":"BreadcrumbList","@id":"https:\/\/darkamazi.info\/archives\/1009397#breadcrumb","itemListElement":[{"@type":"ListItem","position":1,"name":"Home","item":"https:\/\/darkamazi.info\/"},{"@type":"ListItem","position":2,"name":"Er\u00ea HDP sedema b\u00eadengiya bak\u00fbr\u00ea kurdistan\u00ea ye?"}]},{"@type":"WebSite","@id":"https:\/\/darkamazi.info\/#website","url":"https:\/\/darkamazi.info\/","name":"Darka Maz\u00ee","description":"P\u00eageha Zanyariy\u00ean Nebih\u00eest\u00ee","publisher":{"@id":"https:\/\/darkamazi.info\/#organization"},"potentialAction":[{"@type":"SearchAction","target":{"@type":"EntryPoint","urlTemplate":"https:\/\/darkamazi.info\/?s={search_term_string}"},"query-input":{"@type":"PropertyValueSpecification","valueRequired":true,"valueName":"search_term_string"}}],"inLanguage":"en-US"},{"@type":"Organization","@id":"https:\/\/darkamazi.info\/#organization","name":"Darka Maz\u00ee","url":"https:\/\/darkamazi.info\/","logo":{"@type":"ImageObject","inLanguage":"en-US","@id":"https:\/\/darkamazi.info\/#\/schema\/logo\/image\/","url":"https:\/\/darkamazi.info\/file\/2017\/12\/darka-mazi-logo.png","contentUrl":"https:\/\/darkamazi.info\/file\/2017\/12\/darka-mazi-logo.png","width":151,"height":75,"caption":"Darka Maz\u00ee"},"image":{"@id":"https:\/\/darkamazi.info\/#\/schema\/logo\/image\/"},"sameAs":["https:\/\/www.facebook.com\/DarMaziKurmanci","https:\/\/x.com\/DarkaMaziLatini","https:\/\/www.instagram.com\/darkamazi.kurmanci\/","https:\/\/www.youtube.com\/channel\/UCa5HkTdmI8U1qCUFuTw8B2g"]},{"@type":"Person","@id":"https:\/\/darkamazi.info\/#\/schema\/person\/5ad3e24553a0567993fa8ed4bd0a776c","name":"darka mazi","sameAs":["https:\/\/darkamazi.info\/"],"url":"https:\/\/darkamazi.info\/archives\/author\/kurdi"}]}},"_links":{"self":[{"href":"https:\/\/darkamazi.info\/funavuv\/wp\/v2\/posts\/1009397","targetHints":{"allow":["GET"]}}],"collection":[{"href":"https:\/\/darkamazi.info\/funavuv\/wp\/v2\/posts"}],"about":[{"href":"https:\/\/darkamazi.info\/funavuv\/wp\/v2\/types\/post"}],"author":[{"embeddable":true,"href":"https:\/\/darkamazi.info\/funavuv\/wp\/v2\/users\/2"}],"replies":[{"embeddable":true,"href":"https:\/\/darkamazi.info\/funavuv\/wp\/v2\/comments?post=1009397"}],"version-history":[{"count":0,"href":"https:\/\/darkamazi.info\/funavuv\/wp\/v2\/posts\/1009397\/revisions"}],"wp:featuredmedia":[{"embeddable":true,"href":"https:\/\/darkamazi.info\/funavuv\/wp\/v2\/media\/1009398"}],"wp:attachment":[{"href":"https:\/\/darkamazi.info\/funavuv\/wp\/v2\/media?parent=1009397"}],"wp:term":[{"taxonomy":"category","embeddable":true,"href":"https:\/\/darkamazi.info\/funavuv\/wp\/v2\/categories?post=1009397"},{"taxonomy":"post_tag","embeddable":true,"href":"https:\/\/darkamazi.info\/funavuv\/wp\/v2\/tags?post=1009397"}],"curies":[{"name":"wp","href":"https:\/\/api.w.org\/{rel}","templated":true}]}}