{"id":1009411,"date":"2019-10-31T12:37:24","date_gmt":"2019-10-31T09:37:24","guid":{"rendered":"https:\/\/darkamazi.info\/?p=1009411"},"modified":"2019-10-31T12:37:24","modified_gmt":"2019-10-31T09:37:24","slug":"necirvan-barzani-pisgireka-iraqe-ne-desture","status":"publish","type":"post","link":"https:\/\/darkamazi.info\/archives\/1009411","title":{"rendered":"N\u00ca\u00c7\u00ceRVAN BARZAN\u00ce: P\u0130SG\u0130R\u00caKA \u00ceRAQ\u00ca NE DEST\u00dbRE"},"content":{"rendered":"<h3 style=\"text-align: justify\"><span style=\"font-family: 'arial black', sans-serif\">Serok\u00ea Her\u00eama Ba\u015f\u00fbr\u00ea Kurdistan\u00ea \u00eero li meras\u00eemek\u00ea li derbara rew\u015fa pir aloz a \u00ceraq\u00ea axiv\u00ee \u00fb wiha got: pisgir\u00eaka \u00ceraq\u00ea ne dest\u00fbre, Hik\u00fbmetek ku temena w\u00ea salek be, nikare tu \u00e7aksaziy\u00ea di v\u00ea wexta k\u00eam de bic\u00ee biket.<\/span><\/h3>\n<h3 style=\"text-align: justify\">\nSerok\u00ea her\u00eama Ba\u015f\u00fbr\u00ea Kurdistan\u00ea \u00eero roja p\u00eanc\u015fem\u00ee li meras\u00eema kongireya 6em\u00een a Komeleya Par\u00eazer\u00ean Her\u00eama Ba\u015f\u00fbr be\u015fdar b\u00fb \u00fb gotar xwend, t\u00eade ner\u00eena xwe a li derbara rew\u015fa pir xeter a \u00ceraq\u00ea \u015f\u00eerove kir.<\/h3>\n<h3 style=\"text-align: justify\">\nN\u00ea\u00e7\u00eervan Barzan\u00ee amaje kir, di rast\u00ee de xwep\u00ea\u015fandan bi yek ji maf\u00ean gel t\u00ea zan\u00een, l\u00ea bel\u00ea tu Hik\u00fbmet nikarin di wexteka her\u00ee k\u00eam de \u00e7aksaziy\u00ea bikin, weke amaje ji bo Hik\u00fbmeta federal a bi Serokt\u00eeya Adil Ebdulmehd\u00ee.<\/h3>\n<h3 style=\"text-align: justify\">\nTi\u015fta her\u00ee gir\u00eeng a Serok\u00ea her\u00eama Ba\u015f\u00fbr di gotara xwe da gir\u00eeng\u00ee daye pirsa dest\u00fbra \u00ceraqa federal \u00fb li v\u00ea derbar\u00ea de got ku pisgir\u00eaka \u00ceraq\u00ea ne dest\u00fbre ji bo ku guher\u00een \u00fb ser rast kirina dest\u00fbr were kirin.<br \/>\n\u00cero 7 roj li ser xwep\u00ea\u015fandan\u00ean neraz\u00eeb\u00fbn\u00ea y\u00ean \u00ceraq\u00ea derbas dibin, xwep\u00ea\u015fandan\u00ean tevaya wilat girtine, gel\u00ea neraz\u00ee dixwaze Hik\u00fbmeta Ebdulmehd\u00ee were jinavbirin.<\/h3>\n<h3 style=\"text-align: justify\">\nBera 2 rojan \u00fb pi\u015ft\u00ee r\u00eaber\u00ea rewta Sedir tevl\u00ee xwep\u00ea\u015fandan\u00ea b\u00fb \u00fb gefa hilbijartina berwext \u00fb liser kar ladana Serok wez\u00eer\u00ean \u00ceraq\u00ea kir\u00ee, hinek tiw\u00eet kirine \u00fb t\u00eade bi zelal\u00ee got ku ew\u00ea kar ji bo ser rast kirina dest\u00fbr bikin, her\u00e7end ku parlemena \u00ceraq\u00ea ev yek n\u00eeqa\u015f kir \u00fb kom\u00eeta ser rast kirina dest\u00fbr j\u00ee pejirandiye.<\/h3>\n<h3 style=\"text-align: justify\">\nDesthilata Her\u00eama Ba\u015f\u00fbr her di z\u00fb de helwesta xwe a li derbara v\u00ea hewl\u00ea \u00eelan kirin, Serok wez\u00eer\u00ean Her\u00eama Kurdistan\u00ea Mesr\u00fbr Barzan\u00ee duh \u00fb \u00eero Serok\u00ea Her\u00eama Ba\u015f\u00fbr N\u00ea\u00e7\u00eervan Barzan\u00ee refza v\u00ea b\u00eerok\u00ea kirine taybet xal \u00fb bend\u00ean peywest bi desthilat\u00ean Her\u00eama Kurdistan\u00ea ku di dest\u00fbra wilat de tesb\u00eet b\u00fbne.<\/h3>\n","protected":false},"excerpt":{"rendered":"<p>Serok\u00ea Her\u00eama Ba\u015f\u00fbr\u00ea Kurdistan\u00ea \u00eero li meras\u00eemek\u00ea li derbara rew\u015fa pir aloz a \u00ceraq\u00ea axiv\u00ee \u00fb wiha got: pisgir\u00eaka \u00ceraq\u00ea ne dest\u00fbre, Hik\u00fbmetek ku temena w\u00ea salek be, nikare tu \u00e7aksaziy\u00ea di v\u00ea wexta k\u00eam de bic\u00ee biket. Serok\u00ea her\u00eama Ba\u015f\u00fbr\u00ea Kurdistan\u00ea \u00eero roja p\u00eanc\u015fem\u00ee li meras\u00eema kongireya 6em\u00een a Komeleya Par\u00eazer\u00ean Her\u00eama Ba\u015f\u00fbr be\u015fdar [&hellip;]<\/p>\n","protected":false},"author":2,"featured_media":1009412,"comment_status":"closed","ping_status":"closed","sticky":false,"template":"","format":"standard","meta":{"footnotes":""},"categories":[29],"tags":[],"class_list":["post-1009411","post","type-post","status-publish","format-standard","has-post-thumbnail","hentry","category-kurdistan"],"blocksy_meta":[],"seo_head":"<!-- This site is optimized with the Yoast SEO plugin v27.5 - https:\/\/yoast.com\/product\/yoast-seo-wordpress\/ -->\n<title>N\u00ca\u00c7\u00ceRVAN BARZAN\u00ce: P\u0130SG\u0130R\u00caKA \u00ceRAQ\u00ca NE DEST\u00dbRE - Darka Maz\u00ee<\/title>\n<meta name=\"robots\" content=\"index, follow, max-snippet:-1, max-image-preview:large, max-video-preview:-1\" \/>\n<link rel=\"canonical\" href=\"https:\/\/darkamazi.info\/archives\/1009411\" \/>\n<meta property=\"og:locale\" content=\"en_US\" \/>\n<meta property=\"og:type\" content=\"article\" \/>\n<meta property=\"og:title\" content=\"N\u00ca\u00c7\u00ceRVAN BARZAN\u00ce: P\u0130SG\u0130R\u00caKA \u00ceRAQ\u00ca NE DEST\u00dbRE - Darka Maz\u00ee\" \/>\n<meta property=\"og:description\" content=\"Serok\u00ea Her\u00eama Ba\u015f\u00fbr\u00ea Kurdistan\u00ea \u00eero li meras\u00eemek\u00ea li derbara rew\u015fa pir aloz a \u00ceraq\u00ea axiv\u00ee \u00fb wiha got: pisgir\u00eaka \u00ceraq\u00ea ne dest\u00fbre, Hik\u00fbmetek ku temena w\u00ea salek be, nikare tu \u00e7aksaziy\u00ea di v\u00ea wexta k\u00eam de bic\u00ee biket. Serok\u00ea her\u00eama Ba\u015f\u00fbr\u00ea Kurdistan\u00ea \u00eero roja p\u00eanc\u015fem\u00ee li meras\u00eema kongireya 6em\u00een a Komeleya Par\u00eazer\u00ean Her\u00eama Ba\u015f\u00fbr be\u015fdar [&hellip;]\" \/>\n<meta property=\"og:url\" content=\"https:\/\/darkamazi.info\/archives\/1009411\" \/>\n<meta property=\"og:site_name\" content=\"Darka Maz\u00ee\" \/>\n<meta property=\"article:publisher\" content=\"https:\/\/www.facebook.com\/DarMaziKurmanci\" \/>\n<meta property=\"article:published_time\" content=\"2019-10-31T09:37:24+00:00\" \/>\n<meta property=\"og:image\" content=\"https:\/\/darkamazi.info\/file\/2019\/10\/nechirvan.jpg\" \/>\n\t<meta property=\"og:image:width\" content=\"781\" \/>\n\t<meta property=\"og:image:height\" content=\"439\" \/>\n\t<meta property=\"og:image:type\" content=\"image\/jpeg\" \/>\n<meta name=\"author\" content=\"darka mazi\" \/>\n<meta name=\"twitter:card\" content=\"summary_large_image\" \/>\n<meta name=\"twitter:creator\" content=\"@DarkaMaziLatini\" \/>\n<meta name=\"twitter:site\" content=\"@DarkaMaziLatini\" \/>\n<meta name=\"twitter:label1\" content=\"Written by\" \/>\n\t<meta name=\"twitter:data1\" content=\"darka mazi\" \/>\n\t<meta name=\"twitter:label2\" content=\"Est. reading time\" \/>\n\t<meta name=\"twitter:data2\" content=\"2 minutes\" \/>\n<script type=\"application\/ld+json\" class=\"seo-schema-graph\">{\"@context\":\"https:\\\/\\\/schema.org\",\"@graph\":[{\"@type\":\"Article\",\"@id\":\"https:\\\/\\\/darkamazi.info\\\/archives\\\/1009411#article\",\"isPartOf\":{\"@id\":\"https:\\\/\\\/darkamazi.info\\\/archives\\\/1009411\"},\"author\":{\"name\":\"darka mazi\",\"@id\":\"https:\\\/\\\/darkamazi.info\\\/#\\\/schema\\\/person\\\/5ad3e24553a0567993fa8ed4bd0a776c\"},\"headline\":\"N\u00ca\u00c7\u00ceRVAN BARZAN\u00ce: P\u0130SG\u0130R\u00caKA \u00ceRAQ\u00ca NE DEST\u00dbRE\",\"datePublished\":\"2019-10-31T09:37:24+00:00\",\"mainEntityOfPage\":{\"@id\":\"https:\\\/\\\/darkamazi.info\\\/archives\\\/1009411\"},\"wordCount\":352,\"publisher\":{\"@id\":\"https:\\\/\\\/darkamazi.info\\\/#organization\"},\"image\":{\"@id\":\"https:\\\/\\\/darkamazi.info\\\/archives\\\/1009411#primaryimage\"},\"thumbnailUrl\":\"https:\\\/\\\/darkamazi.info\\\/darka-content\\\/uploads\\\/2019\\\/10\\\/nechirvan.jpg\",\"articleSection\":[\"Kurdistan\"],\"inLanguage\":\"en-US\"},{\"@type\":\"WebPage\",\"@id\":\"https:\\\/\\\/darkamazi.info\\\/archives\\\/1009411\",\"url\":\"https:\\\/\\\/darkamazi.info\\\/archives\\\/1009411\",\"name\":\"N\u00ca\u00c7\u00ceRVAN BARZAN\u00ce: P\u0130SG\u0130R\u00caKA \u00ceRAQ\u00ca NE DEST\u00dbRE - Darka Maz\u00ee\",\"isPartOf\":{\"@id\":\"https:\\\/\\\/darkamazi.info\\\/#website\"},\"primaryImageOfPage\":{\"@id\":\"https:\\\/\\\/darkamazi.info\\\/archives\\\/1009411#primaryimage\"},\"image\":{\"@id\":\"https:\\\/\\\/darkamazi.info\\\/archives\\\/1009411#primaryimage\"},\"thumbnailUrl\":\"https:\\\/\\\/darkamazi.info\\\/darka-content\\\/uploads\\\/2019\\\/10\\\/nechirvan.jpg\",\"datePublished\":\"2019-10-31T09:37:24+00:00\",\"breadcrumb\":{\"@id\":\"https:\\\/\\\/darkamazi.info\\\/archives\\\/1009411#breadcrumb\"},\"inLanguage\":\"en-US\",\"potentialAction\":[{\"@type\":\"ReadAction\",\"target\":[\"https:\\\/\\\/darkamazi.info\\\/archives\\\/1009411\"]}]},{\"@type\":\"ImageObject\",\"inLanguage\":\"en-US\",\"@id\":\"https:\\\/\\\/darkamazi.info\\\/archives\\\/1009411#primaryimage\",\"url\":\"https:\\\/\\\/darkamazi.info\\\/darka-content\\\/uploads\\\/2019\\\/10\\\/nechirvan.jpg\",\"contentUrl\":\"https:\\\/\\\/darkamazi.info\\\/darka-content\\\/uploads\\\/2019\\\/10\\\/nechirvan.jpg\",\"width\":781,\"height\":439,\"caption\":\"N\u00ca\u00c7\u00ceRVAN BARZAN\u00ce: P\u0130SG\u0130R\u00caKA \u00ceRAQ\u00ca NE DEST\u00dbRE\"},{\"@type\":\"BreadcrumbList\",\"@id\":\"https:\\\/\\\/darkamazi.info\\\/archives\\\/1009411#breadcrumb\",\"itemListElement\":[{\"@type\":\"ListItem\",\"position\":1,\"name\":\"Home\",\"item\":\"https:\\\/\\\/darkamazi.info\\\/\"},{\"@type\":\"ListItem\",\"position\":2,\"name\":\"N\u00ca\u00c7\u00ceRVAN BARZAN\u00ce: P\u0130SG\u0130R\u00caKA \u00ceRAQ\u00ca NE DEST\u00dbRE\"}]},{\"@type\":\"WebSite\",\"@id\":\"https:\\\/\\\/darkamazi.info\\\/#website\",\"url\":\"https:\\\/\\\/darkamazi.info\\\/\",\"name\":\"Darka Maz\u00ee\",\"description\":\"P\u00eageha Zanyariy\u00ean Nebih\u00eest\u00ee\",\"publisher\":{\"@id\":\"https:\\\/\\\/darkamazi.info\\\/#organization\"},\"potentialAction\":[{\"@type\":\"SearchAction\",\"target\":{\"@type\":\"EntryPoint\",\"urlTemplate\":\"https:\\\/\\\/darkamazi.info\\\/?s={search_term_string}\"},\"query-input\":{\"@type\":\"PropertyValueSpecification\",\"valueRequired\":true,\"valueName\":\"search_term_string\"}}],\"inLanguage\":\"en-US\"},{\"@type\":\"Organization\",\"@id\":\"https:\\\/\\\/darkamazi.info\\\/#organization\",\"name\":\"Darka Maz\u00ee\",\"url\":\"https:\\\/\\\/darkamazi.info\\\/\",\"logo\":{\"@type\":\"ImageObject\",\"inLanguage\":\"en-US\",\"@id\":\"https:\\\/\\\/darkamazi.info\\\/#\\\/schema\\\/logo\\\/image\\\/\",\"url\":\"https:\\\/\\\/darkamazi.info\\\/darka-content\\\/uploads\\\/2017\\\/12\\\/darka-mazi-logo.png\",\"contentUrl\":\"https:\\\/\\\/darkamazi.info\\\/darka-content\\\/uploads\\\/2017\\\/12\\\/darka-mazi-logo.png\",\"width\":151,\"height\":75,\"caption\":\"Darka Maz\u00ee\"},\"image\":{\"@id\":\"https:\\\/\\\/darkamazi.info\\\/#\\\/schema\\\/logo\\\/image\\\/\"},\"sameAs\":[\"https:\\\/\\\/www.facebook.com\\\/DarMaziKurmanci\",\"https:\\\/\\\/x.com\\\/DarkaMaziLatini\",\"https:\\\/\\\/www.instagram.com\\\/darkamazi.kurmanci\\\/\",\"https:\\\/\\\/www.youtube.com\\\/channel\\\/UCa5HkTdmI8U1qCUFuTw8B2g\"]},{\"@type\":\"Person\",\"@id\":\"https:\\\/\\\/darkamazi.info\\\/#\\\/schema\\\/person\\\/5ad3e24553a0567993fa8ed4bd0a776c\",\"name\":\"darka mazi\",\"sameAs\":[\"https:\\\/\\\/darkamazi.info\\\/\"],\"url\":\"https:\\\/\\\/darkamazi.info\\\/archives\\\/author\\\/kurdi\"}]}<\/script>\n<!-- \/ Yoast SEO plugin. -->","seo_head_json":{"title":"N\u00ca\u00c7\u00ceRVAN BARZAN\u00ce: P\u0130SG\u0130R\u00caKA \u00ceRAQ\u00ca NE DEST\u00dbRE - Darka Maz\u00ee","robots":{"index":"index","follow":"follow","max-snippet":"max-snippet:-1","max-image-preview":"max-image-preview:large","max-video-preview":"max-video-preview:-1"},"canonical":"https:\/\/darkamazi.info\/archives\/1009411","og_locale":"en_US","og_type":"article","og_title":"N\u00ca\u00c7\u00ceRVAN BARZAN\u00ce: P\u0130SG\u0130R\u00caKA \u00ceRAQ\u00ca NE DEST\u00dbRE - Darka Maz\u00ee","og_description":"Serok\u00ea Her\u00eama Ba\u015f\u00fbr\u00ea Kurdistan\u00ea \u00eero li meras\u00eemek\u00ea li derbara rew\u015fa pir aloz a \u00ceraq\u00ea axiv\u00ee \u00fb wiha got: pisgir\u00eaka \u00ceraq\u00ea ne dest\u00fbre, Hik\u00fbmetek ku temena w\u00ea salek be, nikare tu \u00e7aksaziy\u00ea di v\u00ea wexta k\u00eam de bic\u00ee biket. Serok\u00ea her\u00eama Ba\u015f\u00fbr\u00ea Kurdistan\u00ea \u00eero roja p\u00eanc\u015fem\u00ee li meras\u00eema kongireya 6em\u00een a Komeleya Par\u00eazer\u00ean Her\u00eama Ba\u015f\u00fbr be\u015fdar [&hellip;]","og_url":"https:\/\/darkamazi.info\/archives\/1009411","og_site_name":"Darka Maz\u00ee","article_publisher":"https:\/\/www.facebook.com\/DarMaziKurmanci","article_published_time":"2019-10-31T09:37:24+00:00","og_image":[{"width":781,"height":439,"url":"https:\/\/darkamazi.info\/file\/2019\/10\/nechirvan.jpg","type":"image\/jpeg"}],"author":"darka mazi","twitter_card":"summary_large_image","twitter_creator":"@DarkaMaziLatini","twitter_site":"@DarkaMaziLatini","twitter_misc":{"Written by":"darka mazi","Est. reading time":"2 minutes"},"schema":{"@context":"https:\/\/schema.org","@graph":[{"@type":"Article","@id":"https:\/\/darkamazi.info\/archives\/1009411#article","isPartOf":{"@id":"https:\/\/darkamazi.info\/archives\/1009411"},"author":{"name":"darka mazi","@id":"https:\/\/darkamazi.info\/#\/schema\/person\/5ad3e24553a0567993fa8ed4bd0a776c"},"headline":"N\u00ca\u00c7\u00ceRVAN BARZAN\u00ce: P\u0130SG\u0130R\u00caKA \u00ceRAQ\u00ca NE DEST\u00dbRE","datePublished":"2019-10-31T09:37:24+00:00","mainEntityOfPage":{"@id":"https:\/\/darkamazi.info\/archives\/1009411"},"wordCount":352,"publisher":{"@id":"https:\/\/darkamazi.info\/#organization"},"image":{"@id":"https:\/\/darkamazi.info\/archives\/1009411#primaryimage"},"thumbnailUrl":"https:\/\/darkamazi.info\/file\/2019\/10\/nechirvan.jpg","articleSection":["Kurdistan"],"inLanguage":"en-US"},{"@type":"WebPage","@id":"https:\/\/darkamazi.info\/archives\/1009411","url":"https:\/\/darkamazi.info\/archives\/1009411","name":"N\u00ca\u00c7\u00ceRVAN BARZAN\u00ce: P\u0130SG\u0130R\u00caKA \u00ceRAQ\u00ca NE DEST\u00dbRE - Darka Maz\u00ee","isPartOf":{"@id":"https:\/\/darkamazi.info\/#website"},"primaryImageOfPage":{"@id":"https:\/\/darkamazi.info\/archives\/1009411#primaryimage"},"image":{"@id":"https:\/\/darkamazi.info\/archives\/1009411#primaryimage"},"thumbnailUrl":"https:\/\/darkamazi.info\/file\/2019\/10\/nechirvan.jpg","datePublished":"2019-10-31T09:37:24+00:00","breadcrumb":{"@id":"https:\/\/darkamazi.info\/archives\/1009411#breadcrumb"},"inLanguage":"en-US","potentialAction":[{"@type":"ReadAction","target":["https:\/\/darkamazi.info\/archives\/1009411"]}]},{"@type":"ImageObject","inLanguage":"en-US","@id":"https:\/\/darkamazi.info\/archives\/1009411#primaryimage","url":"https:\/\/darkamazi.info\/file\/2019\/10\/nechirvan.jpg","contentUrl":"https:\/\/darkamazi.info\/file\/2019\/10\/nechirvan.jpg","width":781,"height":439,"caption":"N\u00ca\u00c7\u00ceRVAN BARZAN\u00ce: P\u0130SG\u0130R\u00caKA \u00ceRAQ\u00ca NE DEST\u00dbRE"},{"@type":"BreadcrumbList","@id":"https:\/\/darkamazi.info\/archives\/1009411#breadcrumb","itemListElement":[{"@type":"ListItem","position":1,"name":"Home","item":"https:\/\/darkamazi.info\/"},{"@type":"ListItem","position":2,"name":"N\u00ca\u00c7\u00ceRVAN BARZAN\u00ce: P\u0130SG\u0130R\u00caKA \u00ceRAQ\u00ca NE DEST\u00dbRE"}]},{"@type":"WebSite","@id":"https:\/\/darkamazi.info\/#website","url":"https:\/\/darkamazi.info\/","name":"Darka Maz\u00ee","description":"P\u00eageha Zanyariy\u00ean Nebih\u00eest\u00ee","publisher":{"@id":"https:\/\/darkamazi.info\/#organization"},"potentialAction":[{"@type":"SearchAction","target":{"@type":"EntryPoint","urlTemplate":"https:\/\/darkamazi.info\/?s={search_term_string}"},"query-input":{"@type":"PropertyValueSpecification","valueRequired":true,"valueName":"search_term_string"}}],"inLanguage":"en-US"},{"@type":"Organization","@id":"https:\/\/darkamazi.info\/#organization","name":"Darka Maz\u00ee","url":"https:\/\/darkamazi.info\/","logo":{"@type":"ImageObject","inLanguage":"en-US","@id":"https:\/\/darkamazi.info\/#\/schema\/logo\/image\/","url":"https:\/\/darkamazi.info\/file\/2017\/12\/darka-mazi-logo.png","contentUrl":"https:\/\/darkamazi.info\/file\/2017\/12\/darka-mazi-logo.png","width":151,"height":75,"caption":"Darka Maz\u00ee"},"image":{"@id":"https:\/\/darkamazi.info\/#\/schema\/logo\/image\/"},"sameAs":["https:\/\/www.facebook.com\/DarMaziKurmanci","https:\/\/x.com\/DarkaMaziLatini","https:\/\/www.instagram.com\/darkamazi.kurmanci\/","https:\/\/www.youtube.com\/channel\/UCa5HkTdmI8U1qCUFuTw8B2g"]},{"@type":"Person","@id":"https:\/\/darkamazi.info\/#\/schema\/person\/5ad3e24553a0567993fa8ed4bd0a776c","name":"darka mazi","sameAs":["https:\/\/darkamazi.info\/"],"url":"https:\/\/darkamazi.info\/archives\/author\/kurdi"}]}},"_links":{"self":[{"href":"https:\/\/darkamazi.info\/funavuv\/wp\/v2\/posts\/1009411","targetHints":{"allow":["GET"]}}],"collection":[{"href":"https:\/\/darkamazi.info\/funavuv\/wp\/v2\/posts"}],"about":[{"href":"https:\/\/darkamazi.info\/funavuv\/wp\/v2\/types\/post"}],"author":[{"embeddable":true,"href":"https:\/\/darkamazi.info\/funavuv\/wp\/v2\/users\/2"}],"replies":[{"embeddable":true,"href":"https:\/\/darkamazi.info\/funavuv\/wp\/v2\/comments?post=1009411"}],"version-history":[{"count":0,"href":"https:\/\/darkamazi.info\/funavuv\/wp\/v2\/posts\/1009411\/revisions"}],"wp:featuredmedia":[{"embeddable":true,"href":"https:\/\/darkamazi.info\/funavuv\/wp\/v2\/media\/1009412"}],"wp:attachment":[{"href":"https:\/\/darkamazi.info\/funavuv\/wp\/v2\/media?parent=1009411"}],"wp:term":[{"taxonomy":"category","embeddable":true,"href":"https:\/\/darkamazi.info\/funavuv\/wp\/v2\/categories?post=1009411"},{"taxonomy":"post_tag","embeddable":true,"href":"https:\/\/darkamazi.info\/funavuv\/wp\/v2\/tags?post=1009411"}],"curies":[{"name":"wp","href":"https:\/\/api.w.org\/{rel}","templated":true}]}}