{"id":1009533,"date":"2019-11-04T17:21:45","date_gmt":"2019-11-04T14:21:45","guid":{"rendered":"https:\/\/darkamazi.info\/?p=1009533"},"modified":"2019-11-04T20:42:29","modified_gmt":"2019-11-04T17:42:29","slug":"balefiren-tirkiye-baregeha-pkke-li-xanesore-bordoman-kir","status":"publish","type":"post","link":"https:\/\/darkamazi.info\/archives\/1009533","title":{"rendered":"BALEF\u0130R\u00caN T\u0130RK\u0130Y\u00ca BAREGEHA PKK\u2019\u00ca L\u0130 XANESOR\u00ca BORDOMAN K\u0130R"},"content":{"rendered":"<div class=\"wpb-content-wrapper\"><p>[darkamazi_row][darkamazi_column][darkamazi_column_text]<\/p>\n<h3 style=\"text-align: justify\"><span style=\"font-family: 'arial black', sans-serif\">Balefr\u00ean ceng\u00ee \u00ean Tirkiy\u00ea \u00eavara \u00eero baregehek\u00ea part\u00eeya Karker\u00ean Kurdistan\u00ea li nav\u00e7eya Xanesor\u00ea bordoman kir, zirar\u00ean can\u00ee \u00ean mezn p\u00eare xistin.<\/span><\/h3>\n<h3 style=\"text-align: justify\">Balefr\u00ean ceng\u00ee \u00ean Tirkiy\u00ea \u00eero roja du\u015fem\u00ee 4\/11\/2019an li demjim\u00ear 1:30\u00ea n\u00eev roj\u00ea, baregeheke PKK\u2019\u00ea li Xanesor\u00ea bordoman kir ku di nava mala wilat\u00ee (Bedel Elo \u015eemo) de b\u00fb.<\/h3>\n<h3 style=\"text-align: justify\">\u00c7avkaniy\u00ean Darka Maz\u00ee y\u00ea e\u015fkere kirin, \u00ear\u00ee\u015fa balefir\u00ean Tirkiy\u00ea li ser baregeha PKK\u2019\u00ea a li Xanesor\u00ea weke berisvek\u00ea b\u00fb, ji bo xwep\u00ea\u015fandana ber\u00eeya 2 rojan di \u015fem\u00eey\u00ea de ku PKK\u2019\u00ea li \u015eengal\u00ea r\u00eaxistb\u00fb \u00fb t\u00eade w\u00eaney\u00ean Ebdulla Ocalan r\u00eaber\u00ea z\u00eendan kr\u00ee y\u00ea PKK\u2019\u00ea blind kirb\u00fbn.<\/h3>\n<h3 style=\"text-align: justify\">\u00c7avkaniyan e\u015fkere kirine ku di \u00ear\u00ee\u015fa ser baregeha PKK\u2019\u00ea de li Xanesor\u00ea zirar\u00ean can\u00ee hene.<\/h3>\n<h3 style=\"text-align: justify\">Her yek ji Mezl\u00fbm Ros ku berpirsyar \u00fb fermandar\u00ea gi\u015ft\u00ee y\u00ea Yek\u00eeney\u00ean Parastina \u015eengal\u00ea YP\u015e\u2019\u00ea \u00fb El\u00ee \u015e\u00ear fermandar\u00ea h\u00eaz\u00ean taybet y\u00ean \u015eengal\u00ea bir\u00eendar b\u00fbne.<\/h3>\n<p>[\/darkamazi_column_text][\/darkamazi_column][\/darkamazi_row][darkamazi_row][darkamazi_column][mpc_carousel_image preset=&#8221;mpc_preset_8&#8243; loop=&#8221;true&#8221; auto_slide=&#8221;true&#8221; delay=&#8221;1000&#8243; speed=&#8221;2100&#8243; layout=&#8221;fluid&#8221; enable_force_height=&#8221;true&#8221; force_height=&#8221;600&#8243; images=&#8221;1009535,1009536,1009537,1009538,1009539,1009541,1009568,1009542&#8243; gap=&#8221;5&#8243; start_at=&#8221;1&#8243; image_size=&#8221;large&#8221; image_opacity=&#8221;100&#8243; image_border_css=&#8221;border-width:15px;border-color:#f3f3f3;border-style:solid;&#8221; image_hover_opacity=&#8221;100&#8243; image_hover_border_css=&#8221;border-color:#ffffff;&#8221; overlay_icon_align=&#8221;top-right&#8221; overlay_enable_lightbox=&#8221;true&#8221; overlay_icon=&#8221;eti eti_arrow_expand&#8221; overlay_icon_color=&#8221;#ffffff&#8221; overlay_icon_size=&#8221;20&#8243; overlay_icon_background=&#8221;#f8bf4d&#8221; overlay_icon_margin_divider=&#8221;true&#8221; overlay_icon_margin_css=&#8221;margin-top:30px;margin-right:30px;&#8221; overlay_icon_padding_divider=&#8221;true&#8221; overlay_icon_padding_css=&#8221;padding-top:15px;padding-right:20px;padding-bottom:15px;padding-left:20px;&#8221; overlay_hover_color=&#8221;#fcfcfc&#8221; overlay_hover_icon_background=&#8221;#f4b83f&#8221; mpc_navigation__preset=&#8221;mpc_preset_13&#8243; mpc_navigation__padding_divider=&#8221;true&#8221;][\/darkamazi_column][\/darkamazi_row]<\/p>\n<\/div>","protected":false},"excerpt":{"rendered":"<p>[darkamazi_row][darkamazi_column][darkamazi_column_text] Balefr\u00ean ceng\u00ee \u00ean Tirkiy\u00ea \u00eavara \u00eero baregehek\u00ea part\u00eeya Karker\u00ean Kurdistan\u00ea li nav\u00e7eya Xanesor\u00ea bordoman kir, zirar\u00ean can\u00ee \u00ean mezn p\u00eare xistin. Balefr\u00ean ceng\u00ee \u00ean Tirkiy\u00ea \u00eero roja du\u015fem\u00ee 4\/11\/2019an li demjim\u00ear 1:30\u00ea n\u00eev roj\u00ea, baregeheke PKK\u2019\u00ea li Xanesor\u00ea bordoman kir ku di nava mala wilat\u00ee (Bedel Elo \u015eemo) de b\u00fb. \u00c7avkaniy\u00ean Darka Maz\u00ee y\u00ea [&hellip;]<\/p>\n","protected":false},"author":2,"featured_media":1009534,"comment_status":"closed","ping_status":"closed","sticky":false,"template":"","format":"standard","meta":{"footnotes":""},"categories":[29],"tags":[],"class_list":["post-1009533","post","type-post","status-publish","format-standard","has-post-thumbnail","hentry","category-kurdistan"],"blocksy_meta":[],"seo_head":"<!-- This site is optimized with the Yoast SEO plugin v27.5 - https:\/\/yoast.com\/product\/yoast-seo-wordpress\/ -->\n<title>BALEF\u0130R\u00caN T\u0130RK\u0130Y\u00ca BAREGEHA PKK\u2019\u00ca L\u0130 XANESOR\u00ca BORDOMAN K\u0130R - Darka Maz\u00ee<\/title>\n<meta name=\"robots\" content=\"index, follow, max-snippet:-1, max-image-preview:large, max-video-preview:-1\" \/>\n<link rel=\"canonical\" href=\"https:\/\/darkamazi.info\/archives\/1009533\" \/>\n<meta property=\"og:locale\" content=\"en_US\" \/>\n<meta property=\"og:type\" content=\"article\" \/>\n<meta property=\"og:title\" content=\"BALEF\u0130R\u00caN T\u0130RK\u0130Y\u00ca BAREGEHA PKK\u2019\u00ca L\u0130 XANESOR\u00ca BORDOMAN K\u0130R - Darka Maz\u00ee\" \/>\n<meta property=\"og:description\" content=\"[darkamazi_row][darkamazi_column][darkamazi_column_text] Balefr\u00ean ceng\u00ee \u00ean Tirkiy\u00ea \u00eavara \u00eero baregehek\u00ea part\u00eeya Karker\u00ean Kurdistan\u00ea li nav\u00e7eya Xanesor\u00ea bordoman kir, zirar\u00ean can\u00ee \u00ean mezn p\u00eare xistin. Balefr\u00ean ceng\u00ee \u00ean Tirkiy\u00ea \u00eero roja du\u015fem\u00ee 4\/11\/2019an li demjim\u00ear 1:30\u00ea n\u00eev roj\u00ea, baregeheke PKK\u2019\u00ea li Xanesor\u00ea bordoman kir ku di nava mala wilat\u00ee (Bedel Elo \u015eemo) de b\u00fb. \u00c7avkaniy\u00ean Darka Maz\u00ee y\u00ea [&hellip;]\" \/>\n<meta property=\"og:url\" content=\"https:\/\/darkamazi.info\/archives\/1009533\" \/>\n<meta property=\"og:site_name\" content=\"Darka Maz\u00ee\" \/>\n<meta property=\"article:publisher\" content=\"https:\/\/www.facebook.com\/DarMaziKurmanci\" \/>\n<meta property=\"article:published_time\" content=\"2019-11-04T14:21:45+00:00\" \/>\n<meta property=\"article:modified_time\" content=\"2019-11-04T17:42:29+00:00\" \/>\n<meta property=\"og:image\" content=\"https:\/\/darkamazi.info\/file\/2019\/11\/pkk1-1.jpg\" \/>\n\t<meta property=\"og:image:width\" content=\"1000\" \/>\n\t<meta property=\"og:image:height\" content=\"541\" \/>\n\t<meta property=\"og:image:type\" content=\"image\/jpeg\" \/>\n<meta name=\"author\" content=\"darka mazi\" \/>\n<meta name=\"twitter:card\" content=\"summary_large_image\" \/>\n<meta name=\"twitter:creator\" content=\"@DarkaMaziLatini\" \/>\n<meta name=\"twitter:site\" content=\"@DarkaMaziLatini\" \/>\n<meta name=\"twitter:label1\" content=\"Written by\" \/>\n\t<meta name=\"twitter:data1\" content=\"darka mazi\" \/>\n\t<meta name=\"twitter:label2\" content=\"Est. reading time\" \/>\n\t<meta name=\"twitter:data2\" content=\"2 minutes\" \/>\n<script type=\"application\/ld+json\" class=\"seo-schema-graph\">{\"@context\":\"https:\\\/\\\/schema.org\",\"@graph\":[{\"@type\":\"Article\",\"@id\":\"https:\\\/\\\/darkamazi.info\\\/archives\\\/1009533#article\",\"isPartOf\":{\"@id\":\"https:\\\/\\\/darkamazi.info\\\/archives\\\/1009533\"},\"author\":{\"name\":\"darka mazi\",\"@id\":\"https:\\\/\\\/darkamazi.info\\\/#\\\/schema\\\/person\\\/5ad3e24553a0567993fa8ed4bd0a776c\"},\"headline\":\"BALEF\u0130R\u00caN T\u0130RK\u0130Y\u00ca BAREGEHA PKK\u2019\u00ca L\u0130 XANESOR\u00ca BORDOMAN K\u0130R\",\"datePublished\":\"2019-11-04T14:21:45+00:00\",\"dateModified\":\"2019-11-04T17:42:29+00:00\",\"mainEntityOfPage\":{\"@id\":\"https:\\\/\\\/darkamazi.info\\\/archives\\\/1009533\"},\"wordCount\":329,\"publisher\":{\"@id\":\"https:\\\/\\\/darkamazi.info\\\/#organization\"},\"image\":{\"@id\":\"https:\\\/\\\/darkamazi.info\\\/archives\\\/1009533#primaryimage\"},\"thumbnailUrl\":\"https:\\\/\\\/darkamazi.info\\\/darka-content\\\/uploads\\\/2019\\\/11\\\/pkk1-1.jpg\",\"articleSection\":[\"Kurdistan\"],\"inLanguage\":\"en-US\"},{\"@type\":\"WebPage\",\"@id\":\"https:\\\/\\\/darkamazi.info\\\/archives\\\/1009533\",\"url\":\"https:\\\/\\\/darkamazi.info\\\/archives\\\/1009533\",\"name\":\"BALEF\u0130R\u00caN T\u0130RK\u0130Y\u00ca BAREGEHA PKK\u2019\u00ca L\u0130 XANESOR\u00ca BORDOMAN K\u0130R - Darka Maz\u00ee\",\"isPartOf\":{\"@id\":\"https:\\\/\\\/darkamazi.info\\\/#website\"},\"primaryImageOfPage\":{\"@id\":\"https:\\\/\\\/darkamazi.info\\\/archives\\\/1009533#primaryimage\"},\"image\":{\"@id\":\"https:\\\/\\\/darkamazi.info\\\/archives\\\/1009533#primaryimage\"},\"thumbnailUrl\":\"https:\\\/\\\/darkamazi.info\\\/darka-content\\\/uploads\\\/2019\\\/11\\\/pkk1-1.jpg\",\"datePublished\":\"2019-11-04T14:21:45+00:00\",\"dateModified\":\"2019-11-04T17:42:29+00:00\",\"breadcrumb\":{\"@id\":\"https:\\\/\\\/darkamazi.info\\\/archives\\\/1009533#breadcrumb\"},\"inLanguage\":\"en-US\",\"potentialAction\":[{\"@type\":\"ReadAction\",\"target\":[\"https:\\\/\\\/darkamazi.info\\\/archives\\\/1009533\"]}]},{\"@type\":\"ImageObject\",\"inLanguage\":\"en-US\",\"@id\":\"https:\\\/\\\/darkamazi.info\\\/archives\\\/1009533#primaryimage\",\"url\":\"https:\\\/\\\/darkamazi.info\\\/darka-content\\\/uploads\\\/2019\\\/11\\\/pkk1-1.jpg\",\"contentUrl\":\"https:\\\/\\\/darkamazi.info\\\/darka-content\\\/uploads\\\/2019\\\/11\\\/pkk1-1.jpg\",\"width\":1000,\"height\":541,\"caption\":\"BALEF\u0130R\u00caN T\u0130RK\u0130Y\u00ca BAREGEHA PKK\u2019\u00ca L\u0130 XANESOR\u00ca BORDOMAN K\u0130R\"},{\"@type\":\"BreadcrumbList\",\"@id\":\"https:\\\/\\\/darkamazi.info\\\/archives\\\/1009533#breadcrumb\",\"itemListElement\":[{\"@type\":\"ListItem\",\"position\":1,\"name\":\"Home\",\"item\":\"https:\\\/\\\/darkamazi.info\\\/\"},{\"@type\":\"ListItem\",\"position\":2,\"name\":\"BALEF\u0130R\u00caN T\u0130RK\u0130Y\u00ca BAREGEHA PKK\u2019\u00ca L\u0130 XANESOR\u00ca BORDOMAN K\u0130R\"}]},{\"@type\":\"WebSite\",\"@id\":\"https:\\\/\\\/darkamazi.info\\\/#website\",\"url\":\"https:\\\/\\\/darkamazi.info\\\/\",\"name\":\"Darka Maz\u00ee\",\"description\":\"P\u00eageha Zanyariy\u00ean Nebih\u00eest\u00ee\",\"publisher\":{\"@id\":\"https:\\\/\\\/darkamazi.info\\\/#organization\"},\"potentialAction\":[{\"@type\":\"SearchAction\",\"target\":{\"@type\":\"EntryPoint\",\"urlTemplate\":\"https:\\\/\\\/darkamazi.info\\\/?s={search_term_string}\"},\"query-input\":{\"@type\":\"PropertyValueSpecification\",\"valueRequired\":true,\"valueName\":\"search_term_string\"}}],\"inLanguage\":\"en-US\"},{\"@type\":\"Organization\",\"@id\":\"https:\\\/\\\/darkamazi.info\\\/#organization\",\"name\":\"Darka Maz\u00ee\",\"url\":\"https:\\\/\\\/darkamazi.info\\\/\",\"logo\":{\"@type\":\"ImageObject\",\"inLanguage\":\"en-US\",\"@id\":\"https:\\\/\\\/darkamazi.info\\\/#\\\/schema\\\/logo\\\/image\\\/\",\"url\":\"https:\\\/\\\/darkamazi.info\\\/darka-content\\\/uploads\\\/2017\\\/12\\\/darka-mazi-logo.png\",\"contentUrl\":\"https:\\\/\\\/darkamazi.info\\\/darka-content\\\/uploads\\\/2017\\\/12\\\/darka-mazi-logo.png\",\"width\":151,\"height\":75,\"caption\":\"Darka Maz\u00ee\"},\"image\":{\"@id\":\"https:\\\/\\\/darkamazi.info\\\/#\\\/schema\\\/logo\\\/image\\\/\"},\"sameAs\":[\"https:\\\/\\\/www.facebook.com\\\/DarMaziKurmanci\",\"https:\\\/\\\/x.com\\\/DarkaMaziLatini\",\"https:\\\/\\\/www.instagram.com\\\/darkamazi.kurmanci\\\/\",\"https:\\\/\\\/www.youtube.com\\\/channel\\\/UCa5HkTdmI8U1qCUFuTw8B2g\"]},{\"@type\":\"Person\",\"@id\":\"https:\\\/\\\/darkamazi.info\\\/#\\\/schema\\\/person\\\/5ad3e24553a0567993fa8ed4bd0a776c\",\"name\":\"darka mazi\",\"sameAs\":[\"https:\\\/\\\/darkamazi.info\\\/\"],\"url\":\"https:\\\/\\\/darkamazi.info\\\/archives\\\/author\\\/kurdi\"}]}<\/script>\n<!-- \/ Yoast SEO plugin. -->","seo_head_json":{"title":"BALEF\u0130R\u00caN T\u0130RK\u0130Y\u00ca BAREGEHA PKK\u2019\u00ca L\u0130 XANESOR\u00ca BORDOMAN K\u0130R - Darka Maz\u00ee","robots":{"index":"index","follow":"follow","max-snippet":"max-snippet:-1","max-image-preview":"max-image-preview:large","max-video-preview":"max-video-preview:-1"},"canonical":"https:\/\/darkamazi.info\/archives\/1009533","og_locale":"en_US","og_type":"article","og_title":"BALEF\u0130R\u00caN T\u0130RK\u0130Y\u00ca BAREGEHA PKK\u2019\u00ca L\u0130 XANESOR\u00ca BORDOMAN K\u0130R - Darka Maz\u00ee","og_description":"[darkamazi_row][darkamazi_column][darkamazi_column_text] Balefr\u00ean ceng\u00ee \u00ean Tirkiy\u00ea \u00eavara \u00eero baregehek\u00ea part\u00eeya Karker\u00ean Kurdistan\u00ea li nav\u00e7eya Xanesor\u00ea bordoman kir, zirar\u00ean can\u00ee \u00ean mezn p\u00eare xistin. Balefr\u00ean ceng\u00ee \u00ean Tirkiy\u00ea \u00eero roja du\u015fem\u00ee 4\/11\/2019an li demjim\u00ear 1:30\u00ea n\u00eev roj\u00ea, baregeheke PKK\u2019\u00ea li Xanesor\u00ea bordoman kir ku di nava mala wilat\u00ee (Bedel Elo \u015eemo) de b\u00fb. \u00c7avkaniy\u00ean Darka Maz\u00ee y\u00ea [&hellip;]","og_url":"https:\/\/darkamazi.info\/archives\/1009533","og_site_name":"Darka Maz\u00ee","article_publisher":"https:\/\/www.facebook.com\/DarMaziKurmanci","article_published_time":"2019-11-04T14:21:45+00:00","article_modified_time":"2019-11-04T17:42:29+00:00","og_image":[{"width":1000,"height":541,"url":"https:\/\/darkamazi.info\/file\/2019\/11\/pkk1-1.jpg","type":"image\/jpeg"}],"author":"darka mazi","twitter_card":"summary_large_image","twitter_creator":"@DarkaMaziLatini","twitter_site":"@DarkaMaziLatini","twitter_misc":{"Written by":"darka mazi","Est. reading time":"2 minutes"},"schema":{"@context":"https:\/\/schema.org","@graph":[{"@type":"Article","@id":"https:\/\/darkamazi.info\/archives\/1009533#article","isPartOf":{"@id":"https:\/\/darkamazi.info\/archives\/1009533"},"author":{"name":"darka mazi","@id":"https:\/\/darkamazi.info\/#\/schema\/person\/5ad3e24553a0567993fa8ed4bd0a776c"},"headline":"BALEF\u0130R\u00caN T\u0130RK\u0130Y\u00ca BAREGEHA PKK\u2019\u00ca L\u0130 XANESOR\u00ca BORDOMAN K\u0130R","datePublished":"2019-11-04T14:21:45+00:00","dateModified":"2019-11-04T17:42:29+00:00","mainEntityOfPage":{"@id":"https:\/\/darkamazi.info\/archives\/1009533"},"wordCount":329,"publisher":{"@id":"https:\/\/darkamazi.info\/#organization"},"image":{"@id":"https:\/\/darkamazi.info\/archives\/1009533#primaryimage"},"thumbnailUrl":"https:\/\/darkamazi.info\/file\/2019\/11\/pkk1-1.jpg","articleSection":["Kurdistan"],"inLanguage":"en-US"},{"@type":"WebPage","@id":"https:\/\/darkamazi.info\/archives\/1009533","url":"https:\/\/darkamazi.info\/archives\/1009533","name":"BALEF\u0130R\u00caN T\u0130RK\u0130Y\u00ca BAREGEHA PKK\u2019\u00ca L\u0130 XANESOR\u00ca BORDOMAN K\u0130R - Darka Maz\u00ee","isPartOf":{"@id":"https:\/\/darkamazi.info\/#website"},"primaryImageOfPage":{"@id":"https:\/\/darkamazi.info\/archives\/1009533#primaryimage"},"image":{"@id":"https:\/\/darkamazi.info\/archives\/1009533#primaryimage"},"thumbnailUrl":"https:\/\/darkamazi.info\/file\/2019\/11\/pkk1-1.jpg","datePublished":"2019-11-04T14:21:45+00:00","dateModified":"2019-11-04T17:42:29+00:00","breadcrumb":{"@id":"https:\/\/darkamazi.info\/archives\/1009533#breadcrumb"},"inLanguage":"en-US","potentialAction":[{"@type":"ReadAction","target":["https:\/\/darkamazi.info\/archives\/1009533"]}]},{"@type":"ImageObject","inLanguage":"en-US","@id":"https:\/\/darkamazi.info\/archives\/1009533#primaryimage","url":"https:\/\/darkamazi.info\/file\/2019\/11\/pkk1-1.jpg","contentUrl":"https:\/\/darkamazi.info\/file\/2019\/11\/pkk1-1.jpg","width":1000,"height":541,"caption":"BALEF\u0130R\u00caN T\u0130RK\u0130Y\u00ca BAREGEHA PKK\u2019\u00ca L\u0130 XANESOR\u00ca BORDOMAN K\u0130R"},{"@type":"BreadcrumbList","@id":"https:\/\/darkamazi.info\/archives\/1009533#breadcrumb","itemListElement":[{"@type":"ListItem","position":1,"name":"Home","item":"https:\/\/darkamazi.info\/"},{"@type":"ListItem","position":2,"name":"BALEF\u0130R\u00caN T\u0130RK\u0130Y\u00ca BAREGEHA PKK\u2019\u00ca L\u0130 XANESOR\u00ca BORDOMAN K\u0130R"}]},{"@type":"WebSite","@id":"https:\/\/darkamazi.info\/#website","url":"https:\/\/darkamazi.info\/","name":"Darka Maz\u00ee","description":"P\u00eageha Zanyariy\u00ean Nebih\u00eest\u00ee","publisher":{"@id":"https:\/\/darkamazi.info\/#organization"},"potentialAction":[{"@type":"SearchAction","target":{"@type":"EntryPoint","urlTemplate":"https:\/\/darkamazi.info\/?s={search_term_string}"},"query-input":{"@type":"PropertyValueSpecification","valueRequired":true,"valueName":"search_term_string"}}],"inLanguage":"en-US"},{"@type":"Organization","@id":"https:\/\/darkamazi.info\/#organization","name":"Darka Maz\u00ee","url":"https:\/\/darkamazi.info\/","logo":{"@type":"ImageObject","inLanguage":"en-US","@id":"https:\/\/darkamazi.info\/#\/schema\/logo\/image\/","url":"https:\/\/darkamazi.info\/file\/2017\/12\/darka-mazi-logo.png","contentUrl":"https:\/\/darkamazi.info\/file\/2017\/12\/darka-mazi-logo.png","width":151,"height":75,"caption":"Darka Maz\u00ee"},"image":{"@id":"https:\/\/darkamazi.info\/#\/schema\/logo\/image\/"},"sameAs":["https:\/\/www.facebook.com\/DarMaziKurmanci","https:\/\/x.com\/DarkaMaziLatini","https:\/\/www.instagram.com\/darkamazi.kurmanci\/","https:\/\/www.youtube.com\/channel\/UCa5HkTdmI8U1qCUFuTw8B2g"]},{"@type":"Person","@id":"https:\/\/darkamazi.info\/#\/schema\/person\/5ad3e24553a0567993fa8ed4bd0a776c","name":"darka mazi","sameAs":["https:\/\/darkamazi.info\/"],"url":"https:\/\/darkamazi.info\/archives\/author\/kurdi"}]}},"_links":{"self":[{"href":"https:\/\/darkamazi.info\/funavuv\/wp\/v2\/posts\/1009533","targetHints":{"allow":["GET"]}}],"collection":[{"href":"https:\/\/darkamazi.info\/funavuv\/wp\/v2\/posts"}],"about":[{"href":"https:\/\/darkamazi.info\/funavuv\/wp\/v2\/types\/post"}],"author":[{"embeddable":true,"href":"https:\/\/darkamazi.info\/funavuv\/wp\/v2\/users\/2"}],"replies":[{"embeddable":true,"href":"https:\/\/darkamazi.info\/funavuv\/wp\/v2\/comments?post=1009533"}],"version-history":[{"count":0,"href":"https:\/\/darkamazi.info\/funavuv\/wp\/v2\/posts\/1009533\/revisions"}],"wp:featuredmedia":[{"embeddable":true,"href":"https:\/\/darkamazi.info\/funavuv\/wp\/v2\/media\/1009534"}],"wp:attachment":[{"href":"https:\/\/darkamazi.info\/funavuv\/wp\/v2\/media?parent=1009533"}],"wp:term":[{"taxonomy":"category","embeddable":true,"href":"https:\/\/darkamazi.info\/funavuv\/wp\/v2\/categories?post=1009533"},{"taxonomy":"post_tag","embeddable":true,"href":"https:\/\/darkamazi.info\/funavuv\/wp\/v2\/tags?post=1009533"}],"curies":[{"name":"wp","href":"https:\/\/api.w.org\/{rel}","templated":true}]}}