{"id":1009570,"date":"2019-11-04T22:37:14","date_gmt":"2019-11-04T19:37:14","guid":{"rendered":"https:\/\/darkamazi.info\/?p=1009570"},"modified":"2021-09-16T15:43:19","modified_gmt":"2021-09-16T12:43:19","slug":"siyaseta-pkke-u-radikaliya-ocalan-gel-necari-xorocitiye-kir","status":"publish","type":"post","link":"https:\/\/darkamazi.info\/archives\/1009570","title":{"rendered":"S\u0130YASETA PKK\u2019\u00ca \u00db RAD\u00ceKAL\u0130YA OCALAN GEL NE\u00c7AR\u00ce XOROC\u00ceT\u0130Y\u00ca K\u0130R"},"content":{"rendered":"<h3 style=\"text-align: justify\"><span style=\"font-family: 'arial black', sans-serif\">Tirsa sereke ya gel\u00ea Bak\u00fbr\u00ea Kurdistan\u00ea ne ji Tirkan b\u00fb, wexta Ocalan le\u015fkir kirina \u00eecbar\u00ee sepand\u00ee deriy\u00ea &#8220;xoroc\u00eetiy\u00ea &#8221; veb\u00fb, gel ne\u00e7ar b\u00fb fikir li parastina xwe bike li himber zat\u00ea Apo \u00fb zebra PKK\u2019\u00ea.<\/span><\/h3>\n<h3 style=\"text-align: justify\">Part\u00eeya Karker\u00ean Kurdistan\u00ea ji destp\u00eaka damezrandin\u00ea bi awayeke rad\u00eekal tev geriyan, bera ku bi ferm\u00ee bibe part\u00eeyeke siyas\u00ee \u00fb \u00e7ekdar, ew li dij\u00ee &#8216;Urf\u00ean civaka kurd\u00ee derket, ev reftar b\u00fb sedem hejmareke her\u00ee z\u00eade a kurd\u00ean bak\u00fbr, bi taybet y\u00ean gir\u00eaday\u00ee e\u015f\u00eeretan ji xwe d\u00fbr bike, PKK\u2019\u00ea ew ne\u00e7ar kirin bibin &#8220;Xoroc\u00ee&#8221; \u00fb al\u00eekarya dewleta Tirkiy\u00ea bikin.<\/h3>\n<h2 style=\"text-align: center\"><strong><span style=\"color: #808080\">Le\u015fkeriya \u00eecbar\u00ee \u00fb E\u015f\u00eeret\u00ean Botan\u00ea<\/span><\/strong><\/h2>\n<h3 style=\"text-align: justify\">Ocalan di kongreya 3 m\u00een de yasaya Le\u015fkeriya \u00eecbar\u00ee c\u00eabec\u00ea dike, ew dixwaze ji &#8216;E\u015f\u00eeret\u00ean nav\u00e7eya Botan\u00ea Le\u015fkirek\u00ea ji xwe re ava bikin, ji &#8216;E\u015f\u00eeret\u00ean &#8220;J\u00eerk\u00ee&#8221; gelek ciwan ji bo \u00e7\u00eeya hatin revandin, ew\u00ea nexwest\u00ee li cem PKK\u2019\u00ea bim\u00eene bi awayek\u00ee her\u00ee hovane hat ku\u015ftin, derencam v\u00ea reftara PKK\u2019\u00ea ev b\u00fb ku &#8216;E\u015f\u00eeran xwe n\u00eaz\u00ee dewlet\u00ea kirin ji bo ku bikarin xwe ji PKK\u2019\u00ea bipar\u00eazin, wan \u00e7ek wergirtin \u00fb b\u00fbne Xoroc\u00ee dewlet\u00ea, ev car j\u00ee gelek kes bi s\u00fb\u00e7a s\u00eexur\u00ee kirin\u00ea hatin ku\u015ftin.<\/h3>\n<h3 style=\"text-align: justify\">PKK\u2019\u00ea pa\u015f ku hinek\u00ee bih\u00eaz ket\u00ee raste rast xebata xwe li dij\u00ee kesatiy\u00ean kurd perwer \u00fb ne digel aydolojiya xwe me\u015fand, ew weke xa\u00een\u00ean welat nasandin, PKK\u2019\u00ea weke bera niha me behis kr\u00ee &#8220;yekem gulleya xwe li dij\u00ee kurdan teqand&#8221;, ew kurd j\u00ee &#8220;Mihemed Celal Bocak&#8221; serok\u00ea &#8216;E\u015f\u00eereta &#8220;Bocak&#8221; b\u00fb, ev yek b\u00fb sedem ku hejmareke her\u00ee z\u00eade ji zelam\u00ean v\u00ea &#8216;e\u015f\u00eer\u00ea peywendiy\u00ea bi dewleta Tirkiy\u00ea bikin \u00fb \u00e7ekan j\u00ea wergirin \u00fb li dij\u00ee PKK\u2019\u00ea wan \u00e7ekan hilgirin, ev kes j\u00ee di nava kurdan de bi &#8220;Xoroc\u00ee&#8221; t\u00ean nas kirin, l\u00ea bel\u00ea sedema sereke ya Xoroc\u00ee b\u00fbna gel PKK\u2019\u00ea bi xwe ye.<\/h3>\n<h3 style=\"text-align: justify\">Li sala 1988an \u00fb pi\u015ft\u00ee me\u015fandina Le\u015fkir\u00ee ya \u00eecbar\u00ee, weke \u00e7awa xort\u00ean &#8216;e\u015f\u00eereta &#8220;J\u00eerk\u00ee&#8221; bi zor\u00ee birin \u00e7\u00eeya, kurr\u00ea Axay\u00ea &#8216;E\u015f\u00eereta &#8220;alane&#8221; peywendiy\u00ean ba\u015f digel PKK\u2019\u00ea de heb\u00fbn, l\u00ea wexta bi m\u00eahvan\u00ee di\u00e7e \u00e7\u00eeya, ew li Beytu\u015febab\u00ea ji aliy\u00ea fermandar\u00ea PKK\u2019\u00ea &#8220;D\u00earej El\u00ee&#8221; t\u00ea ku\u015ftin, ev\u00ea b\u00fbyer\u00ea ew &#8216;E\u015f\u00eer j\u00ee ne\u00e7ar\u00ee xoroc\u00eetiy\u00ea kir.<\/h3>\n<h3 style=\"text-align: justify\"><\/h3>\n<h2 style=\"text-align: center\"><span style=\"color: #808080\"><strong>Li bak\u00fbr PKK\u2019\u00ea ber\u00ea gel dida xoroc\u00eetiy\u00ea \u00fb li ba\u015f\u00fbr dewlet\u00ea<\/strong><\/span><\/h2>\n<h3 style=\"text-align: justify\">Kurd\u00ean ku al\u00eekarya dewlet\u00ean dag\u00eerkar kir\u00een, ne ten\u00ea li Bak\u00fbra wilat b\u00fbn, li Ba\u015f\u00fbr, Rojava \u00fb Rojhilata Kurdistan\u00ea Xoroc\u00ee heb\u00fbn l\u00ea bi cudahiyeke mezin, ji ber ku li Bak\u00fbr PKK\u2019\u00ea gel ne\u00e7ar\u00ee xoroc\u00eetiy\u00ea kir \u00fb Xoroc\u00eey\u00ean Bak\u00fbr \u015fer li dij\u00ee PKK\u2019\u00ea kir, l\u00ea li Ba\u015f\u00fbr \u00fb par\u00e7ey\u00ean din dewlet\u00ean dag\u00eerkar gel ne\u00e7ar kir bibe Xoroc\u00ee \u00fb ew Xoroc\u00eet\u00ee \u015fekl\u00ee b\u00fb \u00fb b\u00ea \u015fer b\u00fb, ne weke Bak\u00fbr ku &#8216;E\u015f\u00eer\u00ean r\u00eaya xoroc\u00eetiy\u00ea girtin li dij\u00ee PKK\u2019\u00ea \u00e7ek hilgirtin.<\/h3>\n<h2 style=\"text-align: center\"><span style=\"color: #808080\"><strong>PKK\u2019\u00ea bi sedan xort\u00ean \u00cazd\u00ee winda kirin<\/strong><\/span><\/h2>\n<h3 style=\"text-align: justify\">Heya niha siyaseta rad\u00eekal a PKK\u2019\u00ea li dij\u00ee gel di dome, h\u00eajan ke\u00e7 \u00fb xort\u00ean kurdan bi r\u00eaya xapandin\u00ea dibin \u00e7iyayan, weke v\u00ea dawy\u00ea ku hejmareka xortan li ameda bak\u00fbr revandine \u00fb h\u00eajan gireva Day\u00eek\u00ean wan li ber baregeha HDP di dome, hemwext weke \u00e7ewa bi sedan xurt \u00fb Ke\u00e7\u00ean \u00cazd\u00ee li \u015fengal\u00ea pi\u015ft\u00ee hatina DAI\u015e\u2019\u00ea xapandin \u00fb \u00eest\u00eexlala rew\u015fa wan kir ku bi sedan \u015fandine nav\u00e7ey\u00ean agir\u00een \u00ean s\u00eenor \u00fb bi dest Cendirman dan ku\u015ftin \u00fb winda kirin.<\/h3>\n<h3 style=\"text-align: justify\">PKK\u2019\u00ea weke \u00e7awa li sal\u00ean he\u015ft\u00eayan \u00fb notan ji sedeya rab\u00fbr\u00ee zaro \u00fb cwan\u00ean kurdan bi h\u00eaz\u00ea di \u015fandin ekad\u00eemya &#8220;qorqomaz&#8221; li navbera s\u00fbry\u00ea \u00fb libnan\u00ea de ku li wir bo wexteka dr\u00eaj li ser mejy\u00ea wan di xebt\u00ee \u00fb ew zaro weke \u00eensan\u00ean alet dikrin, nha PKK\u2019\u00ea heman syaset\u00ea li \u015fengal\u00ea di rasta gel\u00ea \u00eazd\u00ee de di me\u015f\u00eene.<\/h3>\n<h3 style=\"text-align: justify\"><\/h3>\n","protected":false},"excerpt":{"rendered":"<p>Tirsa sereke ya gel\u00ea Bak\u00fbr\u00ea Kurdistan\u00ea ne ji Tirkan b\u00fb, wexta Ocalan le\u015fkir kirina \u00eecbar\u00ee sepand\u00ee deriy\u00ea &#8220;xoroc\u00eetiy\u00ea &#8221; veb\u00fb, gel ne\u00e7ar b\u00fb fikir li parastina xwe bike li himber zat\u00ea Apo \u00fb zebra PKK\u2019\u00ea. Part\u00eeya Karker\u00ean Kurdistan\u00ea ji destp\u00eaka damezrandin\u00ea bi awayeke rad\u00eekal tev geriyan, bera ku bi ferm\u00ee bibe part\u00eeyeke siyas\u00ee \u00fb \u00e7ekdar, [&hellip;]<\/p>\n","protected":false},"author":2,"featured_media":1009571,"comment_status":"closed","ping_status":"closed","sticky":false,"template":"","format":"standard","meta":{"footnotes":""},"categories":[68],"tags":[],"class_list":["post-1009570","post","type-post","status-publish","format-standard","has-post-thumbnail","hentry","category-analiz"],"blocksy_meta":[],"seo_head":"<!-- This site is optimized with the Yoast SEO plugin v27.5 - https:\/\/yoast.com\/product\/yoast-seo-wordpress\/ -->\n<title>S\u0130YASETA PKK\u2019\u00ca \u00db RAD\u00ceKAL\u0130YA OCALAN GEL NE\u00c7AR\u00ce XOROC\u00ceT\u0130Y\u00ca K\u0130R - Darka Maz\u00ee<\/title>\n<meta name=\"robots\" content=\"index, follow, max-snippet:-1, max-image-preview:large, max-video-preview:-1\" \/>\n<link rel=\"canonical\" href=\"https:\/\/darkamazi.info\/archives\/1009570\" \/>\n<meta property=\"og:locale\" content=\"en_US\" \/>\n<meta property=\"og:type\" content=\"article\" \/>\n<meta property=\"og:title\" content=\"S\u0130YASETA PKK\u2019\u00ca \u00db RAD\u00ceKAL\u0130YA OCALAN GEL NE\u00c7AR\u00ce XOROC\u00ceT\u0130Y\u00ca K\u0130R - Darka Maz\u00ee\" \/>\n<meta property=\"og:description\" content=\"Tirsa sereke ya gel\u00ea Bak\u00fbr\u00ea Kurdistan\u00ea ne ji Tirkan b\u00fb, wexta Ocalan le\u015fkir kirina \u00eecbar\u00ee sepand\u00ee deriy\u00ea &#8220;xoroc\u00eetiy\u00ea &#8221; veb\u00fb, gel ne\u00e7ar b\u00fb fikir li parastina xwe bike li himber zat\u00ea Apo \u00fb zebra PKK\u2019\u00ea. Part\u00eeya Karker\u00ean Kurdistan\u00ea ji destp\u00eaka damezrandin\u00ea bi awayeke rad\u00eekal tev geriyan, bera ku bi ferm\u00ee bibe part\u00eeyeke siyas\u00ee \u00fb \u00e7ekdar, [&hellip;]\" \/>\n<meta property=\"og:url\" content=\"https:\/\/darkamazi.info\/archives\/1009570\" \/>\n<meta property=\"og:site_name\" content=\"Darka Maz\u00ee\" \/>\n<meta property=\"article:publisher\" content=\"https:\/\/www.facebook.com\/DarMaziKurmanci\" \/>\n<meta property=\"article:published_time\" content=\"2019-11-04T19:37:14+00:00\" \/>\n<meta property=\"article:modified_time\" content=\"2021-09-16T12:43:19+00:00\" \/>\n<meta property=\"og:image\" content=\"https:\/\/darkamazi.info\/file\/2019\/11\/apo-gewad.jpg\" \/>\n\t<meta property=\"og:image:width\" content=\"950\" \/>\n\t<meta property=\"og:image:height\" content=\"529\" \/>\n\t<meta property=\"og:image:type\" content=\"image\/jpeg\" \/>\n<meta name=\"author\" content=\"darka mazi\" \/>\n<meta name=\"twitter:card\" content=\"summary_large_image\" \/>\n<meta name=\"twitter:creator\" content=\"@DarkaMaziLatini\" \/>\n<meta name=\"twitter:site\" content=\"@DarkaMaziLatini\" \/>\n<meta name=\"twitter:label1\" content=\"Written by\" \/>\n\t<meta name=\"twitter:data1\" content=\"darka mazi\" \/>\n\t<meta name=\"twitter:label2\" content=\"Est. reading time\" \/>\n\t<meta name=\"twitter:data2\" content=\"3 minutes\" \/>\n<script type=\"application\/ld+json\" class=\"seo-schema-graph\">{\"@context\":\"https:\\\/\\\/schema.org\",\"@graph\":[{\"@type\":\"Article\",\"@id\":\"https:\\\/\\\/darkamazi.info\\\/archives\\\/1009570#article\",\"isPartOf\":{\"@id\":\"https:\\\/\\\/darkamazi.info\\\/archives\\\/1009570\"},\"author\":{\"name\":\"darka mazi\",\"@id\":\"https:\\\/\\\/darkamazi.info\\\/#\\\/schema\\\/person\\\/5ad3e24553a0567993fa8ed4bd0a776c\"},\"headline\":\"S\u0130YASETA PKK\u2019\u00ca \u00db RAD\u00ceKAL\u0130YA OCALAN GEL NE\u00c7AR\u00ce XOROC\u00ceT\u0130Y\u00ca K\u0130R\",\"datePublished\":\"2019-11-04T19:37:14+00:00\",\"dateModified\":\"2021-09-16T12:43:19+00:00\",\"mainEntityOfPage\":{\"@id\":\"https:\\\/\\\/darkamazi.info\\\/archives\\\/1009570\"},\"wordCount\":685,\"publisher\":{\"@id\":\"https:\\\/\\\/darkamazi.info\\\/#organization\"},\"image\":{\"@id\":\"https:\\\/\\\/darkamazi.info\\\/archives\\\/1009570#primaryimage\"},\"thumbnailUrl\":\"https:\\\/\\\/darkamazi.info\\\/darka-content\\\/uploads\\\/2019\\\/11\\\/apo-gewad.jpg\",\"articleSection\":[\"Anal\u00eez\"],\"inLanguage\":\"en-US\"},{\"@type\":\"WebPage\",\"@id\":\"https:\\\/\\\/darkamazi.info\\\/archives\\\/1009570\",\"url\":\"https:\\\/\\\/darkamazi.info\\\/archives\\\/1009570\",\"name\":\"S\u0130YASETA PKK\u2019\u00ca \u00db RAD\u00ceKAL\u0130YA OCALAN GEL NE\u00c7AR\u00ce XOROC\u00ceT\u0130Y\u00ca K\u0130R - Darka Maz\u00ee\",\"isPartOf\":{\"@id\":\"https:\\\/\\\/darkamazi.info\\\/#website\"},\"primaryImageOfPage\":{\"@id\":\"https:\\\/\\\/darkamazi.info\\\/archives\\\/1009570#primaryimage\"},\"image\":{\"@id\":\"https:\\\/\\\/darkamazi.info\\\/archives\\\/1009570#primaryimage\"},\"thumbnailUrl\":\"https:\\\/\\\/darkamazi.info\\\/darka-content\\\/uploads\\\/2019\\\/11\\\/apo-gewad.jpg\",\"datePublished\":\"2019-11-04T19:37:14+00:00\",\"dateModified\":\"2021-09-16T12:43:19+00:00\",\"breadcrumb\":{\"@id\":\"https:\\\/\\\/darkamazi.info\\\/archives\\\/1009570#breadcrumb\"},\"inLanguage\":\"en-US\",\"potentialAction\":[{\"@type\":\"ReadAction\",\"target\":[\"https:\\\/\\\/darkamazi.info\\\/archives\\\/1009570\"]}]},{\"@type\":\"ImageObject\",\"inLanguage\":\"en-US\",\"@id\":\"https:\\\/\\\/darkamazi.info\\\/archives\\\/1009570#primaryimage\",\"url\":\"https:\\\/\\\/darkamazi.info\\\/darka-content\\\/uploads\\\/2019\\\/11\\\/apo-gewad.jpg\",\"contentUrl\":\"https:\\\/\\\/darkamazi.info\\\/darka-content\\\/uploads\\\/2019\\\/11\\\/apo-gewad.jpg\",\"width\":950,\"height\":529,\"caption\":\"S\u0130YASETA PKK\u2019\u00ca \u00db RAD\u00ceKAL\u0130YA OCALAN GEL NE\u00c7AR\u00ce XOROC\u00ceT\u0130Y\u00ca K\u0130R\"},{\"@type\":\"BreadcrumbList\",\"@id\":\"https:\\\/\\\/darkamazi.info\\\/archives\\\/1009570#breadcrumb\",\"itemListElement\":[{\"@type\":\"ListItem\",\"position\":1,\"name\":\"Home\",\"item\":\"https:\\\/\\\/darkamazi.info\\\/\"},{\"@type\":\"ListItem\",\"position\":2,\"name\":\"S\u0130YASETA PKK\u2019\u00ca \u00db RAD\u00ceKAL\u0130YA OCALAN GEL NE\u00c7AR\u00ce XOROC\u00ceT\u0130Y\u00ca K\u0130R\"}]},{\"@type\":\"WebSite\",\"@id\":\"https:\\\/\\\/darkamazi.info\\\/#website\",\"url\":\"https:\\\/\\\/darkamazi.info\\\/\",\"name\":\"Darka Maz\u00ee\",\"description\":\"P\u00eageha Zanyariy\u00ean Nebih\u00eest\u00ee\",\"publisher\":{\"@id\":\"https:\\\/\\\/darkamazi.info\\\/#organization\"},\"potentialAction\":[{\"@type\":\"SearchAction\",\"target\":{\"@type\":\"EntryPoint\",\"urlTemplate\":\"https:\\\/\\\/darkamazi.info\\\/?s={search_term_string}\"},\"query-input\":{\"@type\":\"PropertyValueSpecification\",\"valueRequired\":true,\"valueName\":\"search_term_string\"}}],\"inLanguage\":\"en-US\"},{\"@type\":\"Organization\",\"@id\":\"https:\\\/\\\/darkamazi.info\\\/#organization\",\"name\":\"Darka Maz\u00ee\",\"url\":\"https:\\\/\\\/darkamazi.info\\\/\",\"logo\":{\"@type\":\"ImageObject\",\"inLanguage\":\"en-US\",\"@id\":\"https:\\\/\\\/darkamazi.info\\\/#\\\/schema\\\/logo\\\/image\\\/\",\"url\":\"https:\\\/\\\/darkamazi.info\\\/darka-content\\\/uploads\\\/2017\\\/12\\\/darka-mazi-logo.png\",\"contentUrl\":\"https:\\\/\\\/darkamazi.info\\\/darka-content\\\/uploads\\\/2017\\\/12\\\/darka-mazi-logo.png\",\"width\":151,\"height\":75,\"caption\":\"Darka Maz\u00ee\"},\"image\":{\"@id\":\"https:\\\/\\\/darkamazi.info\\\/#\\\/schema\\\/logo\\\/image\\\/\"},\"sameAs\":[\"https:\\\/\\\/www.facebook.com\\\/DarMaziKurmanci\",\"https:\\\/\\\/x.com\\\/DarkaMaziLatini\",\"https:\\\/\\\/www.instagram.com\\\/darkamazi.kurmanci\\\/\",\"https:\\\/\\\/www.youtube.com\\\/channel\\\/UCa5HkTdmI8U1qCUFuTw8B2g\"]},{\"@type\":\"Person\",\"@id\":\"https:\\\/\\\/darkamazi.info\\\/#\\\/schema\\\/person\\\/5ad3e24553a0567993fa8ed4bd0a776c\",\"name\":\"darka mazi\",\"sameAs\":[\"https:\\\/\\\/darkamazi.info\\\/\"],\"url\":\"https:\\\/\\\/darkamazi.info\\\/archives\\\/author\\\/kurdi\"}]}<\/script>\n<!-- \/ Yoast SEO plugin. -->","seo_head_json":{"title":"S\u0130YASETA PKK\u2019\u00ca \u00db RAD\u00ceKAL\u0130YA OCALAN GEL NE\u00c7AR\u00ce XOROC\u00ceT\u0130Y\u00ca K\u0130R - Darka Maz\u00ee","robots":{"index":"index","follow":"follow","max-snippet":"max-snippet:-1","max-image-preview":"max-image-preview:large","max-video-preview":"max-video-preview:-1"},"canonical":"https:\/\/darkamazi.info\/archives\/1009570","og_locale":"en_US","og_type":"article","og_title":"S\u0130YASETA PKK\u2019\u00ca \u00db RAD\u00ceKAL\u0130YA OCALAN GEL NE\u00c7AR\u00ce XOROC\u00ceT\u0130Y\u00ca K\u0130R - Darka Maz\u00ee","og_description":"Tirsa sereke ya gel\u00ea Bak\u00fbr\u00ea Kurdistan\u00ea ne ji Tirkan b\u00fb, wexta Ocalan le\u015fkir kirina \u00eecbar\u00ee sepand\u00ee deriy\u00ea &#8220;xoroc\u00eetiy\u00ea &#8221; veb\u00fb, gel ne\u00e7ar b\u00fb fikir li parastina xwe bike li himber zat\u00ea Apo \u00fb zebra PKK\u2019\u00ea. Part\u00eeya Karker\u00ean Kurdistan\u00ea ji destp\u00eaka damezrandin\u00ea bi awayeke rad\u00eekal tev geriyan, bera ku bi ferm\u00ee bibe part\u00eeyeke siyas\u00ee \u00fb \u00e7ekdar, [&hellip;]","og_url":"https:\/\/darkamazi.info\/archives\/1009570","og_site_name":"Darka Maz\u00ee","article_publisher":"https:\/\/www.facebook.com\/DarMaziKurmanci","article_published_time":"2019-11-04T19:37:14+00:00","article_modified_time":"2021-09-16T12:43:19+00:00","og_image":[{"width":950,"height":529,"url":"https:\/\/darkamazi.info\/file\/2019\/11\/apo-gewad.jpg","type":"image\/jpeg"}],"author":"darka mazi","twitter_card":"summary_large_image","twitter_creator":"@DarkaMaziLatini","twitter_site":"@DarkaMaziLatini","twitter_misc":{"Written by":"darka mazi","Est. reading time":"3 minutes"},"schema":{"@context":"https:\/\/schema.org","@graph":[{"@type":"Article","@id":"https:\/\/darkamazi.info\/archives\/1009570#article","isPartOf":{"@id":"https:\/\/darkamazi.info\/archives\/1009570"},"author":{"name":"darka mazi","@id":"https:\/\/darkamazi.info\/#\/schema\/person\/5ad3e24553a0567993fa8ed4bd0a776c"},"headline":"S\u0130YASETA PKK\u2019\u00ca \u00db RAD\u00ceKAL\u0130YA OCALAN GEL NE\u00c7AR\u00ce XOROC\u00ceT\u0130Y\u00ca K\u0130R","datePublished":"2019-11-04T19:37:14+00:00","dateModified":"2021-09-16T12:43:19+00:00","mainEntityOfPage":{"@id":"https:\/\/darkamazi.info\/archives\/1009570"},"wordCount":685,"publisher":{"@id":"https:\/\/darkamazi.info\/#organization"},"image":{"@id":"https:\/\/darkamazi.info\/archives\/1009570#primaryimage"},"thumbnailUrl":"https:\/\/darkamazi.info\/file\/2019\/11\/apo-gewad.jpg","articleSection":["Anal\u00eez"],"inLanguage":"en-US"},{"@type":"WebPage","@id":"https:\/\/darkamazi.info\/archives\/1009570","url":"https:\/\/darkamazi.info\/archives\/1009570","name":"S\u0130YASETA PKK\u2019\u00ca \u00db RAD\u00ceKAL\u0130YA OCALAN GEL NE\u00c7AR\u00ce XOROC\u00ceT\u0130Y\u00ca K\u0130R - Darka Maz\u00ee","isPartOf":{"@id":"https:\/\/darkamazi.info\/#website"},"primaryImageOfPage":{"@id":"https:\/\/darkamazi.info\/archives\/1009570#primaryimage"},"image":{"@id":"https:\/\/darkamazi.info\/archives\/1009570#primaryimage"},"thumbnailUrl":"https:\/\/darkamazi.info\/file\/2019\/11\/apo-gewad.jpg","datePublished":"2019-11-04T19:37:14+00:00","dateModified":"2021-09-16T12:43:19+00:00","breadcrumb":{"@id":"https:\/\/darkamazi.info\/archives\/1009570#breadcrumb"},"inLanguage":"en-US","potentialAction":[{"@type":"ReadAction","target":["https:\/\/darkamazi.info\/archives\/1009570"]}]},{"@type":"ImageObject","inLanguage":"en-US","@id":"https:\/\/darkamazi.info\/archives\/1009570#primaryimage","url":"https:\/\/darkamazi.info\/file\/2019\/11\/apo-gewad.jpg","contentUrl":"https:\/\/darkamazi.info\/file\/2019\/11\/apo-gewad.jpg","width":950,"height":529,"caption":"S\u0130YASETA PKK\u2019\u00ca \u00db RAD\u00ceKAL\u0130YA OCALAN GEL NE\u00c7AR\u00ce XOROC\u00ceT\u0130Y\u00ca K\u0130R"},{"@type":"BreadcrumbList","@id":"https:\/\/darkamazi.info\/archives\/1009570#breadcrumb","itemListElement":[{"@type":"ListItem","position":1,"name":"Home","item":"https:\/\/darkamazi.info\/"},{"@type":"ListItem","position":2,"name":"S\u0130YASETA PKK\u2019\u00ca \u00db RAD\u00ceKAL\u0130YA OCALAN GEL NE\u00c7AR\u00ce XOROC\u00ceT\u0130Y\u00ca K\u0130R"}]},{"@type":"WebSite","@id":"https:\/\/darkamazi.info\/#website","url":"https:\/\/darkamazi.info\/","name":"Darka Maz\u00ee","description":"P\u00eageha Zanyariy\u00ean Nebih\u00eest\u00ee","publisher":{"@id":"https:\/\/darkamazi.info\/#organization"},"potentialAction":[{"@type":"SearchAction","target":{"@type":"EntryPoint","urlTemplate":"https:\/\/darkamazi.info\/?s={search_term_string}"},"query-input":{"@type":"PropertyValueSpecification","valueRequired":true,"valueName":"search_term_string"}}],"inLanguage":"en-US"},{"@type":"Organization","@id":"https:\/\/darkamazi.info\/#organization","name":"Darka Maz\u00ee","url":"https:\/\/darkamazi.info\/","logo":{"@type":"ImageObject","inLanguage":"en-US","@id":"https:\/\/darkamazi.info\/#\/schema\/logo\/image\/","url":"https:\/\/darkamazi.info\/file\/2017\/12\/darka-mazi-logo.png","contentUrl":"https:\/\/darkamazi.info\/file\/2017\/12\/darka-mazi-logo.png","width":151,"height":75,"caption":"Darka Maz\u00ee"},"image":{"@id":"https:\/\/darkamazi.info\/#\/schema\/logo\/image\/"},"sameAs":["https:\/\/www.facebook.com\/DarMaziKurmanci","https:\/\/x.com\/DarkaMaziLatini","https:\/\/www.instagram.com\/darkamazi.kurmanci\/","https:\/\/www.youtube.com\/channel\/UCa5HkTdmI8U1qCUFuTw8B2g"]},{"@type":"Person","@id":"https:\/\/darkamazi.info\/#\/schema\/person\/5ad3e24553a0567993fa8ed4bd0a776c","name":"darka mazi","sameAs":["https:\/\/darkamazi.info\/"],"url":"https:\/\/darkamazi.info\/archives\/author\/kurdi"}]}},"_links":{"self":[{"href":"https:\/\/darkamazi.info\/funavuv\/wp\/v2\/posts\/1009570","targetHints":{"allow":["GET"]}}],"collection":[{"href":"https:\/\/darkamazi.info\/funavuv\/wp\/v2\/posts"}],"about":[{"href":"https:\/\/darkamazi.info\/funavuv\/wp\/v2\/types\/post"}],"author":[{"embeddable":true,"href":"https:\/\/darkamazi.info\/funavuv\/wp\/v2\/users\/2"}],"replies":[{"embeddable":true,"href":"https:\/\/darkamazi.info\/funavuv\/wp\/v2\/comments?post=1009570"}],"version-history":[{"count":0,"href":"https:\/\/darkamazi.info\/funavuv\/wp\/v2\/posts\/1009570\/revisions"}],"wp:featuredmedia":[{"embeddable":true,"href":"https:\/\/darkamazi.info\/funavuv\/wp\/v2\/media\/1009571"}],"wp:attachment":[{"href":"https:\/\/darkamazi.info\/funavuv\/wp\/v2\/media?parent=1009570"}],"wp:term":[{"taxonomy":"category","embeddable":true,"href":"https:\/\/darkamazi.info\/funavuv\/wp\/v2\/categories?post=1009570"},{"taxonomy":"post_tag","embeddable":true,"href":"https:\/\/darkamazi.info\/funavuv\/wp\/v2\/tags?post=1009570"}],"curies":[{"name":"wp","href":"https:\/\/api.w.org\/{rel}","templated":true}]}}