{"id":1009683,"date":"2019-11-07T23:23:38","date_gmt":"2019-11-07T20:23:38","guid":{"rendered":"https:\/\/darkamazi.info\/?p=1009683"},"modified":"2021-10-25T16:49:45","modified_gmt":"2021-10-25T13:49:45","slug":"pkk-ji-ceneral-buna-mezlum-kobani-pir-aciz-u-toreye","status":"publish","type":"post","link":"https:\/\/darkamazi.info\/archives\/1009683","title":{"rendered":"PKK ji ceneral b\u00fbna Mezl\u00fbm Koban\u00ee pir aciz \u00fb tore ye"},"content":{"rendered":"<h3 style=\"text-align: justify;\"><span style=\"font-family: 'arial black', sans-serif;\">Digel dag\u00eerkirina Rojava Kurdistan\u00ea ji aliy\u00ea dewleta Tirkiy\u00ea ve, gelek encam\u00ean siyas\u00ee y\u00ean n\u00fb derketin, yek ji wan encaman eve ku &#8220;Ceneral Mezl\u00fbm&#8221; weke kesat\u00eeyeke n\u00fb di qada siyaseta Kurd\u00ee de peyda b\u00fb, heya bera du mehan j\u00ee, nav\u00ea &#8220;Mezl\u00fbm&#8221; ten\u00ea li Rojava Kurdistan\u00ea dihat bih\u00eestin \u00fb navudengiya w\u00ee tune b\u00fb, ew bi nav\u00ea &#8220;\u015eah\u00een C\u00eelo&#8221; dihat nas kirin, l\u00ea bel\u00ea di wexta mehek\u00ea de bi nav\u00ea &#8220;Ceneral Mezl\u00fbm&#8221; hat naskirin, er\u00ea &#8220;Mezl\u00fbm Ebd\u00ee&#8221; k\u00ee ye? Er\u00ea gelo ew h\u00eaja y\u00ea pileya Ceneralit\u00eey\u00ea ye \u00fb \u00e7i al\u00ee dij\u00ee v\u00ea pile \u00fb Posta w\u00ee ne.<\/span><\/h3>\n<h2 style=\"text-align: center;\"><span style=\"color: #808080;\"><strong><span style=\"font-family: 'arial black', sans-serif;\">Erdogan peyameke zelal bi r\u00eaya Ebdulqadir Selef\u00ee ji bo Mezl\u00fbm \u015fandiye<\/span><\/strong><\/span><\/h2>\n<h3 style=\"text-align: justify;\">Pa\u015f ku\u015ftina r\u00eaber\u00ea DAI\u015e\u2019\u00ea Ebubekr Bexdad\u00ee&#8221;, serok komar\u00ea Tirkiy\u00ea Receb Tey\u00eeb Erdogan gotarek p\u00ea\u015fk\u00ea\u015f kir, hinek wilat wexta hejmareke teror\u00eestan bi metirs\u00ee li ser wilat\u00ea xwe dib\u00eenin, ew teror\u00eest li ku der\u00ea bin w\u00ea wan jinav bibin, ev bi w\u00ea watey\u00ea t\u00ea ku Tirkiy\u00ea maf heye ev helwest hebe.<\/h3>\n<h3 style=\"text-align: justify;\">Niv\u00eeskareke Ereb heye bi nav\u00ea &#8220;Ebdulqadir Selef\u00ee&#8221; gotarek li roja 30 Cotmeha sala 2019an we\u015fand \u00fb t\u00eade wiha gotiye: &#8220;er\u00ea gelo h\u00fbn\u00ea bib\u00eenin ku Erdogan li himber rojnamevanan bib\u00eaje me Mezl\u00fbm Koban\u00ee, Cem\u00eel Bay\u00eek \u00fb Karaylan jinavbirin&#8221;? Ebdulqadir Selef\u00ee her wiha dib\u00eaje ku Erdogan ronah\u00ee a kesk bi w\u00ee daye ku v\u00ea peyam\u00ea belav bike, ev gotara Ebdulqadir Selef\u00ee \u00fb Erdogan, ne peyameke normale ku mirov li ber \u00e7av negire, ji ber ku Ebdulqadir Selef\u00ee Niv\u00eeskareke her\u00ee n\u00eaz\u00ee Erdogane, ev ne gotare, belku gefeke bi zelal\u00ee li Mezl\u00fbm Ebd\u00ee t\u00ea kirin.<\/h3>\n<h2 style=\"text-align: center;\"><strong><span style=\"color: #808080;\">Ceneral Mezl\u00fbm Koban\u00ee k\u00eeye \u00fb dujmin\u00ean Mezlom k\u00eene?<\/span><\/strong><\/h2>\n<h3 style=\"text-align: justify;\"><img loading=\"lazy\" decoding=\"async\" width=\"645\" height=\"344\" class=\"aligncenter darka-image-1009685 size-full\" src=\"https:\/\/darkamazi.info\/file\/2019\/11\/0x0-congress-invitation-to-terrorist-leader-will-be-dark-stain-in-us-history-turkish-official-says-1572683160049.jpg\" alt=\"\" srcset=\"https:\/\/darkamazi.info\/file\/2019\/11\/0x0-congress-invitation-to-terrorist-leader-will-be-dark-stain-in-us-history-turkish-official-says-1572683160049.jpg 645w, https:\/\/darkamazi.info\/file\/2019\/11\/0x0-congress-invitation-to-terrorist-leader-will-be-dark-stain-in-us-history-turkish-official-says-1572683160049-300x160.jpg 300w\" sizes=\"auto, (max-width: 645px) 100vw, 645px\" \/><\/h3>\n<h3 style=\"text-align: justify;\">Mezl\u00fbm Ebd\u00ee li sala 1967an li bajar\u00ea Koban\u00ea hatiye dinyay\u00ea, w\u00ee li temeneke z\u00fb de teko\u015f\u00eena Kurd\u00ee nas kir, bav\u00ea w\u00ee Dixtor b\u00fb \u00fb bi dilsoz\u00ee ew n\u00eaz\u00ee hem\u00fb tevger\u00ean Kurd\u00ee dib\u00fb, mala wan a li koban\u00ea yek ji wan malan b\u00fb ku wexta Ebdulla Ocalan \u00e7\u00fbye S\u00fbriy\u00ea serdan ji bo kr\u00ee, pi\u015ftre Ceneral Mezl\u00fbm li zan\u00eengeha Heleb\u00ea be\u015f\u00ea Endazyar\u00ee xwend, ew xortek\u00ea z\u00eade fama b\u00fb, lewma w\u00ee bala gel ki\u015fand.<\/h3>\n<h3 style=\"text-align: justify;\">Li zan\u00eengeh\u00ea kar\u00ean r\u00eaxistn\u00ea ji bo Part\u00eeya Karker\u00ean Kurdistan\u00ea PKK\u2019\u00ea kirine, li sal\u00ean 1988 \u2013 1989an, Ceneral Mezl\u00fbm li &#8220;dola b\u00eeqa'&#8221; tevl\u00ee xuleke perwerda siyas\u00ee \u00fb le\u015fkir\u00ee a PKK\u2019\u00ea dibe, li sala 1992an j\u00ee bi ferm\u00ee tevl\u00ee r\u00eaz\u00ean PKK\u2019\u00ea dibe \u00fb li Ba\u015f\u00fbr\u00ea Kurdistan\u00ea di kampa PKK\u2019\u00ea de \u00fb di xebat\u00ean perwerd\u00ea de c\u00ee digre, a rast ewe ku Ceneral Mezl\u00fbm Koban\u00ee yek \u00e7alakiya le\u015fkir\u00ee li dij\u00ee dewleta Tirkiy\u00ea encam nedaye.<\/h3>\n<h2 style=\"text-align: center;\"><span style=\"color: #ff0000;\"><strong>Xort\u00ea ku li pi\u015ft Ocalan di Melevangeh\u00ea de derdikeve, ne Mezl\u00fbm Ebd\u00ee ye<\/strong><\/span><\/h2>\n<h3 style=\"text-align: justify;\">Mezl\u00fbm li sala 1995an bi giran\u00ee bir\u00eendar dibe \u00fb ew ji bo \u00e7areseriy\u00ea t\u00ea veguhastin ji bo \u015eam\u00ea a paytexta S\u00fbriy\u00ea, pa\u015f wergirtina \u00e7areseriy\u00ea ew ji bo domandina xebat\u00ean PKK\u2019\u00ea ji bo Ewropay\u00ea t\u00ea \u015fandin \u00fb mana w\u00ee li wir heya desteser kirina Ebdulla Ocalan ji aliy\u00ea dewleta Tirkiy\u00ea ve dewam dike.<\/h3>\n<h3 style=\"text-align: justify;\">H\u00eaja gotin\u00ea ye ku medya Tirkiy\u00ea w\u00eaneyek we\u015fandiye ku r\u00eaber\u00ea PKK\u2019\u00ea Ocalan \u00fb Mezl\u00fbm Koban\u00ee bi hevre di melevangehek\u00ea de ne, a rast pi\u015ft\u00ee lid\u00fbv\u00e7\u00fbna p\u00eageha &#8220;Darka Maz\u00ee&#8221; ji bo w\u00eaney, e\u015fkere b\u00fb xort\u00ea ku li pi\u015ft Ocalan di Melevangeh\u00ea de derdikeve, ne Mezl\u00fbm Ebd\u00ee ye, belku ew keseke bi nav\u00ea &#8220;\u00c7ekdar&#8221; ji gund\u00ea \u015eax\u00ea \u00ea gir\u00eaday\u00ee Ciz\u00eera Botan \u00fb ew niha di jiyan\u00ea de nemaye.<\/h3>\n<h3 style=\"text-align: justify;\"><img loading=\"lazy\" decoding=\"async\" width=\"725\" height=\"395\" class=\"aligncenter darka-image-1009686 size-full\" src=\"https:\/\/darkamazi.info\/file\/2019\/11\/Mazloum-Kobani-6.jpg\" alt=\"PKK J\u0130 CENERAL B\u00dbNA MEZL\u00dbM KOBAN\u00ce P\u0130R AC\u0130Z \u00db TOREYE\" srcset=\"https:\/\/darkamazi.info\/file\/2019\/11\/Mazloum-Kobani-6.jpg 725w, https:\/\/darkamazi.info\/file\/2019\/11\/Mazloum-Kobani-6-300x163.jpg 300w\" sizes=\"auto, (max-width: 725px) 100vw, 725px\" \/><\/h3>\n<h3 style=\"text-align: justify;\">Pi\u015ft\u00ee desteser kirina Ebdulla Ocalan li sala 2000an, Ceneral Mezl\u00fbm ji Ewropay\u00ea vedgere qend\u00eel\u00ea \u00fb qonaxeke n\u00fb ji bo w\u00ee dest p\u00ea dike, ew ji hevsengiya nava r\u00eaxistn\u00ea fam dike \u00fb dixwaze c\u00eeyek\u00ee ji bo xwe di Konseya seroktiy\u00ea de ava bike, Qadroy\u00ean Rojava Kurdistan\u00ea li derd\u00fbra xwe kom dike, her\u00e7end ku ew bi girop\u00e7\u00eetiy\u00ea dinav partiy\u00ea de dih\u00ea s\u00fb\u00e7bar kirin, l\u00ea bel\u00ea ew li ser teko\u015f\u00eena xwe didome \u00fb di r\u00eaveberiy\u00ea de c\u00ee digre, Mezl\u00fbm di nava r\u00eaxistna PKK\u2019\u00ea de bi kesek\u00ee n\u00eaz\u00ee &#8220;Murad Karaylan&#8221; t\u00ea naskirin, n\u00eaz\u00ee b\u00fbna w\u00ee j\u00ee ji Karaylan bi sedema w\u00ea yek\u00ea b\u00fb ku Karaylan ji Orfay\u00ea ye \u00fb Orfa hevs\u00eenore digel koban\u00ea, wan \u00e7andeke civak\u00ee \u00ea hevbe\u015f heb\u00fb.<\/h3>\n<h3 style=\"text-align: justify;\">Bingeha t\u00eakil\u00eey\u00ean Mezl\u00fbm \u00fb Karaylan ji w\u00ea yek\u00ea ava b\u00fb ku ew ji giropa Enqer\u00ea &#8220;Cem\u00eel Bay\u00eek, Duran Kalkan, Mistefa Qars\u00fb, El\u00ee Heyder Qaytan&#8221; d\u00fbr b\u00fbn, Mezl\u00fbm ne xwed\u00ee \u00eedoloj\u00eeyayeke \u00e7epe, kesat\u00eeyeke bi nasnameya xwe a kurd t\u00ea naskirin \u00fb li dij\u00ee w\u00ea fikra PKK\u2019\u00ea ye ya ku dib\u00eaje ku em dewlet\u00ea naxwazin \u00fb nasnameya turk\u00e7\u00eatiy\u00ea didin p\u00ea\u015f, hejmareka zor a Qadroy\u00ean Rojava dib\u00eajin &#8220;gereke em Kurdistan\u00ea ava nekin, \u00e7ima em ji bo demokrat\u00eek b\u00fbna Tirkiy\u00ea bimr\u00een&#8221;, n\u00eeqa\u015feke wiha t\u00ea kirin \u00fb ev n\u00eeqa\u015f dibe sedema \u00e7\u00eab\u00fbna hevrik\u00eey\u00ea, li sala 2000an \u00fb bi sedema v\u00ea n\u00eeqa\u015f\u00ea Qadroyeke d\u00ear\u00een \u00ea PKK\u2019\u00ea bi nav\u00ea &#8220;Fa\u00eeq D\u00eark&#8221; t\u00ea desteser kirin \u00fb pi\u015ftre di z\u00eendan\u00ea de t\u00ea ku\u015ftin, li w\u00ea dem\u00ea PKK\u2019\u00ea bi ferm\u00ee ragihand ku Fa\u00eeq D\u00eark\u00ee daw\u00ee bi jiyana xwe aniye.<\/h3>\n<h3 style=\"text-align: justify;\">V\u00ea b\u00fbyer\u00ea dil sar\u00ee di nava Qadroy\u00ean Rojava Kurdistan\u00ea de \u00e7\u00eakir, Mezl\u00fbm yek ji wan kes\u00ean n\u00eaz\u00ee Fa\u00eeq b\u00fb ku pir xemg\u00een dibe, l\u00ea bel\u00ea xemg\u00een b\u00fbna xwe \u00eelan nake, Mezl\u00fbm di hejmareke erk\u00ean siyas\u00ee de c\u00ee digre, w\u00ee p\u00ea\u015fde \u00e7\u00fbna xwe gelek bi b\u00eadeng\u00ee \u00fb b\u00eay ku tu kes hest p\u00ea bike domand \u00fb hejmareke Qadroy\u00ean Rojava li xwe kom kirin, di gelek erk\u00ean gir\u00eeng \u00fb hesas de c\u00ee girt, w\u00ee li hember PKK\u2019\u00ea away\u00ea teko\u015f\u00een \u00fb xebata xwe ne guherand.<\/h3>\n<h3 style=\"text-align: justify;\"><img loading=\"lazy\" decoding=\"async\" width=\"840\" height=\"471\" class=\"aligncenter darka-image-1009687 size-full\" src=\"https:\/\/darkamazi.info\/file\/2019\/11\/resized_70850-A843644_02.jpg\" alt=\"PKK J\u0130 CENERAL B\u00dbNA MEZL\u00dbM KOBAN\u00ce P\u0130R AC\u0130Z \u00db TOREYE\" srcset=\"https:\/\/darkamazi.info\/file\/2019\/11\/resized_70850-A843644_02.jpg 840w, https:\/\/darkamazi.info\/file\/2019\/11\/resized_70850-A843644_02-300x168.jpg 300w, https:\/\/darkamazi.info\/file\/2019\/11\/resized_70850-A843644_02-768x431.jpg 768w\" sizes=\"auto, (max-width: 840px) 100vw, 840px\" \/><\/h3>\n<h3 style=\"text-align: justify;\">Li sala 2011an \u00fb digel b\u00fbyer\u00ean S\u00fbryay\u00ea, tevgerek li Rojava Kurdistan\u00ea ava dibe \u00fb Ceneral Mezl\u00fbm di kom kirina h\u00eaza le\u015fkir\u00ee li Rojava roleke mezin dib\u00eene, li sala 2016an li wexta \u00ear\u00ee\u015fa balefir\u00ean Tirkiy\u00ea li ser \u00e7iyay\u00ea Qere\u00e7\u00fbx, Mezl\u00fbm Ebd\u00ee digel \u015fandeke arte\u015fa Emer\u00eekay\u00ea serdana ciy\u00ea bordoman\u00ea dike \u00fb pi\u015ft\u00ee w\u00ea b\u00fbyer\u00ea r\u00eaya Ceneral b\u00fbn\u00ea h\u00ead\u00ee h\u00ead\u00ee ji bo Mezl\u00fbm Ebd\u00ee t\u00ea vekirin.<\/h3>\n<h2 style=\"text-align: center;\"><span style=\"color: #808080;\"><strong>Er\u00ea &#8220;daynesor\u00ean PKK\u2019\u00ea&#8221; ji Ceneral b\u00fbna Mezl\u00fbm Ebd\u00ee neraz\u00ee ne?<\/strong><\/span><\/h2>\n<h3 style=\"text-align: justify;\">Di nava kurdan de r\u00fby\u00ean n\u00fb di s\u00eeyaset\u00ea de derketin, ner\u00een\u00ean cuda j\u00ee tesb\u00eet kirin ku bo jinavbirna kult\u00fbra desthilatdariya teng, PKK Kurdan weke yek Serok \u00fb yek Part\u00ee \u00fb yek aydolojiya xwe disep\u00eene, ji ber v\u00ea yek\u00ea mirov dikare bib\u00eaje ku PKK ji Ceneral b\u00fbna Mezl\u00fbm Ebd\u00ee aciz \u00fb neraz\u00ee ye, ji ber ku PKK tu caran li dervey Ocalan \u00fb giropa Enqer\u00ea di tu qadek\u00ea de naxwaze kesek\u00ea n\u00fb were p\u00ea\u015f, di nava PKK de bi v\u00ee away\u00ee girupeke Daynasoran heye bi nav\u00ea &#8220;giropa Enqer\u00ea&#8221;, d\u00eeroka PKK\u2019\u00ea j\u00ee e\u015fkere dike ku her kes\u00ea bi w\u00ee away\u00ee hatye p\u00ea\u015f hatye jinavbirin, bo m\u00eenak &#8220;\u00c7et\u00een Gongor bi kod nav\u00ea Sem\u00eer&#8221; \u00fb &#8220;Mihemed \u015eener&#8221; \u00fb gelek kes\u00ean din, heya ku di xebat\u00ean siyas\u00ee j\u00ee de PKK r\u00ea nade tu kesek\u00ea din p\u00ea\u015fde bi\u00e7e, dijber ya PKK\u2019\u00ea ji bo &#8220;Selahedd\u00een Dem\u00eerta\u015f&#8221; j\u00ee bi sedema heman fikra PKK\u2019\u00ea ye.<\/h3>\n<h2 style=\"text-align: center;\"><span style=\"color: #808080;\"><strong>PKK\u2019\u00ea agirbesta Mezl\u00fbm qeb\u00fbl nekir \u00fb Cem\u00eel Bay\u00eek go ku \u00e7i dibe bila bibe<\/strong><\/span><\/h2>\n<h3 style=\"text-align: justify;\">Ceneral Mezl\u00fbm dab\u00fb diyar kirin ku ew amadeye bac\u00ea bide neku Gel were qirr kirin, pi\u015ft\u00ee v\u00ea daxweyan\u00eeya Ceneral Mezl\u00fbm \u00fb pi\u015ftre ten\u00ea bi rojek\u00ea &#8220;Cem\u00eel Bay\u00eek&#8221; gotarek we\u015fand \u00fb t\u00eade diyar kir, &#8220;\u00e7i dibe bila bibe, em\u00ea bo pa\u015fve ne zivir\u00een, em\u00ea \u015fer bikin \u00fb em\u00ea serbikevin&#8221;, ev j\u00ee bi w\u00ea watey\u00ea t\u00ea ku PKK\u2019\u00ea agirbesta Mezl\u00fbm bic\u00ee kir\u00ee qeb\u00fbl nekir \u00fb ji w\u00ea biryar\u00ea xwe b\u00ea al\u00ee kir, ev demeke hinek gotin di nava PKK\u2019\u00ea de t\u00ean belav kirin \u00fb dib\u00eajin: &#8220;Ceneral Mezl\u00fbm weke m\u00earek\u00ee bi tena ser\u00ea xwe tev digere \u00fb guhdar\u00ee me nake \u00fb biryar\u00ean PKK\u2019\u00ea bic\u00ee nake&#8221;.<\/h3>\n<h3 style=\"text-align: justify;\">R\u00eaxistna PKK\u2019\u00ea xwed\u00ee sentiral\u00eeyeteke dijware \u00fb hem\u00fb r\u00eaxistin\u00ean her\u00eam\u00ee \u00fb Qadroy\u00ean w\u00ea p\u00eaw\u00eeste li pey w\u00ea sentiral\u00eeyet\u00ea were bir\u00eavebirin \u00fb bi tu away\u00ee derfet\u00ea nade r\u00eaxistin\u00ean bi ser w\u00ea ve bi tena ser\u00ea xwe tev bigerin \u00fb her teko\u015f\u00eeneke hem awa bi metirs\u00ee li ser xwe dib\u00eene, ji v\u00ea rastiya PKK\u2019\u00ea diyare ku ew pir ji Ceneral b\u00fbna Mezl\u00fbm aciz \u00fb torene.<\/h3>\n<h2 style=\"text-align: center;\"><span style=\"color: #808080;\"><strong>PKK\u2019\u00ea Ceneral dorp\u00ea\u00e7 kiriye \u00fb ew bi merc dikare biryar\u00ea serbest bide<\/strong><\/span><\/h2>\n<h3 style=\"text-align: justify;\"><img loading=\"lazy\" decoding=\"async\" width=\"1080\" height=\"614\" class=\"aligncenter darka-image-1009688 size-full\" src=\"https:\/\/darkamazi.info\/file\/2019\/11\/EIXeQG0XUAE3uxD.jpg\" alt=\"PKK J\u0130 CENERAL B\u00dbNA MEZL\u00dbM KOBAN\u00ce P\u0130R AC\u0130Z \u00db TOREYE\" srcset=\"https:\/\/darkamazi.info\/file\/2019\/11\/EIXeQG0XUAE3uxD.jpg 1080w, https:\/\/darkamazi.info\/file\/2019\/11\/EIXeQG0XUAE3uxD-300x171.jpg 300w, https:\/\/darkamazi.info\/file\/2019\/11\/EIXeQG0XUAE3uxD-768x437.jpg 768w, https:\/\/darkamazi.info\/file\/2019\/11\/EIXeQG0XUAE3uxD-1024x582.jpg 1024w\" sizes=\"auto, (max-width: 1080px) 100vw, 1080px\" \/><\/h3>\n<h3 style=\"text-align: justify;\">A rast j\u00ee ku Ceneral Mezl\u00fbm ger bixwaze erka Ceneral b\u00fbn\u00ea bic\u00ee bike, p\u00eaw\u00eeste ew ji v\u00ea desthilatdariya dijwar a PKK\u2019\u00ea d\u00fbr bikeve, ji bo ku bikare biryar\u00ea serbest bide, li heman dem\u00ea p\u00eaw\u00eeste weke PKK\u2019\u00ea dijatiya part\u00ee \u00fb aliy\u00ean Kurdistan\u00ee neke, nasnameya Kurdatiy\u00ea p\u00ea\u015fde bibe \u00fb r\u00eaz\u00ea li hizr\u00ean hem\u00fb aliy\u00ean siyas\u00ee bigre \u00fb di nava diyaloga hem\u00fb part\u00eeyan de be.<\/h3>\n<h3 style=\"text-align: justify;\">Daxweyan\u00eeya Mezl\u00fbm a roja 24\/10\/2019an wexta dib\u00eaje: &#8220;ez zor sipas\u00ee Serok Barzan\u00ee dikim&#8221;, ji v\u00ea gotina Mezl\u00fbm e\u015fkere dibe ku fikra w\u00ee ji fikra PKK\u2019\u00ea a li hember Serok \u00fb Part\u00eey\u00ean Kurdistan\u00ea cudaye.<\/h3>\n<h3 style=\"text-align: justify;\">Ceneral Mezl\u00fbm heya ku bibe Ceneral ti\u015fta ji dest w\u00ee hat\u00ee kir, l\u00ea bel\u00ea di navbera dag\u00eerkar\u00ean dewleta Tirkiy\u00ea \u00fb dorp\u00ea\u00e7a PKK\u2019\u00ea de ku metirs\u00ee ketiye ser jiyana w\u00ee, em h\u00eav\u00ee dik\u00een ku Ceneral Mezl\u00fbm v\u00ea metirsiy\u00ea derbas bike \u00fb erkeke netewe\u00ee bir\u00eave bibe.<\/h3>\n","protected":false},"excerpt":{"rendered":"<p>Digel dag\u00eerkirina Rojava Kurdistan\u00ea ji aliy\u00ea dewleta Tirkiy\u00ea ve, gelek encam\u00ean siyas\u00ee y\u00ean n\u00fb derketin, yek ji wan encaman eve ku &#8220;Ceneral Mezl\u00fbm&#8221; weke kesat\u00eeyeke n\u00fb di qada siyaseta Kurd\u00ee de peyda b\u00fb, heya bera du mehan j\u00ee, nav\u00ea &#8220;Mezl\u00fbm&#8221; ten\u00ea li Rojava Kurdistan\u00ea dihat bih\u00eestin \u00fb navudengiya w\u00ee tune b\u00fb, ew bi nav\u00ea &#8220;\u015eah\u00een [&hellip;]<\/p>\n","protected":false},"author":2,"featured_media":1009689,"comment_status":"closed","ping_status":"closed","sticky":false,"template":"","format":"standard","meta":{"footnotes":""},"categories":[68],"tags":[69,54],"class_list":["post-1009683","post","type-post","status-publish","format-standard","has-post-thumbnail","hentry","category-analiz","tag-mazlum-ebdi","tag-mezlum-dogan"],"blocksy_meta":[],"seo_head":"<!-- This site is optimized with the Yoast SEO plugin v27.5 - https:\/\/yoast.com\/product\/yoast-seo-wordpress\/ -->\n<title>PKK ji ceneral b\u00fbna Mezl\u00fbm Koban\u00ee pir aciz \u00fb tore ye - Darka Maz\u00ee<\/title>\n<meta name=\"robots\" content=\"index, follow, max-snippet:-1, max-image-preview:large, max-video-preview:-1\" \/>\n<link rel=\"canonical\" href=\"https:\/\/darkamazi.info\/archives\/1009683\" \/>\n<meta property=\"og:locale\" content=\"en_US\" \/>\n<meta property=\"og:type\" content=\"article\" \/>\n<meta property=\"og:title\" content=\"PKK ji ceneral b\u00fbna Mezl\u00fbm Koban\u00ee pir aciz \u00fb tore ye - Darka Maz\u00ee\" \/>\n<meta property=\"og:description\" content=\"Digel dag\u00eerkirina Rojava Kurdistan\u00ea ji aliy\u00ea dewleta Tirkiy\u00ea ve, gelek encam\u00ean siyas\u00ee y\u00ean n\u00fb derketin, yek ji wan encaman eve ku &#8220;Ceneral Mezl\u00fbm&#8221; weke kesat\u00eeyeke n\u00fb di qada siyaseta Kurd\u00ee de peyda b\u00fb, heya bera du mehan j\u00ee, nav\u00ea &#8220;Mezl\u00fbm&#8221; ten\u00ea li Rojava Kurdistan\u00ea dihat bih\u00eestin \u00fb navudengiya w\u00ee tune b\u00fb, ew bi nav\u00ea &#8220;\u015eah\u00een [&hellip;]\" \/>\n<meta property=\"og:url\" content=\"https:\/\/darkamazi.info\/archives\/1009683\" \/>\n<meta property=\"og:site_name\" content=\"Darka Maz\u00ee\" \/>\n<meta property=\"article:publisher\" content=\"https:\/\/www.facebook.com\/DarMaziKurmanci\" \/>\n<meta property=\"article:published_time\" content=\"2019-11-07T20:23:38+00:00\" \/>\n<meta property=\"article:modified_time\" content=\"2021-10-25T13:49:45+00:00\" \/>\n<meta property=\"og:image\" content=\"https:\/\/darkamazi.info\/file\/2019\/11\/0001.jpg\" \/>\n\t<meta property=\"og:image:width\" content=\"1000\" \/>\n\t<meta property=\"og:image:height\" content=\"590\" \/>\n\t<meta property=\"og:image:type\" content=\"image\/jpeg\" \/>\n<meta name=\"author\" content=\"darka mazi\" \/>\n<meta name=\"twitter:card\" content=\"summary_large_image\" \/>\n<meta name=\"twitter:creator\" content=\"@DarkaMaziLatini\" \/>\n<meta name=\"twitter:site\" content=\"@DarkaMaziLatini\" \/>\n<meta name=\"twitter:label1\" content=\"Written by\" \/>\n\t<meta name=\"twitter:data1\" content=\"darka mazi\" \/>\n\t<meta name=\"twitter:label2\" content=\"Est. reading time\" \/>\n\t<meta name=\"twitter:data2\" content=\"8 minutes\" \/>\n<script type=\"application\/ld+json\" class=\"seo-schema-graph\">{\"@context\":\"https:\\\/\\\/schema.org\",\"@graph\":[{\"@type\":\"Article\",\"@id\":\"https:\\\/\\\/darkamazi.info\\\/archives\\\/1009683#article\",\"isPartOf\":{\"@id\":\"https:\\\/\\\/darkamazi.info\\\/archives\\\/1009683\"},\"author\":{\"name\":\"darka mazi\",\"@id\":\"https:\\\/\\\/darkamazi.info\\\/#\\\/schema\\\/person\\\/5ad3e24553a0567993fa8ed4bd0a776c\"},\"headline\":\"PKK ji ceneral b\u00fbna Mezl\u00fbm Koban\u00ee pir aciz \u00fb tore ye\",\"datePublished\":\"2019-11-07T20:23:38+00:00\",\"dateModified\":\"2021-10-25T13:49:45+00:00\",\"mainEntityOfPage\":{\"@id\":\"https:\\\/\\\/darkamazi.info\\\/archives\\\/1009683\"},\"wordCount\":1614,\"publisher\":{\"@id\":\"https:\\\/\\\/darkamazi.info\\\/#organization\"},\"image\":{\"@id\":\"https:\\\/\\\/darkamazi.info\\\/archives\\\/1009683#primaryimage\"},\"thumbnailUrl\":\"https:\\\/\\\/darkamazi.info\\\/darka-content\\\/uploads\\\/2019\\\/11\\\/0001.jpg\",\"keywords\":[\"Mazl\u00fbm Ebd\u00ee\",\"Mezl\u00fbm Dogan\"],\"articleSection\":[\"Anal\u00eez\"],\"inLanguage\":\"en-US\"},{\"@type\":\"WebPage\",\"@id\":\"https:\\\/\\\/darkamazi.info\\\/archives\\\/1009683\",\"url\":\"https:\\\/\\\/darkamazi.info\\\/archives\\\/1009683\",\"name\":\"PKK ji ceneral b\u00fbna Mezl\u00fbm Koban\u00ee pir aciz \u00fb tore ye - Darka Maz\u00ee\",\"isPartOf\":{\"@id\":\"https:\\\/\\\/darkamazi.info\\\/#website\"},\"primaryImageOfPage\":{\"@id\":\"https:\\\/\\\/darkamazi.info\\\/archives\\\/1009683#primaryimage\"},\"image\":{\"@id\":\"https:\\\/\\\/darkamazi.info\\\/archives\\\/1009683#primaryimage\"},\"thumbnailUrl\":\"https:\\\/\\\/darkamazi.info\\\/darka-content\\\/uploads\\\/2019\\\/11\\\/0001.jpg\",\"datePublished\":\"2019-11-07T20:23:38+00:00\",\"dateModified\":\"2021-10-25T13:49:45+00:00\",\"breadcrumb\":{\"@id\":\"https:\\\/\\\/darkamazi.info\\\/archives\\\/1009683#breadcrumb\"},\"inLanguage\":\"en-US\",\"potentialAction\":[{\"@type\":\"ReadAction\",\"target\":[\"https:\\\/\\\/darkamazi.info\\\/archives\\\/1009683\"]}]},{\"@type\":\"ImageObject\",\"inLanguage\":\"en-US\",\"@id\":\"https:\\\/\\\/darkamazi.info\\\/archives\\\/1009683#primaryimage\",\"url\":\"https:\\\/\\\/darkamazi.info\\\/darka-content\\\/uploads\\\/2019\\\/11\\\/0001.jpg\",\"contentUrl\":\"https:\\\/\\\/darkamazi.info\\\/darka-content\\\/uploads\\\/2019\\\/11\\\/0001.jpg\",\"width\":1000,\"height\":590,\"caption\":\"PKK J\u0130 CENERAL B\u00dbNA MEZL\u00dbM KOBAN\u00ce P\u0130R AC\u0130Z \u00db TOREYE\"},{\"@type\":\"BreadcrumbList\",\"@id\":\"https:\\\/\\\/darkamazi.info\\\/archives\\\/1009683#breadcrumb\",\"itemListElement\":[{\"@type\":\"ListItem\",\"position\":1,\"name\":\"Home\",\"item\":\"https:\\\/\\\/darkamazi.info\\\/\"},{\"@type\":\"ListItem\",\"position\":2,\"name\":\"PKK ji ceneral b\u00fbna Mezl\u00fbm Koban\u00ee pir aciz \u00fb tore ye\"}]},{\"@type\":\"WebSite\",\"@id\":\"https:\\\/\\\/darkamazi.info\\\/#website\",\"url\":\"https:\\\/\\\/darkamazi.info\\\/\",\"name\":\"Darka Maz\u00ee\",\"description\":\"P\u00eageha Zanyariy\u00ean Nebih\u00eest\u00ee\",\"publisher\":{\"@id\":\"https:\\\/\\\/darkamazi.info\\\/#organization\"},\"potentialAction\":[{\"@type\":\"SearchAction\",\"target\":{\"@type\":\"EntryPoint\",\"urlTemplate\":\"https:\\\/\\\/darkamazi.info\\\/?s={search_term_string}\"},\"query-input\":{\"@type\":\"PropertyValueSpecification\",\"valueRequired\":true,\"valueName\":\"search_term_string\"}}],\"inLanguage\":\"en-US\"},{\"@type\":\"Organization\",\"@id\":\"https:\\\/\\\/darkamazi.info\\\/#organization\",\"name\":\"Darka Maz\u00ee\",\"url\":\"https:\\\/\\\/darkamazi.info\\\/\",\"logo\":{\"@type\":\"ImageObject\",\"inLanguage\":\"en-US\",\"@id\":\"https:\\\/\\\/darkamazi.info\\\/#\\\/schema\\\/logo\\\/image\\\/\",\"url\":\"https:\\\/\\\/darkamazi.info\\\/darka-content\\\/uploads\\\/2017\\\/12\\\/darka-mazi-logo.png\",\"contentUrl\":\"https:\\\/\\\/darkamazi.info\\\/darka-content\\\/uploads\\\/2017\\\/12\\\/darka-mazi-logo.png\",\"width\":151,\"height\":75,\"caption\":\"Darka Maz\u00ee\"},\"image\":{\"@id\":\"https:\\\/\\\/darkamazi.info\\\/#\\\/schema\\\/logo\\\/image\\\/\"},\"sameAs\":[\"https:\\\/\\\/www.facebook.com\\\/DarMaziKurmanci\",\"https:\\\/\\\/x.com\\\/DarkaMaziLatini\",\"https:\\\/\\\/www.instagram.com\\\/darkamazi.kurmanci\\\/\",\"https:\\\/\\\/www.youtube.com\\\/channel\\\/UCa5HkTdmI8U1qCUFuTw8B2g\"]},{\"@type\":\"Person\",\"@id\":\"https:\\\/\\\/darkamazi.info\\\/#\\\/schema\\\/person\\\/5ad3e24553a0567993fa8ed4bd0a776c\",\"name\":\"darka mazi\",\"sameAs\":[\"https:\\\/\\\/darkamazi.info\\\/\"],\"url\":\"https:\\\/\\\/darkamazi.info\\\/archives\\\/author\\\/kurdi\"}]}<\/script>\n<!-- \/ Yoast SEO plugin. -->","seo_head_json":{"title":"PKK ji ceneral b\u00fbna Mezl\u00fbm Koban\u00ee pir aciz \u00fb tore ye - Darka Maz\u00ee","robots":{"index":"index","follow":"follow","max-snippet":"max-snippet:-1","max-image-preview":"max-image-preview:large","max-video-preview":"max-video-preview:-1"},"canonical":"https:\/\/darkamazi.info\/archives\/1009683","og_locale":"en_US","og_type":"article","og_title":"PKK ji ceneral b\u00fbna Mezl\u00fbm Koban\u00ee pir aciz \u00fb tore ye - Darka Maz\u00ee","og_description":"Digel dag\u00eerkirina Rojava Kurdistan\u00ea ji aliy\u00ea dewleta Tirkiy\u00ea ve, gelek encam\u00ean siyas\u00ee y\u00ean n\u00fb derketin, yek ji wan encaman eve ku &#8220;Ceneral Mezl\u00fbm&#8221; weke kesat\u00eeyeke n\u00fb di qada siyaseta Kurd\u00ee de peyda b\u00fb, heya bera du mehan j\u00ee, nav\u00ea &#8220;Mezl\u00fbm&#8221; ten\u00ea li Rojava Kurdistan\u00ea dihat bih\u00eestin \u00fb navudengiya w\u00ee tune b\u00fb, ew bi nav\u00ea &#8220;\u015eah\u00een [&hellip;]","og_url":"https:\/\/darkamazi.info\/archives\/1009683","og_site_name":"Darka Maz\u00ee","article_publisher":"https:\/\/www.facebook.com\/DarMaziKurmanci","article_published_time":"2019-11-07T20:23:38+00:00","article_modified_time":"2021-10-25T13:49:45+00:00","og_image":[{"width":1000,"height":590,"url":"https:\/\/darkamazi.info\/file\/2019\/11\/0001.jpg","type":"image\/jpeg"}],"author":"darka mazi","twitter_card":"summary_large_image","twitter_creator":"@DarkaMaziLatini","twitter_site":"@DarkaMaziLatini","twitter_misc":{"Written by":"darka mazi","Est. reading time":"8 minutes"},"schema":{"@context":"https:\/\/schema.org","@graph":[{"@type":"Article","@id":"https:\/\/darkamazi.info\/archives\/1009683#article","isPartOf":{"@id":"https:\/\/darkamazi.info\/archives\/1009683"},"author":{"name":"darka mazi","@id":"https:\/\/darkamazi.info\/#\/schema\/person\/5ad3e24553a0567993fa8ed4bd0a776c"},"headline":"PKK ji ceneral b\u00fbna Mezl\u00fbm Koban\u00ee pir aciz \u00fb tore ye","datePublished":"2019-11-07T20:23:38+00:00","dateModified":"2021-10-25T13:49:45+00:00","mainEntityOfPage":{"@id":"https:\/\/darkamazi.info\/archives\/1009683"},"wordCount":1614,"publisher":{"@id":"https:\/\/darkamazi.info\/#organization"},"image":{"@id":"https:\/\/darkamazi.info\/archives\/1009683#primaryimage"},"thumbnailUrl":"https:\/\/darkamazi.info\/file\/2019\/11\/0001.jpg","keywords":["Mazl\u00fbm Ebd\u00ee","Mezl\u00fbm Dogan"],"articleSection":["Anal\u00eez"],"inLanguage":"en-US"},{"@type":"WebPage","@id":"https:\/\/darkamazi.info\/archives\/1009683","url":"https:\/\/darkamazi.info\/archives\/1009683","name":"PKK ji ceneral b\u00fbna Mezl\u00fbm Koban\u00ee pir aciz \u00fb tore ye - Darka Maz\u00ee","isPartOf":{"@id":"https:\/\/darkamazi.info\/#website"},"primaryImageOfPage":{"@id":"https:\/\/darkamazi.info\/archives\/1009683#primaryimage"},"image":{"@id":"https:\/\/darkamazi.info\/archives\/1009683#primaryimage"},"thumbnailUrl":"https:\/\/darkamazi.info\/file\/2019\/11\/0001.jpg","datePublished":"2019-11-07T20:23:38+00:00","dateModified":"2021-10-25T13:49:45+00:00","breadcrumb":{"@id":"https:\/\/darkamazi.info\/archives\/1009683#breadcrumb"},"inLanguage":"en-US","potentialAction":[{"@type":"ReadAction","target":["https:\/\/darkamazi.info\/archives\/1009683"]}]},{"@type":"ImageObject","inLanguage":"en-US","@id":"https:\/\/darkamazi.info\/archives\/1009683#primaryimage","url":"https:\/\/darkamazi.info\/file\/2019\/11\/0001.jpg","contentUrl":"https:\/\/darkamazi.info\/file\/2019\/11\/0001.jpg","width":1000,"height":590,"caption":"PKK J\u0130 CENERAL B\u00dbNA MEZL\u00dbM KOBAN\u00ce P\u0130R AC\u0130Z \u00db TOREYE"},{"@type":"BreadcrumbList","@id":"https:\/\/darkamazi.info\/archives\/1009683#breadcrumb","itemListElement":[{"@type":"ListItem","position":1,"name":"Home","item":"https:\/\/darkamazi.info\/"},{"@type":"ListItem","position":2,"name":"PKK ji ceneral b\u00fbna Mezl\u00fbm Koban\u00ee pir aciz \u00fb tore ye"}]},{"@type":"WebSite","@id":"https:\/\/darkamazi.info\/#website","url":"https:\/\/darkamazi.info\/","name":"Darka Maz\u00ee","description":"P\u00eageha Zanyariy\u00ean Nebih\u00eest\u00ee","publisher":{"@id":"https:\/\/darkamazi.info\/#organization"},"potentialAction":[{"@type":"SearchAction","target":{"@type":"EntryPoint","urlTemplate":"https:\/\/darkamazi.info\/?s={search_term_string}"},"query-input":{"@type":"PropertyValueSpecification","valueRequired":true,"valueName":"search_term_string"}}],"inLanguage":"en-US"},{"@type":"Organization","@id":"https:\/\/darkamazi.info\/#organization","name":"Darka Maz\u00ee","url":"https:\/\/darkamazi.info\/","logo":{"@type":"ImageObject","inLanguage":"en-US","@id":"https:\/\/darkamazi.info\/#\/schema\/logo\/image\/","url":"https:\/\/darkamazi.info\/file\/2017\/12\/darka-mazi-logo.png","contentUrl":"https:\/\/darkamazi.info\/file\/2017\/12\/darka-mazi-logo.png","width":151,"height":75,"caption":"Darka Maz\u00ee"},"image":{"@id":"https:\/\/darkamazi.info\/#\/schema\/logo\/image\/"},"sameAs":["https:\/\/www.facebook.com\/DarMaziKurmanci","https:\/\/x.com\/DarkaMaziLatini","https:\/\/www.instagram.com\/darkamazi.kurmanci\/","https:\/\/www.youtube.com\/channel\/UCa5HkTdmI8U1qCUFuTw8B2g"]},{"@type":"Person","@id":"https:\/\/darkamazi.info\/#\/schema\/person\/5ad3e24553a0567993fa8ed4bd0a776c","name":"darka mazi","sameAs":["https:\/\/darkamazi.info\/"],"url":"https:\/\/darkamazi.info\/archives\/author\/kurdi"}]}},"_links":{"self":[{"href":"https:\/\/darkamazi.info\/funavuv\/wp\/v2\/posts\/1009683","targetHints":{"allow":["GET"]}}],"collection":[{"href":"https:\/\/darkamazi.info\/funavuv\/wp\/v2\/posts"}],"about":[{"href":"https:\/\/darkamazi.info\/funavuv\/wp\/v2\/types\/post"}],"author":[{"embeddable":true,"href":"https:\/\/darkamazi.info\/funavuv\/wp\/v2\/users\/2"}],"replies":[{"embeddable":true,"href":"https:\/\/darkamazi.info\/funavuv\/wp\/v2\/comments?post=1009683"}],"version-history":[{"count":0,"href":"https:\/\/darkamazi.info\/funavuv\/wp\/v2\/posts\/1009683\/revisions"}],"wp:featuredmedia":[{"embeddable":true,"href":"https:\/\/darkamazi.info\/funavuv\/wp\/v2\/media\/1009689"}],"wp:attachment":[{"href":"https:\/\/darkamazi.info\/funavuv\/wp\/v2\/media?parent=1009683"}],"wp:term":[{"taxonomy":"category","embeddable":true,"href":"https:\/\/darkamazi.info\/funavuv\/wp\/v2\/categories?post=1009683"},{"taxonomy":"post_tag","embeddable":true,"href":"https:\/\/darkamazi.info\/funavuv\/wp\/v2\/tags?post=1009683"}],"curies":[{"name":"wp","href":"https:\/\/api.w.org\/{rel}","templated":true}]}}