{"id":1009850,"date":"2019-11-12T16:29:42","date_gmt":"2019-11-12T13:29:42","guid":{"rendered":"https:\/\/darkamazi.info\/?p=1009850"},"modified":"2019-11-12T16:29:42","modified_gmt":"2019-11-12T13:29:42","slug":"erdogan-de-bi-tiramp-re-bibejim-hewe-soza-xwe-sikand","status":"publish","type":"post","link":"https:\/\/darkamazi.info\/archives\/1009850","title":{"rendered":"ERDOGAN: D\u00ca B\u0130 T\u0130RAMP RE B\u0130B\u00caJ\u0130M HEWE SOZA XWE \u015e\u0130KAND"},"content":{"rendered":"<h3 style=\"text-align: justify\"><span style=\"font-family: 'arial black', sans-serif\">Serok\u00ea Tirkiy\u00ea \u00eero got: ez\u00ea bi\u00e7im emer\u00eekay\u00ea, li wir w\u00ea bi Tiramp re bib\u00eajim hewe soza xwe li S\u00fbryay\u00ea \u015fikand.<\/span><\/h3>\n<h3 style=\"text-align: justify\">Receb Tey\u00eeb Erdogan \u00eero roja s\u00ea\u015fem\u00ee ji bo emer\u00eekay\u00ea bi r\u00eaket, li balefirxaney\u00ea cv\u00eeneke rojnamevan\u00ee p\u00eakan\u00ee \u00fb wiha axv\u00ee: ez\u00ea li emer\u00eekay\u00ea bi serok Tiramp re bib\u00eajim, hewe soz\u00ean xwe \u00ean li bak\u00fbra S\u00fbryay\u00ea bic\u00ee nekirin \u00fb hewe soz \u015fikand.<\/h3>\n<h3 style=\"text-align: justify\">Erdogan ev\u00ea serdana emer\u00eekay\u00ea bi vexwandina ferm\u00ee a serok Donald Tiramp p\u00eak di\u00eene, n\u00eeqa\u015fa t\u00eakil\u00eey\u00ean Enqer\u00ea \u00fb Wa\u015finton\u00ea, melefa S\u00fbryay\u00ea \u00fb her\u00eama ewlehiy\u00ea w\u00ea bingeha n\u00eeqa\u015f\u00ea be.<\/h3>\n<h3 style=\"text-align: justify\">Serok\u00ea Tirkiy\u00ea dib\u00eaje: li derbara her\u00eama ewlehiy\u00ea, emer\u00eekay\u00ea soza xwe bic\u00ee nekir \u00fb yek\u00eeney\u00ean parastina gel YPG\u2019\u00ea ji h\u00eala s\u00eenor venek\u015fayne.<\/h3>\n<h3 style=\"text-align: justify\">Li aliy\u00ea din got: li derbara her\u00eama ewlehiy\u00ea Tirkiy\u00ea kareke cid\u00ee li gel R\u00fbsya federal \u00fb Emer\u00eekay\u00ea heya niha kiriye, em dixwazin ev kar li qonax\u00ean p\u00ea\u015feroj\u00ea bidome.<\/h3>\n","protected":false},"excerpt":{"rendered":"<p>Serok\u00ea Tirkiy\u00ea \u00eero got: ez\u00ea bi\u00e7im emer\u00eekay\u00ea, li wir w\u00ea bi Tiramp re bib\u00eajim hewe soza xwe li S\u00fbryay\u00ea \u015fikand. Receb Tey\u00eeb Erdogan \u00eero roja s\u00ea\u015fem\u00ee ji bo emer\u00eekay\u00ea bi r\u00eaket, li balefirxaney\u00ea cv\u00eeneke rojnamevan\u00ee p\u00eakan\u00ee \u00fb wiha axv\u00ee: ez\u00ea li emer\u00eekay\u00ea bi serok Tiramp re bib\u00eajim, hewe soz\u00ean xwe \u00ean li bak\u00fbra S\u00fbryay\u00ea bic\u00ee [&hellip;]<\/p>\n","protected":false},"author":2,"featured_media":1009851,"comment_status":"closed","ping_status":"closed","sticky":false,"template":"","format":"standard","meta":{"footnotes":""},"categories":[31],"tags":[],"class_list":["post-1009850","post","type-post","status-publish","format-standard","has-post-thumbnail","hentry","category-rojhelata-navin"],"blocksy_meta":[],"seo_head":"<!-- This site is optimized with the Yoast SEO plugin v27.5 - https:\/\/yoast.com\/product\/yoast-seo-wordpress\/ -->\n<title>ERDOGAN: D\u00ca B\u0130 T\u0130RAMP RE B\u0130B\u00caJ\u0130M HEWE SOZA XWE \u015e\u0130KAND - Darka Maz\u00ee<\/title>\n<meta name=\"robots\" content=\"index, follow, max-snippet:-1, max-image-preview:large, max-video-preview:-1\" \/>\n<link rel=\"canonical\" href=\"https:\/\/darkamazi.info\/archives\/1009850\" \/>\n<meta property=\"og:locale\" content=\"en_US\" \/>\n<meta property=\"og:type\" content=\"article\" \/>\n<meta property=\"og:title\" content=\"ERDOGAN: D\u00ca B\u0130 T\u0130RAMP RE B\u0130B\u00caJ\u0130M HEWE SOZA XWE \u015e\u0130KAND - Darka Maz\u00ee\" \/>\n<meta property=\"og:description\" content=\"Serok\u00ea Tirkiy\u00ea \u00eero got: ez\u00ea bi\u00e7im emer\u00eekay\u00ea, li wir w\u00ea bi Tiramp re bib\u00eajim hewe soza xwe li S\u00fbryay\u00ea \u015fikand. Receb Tey\u00eeb Erdogan \u00eero roja s\u00ea\u015fem\u00ee ji bo emer\u00eekay\u00ea bi r\u00eaket, li balefirxaney\u00ea cv\u00eeneke rojnamevan\u00ee p\u00eakan\u00ee \u00fb wiha axv\u00ee: ez\u00ea li emer\u00eekay\u00ea bi serok Tiramp re bib\u00eajim, hewe soz\u00ean xwe \u00ean li bak\u00fbra S\u00fbryay\u00ea bic\u00ee [&hellip;]\" \/>\n<meta property=\"og:url\" content=\"https:\/\/darkamazi.info\/archives\/1009850\" \/>\n<meta property=\"og:site_name\" content=\"Darka Maz\u00ee\" \/>\n<meta property=\"article:publisher\" content=\"https:\/\/www.facebook.com\/DarMaziKurmanci\" \/>\n<meta property=\"article:published_time\" content=\"2019-11-12T13:29:42+00:00\" \/>\n<meta property=\"og:image\" content=\"https:\/\/darkamazi.info\/file\/2019\/11\/ardogan.jpg\" \/>\n\t<meta property=\"og:image:width\" content=\"1262\" \/>\n\t<meta property=\"og:image:height\" content=\"914\" \/>\n\t<meta property=\"og:image:type\" content=\"image\/jpeg\" \/>\n<meta name=\"author\" content=\"darka mazi\" \/>\n<meta name=\"twitter:card\" content=\"summary_large_image\" \/>\n<meta name=\"twitter:creator\" content=\"@DarkaMaziLatini\" \/>\n<meta name=\"twitter:site\" content=\"@DarkaMaziLatini\" \/>\n<meta name=\"twitter:label1\" content=\"Written by\" \/>\n\t<meta name=\"twitter:data1\" content=\"darka mazi\" \/>\n\t<meta name=\"twitter:label2\" content=\"Est. reading time\" \/>\n\t<meta name=\"twitter:data2\" content=\"1 minute\" \/>\n<script type=\"application\/ld+json\" class=\"seo-schema-graph\">{\"@context\":\"https:\\\/\\\/schema.org\",\"@graph\":[{\"@type\":\"Article\",\"@id\":\"https:\\\/\\\/darkamazi.info\\\/archives\\\/1009850#article\",\"isPartOf\":{\"@id\":\"https:\\\/\\\/darkamazi.info\\\/archives\\\/1009850\"},\"author\":{\"name\":\"darka mazi\",\"@id\":\"https:\\\/\\\/darkamazi.info\\\/#\\\/schema\\\/person\\\/5ad3e24553a0567993fa8ed4bd0a776c\"},\"headline\":\"ERDOGAN: D\u00ca B\u0130 T\u0130RAMP RE B\u0130B\u00caJ\u0130M HEWE SOZA XWE \u015e\u0130KAND\",\"datePublished\":\"2019-11-12T13:29:42+00:00\",\"mainEntityOfPage\":{\"@id\":\"https:\\\/\\\/darkamazi.info\\\/archives\\\/1009850\"},\"wordCount\":184,\"publisher\":{\"@id\":\"https:\\\/\\\/darkamazi.info\\\/#organization\"},\"image\":{\"@id\":\"https:\\\/\\\/darkamazi.info\\\/archives\\\/1009850#primaryimage\"},\"thumbnailUrl\":\"https:\\\/\\\/darkamazi.info\\\/darka-content\\\/uploads\\\/2019\\\/11\\\/ardogan.jpg\",\"articleSection\":[\"Rojhelata nav\u00een\"],\"inLanguage\":\"en-US\"},{\"@type\":\"WebPage\",\"@id\":\"https:\\\/\\\/darkamazi.info\\\/archives\\\/1009850\",\"url\":\"https:\\\/\\\/darkamazi.info\\\/archives\\\/1009850\",\"name\":\"ERDOGAN: D\u00ca B\u0130 T\u0130RAMP RE B\u0130B\u00caJ\u0130M HEWE SOZA XWE \u015e\u0130KAND - Darka Maz\u00ee\",\"isPartOf\":{\"@id\":\"https:\\\/\\\/darkamazi.info\\\/#website\"},\"primaryImageOfPage\":{\"@id\":\"https:\\\/\\\/darkamazi.info\\\/archives\\\/1009850#primaryimage\"},\"image\":{\"@id\":\"https:\\\/\\\/darkamazi.info\\\/archives\\\/1009850#primaryimage\"},\"thumbnailUrl\":\"https:\\\/\\\/darkamazi.info\\\/darka-content\\\/uploads\\\/2019\\\/11\\\/ardogan.jpg\",\"datePublished\":\"2019-11-12T13:29:42+00:00\",\"breadcrumb\":{\"@id\":\"https:\\\/\\\/darkamazi.info\\\/archives\\\/1009850#breadcrumb\"},\"inLanguage\":\"en-US\",\"potentialAction\":[{\"@type\":\"ReadAction\",\"target\":[\"https:\\\/\\\/darkamazi.info\\\/archives\\\/1009850\"]}]},{\"@type\":\"ImageObject\",\"inLanguage\":\"en-US\",\"@id\":\"https:\\\/\\\/darkamazi.info\\\/archives\\\/1009850#primaryimage\",\"url\":\"https:\\\/\\\/darkamazi.info\\\/darka-content\\\/uploads\\\/2019\\\/11\\\/ardogan.jpg\",\"contentUrl\":\"https:\\\/\\\/darkamazi.info\\\/darka-content\\\/uploads\\\/2019\\\/11\\\/ardogan.jpg\",\"width\":1262,\"height\":914,\"caption\":\"ERDOGAN: D\u00ca B\u0130 T\u0130RAMP RE B\u0130B\u00caJ\u0130M HEWE SOZA XWE \u015e\u0130KAND\"},{\"@type\":\"BreadcrumbList\",\"@id\":\"https:\\\/\\\/darkamazi.info\\\/archives\\\/1009850#breadcrumb\",\"itemListElement\":[{\"@type\":\"ListItem\",\"position\":1,\"name\":\"Home\",\"item\":\"https:\\\/\\\/darkamazi.info\\\/\"},{\"@type\":\"ListItem\",\"position\":2,\"name\":\"ERDOGAN: D\u00ca B\u0130 T\u0130RAMP RE B\u0130B\u00caJ\u0130M HEWE SOZA XWE \u015e\u0130KAND\"}]},{\"@type\":\"WebSite\",\"@id\":\"https:\\\/\\\/darkamazi.info\\\/#website\",\"url\":\"https:\\\/\\\/darkamazi.info\\\/\",\"name\":\"Darka Maz\u00ee\",\"description\":\"P\u00eageha Zanyariy\u00ean Nebih\u00eest\u00ee\",\"publisher\":{\"@id\":\"https:\\\/\\\/darkamazi.info\\\/#organization\"},\"potentialAction\":[{\"@type\":\"SearchAction\",\"target\":{\"@type\":\"EntryPoint\",\"urlTemplate\":\"https:\\\/\\\/darkamazi.info\\\/?s={search_term_string}\"},\"query-input\":{\"@type\":\"PropertyValueSpecification\",\"valueRequired\":true,\"valueName\":\"search_term_string\"}}],\"inLanguage\":\"en-US\"},{\"@type\":\"Organization\",\"@id\":\"https:\\\/\\\/darkamazi.info\\\/#organization\",\"name\":\"Darka Maz\u00ee\",\"url\":\"https:\\\/\\\/darkamazi.info\\\/\",\"logo\":{\"@type\":\"ImageObject\",\"inLanguage\":\"en-US\",\"@id\":\"https:\\\/\\\/darkamazi.info\\\/#\\\/schema\\\/logo\\\/image\\\/\",\"url\":\"https:\\\/\\\/darkamazi.info\\\/darka-content\\\/uploads\\\/2017\\\/12\\\/darka-mazi-logo.png\",\"contentUrl\":\"https:\\\/\\\/darkamazi.info\\\/darka-content\\\/uploads\\\/2017\\\/12\\\/darka-mazi-logo.png\",\"width\":151,\"height\":75,\"caption\":\"Darka Maz\u00ee\"},\"image\":{\"@id\":\"https:\\\/\\\/darkamazi.info\\\/#\\\/schema\\\/logo\\\/image\\\/\"},\"sameAs\":[\"https:\\\/\\\/www.facebook.com\\\/DarMaziKurmanci\",\"https:\\\/\\\/x.com\\\/DarkaMaziLatini\",\"https:\\\/\\\/www.instagram.com\\\/darkamazi.kurmanci\\\/\",\"https:\\\/\\\/www.youtube.com\\\/channel\\\/UCa5HkTdmI8U1qCUFuTw8B2g\"]},{\"@type\":\"Person\",\"@id\":\"https:\\\/\\\/darkamazi.info\\\/#\\\/schema\\\/person\\\/5ad3e24553a0567993fa8ed4bd0a776c\",\"name\":\"darka mazi\",\"sameAs\":[\"https:\\\/\\\/darkamazi.info\\\/\"],\"url\":\"https:\\\/\\\/darkamazi.info\\\/archives\\\/author\\\/kurdi\"}]}<\/script>\n<!-- \/ Yoast SEO plugin. -->","seo_head_json":{"title":"ERDOGAN: D\u00ca B\u0130 T\u0130RAMP RE B\u0130B\u00caJ\u0130M HEWE SOZA XWE \u015e\u0130KAND - Darka Maz\u00ee","robots":{"index":"index","follow":"follow","max-snippet":"max-snippet:-1","max-image-preview":"max-image-preview:large","max-video-preview":"max-video-preview:-1"},"canonical":"https:\/\/darkamazi.info\/archives\/1009850","og_locale":"en_US","og_type":"article","og_title":"ERDOGAN: D\u00ca B\u0130 T\u0130RAMP RE B\u0130B\u00caJ\u0130M HEWE SOZA XWE \u015e\u0130KAND - Darka Maz\u00ee","og_description":"Serok\u00ea Tirkiy\u00ea \u00eero got: ez\u00ea bi\u00e7im emer\u00eekay\u00ea, li wir w\u00ea bi Tiramp re bib\u00eajim hewe soza xwe li S\u00fbryay\u00ea \u015fikand. Receb Tey\u00eeb Erdogan \u00eero roja s\u00ea\u015fem\u00ee ji bo emer\u00eekay\u00ea bi r\u00eaket, li balefirxaney\u00ea cv\u00eeneke rojnamevan\u00ee p\u00eakan\u00ee \u00fb wiha axv\u00ee: ez\u00ea li emer\u00eekay\u00ea bi serok Tiramp re bib\u00eajim, hewe soz\u00ean xwe \u00ean li bak\u00fbra S\u00fbryay\u00ea bic\u00ee [&hellip;]","og_url":"https:\/\/darkamazi.info\/archives\/1009850","og_site_name":"Darka Maz\u00ee","article_publisher":"https:\/\/www.facebook.com\/DarMaziKurmanci","article_published_time":"2019-11-12T13:29:42+00:00","og_image":[{"width":1262,"height":914,"url":"https:\/\/darkamazi.info\/file\/2019\/11\/ardogan.jpg","type":"image\/jpeg"}],"author":"darka mazi","twitter_card":"summary_large_image","twitter_creator":"@DarkaMaziLatini","twitter_site":"@DarkaMaziLatini","twitter_misc":{"Written by":"darka mazi","Est. reading time":"1 minute"},"schema":{"@context":"https:\/\/schema.org","@graph":[{"@type":"Article","@id":"https:\/\/darkamazi.info\/archives\/1009850#article","isPartOf":{"@id":"https:\/\/darkamazi.info\/archives\/1009850"},"author":{"name":"darka mazi","@id":"https:\/\/darkamazi.info\/#\/schema\/person\/5ad3e24553a0567993fa8ed4bd0a776c"},"headline":"ERDOGAN: D\u00ca B\u0130 T\u0130RAMP RE B\u0130B\u00caJ\u0130M HEWE SOZA XWE \u015e\u0130KAND","datePublished":"2019-11-12T13:29:42+00:00","mainEntityOfPage":{"@id":"https:\/\/darkamazi.info\/archives\/1009850"},"wordCount":184,"publisher":{"@id":"https:\/\/darkamazi.info\/#organization"},"image":{"@id":"https:\/\/darkamazi.info\/archives\/1009850#primaryimage"},"thumbnailUrl":"https:\/\/darkamazi.info\/file\/2019\/11\/ardogan.jpg","articleSection":["Rojhelata nav\u00een"],"inLanguage":"en-US"},{"@type":"WebPage","@id":"https:\/\/darkamazi.info\/archives\/1009850","url":"https:\/\/darkamazi.info\/archives\/1009850","name":"ERDOGAN: D\u00ca B\u0130 T\u0130RAMP RE B\u0130B\u00caJ\u0130M HEWE SOZA XWE \u015e\u0130KAND - Darka Maz\u00ee","isPartOf":{"@id":"https:\/\/darkamazi.info\/#website"},"primaryImageOfPage":{"@id":"https:\/\/darkamazi.info\/archives\/1009850#primaryimage"},"image":{"@id":"https:\/\/darkamazi.info\/archives\/1009850#primaryimage"},"thumbnailUrl":"https:\/\/darkamazi.info\/file\/2019\/11\/ardogan.jpg","datePublished":"2019-11-12T13:29:42+00:00","breadcrumb":{"@id":"https:\/\/darkamazi.info\/archives\/1009850#breadcrumb"},"inLanguage":"en-US","potentialAction":[{"@type":"ReadAction","target":["https:\/\/darkamazi.info\/archives\/1009850"]}]},{"@type":"ImageObject","inLanguage":"en-US","@id":"https:\/\/darkamazi.info\/archives\/1009850#primaryimage","url":"https:\/\/darkamazi.info\/file\/2019\/11\/ardogan.jpg","contentUrl":"https:\/\/darkamazi.info\/file\/2019\/11\/ardogan.jpg","width":1262,"height":914,"caption":"ERDOGAN: D\u00ca B\u0130 T\u0130RAMP RE B\u0130B\u00caJ\u0130M HEWE SOZA XWE \u015e\u0130KAND"},{"@type":"BreadcrumbList","@id":"https:\/\/darkamazi.info\/archives\/1009850#breadcrumb","itemListElement":[{"@type":"ListItem","position":1,"name":"Home","item":"https:\/\/darkamazi.info\/"},{"@type":"ListItem","position":2,"name":"ERDOGAN: D\u00ca B\u0130 T\u0130RAMP RE B\u0130B\u00caJ\u0130M HEWE SOZA XWE \u015e\u0130KAND"}]},{"@type":"WebSite","@id":"https:\/\/darkamazi.info\/#website","url":"https:\/\/darkamazi.info\/","name":"Darka Maz\u00ee","description":"P\u00eageha Zanyariy\u00ean Nebih\u00eest\u00ee","publisher":{"@id":"https:\/\/darkamazi.info\/#organization"},"potentialAction":[{"@type":"SearchAction","target":{"@type":"EntryPoint","urlTemplate":"https:\/\/darkamazi.info\/?s={search_term_string}"},"query-input":{"@type":"PropertyValueSpecification","valueRequired":true,"valueName":"search_term_string"}}],"inLanguage":"en-US"},{"@type":"Organization","@id":"https:\/\/darkamazi.info\/#organization","name":"Darka Maz\u00ee","url":"https:\/\/darkamazi.info\/","logo":{"@type":"ImageObject","inLanguage":"en-US","@id":"https:\/\/darkamazi.info\/#\/schema\/logo\/image\/","url":"https:\/\/darkamazi.info\/file\/2017\/12\/darka-mazi-logo.png","contentUrl":"https:\/\/darkamazi.info\/file\/2017\/12\/darka-mazi-logo.png","width":151,"height":75,"caption":"Darka Maz\u00ee"},"image":{"@id":"https:\/\/darkamazi.info\/#\/schema\/logo\/image\/"},"sameAs":["https:\/\/www.facebook.com\/DarMaziKurmanci","https:\/\/x.com\/DarkaMaziLatini","https:\/\/www.instagram.com\/darkamazi.kurmanci\/","https:\/\/www.youtube.com\/channel\/UCa5HkTdmI8U1qCUFuTw8B2g"]},{"@type":"Person","@id":"https:\/\/darkamazi.info\/#\/schema\/person\/5ad3e24553a0567993fa8ed4bd0a776c","name":"darka mazi","sameAs":["https:\/\/darkamazi.info\/"],"url":"https:\/\/darkamazi.info\/archives\/author\/kurdi"}]}},"_links":{"self":[{"href":"https:\/\/darkamazi.info\/funavuv\/wp\/v2\/posts\/1009850","targetHints":{"allow":["GET"]}}],"collection":[{"href":"https:\/\/darkamazi.info\/funavuv\/wp\/v2\/posts"}],"about":[{"href":"https:\/\/darkamazi.info\/funavuv\/wp\/v2\/types\/post"}],"author":[{"embeddable":true,"href":"https:\/\/darkamazi.info\/funavuv\/wp\/v2\/users\/2"}],"replies":[{"embeddable":true,"href":"https:\/\/darkamazi.info\/funavuv\/wp\/v2\/comments?post=1009850"}],"version-history":[{"count":0,"href":"https:\/\/darkamazi.info\/funavuv\/wp\/v2\/posts\/1009850\/revisions"}],"wp:featuredmedia":[{"embeddable":true,"href":"https:\/\/darkamazi.info\/funavuv\/wp\/v2\/media\/1009851"}],"wp:attachment":[{"href":"https:\/\/darkamazi.info\/funavuv\/wp\/v2\/media?parent=1009850"}],"wp:term":[{"taxonomy":"category","embeddable":true,"href":"https:\/\/darkamazi.info\/funavuv\/wp\/v2\/categories?post=1009850"},{"taxonomy":"post_tag","embeddable":true,"href":"https:\/\/darkamazi.info\/funavuv\/wp\/v2\/tags?post=1009850"}],"curies":[{"name":"wp","href":"https:\/\/api.w.org\/{rel}","templated":true}]}}