{"id":1009853,"date":"2019-11-12T17:04:57","date_gmt":"2019-11-12T14:04:57","guid":{"rendered":"https:\/\/darkamazi.info\/?p=1009853"},"modified":"2019-11-13T16:14:03","modified_gmt":"2019-11-13T13:14:03","slug":"necirvan-barzani-eme-hezeke-nistimani-ava-bikin","status":"publish","type":"post","link":"https:\/\/darkamazi.info\/archives\/1009853","title":{"rendered":"N\u00ca\u00c7\u00ceRVAN BARZAN\u00ce: &#8220;EM\u00ca H\u00caZEKE N\u0130\u015eT\u00ceMAN\u00ce AVA B\u0130K\u00ceN&#8221;"},"content":{"rendered":"<div class=\"wpb-content-wrapper\"><p>[darkamazi_row][darkamazi_column][darkamazi_column_text]<\/p>\n<h3 style=\"text-align: justify;\"><span style=\"font-family: 'arial black', sans-serif;\">&#8220;Kurdistan \u015fanaziy\u00ea bi p\u00ea\u015fmergehan dike \u00fb nabe p\u00ea\u015fmerge bi xwe j\u00ee qeb\u00fbl bke ku h\u00eazeke hizb\u00ee be&#8221;<\/span><\/h3>\n<h3 style=\"text-align: justify;\">Serok\u00ea Her\u00eama Ba\u015f\u00fbr\u00ea Kurdistan\u00ea \u00eero be\u015fdar\u00ee meras\u00eema der\u00e7\u00fbna h\u00eazke p\u00ea\u015fmergey\u00ean Kurdistan\u00ea ji zan\u00eengeha le\u015fkir\u00ee kir \u00fb di meras\u00eem\u00ea de wiha axv\u00ee: &#8220;p\u00eaw\u00eeste em art\u00ea\u015feke ni\u015ft\u00eeman\u00ee ava bik\u00een&#8221;.<\/h3>\n<h3 style=\"text-align: justify;\">Zan\u00eengeha le\u015fkir\u00ee a Zaxo \u00eero roja s\u00ea\u015fem\u00ee 12\/11\/2019an meras\u00eemeke mezn ji boy der\u00e7\u00fbna qonaxa 26an a xwendkar\u00ean xwe r\u00eaxsit \u00fb N\u00ea\u00e7\u00eervan Barzan\u00ee serok\u00ea her\u00eama Ba\u015f\u00fbr\u00ea Kurdistan\u00ea li meras\u00eem\u00ea amade b\u00fb, peyvek p\u00ea\u015fk\u00ea\u015f kir \u00fb t\u00eade gut: &#8220;Her\u00eama Kurdistan\u00ea p\u00eaw\u00eest\u00ee bi h\u00eazeke le\u015fkir\u00ee ya ni\u015ft\u00eeman\u00ee heye \u00fb nabe p\u00ea\u015fmerge bi xwe qeb\u00fbl bke ku hizb\u00ee be&#8221;.<\/h3>\n<h3 style=\"text-align: justify;\">Li derbara p\u00eagehandina zan\u00eengeha Zaxo a le\u015fkir\u00ee ji bo p\u00ea\u015fmergehan, N\u00ea\u00e7\u00eervan Barzan\u00ee tekez kir ku gera p\u00eagehandin\u00ea p\u00eaw\u00eest\u00eeyeke gir\u00eenge ji bo Efseran \u00fb ge\u015fep\u00eadana \u015fiyan\u00ean mirov\u00ee bingeha p\u00ea\u015fketina civak\u00ea ye.<\/h3>\n<h3 style=\"text-align: justify;\">Her wiha ragihand, her\u00eama Kurdistan\u00ea p\u00eaw\u00eest\u00ee bi h\u00eazeke le\u015fkir\u00ee ya ni\u015ft\u00eeman\u00ee heye ku nabe bo armanc\u00ean hizb\u00ee were bikar an\u00een.<\/h3>\n<h3 style=\"text-align: justify;\">N\u00ea\u00e7\u00eervan Barzan\u00ee got: &#8220;p\u00ea\u015fmerge li c\u00eehan\u00ea bi sembola \u00eeradey\u00ea t\u00ea nas kirin \u00fb her\u00eama Kurdistan\u00ea \u015fanaziy\u00ea bi p\u00ea\u015fmergehan dike \u00fb nabe p\u00ea\u015fmerge bi xwe j\u00ee qeb\u00fbl bke ku h\u00eazeke hizb\u00ee be&#8221;.<\/h3>\n<h3 style=\"text-align: justify;\">Serok\u00ea her\u00eama ba\u015f\u00fbr dest n\u00ee\u015fan kir, zanista le\u015fkir\u00ee weke her zanisteke din xwed\u00ee pa\u015fxan \u00fb bingeh\u00ean zansit\u00ee y\u00ean taybet bi xwe hene \u00fb mil bi mil li gel p\u00ea\u015fketin\u00ean teknolojiya \u00fb alav\u00ean ceng\u00ee bi berdewam\u00ee di p\u00ea\u015fketin\u00ea deye.<\/h3>\n<h3 style=\"text-align: justify;\">Serok\u00ea her\u00eama Kurdistan\u00ea dib\u00eaje: &#8220;berdewam\u00eedan bi p\u00eagehandina Efseran giring\u00eeyeke hetm\u00eeye ji bo Her\u00eama Kurdistan\u00ea \u00fb perwerde kirina wan li ser bingeha ni\u015ftimanperwer, mirovdost\u00ee \u00fb hest kirin bi berpirsyariy\u00ea, cengawer\u00ean xwed\u00ee bawer \u00fb berevan\u00ean xwed\u00ee \u00eerade di maf \u00fb bihay\u00ean n\u00ee\u015ft\u00eeman\u00ee \u00fb mirovaniy\u00ea berhem di\u00eene&#8221;.<\/h3>\n<h3 style=\"text-align: justify;\">N\u00ea\u00e7\u00eervan Barzan\u00ee got: &#8220;p\u00ea\u015fmerge \u00fb tevah\u00ee a h\u00eaz\u00ean \u00e7ekdar\u00ean her\u00eama Kurdistan\u00ea, h\u00eaz\u00ean moral berz, a\u015fit\u00eexwaz \u00fb jiyan dostin, p\u00ea\u015fmerge li ser asta c\u00eehan\u00ea bi sembola \u00eerade \u00fb berevaniy\u00ea li \u015faristaniyet\u00ea \u00fb mirovatiy\u00ea hatine naskirin \u00fb xwed\u00ee pa\u015fxaneke mezine ji hizir \u00fb baweriya bihay\u00ean mirovatiy\u00ea ne&#8221;.<\/h3>\n<p>[\/darkamazi_column_text][\/darkamazi_column][\/darkamazi_row][darkamazi_row][darkamazi_column][\/darkamazi_column][\/darkamazi_row][darkamazi_row][darkamazi_column][mpc_carousel_image preset=&#8221;mpc_preset_8&#8243; loop=&#8221;true&#8221; auto_slide=&#8221;true&#8221; delay=&#8221;1600&#8243; speed=&#8221;650&#8243; images=&#8221;1009855,1009856,1009857,1009858,1009859,1009854&#8243; rows=&#8221;1&#8243; cols=&#8221;1&#8243; gap=&#8221;5&#8243; start_at=&#8221;1&#8243; image_size=&#8221;large&#8221; image_opacity=&#8221;100&#8243; image_border_css=&#8221;border-width:15px;border-color:#f3f3f3;border-style:solid;&#8221; image_hover_opacity=&#8221;100&#8243; image_hover_border_css=&#8221;border-color:#ffffff;&#8221; overlay_icon_align=&#8221;top-right&#8221; overlay_enable_lightbox=&#8221;true&#8221; overlay_icon=&#8221;eti eti_arrow_expand&#8221; overlay_icon_color=&#8221;#ffffff&#8221; overlay_icon_size=&#8221;20&#8243; overlay_icon_background=&#8221;#df5461&#8243; overlay_icon_border_css=&#8221;border-color:#dd0016;&#8221; overlay_icon_margin_divider=&#8221;true&#8221; overlay_icon_margin_css=&#8221;margin-top:30px;margin-right:30px;&#8221; overlay_icon_padding_divider=&#8221;true&#8221; overlay_icon_padding_css=&#8221;padding-top:15px;padding-right:20px;padding-bottom:15px;padding-left:20px;&#8221; overlay_hover_color=&#8221;#fcfcfc&#8221; overlay_hover_icon_background=&#8221;#dd0016&#8243; mpc_navigation__preset=&#8221;mpc_preset_39&#8243; mpc_navigation__prev_margin_divider=&#8221;true&#8221; mpc_navigation__next_margin_divider=&#8221;true&#8221; mpc_navigation__padding_divider=&#8221;true&#8221;][\/darkamazi_column][\/darkamazi_row]<\/p>\n<\/div>","protected":false},"excerpt":{"rendered":"<p>[darkamazi_row][darkamazi_column][darkamazi_column_text] &#8220;Kurdistan \u015fanaziy\u00ea bi p\u00ea\u015fmergehan dike \u00fb nabe p\u00ea\u015fmerge bi xwe j\u00ee qeb\u00fbl bke ku h\u00eazeke hizb\u00ee be&#8221; Serok\u00ea Her\u00eama Ba\u015f\u00fbr\u00ea Kurdistan\u00ea \u00eero be\u015fdar\u00ee meras\u00eema der\u00e7\u00fbna h\u00eazke p\u00ea\u015fmergey\u00ean Kurdistan\u00ea ji zan\u00eengeha le\u015fkir\u00ee kir \u00fb di meras\u00eem\u00ea de wiha axv\u00ee: &#8220;p\u00eaw\u00eeste em art\u00ea\u015feke ni\u015ft\u00eeman\u00ee ava bik\u00een&#8221;. Zan\u00eengeha le\u015fkir\u00ee a Zaxo \u00eero roja s\u00ea\u015fem\u00ee 12\/11\/2019an meras\u00eemeke mezn [&hellip;]<\/p>\n","protected":false},"author":2,"featured_media":1009854,"comment_status":"closed","ping_status":"closed","sticky":false,"template":"","format":"standard","meta":{"footnotes":""},"categories":[29],"tags":[37],"class_list":["post-1009853","post","type-post","status-publish","format-standard","has-post-thumbnail","hentry","category-kurdistan","tag-sereke"],"blocksy_meta":[],"seo_head":"<!-- This site is optimized with the Yoast SEO plugin v27.5 - https:\/\/yoast.com\/product\/yoast-seo-wordpress\/ -->\n<title>N\u00ca\u00c7\u00ceRVAN BARZAN\u00ce: &quot;EM\u00ca H\u00caZEKE N\u0130\u015eT\u00ceMAN\u00ce AVA B\u0130K\u00ceN&quot; - Darka Maz\u00ee<\/title>\n<meta name=\"robots\" content=\"index, follow, max-snippet:-1, max-image-preview:large, max-video-preview:-1\" \/>\n<link rel=\"canonical\" href=\"https:\/\/darkamazi.info\/archives\/1009853\" \/>\n<meta property=\"og:locale\" content=\"en_US\" \/>\n<meta property=\"og:type\" content=\"article\" \/>\n<meta property=\"og:title\" content=\"N\u00ca\u00c7\u00ceRVAN BARZAN\u00ce: &quot;EM\u00ca H\u00caZEKE N\u0130\u015eT\u00ceMAN\u00ce AVA B\u0130K\u00ceN&quot; - Darka Maz\u00ee\" \/>\n<meta property=\"og:description\" content=\"[darkamazi_row][darkamazi_column][darkamazi_column_text] &#8220;Kurdistan \u015fanaziy\u00ea bi p\u00ea\u015fmergehan dike \u00fb nabe p\u00ea\u015fmerge bi xwe j\u00ee qeb\u00fbl bke ku h\u00eazeke hizb\u00ee be&#8221; Serok\u00ea Her\u00eama Ba\u015f\u00fbr\u00ea Kurdistan\u00ea \u00eero be\u015fdar\u00ee meras\u00eema der\u00e7\u00fbna h\u00eazke p\u00ea\u015fmergey\u00ean Kurdistan\u00ea ji zan\u00eengeha le\u015fkir\u00ee kir \u00fb di meras\u00eem\u00ea de wiha axv\u00ee: &#8220;p\u00eaw\u00eeste em art\u00ea\u015feke ni\u015ft\u00eeman\u00ee ava bik\u00een&#8221;. Zan\u00eengeha le\u015fkir\u00ee a Zaxo \u00eero roja s\u00ea\u015fem\u00ee 12\/11\/2019an meras\u00eemeke mezn [&hellip;]\" \/>\n<meta property=\"og:url\" content=\"https:\/\/darkamazi.info\/archives\/1009853\" \/>\n<meta property=\"og:site_name\" content=\"Darka Maz\u00ee\" \/>\n<meta property=\"article:publisher\" content=\"https:\/\/www.facebook.com\/DarMaziKurmanci\" \/>\n<meta property=\"article:published_time\" content=\"2019-11-12T14:04:57+00:00\" \/>\n<meta property=\"article:modified_time\" content=\"2019-11-13T13:14:03+00:00\" \/>\n<meta property=\"og:image\" content=\"https:\/\/darkamazi.info\/file\/2019\/11\/nechirvanbarzani.jpg\" \/>\n\t<meta property=\"og:image:width\" content=\"1024\" \/>\n\t<meta property=\"og:image:height\" content=\"723\" \/>\n\t<meta property=\"og:image:type\" content=\"image\/jpeg\" \/>\n<meta name=\"author\" content=\"darka mazi\" \/>\n<meta name=\"twitter:card\" content=\"summary_large_image\" \/>\n<meta name=\"twitter:creator\" content=\"@DarkaMaziLatini\" \/>\n<meta name=\"twitter:site\" content=\"@DarkaMaziLatini\" \/>\n<meta name=\"twitter:label1\" content=\"Written by\" \/>\n\t<meta name=\"twitter:data1\" content=\"darka mazi\" \/>\n\t<meta name=\"twitter:label2\" content=\"Est. reading time\" \/>\n\t<meta name=\"twitter:data2\" content=\"3 minutes\" \/>\n<script type=\"application\/ld+json\" class=\"seo-schema-graph\">{\"@context\":\"https:\\\/\\\/schema.org\",\"@graph\":[{\"@type\":\"Article\",\"@id\":\"https:\\\/\\\/darkamazi.info\\\/archives\\\/1009853#article\",\"isPartOf\":{\"@id\":\"https:\\\/\\\/darkamazi.info\\\/archives\\\/1009853\"},\"author\":{\"name\":\"darka mazi\",\"@id\":\"https:\\\/\\\/darkamazi.info\\\/#\\\/schema\\\/person\\\/5ad3e24553a0567993fa8ed4bd0a776c\"},\"headline\":\"N\u00ca\u00c7\u00ceRVAN BARZAN\u00ce: &#8220;EM\u00ca H\u00caZEKE N\u0130\u015eT\u00ceMAN\u00ce AVA B\u0130K\u00ceN&#8221;\",\"datePublished\":\"2019-11-12T14:04:57+00:00\",\"dateModified\":\"2019-11-13T13:14:03+00:00\",\"mainEntityOfPage\":{\"@id\":\"https:\\\/\\\/darkamazi.info\\\/archives\\\/1009853\"},\"wordCount\":577,\"publisher\":{\"@id\":\"https:\\\/\\\/darkamazi.info\\\/#organization\"},\"image\":{\"@id\":\"https:\\\/\\\/darkamazi.info\\\/archives\\\/1009853#primaryimage\"},\"thumbnailUrl\":\"https:\\\/\\\/darkamazi.info\\\/darka-content\\\/uploads\\\/2019\\\/11\\\/nechirvanbarzani.jpg\",\"keywords\":[\"sereke\"],\"articleSection\":[\"Kurdistan\"],\"inLanguage\":\"en-US\"},{\"@type\":\"WebPage\",\"@id\":\"https:\\\/\\\/darkamazi.info\\\/archives\\\/1009853\",\"url\":\"https:\\\/\\\/darkamazi.info\\\/archives\\\/1009853\",\"name\":\"N\u00ca\u00c7\u00ceRVAN BARZAN\u00ce: \\\"EM\u00ca H\u00caZEKE N\u0130\u015eT\u00ceMAN\u00ce AVA B\u0130K\u00ceN\\\" - Darka Maz\u00ee\",\"isPartOf\":{\"@id\":\"https:\\\/\\\/darkamazi.info\\\/#website\"},\"primaryImageOfPage\":{\"@id\":\"https:\\\/\\\/darkamazi.info\\\/archives\\\/1009853#primaryimage\"},\"image\":{\"@id\":\"https:\\\/\\\/darkamazi.info\\\/archives\\\/1009853#primaryimage\"},\"thumbnailUrl\":\"https:\\\/\\\/darkamazi.info\\\/darka-content\\\/uploads\\\/2019\\\/11\\\/nechirvanbarzani.jpg\",\"datePublished\":\"2019-11-12T14:04:57+00:00\",\"dateModified\":\"2019-11-13T13:14:03+00:00\",\"breadcrumb\":{\"@id\":\"https:\\\/\\\/darkamazi.info\\\/archives\\\/1009853#breadcrumb\"},\"inLanguage\":\"en-US\",\"potentialAction\":[{\"@type\":\"ReadAction\",\"target\":[\"https:\\\/\\\/darkamazi.info\\\/archives\\\/1009853\"]}]},{\"@type\":\"ImageObject\",\"inLanguage\":\"en-US\",\"@id\":\"https:\\\/\\\/darkamazi.info\\\/archives\\\/1009853#primaryimage\",\"url\":\"https:\\\/\\\/darkamazi.info\\\/darka-content\\\/uploads\\\/2019\\\/11\\\/nechirvanbarzani.jpg\",\"contentUrl\":\"https:\\\/\\\/darkamazi.info\\\/darka-content\\\/uploads\\\/2019\\\/11\\\/nechirvanbarzani.jpg\",\"width\":1024,\"height\":723,\"caption\":\"N\u00ca\u00c7\u00ceRVAN BARZAN\u00ce: \\\"EM\u00ca H\u00caZEKE N\u0130\u015eT\u00ceMAN\u00ce AVA B\u0130K\u00ceN\\\"\"},{\"@type\":\"BreadcrumbList\",\"@id\":\"https:\\\/\\\/darkamazi.info\\\/archives\\\/1009853#breadcrumb\",\"itemListElement\":[{\"@type\":\"ListItem\",\"position\":1,\"name\":\"Home\",\"item\":\"https:\\\/\\\/darkamazi.info\\\/\"},{\"@type\":\"ListItem\",\"position\":2,\"name\":\"N\u00ca\u00c7\u00ceRVAN BARZAN\u00ce: &#8220;EM\u00ca H\u00caZEKE N\u0130\u015eT\u00ceMAN\u00ce AVA B\u0130K\u00ceN&#8221;\"}]},{\"@type\":\"WebSite\",\"@id\":\"https:\\\/\\\/darkamazi.info\\\/#website\",\"url\":\"https:\\\/\\\/darkamazi.info\\\/\",\"name\":\"Darka Maz\u00ee\",\"description\":\"P\u00eageha Zanyariy\u00ean Nebih\u00eest\u00ee\",\"publisher\":{\"@id\":\"https:\\\/\\\/darkamazi.info\\\/#organization\"},\"potentialAction\":[{\"@type\":\"SearchAction\",\"target\":{\"@type\":\"EntryPoint\",\"urlTemplate\":\"https:\\\/\\\/darkamazi.info\\\/?s={search_term_string}\"},\"query-input\":{\"@type\":\"PropertyValueSpecification\",\"valueRequired\":true,\"valueName\":\"search_term_string\"}}],\"inLanguage\":\"en-US\"},{\"@type\":\"Organization\",\"@id\":\"https:\\\/\\\/darkamazi.info\\\/#organization\",\"name\":\"Darka Maz\u00ee\",\"url\":\"https:\\\/\\\/darkamazi.info\\\/\",\"logo\":{\"@type\":\"ImageObject\",\"inLanguage\":\"en-US\",\"@id\":\"https:\\\/\\\/darkamazi.info\\\/#\\\/schema\\\/logo\\\/image\\\/\",\"url\":\"https:\\\/\\\/darkamazi.info\\\/darka-content\\\/uploads\\\/2017\\\/12\\\/darka-mazi-logo.png\",\"contentUrl\":\"https:\\\/\\\/darkamazi.info\\\/darka-content\\\/uploads\\\/2017\\\/12\\\/darka-mazi-logo.png\",\"width\":151,\"height\":75,\"caption\":\"Darka Maz\u00ee\"},\"image\":{\"@id\":\"https:\\\/\\\/darkamazi.info\\\/#\\\/schema\\\/logo\\\/image\\\/\"},\"sameAs\":[\"https:\\\/\\\/www.facebook.com\\\/DarMaziKurmanci\",\"https:\\\/\\\/x.com\\\/DarkaMaziLatini\",\"https:\\\/\\\/www.instagram.com\\\/darkamazi.kurmanci\\\/\",\"https:\\\/\\\/www.youtube.com\\\/channel\\\/UCa5HkTdmI8U1qCUFuTw8B2g\"]},{\"@type\":\"Person\",\"@id\":\"https:\\\/\\\/darkamazi.info\\\/#\\\/schema\\\/person\\\/5ad3e24553a0567993fa8ed4bd0a776c\",\"name\":\"darka mazi\",\"sameAs\":[\"https:\\\/\\\/darkamazi.info\\\/\"],\"url\":\"https:\\\/\\\/darkamazi.info\\\/archives\\\/author\\\/kurdi\"}]}<\/script>\n<!-- \/ Yoast SEO plugin. -->","seo_head_json":{"title":"N\u00ca\u00c7\u00ceRVAN BARZAN\u00ce: \"EM\u00ca H\u00caZEKE N\u0130\u015eT\u00ceMAN\u00ce AVA B\u0130K\u00ceN\" - Darka Maz\u00ee","robots":{"index":"index","follow":"follow","max-snippet":"max-snippet:-1","max-image-preview":"max-image-preview:large","max-video-preview":"max-video-preview:-1"},"canonical":"https:\/\/darkamazi.info\/archives\/1009853","og_locale":"en_US","og_type":"article","og_title":"N\u00ca\u00c7\u00ceRVAN BARZAN\u00ce: \"EM\u00ca H\u00caZEKE N\u0130\u015eT\u00ceMAN\u00ce AVA B\u0130K\u00ceN\" - Darka Maz\u00ee","og_description":"[darkamazi_row][darkamazi_column][darkamazi_column_text] &#8220;Kurdistan \u015fanaziy\u00ea bi p\u00ea\u015fmergehan dike \u00fb nabe p\u00ea\u015fmerge bi xwe j\u00ee qeb\u00fbl bke ku h\u00eazeke hizb\u00ee be&#8221; Serok\u00ea Her\u00eama Ba\u015f\u00fbr\u00ea Kurdistan\u00ea \u00eero be\u015fdar\u00ee meras\u00eema der\u00e7\u00fbna h\u00eazke p\u00ea\u015fmergey\u00ean Kurdistan\u00ea ji zan\u00eengeha le\u015fkir\u00ee kir \u00fb di meras\u00eem\u00ea de wiha axv\u00ee: &#8220;p\u00eaw\u00eeste em art\u00ea\u015feke ni\u015ft\u00eeman\u00ee ava bik\u00een&#8221;. Zan\u00eengeha le\u015fkir\u00ee a Zaxo \u00eero roja s\u00ea\u015fem\u00ee 12\/11\/2019an meras\u00eemeke mezn [&hellip;]","og_url":"https:\/\/darkamazi.info\/archives\/1009853","og_site_name":"Darka Maz\u00ee","article_publisher":"https:\/\/www.facebook.com\/DarMaziKurmanci","article_published_time":"2019-11-12T14:04:57+00:00","article_modified_time":"2019-11-13T13:14:03+00:00","og_image":[{"width":1024,"height":723,"url":"https:\/\/darkamazi.info\/file\/2019\/11\/nechirvanbarzani.jpg","type":"image\/jpeg"}],"author":"darka mazi","twitter_card":"summary_large_image","twitter_creator":"@DarkaMaziLatini","twitter_site":"@DarkaMaziLatini","twitter_misc":{"Written by":"darka mazi","Est. reading time":"3 minutes"},"schema":{"@context":"https:\/\/schema.org","@graph":[{"@type":"Article","@id":"https:\/\/darkamazi.info\/archives\/1009853#article","isPartOf":{"@id":"https:\/\/darkamazi.info\/archives\/1009853"},"author":{"name":"darka mazi","@id":"https:\/\/darkamazi.info\/#\/schema\/person\/5ad3e24553a0567993fa8ed4bd0a776c"},"headline":"N\u00ca\u00c7\u00ceRVAN BARZAN\u00ce: &#8220;EM\u00ca H\u00caZEKE N\u0130\u015eT\u00ceMAN\u00ce AVA B\u0130K\u00ceN&#8221;","datePublished":"2019-11-12T14:04:57+00:00","dateModified":"2019-11-13T13:14:03+00:00","mainEntityOfPage":{"@id":"https:\/\/darkamazi.info\/archives\/1009853"},"wordCount":577,"publisher":{"@id":"https:\/\/darkamazi.info\/#organization"},"image":{"@id":"https:\/\/darkamazi.info\/archives\/1009853#primaryimage"},"thumbnailUrl":"https:\/\/darkamazi.info\/file\/2019\/11\/nechirvanbarzani.jpg","keywords":["sereke"],"articleSection":["Kurdistan"],"inLanguage":"en-US"},{"@type":"WebPage","@id":"https:\/\/darkamazi.info\/archives\/1009853","url":"https:\/\/darkamazi.info\/archives\/1009853","name":"N\u00ca\u00c7\u00ceRVAN BARZAN\u00ce: \"EM\u00ca H\u00caZEKE N\u0130\u015eT\u00ceMAN\u00ce AVA B\u0130K\u00ceN\" - Darka Maz\u00ee","isPartOf":{"@id":"https:\/\/darkamazi.info\/#website"},"primaryImageOfPage":{"@id":"https:\/\/darkamazi.info\/archives\/1009853#primaryimage"},"image":{"@id":"https:\/\/darkamazi.info\/archives\/1009853#primaryimage"},"thumbnailUrl":"https:\/\/darkamazi.info\/file\/2019\/11\/nechirvanbarzani.jpg","datePublished":"2019-11-12T14:04:57+00:00","dateModified":"2019-11-13T13:14:03+00:00","breadcrumb":{"@id":"https:\/\/darkamazi.info\/archives\/1009853#breadcrumb"},"inLanguage":"en-US","potentialAction":[{"@type":"ReadAction","target":["https:\/\/darkamazi.info\/archives\/1009853"]}]},{"@type":"ImageObject","inLanguage":"en-US","@id":"https:\/\/darkamazi.info\/archives\/1009853#primaryimage","url":"https:\/\/darkamazi.info\/file\/2019\/11\/nechirvanbarzani.jpg","contentUrl":"https:\/\/darkamazi.info\/file\/2019\/11\/nechirvanbarzani.jpg","width":1024,"height":723,"caption":"N\u00ca\u00c7\u00ceRVAN BARZAN\u00ce: \"EM\u00ca H\u00caZEKE N\u0130\u015eT\u00ceMAN\u00ce AVA B\u0130K\u00ceN\""},{"@type":"BreadcrumbList","@id":"https:\/\/darkamazi.info\/archives\/1009853#breadcrumb","itemListElement":[{"@type":"ListItem","position":1,"name":"Home","item":"https:\/\/darkamazi.info\/"},{"@type":"ListItem","position":2,"name":"N\u00ca\u00c7\u00ceRVAN BARZAN\u00ce: &#8220;EM\u00ca H\u00caZEKE N\u0130\u015eT\u00ceMAN\u00ce AVA B\u0130K\u00ceN&#8221;"}]},{"@type":"WebSite","@id":"https:\/\/darkamazi.info\/#website","url":"https:\/\/darkamazi.info\/","name":"Darka Maz\u00ee","description":"P\u00eageha Zanyariy\u00ean Nebih\u00eest\u00ee","publisher":{"@id":"https:\/\/darkamazi.info\/#organization"},"potentialAction":[{"@type":"SearchAction","target":{"@type":"EntryPoint","urlTemplate":"https:\/\/darkamazi.info\/?s={search_term_string}"},"query-input":{"@type":"PropertyValueSpecification","valueRequired":true,"valueName":"search_term_string"}}],"inLanguage":"en-US"},{"@type":"Organization","@id":"https:\/\/darkamazi.info\/#organization","name":"Darka Maz\u00ee","url":"https:\/\/darkamazi.info\/","logo":{"@type":"ImageObject","inLanguage":"en-US","@id":"https:\/\/darkamazi.info\/#\/schema\/logo\/image\/","url":"https:\/\/darkamazi.info\/file\/2017\/12\/darka-mazi-logo.png","contentUrl":"https:\/\/darkamazi.info\/file\/2017\/12\/darka-mazi-logo.png","width":151,"height":75,"caption":"Darka Maz\u00ee"},"image":{"@id":"https:\/\/darkamazi.info\/#\/schema\/logo\/image\/"},"sameAs":["https:\/\/www.facebook.com\/DarMaziKurmanci","https:\/\/x.com\/DarkaMaziLatini","https:\/\/www.instagram.com\/darkamazi.kurmanci\/","https:\/\/www.youtube.com\/channel\/UCa5HkTdmI8U1qCUFuTw8B2g"]},{"@type":"Person","@id":"https:\/\/darkamazi.info\/#\/schema\/person\/5ad3e24553a0567993fa8ed4bd0a776c","name":"darka mazi","sameAs":["https:\/\/darkamazi.info\/"],"url":"https:\/\/darkamazi.info\/archives\/author\/kurdi"}]}},"_links":{"self":[{"href":"https:\/\/darkamazi.info\/funavuv\/wp\/v2\/posts\/1009853","targetHints":{"allow":["GET"]}}],"collection":[{"href":"https:\/\/darkamazi.info\/funavuv\/wp\/v2\/posts"}],"about":[{"href":"https:\/\/darkamazi.info\/funavuv\/wp\/v2\/types\/post"}],"author":[{"embeddable":true,"href":"https:\/\/darkamazi.info\/funavuv\/wp\/v2\/users\/2"}],"replies":[{"embeddable":true,"href":"https:\/\/darkamazi.info\/funavuv\/wp\/v2\/comments?post=1009853"}],"version-history":[{"count":0,"href":"https:\/\/darkamazi.info\/funavuv\/wp\/v2\/posts\/1009853\/revisions"}],"wp:featuredmedia":[{"embeddable":true,"href":"https:\/\/darkamazi.info\/funavuv\/wp\/v2\/media\/1009854"}],"wp:attachment":[{"href":"https:\/\/darkamazi.info\/funavuv\/wp\/v2\/media?parent=1009853"}],"wp:term":[{"taxonomy":"category","embeddable":true,"href":"https:\/\/darkamazi.info\/funavuv\/wp\/v2\/categories?post=1009853"},{"taxonomy":"post_tag","embeddable":true,"href":"https:\/\/darkamazi.info\/funavuv\/wp\/v2\/tags?post=1009853"}],"curies":[{"name":"wp","href":"https:\/\/api.w.org\/{rel}","templated":true}]}}