{"id":1009935,"date":"2019-11-14T21:47:20","date_gmt":"2019-11-14T18:47:20","guid":{"rendered":"https:\/\/darkamazi.info\/?p=1009935"},"modified":"2019-11-14T21:47:20","modified_gmt":"2019-11-14T18:47:20","slug":"tirkiye-pkk-li-herema-zape-hedef-kir","status":"publish","type":"post","link":"https:\/\/darkamazi.info\/archives\/1009935","title":{"rendered":"T\u0130RK\u0130Y\u00ca PKK L\u0130 HER\u00caMA ZAP\u00ca HEDEF K\u0130R"},"content":{"rendered":"<h3 style=\"text-align: justify\"><span style=\"font-family: 'arial black', sans-serif\">Balefr\u00ean ceng\u00ee \u00ean Tirkiy\u00ea \u00eavara \u00eero hereket\u00ean Part\u00eeya Karker\u00ean Kurdistan\u00ea li nav\u00e7eya Zap\u00ea a her\u00eama ba\u015f\u00fbr\u00ea kurdistan\u00ea hedef kirin \u00fb zirar\u00ean can\u00ee p\u00eare xistin.<\/span><\/h3>\n<h3 style=\"text-align: justify\">\u00cavara \u00eero p\u00eanci\u015fem\u00ee 14\/11\/2019an balefir\u00ean ceng\u00ee \u00ean Tirkiy\u00ea \u00ear\u00ee\u015fa as\u00eeman\u00ee li nav\u00e7eya Zap\u00ea a her\u00eama ba\u015f\u00fbr\u00ea kurdistan\u00ea p\u00eakan\u00ee \u00fb zirar\u00ean can\u00ee bi ger\u00eelay\u00ean PKK\u2019\u00ea xistin.<\/h3>\n<h3 style=\"text-align: justify\">Wezareta parastina netewe\u00ee li hesaba xwe a twitter\u00ea e\u015fkere kir ku ev \u00ear\u00ee\u015f li her\u00eama Zap\u00ea hat p\u00eakan\u00een \u00fb 6 ger\u00eela hatine berteref kirin.<\/h3>\n<h3 style=\"text-align: justify\">Ji duh \u015fev\u00ea ve cara s\u00eayem\u00eene balefir\u00ean ceng\u00ee \u00ean Tirkiy\u00ea \u00a0\u00ear\u00ee\u015fa PKK\u2019\u00ea li her\u00eama ba\u015f\u00fbr\u00ea kurdistan\u00ea dikin, her\u00ee k\u00eam 14 ger\u00eelay\u00ean PKK\u2019\u00ea di \u00ear\u00ee\u015fan de can\u00ea xwe ji dest dan, l\u00ea bel\u00ea deng\u00ea HPG\u2019\u00ea h\u00eaz\u00ean parastina gel bal\u00ea le\u015fkir\u00ee \u00ea PKK\u2019\u00ea li ser van \u00ear\u00ee\u015fan tuneye.<\/h3>\n","protected":false},"excerpt":{"rendered":"<p>Balefr\u00ean ceng\u00ee \u00ean Tirkiy\u00ea \u00eavara \u00eero hereket\u00ean Part\u00eeya Karker\u00ean Kurdistan\u00ea li nav\u00e7eya Zap\u00ea a her\u00eama ba\u015f\u00fbr\u00ea kurdistan\u00ea hedef kirin \u00fb zirar\u00ean can\u00ee p\u00eare xistin. \u00cavara \u00eero p\u00eanci\u015fem\u00ee 14\/11\/2019an balefir\u00ean ceng\u00ee \u00ean Tirkiy\u00ea \u00ear\u00ee\u015fa as\u00eeman\u00ee li nav\u00e7eya Zap\u00ea a her\u00eama ba\u015f\u00fbr\u00ea kurdistan\u00ea p\u00eakan\u00ee \u00fb zirar\u00ean can\u00ee bi ger\u00eelay\u00ean PKK\u2019\u00ea xistin. Wezareta parastina netewe\u00ee li hesaba xwe [&hellip;]<\/p>\n","protected":false},"author":2,"featured_media":1009936,"comment_status":"closed","ping_status":"closed","sticky":false,"template":"","format":"standard","meta":{"footnotes":""},"categories":[29],"tags":[],"class_list":["post-1009935","post","type-post","status-publish","format-standard","has-post-thumbnail","hentry","category-kurdistan"],"blocksy_meta":[],"seo_head":"<!-- This site is optimized with the Yoast SEO plugin v27.5 - https:\/\/yoast.com\/product\/yoast-seo-wordpress\/ -->\n<title>T\u0130RK\u0130Y\u00ca PKK L\u0130 HER\u00caMA ZAP\u00ca HEDEF K\u0130R - Darka Maz\u00ee<\/title>\n<meta name=\"robots\" content=\"index, follow, max-snippet:-1, max-image-preview:large, max-video-preview:-1\" \/>\n<link rel=\"canonical\" href=\"https:\/\/darkamazi.info\/archives\/1009935\" \/>\n<meta property=\"og:locale\" content=\"en_US\" \/>\n<meta property=\"og:type\" content=\"article\" \/>\n<meta property=\"og:title\" content=\"T\u0130RK\u0130Y\u00ca PKK L\u0130 HER\u00caMA ZAP\u00ca HEDEF K\u0130R - Darka Maz\u00ee\" \/>\n<meta property=\"og:description\" content=\"Balefr\u00ean ceng\u00ee \u00ean Tirkiy\u00ea \u00eavara \u00eero hereket\u00ean Part\u00eeya Karker\u00ean Kurdistan\u00ea li nav\u00e7eya Zap\u00ea a her\u00eama ba\u015f\u00fbr\u00ea kurdistan\u00ea hedef kirin \u00fb zirar\u00ean can\u00ee p\u00eare xistin. \u00cavara \u00eero p\u00eanci\u015fem\u00ee 14\/11\/2019an balefir\u00ean ceng\u00ee \u00ean Tirkiy\u00ea \u00ear\u00ee\u015fa as\u00eeman\u00ee li nav\u00e7eya Zap\u00ea a her\u00eama ba\u015f\u00fbr\u00ea kurdistan\u00ea p\u00eakan\u00ee \u00fb zirar\u00ean can\u00ee bi ger\u00eelay\u00ean PKK\u2019\u00ea xistin. Wezareta parastina netewe\u00ee li hesaba xwe [&hellip;]\" \/>\n<meta property=\"og:url\" content=\"https:\/\/darkamazi.info\/archives\/1009935\" \/>\n<meta property=\"og:site_name\" content=\"Darka Maz\u00ee\" \/>\n<meta property=\"article:publisher\" content=\"https:\/\/www.facebook.com\/DarMaziKurmanci\" \/>\n<meta property=\"article:published_time\" content=\"2019-11-14T18:47:20+00:00\" \/>\n<meta property=\"og:image\" content=\"https:\/\/darkamazi.info\/file\/2019\/11\/Zap.jpg\" \/>\n\t<meta property=\"og:image:width\" content=\"786\" \/>\n\t<meta property=\"og:image:height\" content=\"495\" \/>\n\t<meta property=\"og:image:type\" content=\"image\/jpeg\" \/>\n<meta name=\"author\" content=\"darka mazi\" \/>\n<meta name=\"twitter:card\" content=\"summary_large_image\" \/>\n<meta name=\"twitter:creator\" content=\"@DarkaMaziLatini\" \/>\n<meta name=\"twitter:site\" content=\"@DarkaMaziLatini\" \/>\n<meta name=\"twitter:label1\" content=\"Written by\" \/>\n\t<meta name=\"twitter:data1\" content=\"darka mazi\" \/>\n\t<meta name=\"twitter:label2\" content=\"Est. reading time\" \/>\n\t<meta name=\"twitter:data2\" content=\"1 minute\" \/>\n<script type=\"application\/ld+json\" class=\"seo-schema-graph\">{\"@context\":\"https:\\\/\\\/schema.org\",\"@graph\":[{\"@type\":\"Article\",\"@id\":\"https:\\\/\\\/darkamazi.info\\\/archives\\\/1009935#article\",\"isPartOf\":{\"@id\":\"https:\\\/\\\/darkamazi.info\\\/archives\\\/1009935\"},\"author\":{\"name\":\"darka mazi\",\"@id\":\"https:\\\/\\\/darkamazi.info\\\/#\\\/schema\\\/person\\\/5ad3e24553a0567993fa8ed4bd0a776c\"},\"headline\":\"T\u0130RK\u0130Y\u00ca PKK L\u0130 HER\u00caMA ZAP\u00ca HEDEF K\u0130R\",\"datePublished\":\"2019-11-14T18:47:20+00:00\",\"mainEntityOfPage\":{\"@id\":\"https:\\\/\\\/darkamazi.info\\\/archives\\\/1009935\"},\"wordCount\":164,\"publisher\":{\"@id\":\"https:\\\/\\\/darkamazi.info\\\/#organization\"},\"image\":{\"@id\":\"https:\\\/\\\/darkamazi.info\\\/archives\\\/1009935#primaryimage\"},\"thumbnailUrl\":\"https:\\\/\\\/darkamazi.info\\\/darka-content\\\/uploads\\\/2019\\\/11\\\/Zap.jpg\",\"articleSection\":[\"Kurdistan\"],\"inLanguage\":\"en-US\"},{\"@type\":\"WebPage\",\"@id\":\"https:\\\/\\\/darkamazi.info\\\/archives\\\/1009935\",\"url\":\"https:\\\/\\\/darkamazi.info\\\/archives\\\/1009935\",\"name\":\"T\u0130RK\u0130Y\u00ca PKK L\u0130 HER\u00caMA ZAP\u00ca HEDEF K\u0130R - Darka Maz\u00ee\",\"isPartOf\":{\"@id\":\"https:\\\/\\\/darkamazi.info\\\/#website\"},\"primaryImageOfPage\":{\"@id\":\"https:\\\/\\\/darkamazi.info\\\/archives\\\/1009935#primaryimage\"},\"image\":{\"@id\":\"https:\\\/\\\/darkamazi.info\\\/archives\\\/1009935#primaryimage\"},\"thumbnailUrl\":\"https:\\\/\\\/darkamazi.info\\\/darka-content\\\/uploads\\\/2019\\\/11\\\/Zap.jpg\",\"datePublished\":\"2019-11-14T18:47:20+00:00\",\"breadcrumb\":{\"@id\":\"https:\\\/\\\/darkamazi.info\\\/archives\\\/1009935#breadcrumb\"},\"inLanguage\":\"en-US\",\"potentialAction\":[{\"@type\":\"ReadAction\",\"target\":[\"https:\\\/\\\/darkamazi.info\\\/archives\\\/1009935\"]}]},{\"@type\":\"ImageObject\",\"inLanguage\":\"en-US\",\"@id\":\"https:\\\/\\\/darkamazi.info\\\/archives\\\/1009935#primaryimage\",\"url\":\"https:\\\/\\\/darkamazi.info\\\/darka-content\\\/uploads\\\/2019\\\/11\\\/Zap.jpg\",\"contentUrl\":\"https:\\\/\\\/darkamazi.info\\\/darka-content\\\/uploads\\\/2019\\\/11\\\/Zap.jpg\",\"width\":786,\"height\":495,\"caption\":\"T\u0130RK\u0130Y\u00ca PKK L\u0130 HER\u00caMA ZAP\u00ca HEDEF K\u0130R\"},{\"@type\":\"BreadcrumbList\",\"@id\":\"https:\\\/\\\/darkamazi.info\\\/archives\\\/1009935#breadcrumb\",\"itemListElement\":[{\"@type\":\"ListItem\",\"position\":1,\"name\":\"Home\",\"item\":\"https:\\\/\\\/darkamazi.info\\\/\"},{\"@type\":\"ListItem\",\"position\":2,\"name\":\"T\u0130RK\u0130Y\u00ca PKK L\u0130 HER\u00caMA ZAP\u00ca HEDEF K\u0130R\"}]},{\"@type\":\"WebSite\",\"@id\":\"https:\\\/\\\/darkamazi.info\\\/#website\",\"url\":\"https:\\\/\\\/darkamazi.info\\\/\",\"name\":\"Darka Maz\u00ee\",\"description\":\"P\u00eageha Zanyariy\u00ean Nebih\u00eest\u00ee\",\"publisher\":{\"@id\":\"https:\\\/\\\/darkamazi.info\\\/#organization\"},\"potentialAction\":[{\"@type\":\"SearchAction\",\"target\":{\"@type\":\"EntryPoint\",\"urlTemplate\":\"https:\\\/\\\/darkamazi.info\\\/?s={search_term_string}\"},\"query-input\":{\"@type\":\"PropertyValueSpecification\",\"valueRequired\":true,\"valueName\":\"search_term_string\"}}],\"inLanguage\":\"en-US\"},{\"@type\":\"Organization\",\"@id\":\"https:\\\/\\\/darkamazi.info\\\/#organization\",\"name\":\"Darka Maz\u00ee\",\"url\":\"https:\\\/\\\/darkamazi.info\\\/\",\"logo\":{\"@type\":\"ImageObject\",\"inLanguage\":\"en-US\",\"@id\":\"https:\\\/\\\/darkamazi.info\\\/#\\\/schema\\\/logo\\\/image\\\/\",\"url\":\"https:\\\/\\\/darkamazi.info\\\/darka-content\\\/uploads\\\/2017\\\/12\\\/darka-mazi-logo.png\",\"contentUrl\":\"https:\\\/\\\/darkamazi.info\\\/darka-content\\\/uploads\\\/2017\\\/12\\\/darka-mazi-logo.png\",\"width\":151,\"height\":75,\"caption\":\"Darka Maz\u00ee\"},\"image\":{\"@id\":\"https:\\\/\\\/darkamazi.info\\\/#\\\/schema\\\/logo\\\/image\\\/\"},\"sameAs\":[\"https:\\\/\\\/www.facebook.com\\\/DarMaziKurmanci\",\"https:\\\/\\\/x.com\\\/DarkaMaziLatini\",\"https:\\\/\\\/www.instagram.com\\\/darkamazi.kurmanci\\\/\",\"https:\\\/\\\/www.youtube.com\\\/channel\\\/UCa5HkTdmI8U1qCUFuTw8B2g\"]},{\"@type\":\"Person\",\"@id\":\"https:\\\/\\\/darkamazi.info\\\/#\\\/schema\\\/person\\\/5ad3e24553a0567993fa8ed4bd0a776c\",\"name\":\"darka mazi\",\"sameAs\":[\"https:\\\/\\\/darkamazi.info\\\/\"],\"url\":\"https:\\\/\\\/darkamazi.info\\\/archives\\\/author\\\/kurdi\"}]}<\/script>\n<!-- \/ Yoast SEO plugin. -->","seo_head_json":{"title":"T\u0130RK\u0130Y\u00ca PKK L\u0130 HER\u00caMA ZAP\u00ca HEDEF K\u0130R - Darka Maz\u00ee","robots":{"index":"index","follow":"follow","max-snippet":"max-snippet:-1","max-image-preview":"max-image-preview:large","max-video-preview":"max-video-preview:-1"},"canonical":"https:\/\/darkamazi.info\/archives\/1009935","og_locale":"en_US","og_type":"article","og_title":"T\u0130RK\u0130Y\u00ca PKK L\u0130 HER\u00caMA ZAP\u00ca HEDEF K\u0130R - Darka Maz\u00ee","og_description":"Balefr\u00ean ceng\u00ee \u00ean Tirkiy\u00ea \u00eavara \u00eero hereket\u00ean Part\u00eeya Karker\u00ean Kurdistan\u00ea li nav\u00e7eya Zap\u00ea a her\u00eama ba\u015f\u00fbr\u00ea kurdistan\u00ea hedef kirin \u00fb zirar\u00ean can\u00ee p\u00eare xistin. \u00cavara \u00eero p\u00eanci\u015fem\u00ee 14\/11\/2019an balefir\u00ean ceng\u00ee \u00ean Tirkiy\u00ea \u00ear\u00ee\u015fa as\u00eeman\u00ee li nav\u00e7eya Zap\u00ea a her\u00eama ba\u015f\u00fbr\u00ea kurdistan\u00ea p\u00eakan\u00ee \u00fb zirar\u00ean can\u00ee bi ger\u00eelay\u00ean PKK\u2019\u00ea xistin. Wezareta parastina netewe\u00ee li hesaba xwe [&hellip;]","og_url":"https:\/\/darkamazi.info\/archives\/1009935","og_site_name":"Darka Maz\u00ee","article_publisher":"https:\/\/www.facebook.com\/DarMaziKurmanci","article_published_time":"2019-11-14T18:47:20+00:00","og_image":[{"width":786,"height":495,"url":"https:\/\/darkamazi.info\/file\/2019\/11\/Zap.jpg","type":"image\/jpeg"}],"author":"darka mazi","twitter_card":"summary_large_image","twitter_creator":"@DarkaMaziLatini","twitter_site":"@DarkaMaziLatini","twitter_misc":{"Written by":"darka mazi","Est. reading time":"1 minute"},"schema":{"@context":"https:\/\/schema.org","@graph":[{"@type":"Article","@id":"https:\/\/darkamazi.info\/archives\/1009935#article","isPartOf":{"@id":"https:\/\/darkamazi.info\/archives\/1009935"},"author":{"name":"darka mazi","@id":"https:\/\/darkamazi.info\/#\/schema\/person\/5ad3e24553a0567993fa8ed4bd0a776c"},"headline":"T\u0130RK\u0130Y\u00ca PKK L\u0130 HER\u00caMA ZAP\u00ca HEDEF K\u0130R","datePublished":"2019-11-14T18:47:20+00:00","mainEntityOfPage":{"@id":"https:\/\/darkamazi.info\/archives\/1009935"},"wordCount":164,"publisher":{"@id":"https:\/\/darkamazi.info\/#organization"},"image":{"@id":"https:\/\/darkamazi.info\/archives\/1009935#primaryimage"},"thumbnailUrl":"https:\/\/darkamazi.info\/file\/2019\/11\/Zap.jpg","articleSection":["Kurdistan"],"inLanguage":"en-US"},{"@type":"WebPage","@id":"https:\/\/darkamazi.info\/archives\/1009935","url":"https:\/\/darkamazi.info\/archives\/1009935","name":"T\u0130RK\u0130Y\u00ca PKK L\u0130 HER\u00caMA ZAP\u00ca HEDEF K\u0130R - Darka Maz\u00ee","isPartOf":{"@id":"https:\/\/darkamazi.info\/#website"},"primaryImageOfPage":{"@id":"https:\/\/darkamazi.info\/archives\/1009935#primaryimage"},"image":{"@id":"https:\/\/darkamazi.info\/archives\/1009935#primaryimage"},"thumbnailUrl":"https:\/\/darkamazi.info\/file\/2019\/11\/Zap.jpg","datePublished":"2019-11-14T18:47:20+00:00","breadcrumb":{"@id":"https:\/\/darkamazi.info\/archives\/1009935#breadcrumb"},"inLanguage":"en-US","potentialAction":[{"@type":"ReadAction","target":["https:\/\/darkamazi.info\/archives\/1009935"]}]},{"@type":"ImageObject","inLanguage":"en-US","@id":"https:\/\/darkamazi.info\/archives\/1009935#primaryimage","url":"https:\/\/darkamazi.info\/file\/2019\/11\/Zap.jpg","contentUrl":"https:\/\/darkamazi.info\/file\/2019\/11\/Zap.jpg","width":786,"height":495,"caption":"T\u0130RK\u0130Y\u00ca PKK L\u0130 HER\u00caMA ZAP\u00ca HEDEF K\u0130R"},{"@type":"BreadcrumbList","@id":"https:\/\/darkamazi.info\/archives\/1009935#breadcrumb","itemListElement":[{"@type":"ListItem","position":1,"name":"Home","item":"https:\/\/darkamazi.info\/"},{"@type":"ListItem","position":2,"name":"T\u0130RK\u0130Y\u00ca PKK L\u0130 HER\u00caMA ZAP\u00ca HEDEF K\u0130R"}]},{"@type":"WebSite","@id":"https:\/\/darkamazi.info\/#website","url":"https:\/\/darkamazi.info\/","name":"Darka Maz\u00ee","description":"P\u00eageha Zanyariy\u00ean Nebih\u00eest\u00ee","publisher":{"@id":"https:\/\/darkamazi.info\/#organization"},"potentialAction":[{"@type":"SearchAction","target":{"@type":"EntryPoint","urlTemplate":"https:\/\/darkamazi.info\/?s={search_term_string}"},"query-input":{"@type":"PropertyValueSpecification","valueRequired":true,"valueName":"search_term_string"}}],"inLanguage":"en-US"},{"@type":"Organization","@id":"https:\/\/darkamazi.info\/#organization","name":"Darka Maz\u00ee","url":"https:\/\/darkamazi.info\/","logo":{"@type":"ImageObject","inLanguage":"en-US","@id":"https:\/\/darkamazi.info\/#\/schema\/logo\/image\/","url":"https:\/\/darkamazi.info\/file\/2017\/12\/darka-mazi-logo.png","contentUrl":"https:\/\/darkamazi.info\/file\/2017\/12\/darka-mazi-logo.png","width":151,"height":75,"caption":"Darka Maz\u00ee"},"image":{"@id":"https:\/\/darkamazi.info\/#\/schema\/logo\/image\/"},"sameAs":["https:\/\/www.facebook.com\/DarMaziKurmanci","https:\/\/x.com\/DarkaMaziLatini","https:\/\/www.instagram.com\/darkamazi.kurmanci\/","https:\/\/www.youtube.com\/channel\/UCa5HkTdmI8U1qCUFuTw8B2g"]},{"@type":"Person","@id":"https:\/\/darkamazi.info\/#\/schema\/person\/5ad3e24553a0567993fa8ed4bd0a776c","name":"darka mazi","sameAs":["https:\/\/darkamazi.info\/"],"url":"https:\/\/darkamazi.info\/archives\/author\/kurdi"}]}},"_links":{"self":[{"href":"https:\/\/darkamazi.info\/funavuv\/wp\/v2\/posts\/1009935","targetHints":{"allow":["GET"]}}],"collection":[{"href":"https:\/\/darkamazi.info\/funavuv\/wp\/v2\/posts"}],"about":[{"href":"https:\/\/darkamazi.info\/funavuv\/wp\/v2\/types\/post"}],"author":[{"embeddable":true,"href":"https:\/\/darkamazi.info\/funavuv\/wp\/v2\/users\/2"}],"replies":[{"embeddable":true,"href":"https:\/\/darkamazi.info\/funavuv\/wp\/v2\/comments?post=1009935"}],"version-history":[{"count":0,"href":"https:\/\/darkamazi.info\/funavuv\/wp\/v2\/posts\/1009935\/revisions"}],"wp:featuredmedia":[{"embeddable":true,"href":"https:\/\/darkamazi.info\/funavuv\/wp\/v2\/media\/1009936"}],"wp:attachment":[{"href":"https:\/\/darkamazi.info\/funavuv\/wp\/v2\/media?parent=1009935"}],"wp:term":[{"taxonomy":"category","embeddable":true,"href":"https:\/\/darkamazi.info\/funavuv\/wp\/v2\/categories?post=1009935"},{"taxonomy":"post_tag","embeddable":true,"href":"https:\/\/darkamazi.info\/funavuv\/wp\/v2\/tags?post=1009935"}],"curies":[{"name":"wp","href":"https:\/\/api.w.org\/{rel}","templated":true}]}}