{"id":1010072,"date":"2019-11-19T20:51:04","date_gmt":"2019-11-19T17:51:04","guid":{"rendered":"https:\/\/darkamazi.info\/?p=1010072"},"modified":"2019-11-19T20:51:04","modified_gmt":"2019-11-19T17:51:04","slug":"di-2-rojan-de-45-xwepesanderen-rojhilata-kurdistane-hatine-sehid-kirin","status":"publish","type":"post","link":"https:\/\/darkamazi.info\/archives\/1010072","title":{"rendered":"D\u0130 2 ROJAN DE 45 XWEP\u00ca\u015eANDER\u00caN ROJH\u0130LATA KURD\u0130STAN\u00ca HAT\u00ceNE \u015eEH\u00ceD K\u0130R\u0130N"},"content":{"rendered":"<h3 style=\"text-align: justify\"><span style=\"font-family: 'arial black', sans-serif\">Xwep\u00ea\u015fander\u00ean rojhilata Kurdistan\u00ea li bajar\u00ean Kirman\u015fan, Mer\u00eewan \u00fb Cwanro 4 \u00e7ekdar\u00ean rej\u00eema \u00eeslam\u00ee ku\u015ftin<\/span><\/h3>\n<h3 style=\"text-align: justify\">P\u00eala xwep\u00ea\u015fandan\u00ean \u00ceran\u00ea \u00fb rojhilata Kurdistan\u00ea dewam dike, li rojhilata Kurdistan\u00ea ten\u00ea di 2 rojan de, \u00e7ekdar\u00ean rej\u00eema \u00eeslam\u00ee 45 xwep\u00ea\u015fander\u00ean kurd \u015feh\u00eed kirine.<\/h3>\n<h3 style=\"text-align: justify\">R\u00eaxistna hengaw a maf\u00ean mirovan a rojhilata Kurdistan\u00ea amara her\u00ee daw\u00ee a zirar\u00ean can\u00ee \u00ean xwep\u00ea\u015fander\u00ean bajar \u00fb bajarok\u00ean rojhilata Kurdistan\u00ea we\u015fandin \u00fb li gor amaran, ten\u00ea li roj\u00ean \u015fem\u00ee \u00fb yek\u015fem 16 \u00fb 17\/11\/2019an, 45 xwep\u00ea\u015fander\u00ean kurd hatine ku\u015ftin \u00fb p\u00eatir ji 500 xwep\u00ea\u015fander\u00ean din br\u00eendar ket\u00eene.<\/h3>\n<h3 style=\"text-align: justify\">Amar\u00ean tesb\u00eet kr\u00ee \u00ean r\u00eaxistna Hengaw\u00ea amaje kirine, ev qurban\u00ee bi teqeya raste rast a \u00e7ekdar\u00ean rej\u00eema \u00eeslam\u00ee a \u00ceran\u00ea hat\u00eene \u015feh\u00eed kirin.<\/h3>\n<h3 style=\"text-align: justify\">Hengaw\u00ea ji sercema \u015feh\u00eed\u00ean xwep\u00ea\u015fandan\u00ean rojhilata Kurdistan\u00ea, nav\u00ea 20 kesan e\u015fkere kirine \u00fb hemwext ku y\u00ean k\u00eejan bajar\u00ee ne:<\/h3>\n<h3 style=\"text-align: justify\"><strong>Cwanro<\/strong><\/h3>\n<ul>\n<li>Kawe Mihemed\u00ea<\/li>\n<li>Hemze Neqd\u00ee<\/li>\n<li>\u00cebrah\u00eem Murad\u00ee<\/li>\n<li>Ez\u00eez<\/li>\n<li>Mub\u00een Ebdullah\u00ee<\/li>\n<li>Cebar Tcare<\/li>\n<li>Y\u00fbnis Ho\u015feng\u00ee<\/li>\n<li>Mer\u00eewan<\/li>\n<li>Usman Nadir\u00ee<\/li>\n<li>M\u00eahran Tak<\/li>\n<li>\u015eaho Wel\u00eed\u00ee<\/li>\n<li>B\u00eahruz Melek\u00ee<\/li>\n<li>\u00cedr\u00ees B\u00eaware<\/li>\n<li>Danyal Ustiwar\u00ee<\/li>\n<li>Kirman\u015fan<\/li>\n<li>Mihemed M\u00eerzay\u00ee<\/li>\n<li>Nadir Beyranwend<\/li>\n<li>Mizefer Zeh\u00eer\u00ee<\/li>\n<\/ul>\n<h3 style=\"text-align: justify\"><strong>Bokan<\/strong><\/h3>\n<ul>\n<li>H\u00eewa<\/li>\n<li>\u00cedr\u00ees<\/li>\n<li>\u015eil\u00ear Dadwend<\/li>\n<li>Seqiz<\/li>\n<li>M\u00eena \u015e\u00eax\u00ee<\/li>\n<\/ul>\n<h3><strong>Sine<\/strong><\/h3>\n<ul>\n<li>Wilat\u00eeyek\u00ea temen j\u00ear 18 sal ku h\u00eena niha nav\u00ea w\u00ea e\u015fkere neb\u00fbye<\/li>\n<\/ul>\n<h3 style=\"text-align: justify\">Hemwexta \u015feh\u00eed ketina 45 kes\u00ean siv\u00eel ku li gor\u00ee nav\u00ean Hengaw\u00ea 2 ji wan Ke\u00e7\u00ean, p\u00eatir ji 500 kesan hat\u00eene bir\u00eendar kirin, Hengaw\u00ea dest n\u00ee\u015fan kir ku piranya bir\u00eendaran ji tirsa bin\u00e7av kirin\u00ea, \u00fb an serdana navend\u00ean saxlemiy\u00ea ji bo derman kirin\u00ea ne kirine.<\/h3>\n<h3 style=\"text-align: justify\">\u00a0li bajar\u00ean Kirman\u015fan, Mer\u00eewan \u00fb Cwanro, Xwep\u00ea\u015fander\u00ean kurd 4 \u00e7ekdar\u00ean rej\u00eema \u00eeslam\u00ee ya \u00ceran\u00ea ku\u015ftine.<\/h3>\n","protected":false},"excerpt":{"rendered":"<p>Xwep\u00ea\u015fander\u00ean rojhilata Kurdistan\u00ea li bajar\u00ean Kirman\u015fan, Mer\u00eewan \u00fb Cwanro 4 \u00e7ekdar\u00ean rej\u00eema \u00eeslam\u00ee ku\u015ftin P\u00eala xwep\u00ea\u015fandan\u00ean \u00ceran\u00ea \u00fb rojhilata Kurdistan\u00ea dewam dike, li rojhilata Kurdistan\u00ea ten\u00ea di 2 rojan de, \u00e7ekdar\u00ean rej\u00eema \u00eeslam\u00ee 45 xwep\u00ea\u015fander\u00ean kurd \u015feh\u00eed kirine. R\u00eaxistna hengaw a maf\u00ean mirovan a rojhilata Kurdistan\u00ea amara her\u00ee daw\u00ee a zirar\u00ean can\u00ee \u00ean xwep\u00ea\u015fander\u00ean bajar [&hellip;]<\/p>\n","protected":false},"author":2,"featured_media":1010073,"comment_status":"closed","ping_status":"closed","sticky":false,"template":"","format":"standard","meta":{"footnotes":""},"categories":[29],"tags":[],"class_list":["post-1010072","post","type-post","status-publish","format-standard","has-post-thumbnail","hentry","category-kurdistan"],"blocksy_meta":[],"seo_head":"<!-- This site is optimized with the Yoast SEO plugin v27.5 - https:\/\/yoast.com\/product\/yoast-seo-wordpress\/ -->\n<title>D\u0130 2 ROJAN DE 45 XWEP\u00ca\u015eANDER\u00caN ROJH\u0130LATA KURD\u0130STAN\u00ca HAT\u00ceNE \u015eEH\u00ceD K\u0130R\u0130N - Darka Maz\u00ee<\/title>\n<meta name=\"robots\" content=\"index, follow, max-snippet:-1, max-image-preview:large, max-video-preview:-1\" \/>\n<link rel=\"canonical\" href=\"https:\/\/darkamazi.info\/archives\/1010072\" \/>\n<meta property=\"og:locale\" content=\"en_US\" \/>\n<meta property=\"og:type\" content=\"article\" \/>\n<meta property=\"og:title\" content=\"D\u0130 2 ROJAN DE 45 XWEP\u00ca\u015eANDER\u00caN ROJH\u0130LATA KURD\u0130STAN\u00ca HAT\u00ceNE \u015eEH\u00ceD K\u0130R\u0130N - Darka Maz\u00ee\" \/>\n<meta property=\"og:description\" content=\"Xwep\u00ea\u015fander\u00ean rojhilata Kurdistan\u00ea li bajar\u00ean Kirman\u015fan, Mer\u00eewan \u00fb Cwanro 4 \u00e7ekdar\u00ean rej\u00eema \u00eeslam\u00ee ku\u015ftin P\u00eala xwep\u00ea\u015fandan\u00ean \u00ceran\u00ea \u00fb rojhilata Kurdistan\u00ea dewam dike, li rojhilata Kurdistan\u00ea ten\u00ea di 2 rojan de, \u00e7ekdar\u00ean rej\u00eema \u00eeslam\u00ee 45 xwep\u00ea\u015fander\u00ean kurd \u015feh\u00eed kirine. R\u00eaxistna hengaw a maf\u00ean mirovan a rojhilata Kurdistan\u00ea amara her\u00ee daw\u00ee a zirar\u00ean can\u00ee \u00ean xwep\u00ea\u015fander\u00ean bajar [&hellip;]\" \/>\n<meta property=\"og:url\" content=\"https:\/\/darkamazi.info\/archives\/1010072\" \/>\n<meta property=\"og:site_name\" content=\"Darka Maz\u00ee\" \/>\n<meta property=\"article:publisher\" content=\"https:\/\/www.facebook.com\/DarMaziKurmanci\" \/>\n<meta property=\"article:published_time\" content=\"2019-11-19T17:51:04+00:00\" \/>\n<meta property=\"og:image\" content=\"https:\/\/darkamazi.info\/file\/2019\/11\/sine-1.jpg\" \/>\n\t<meta property=\"og:image:width\" content=\"1280\" \/>\n\t<meta property=\"og:image:height\" content=\"720\" \/>\n\t<meta property=\"og:image:type\" content=\"image\/jpeg\" \/>\n<meta name=\"author\" content=\"darka mazi\" \/>\n<meta name=\"twitter:card\" content=\"summary_large_image\" \/>\n<meta name=\"twitter:creator\" content=\"@DarkaMaziLatini\" \/>\n<meta name=\"twitter:site\" content=\"@DarkaMaziLatini\" \/>\n<meta name=\"twitter:label1\" content=\"Written by\" \/>\n\t<meta name=\"twitter:data1\" content=\"darka mazi\" \/>\n\t<meta name=\"twitter:label2\" content=\"Est. reading time\" \/>\n\t<meta name=\"twitter:data2\" content=\"2 minutes\" \/>\n<script type=\"application\/ld+json\" class=\"seo-schema-graph\">{\"@context\":\"https:\\\/\\\/schema.org\",\"@graph\":[{\"@type\":\"Article\",\"@id\":\"https:\\\/\\\/darkamazi.info\\\/archives\\\/1010072#article\",\"isPartOf\":{\"@id\":\"https:\\\/\\\/darkamazi.info\\\/archives\\\/1010072\"},\"author\":{\"name\":\"darka mazi\",\"@id\":\"https:\\\/\\\/darkamazi.info\\\/#\\\/schema\\\/person\\\/5ad3e24553a0567993fa8ed4bd0a776c\"},\"headline\":\"D\u0130 2 ROJAN DE 45 XWEP\u00ca\u015eANDER\u00caN ROJH\u0130LATA KURD\u0130STAN\u00ca HAT\u00ceNE \u015eEH\u00ceD K\u0130R\u0130N\",\"datePublished\":\"2019-11-19T17:51:04+00:00\",\"mainEntityOfPage\":{\"@id\":\"https:\\\/\\\/darkamazi.info\\\/archives\\\/1010072\"},\"wordCount\":327,\"publisher\":{\"@id\":\"https:\\\/\\\/darkamazi.info\\\/#organization\"},\"image\":{\"@id\":\"https:\\\/\\\/darkamazi.info\\\/archives\\\/1010072#primaryimage\"},\"thumbnailUrl\":\"https:\\\/\\\/darkamazi.info\\\/darka-content\\\/uploads\\\/2019\\\/11\\\/sine-1.jpg\",\"articleSection\":[\"Kurdistan\"],\"inLanguage\":\"en-US\"},{\"@type\":\"WebPage\",\"@id\":\"https:\\\/\\\/darkamazi.info\\\/archives\\\/1010072\",\"url\":\"https:\\\/\\\/darkamazi.info\\\/archives\\\/1010072\",\"name\":\"D\u0130 2 ROJAN DE 45 XWEP\u00ca\u015eANDER\u00caN ROJH\u0130LATA KURD\u0130STAN\u00ca HAT\u00ceNE \u015eEH\u00ceD K\u0130R\u0130N - Darka Maz\u00ee\",\"isPartOf\":{\"@id\":\"https:\\\/\\\/darkamazi.info\\\/#website\"},\"primaryImageOfPage\":{\"@id\":\"https:\\\/\\\/darkamazi.info\\\/archives\\\/1010072#primaryimage\"},\"image\":{\"@id\":\"https:\\\/\\\/darkamazi.info\\\/archives\\\/1010072#primaryimage\"},\"thumbnailUrl\":\"https:\\\/\\\/darkamazi.info\\\/darka-content\\\/uploads\\\/2019\\\/11\\\/sine-1.jpg\",\"datePublished\":\"2019-11-19T17:51:04+00:00\",\"breadcrumb\":{\"@id\":\"https:\\\/\\\/darkamazi.info\\\/archives\\\/1010072#breadcrumb\"},\"inLanguage\":\"en-US\",\"potentialAction\":[{\"@type\":\"ReadAction\",\"target\":[\"https:\\\/\\\/darkamazi.info\\\/archives\\\/1010072\"]}]},{\"@type\":\"ImageObject\",\"inLanguage\":\"en-US\",\"@id\":\"https:\\\/\\\/darkamazi.info\\\/archives\\\/1010072#primaryimage\",\"url\":\"https:\\\/\\\/darkamazi.info\\\/darka-content\\\/uploads\\\/2019\\\/11\\\/sine-1.jpg\",\"contentUrl\":\"https:\\\/\\\/darkamazi.info\\\/darka-content\\\/uploads\\\/2019\\\/11\\\/sine-1.jpg\",\"width\":1280,\"height\":720,\"caption\":\"D\u0130 2 ROJAN DE 45 XWEP\u00ca\u015eANDER\u00caN ROJH\u0130LATA KURD\u0130STAN\u00ca HAT\u00ceNE \u015eEH\u00ceD K\u0130R\u0130N\"},{\"@type\":\"BreadcrumbList\",\"@id\":\"https:\\\/\\\/darkamazi.info\\\/archives\\\/1010072#breadcrumb\",\"itemListElement\":[{\"@type\":\"ListItem\",\"position\":1,\"name\":\"Home\",\"item\":\"https:\\\/\\\/darkamazi.info\\\/\"},{\"@type\":\"ListItem\",\"position\":2,\"name\":\"D\u0130 2 ROJAN DE 45 XWEP\u00ca\u015eANDER\u00caN ROJH\u0130LATA KURD\u0130STAN\u00ca HAT\u00ceNE \u015eEH\u00ceD K\u0130R\u0130N\"}]},{\"@type\":\"WebSite\",\"@id\":\"https:\\\/\\\/darkamazi.info\\\/#website\",\"url\":\"https:\\\/\\\/darkamazi.info\\\/\",\"name\":\"Darka Maz\u00ee\",\"description\":\"P\u00eageha Zanyariy\u00ean Nebih\u00eest\u00ee\",\"publisher\":{\"@id\":\"https:\\\/\\\/darkamazi.info\\\/#organization\"},\"potentialAction\":[{\"@type\":\"SearchAction\",\"target\":{\"@type\":\"EntryPoint\",\"urlTemplate\":\"https:\\\/\\\/darkamazi.info\\\/?s={search_term_string}\"},\"query-input\":{\"@type\":\"PropertyValueSpecification\",\"valueRequired\":true,\"valueName\":\"search_term_string\"}}],\"inLanguage\":\"en-US\"},{\"@type\":\"Organization\",\"@id\":\"https:\\\/\\\/darkamazi.info\\\/#organization\",\"name\":\"Darka Maz\u00ee\",\"url\":\"https:\\\/\\\/darkamazi.info\\\/\",\"logo\":{\"@type\":\"ImageObject\",\"inLanguage\":\"en-US\",\"@id\":\"https:\\\/\\\/darkamazi.info\\\/#\\\/schema\\\/logo\\\/image\\\/\",\"url\":\"https:\\\/\\\/darkamazi.info\\\/darka-content\\\/uploads\\\/2017\\\/12\\\/darka-mazi-logo.png\",\"contentUrl\":\"https:\\\/\\\/darkamazi.info\\\/darka-content\\\/uploads\\\/2017\\\/12\\\/darka-mazi-logo.png\",\"width\":151,\"height\":75,\"caption\":\"Darka Maz\u00ee\"},\"image\":{\"@id\":\"https:\\\/\\\/darkamazi.info\\\/#\\\/schema\\\/logo\\\/image\\\/\"},\"sameAs\":[\"https:\\\/\\\/www.facebook.com\\\/DarMaziKurmanci\",\"https:\\\/\\\/x.com\\\/DarkaMaziLatini\",\"https:\\\/\\\/www.instagram.com\\\/darkamazi.kurmanci\\\/\",\"https:\\\/\\\/www.youtube.com\\\/channel\\\/UCa5HkTdmI8U1qCUFuTw8B2g\"]},{\"@type\":\"Person\",\"@id\":\"https:\\\/\\\/darkamazi.info\\\/#\\\/schema\\\/person\\\/5ad3e24553a0567993fa8ed4bd0a776c\",\"name\":\"darka mazi\",\"sameAs\":[\"https:\\\/\\\/darkamazi.info\\\/\"],\"url\":\"https:\\\/\\\/darkamazi.info\\\/archives\\\/author\\\/kurdi\"}]}<\/script>\n<!-- \/ Yoast SEO plugin. -->","seo_head_json":{"title":"D\u0130 2 ROJAN DE 45 XWEP\u00ca\u015eANDER\u00caN ROJH\u0130LATA KURD\u0130STAN\u00ca HAT\u00ceNE \u015eEH\u00ceD K\u0130R\u0130N - Darka Maz\u00ee","robots":{"index":"index","follow":"follow","max-snippet":"max-snippet:-1","max-image-preview":"max-image-preview:large","max-video-preview":"max-video-preview:-1"},"canonical":"https:\/\/darkamazi.info\/archives\/1010072","og_locale":"en_US","og_type":"article","og_title":"D\u0130 2 ROJAN DE 45 XWEP\u00ca\u015eANDER\u00caN ROJH\u0130LATA KURD\u0130STAN\u00ca HAT\u00ceNE \u015eEH\u00ceD K\u0130R\u0130N - Darka Maz\u00ee","og_description":"Xwep\u00ea\u015fander\u00ean rojhilata Kurdistan\u00ea li bajar\u00ean Kirman\u015fan, Mer\u00eewan \u00fb Cwanro 4 \u00e7ekdar\u00ean rej\u00eema \u00eeslam\u00ee ku\u015ftin P\u00eala xwep\u00ea\u015fandan\u00ean \u00ceran\u00ea \u00fb rojhilata Kurdistan\u00ea dewam dike, li rojhilata Kurdistan\u00ea ten\u00ea di 2 rojan de, \u00e7ekdar\u00ean rej\u00eema \u00eeslam\u00ee 45 xwep\u00ea\u015fander\u00ean kurd \u015feh\u00eed kirine. R\u00eaxistna hengaw a maf\u00ean mirovan a rojhilata Kurdistan\u00ea amara her\u00ee daw\u00ee a zirar\u00ean can\u00ee \u00ean xwep\u00ea\u015fander\u00ean bajar [&hellip;]","og_url":"https:\/\/darkamazi.info\/archives\/1010072","og_site_name":"Darka Maz\u00ee","article_publisher":"https:\/\/www.facebook.com\/DarMaziKurmanci","article_published_time":"2019-11-19T17:51:04+00:00","og_image":[{"width":1280,"height":720,"url":"https:\/\/darkamazi.info\/file\/2019\/11\/sine-1.jpg","type":"image\/jpeg"}],"author":"darka mazi","twitter_card":"summary_large_image","twitter_creator":"@DarkaMaziLatini","twitter_site":"@DarkaMaziLatini","twitter_misc":{"Written by":"darka mazi","Est. reading time":"2 minutes"},"schema":{"@context":"https:\/\/schema.org","@graph":[{"@type":"Article","@id":"https:\/\/darkamazi.info\/archives\/1010072#article","isPartOf":{"@id":"https:\/\/darkamazi.info\/archives\/1010072"},"author":{"name":"darka mazi","@id":"https:\/\/darkamazi.info\/#\/schema\/person\/5ad3e24553a0567993fa8ed4bd0a776c"},"headline":"D\u0130 2 ROJAN DE 45 XWEP\u00ca\u015eANDER\u00caN ROJH\u0130LATA KURD\u0130STAN\u00ca HAT\u00ceNE \u015eEH\u00ceD K\u0130R\u0130N","datePublished":"2019-11-19T17:51:04+00:00","mainEntityOfPage":{"@id":"https:\/\/darkamazi.info\/archives\/1010072"},"wordCount":327,"publisher":{"@id":"https:\/\/darkamazi.info\/#organization"},"image":{"@id":"https:\/\/darkamazi.info\/archives\/1010072#primaryimage"},"thumbnailUrl":"https:\/\/darkamazi.info\/file\/2019\/11\/sine-1.jpg","articleSection":["Kurdistan"],"inLanguage":"en-US"},{"@type":"WebPage","@id":"https:\/\/darkamazi.info\/archives\/1010072","url":"https:\/\/darkamazi.info\/archives\/1010072","name":"D\u0130 2 ROJAN DE 45 XWEP\u00ca\u015eANDER\u00caN ROJH\u0130LATA KURD\u0130STAN\u00ca HAT\u00ceNE \u015eEH\u00ceD K\u0130R\u0130N - Darka Maz\u00ee","isPartOf":{"@id":"https:\/\/darkamazi.info\/#website"},"primaryImageOfPage":{"@id":"https:\/\/darkamazi.info\/archives\/1010072#primaryimage"},"image":{"@id":"https:\/\/darkamazi.info\/archives\/1010072#primaryimage"},"thumbnailUrl":"https:\/\/darkamazi.info\/file\/2019\/11\/sine-1.jpg","datePublished":"2019-11-19T17:51:04+00:00","breadcrumb":{"@id":"https:\/\/darkamazi.info\/archives\/1010072#breadcrumb"},"inLanguage":"en-US","potentialAction":[{"@type":"ReadAction","target":["https:\/\/darkamazi.info\/archives\/1010072"]}]},{"@type":"ImageObject","inLanguage":"en-US","@id":"https:\/\/darkamazi.info\/archives\/1010072#primaryimage","url":"https:\/\/darkamazi.info\/file\/2019\/11\/sine-1.jpg","contentUrl":"https:\/\/darkamazi.info\/file\/2019\/11\/sine-1.jpg","width":1280,"height":720,"caption":"D\u0130 2 ROJAN DE 45 XWEP\u00ca\u015eANDER\u00caN ROJH\u0130LATA KURD\u0130STAN\u00ca HAT\u00ceNE \u015eEH\u00ceD K\u0130R\u0130N"},{"@type":"BreadcrumbList","@id":"https:\/\/darkamazi.info\/archives\/1010072#breadcrumb","itemListElement":[{"@type":"ListItem","position":1,"name":"Home","item":"https:\/\/darkamazi.info\/"},{"@type":"ListItem","position":2,"name":"D\u0130 2 ROJAN DE 45 XWEP\u00ca\u015eANDER\u00caN ROJH\u0130LATA KURD\u0130STAN\u00ca HAT\u00ceNE \u015eEH\u00ceD K\u0130R\u0130N"}]},{"@type":"WebSite","@id":"https:\/\/darkamazi.info\/#website","url":"https:\/\/darkamazi.info\/","name":"Darka Maz\u00ee","description":"P\u00eageha Zanyariy\u00ean Nebih\u00eest\u00ee","publisher":{"@id":"https:\/\/darkamazi.info\/#organization"},"potentialAction":[{"@type":"SearchAction","target":{"@type":"EntryPoint","urlTemplate":"https:\/\/darkamazi.info\/?s={search_term_string}"},"query-input":{"@type":"PropertyValueSpecification","valueRequired":true,"valueName":"search_term_string"}}],"inLanguage":"en-US"},{"@type":"Organization","@id":"https:\/\/darkamazi.info\/#organization","name":"Darka Maz\u00ee","url":"https:\/\/darkamazi.info\/","logo":{"@type":"ImageObject","inLanguage":"en-US","@id":"https:\/\/darkamazi.info\/#\/schema\/logo\/image\/","url":"https:\/\/darkamazi.info\/file\/2017\/12\/darka-mazi-logo.png","contentUrl":"https:\/\/darkamazi.info\/file\/2017\/12\/darka-mazi-logo.png","width":151,"height":75,"caption":"Darka Maz\u00ee"},"image":{"@id":"https:\/\/darkamazi.info\/#\/schema\/logo\/image\/"},"sameAs":["https:\/\/www.facebook.com\/DarMaziKurmanci","https:\/\/x.com\/DarkaMaziLatini","https:\/\/www.instagram.com\/darkamazi.kurmanci\/","https:\/\/www.youtube.com\/channel\/UCa5HkTdmI8U1qCUFuTw8B2g"]},{"@type":"Person","@id":"https:\/\/darkamazi.info\/#\/schema\/person\/5ad3e24553a0567993fa8ed4bd0a776c","name":"darka mazi","sameAs":["https:\/\/darkamazi.info\/"],"url":"https:\/\/darkamazi.info\/archives\/author\/kurdi"}]}},"_links":{"self":[{"href":"https:\/\/darkamazi.info\/funavuv\/wp\/v2\/posts\/1010072","targetHints":{"allow":["GET"]}}],"collection":[{"href":"https:\/\/darkamazi.info\/funavuv\/wp\/v2\/posts"}],"about":[{"href":"https:\/\/darkamazi.info\/funavuv\/wp\/v2\/types\/post"}],"author":[{"embeddable":true,"href":"https:\/\/darkamazi.info\/funavuv\/wp\/v2\/users\/2"}],"replies":[{"embeddable":true,"href":"https:\/\/darkamazi.info\/funavuv\/wp\/v2\/comments?post=1010072"}],"version-history":[{"count":0,"href":"https:\/\/darkamazi.info\/funavuv\/wp\/v2\/posts\/1010072\/revisions"}],"wp:featuredmedia":[{"embeddable":true,"href":"https:\/\/darkamazi.info\/funavuv\/wp\/v2\/media\/1010073"}],"wp:attachment":[{"href":"https:\/\/darkamazi.info\/funavuv\/wp\/v2\/media?parent=1010072"}],"wp:term":[{"taxonomy":"category","embeddable":true,"href":"https:\/\/darkamazi.info\/funavuv\/wp\/v2\/categories?post=1010072"},{"taxonomy":"post_tag","embeddable":true,"href":"https:\/\/darkamazi.info\/funavuv\/wp\/v2\/tags?post=1010072"}],"curies":[{"name":"wp","href":"https:\/\/api.w.org\/{rel}","templated":true}]}}