{"id":1010076,"date":"2019-11-19T21:02:08","date_gmt":"2019-11-19T18:02:08","guid":{"rendered":"https:\/\/darkamazi.info\/?p=1010076"},"modified":"2019-11-19T21:02:08","modified_gmt":"2019-11-19T18:02:08","slug":"erdogan-em-dizanin-ku-emerika-dest-ji-ypge-bernade","status":"publish","type":"post","link":"https:\/\/darkamazi.info\/archives\/1010076","title":{"rendered":"ERDOGAN: EM D\u0130ZAN\u0130N KU EMER\u00ceKA DEST J\u0130 YPG\u2019\u00ca BERNADE"},"content":{"rendered":"<h3 style=\"text-align: justify\"><span style=\"font-family: 'arial black', sans-serif\">Serok komar\u00ea Tirkiy\u00ea \u00eero be\u015fdar\u00ee civ\u00eena koal\u00eesyona AKP\u2019\u00ea li parlemen\u00ea kir \u00fb hinek melef\u00ean rojeva Tirkiy\u00ea \u00fb nav\u00e7ey\u00ea nirxandin, Erdogan got: Emer\u00eeka dev ji pi\u015ftevan\u00ee kirina \u00e7ekdar\u00ean kurd bernade.<\/span><\/h3>\n<h3 style=\"text-align: justify\">Receb Tey\u00eeb Erdogan \u00eero li civ\u00eena koal\u00eesyona part\u00eeya xwe a dad \u00fb ge\u015fep\u00eadan\u00ea be\u015fdar\u00ee kir \u00fb gotar xwend, Erdogan wiha axv\u00ee: Tirkiye dizane ku Emer\u00eeka dev ji pi\u015ftevan\u00ee kirina \u00e7ekdar\u00ean kurd \u00ean li S\u00fbryay\u00ea bernade, l\u00ea bel\u00ea teko\u015f\u00eena me li dij\u00ee wan w\u00ea bi dome.<\/h3>\n<h3 style=\"text-align: justify\">Her wiha dest n\u00ee\u015fan kir, Tirkiye \u00eehsas dike ku Emer\u00eeka w\u00ea berdewam pi\u015ftgiry\u00ea ji bo \u00e7ekdar\u00ean kurd bke \u00fb got: Emer\u00eeka dixwaze YPG\u2019\u00ea wiha n\u00ee\u015fan bide ku kyaneke li dij\u00ee DAI\u015e\u2019\u00ea \u015fer kiriye.<\/h3>\n<h3 style=\"text-align: justify\">Bi ner\u00eena Erdogan YPG di xana teror\u00ea deye \u00fb tawan\u00ean dij\u00ee siv\u00eelan encam dane, her wiha tu \u015ferek li dij\u00ee DAI\u015e\u2019\u00ea nekiriye, l\u00ea a rast YPG\u2019\u00ea \u00fb HSD\u2019\u00ea p\u00eatir ji 11 hezar \u015feh\u00eedan li nav\u00e7ey\u00ean rojava kurdistan\u00ea di cenga xwe a li dij\u00ee teror\u00ea de dane.<\/h3>\n<h3 style=\"text-align: justify\">Her li derbara melefa s\u00fbry\u00ea \u00fb rojhilata Firat\u00ea, serok\u00ea Tirkiy\u00ea go ku cenga wan li nav\u00e7ey\u00ea w\u00ea bidome \u00fb \u00ead\u00ee ew r\u00ea nadin tu plane li nav\u00e7ey\u00ea b\u00eay raz\u00eeb\u00fbna wan were encam day\u00een.<\/h3>\n","protected":false},"excerpt":{"rendered":"<p>Serok komar\u00ea Tirkiy\u00ea \u00eero be\u015fdar\u00ee civ\u00eena koal\u00eesyona AKP\u2019\u00ea li parlemen\u00ea kir \u00fb hinek melef\u00ean rojeva Tirkiy\u00ea \u00fb nav\u00e7ey\u00ea nirxandin, Erdogan got: Emer\u00eeka dev ji pi\u015ftevan\u00ee kirina \u00e7ekdar\u00ean kurd bernade. Receb Tey\u00eeb Erdogan \u00eero li civ\u00eena koal\u00eesyona part\u00eeya xwe a dad \u00fb ge\u015fep\u00eadan\u00ea be\u015fdar\u00ee kir \u00fb gotar xwend, Erdogan wiha axv\u00ee: Tirkiye dizane ku Emer\u00eeka dev [&hellip;]<\/p>\n","protected":false},"author":2,"featured_media":1010077,"comment_status":"closed","ping_status":"closed","sticky":false,"template":"","format":"standard","meta":{"footnotes":""},"categories":[29],"tags":[],"class_list":["post-1010076","post","type-post","status-publish","format-standard","has-post-thumbnail","hentry","category-kurdistan"],"blocksy_meta":[],"seo_head":"<!-- This site is optimized with the Yoast SEO plugin v27.5 - https:\/\/yoast.com\/product\/yoast-seo-wordpress\/ -->\n<title>ERDOGAN: EM D\u0130ZAN\u0130N KU EMER\u00ceKA DEST J\u0130 YPG\u2019\u00ca BERNADE - Darka Maz\u00ee<\/title>\n<meta name=\"robots\" content=\"index, follow, max-snippet:-1, max-image-preview:large, max-video-preview:-1\" \/>\n<link rel=\"canonical\" href=\"https:\/\/darkamazi.info\/archives\/1010076\" \/>\n<meta property=\"og:locale\" content=\"en_US\" \/>\n<meta property=\"og:type\" content=\"article\" \/>\n<meta property=\"og:title\" content=\"ERDOGAN: EM D\u0130ZAN\u0130N KU EMER\u00ceKA DEST J\u0130 YPG\u2019\u00ca BERNADE - Darka Maz\u00ee\" \/>\n<meta property=\"og:description\" content=\"Serok komar\u00ea Tirkiy\u00ea \u00eero be\u015fdar\u00ee civ\u00eena koal\u00eesyona AKP\u2019\u00ea li parlemen\u00ea kir \u00fb hinek melef\u00ean rojeva Tirkiy\u00ea \u00fb nav\u00e7ey\u00ea nirxandin, Erdogan got: Emer\u00eeka dev ji pi\u015ftevan\u00ee kirina \u00e7ekdar\u00ean kurd bernade. Receb Tey\u00eeb Erdogan \u00eero li civ\u00eena koal\u00eesyona part\u00eeya xwe a dad \u00fb ge\u015fep\u00eadan\u00ea be\u015fdar\u00ee kir \u00fb gotar xwend, Erdogan wiha axv\u00ee: Tirkiye dizane ku Emer\u00eeka dev [&hellip;]\" \/>\n<meta property=\"og:url\" content=\"https:\/\/darkamazi.info\/archives\/1010076\" \/>\n<meta property=\"og:site_name\" content=\"Darka Maz\u00ee\" \/>\n<meta property=\"article:publisher\" content=\"https:\/\/www.facebook.com\/DarMaziKurmanci\" \/>\n<meta property=\"article:published_time\" content=\"2019-11-19T18:02:08+00:00\" \/>\n<meta property=\"og:image\" content=\"https:\/\/darkamazi.info\/file\/2019\/11\/erdogan.jpg\" \/>\n\t<meta property=\"og:image:width\" content=\"690\" \/>\n\t<meta property=\"og:image:height\" content=\"450\" \/>\n\t<meta property=\"og:image:type\" content=\"image\/jpeg\" \/>\n<meta name=\"author\" content=\"darka mazi\" \/>\n<meta name=\"twitter:card\" content=\"summary_large_image\" \/>\n<meta name=\"twitter:creator\" content=\"@DarkaMaziLatini\" \/>\n<meta name=\"twitter:site\" content=\"@DarkaMaziLatini\" \/>\n<meta name=\"twitter:label1\" content=\"Written by\" \/>\n\t<meta name=\"twitter:data1\" content=\"darka mazi\" \/>\n\t<meta name=\"twitter:label2\" content=\"Est. reading time\" \/>\n\t<meta name=\"twitter:data2\" content=\"1 minute\" \/>\n<script type=\"application\/ld+json\" class=\"seo-schema-graph\">{\"@context\":\"https:\\\/\\\/schema.org\",\"@graph\":[{\"@type\":\"Article\",\"@id\":\"https:\\\/\\\/darkamazi.info\\\/archives\\\/1010076#article\",\"isPartOf\":{\"@id\":\"https:\\\/\\\/darkamazi.info\\\/archives\\\/1010076\"},\"author\":{\"name\":\"darka mazi\",\"@id\":\"https:\\\/\\\/darkamazi.info\\\/#\\\/schema\\\/person\\\/5ad3e24553a0567993fa8ed4bd0a776c\"},\"headline\":\"ERDOGAN: EM D\u0130ZAN\u0130N KU EMER\u00ceKA DEST J\u0130 YPG\u2019\u00ca BERNADE\",\"datePublished\":\"2019-11-19T18:02:08+00:00\",\"mainEntityOfPage\":{\"@id\":\"https:\\\/\\\/darkamazi.info\\\/archives\\\/1010076\"},\"wordCount\":228,\"publisher\":{\"@id\":\"https:\\\/\\\/darkamazi.info\\\/#organization\"},\"image\":{\"@id\":\"https:\\\/\\\/darkamazi.info\\\/archives\\\/1010076#primaryimage\"},\"thumbnailUrl\":\"https:\\\/\\\/darkamazi.info\\\/darka-content\\\/uploads\\\/2019\\\/11\\\/erdogan.jpg\",\"articleSection\":[\"Kurdistan\"],\"inLanguage\":\"en-US\"},{\"@type\":\"WebPage\",\"@id\":\"https:\\\/\\\/darkamazi.info\\\/archives\\\/1010076\",\"url\":\"https:\\\/\\\/darkamazi.info\\\/archives\\\/1010076\",\"name\":\"ERDOGAN: EM D\u0130ZAN\u0130N KU EMER\u00ceKA DEST J\u0130 YPG\u2019\u00ca BERNADE - Darka Maz\u00ee\",\"isPartOf\":{\"@id\":\"https:\\\/\\\/darkamazi.info\\\/#website\"},\"primaryImageOfPage\":{\"@id\":\"https:\\\/\\\/darkamazi.info\\\/archives\\\/1010076#primaryimage\"},\"image\":{\"@id\":\"https:\\\/\\\/darkamazi.info\\\/archives\\\/1010076#primaryimage\"},\"thumbnailUrl\":\"https:\\\/\\\/darkamazi.info\\\/darka-content\\\/uploads\\\/2019\\\/11\\\/erdogan.jpg\",\"datePublished\":\"2019-11-19T18:02:08+00:00\",\"breadcrumb\":{\"@id\":\"https:\\\/\\\/darkamazi.info\\\/archives\\\/1010076#breadcrumb\"},\"inLanguage\":\"en-US\",\"potentialAction\":[{\"@type\":\"ReadAction\",\"target\":[\"https:\\\/\\\/darkamazi.info\\\/archives\\\/1010076\"]}]},{\"@type\":\"ImageObject\",\"inLanguage\":\"en-US\",\"@id\":\"https:\\\/\\\/darkamazi.info\\\/archives\\\/1010076#primaryimage\",\"url\":\"https:\\\/\\\/darkamazi.info\\\/darka-content\\\/uploads\\\/2019\\\/11\\\/erdogan.jpg\",\"contentUrl\":\"https:\\\/\\\/darkamazi.info\\\/darka-content\\\/uploads\\\/2019\\\/11\\\/erdogan.jpg\",\"width\":690,\"height\":450,\"caption\":\"ERDOGAN: EM D\u0130ZAN\u0130N KU EMER\u00ceKA DEST J\u0130 YPG\u2019\u00ca BERNADE\"},{\"@type\":\"BreadcrumbList\",\"@id\":\"https:\\\/\\\/darkamazi.info\\\/archives\\\/1010076#breadcrumb\",\"itemListElement\":[{\"@type\":\"ListItem\",\"position\":1,\"name\":\"Home\",\"item\":\"https:\\\/\\\/darkamazi.info\\\/\"},{\"@type\":\"ListItem\",\"position\":2,\"name\":\"ERDOGAN: EM D\u0130ZAN\u0130N KU EMER\u00ceKA DEST J\u0130 YPG\u2019\u00ca BERNADE\"}]},{\"@type\":\"WebSite\",\"@id\":\"https:\\\/\\\/darkamazi.info\\\/#website\",\"url\":\"https:\\\/\\\/darkamazi.info\\\/\",\"name\":\"Darka Maz\u00ee\",\"description\":\"P\u00eageha Zanyariy\u00ean Nebih\u00eest\u00ee\",\"publisher\":{\"@id\":\"https:\\\/\\\/darkamazi.info\\\/#organization\"},\"potentialAction\":[{\"@type\":\"SearchAction\",\"target\":{\"@type\":\"EntryPoint\",\"urlTemplate\":\"https:\\\/\\\/darkamazi.info\\\/?s={search_term_string}\"},\"query-input\":{\"@type\":\"PropertyValueSpecification\",\"valueRequired\":true,\"valueName\":\"search_term_string\"}}],\"inLanguage\":\"en-US\"},{\"@type\":\"Organization\",\"@id\":\"https:\\\/\\\/darkamazi.info\\\/#organization\",\"name\":\"Darka Maz\u00ee\",\"url\":\"https:\\\/\\\/darkamazi.info\\\/\",\"logo\":{\"@type\":\"ImageObject\",\"inLanguage\":\"en-US\",\"@id\":\"https:\\\/\\\/darkamazi.info\\\/#\\\/schema\\\/logo\\\/image\\\/\",\"url\":\"https:\\\/\\\/darkamazi.info\\\/darka-content\\\/uploads\\\/2017\\\/12\\\/darka-mazi-logo.png\",\"contentUrl\":\"https:\\\/\\\/darkamazi.info\\\/darka-content\\\/uploads\\\/2017\\\/12\\\/darka-mazi-logo.png\",\"width\":151,\"height\":75,\"caption\":\"Darka Maz\u00ee\"},\"image\":{\"@id\":\"https:\\\/\\\/darkamazi.info\\\/#\\\/schema\\\/logo\\\/image\\\/\"},\"sameAs\":[\"https:\\\/\\\/www.facebook.com\\\/DarMaziKurmanci\",\"https:\\\/\\\/x.com\\\/DarkaMaziLatini\",\"https:\\\/\\\/www.instagram.com\\\/darkamazi.kurmanci\\\/\",\"https:\\\/\\\/www.youtube.com\\\/channel\\\/UCa5HkTdmI8U1qCUFuTw8B2g\"]},{\"@type\":\"Person\",\"@id\":\"https:\\\/\\\/darkamazi.info\\\/#\\\/schema\\\/person\\\/5ad3e24553a0567993fa8ed4bd0a776c\",\"name\":\"darka mazi\",\"sameAs\":[\"https:\\\/\\\/darkamazi.info\\\/\"],\"url\":\"https:\\\/\\\/darkamazi.info\\\/archives\\\/author\\\/kurdi\"}]}<\/script>\n<!-- \/ Yoast SEO plugin. -->","seo_head_json":{"title":"ERDOGAN: EM D\u0130ZAN\u0130N KU EMER\u00ceKA DEST J\u0130 YPG\u2019\u00ca BERNADE - Darka Maz\u00ee","robots":{"index":"index","follow":"follow","max-snippet":"max-snippet:-1","max-image-preview":"max-image-preview:large","max-video-preview":"max-video-preview:-1"},"canonical":"https:\/\/darkamazi.info\/archives\/1010076","og_locale":"en_US","og_type":"article","og_title":"ERDOGAN: EM D\u0130ZAN\u0130N KU EMER\u00ceKA DEST J\u0130 YPG\u2019\u00ca BERNADE - Darka Maz\u00ee","og_description":"Serok komar\u00ea Tirkiy\u00ea \u00eero be\u015fdar\u00ee civ\u00eena koal\u00eesyona AKP\u2019\u00ea li parlemen\u00ea kir \u00fb hinek melef\u00ean rojeva Tirkiy\u00ea \u00fb nav\u00e7ey\u00ea nirxandin, Erdogan got: Emer\u00eeka dev ji pi\u015ftevan\u00ee kirina \u00e7ekdar\u00ean kurd bernade. Receb Tey\u00eeb Erdogan \u00eero li civ\u00eena koal\u00eesyona part\u00eeya xwe a dad \u00fb ge\u015fep\u00eadan\u00ea be\u015fdar\u00ee kir \u00fb gotar xwend, Erdogan wiha axv\u00ee: Tirkiye dizane ku Emer\u00eeka dev [&hellip;]","og_url":"https:\/\/darkamazi.info\/archives\/1010076","og_site_name":"Darka Maz\u00ee","article_publisher":"https:\/\/www.facebook.com\/DarMaziKurmanci","article_published_time":"2019-11-19T18:02:08+00:00","og_image":[{"width":690,"height":450,"url":"https:\/\/darkamazi.info\/file\/2019\/11\/erdogan.jpg","type":"image\/jpeg"}],"author":"darka mazi","twitter_card":"summary_large_image","twitter_creator":"@DarkaMaziLatini","twitter_site":"@DarkaMaziLatini","twitter_misc":{"Written by":"darka mazi","Est. reading time":"1 minute"},"schema":{"@context":"https:\/\/schema.org","@graph":[{"@type":"Article","@id":"https:\/\/darkamazi.info\/archives\/1010076#article","isPartOf":{"@id":"https:\/\/darkamazi.info\/archives\/1010076"},"author":{"name":"darka mazi","@id":"https:\/\/darkamazi.info\/#\/schema\/person\/5ad3e24553a0567993fa8ed4bd0a776c"},"headline":"ERDOGAN: EM D\u0130ZAN\u0130N KU EMER\u00ceKA DEST J\u0130 YPG\u2019\u00ca BERNADE","datePublished":"2019-11-19T18:02:08+00:00","mainEntityOfPage":{"@id":"https:\/\/darkamazi.info\/archives\/1010076"},"wordCount":228,"publisher":{"@id":"https:\/\/darkamazi.info\/#organization"},"image":{"@id":"https:\/\/darkamazi.info\/archives\/1010076#primaryimage"},"thumbnailUrl":"https:\/\/darkamazi.info\/file\/2019\/11\/erdogan.jpg","articleSection":["Kurdistan"],"inLanguage":"en-US"},{"@type":"WebPage","@id":"https:\/\/darkamazi.info\/archives\/1010076","url":"https:\/\/darkamazi.info\/archives\/1010076","name":"ERDOGAN: EM D\u0130ZAN\u0130N KU EMER\u00ceKA DEST J\u0130 YPG\u2019\u00ca BERNADE - Darka Maz\u00ee","isPartOf":{"@id":"https:\/\/darkamazi.info\/#website"},"primaryImageOfPage":{"@id":"https:\/\/darkamazi.info\/archives\/1010076#primaryimage"},"image":{"@id":"https:\/\/darkamazi.info\/archives\/1010076#primaryimage"},"thumbnailUrl":"https:\/\/darkamazi.info\/file\/2019\/11\/erdogan.jpg","datePublished":"2019-11-19T18:02:08+00:00","breadcrumb":{"@id":"https:\/\/darkamazi.info\/archives\/1010076#breadcrumb"},"inLanguage":"en-US","potentialAction":[{"@type":"ReadAction","target":["https:\/\/darkamazi.info\/archives\/1010076"]}]},{"@type":"ImageObject","inLanguage":"en-US","@id":"https:\/\/darkamazi.info\/archives\/1010076#primaryimage","url":"https:\/\/darkamazi.info\/file\/2019\/11\/erdogan.jpg","contentUrl":"https:\/\/darkamazi.info\/file\/2019\/11\/erdogan.jpg","width":690,"height":450,"caption":"ERDOGAN: EM D\u0130ZAN\u0130N KU EMER\u00ceKA DEST J\u0130 YPG\u2019\u00ca BERNADE"},{"@type":"BreadcrumbList","@id":"https:\/\/darkamazi.info\/archives\/1010076#breadcrumb","itemListElement":[{"@type":"ListItem","position":1,"name":"Home","item":"https:\/\/darkamazi.info\/"},{"@type":"ListItem","position":2,"name":"ERDOGAN: EM D\u0130ZAN\u0130N KU EMER\u00ceKA DEST J\u0130 YPG\u2019\u00ca BERNADE"}]},{"@type":"WebSite","@id":"https:\/\/darkamazi.info\/#website","url":"https:\/\/darkamazi.info\/","name":"Darka Maz\u00ee","description":"P\u00eageha Zanyariy\u00ean Nebih\u00eest\u00ee","publisher":{"@id":"https:\/\/darkamazi.info\/#organization"},"potentialAction":[{"@type":"SearchAction","target":{"@type":"EntryPoint","urlTemplate":"https:\/\/darkamazi.info\/?s={search_term_string}"},"query-input":{"@type":"PropertyValueSpecification","valueRequired":true,"valueName":"search_term_string"}}],"inLanguage":"en-US"},{"@type":"Organization","@id":"https:\/\/darkamazi.info\/#organization","name":"Darka Maz\u00ee","url":"https:\/\/darkamazi.info\/","logo":{"@type":"ImageObject","inLanguage":"en-US","@id":"https:\/\/darkamazi.info\/#\/schema\/logo\/image\/","url":"https:\/\/darkamazi.info\/file\/2017\/12\/darka-mazi-logo.png","contentUrl":"https:\/\/darkamazi.info\/file\/2017\/12\/darka-mazi-logo.png","width":151,"height":75,"caption":"Darka Maz\u00ee"},"image":{"@id":"https:\/\/darkamazi.info\/#\/schema\/logo\/image\/"},"sameAs":["https:\/\/www.facebook.com\/DarMaziKurmanci","https:\/\/x.com\/DarkaMaziLatini","https:\/\/www.instagram.com\/darkamazi.kurmanci\/","https:\/\/www.youtube.com\/channel\/UCa5HkTdmI8U1qCUFuTw8B2g"]},{"@type":"Person","@id":"https:\/\/darkamazi.info\/#\/schema\/person\/5ad3e24553a0567993fa8ed4bd0a776c","name":"darka mazi","sameAs":["https:\/\/darkamazi.info\/"],"url":"https:\/\/darkamazi.info\/archives\/author\/kurdi"}]}},"_links":{"self":[{"href":"https:\/\/darkamazi.info\/funavuv\/wp\/v2\/posts\/1010076","targetHints":{"allow":["GET"]}}],"collection":[{"href":"https:\/\/darkamazi.info\/funavuv\/wp\/v2\/posts"}],"about":[{"href":"https:\/\/darkamazi.info\/funavuv\/wp\/v2\/types\/post"}],"author":[{"embeddable":true,"href":"https:\/\/darkamazi.info\/funavuv\/wp\/v2\/users\/2"}],"replies":[{"embeddable":true,"href":"https:\/\/darkamazi.info\/funavuv\/wp\/v2\/comments?post=1010076"}],"version-history":[{"count":0,"href":"https:\/\/darkamazi.info\/funavuv\/wp\/v2\/posts\/1010076\/revisions"}],"wp:featuredmedia":[{"embeddable":true,"href":"https:\/\/darkamazi.info\/funavuv\/wp\/v2\/media\/1010077"}],"wp:attachment":[{"href":"https:\/\/darkamazi.info\/funavuv\/wp\/v2\/media?parent=1010076"}],"wp:term":[{"taxonomy":"category","embeddable":true,"href":"https:\/\/darkamazi.info\/funavuv\/wp\/v2\/categories?post=1010076"},{"taxonomy":"post_tag","embeddable":true,"href":"https:\/\/darkamazi.info\/funavuv\/wp\/v2\/tags?post=1010076"}],"curies":[{"name":"wp","href":"https:\/\/api.w.org\/{rel}","templated":true}]}}