{"id":1010079,"date":"2019-11-20T17:12:05","date_gmt":"2019-11-20T14:12:05","guid":{"rendered":"https:\/\/darkamazi.info\/?p=1010079"},"modified":"2019-11-20T17:12:05","modified_gmt":"2019-11-20T14:12:05","slug":"balefiren-ceng-20-cekdaren-ypse-li-xanesore-kustin","status":"publish","type":"post","link":"https:\/\/darkamazi.info\/archives\/1010079","title":{"rendered":"BALEF\u0130R\u00caN CENG 20 \u00c7EKDAR\u00caN YP\u015e\u2019\u00ca L\u0130 XANESOR\u00ca KU\u015eT\u0130N"},"content":{"rendered":"<h3 style=\"text-align: justify\"><span style=\"font-family: 'arial black', sans-serif\">Balefr\u00ean ceng\u00ee \u00ean Tirkiy\u00ea \u00eero baregeheke yek\u00eeney\u00ean berxwedana \u015eengal\u00ea a gir\u00eaday\u00ee PKK\u2019\u00ea, li bajarok\u00ea Xanesor\u00ea \u00ea Bakura \u015eengal\u00ea hedef kir \u00fb 20 \u00e7ekdar\u00ean w\u00ea girop\u00ea t\u00eade ku\u015ftin.<\/span><\/h3>\n<h3 style=\"text-align: justify\">\u00cero roja \u00e7ar\u015fem\u00ee 20\/11\/2019an balefir\u00ean ceng\u00ee ku guman t\u00ea kirin \u00ean arte\u015fa Tirkiy\u00ea bin, baregeheke yek\u00eeney\u00ean parastina \u015fengal\u00ea ku bi YP\u015e\u2019\u00ea t\u00ea nas kirin, li bajarok\u00ea Xanesor\u00ea \u00ea Bakura \u015eengal\u00ea hedef kir \u00fb 20 \u00e7ekdar\u00ean w\u00ea giropa gir\u00eaday\u00ee part\u00eeya Karker\u00ean Kurdistan\u00ea PKK\u2019\u00ea di hundir\u00ea baregeh\u00ea de ku\u015ftine.<\/h3>\n<h3 style=\"text-align: justify\">Wezareta kar\u00ean hundir a hik\u00fbmeta \u00ceraqa federal di beyaneke niv\u00eesk\u00ee de, tesb\u00eet kir ku balefireke nenaskir\u00ee ev \u00ear\u00ee\u015fa as\u00eeman\u00ee encam daye \u00fb 20 \u00e7ekdar\u00ea YP\u015e\u2019\u00ea t\u00eade ku\u015ftine.<\/h3>\n<h3 style=\"text-align: justify\">Her wiha e\u015fkere kir ku ew baregeh\u00ea YP\u015e\u2019\u00ea bi timamet\u00ee hat t\u00eak birin.<\/h3>\n<h3 style=\"text-align: justify\">\u00car\u00ee\u015fa \u00eero a li bajarok\u00ea xanesor\u00ea hemuxta \u00ear\u00ee\u015fa duh roja s\u00ea\u015fem\u00ee t\u00ea wexta \u00ear\u00ee\u015fa as\u00eeman\u00ee liser mala wilat\u00eeyek\u00ea Xanesor\u00ea bi nav\u00ea &#8220;\u00celyas D\u00earo&#8221; hat kirin \u00fb t\u00eade 5 \u00e7ekdar\u00ea YP\u015e\u2019\u00ea hatine berteref kirin.<\/h3>\n","protected":false},"excerpt":{"rendered":"<p>Balefr\u00ean ceng\u00ee \u00ean Tirkiy\u00ea \u00eero baregeheke yek\u00eeney\u00ean berxwedana \u015eengal\u00ea a gir\u00eaday\u00ee PKK\u2019\u00ea, li bajarok\u00ea Xanesor\u00ea \u00ea Bakura \u015eengal\u00ea hedef kir \u00fb 20 \u00e7ekdar\u00ean w\u00ea girop\u00ea t\u00eade ku\u015ftin. \u00cero roja \u00e7ar\u015fem\u00ee 20\/11\/2019an balefir\u00ean ceng\u00ee ku guman t\u00ea kirin \u00ean arte\u015fa Tirkiy\u00ea bin, baregeheke yek\u00eeney\u00ean parastina \u015fengal\u00ea ku bi YP\u015e\u2019\u00ea t\u00ea nas kirin, li bajarok\u00ea Xanesor\u00ea \u00ea [&hellip;]<\/p>\n","protected":false},"author":2,"featured_media":1010080,"comment_status":"closed","ping_status":"closed","sticky":false,"template":"","format":"standard","meta":{"footnotes":""},"categories":[29],"tags":[37],"class_list":["post-1010079","post","type-post","status-publish","format-standard","has-post-thumbnail","hentry","category-kurdistan","tag-sereke"],"blocksy_meta":[],"seo_head":"<!-- This site is optimized with the Yoast SEO plugin v27.5 - https:\/\/yoast.com\/product\/yoast-seo-wordpress\/ -->\n<title>BALEF\u0130R\u00caN CENG 20 \u00c7EKDAR\u00caN YP\u015e\u2019\u00ca L\u0130 XANESOR\u00ca KU\u015eT\u0130N - Darka Maz\u00ee<\/title>\n<meta name=\"robots\" content=\"index, follow, max-snippet:-1, max-image-preview:large, max-video-preview:-1\" \/>\n<link rel=\"canonical\" href=\"https:\/\/darkamazi.info\/archives\/1010079\" \/>\n<meta property=\"og:locale\" content=\"en_US\" \/>\n<meta property=\"og:type\" content=\"article\" \/>\n<meta property=\"og:title\" content=\"BALEF\u0130R\u00caN CENG 20 \u00c7EKDAR\u00caN YP\u015e\u2019\u00ca L\u0130 XANESOR\u00ca KU\u015eT\u0130N - Darka Maz\u00ee\" \/>\n<meta property=\"og:description\" content=\"Balefr\u00ean ceng\u00ee \u00ean Tirkiy\u00ea \u00eero baregeheke yek\u00eeney\u00ean berxwedana \u015eengal\u00ea a gir\u00eaday\u00ee PKK\u2019\u00ea, li bajarok\u00ea Xanesor\u00ea \u00ea Bakura \u015eengal\u00ea hedef kir \u00fb 20 \u00e7ekdar\u00ean w\u00ea girop\u00ea t\u00eade ku\u015ftin. \u00cero roja \u00e7ar\u015fem\u00ee 20\/11\/2019an balefir\u00ean ceng\u00ee ku guman t\u00ea kirin \u00ean arte\u015fa Tirkiy\u00ea bin, baregeheke yek\u00eeney\u00ean parastina \u015fengal\u00ea ku bi YP\u015e\u2019\u00ea t\u00ea nas kirin, li bajarok\u00ea Xanesor\u00ea \u00ea [&hellip;]\" \/>\n<meta property=\"og:url\" content=\"https:\/\/darkamazi.info\/archives\/1010079\" \/>\n<meta property=\"og:site_name\" content=\"Darka Maz\u00ee\" \/>\n<meta property=\"article:publisher\" content=\"https:\/\/www.facebook.com\/DarMaziKurmanci\" \/>\n<meta property=\"article:published_time\" content=\"2019-11-20T14:12:05+00:00\" \/>\n<meta property=\"og:image\" content=\"https:\/\/darkamazi.info\/file\/2019\/11\/1-5.jpg\" \/>\n\t<meta property=\"og:image:width\" content=\"555\" \/>\n\t<meta property=\"og:image:height\" content=\"330\" \/>\n\t<meta property=\"og:image:type\" content=\"image\/jpeg\" \/>\n<meta name=\"author\" content=\"darka mazi\" \/>\n<meta name=\"twitter:card\" content=\"summary_large_image\" \/>\n<meta name=\"twitter:creator\" content=\"@DarkaMaziLatini\" \/>\n<meta name=\"twitter:site\" content=\"@DarkaMaziLatini\" \/>\n<meta name=\"twitter:label1\" content=\"Written by\" \/>\n\t<meta name=\"twitter:data1\" content=\"darka mazi\" \/>\n\t<meta name=\"twitter:label2\" content=\"Est. reading time\" \/>\n\t<meta name=\"twitter:data2\" content=\"1 minute\" \/>\n<script type=\"application\/ld+json\" class=\"seo-schema-graph\">{\"@context\":\"https:\\\/\\\/schema.org\",\"@graph\":[{\"@type\":\"Article\",\"@id\":\"https:\\\/\\\/darkamazi.info\\\/archives\\\/1010079#article\",\"isPartOf\":{\"@id\":\"https:\\\/\\\/darkamazi.info\\\/archives\\\/1010079\"},\"author\":{\"name\":\"darka mazi\",\"@id\":\"https:\\\/\\\/darkamazi.info\\\/#\\\/schema\\\/person\\\/5ad3e24553a0567993fa8ed4bd0a776c\"},\"headline\":\"BALEF\u0130R\u00caN CENG 20 \u00c7EKDAR\u00caN YP\u015e\u2019\u00ca L\u0130 XANESOR\u00ca KU\u015eT\u0130N\",\"datePublished\":\"2019-11-20T14:12:05+00:00\",\"mainEntityOfPage\":{\"@id\":\"https:\\\/\\\/darkamazi.info\\\/archives\\\/1010079\"},\"wordCount\":184,\"publisher\":{\"@id\":\"https:\\\/\\\/darkamazi.info\\\/#organization\"},\"image\":{\"@id\":\"https:\\\/\\\/darkamazi.info\\\/archives\\\/1010079#primaryimage\"},\"thumbnailUrl\":\"https:\\\/\\\/darkamazi.info\\\/darka-content\\\/uploads\\\/2019\\\/11\\\/1-5.jpg\",\"keywords\":[\"sereke\"],\"articleSection\":[\"Kurdistan\"],\"inLanguage\":\"en-US\"},{\"@type\":\"WebPage\",\"@id\":\"https:\\\/\\\/darkamazi.info\\\/archives\\\/1010079\",\"url\":\"https:\\\/\\\/darkamazi.info\\\/archives\\\/1010079\",\"name\":\"BALEF\u0130R\u00caN CENG 20 \u00c7EKDAR\u00caN YP\u015e\u2019\u00ca L\u0130 XANESOR\u00ca KU\u015eT\u0130N - Darka Maz\u00ee\",\"isPartOf\":{\"@id\":\"https:\\\/\\\/darkamazi.info\\\/#website\"},\"primaryImageOfPage\":{\"@id\":\"https:\\\/\\\/darkamazi.info\\\/archives\\\/1010079#primaryimage\"},\"image\":{\"@id\":\"https:\\\/\\\/darkamazi.info\\\/archives\\\/1010079#primaryimage\"},\"thumbnailUrl\":\"https:\\\/\\\/darkamazi.info\\\/darka-content\\\/uploads\\\/2019\\\/11\\\/1-5.jpg\",\"datePublished\":\"2019-11-20T14:12:05+00:00\",\"breadcrumb\":{\"@id\":\"https:\\\/\\\/darkamazi.info\\\/archives\\\/1010079#breadcrumb\"},\"inLanguage\":\"en-US\",\"potentialAction\":[{\"@type\":\"ReadAction\",\"target\":[\"https:\\\/\\\/darkamazi.info\\\/archives\\\/1010079\"]}]},{\"@type\":\"ImageObject\",\"inLanguage\":\"en-US\",\"@id\":\"https:\\\/\\\/darkamazi.info\\\/archives\\\/1010079#primaryimage\",\"url\":\"https:\\\/\\\/darkamazi.info\\\/darka-content\\\/uploads\\\/2019\\\/11\\\/1-5.jpg\",\"contentUrl\":\"https:\\\/\\\/darkamazi.info\\\/darka-content\\\/uploads\\\/2019\\\/11\\\/1-5.jpg\",\"width\":555,\"height\":330,\"caption\":\"BALEF\u0130R\u00caN CENG 20 \u00c7EKDAR\u00caN YP\u015e\u2019\u00ca L\u0130 XANESOR\u00ca KU\u015eT\u0130N\"},{\"@type\":\"BreadcrumbList\",\"@id\":\"https:\\\/\\\/darkamazi.info\\\/archives\\\/1010079#breadcrumb\",\"itemListElement\":[{\"@type\":\"ListItem\",\"position\":1,\"name\":\"Home\",\"item\":\"https:\\\/\\\/darkamazi.info\\\/\"},{\"@type\":\"ListItem\",\"position\":2,\"name\":\"BALEF\u0130R\u00caN CENG 20 \u00c7EKDAR\u00caN YP\u015e\u2019\u00ca L\u0130 XANESOR\u00ca KU\u015eT\u0130N\"}]},{\"@type\":\"WebSite\",\"@id\":\"https:\\\/\\\/darkamazi.info\\\/#website\",\"url\":\"https:\\\/\\\/darkamazi.info\\\/\",\"name\":\"Darka Maz\u00ee\",\"description\":\"P\u00eageha Zanyariy\u00ean Nebih\u00eest\u00ee\",\"publisher\":{\"@id\":\"https:\\\/\\\/darkamazi.info\\\/#organization\"},\"potentialAction\":[{\"@type\":\"SearchAction\",\"target\":{\"@type\":\"EntryPoint\",\"urlTemplate\":\"https:\\\/\\\/darkamazi.info\\\/?s={search_term_string}\"},\"query-input\":{\"@type\":\"PropertyValueSpecification\",\"valueRequired\":true,\"valueName\":\"search_term_string\"}}],\"inLanguage\":\"en-US\"},{\"@type\":\"Organization\",\"@id\":\"https:\\\/\\\/darkamazi.info\\\/#organization\",\"name\":\"Darka Maz\u00ee\",\"url\":\"https:\\\/\\\/darkamazi.info\\\/\",\"logo\":{\"@type\":\"ImageObject\",\"inLanguage\":\"en-US\",\"@id\":\"https:\\\/\\\/darkamazi.info\\\/#\\\/schema\\\/logo\\\/image\\\/\",\"url\":\"https:\\\/\\\/darkamazi.info\\\/darka-content\\\/uploads\\\/2017\\\/12\\\/darka-mazi-logo.png\",\"contentUrl\":\"https:\\\/\\\/darkamazi.info\\\/darka-content\\\/uploads\\\/2017\\\/12\\\/darka-mazi-logo.png\",\"width\":151,\"height\":75,\"caption\":\"Darka Maz\u00ee\"},\"image\":{\"@id\":\"https:\\\/\\\/darkamazi.info\\\/#\\\/schema\\\/logo\\\/image\\\/\"},\"sameAs\":[\"https:\\\/\\\/www.facebook.com\\\/DarMaziKurmanci\",\"https:\\\/\\\/x.com\\\/DarkaMaziLatini\",\"https:\\\/\\\/www.instagram.com\\\/darkamazi.kurmanci\\\/\",\"https:\\\/\\\/www.youtube.com\\\/channel\\\/UCa5HkTdmI8U1qCUFuTw8B2g\"]},{\"@type\":\"Person\",\"@id\":\"https:\\\/\\\/darkamazi.info\\\/#\\\/schema\\\/person\\\/5ad3e24553a0567993fa8ed4bd0a776c\",\"name\":\"darka mazi\",\"sameAs\":[\"https:\\\/\\\/darkamazi.info\\\/\"],\"url\":\"https:\\\/\\\/darkamazi.info\\\/archives\\\/author\\\/kurdi\"}]}<\/script>\n<!-- \/ Yoast SEO plugin. -->","seo_head_json":{"title":"BALEF\u0130R\u00caN CENG 20 \u00c7EKDAR\u00caN YP\u015e\u2019\u00ca L\u0130 XANESOR\u00ca KU\u015eT\u0130N - Darka Maz\u00ee","robots":{"index":"index","follow":"follow","max-snippet":"max-snippet:-1","max-image-preview":"max-image-preview:large","max-video-preview":"max-video-preview:-1"},"canonical":"https:\/\/darkamazi.info\/archives\/1010079","og_locale":"en_US","og_type":"article","og_title":"BALEF\u0130R\u00caN CENG 20 \u00c7EKDAR\u00caN YP\u015e\u2019\u00ca L\u0130 XANESOR\u00ca KU\u015eT\u0130N - Darka Maz\u00ee","og_description":"Balefr\u00ean ceng\u00ee \u00ean Tirkiy\u00ea \u00eero baregeheke yek\u00eeney\u00ean berxwedana \u015eengal\u00ea a gir\u00eaday\u00ee PKK\u2019\u00ea, li bajarok\u00ea Xanesor\u00ea \u00ea Bakura \u015eengal\u00ea hedef kir \u00fb 20 \u00e7ekdar\u00ean w\u00ea girop\u00ea t\u00eade ku\u015ftin. \u00cero roja \u00e7ar\u015fem\u00ee 20\/11\/2019an balefir\u00ean ceng\u00ee ku guman t\u00ea kirin \u00ean arte\u015fa Tirkiy\u00ea bin, baregeheke yek\u00eeney\u00ean parastina \u015fengal\u00ea ku bi YP\u015e\u2019\u00ea t\u00ea nas kirin, li bajarok\u00ea Xanesor\u00ea \u00ea [&hellip;]","og_url":"https:\/\/darkamazi.info\/archives\/1010079","og_site_name":"Darka Maz\u00ee","article_publisher":"https:\/\/www.facebook.com\/DarMaziKurmanci","article_published_time":"2019-11-20T14:12:05+00:00","og_image":[{"width":555,"height":330,"url":"https:\/\/darkamazi.info\/file\/2019\/11\/1-5.jpg","type":"image\/jpeg"}],"author":"darka mazi","twitter_card":"summary_large_image","twitter_creator":"@DarkaMaziLatini","twitter_site":"@DarkaMaziLatini","twitter_misc":{"Written by":"darka mazi","Est. reading time":"1 minute"},"schema":{"@context":"https:\/\/schema.org","@graph":[{"@type":"Article","@id":"https:\/\/darkamazi.info\/archives\/1010079#article","isPartOf":{"@id":"https:\/\/darkamazi.info\/archives\/1010079"},"author":{"name":"darka mazi","@id":"https:\/\/darkamazi.info\/#\/schema\/person\/5ad3e24553a0567993fa8ed4bd0a776c"},"headline":"BALEF\u0130R\u00caN CENG 20 \u00c7EKDAR\u00caN YP\u015e\u2019\u00ca L\u0130 XANESOR\u00ca KU\u015eT\u0130N","datePublished":"2019-11-20T14:12:05+00:00","mainEntityOfPage":{"@id":"https:\/\/darkamazi.info\/archives\/1010079"},"wordCount":184,"publisher":{"@id":"https:\/\/darkamazi.info\/#organization"},"image":{"@id":"https:\/\/darkamazi.info\/archives\/1010079#primaryimage"},"thumbnailUrl":"https:\/\/darkamazi.info\/file\/2019\/11\/1-5.jpg","keywords":["sereke"],"articleSection":["Kurdistan"],"inLanguage":"en-US"},{"@type":"WebPage","@id":"https:\/\/darkamazi.info\/archives\/1010079","url":"https:\/\/darkamazi.info\/archives\/1010079","name":"BALEF\u0130R\u00caN CENG 20 \u00c7EKDAR\u00caN YP\u015e\u2019\u00ca L\u0130 XANESOR\u00ca KU\u015eT\u0130N - Darka Maz\u00ee","isPartOf":{"@id":"https:\/\/darkamazi.info\/#website"},"primaryImageOfPage":{"@id":"https:\/\/darkamazi.info\/archives\/1010079#primaryimage"},"image":{"@id":"https:\/\/darkamazi.info\/archives\/1010079#primaryimage"},"thumbnailUrl":"https:\/\/darkamazi.info\/file\/2019\/11\/1-5.jpg","datePublished":"2019-11-20T14:12:05+00:00","breadcrumb":{"@id":"https:\/\/darkamazi.info\/archives\/1010079#breadcrumb"},"inLanguage":"en-US","potentialAction":[{"@type":"ReadAction","target":["https:\/\/darkamazi.info\/archives\/1010079"]}]},{"@type":"ImageObject","inLanguage":"en-US","@id":"https:\/\/darkamazi.info\/archives\/1010079#primaryimage","url":"https:\/\/darkamazi.info\/file\/2019\/11\/1-5.jpg","contentUrl":"https:\/\/darkamazi.info\/file\/2019\/11\/1-5.jpg","width":555,"height":330,"caption":"BALEF\u0130R\u00caN CENG 20 \u00c7EKDAR\u00caN YP\u015e\u2019\u00ca L\u0130 XANESOR\u00ca KU\u015eT\u0130N"},{"@type":"BreadcrumbList","@id":"https:\/\/darkamazi.info\/archives\/1010079#breadcrumb","itemListElement":[{"@type":"ListItem","position":1,"name":"Home","item":"https:\/\/darkamazi.info\/"},{"@type":"ListItem","position":2,"name":"BALEF\u0130R\u00caN CENG 20 \u00c7EKDAR\u00caN YP\u015e\u2019\u00ca L\u0130 XANESOR\u00ca KU\u015eT\u0130N"}]},{"@type":"WebSite","@id":"https:\/\/darkamazi.info\/#website","url":"https:\/\/darkamazi.info\/","name":"Darka Maz\u00ee","description":"P\u00eageha Zanyariy\u00ean Nebih\u00eest\u00ee","publisher":{"@id":"https:\/\/darkamazi.info\/#organization"},"potentialAction":[{"@type":"SearchAction","target":{"@type":"EntryPoint","urlTemplate":"https:\/\/darkamazi.info\/?s={search_term_string}"},"query-input":{"@type":"PropertyValueSpecification","valueRequired":true,"valueName":"search_term_string"}}],"inLanguage":"en-US"},{"@type":"Organization","@id":"https:\/\/darkamazi.info\/#organization","name":"Darka Maz\u00ee","url":"https:\/\/darkamazi.info\/","logo":{"@type":"ImageObject","inLanguage":"en-US","@id":"https:\/\/darkamazi.info\/#\/schema\/logo\/image\/","url":"https:\/\/darkamazi.info\/file\/2017\/12\/darka-mazi-logo.png","contentUrl":"https:\/\/darkamazi.info\/file\/2017\/12\/darka-mazi-logo.png","width":151,"height":75,"caption":"Darka Maz\u00ee"},"image":{"@id":"https:\/\/darkamazi.info\/#\/schema\/logo\/image\/"},"sameAs":["https:\/\/www.facebook.com\/DarMaziKurmanci","https:\/\/x.com\/DarkaMaziLatini","https:\/\/www.instagram.com\/darkamazi.kurmanci\/","https:\/\/www.youtube.com\/channel\/UCa5HkTdmI8U1qCUFuTw8B2g"]},{"@type":"Person","@id":"https:\/\/darkamazi.info\/#\/schema\/person\/5ad3e24553a0567993fa8ed4bd0a776c","name":"darka mazi","sameAs":["https:\/\/darkamazi.info\/"],"url":"https:\/\/darkamazi.info\/archives\/author\/kurdi"}]}},"_links":{"self":[{"href":"https:\/\/darkamazi.info\/funavuv\/wp\/v2\/posts\/1010079","targetHints":{"allow":["GET"]}}],"collection":[{"href":"https:\/\/darkamazi.info\/funavuv\/wp\/v2\/posts"}],"about":[{"href":"https:\/\/darkamazi.info\/funavuv\/wp\/v2\/types\/post"}],"author":[{"embeddable":true,"href":"https:\/\/darkamazi.info\/funavuv\/wp\/v2\/users\/2"}],"replies":[{"embeddable":true,"href":"https:\/\/darkamazi.info\/funavuv\/wp\/v2\/comments?post=1010079"}],"version-history":[{"count":0,"href":"https:\/\/darkamazi.info\/funavuv\/wp\/v2\/posts\/1010079\/revisions"}],"wp:featuredmedia":[{"embeddable":true,"href":"https:\/\/darkamazi.info\/funavuv\/wp\/v2\/media\/1010080"}],"wp:attachment":[{"href":"https:\/\/darkamazi.info\/funavuv\/wp\/v2\/media?parent=1010079"}],"wp:term":[{"taxonomy":"category","embeddable":true,"href":"https:\/\/darkamazi.info\/funavuv\/wp\/v2\/categories?post=1010079"},{"taxonomy":"post_tag","embeddable":true,"href":"https:\/\/darkamazi.info\/funavuv\/wp\/v2\/tags?post=1010079"}],"curies":[{"name":"wp","href":"https:\/\/api.w.org\/{rel}","templated":true}]}}