{"id":1010096,"date":"2019-11-20T20:01:04","date_gmt":"2019-11-20T17:01:04","guid":{"rendered":"https:\/\/darkamazi.info\/?p=1010096"},"modified":"2020-06-09T19:04:36","modified_gmt":"2020-06-09T16:04:36","slug":"temure-xelil-dinivisine-ez-li-diji-demokrasiye-u-li-diji-yekitiya-milet-im","status":"publish","type":"post","link":"https:\/\/darkamazi.info\/archives\/1010096","title":{"rendered":"T\u00eam\u00fbr\u00ea Xel\u00eel dinivis\u00eene: \u201cez li dij\u00ee demokrasiy\u00ea \u00fb li dij\u00ee yek\u00eet\u00eeya milet im\u201d"},"content":{"rendered":"<h3 style=\"text-align: justify\"><span style=\"font-family: 'arial black', sans-serif\"><strong>Li Yek\u00eet\u00eeya Sovyet her biryar\u00ean j\u00eeyana milet\u00ean wel\u00eat ji Pol\u00eetby\u00fbroya Kom\u00eet\u00eaya Navbend\u00ee ya Part\u00eeya Kom\u00fbn\u00eest dihat, ku bi hezaran zane \u00fb aqilmend\u00ean wel\u00eat bi \u015f\u00eawr, tem\u00ee \u00fb fikir\u00ean xwe va al\u00eekar\u00ean w\u00ea b\u00fbn. L\u00ea dema Gorba\u00e7ov bi d\u00eamokras\u00eeya xwe \u00fb bi birat\u00eeya gelan va hat \u00fb got biryara j\u00eeyana me gerek\u00ea milet bi xwe bide, w\u00ea dem\u00ea milet dest ji van aqilmend \u00fb zaneyan ki\u015fand \u00fb da d\u00fb \u201caqilmend \u00fb zaney\u00ean\u201d \u00e7\u00eakir\u00ee, ku deng\u00ea wan bilindtir, bejina wan dir\u00eajtir, soz\u00ean wan qerasetir b\u00fbn \u00fb\u2026 welat hilwe\u015f\u00eeya\u2026<\/strong><\/span><\/h3>\n<h1 style=\"text-align: center\"><span style=\"color: #808080\"><strong><span style=\"font-family: 'arial black', sans-serif\">HILBET, H\u00caZ\u00caN PIR MEZIN DI PI\u015e V\u00ca HILWE\u015e\u00ceN\u00ca DA HEB\u00dbN.<\/span><\/strong><\/span><\/h1>\n<h3 style=\"text-align: justify\">Hem\u00fb n\u00ee\u015fan hene, ku h\u00eaz\u00ean mezin di pi\u015f xirabkirina Kurdistan\u00ea, avaneb\u00fbna dewleta serbixwe da j\u00ee hene, ku bi her awah\u00ee hewil didin ji hundur va, bi dest\u00ee xay\u00een \u00fb neyar\u00ean me projey\u00ean xwe p\u00eak b\u00eenin. \u00db ew h\u00eaz\u00ean xurt bi saz\u00eey\u00ean xwe y\u00ean ewlekar\u00eey\u00ea \u00fb ps\u00eekolog\u00ean xwe va hewil didin milet\u00ea me ji aqilmend\u00ean xwe d\u00fbr bixe \u00fb bike ev\u00eendar\u00ea kes\u00ean bi gotin\u00ean mezin \u00fb bi fikir\u00ean tar\u00ee, her mecal bi kar t\u00eenin, bona milet ji koka xwe biqete \u00fb banga birat\u00eeya gelan bide p\u00ea\u015f, bona ji ziman\u00ea xwe d\u00fbr bikeve, ziman\u00ea desthilat\u00ea biaxive, ji alaya xwe d\u00fbr bikeve, alaya \u00e7\u00eakir\u00ee bilind bike. \u00db dijmin herwiha wisa kar dike, ku bi dest\u00ee xay\u00een\u00ean me milet\u00ea me y\u00ea paqij \u00fb m\u00earxas ji bin kontrola w\u00ea dernekeve, heta r\u00eaber\u00ean ji al\u00eey\u00ea dijmin va sazkir\u00ee ser ser\u00ea xwe qeb\u00fbl bike.<\/h3>\n<h1 style=\"text-align: center\"><span style=\"font-family: 'arial black', sans-serif;color: #808080\"><strong>DIJMIN \u00c7AWA BI SER DIKEVE?<\/strong><\/span><\/h1>\n<h3 style=\"text-align: justify\">Dijmin rind zane, ku milet \u00e7iqas paqij \u00fb welatpar\u00eaz be, ewqas z\u00fb dikare bawer\u00ee bi soz\u00ean mezin b\u00eene. Wek nim\u00fbne: di sal\u00ean 1970\u00ee da li Bakur gelek part\u00ee, r\u00eaxistin, komele, saz\u00eey\u00ean kurdan y\u00ean xurt heb\u00fbn, ku rew\u015fa w\u00ea dem\u00ea didane ber \u00e7avan \u00fb daxweza otonom\u00eey\u00ea an j\u00ee federal\u00eezm\u00ea ji dewlet\u00ea dikirin. \u00db dewlet ji tirsa ku dinya w\u00ea wana di zordest\u00eey\u00ea, p\u00eapeskirina maf\u00ean mirovan da gunehkar bike, nikarib\u00fb wana ji hol\u00ea rake. R\u00eaya tek ten\u00ea ku milet xwe ji wan part\u00ee \u00fb r\u00eaxistin\u00ean welatpar\u00eaz d\u00fbr bixe, ew b\u00fb, ku ji soz\u00ean wan part\u00eeya z\u00eadetir soz bide w\u00ee. \u00db ji ni\u015fk\u00eava part\u00eeyake kurdan peyda b\u00fb, ku ne otonom\u00ee \u00fb ne federal\u00ee, l\u00ea serxweb\u00fbn dixweze. Ma milet w\u00ea bo \u00e7i bide d\u00fb kes\u00ean otonom\u00eest \u00fb federal\u00eest \u00fb nede d\u00fb serxweb\u00fbnxwazan?<\/h3>\n<h3 style=\"text-align: justify\">\u00db dema milet xwe ji part\u00eey\u00ean welatpar\u00eaz d\u00fbr xist \u00fb xwe li dora part\u00eeya \u00e7\u00eakir\u00ee civand, demek hat ku ew \u00ead\u00ee di\u015fib\u00eeya pak\u00eata \u015f\u00eer, ku dema n\u00fb ye, dikar\u00ee vexw\u00ee, l\u00ea ji filan roj\u00ea w\u00eadetir nikar\u00ee vexw\u00ee, ji ber ku dibe jehr\u00ee b\u00ee. Ango \u015f\u00eer\u00ea teze \u201cserxweb\u00fbn\u201d b\u00fb, dema kevin b\u00fb \u201db\u00fb jehr\u201d \u00fb gerek\u00ea dest j\u00ea biki\u015f\u00een\u00ee.<\/h3>\n<h3 style=\"text-align: justify\">\u00db dem hat, ku desthilat gerek\u00ea Kurdistan\u00ea xirab bike. Fikir\u00ee, \u00e7awa xirab bike, ku dinya ji xwe ra neke dijmin? \u00db r\u00ea d\u00eet! Riya kolana xendeqan. Ji xendeq\u00ean p\u00ea\u015fin bajar w\u00earan b\u00fbn, bi dehan kes hatine ku\u015ftin, bi hezaran b\u00fbn penaber, milet mal \u00fb milk\u00ea xwe h\u00ee\u015ft \u00fb ji war\u00ea kal \u00fb bavan derket, ber\u00ea xwe da xer\u00eebistan\u00ea. \u00db xendeqa p\u00ea\u015fin bo w\u00ea r\u00eaxistin\u00ea neb\u00fb ders ku dest ji w\u00ee kar\u00ee biki\u015f\u00eene. Ji dijmin ra lazim b\u00fb z\u00eade xendeq b\u00eane kolan, bo z\u00eade bajar w\u00earan bibin, z\u00eade kurd b\u00eane ku\u015ftin \u00fb z\u00eade kes terka welat\u00ea xwe bide. \u00db kolan\u2026<\/h3>\n<h3 style=\"text-align: justify\">Dijmin ji v\u00ea j\u00ee t\u00ear neb\u00fb, di projeya w\u00ee da w\u00earankirina per\u00e7ey\u00ean din y\u00ean Kurdistan\u00ea j\u00ee heb\u00fb. Bi xwe nikarib\u00fb bi le\u015fker\u00ee biketa welatek\u00ee din, j\u00ea ra sebeb lazim b\u00fb. \u00db sebeb \u00e7\u00ea kir: -Li van welatan \u201dteror\u00eest\u201d hene, em gerek\u00ea \u015fer\u00ea wan bikin. \u00db ketin\u00ea\u2026 Ku\u015ftin, w\u00earan kirin, xelk kirin penaber\u2026<\/h3>\n<h3 style=\"text-align: justify\">Ew \u201dteror\u00eest\u201d li wan welatan \u00e7i dikin? Li Ba\u015f\u00fbr meqeran \u00e7\u00ea dikin \u00fb ji ni\u015ftec\u00eey\u00ea ba\u015f\u00fbr\u00ee ra dib\u00eajin: -Tu nikar\u00ee ji gund\u00ea xwe her\u00ee gund\u00ea biray\u00ea xwe. Li Rojhilat\u00ea bo kar\u00ea xwe mae\u015f\u00ea ji desthilat\u00ea dist\u00eenin bona bi Ha\u015fd-\u00ee \u015eaabi ra tevay\u00ee \u015eengal\u00ea ji bin tes\u00eera Kurdistana Ba\u015f\u00fbr derxin \u00fb bikine di bin desthilatdar\u00eeya \u00ceraq\u00ea da. Li S\u00fbr\u00eey\u00ea daxwez\u00ean dijminan p\u00eak t\u00eenin: -Ser demek\u00ea r\u00eavebir\u00eeya her\u00eam\u00ean we bira di dest we da be, ser demek\u00ea li her deran mekteb\u00ean kurd\u00ee vekin, bo tevaya milet bi we ra be ku h\u00fbn ji bin kontrola me dernekevin. \u00db roja ku Am\u00ear\u00eeka ji we ra got: -Em\u00ea \u00e7ekan bidine we bi \u015fert\u00ea ku h\u00fbn neb\u00eajin em PKKy\u00ee ne,- rojtira din\u00ea w\u00eaney\u00ea serok\u00ea xwe hilgirin \u00fb li kolan\u00ean Kurdistana Rojava bime\u015fin. Li Bakur banga birat\u00eeya gelan \u00fb parastina yek\u00eet\u00eeya axa Tirk\u00eey\u00ea dikin.<\/h3>\n<h1 style=\"text-align: center\"><span style=\"font-family: 'arial black', sans-serif;color: #808080\"><strong>\u00c7I HEWCEDAR\u00ceYA VAN YEKAN HEB\u00db?<\/strong><\/span><\/h1>\n<h3 style=\"text-align: justify\">Dema alaya me heb\u00fb, \u00e7i hewcedar\u00eeya \u00e7\u00eakirina alaya n\u00fb heb\u00fb? Dema gotina \u201dp\u00ea\u015fmerge\u201d heb\u00fb, \u00e7i hewcedar\u00eeya gotina \u201dg\u00ear\u00eella\u201d heb\u00fb? Dema ziman\u00ea me heye, \u00e7i hewcedar\u00ee heb\u00fb kar\u00ea xwe bi ziman\u00ea dijmin bikin? Bo \u00e7i ez\u00ea \u201dKurdistana Rojava\u201d bikim \u201dRojava\u201d, pi\u015ft ra j\u00ee bikim \u201dBakur\u00ea S\u00fbr\u00eey\u00ea\u201d? Ev hem\u00fb kar\u00ea psychologist \u00fb psychiatrist y\u00ean dijmin in, ku p\u00ea\u015fn\u00eeyara wan a here serket\u00ee ev b\u00fb: serokek\u00ee din hilnebij\u00earin, ji ber ku nav\u00ea serokek\u00ee ket\u00eeye guh\u00ea xelk\u00ea \u00fb t\u00ea da mohr b\u00fbye, eger serokek\u00ee din be, guh\u00ea fanat\u00eek\u00ean w\u00ea r\u00eaxistin\u00ea w\u00ea w\u00ee nav\u00ee qeb\u00fbl neke \u00fb tirsa jihevbelab\u00fbna r\u00eaxistin\u00ea heye.<\/h3>\n<h1 style=\"text-align: center\"><span style=\"font-family: 'arial black', sans-serif;color: #808080\"><strong>EZ BO \u00c7I DIJ\u00ce D\u00caMOKRAS\u00ceY\u00ca \u00db DIJ\u00ce YEK\u00ceT\u00ceYA KURDA ME\u2026<\/strong><\/span><\/h1>\n<h3 style=\"text-align: justify\">Yek\u00eet\u00eeya milet \u00e7i ye? Ez \u00fb dewletnexwaz, xwed\u00eey\u00ea kolana xendeqan, parastvan\u00ea yek\u00eet\u00eeya axa Tirk\u00eey\u00ea, kes\u00ean dij\u00ee alaya Kurdistan\u00ea \u00fb dij\u00ee ziman\u00ea kurd\u00ee gerek\u00ea bibin yek. Encama w\u00ea yekb\u00fbn\u00ea w\u00ea bibe \u00e7i? Ji ber ku ewana bi jimara xwe va pirtir in, di her dengdaneke bi awah\u00ea d\u00eamokras\u00eey\u00ea da w\u00ea zora min \u00fb kes\u00ean dervay\u00ee xwe bibin. Ango, ez\u00ea b\u00ea hemd\u00ee xwe bibim \u015fir\u00eek\u00ea p\u00eakan\u00eena daxwez\u00ean dijmin\u00ea xwe. Hilbet, heq\u00ea min heye di dengdan\u00ea da dij\u00ee wan daxwezan derkevim, l\u00ea ew\u00ea pere neke. Bi kurt\u00ee, eger ber\u00ee yek\u00eet\u00eeya di nava milet da n\u00eev\u00ea kurdan daxwez\u00ean dijmin p\u00eak dian\u00een, pi\u015ft\u00ee yek\u00eet\u00eey\u00ea jimara wan dibe tevaya milet.<\/h3>\n<h1 style=\"text-align: center\"><span style=\"color: #808080;font-family: 'arial black', sans-serif\"><strong>PKK \u00db G\u00caR\u00ceLLA WEKE KU JI DU MILET\u00caN CUDA \u00db JI DU WELAT\u00caN CUDA NE.<\/strong><\/span><\/h1>\n<h3 style=\"text-align: justify\">Gerek\u00ea hewil bidin zarok\u00ean me y\u00ean paqij \u00fb m\u00earxas ji van kesan d\u00fbr bixin. Weke ku ev kes \u00fb zarok\u00ean me y\u00ean dilsoz ji du milet\u00ean cuda \u00fb ji du welat\u00ean cuda ne.<\/h3>\n<h3 style=\"text-align: justify\"><strong>Abdullah&nbsp;Ocalan:&nbsp;-Ez di xizmeta dewlet\u00ea da me, f\u0131rsend bidin min ez z\u00eadetir xizmet bikim.&nbsp;Nabe ku Kurd bibin dewlet. Ji ber ko w\u00ea \u00e7ax\u00ea d\u00ea bi\u015fibe dewleta \u00cesra\u00eel.<\/strong><\/h3>\n<h3 style=\"text-align: justify\"><strong>Cem\u00eel Bay\u0131k: Me dev ji fikra Kurdistana serbixwe berda.<br \/>\nSelahattin Demirta\u015f: Em dewleta Kurd\u00ee naxwazin. Ti armancek me ya bo par\u00e7ekirina Tirk\u00ee tine ye.<br \/>\nDuran Kalkan: Bi nav\u00ea Kurd netewek tine ye.<br \/>\nSalih M\u00fcslim: Dema fikra serxweb\u00fbna dewleta Kurd\u00ee derbas b\u00fbye. Em ji boy S\u00fbr\u00eeyeke demokrat\u00eek \u015fer dikin.<br \/>\nRiza Altun: \u201dAvab\u00fbna dewleteke kurd ew\u00ea probleman z\u00eade bike. Em doza kurd wek dozeke netew\u00ee ya teng nab\u00eenin. Her dewleta ava b\u00fbye, b\u00fbye sebeb\u00ea probleman, lema j\u00ee em li dij\u00ee avab\u00fbna dewleteke kurd in.<\/strong><\/h3>\n<h3 style=\"text-align: justify\"><strong>Hatip Dicle 1: Me fikra serxweb\u00fbna dewleta Kurd\u00ee av\u00eat teneka \u00e7op\u00ea.<\/strong><\/h3>\n<h3 style=\"text-align: justify\"><strong>Hatip Dicle 2:&nbsp;\u201eHeke wek\u00eel\u00ean HDP ji mecl\u00ees\u00ea b\u00ean av\u00eatin, w\u00ea cudab\u00fbn di ser\u00ea Kurdan de b\u00ea vejandin \u00fb Kurd d\u00ea doza cudab\u00fbn\u00ea bikin. Yekr\u00eaz\u00ee \u00fb yekpar\u00eeya Tirk\u00eey\u00ea erka me ye.<\/strong><\/h3>\n<h3 style=\"text-align: justify\"><strong>Abdullah Ocalan2: \u201cHeger qelema me bi\u015fik\u00eenin \u00fb me qir bikin, hin partiy\u00ean kurd amade ne ji bo werin li \u015f\u00fbna me r\u00fbnin. W\u00ea doza daxwaz\u00ean girantir li Tirkiyey\u00ea bikin. Haya Tirkiyey\u00ea j\u00ea tuneye b\u00ea di nav xetereyeke \u00e7awa de ye. Kurd \u00ea siberoj\u00ea bibin xwedan dewleteke netew\u00ee.\u201d<\/strong><\/h3>\n<h3 style=\"text-align: justify\"><strong>Nursel Aydogan:&nbsp;\u201dHeger ne ji PKK\u00ea \u00fb Ocalan be w\u00ea Emer\u00eeka \u00fb Ing\u00eeltere dewleta Kurdistaneke mezin biafir\u00eenin. Ocalan li himber\u00ee kurd\u00ean her\u00e7ar per\u00e7eyan ku nebin yek, kelem\u00ea her\u00ee mezin e! Heger PKK ji hol\u00ea fik bibe w\u00ea li Rohilata Nav\u00een dewleteke mezin a kurdan \u00e7\u00eabibe\u2026\u201d.&nbsp;\u201eEmperyel\u00eest\u00ean Emer\u00eeka \u00fb \u00cengil\u00eezan xwestin ku dewletek Kurd ava bikin. Me (HDP) \u00fb PKK p\u00ea\u015f\u00eeya v\u00ea girt. H\u00eaza serete a ku li p\u00ea\u015fber\u00ee avakirina dewleta Kurd astenge, raman\u00ean Ocalan \u00fb PKK ye. Div\u00ea hikumeta AKP di v\u00ee war\u00ee de xizmeta me (HDP) bib\u00eene. Ne ku q\u00eemet\u00ea bide Barzan\u00ee, div\u00ea bide me\u201c(!)<\/strong><\/h3>\n<h3 style=\"text-align: justify\"><strong>Sibel Yi\u011fitalp: \u201eLi henber wan y\u00ean ku dixwazin welat\u00ea me per\u00e7e bikin, li henber fa\u015f\u00eezm\u00ea, bi Kurd, Tirk, Ermen\u00ee, As\u00fbr\u00ee, jin, m\u00ear li cem hev, bi hev re, ji bona jiyanek hevpar \u00fb hurmetkar, edresa rast HDP ye.\u201c<\/strong><\/h3>\n<h3 style=\"text-align: justify\">PJAK li Rojhilat\u00ea Kurdistan\u00ea dib\u00eaje; \u201cdaxwaz\u00eeya me demokrat\u00eekb\u00fbna Dewleta \u00ceran\u00ea ye.\u201d<\/h3>\n<h3 style=\"text-align: justify\">PYD li Rojavay\u00ea Kurdistan\u00ea dib\u00eaje; \u201cdaxwaz\u00eeya me demokrat\u00eekb\u00fbna Dewleta S\u00fbr\u00eey\u00ea ye\u201d<\/h3>\n<h3 style=\"text-align: justify\">PKK li Bakur\u00ea Kurdistan\u00ea dib\u00eaje; \u201cdaxwaz\u00eeya me demokrat\u00eekb\u00fbna Dewleta Tirk\u00eey\u00ea ye\u201d<\/h3>\n<h3 style=\"text-align: justify\">Hevserok\u00ea Desteya R\u00eaveber a KCK\u00ea Cem\u00eel Bayik: \u201cPKK\u00ea ya di roja me de cuda ye. Ne Kurdistaneke serbixwe, em \u00ead\u00ee konfederasyona demokrat\u00eek \u00fb xweseriy\u00ea dixwazin. M\u00eena \u00e7and\u00ean din, \u00e7anda Kurd j\u00ee div\u00ea karibe bi awayek\u00ee azad bi p\u00ea\u015f bikeve\u201d.<\/h3>\n<h3 style=\"text-align: justify\">Hevserok\u00ea KCD\u2019\u00ea Ehmed Turk: \u201cDamezirandina Kurdistaneke azad \u00fb serbexoy\u00ee bo Kurdan xwe ku\u015ftin\u00ee ye-\u00eent\u00eexar e.\u201d<\/h3>\n<h3 style=\"text-align: justify\">Hevseroka KCK\u2019\u00ea Bes\u00ea Hozat (Hulya Oran-r\u00eaje): \u201cArmanca me ne damezirandina Kurdistan\u00ea ye, me 13 sal ber\u00ea mijara netew-dewletb\u00fbn\u00ea ji bernameya xwe derxist.<\/h3>\n<h3 style=\"text-align: justify\">Parlamenter\u00ea BDP\u2019y\u00ee Sirri Sureyya Onder: \u201cAtaturk kesayet\u00eeyek\u00ee her\u00ee aqilmend\u00ea y\u00ea sedsal\u00ea<\/h3>\n<ol>\n<li>\n<h3>Ew \u015fexs\u00eeyetek\u00ee her\u00ee bi q\u00eeymet e.\u201d<\/h3>\n<\/li>\n<\/ol>\n<h3 style=\"text-align: justify\">Parlamenter\u00ea BDP\u2019\u00ea y\u00ea Hakar\u00ee Adil Zozan\u00ee: \u201cAla Tirk\u00ee em\u00ea hildin jor.\u201d<br \/>\nBDP dib\u00eaje: \u201cH\u00een derdor naxwazin ku Tirk\u00ee xurt bibe, em li gel xurtb\u00fbna Tirk\u00ee ne.\u201d<\/h3>\n<h3 style=\"text-align: justify\">Serok\u00ea PKK\u00ea Abdullah Ocalan ji Ewrupay\u00ea re: \u201cPirsgir\u00eaka Kurd, kar\u00ea Tirk\u00ee y\u00ea hundir\u00een e, we t\u00eakildar nake\u201d.<\/h3>\n<h3 style=\"text-align: justify\">Ocalan bers\u00eeveke pirsa rojnamevana tirk ya navdar \u0130lnur \u00c7evik\u00ea ha dide:&nbsp;<strong>\u201eAK Part\u00ee xurt dibe. PKKy\u00ee gerek\u00ea bi h\u00eaz\u00ean kemal\u00eest re tevbigerin \u00fb ji n\u00fbve \u015fer destp\u00ea bikin<\/strong>.\u201c(!)<\/h3>\n<h3 style=\"text-align: center\"><strong>\u00a4\u00a4\u00a4<\/strong><\/h3>\n<h3 style=\"text-align: justify\"><strong>\u00cemp\u00earator\u00eeya Osman\u00eey\u00ea hilwe\u015f\u00eeya, \u00e7end dewlet\u00ean n\u00fb \u00e7\u00ea b\u00fbn, di nav wan da \u00ceraq \u00fb S\u00fbr\u00eeya y\u00ean dagirkar\u00ean Kurdistan\u00ea. Yek\u00eet\u00eeya Sovyet hilwe\u015f\u00eeya, 15 dewlet\u00ean n\u00fb \u00e7\u00ea b\u00fbn, di nav wan da Azirb\u00eacana dagirkara Kurdistana Sor. Dewlet\u00ean dagirkar\u00ean Kurdistan\u00ea j\u00ee dikarin hilwe\u015fin \u00fb dikare dewleta Kurdistan\u00ea j\u00ee ava bibe. Ten\u00ea bi \u015fertek\u00ee dikare Kurdistan ava nebe: -eger kurd bi xwe nexwezin. Xuya ye dijmin bi dest\u00ee xay\u00een\u00ean me hewil dide w\u00ea mesel\u00ea j\u00ee \u00e7areser bike \u00fb heta dereceyek\u00ea bi ser ket\u00eeye. Em gerek\u00ea bi tevaya h\u00eaza xwe derkevine dij\u00ee kes\u00ean ku hewil didin v\u00ea daxweza dijmin p\u00eak b\u00eenin.<\/strong><\/h3>\n<p>&nbsp;<\/p>\n<p style=\"direction: ltr\"><a href=\"http:\/\/avestakurd.net\/blog\/2019\/11\/19\/temure-xelil-ez-li-diji-demokrasiye-u-li-diji-yekitiya-milet-im\/\" target=\"_blank\"><span style=\"color: #3366ff\"><strong>J\u00eader: avestakurd<\/strong><\/span><\/a><\/p>\n","protected":false},"excerpt":{"rendered":"<p>Li Yek\u00eet\u00eeya Sovyet her biryar\u00ean j\u00eeyana milet\u00ean wel\u00eat ji Pol\u00eetby\u00fbroya Kom\u00eet\u00eaya Navbend\u00ee ya Part\u00eeya Kom\u00fbn\u00eest dihat, ku bi hezaran zane \u00fb aqilmend\u00ean wel\u00eat bi \u015f\u00eawr, tem\u00ee \u00fb fikir\u00ean xwe va al\u00eekar\u00ean w\u00ea b\u00fbn. L\u00ea dema Gorba\u00e7ov bi d\u00eamokras\u00eeya xwe \u00fb bi birat\u00eeya gelan va hat \u00fb got biryara j\u00eeyana me gerek\u00ea milet bi xwe bide, [&hellip;]<\/p>\n","protected":false},"author":2,"featured_media":1010097,"comment_status":"closed","ping_status":"closed","sticky":false,"template":"","format":"standard","meta":{"footnotes":""},"categories":[28],"tags":[37],"class_list":["post-1010096","post","type-post","status-publish","format-standard","has-post-thumbnail","hentry","category-nerin","tag-sereke"],"blocksy_meta":[],"seo_head":"<!-- This site is optimized with the Yoast SEO plugin v27.5 - https:\/\/yoast.com\/product\/yoast-seo-wordpress\/ -->\n<title>T\u00eam\u00fbr\u00ea Xel\u00eel dinivis\u00eene: \u201cez li dij\u00ee demokrasiy\u00ea \u00fb li dij\u00ee yek\u00eet\u00eeya milet im\u201d - Darka Maz\u00ee<\/title>\n<meta name=\"robots\" content=\"index, follow, max-snippet:-1, max-image-preview:large, max-video-preview:-1\" \/>\n<link rel=\"canonical\" href=\"https:\/\/darkamazi.info\/archives\/1010096\" \/>\n<meta property=\"og:locale\" content=\"en_US\" \/>\n<meta property=\"og:type\" content=\"article\" \/>\n<meta property=\"og:title\" content=\"T\u00eam\u00fbr\u00ea Xel\u00eel dinivis\u00eene: \u201cez li dij\u00ee demokrasiy\u00ea \u00fb li dij\u00ee yek\u00eet\u00eeya milet im\u201d - Darka Maz\u00ee\" \/>\n<meta property=\"og:description\" content=\"Li Yek\u00eet\u00eeya Sovyet her biryar\u00ean j\u00eeyana milet\u00ean wel\u00eat ji Pol\u00eetby\u00fbroya Kom\u00eet\u00eaya Navbend\u00ee ya Part\u00eeya Kom\u00fbn\u00eest dihat, ku bi hezaran zane \u00fb aqilmend\u00ean wel\u00eat bi \u015f\u00eawr, tem\u00ee \u00fb fikir\u00ean xwe va al\u00eekar\u00ean w\u00ea b\u00fbn. L\u00ea dema Gorba\u00e7ov bi d\u00eamokras\u00eeya xwe \u00fb bi birat\u00eeya gelan va hat \u00fb got biryara j\u00eeyana me gerek\u00ea milet bi xwe bide, [&hellip;]\" \/>\n<meta property=\"og:url\" content=\"https:\/\/darkamazi.info\/archives\/1010096\" \/>\n<meta property=\"og:site_name\" content=\"Darka Maz\u00ee\" \/>\n<meta property=\"article:publisher\" content=\"https:\/\/www.facebook.com\/DarMaziKurmanci\" \/>\n<meta property=\"article:published_time\" content=\"2019-11-20T17:01:04+00:00\" \/>\n<meta property=\"article:modified_time\" content=\"2020-06-09T16:04:36+00:00\" \/>\n<meta property=\"og:image\" content=\"https:\/\/darkamazi.info\/file\/2019\/11\/temur-xelil.png\" \/>\n\t<meta property=\"og:image:width\" content=\"600\" \/>\n\t<meta property=\"og:image:height\" content=\"401\" \/>\n\t<meta property=\"og:image:type\" content=\"image\/png\" \/>\n<meta name=\"author\" content=\"darka mazi\" \/>\n<meta name=\"twitter:card\" content=\"summary_large_image\" \/>\n<meta name=\"twitter:creator\" content=\"@DarkaMaziLatini\" \/>\n<meta name=\"twitter:site\" content=\"@DarkaMaziLatini\" \/>\n<meta name=\"twitter:label1\" content=\"Written by\" \/>\n\t<meta name=\"twitter:data1\" content=\"darka mazi\" \/>\n\t<meta name=\"twitter:label2\" content=\"Est. reading time\" \/>\n\t<meta name=\"twitter:data2\" content=\"9 minutes\" \/>\n<script type=\"application\/ld+json\" class=\"seo-schema-graph\">{\"@context\":\"https:\\\/\\\/schema.org\",\"@graph\":[{\"@type\":\"Article\",\"@id\":\"https:\\\/\\\/darkamazi.info\\\/archives\\\/1010096#article\",\"isPartOf\":{\"@id\":\"https:\\\/\\\/darkamazi.info\\\/archives\\\/1010096\"},\"author\":{\"name\":\"darka mazi\",\"@id\":\"https:\\\/\\\/darkamazi.info\\\/#\\\/schema\\\/person\\\/5ad3e24553a0567993fa8ed4bd0a776c\"},\"headline\":\"T\u00eam\u00fbr\u00ea Xel\u00eel dinivis\u00eene: \u201cez li dij\u00ee demokrasiy\u00ea \u00fb li dij\u00ee yek\u00eet\u00eeya milet im\u201d\",\"datePublished\":\"2019-11-20T17:01:04+00:00\",\"dateModified\":\"2020-06-09T16:04:36+00:00\",\"mainEntityOfPage\":{\"@id\":\"https:\\\/\\\/darkamazi.info\\\/archives\\\/1010096\"},\"wordCount\":1913,\"publisher\":{\"@id\":\"https:\\\/\\\/darkamazi.info\\\/#organization\"},\"image\":{\"@id\":\"https:\\\/\\\/darkamazi.info\\\/archives\\\/1010096#primaryimage\"},\"thumbnailUrl\":\"https:\\\/\\\/darkamazi.info\\\/darka-content\\\/uploads\\\/2019\\\/11\\\/temur-xelil.png\",\"keywords\":[\"sereke\"],\"articleSection\":[\"Ner\u00een\"],\"inLanguage\":\"en-US\"},{\"@type\":\"WebPage\",\"@id\":\"https:\\\/\\\/darkamazi.info\\\/archives\\\/1010096\",\"url\":\"https:\\\/\\\/darkamazi.info\\\/archives\\\/1010096\",\"name\":\"T\u00eam\u00fbr\u00ea Xel\u00eel dinivis\u00eene: \u201cez li dij\u00ee demokrasiy\u00ea \u00fb li dij\u00ee yek\u00eet\u00eeya milet im\u201d - Darka Maz\u00ee\",\"isPartOf\":{\"@id\":\"https:\\\/\\\/darkamazi.info\\\/#website\"},\"primaryImageOfPage\":{\"@id\":\"https:\\\/\\\/darkamazi.info\\\/archives\\\/1010096#primaryimage\"},\"image\":{\"@id\":\"https:\\\/\\\/darkamazi.info\\\/archives\\\/1010096#primaryimage\"},\"thumbnailUrl\":\"https:\\\/\\\/darkamazi.info\\\/darka-content\\\/uploads\\\/2019\\\/11\\\/temur-xelil.png\",\"datePublished\":\"2019-11-20T17:01:04+00:00\",\"dateModified\":\"2020-06-09T16:04:36+00:00\",\"breadcrumb\":{\"@id\":\"https:\\\/\\\/darkamazi.info\\\/archives\\\/1010096#breadcrumb\"},\"inLanguage\":\"en-US\",\"potentialAction\":[{\"@type\":\"ReadAction\",\"target\":[\"https:\\\/\\\/darkamazi.info\\\/archives\\\/1010096\"]}]},{\"@type\":\"ImageObject\",\"inLanguage\":\"en-US\",\"@id\":\"https:\\\/\\\/darkamazi.info\\\/archives\\\/1010096#primaryimage\",\"url\":\"https:\\\/\\\/darkamazi.info\\\/darka-content\\\/uploads\\\/2019\\\/11\\\/temur-xelil.png\",\"contentUrl\":\"https:\\\/\\\/darkamazi.info\\\/darka-content\\\/uploads\\\/2019\\\/11\\\/temur-xelil.png\",\"width\":600,\"height\":401,\"caption\":\"T\u00caM\u00dbR\u00ca XEL\u00ceL D\u0130N\u0130V\u0130S\u00ceNE: \u201cEZ L\u0130 D\u0130J\u00ce D\u00caMOKRAS\u00ceY\u00ca \u00db L\u0130 D\u0130J\u00ce YEK\u00ceT\u00ceYA M\u0130LET \u0130M\u201d\"},{\"@type\":\"BreadcrumbList\",\"@id\":\"https:\\\/\\\/darkamazi.info\\\/archives\\\/1010096#breadcrumb\",\"itemListElement\":[{\"@type\":\"ListItem\",\"position\":1,\"name\":\"Home\",\"item\":\"https:\\\/\\\/darkamazi.info\\\/\"},{\"@type\":\"ListItem\",\"position\":2,\"name\":\"T\u00eam\u00fbr\u00ea Xel\u00eel dinivis\u00eene: \u201cez li dij\u00ee demokrasiy\u00ea \u00fb li dij\u00ee yek\u00eet\u00eeya milet im\u201d\"}]},{\"@type\":\"WebSite\",\"@id\":\"https:\\\/\\\/darkamazi.info\\\/#website\",\"url\":\"https:\\\/\\\/darkamazi.info\\\/\",\"name\":\"Darka Maz\u00ee\",\"description\":\"P\u00eageha Zanyariy\u00ean Nebih\u00eest\u00ee\",\"publisher\":{\"@id\":\"https:\\\/\\\/darkamazi.info\\\/#organization\"},\"potentialAction\":[{\"@type\":\"SearchAction\",\"target\":{\"@type\":\"EntryPoint\",\"urlTemplate\":\"https:\\\/\\\/darkamazi.info\\\/?s={search_term_string}\"},\"query-input\":{\"@type\":\"PropertyValueSpecification\",\"valueRequired\":true,\"valueName\":\"search_term_string\"}}],\"inLanguage\":\"en-US\"},{\"@type\":\"Organization\",\"@id\":\"https:\\\/\\\/darkamazi.info\\\/#organization\",\"name\":\"Darka Maz\u00ee\",\"url\":\"https:\\\/\\\/darkamazi.info\\\/\",\"logo\":{\"@type\":\"ImageObject\",\"inLanguage\":\"en-US\",\"@id\":\"https:\\\/\\\/darkamazi.info\\\/#\\\/schema\\\/logo\\\/image\\\/\",\"url\":\"https:\\\/\\\/darkamazi.info\\\/darka-content\\\/uploads\\\/2017\\\/12\\\/darka-mazi-logo.png\",\"contentUrl\":\"https:\\\/\\\/darkamazi.info\\\/darka-content\\\/uploads\\\/2017\\\/12\\\/darka-mazi-logo.png\",\"width\":151,\"height\":75,\"caption\":\"Darka Maz\u00ee\"},\"image\":{\"@id\":\"https:\\\/\\\/darkamazi.info\\\/#\\\/schema\\\/logo\\\/image\\\/\"},\"sameAs\":[\"https:\\\/\\\/www.facebook.com\\\/DarMaziKurmanci\",\"https:\\\/\\\/x.com\\\/DarkaMaziLatini\",\"https:\\\/\\\/www.instagram.com\\\/darkamazi.kurmanci\\\/\",\"https:\\\/\\\/www.youtube.com\\\/channel\\\/UCa5HkTdmI8U1qCUFuTw8B2g\"]},{\"@type\":\"Person\",\"@id\":\"https:\\\/\\\/darkamazi.info\\\/#\\\/schema\\\/person\\\/5ad3e24553a0567993fa8ed4bd0a776c\",\"name\":\"darka mazi\",\"sameAs\":[\"https:\\\/\\\/darkamazi.info\\\/\"],\"url\":\"https:\\\/\\\/darkamazi.info\\\/archives\\\/author\\\/kurdi\"}]}<\/script>\n<!-- \/ Yoast SEO plugin. -->","seo_head_json":{"title":"T\u00eam\u00fbr\u00ea Xel\u00eel dinivis\u00eene: \u201cez li dij\u00ee demokrasiy\u00ea \u00fb li dij\u00ee yek\u00eet\u00eeya milet im\u201d - Darka Maz\u00ee","robots":{"index":"index","follow":"follow","max-snippet":"max-snippet:-1","max-image-preview":"max-image-preview:large","max-video-preview":"max-video-preview:-1"},"canonical":"https:\/\/darkamazi.info\/archives\/1010096","og_locale":"en_US","og_type":"article","og_title":"T\u00eam\u00fbr\u00ea Xel\u00eel dinivis\u00eene: \u201cez li dij\u00ee demokrasiy\u00ea \u00fb li dij\u00ee yek\u00eet\u00eeya milet im\u201d - Darka Maz\u00ee","og_description":"Li Yek\u00eet\u00eeya Sovyet her biryar\u00ean j\u00eeyana milet\u00ean wel\u00eat ji Pol\u00eetby\u00fbroya Kom\u00eet\u00eaya Navbend\u00ee ya Part\u00eeya Kom\u00fbn\u00eest dihat, ku bi hezaran zane \u00fb aqilmend\u00ean wel\u00eat bi \u015f\u00eawr, tem\u00ee \u00fb fikir\u00ean xwe va al\u00eekar\u00ean w\u00ea b\u00fbn. L\u00ea dema Gorba\u00e7ov bi d\u00eamokras\u00eeya xwe \u00fb bi birat\u00eeya gelan va hat \u00fb got biryara j\u00eeyana me gerek\u00ea milet bi xwe bide, [&hellip;]","og_url":"https:\/\/darkamazi.info\/archives\/1010096","og_site_name":"Darka Maz\u00ee","article_publisher":"https:\/\/www.facebook.com\/DarMaziKurmanci","article_published_time":"2019-11-20T17:01:04+00:00","article_modified_time":"2020-06-09T16:04:36+00:00","og_image":[{"width":600,"height":401,"url":"https:\/\/darkamazi.info\/file\/2019\/11\/temur-xelil.png","type":"image\/png"}],"author":"darka mazi","twitter_card":"summary_large_image","twitter_creator":"@DarkaMaziLatini","twitter_site":"@DarkaMaziLatini","twitter_misc":{"Written by":"darka mazi","Est. reading time":"9 minutes"},"schema":{"@context":"https:\/\/schema.org","@graph":[{"@type":"Article","@id":"https:\/\/darkamazi.info\/archives\/1010096#article","isPartOf":{"@id":"https:\/\/darkamazi.info\/archives\/1010096"},"author":{"name":"darka mazi","@id":"https:\/\/darkamazi.info\/#\/schema\/person\/5ad3e24553a0567993fa8ed4bd0a776c"},"headline":"T\u00eam\u00fbr\u00ea Xel\u00eel dinivis\u00eene: \u201cez li dij\u00ee demokrasiy\u00ea \u00fb li dij\u00ee yek\u00eet\u00eeya milet im\u201d","datePublished":"2019-11-20T17:01:04+00:00","dateModified":"2020-06-09T16:04:36+00:00","mainEntityOfPage":{"@id":"https:\/\/darkamazi.info\/archives\/1010096"},"wordCount":1913,"publisher":{"@id":"https:\/\/darkamazi.info\/#organization"},"image":{"@id":"https:\/\/darkamazi.info\/archives\/1010096#primaryimage"},"thumbnailUrl":"https:\/\/darkamazi.info\/file\/2019\/11\/temur-xelil.png","keywords":["sereke"],"articleSection":["Ner\u00een"],"inLanguage":"en-US"},{"@type":"WebPage","@id":"https:\/\/darkamazi.info\/archives\/1010096","url":"https:\/\/darkamazi.info\/archives\/1010096","name":"T\u00eam\u00fbr\u00ea Xel\u00eel dinivis\u00eene: \u201cez li dij\u00ee demokrasiy\u00ea \u00fb li dij\u00ee yek\u00eet\u00eeya milet im\u201d - Darka Maz\u00ee","isPartOf":{"@id":"https:\/\/darkamazi.info\/#website"},"primaryImageOfPage":{"@id":"https:\/\/darkamazi.info\/archives\/1010096#primaryimage"},"image":{"@id":"https:\/\/darkamazi.info\/archives\/1010096#primaryimage"},"thumbnailUrl":"https:\/\/darkamazi.info\/file\/2019\/11\/temur-xelil.png","datePublished":"2019-11-20T17:01:04+00:00","dateModified":"2020-06-09T16:04:36+00:00","breadcrumb":{"@id":"https:\/\/darkamazi.info\/archives\/1010096#breadcrumb"},"inLanguage":"en-US","potentialAction":[{"@type":"ReadAction","target":["https:\/\/darkamazi.info\/archives\/1010096"]}]},{"@type":"ImageObject","inLanguage":"en-US","@id":"https:\/\/darkamazi.info\/archives\/1010096#primaryimage","url":"https:\/\/darkamazi.info\/file\/2019\/11\/temur-xelil.png","contentUrl":"https:\/\/darkamazi.info\/file\/2019\/11\/temur-xelil.png","width":600,"height":401,"caption":"T\u00caM\u00dbR\u00ca XEL\u00ceL D\u0130N\u0130V\u0130S\u00ceNE: \u201cEZ L\u0130 D\u0130J\u00ce D\u00caMOKRAS\u00ceY\u00ca \u00db L\u0130 D\u0130J\u00ce YEK\u00ceT\u00ceYA M\u0130LET \u0130M\u201d"},{"@type":"BreadcrumbList","@id":"https:\/\/darkamazi.info\/archives\/1010096#breadcrumb","itemListElement":[{"@type":"ListItem","position":1,"name":"Home","item":"https:\/\/darkamazi.info\/"},{"@type":"ListItem","position":2,"name":"T\u00eam\u00fbr\u00ea Xel\u00eel dinivis\u00eene: \u201cez li dij\u00ee demokrasiy\u00ea \u00fb li dij\u00ee yek\u00eet\u00eeya milet im\u201d"}]},{"@type":"WebSite","@id":"https:\/\/darkamazi.info\/#website","url":"https:\/\/darkamazi.info\/","name":"Darka Maz\u00ee","description":"P\u00eageha Zanyariy\u00ean Nebih\u00eest\u00ee","publisher":{"@id":"https:\/\/darkamazi.info\/#organization"},"potentialAction":[{"@type":"SearchAction","target":{"@type":"EntryPoint","urlTemplate":"https:\/\/darkamazi.info\/?s={search_term_string}"},"query-input":{"@type":"PropertyValueSpecification","valueRequired":true,"valueName":"search_term_string"}}],"inLanguage":"en-US"},{"@type":"Organization","@id":"https:\/\/darkamazi.info\/#organization","name":"Darka Maz\u00ee","url":"https:\/\/darkamazi.info\/","logo":{"@type":"ImageObject","inLanguage":"en-US","@id":"https:\/\/darkamazi.info\/#\/schema\/logo\/image\/","url":"https:\/\/darkamazi.info\/file\/2017\/12\/darka-mazi-logo.png","contentUrl":"https:\/\/darkamazi.info\/file\/2017\/12\/darka-mazi-logo.png","width":151,"height":75,"caption":"Darka Maz\u00ee"},"image":{"@id":"https:\/\/darkamazi.info\/#\/schema\/logo\/image\/"},"sameAs":["https:\/\/www.facebook.com\/DarMaziKurmanci","https:\/\/x.com\/DarkaMaziLatini","https:\/\/www.instagram.com\/darkamazi.kurmanci\/","https:\/\/www.youtube.com\/channel\/UCa5HkTdmI8U1qCUFuTw8B2g"]},{"@type":"Person","@id":"https:\/\/darkamazi.info\/#\/schema\/person\/5ad3e24553a0567993fa8ed4bd0a776c","name":"darka mazi","sameAs":["https:\/\/darkamazi.info\/"],"url":"https:\/\/darkamazi.info\/archives\/author\/kurdi"}]}},"_links":{"self":[{"href":"https:\/\/darkamazi.info\/funavuv\/wp\/v2\/posts\/1010096","targetHints":{"allow":["GET"]}}],"collection":[{"href":"https:\/\/darkamazi.info\/funavuv\/wp\/v2\/posts"}],"about":[{"href":"https:\/\/darkamazi.info\/funavuv\/wp\/v2\/types\/post"}],"author":[{"embeddable":true,"href":"https:\/\/darkamazi.info\/funavuv\/wp\/v2\/users\/2"}],"replies":[{"embeddable":true,"href":"https:\/\/darkamazi.info\/funavuv\/wp\/v2\/comments?post=1010096"}],"version-history":[{"count":0,"href":"https:\/\/darkamazi.info\/funavuv\/wp\/v2\/posts\/1010096\/revisions"}],"wp:featuredmedia":[{"embeddable":true,"href":"https:\/\/darkamazi.info\/funavuv\/wp\/v2\/media\/1010097"}],"wp:attachment":[{"href":"https:\/\/darkamazi.info\/funavuv\/wp\/v2\/media?parent=1010096"}],"wp:term":[{"taxonomy":"category","embeddable":true,"href":"https:\/\/darkamazi.info\/funavuv\/wp\/v2\/categories?post=1010096"},{"taxonomy":"post_tag","embeddable":true,"href":"https:\/\/darkamazi.info\/funavuv\/wp\/v2\/tags?post=1010096"}],"curies":[{"name":"wp","href":"https:\/\/api.w.org\/{rel}","templated":true}]}}