{"id":1010244,"date":"2019-11-25T22:15:06","date_gmt":"2019-11-25T19:15:06","guid":{"rendered":"https:\/\/darkamazi.info\/?p=1010244"},"modified":"2021-08-04T16:29:25","modified_gmt":"2021-08-04T13:29:25","slug":"pkke-u-serkirina-bi-wekalet-li-diji-herema-kurdistane","status":"publish","type":"post","link":"https:\/\/darkamazi.info\/archives\/1010244","title":{"rendered":"PKK&#8217;E \u00db \u015eERK\u0130R\u0130NA B\u0130 WEKALET L\u0130 D\u0130J\u00ce HER\u00caMA KURD\u0130STAN\u00ca"},"content":{"rendered":"<div class=\"wpb-content-wrapper\"><p>[darkamazi_row][darkamazi_column][darkamazi_video link=&#8221;https:\/\/youtu.be\/94csM5s1GjA&#8221; align=&#8221;center&#8221;][darkamazi_column_text]<\/p>\n<h2 style=\"text-align: center;\"><span style=\"font-family: 'arial black', sans-serif; color: #ff0000;\"><strong>PKK\u2019\u00ea \u015fer firot PDK\u2019\u00ea \u00fb bi hem\u00fb h\u00eaza xwe kar ji bo jinavbirna statoya Ba\u015f\u00fbr\u00ea kurdistan\u00ea kir<\/strong><\/span><\/h2>\n<h3 style=\"text-align: justify;\"><span style=\"font-family: 'arial black', sans-serif;\">Her\u00e7end ew siyaseta niha PKK&#8217;e li himber Ba\u015f\u00fbr\u00ea Kurdistan\u00ea \u00fb part\u00eey\u00ean v\u00ea par\u00e7eya Kurdistan\u00ea bi tevah\u00ee \u00fb Part\u00eeya Demokrat a Kurdistan\u00ea &#8220;PDK&#8221; bi taybet\u00ee dime\u015f\u00eene pa\u015f sala 1990 z\u00eadetir b\u00fbye, PKK niha p\u00eatir ji her demeke din h\u00eaz\u00ean xwe y\u00ean \u00e7ekdar li Ba\u015f\u00fbr\u00ea Kurdistan\u00ea kom dike, herwiha ew bizav\u00ean kurdan y\u00ean li Ewropay\u00ea ber bi neman\u00ea dibe, y\u00ean may\u00ee bi ten\u00ea &#8220;PDK \u00fb YNK&#8221; ne.<\/span><\/h3>\n<h3 style=\"text-align: justify;\">Part\u00eeya demokrat a Kurdistan\u00ea, Part\u00eeya her\u00ee bi h\u00eaz a Kurdistan\u00ea b\u00fb bi taybet li nav\u00e7eya behd\u00eenan \u00fb botan ya Bakur\u00ea Kurdistan\u00ea PKK\u2019\u00ea bi ten\u00ea hizir ji b\u00fb v\u00ea partiy\u00ea dikir, her\u00e7end Part\u00eeya demokrat a Kurdistan\u00ea h\u00eaza w\u00ea a \u00e7ekdar\u00ee \u00fb cemawer\u00ee a her\u00ee mezn heb\u00fb, l\u00ea tu caran li dij\u00ee part\u00eey\u00ean wilat par\u00eaz ne\u00e7\u00fb di tu senger nedana, belku li ciy\u00ea ziman\u00ea \u015fer ziman\u00ea d\u00eeplomas\u00ee bikar an\u00ee, \u00fb bi zimanek nerim li Kurdistana Bakur bi gi\u015ft\u00ee \u00fb nav\u00e7eya Botan bi taybet\u00ee ciy\u00ea xwe kir, PDK\u2019\u00ea bi r\u00eaya E\u015f\u00eer\u00ean w\u00ea nav\u00e7ey\u00ea bingehek ji xwe re ava kir, l\u00ea bel\u00ea li sala 1991an de pa\u015f serhildana gel\u00ea Ba\u015f\u00fbr \u00fb bic\u00ee b\u00fbna azadiya Ba\u015f\u00fbr\u00ea wilat \u00fb dirist kirina Her\u00eama Ba\u015f\u00fbr PKK\u2019\u00ea ev parte bi metirsiyeke her\u00ee mezin da nasandin, tirsa PKK\u2019\u00ea eve ku nikare wek ew dixwaze li nav\u00e7ey\u00ean li j\u00ear deshilata PDK\u2019\u00ea de gel\u00ea kurd ji xwe re kesib bike \u00fb li dij\u00ee hizra netewey\u00ee \u00fb dewleta serbixwe raweste.<\/h3>\n<h2 style=\"text-align: center;\"><span style=\"font-family: 'arial black', sans-serif; color: #ff0000;\"><strong>Her wexta PDK\u2019\u00ea p\u00eangaveke d\u00eerok\u00ee av\u00eatibe PKK\u2019\u00ea \u015fer p\u00eare firotiy\u00ea<\/strong><\/span><\/h2>\n<h3 style=\"text-align: justify;\">Ya e\u015fkereye ku her dema PDK\u2019\u00ea li Ba\u015f\u00fbr\u00ea welat hengavek d\u00eerok\u00ee av\u00eatibe PKK\u2019\u00ea \u015fer\u00ea \u00e7ekdar\u00ee \u00ea bi wekalet bi PDK firo\u015ftiye, anku PKK\u2019\u00ea \u015fer bi PDK\u2019\u00ea firo\u015ftiye, PKK ji xwe re lawaziyeke her\u00ee mezin dib\u00eene ku nikariye pa\u015f serhildana Ba\u015f\u00fbr li sala 1991an de xwe li bajar\u00ean Ba\u015f\u00fbr bic\u00ee bike \u00fb at\u00eefa gel\u00ea Ba\u015f\u00fbr ji bo xwe rak\u00ea\u015fe.<\/h3>\n<h3 style=\"text-align: justify;\">PKK\u2019\u00ea li sala 1991an de taku bikare bih\u00eaz be li Ba\u015f\u00fbr, part\u00eeyeke kurd\u00ee bi nav\u00ea &#8220;Part\u00eeya azadiya Kurdistan\u00ea\/PAK&#8221; damezrand \u00fb h\u00eazeke \u00e7ekdar j\u00eare dirist kir, ji bo v\u00ea yek\u00ea Ocalan gelek kesat\u00ee \u00fb navdar\u00ean E\u015f\u00eeret\u00ean Ba\u015f\u00fbr daxwaz dike \u015eam\u00ea, Ocalan teko\u015f\u00een ji bo v\u00ea yek\u00ea dikir ku &#8220;PAK&#8221; bike Cihgira PDK\u2019\u00ea.<\/h3>\n<h3 style=\"text-align: justify;\">Li sala 1992an de pa\u015f dirist kirina Hik\u00fbmeta Ba\u015f\u00fbr PKK\u2019\u00ea dijminatiya xwe li himber v\u00ea yek\u00ea diyar kir \u00fb \u015fer bi PDK\u2019\u00ea re firo\u015ft, PKK li dij\u00ee Hik\u00fbmeta Ba\u015f\u00fbr li nav\u00e7ey\u00ean Botan \u00fb Bad\u00eenan \u015fer digel PDK\u2019\u00ea kir, helbet ev yek b\u00ea xwe berhev kirina p\u00ea\u015f wext b\u00fb, ev \u015fer\u00ea PKK\u2019\u00ea digel Hik\u00fbmeta n\u00fb ava b\u00fby\u00ee ya Ba\u015f\u00fbr encam day b\u00fb sedem ku Hik\u00fbmeta her\u00eama Ba\u015f\u00fbr her ji dest p\u00eaka dirist b\u00fbna xwe lawaz bibe.<\/h3>\n<h3 style=\"text-align: justify;\">PKK bi tu awayek\u00ee ev \u015fer bi \u015fer\u00ea birakuj\u00ee nenasand, belku ev \u015fer bi \u015fer\u00ea li dij\u00ee \u00eexanet\u00ea da nasandin, \u00fb Ligorey PKK\u2019\u00ea, PDK\u2019\u00ea \u00eexaneta n\u00ee\u015ft\u00eeman\u00ee encam daye jiber v\u00ea yek\u00ea \u015fer\u00ea li dij\u00ee w\u00ea dike, ji sala 1992yan p\u00eade PKK\u2019\u00ea h\u00eaza xwe a sereke xiste di \u015fer\u00ea li dij\u00ee PDK\u2019\u00ea da, behaneya PKK\u2019\u00ea ji b\u00fb \u00eexaneta PDK\u2019\u00ea eve ku PDK n\u00eaz\u00ee Tirkiy\u00ea ye a rast ti\u015fteke dine, ew ti\u015ft j\u00ee eve jiberku Tirkiy\u00ea \u00fb \u00ceran\u00ea \u00fb \u00ceraq\u00ea nekar\u00een jiber Emer\u00eekay\u00ea ezm\u00fbna Ba\u015f\u00fbr\u00ea wilat jinav bibin, PKK bi v\u00ea kar\u00ea erkdar kir, bi wateyeke din em dikar\u00een bib\u00eaj\u00een ku her dijat\u00ee \u00fb \u015fer p\u00ea firotina PKK\u2019\u00ea bi Ba\u015f\u00fbr \u00fb PDK\u2019\u00ea re dewletek m\u00eena Tirkiy\u00ea \u00fb \u00ceran\u00ea \u00fb \u00ceraq\u00ea lipi\u015fte \u00fb PKK\u2019e bernameya van wilatan bic\u00ee dike.<\/h3>\n<h2 style=\"text-align: center;\"><span style=\"color: #ff0000; font-family: 'arial black', sans-serif;\"><strong>Bayik: ku\u015ftina ger\u00eelayek\u00ea bir\u00eendar bi rumet tire ji w\u00ea yek\u00ea ku PDK&#8217;e w\u00ee tedaw\u00ee bike<\/strong><\/span><\/h2>\n<h3 style=\"text-align: justify;\">Li sala 1992an de PKK\u2019\u00ea \u00eexaneteke her\u00ee mezn li qadroy\u00ean xwe kir, dema di v\u00ea sal\u00ea de PKK\u2019\u00ea \u015fer bi PDK\u2019\u00ea firot\u00ee li nav\u00e7eya Heften\u00een\u00ea 19 ger\u00eelay\u00ean w\u00ea br\u00eendar dikevin PKK van bir\u00eendaran dibe \u00fb li \u015firketeke w\u00ea nav\u00e7ey\u00ea bic\u00ee dike, PDK\u2019e daxwaz dike van bir\u00eendaran li Nexwe\u015fxaneyeke Hewl\u00ear\u00ea tedaw\u00ee bike, l\u00ea bel\u00ea Cem\u00eel Bayik biryar dide ku her 19 ger\u00eela werin qetil kirin \u00fb dib\u00eaje qetil kirina van ger\u00eelayan pir bi rumet tire ji w\u00ea yek\u00ea ku PDK\u2019e tedawiya wan bike, bi biryara Cem\u00eel Bayik teqe li wan ger\u00eelayan t\u00ea kirin \u00fb 18 kes t\u00ean ku\u015ftin \u00fb ger\u00eelayek bi nav\u00ea &#8220;Cah\u00eede&#8221; ku xelka D\u00eark\u00ea ye z\u00eend\u00ee derbas dibe ji v\u00ea komkujiya bi biryara Cem\u00eel Bayik hatiye encamdan, pa\u015f ku Cah\u00eede digehe c\u00eeyek ewle rastiy\u00ea ji herkes\u00ea re dib\u00eaje \u00fb diyar dike ku ew ger\u00eela bi biryara Cem\u00eel Bayik hat\u00eene qetil kirin \u00fb bi v\u00ea r\u00eay\u00ea Bayik dixwest weha n\u00ee\u015fan bide ku PDK\u2019e bir\u00eendar \u00fb d\u00eel\u00ean PKK\u2019\u00ea qetil dike, pa\u015f diyar b\u00fbna v\u00ea rastiy\u00ea Ocalan digel serkirdatiya PKK\u2019\u00ea m\u00eena her car v\u00ea b\u00fbyer\u00ea dive\u015f\u00earin \u00fb bi tu awayek\u00ea r\u00ea nadin bas liser b\u00ea kirin.<\/h3>\n<h3 style=\"text-align: justify;\">Li sala 1993an de PKK\u2019\u00ea gelek wilat par\u00eaz\u00a0 li Ewropay\u00ea \u00fb par\u00e7ey\u00ean din \u00ean Kurdistan\u00ea li kempa &#8220;Zel\u00ea&#8221; li Ba\u015f\u00fbr\u00ea Kurdistan\u00ea kom kirin taku mecl\u00eesa netewey\u00ee ya Kurdistan\u00ea ava bike, a rast mebesta sereke a PKK\u2019\u00ea avakirina mecl\u00eesek netewey\u00ee neb\u00fb\u00a0 belku mebest p\u00ea dijat\u00ee kirina parlamentoya Ba\u015f\u00fbr\u00ea Kurdistan\u00ea b\u00fb ku ji aliy\u00ea h\u00eaz\u00ean navdewlet\u00ee danp\u00eadan p\u00ea hatb\u00fb kirin, PKK\u2019\u00ea 200 kes li Zel\u00ea kom kirin ji b\u00fb v\u00ea mebest\u00ea pa\u015fan ev kese vedigerin ciy\u00ean xwe y\u00ean ku li Bakura Kurdistan\u00ea hat\u00ee \u00fb vegeryay ji aliy\u00ea Tirkiy\u00ea hatin girtin \u00fb ku\u015ftin.<\/h3>\n<h2 style=\"text-align: center;\"><span style=\"color: #ff0000; font-family: 'arial black', sans-serif;\"><strong>Erk\u00ea PKK\u2019\u00ea di dest n\u00ee\u015fan kirina wilatpar\u00eazan de \u00fb ku\u015ftina wan bi dest Tirkiya<\/strong><\/span><\/h2>\n<h3 style=\"text-align: justify;\">Pirsa sereke a li vir serhil dide eve gelo \u00e7ima dema PKK nikare gel \u00fb wilat par\u00eazan, bipar\u00eaze van karan dike? Bersiv j\u00ee eve PKK bi erk\u00ea xwe radibe, ew erk\u00ea dewleta Tirkiy\u00ea p\u00ea day ew erk j\u00ee eve ku kes\u00ean berniyas \u00fb wilat par\u00eaz\u00ean kurd destn\u00ee\u015fan bike \u00fb bi p\u00eelan van kesan bi dest\u00ea dewleta Tirkiy\u00ea bidet ku\u015ftin.<\/h3>\n<h3 style=\"text-align: justify;\"><\/h3>\n<p>[\/darkamazi_column_text][\/darkamazi_column][\/darkamazi_row]<\/p>\n<\/div>","protected":false},"excerpt":{"rendered":"<p>[darkamazi_row][darkamazi_column][darkamazi_video link=&#8221;https:\/\/youtu.be\/94csM5s1GjA&#8221; align=&#8221;center&#8221;][darkamazi_column_text] PKK\u2019\u00ea \u015fer firot PDK\u2019\u00ea \u00fb bi hem\u00fb h\u00eaza xwe kar ji bo jinavbirna statoya Ba\u015f\u00fbr\u00ea kurdistan\u00ea kir Her\u00e7end ew siyaseta niha PKK&#8217;e li himber Ba\u015f\u00fbr\u00ea Kurdistan\u00ea \u00fb part\u00eey\u00ean v\u00ea par\u00e7eya Kurdistan\u00ea bi tevah\u00ee \u00fb Part\u00eeya Demokrat a Kurdistan\u00ea &#8220;PDK&#8221; bi taybet\u00ee dime\u015f\u00eene pa\u015f sala 1990 z\u00eadetir b\u00fbye, PKK niha p\u00eatir ji her [&hellip;]<\/p>\n","protected":false},"author":2,"featured_media":1010247,"comment_status":"closed","ping_status":"closed","sticky":false,"template":"epic_custom_post_template-1006382","format":"video","meta":{"footnotes":""},"categories":[65],"tags":[37],"class_list":["post-1010244","post","type-post","status-publish","format-video","has-post-thumbnail","hentry","category-vidiyo","tag-sereke","post_format-post-format-video"],"blocksy_meta":[],"seo_head":"<!-- This site is optimized with the Yoast SEO plugin v27.5 - https:\/\/yoast.com\/product\/yoast-seo-wordpress\/ -->\n<title>PKK&#039;E \u00db \u015eERK\u0130R\u0130NA B\u0130 WEKALET L\u0130 D\u0130J\u00ce HER\u00caMA KURD\u0130STAN\u00ca - Darka Maz\u00ee<\/title>\n<meta name=\"robots\" content=\"index, follow, max-snippet:-1, max-image-preview:large, max-video-preview:-1\" \/>\n<link rel=\"canonical\" href=\"https:\/\/darkamazi.info\/archives\/1010244\" \/>\n<meta property=\"og:locale\" content=\"en_US\" \/>\n<meta property=\"og:type\" content=\"article\" \/>\n<meta property=\"og:title\" content=\"PKK&#039;E \u00db \u015eERK\u0130R\u0130NA B\u0130 WEKALET L\u0130 D\u0130J\u00ce HER\u00caMA KURD\u0130STAN\u00ca - Darka Maz\u00ee\" \/>\n<meta property=\"og:description\" content=\"[darkamazi_row][darkamazi_column][darkamazi_video link=&#8221;https:\/\/youtu.be\/94csM5s1GjA&#8221; align=&#8221;center&#8221;][darkamazi_column_text] PKK\u2019\u00ea \u015fer firot PDK\u2019\u00ea \u00fb bi hem\u00fb h\u00eaza xwe kar ji bo jinavbirna statoya Ba\u015f\u00fbr\u00ea kurdistan\u00ea kir Her\u00e7end ew siyaseta niha PKK&#8217;e li himber Ba\u015f\u00fbr\u00ea Kurdistan\u00ea \u00fb part\u00eey\u00ean v\u00ea par\u00e7eya Kurdistan\u00ea bi tevah\u00ee \u00fb Part\u00eeya Demokrat a Kurdistan\u00ea &#8220;PDK&#8221; bi taybet\u00ee dime\u015f\u00eene pa\u015f sala 1990 z\u00eadetir b\u00fbye, PKK niha p\u00eatir ji her [&hellip;]\" \/>\n<meta property=\"og:url\" content=\"https:\/\/darkamazi.info\/archives\/1010244\" \/>\n<meta property=\"og:site_name\" content=\"Darka Maz\u00ee\" \/>\n<meta property=\"article:publisher\" content=\"https:\/\/www.facebook.com\/DarMaziKurmanci\" \/>\n<meta property=\"article:published_time\" content=\"2019-11-25T19:15:06+00:00\" \/>\n<meta property=\"article:modified_time\" content=\"2021-08-04T13:29:25+00:00\" \/>\n<meta property=\"og:image\" content=\"https:\/\/darkamazi.info\/file\/2019\/11\/25-11-2019-1.jpg\" \/>\n\t<meta property=\"og:image:width\" content=\"1163\" \/>\n\t<meta property=\"og:image:height\" content=\"695\" \/>\n\t<meta property=\"og:image:type\" content=\"image\/jpeg\" \/>\n<meta name=\"author\" content=\"darka mazi\" \/>\n<meta name=\"twitter:card\" content=\"summary_large_image\" \/>\n<meta name=\"twitter:creator\" content=\"@DarkaMaziLatini\" \/>\n<meta name=\"twitter:site\" content=\"@DarkaMaziLatini\" \/>\n<meta name=\"twitter:label1\" content=\"Written by\" \/>\n\t<meta name=\"twitter:data1\" content=\"darka mazi\" \/>\n\t<meta name=\"twitter:label2\" content=\"Est. reading time\" \/>\n\t<meta name=\"twitter:data2\" content=\"5 minutes\" \/>\n<script type=\"application\/ld+json\" class=\"seo-schema-graph\">{\"@context\":\"https:\\\/\\\/schema.org\",\"@graph\":[{\"@type\":\"Article\",\"@id\":\"https:\\\/\\\/darkamazi.info\\\/archives\\\/1010244#article\",\"isPartOf\":{\"@id\":\"https:\\\/\\\/darkamazi.info\\\/archives\\\/1010244\"},\"author\":{\"name\":\"darka mazi\",\"@id\":\"https:\\\/\\\/darkamazi.info\\\/#\\\/schema\\\/person\\\/5ad3e24553a0567993fa8ed4bd0a776c\"},\"headline\":\"PKK&#8217;E \u00db \u015eERK\u0130R\u0130NA B\u0130 WEKALET L\u0130 D\u0130J\u00ce HER\u00caMA KURD\u0130STAN\u00ca\",\"datePublished\":\"2019-11-25T19:15:06+00:00\",\"dateModified\":\"2021-08-04T13:29:25+00:00\",\"mainEntityOfPage\":{\"@id\":\"https:\\\/\\\/darkamazi.info\\\/archives\\\/1010244\"},\"wordCount\":1094,\"publisher\":{\"@id\":\"https:\\\/\\\/darkamazi.info\\\/#organization\"},\"image\":{\"@id\":\"https:\\\/\\\/darkamazi.info\\\/archives\\\/1010244#primaryimage\"},\"thumbnailUrl\":\"https:\\\/\\\/darkamazi.info\\\/darka-content\\\/uploads\\\/2019\\\/11\\\/25-11-2019-1.jpg\",\"keywords\":[\"sereke\"],\"articleSection\":[\"V\u00eed\u00eeyo\"],\"inLanguage\":\"en-US\"},{\"@type\":\"WebPage\",\"@id\":\"https:\\\/\\\/darkamazi.info\\\/archives\\\/1010244\",\"url\":\"https:\\\/\\\/darkamazi.info\\\/archives\\\/1010244\",\"name\":\"PKK'E \u00db \u015eERK\u0130R\u0130NA B\u0130 WEKALET L\u0130 D\u0130J\u00ce HER\u00caMA KURD\u0130STAN\u00ca - Darka Maz\u00ee\",\"isPartOf\":{\"@id\":\"https:\\\/\\\/darkamazi.info\\\/#website\"},\"primaryImageOfPage\":{\"@id\":\"https:\\\/\\\/darkamazi.info\\\/archives\\\/1010244#primaryimage\"},\"image\":{\"@id\":\"https:\\\/\\\/darkamazi.info\\\/archives\\\/1010244#primaryimage\"},\"thumbnailUrl\":\"https:\\\/\\\/darkamazi.info\\\/darka-content\\\/uploads\\\/2019\\\/11\\\/25-11-2019-1.jpg\",\"datePublished\":\"2019-11-25T19:15:06+00:00\",\"dateModified\":\"2021-08-04T13:29:25+00:00\",\"breadcrumb\":{\"@id\":\"https:\\\/\\\/darkamazi.info\\\/archives\\\/1010244#breadcrumb\"},\"inLanguage\":\"en-US\",\"potentialAction\":[{\"@type\":\"ReadAction\",\"target\":[\"https:\\\/\\\/darkamazi.info\\\/archives\\\/1010244\"]}]},{\"@type\":\"ImageObject\",\"inLanguage\":\"en-US\",\"@id\":\"https:\\\/\\\/darkamazi.info\\\/archives\\\/1010244#primaryimage\",\"url\":\"https:\\\/\\\/darkamazi.info\\\/darka-content\\\/uploads\\\/2019\\\/11\\\/25-11-2019-1.jpg\",\"contentUrl\":\"https:\\\/\\\/darkamazi.info\\\/darka-content\\\/uploads\\\/2019\\\/11\\\/25-11-2019-1.jpg\",\"width\":1163,\"height\":695,\"caption\":\"PKK'E \u00db \u015eERK\u0130R\u0130NA B\u0130 WEKALET L\u0130 D\u0130J\u00ce HER\u00caMA KURD\u0130STAN\u00ca\"},{\"@type\":\"BreadcrumbList\",\"@id\":\"https:\\\/\\\/darkamazi.info\\\/archives\\\/1010244#breadcrumb\",\"itemListElement\":[{\"@type\":\"ListItem\",\"position\":1,\"name\":\"Home\",\"item\":\"https:\\\/\\\/darkamazi.info\\\/\"},{\"@type\":\"ListItem\",\"position\":2,\"name\":\"PKK&#8217;E \u00db \u015eERK\u0130R\u0130NA B\u0130 WEKALET L\u0130 D\u0130J\u00ce HER\u00caMA KURD\u0130STAN\u00ca\"}]},{\"@type\":\"WebSite\",\"@id\":\"https:\\\/\\\/darkamazi.info\\\/#website\",\"url\":\"https:\\\/\\\/darkamazi.info\\\/\",\"name\":\"Darka Maz\u00ee\",\"description\":\"P\u00eageha Zanyariy\u00ean Nebih\u00eest\u00ee\",\"publisher\":{\"@id\":\"https:\\\/\\\/darkamazi.info\\\/#organization\"},\"potentialAction\":[{\"@type\":\"SearchAction\",\"target\":{\"@type\":\"EntryPoint\",\"urlTemplate\":\"https:\\\/\\\/darkamazi.info\\\/?s={search_term_string}\"},\"query-input\":{\"@type\":\"PropertyValueSpecification\",\"valueRequired\":true,\"valueName\":\"search_term_string\"}}],\"inLanguage\":\"en-US\"},{\"@type\":\"Organization\",\"@id\":\"https:\\\/\\\/darkamazi.info\\\/#organization\",\"name\":\"Darka Maz\u00ee\",\"url\":\"https:\\\/\\\/darkamazi.info\\\/\",\"logo\":{\"@type\":\"ImageObject\",\"inLanguage\":\"en-US\",\"@id\":\"https:\\\/\\\/darkamazi.info\\\/#\\\/schema\\\/logo\\\/image\\\/\",\"url\":\"https:\\\/\\\/darkamazi.info\\\/darka-content\\\/uploads\\\/2017\\\/12\\\/darka-mazi-logo.png\",\"contentUrl\":\"https:\\\/\\\/darkamazi.info\\\/darka-content\\\/uploads\\\/2017\\\/12\\\/darka-mazi-logo.png\",\"width\":151,\"height\":75,\"caption\":\"Darka Maz\u00ee\"},\"image\":{\"@id\":\"https:\\\/\\\/darkamazi.info\\\/#\\\/schema\\\/logo\\\/image\\\/\"},\"sameAs\":[\"https:\\\/\\\/www.facebook.com\\\/DarMaziKurmanci\",\"https:\\\/\\\/x.com\\\/DarkaMaziLatini\",\"https:\\\/\\\/www.instagram.com\\\/darkamazi.kurmanci\\\/\",\"https:\\\/\\\/www.youtube.com\\\/channel\\\/UCa5HkTdmI8U1qCUFuTw8B2g\"]},{\"@type\":\"Person\",\"@id\":\"https:\\\/\\\/darkamazi.info\\\/#\\\/schema\\\/person\\\/5ad3e24553a0567993fa8ed4bd0a776c\",\"name\":\"darka mazi\",\"sameAs\":[\"https:\\\/\\\/darkamazi.info\\\/\"],\"url\":\"https:\\\/\\\/darkamazi.info\\\/archives\\\/author\\\/kurdi\"}]}<\/script>\n<!-- \/ Yoast SEO plugin. -->","seo_head_json":{"title":"PKK'E \u00db \u015eERK\u0130R\u0130NA B\u0130 WEKALET L\u0130 D\u0130J\u00ce HER\u00caMA KURD\u0130STAN\u00ca - Darka Maz\u00ee","robots":{"index":"index","follow":"follow","max-snippet":"max-snippet:-1","max-image-preview":"max-image-preview:large","max-video-preview":"max-video-preview:-1"},"canonical":"https:\/\/darkamazi.info\/archives\/1010244","og_locale":"en_US","og_type":"article","og_title":"PKK'E \u00db \u015eERK\u0130R\u0130NA B\u0130 WEKALET L\u0130 D\u0130J\u00ce HER\u00caMA KURD\u0130STAN\u00ca - Darka Maz\u00ee","og_description":"[darkamazi_row][darkamazi_column][darkamazi_video link=&#8221;https:\/\/youtu.be\/94csM5s1GjA&#8221; align=&#8221;center&#8221;][darkamazi_column_text] PKK\u2019\u00ea \u015fer firot PDK\u2019\u00ea \u00fb bi hem\u00fb h\u00eaza xwe kar ji bo jinavbirna statoya Ba\u015f\u00fbr\u00ea kurdistan\u00ea kir Her\u00e7end ew siyaseta niha PKK&#8217;e li himber Ba\u015f\u00fbr\u00ea Kurdistan\u00ea \u00fb part\u00eey\u00ean v\u00ea par\u00e7eya Kurdistan\u00ea bi tevah\u00ee \u00fb Part\u00eeya Demokrat a Kurdistan\u00ea &#8220;PDK&#8221; bi taybet\u00ee dime\u015f\u00eene pa\u015f sala 1990 z\u00eadetir b\u00fbye, PKK niha p\u00eatir ji her [&hellip;]","og_url":"https:\/\/darkamazi.info\/archives\/1010244","og_site_name":"Darka Maz\u00ee","article_publisher":"https:\/\/www.facebook.com\/DarMaziKurmanci","article_published_time":"2019-11-25T19:15:06+00:00","article_modified_time":"2021-08-04T13:29:25+00:00","og_image":[{"width":1163,"height":695,"url":"https:\/\/darkamazi.info\/file\/2019\/11\/25-11-2019-1.jpg","type":"image\/jpeg"}],"author":"darka mazi","twitter_card":"summary_large_image","twitter_creator":"@DarkaMaziLatini","twitter_site":"@DarkaMaziLatini","twitter_misc":{"Written by":"darka mazi","Est. reading time":"5 minutes"},"schema":{"@context":"https:\/\/schema.org","@graph":[{"@type":"Article","@id":"https:\/\/darkamazi.info\/archives\/1010244#article","isPartOf":{"@id":"https:\/\/darkamazi.info\/archives\/1010244"},"author":{"name":"darka mazi","@id":"https:\/\/darkamazi.info\/#\/schema\/person\/5ad3e24553a0567993fa8ed4bd0a776c"},"headline":"PKK&#8217;E \u00db \u015eERK\u0130R\u0130NA B\u0130 WEKALET L\u0130 D\u0130J\u00ce HER\u00caMA KURD\u0130STAN\u00ca","datePublished":"2019-11-25T19:15:06+00:00","dateModified":"2021-08-04T13:29:25+00:00","mainEntityOfPage":{"@id":"https:\/\/darkamazi.info\/archives\/1010244"},"wordCount":1094,"publisher":{"@id":"https:\/\/darkamazi.info\/#organization"},"image":{"@id":"https:\/\/darkamazi.info\/archives\/1010244#primaryimage"},"thumbnailUrl":"https:\/\/darkamazi.info\/file\/2019\/11\/25-11-2019-1.jpg","keywords":["sereke"],"articleSection":["V\u00eed\u00eeyo"],"inLanguage":"en-US"},{"@type":"WebPage","@id":"https:\/\/darkamazi.info\/archives\/1010244","url":"https:\/\/darkamazi.info\/archives\/1010244","name":"PKK'E \u00db \u015eERK\u0130R\u0130NA B\u0130 WEKALET L\u0130 D\u0130J\u00ce HER\u00caMA KURD\u0130STAN\u00ca - Darka Maz\u00ee","isPartOf":{"@id":"https:\/\/darkamazi.info\/#website"},"primaryImageOfPage":{"@id":"https:\/\/darkamazi.info\/archives\/1010244#primaryimage"},"image":{"@id":"https:\/\/darkamazi.info\/archives\/1010244#primaryimage"},"thumbnailUrl":"https:\/\/darkamazi.info\/file\/2019\/11\/25-11-2019-1.jpg","datePublished":"2019-11-25T19:15:06+00:00","dateModified":"2021-08-04T13:29:25+00:00","breadcrumb":{"@id":"https:\/\/darkamazi.info\/archives\/1010244#breadcrumb"},"inLanguage":"en-US","potentialAction":[{"@type":"ReadAction","target":["https:\/\/darkamazi.info\/archives\/1010244"]}]},{"@type":"ImageObject","inLanguage":"en-US","@id":"https:\/\/darkamazi.info\/archives\/1010244#primaryimage","url":"https:\/\/darkamazi.info\/file\/2019\/11\/25-11-2019-1.jpg","contentUrl":"https:\/\/darkamazi.info\/file\/2019\/11\/25-11-2019-1.jpg","width":1163,"height":695,"caption":"PKK'E \u00db \u015eERK\u0130R\u0130NA B\u0130 WEKALET L\u0130 D\u0130J\u00ce HER\u00caMA KURD\u0130STAN\u00ca"},{"@type":"BreadcrumbList","@id":"https:\/\/darkamazi.info\/archives\/1010244#breadcrumb","itemListElement":[{"@type":"ListItem","position":1,"name":"Home","item":"https:\/\/darkamazi.info\/"},{"@type":"ListItem","position":2,"name":"PKK&#8217;E \u00db \u015eERK\u0130R\u0130NA B\u0130 WEKALET L\u0130 D\u0130J\u00ce HER\u00caMA KURD\u0130STAN\u00ca"}]},{"@type":"WebSite","@id":"https:\/\/darkamazi.info\/#website","url":"https:\/\/darkamazi.info\/","name":"Darka Maz\u00ee","description":"P\u00eageha Zanyariy\u00ean Nebih\u00eest\u00ee","publisher":{"@id":"https:\/\/darkamazi.info\/#organization"},"potentialAction":[{"@type":"SearchAction","target":{"@type":"EntryPoint","urlTemplate":"https:\/\/darkamazi.info\/?s={search_term_string}"},"query-input":{"@type":"PropertyValueSpecification","valueRequired":true,"valueName":"search_term_string"}}],"inLanguage":"en-US"},{"@type":"Organization","@id":"https:\/\/darkamazi.info\/#organization","name":"Darka Maz\u00ee","url":"https:\/\/darkamazi.info\/","logo":{"@type":"ImageObject","inLanguage":"en-US","@id":"https:\/\/darkamazi.info\/#\/schema\/logo\/image\/","url":"https:\/\/darkamazi.info\/file\/2017\/12\/darka-mazi-logo.png","contentUrl":"https:\/\/darkamazi.info\/file\/2017\/12\/darka-mazi-logo.png","width":151,"height":75,"caption":"Darka Maz\u00ee"},"image":{"@id":"https:\/\/darkamazi.info\/#\/schema\/logo\/image\/"},"sameAs":["https:\/\/www.facebook.com\/DarMaziKurmanci","https:\/\/x.com\/DarkaMaziLatini","https:\/\/www.instagram.com\/darkamazi.kurmanci\/","https:\/\/www.youtube.com\/channel\/UCa5HkTdmI8U1qCUFuTw8B2g"]},{"@type":"Person","@id":"https:\/\/darkamazi.info\/#\/schema\/person\/5ad3e24553a0567993fa8ed4bd0a776c","name":"darka mazi","sameAs":["https:\/\/darkamazi.info\/"],"url":"https:\/\/darkamazi.info\/archives\/author\/kurdi"}]}},"_links":{"self":[{"href":"https:\/\/darkamazi.info\/funavuv\/wp\/v2\/posts\/1010244","targetHints":{"allow":["GET"]}}],"collection":[{"href":"https:\/\/darkamazi.info\/funavuv\/wp\/v2\/posts"}],"about":[{"href":"https:\/\/darkamazi.info\/funavuv\/wp\/v2\/types\/post"}],"author":[{"embeddable":true,"href":"https:\/\/darkamazi.info\/funavuv\/wp\/v2\/users\/2"}],"replies":[{"embeddable":true,"href":"https:\/\/darkamazi.info\/funavuv\/wp\/v2\/comments?post=1010244"}],"version-history":[{"count":0,"href":"https:\/\/darkamazi.info\/funavuv\/wp\/v2\/posts\/1010244\/revisions"}],"wp:featuredmedia":[{"embeddable":true,"href":"https:\/\/darkamazi.info\/funavuv\/wp\/v2\/media\/1010247"}],"wp:attachment":[{"href":"https:\/\/darkamazi.info\/funavuv\/wp\/v2\/media?parent=1010244"}],"wp:term":[{"taxonomy":"category","embeddable":true,"href":"https:\/\/darkamazi.info\/funavuv\/wp\/v2\/categories?post=1010244"},{"taxonomy":"post_tag","embeddable":true,"href":"https:\/\/darkamazi.info\/funavuv\/wp\/v2\/tags?post=1010244"}],"curies":[{"name":"wp","href":"https:\/\/api.w.org\/{rel}","templated":true}]}}