{"id":1010320,"date":"2019-11-30T20:12:58","date_gmt":"2019-11-30T17:12:58","guid":{"rendered":"https:\/\/darkamazi.info\/?p=1010320"},"modified":"2019-11-30T20:14:22","modified_gmt":"2019-11-30T17:14:22","slug":"mosewi-hisdariye-dide-rebere-irane","status":"publish","type":"post","link":"https:\/\/darkamazi.info\/archives\/1010320","title":{"rendered":"MOSEW\u00ce H\u0130\u015eDAR\u0130Y\u00ca D\u0130DE R\u00caBER\u00ca \u00ceRAN\u00ca"},"content":{"rendered":"<h3 style=\"text-align: justify\"><span style=\"font-family: 'arial black', sans-serif\">Serok\u00ea tevgera kesk ya \u00ceran\u00ea ku bi opozisyon t\u00ea hejmartin, ho\u015fdar\u00eeya jinav\u00e7\u00fbna rej\u00eema \u00ceran\u00ea \u00fb w\u00eelayeta Feq\u00eeh da r\u00eaber\u00ea \u015for\u015fa \u00eeslam\u00ee Ayetollah Aliy\u00ea Xaminey\u00ee.<\/span><\/h3>\n<h3 style=\"text-align: justify\">Pi\u015ft\u00ee Kerob\u00ee, m\u00eer His\u00ean Mosew\u00ee her\u00e7ende ku dema 10 salane ew di mala xwe de ji aliy\u00ea rej\u00eema \u00ceran\u00ea ve bin\u00e7av kirin, l\u00ea ew di peyamek\u00ea da radigih\u00eene: &#8220;digel derbir\u00eena hevxemiya xwe digel malbat\u00ean ku\u015ft\u00eeyan \u00fb b\u00fbyer\u00ean v\u00ea dawy\u00ea, blind kirina bihay\u00ea benz\u00een\u00ea bi kareke ne ber Aqil \u00fb bazirgan\u00ee kirin dib\u00een\u00een \u00fb \u015f\u00eawaz\u00ea sereder\u00ee kirina digel xwep\u00ea\u015fanderan weke ku\u015ftara meydana \u201cJale\u201d ya sala 1979\u00ea dizan\u00een \u00fb ho\u015fdariy\u00ea li derencam\u00ean v\u00ea yek\u00ea did\u00een&#8221;.<\/h3>\n<h3 style=\"text-align: justify\">Li gorey p\u00eageha \u201cKel\u00eeme\u201d, m\u00eer His\u00ean Mosew\u00ee di peyamek\u00ea de gotiye: &#8220;tund \u00fb t\u00eej\u00ee ya digel gel\u00ea ajiz \u00fb neraz\u00ee ji biryara \u015fa\u015f \u00fb dije berjewendiy\u00ean texa hejar \u00fb mafxwar\u00ee \u00fb bir\u00eendar ji siyaseta \u015fa\u015f hatye ser cadeyan, \u00fb berifreh b\u00fbna neraz\u00ee b\u00fbna li tehran\u00ea \u00fb nav\u00e7ey\u00ean din y\u00ean \u00ceran\u00ea, amajeyeke bi w\u00ea \u00e7end\u00ea ku mand\u00fbb\u00fbneke tevah\u00ee di nava tex\u00ean hejar \u00fb sitem l\u00ea kir\u00ee di welat\u00ee da, bi temam\u00ee weke \u201cku\u015ftara b\u00ea rehmane\u201d ya xelk\u00ea li 17\/9\/1978 ye&#8221;.<\/h3>\n<h3 style=\"text-align: justify\">Mosew\u00ee herwiha ragihand, mirovkoj\u00ean sala 1978\u00ea n\u00fbner\u00ean rej\u00eemeke ne ol\u00ee b\u00fbn, \u00fb memor \u00fb n\u00ee\u015fane\u015fik\u00ean\u00ean 2019aan n\u00fbner\u00ean rej\u00eemeke ol\u00ee ne.<\/h3>\n<h3 style=\"text-align: justify\">&#8220;li w\u00ea dem\u00ea fermandar\u00ea gi\u015ft\u00ee y\u00ea h\u00eaz\u00ean serbaz\u00ee \u015eah b\u00fb, \u00eero Weliy\u00ea Feq\u00eehe bi desthelat\u00ean b\u00ea s\u00eenor.<\/h3>\n<h3 style=\"text-align: justify\">Ez serxwe\u015fiy\u00ea li tevaya malbat\u00ean \u015feh\u00eedan dikim, \u00fb dib\u00eajim ew bir\u00eena li can \u00fb cesed\u00ea gel hat\u00ee kirin ten\u00ea bi e\u015fkere kirina biryarder \u00fb encamder\u00ean v\u00ea ku\u015ftar\u00ea \u00fb dadgeh kirina e\u015fkere ya wan kesan \u00fb \u015firove kirina sedem\u00ean v\u00ea c\u00eenayeta e\u015fkere t\u00ea tedaw\u00ee kirin, ger na deng borr kirin \u00fb gotina ev \u015fereke c\u00eehan\u00ee ye li dij\u00ee \u00ceran\u00ea bersiveke raz\u00eeker \u00fb loj\u00eek\u00ee n\u00eene ji bo gel\u00ea \u00ceran\u00ea \u00fb ev yek nabe sedem ku ew bir\u00eena k\u00fbr \u00fb bi metiris\u00ee ya li ser ceseda gel hat\u00ee \u00e7\u00eakirin tedaw\u00ee bibe. Bi ten\u00ea p\u00eadv\u00ee dike rej\u00eem hizir di encam\u00ean \u201cku\u015ftara meydana Jale\u201d da biket&#8221;.<\/h3>\n<h3 style=\"text-align: justify\">H\u00eajay\u00ee gotn\u00ea ye ku Mehd\u00ee Kerob\u00ee j\u00ee ku yeke ji serkirdey\u00ean opoz\u00eesyona \u00ceran\u00ea \u201ctevgera Kesk\u201d ku 9 sale li j\u00ear bin\u00e7av kirin\u00ea ye, bi belav kirina peyamek\u00ea bi nav\u00ea \u201calav\u00ea serkotkirin\u00ea\u201d \u00fb \u201ctundut\u00eej\u00ee ya neh\u00ea Xeyal kirin\u201d hik\u00fbmeta \u00ceran\u00ea rexne kir, \u00fb ho\u015fdar\u00ee da ku bi berdewam kirina v\u00ea s\u00eeyaset\u00ea, rew\u015fa \u00ceran\u00ea careke din w\u00ea ber bi \u015fore\u015feke din here.<\/h3>\n","protected":false},"excerpt":{"rendered":"<p>Serok\u00ea tevgera kesk ya \u00ceran\u00ea ku bi opozisyon t\u00ea hejmartin, ho\u015fdar\u00eeya jinav\u00e7\u00fbna rej\u00eema \u00ceran\u00ea \u00fb w\u00eelayeta Feq\u00eeh da r\u00eaber\u00ea \u015for\u015fa \u00eeslam\u00ee Ayetollah Aliy\u00ea Xaminey\u00ee. Pi\u015ft\u00ee Kerob\u00ee, m\u00eer His\u00ean Mosew\u00ee her\u00e7ende ku dema 10 salane ew di mala xwe de ji aliy\u00ea rej\u00eema \u00ceran\u00ea ve bin\u00e7av kirin, l\u00ea ew di peyamek\u00ea da radigih\u00eene: &#8220;digel derbir\u00eena hevxemiya [&hellip;]<\/p>\n","protected":false},"author":2,"featured_media":1010321,"comment_status":"closed","ping_status":"closed","sticky":false,"template":"","format":"standard","meta":{"footnotes":""},"categories":[31],"tags":[],"class_list":["post-1010320","post","type-post","status-publish","format-standard","has-post-thumbnail","hentry","category-rojhelata-navin"],"blocksy_meta":[],"seo_head":"<!-- This site is optimized with the Yoast SEO plugin v27.5 - https:\/\/yoast.com\/product\/yoast-seo-wordpress\/ -->\n<title>MOSEW\u00ce H\u0130\u015eDAR\u0130Y\u00ca D\u0130DE R\u00caBER\u00ca \u00ceRAN\u00ca - Darka Maz\u00ee<\/title>\n<meta name=\"robots\" content=\"index, follow, max-snippet:-1, max-image-preview:large, max-video-preview:-1\" \/>\n<link rel=\"canonical\" href=\"https:\/\/darkamazi.info\/archives\/1010320\" \/>\n<meta property=\"og:locale\" content=\"en_US\" \/>\n<meta property=\"og:type\" content=\"article\" \/>\n<meta property=\"og:title\" content=\"MOSEW\u00ce H\u0130\u015eDAR\u0130Y\u00ca D\u0130DE R\u00caBER\u00ca \u00ceRAN\u00ca - Darka Maz\u00ee\" \/>\n<meta property=\"og:description\" content=\"Serok\u00ea tevgera kesk ya \u00ceran\u00ea ku bi opozisyon t\u00ea hejmartin, ho\u015fdar\u00eeya jinav\u00e7\u00fbna rej\u00eema \u00ceran\u00ea \u00fb w\u00eelayeta Feq\u00eeh da r\u00eaber\u00ea \u015for\u015fa \u00eeslam\u00ee Ayetollah Aliy\u00ea Xaminey\u00ee. Pi\u015ft\u00ee Kerob\u00ee, m\u00eer His\u00ean Mosew\u00ee her\u00e7ende ku dema 10 salane ew di mala xwe de ji aliy\u00ea rej\u00eema \u00ceran\u00ea ve bin\u00e7av kirin, l\u00ea ew di peyamek\u00ea da radigih\u00eene: &#8220;digel derbir\u00eena hevxemiya [&hellip;]\" \/>\n<meta property=\"og:url\" content=\"https:\/\/darkamazi.info\/archives\/1010320\" \/>\n<meta property=\"og:site_name\" content=\"Darka Maz\u00ee\" \/>\n<meta property=\"article:publisher\" content=\"https:\/\/www.facebook.com\/DarMaziKurmanci\" \/>\n<meta property=\"article:published_time\" content=\"2019-11-30T17:12:58+00:00\" \/>\n<meta property=\"article:modified_time\" content=\"2019-11-30T17:14:22+00:00\" \/>\n<meta property=\"og:image\" content=\"https:\/\/darkamazi.info\/file\/2019\/11\/musew\u00ee.jpg\" \/>\n\t<meta property=\"og:image:width\" content=\"960\" \/>\n\t<meta property=\"og:image:height\" content=\"541\" \/>\n\t<meta property=\"og:image:type\" content=\"image\/jpeg\" \/>\n<meta name=\"author\" content=\"darka mazi\" \/>\n<meta name=\"twitter:card\" content=\"summary_large_image\" \/>\n<meta name=\"twitter:creator\" content=\"@DarkaMaziLatini\" \/>\n<meta name=\"twitter:site\" content=\"@DarkaMaziLatini\" \/>\n<meta name=\"twitter:label1\" content=\"Written by\" \/>\n\t<meta name=\"twitter:data1\" content=\"darka mazi\" \/>\n\t<meta name=\"twitter:label2\" content=\"Est. reading time\" \/>\n\t<meta name=\"twitter:data2\" content=\"2 minutes\" \/>\n<script type=\"application\/ld+json\" class=\"seo-schema-graph\">{\"@context\":\"https:\\\/\\\/schema.org\",\"@graph\":[{\"@type\":\"Article\",\"@id\":\"https:\\\/\\\/darkamazi.info\\\/archives\\\/1010320#article\",\"isPartOf\":{\"@id\":\"https:\\\/\\\/darkamazi.info\\\/archives\\\/1010320\"},\"author\":{\"name\":\"darka mazi\",\"@id\":\"https:\\\/\\\/darkamazi.info\\\/#\\\/schema\\\/person\\\/5ad3e24553a0567993fa8ed4bd0a776c\"},\"headline\":\"MOSEW\u00ce H\u0130\u015eDAR\u0130Y\u00ca D\u0130DE R\u00caBER\u00ca \u00ceRAN\u00ca\",\"datePublished\":\"2019-11-30T17:12:58+00:00\",\"dateModified\":\"2019-11-30T17:14:22+00:00\",\"mainEntityOfPage\":{\"@id\":\"https:\\\/\\\/darkamazi.info\\\/archives\\\/1010320\"},\"wordCount\":449,\"publisher\":{\"@id\":\"https:\\\/\\\/darkamazi.info\\\/#organization\"},\"image\":{\"@id\":\"https:\\\/\\\/darkamazi.info\\\/archives\\\/1010320#primaryimage\"},\"thumbnailUrl\":\"https:\\\/\\\/darkamazi.info\\\/darka-content\\\/uploads\\\/2019\\\/11\\\/musew\u00ee.jpg\",\"articleSection\":[\"Rojhelata nav\u00een\"],\"inLanguage\":\"en-US\"},{\"@type\":\"WebPage\",\"@id\":\"https:\\\/\\\/darkamazi.info\\\/archives\\\/1010320\",\"url\":\"https:\\\/\\\/darkamazi.info\\\/archives\\\/1010320\",\"name\":\"MOSEW\u00ce H\u0130\u015eDAR\u0130Y\u00ca D\u0130DE R\u00caBER\u00ca \u00ceRAN\u00ca - Darka Maz\u00ee\",\"isPartOf\":{\"@id\":\"https:\\\/\\\/darkamazi.info\\\/#website\"},\"primaryImageOfPage\":{\"@id\":\"https:\\\/\\\/darkamazi.info\\\/archives\\\/1010320#primaryimage\"},\"image\":{\"@id\":\"https:\\\/\\\/darkamazi.info\\\/archives\\\/1010320#primaryimage\"},\"thumbnailUrl\":\"https:\\\/\\\/darkamazi.info\\\/darka-content\\\/uploads\\\/2019\\\/11\\\/musew\u00ee.jpg\",\"datePublished\":\"2019-11-30T17:12:58+00:00\",\"dateModified\":\"2019-11-30T17:14:22+00:00\",\"breadcrumb\":{\"@id\":\"https:\\\/\\\/darkamazi.info\\\/archives\\\/1010320#breadcrumb\"},\"inLanguage\":\"en-US\",\"potentialAction\":[{\"@type\":\"ReadAction\",\"target\":[\"https:\\\/\\\/darkamazi.info\\\/archives\\\/1010320\"]}]},{\"@type\":\"ImageObject\",\"inLanguage\":\"en-US\",\"@id\":\"https:\\\/\\\/darkamazi.info\\\/archives\\\/1010320#primaryimage\",\"url\":\"https:\\\/\\\/darkamazi.info\\\/darka-content\\\/uploads\\\/2019\\\/11\\\/musew\u00ee.jpg\",\"contentUrl\":\"https:\\\/\\\/darkamazi.info\\\/darka-content\\\/uploads\\\/2019\\\/11\\\/musew\u00ee.jpg\",\"width\":960,\"height\":541,\"caption\":\"MOSEW\u00ce H\u0130\u015eDAR\u0130Y\u00ca D\u0130DE R\u00caBER\u00ca \u00ceRAN\u00ca\"},{\"@type\":\"BreadcrumbList\",\"@id\":\"https:\\\/\\\/darkamazi.info\\\/archives\\\/1010320#breadcrumb\",\"itemListElement\":[{\"@type\":\"ListItem\",\"position\":1,\"name\":\"Home\",\"item\":\"https:\\\/\\\/darkamazi.info\\\/\"},{\"@type\":\"ListItem\",\"position\":2,\"name\":\"MOSEW\u00ce H\u0130\u015eDAR\u0130Y\u00ca D\u0130DE R\u00caBER\u00ca \u00ceRAN\u00ca\"}]},{\"@type\":\"WebSite\",\"@id\":\"https:\\\/\\\/darkamazi.info\\\/#website\",\"url\":\"https:\\\/\\\/darkamazi.info\\\/\",\"name\":\"Darka Maz\u00ee\",\"description\":\"P\u00eageha Zanyariy\u00ean Nebih\u00eest\u00ee\",\"publisher\":{\"@id\":\"https:\\\/\\\/darkamazi.info\\\/#organization\"},\"potentialAction\":[{\"@type\":\"SearchAction\",\"target\":{\"@type\":\"EntryPoint\",\"urlTemplate\":\"https:\\\/\\\/darkamazi.info\\\/?s={search_term_string}\"},\"query-input\":{\"@type\":\"PropertyValueSpecification\",\"valueRequired\":true,\"valueName\":\"search_term_string\"}}],\"inLanguage\":\"en-US\"},{\"@type\":\"Organization\",\"@id\":\"https:\\\/\\\/darkamazi.info\\\/#organization\",\"name\":\"Darka Maz\u00ee\",\"url\":\"https:\\\/\\\/darkamazi.info\\\/\",\"logo\":{\"@type\":\"ImageObject\",\"inLanguage\":\"en-US\",\"@id\":\"https:\\\/\\\/darkamazi.info\\\/#\\\/schema\\\/logo\\\/image\\\/\",\"url\":\"https:\\\/\\\/darkamazi.info\\\/darka-content\\\/uploads\\\/2017\\\/12\\\/darka-mazi-logo.png\",\"contentUrl\":\"https:\\\/\\\/darkamazi.info\\\/darka-content\\\/uploads\\\/2017\\\/12\\\/darka-mazi-logo.png\",\"width\":151,\"height\":75,\"caption\":\"Darka Maz\u00ee\"},\"image\":{\"@id\":\"https:\\\/\\\/darkamazi.info\\\/#\\\/schema\\\/logo\\\/image\\\/\"},\"sameAs\":[\"https:\\\/\\\/www.facebook.com\\\/DarMaziKurmanci\",\"https:\\\/\\\/x.com\\\/DarkaMaziLatini\",\"https:\\\/\\\/www.instagram.com\\\/darkamazi.kurmanci\\\/\",\"https:\\\/\\\/www.youtube.com\\\/channel\\\/UCa5HkTdmI8U1qCUFuTw8B2g\"]},{\"@type\":\"Person\",\"@id\":\"https:\\\/\\\/darkamazi.info\\\/#\\\/schema\\\/person\\\/5ad3e24553a0567993fa8ed4bd0a776c\",\"name\":\"darka mazi\",\"sameAs\":[\"https:\\\/\\\/darkamazi.info\\\/\"],\"url\":\"https:\\\/\\\/darkamazi.info\\\/archives\\\/author\\\/kurdi\"}]}<\/script>\n<!-- \/ Yoast SEO plugin. -->","seo_head_json":{"title":"MOSEW\u00ce H\u0130\u015eDAR\u0130Y\u00ca D\u0130DE R\u00caBER\u00ca \u00ceRAN\u00ca - Darka Maz\u00ee","robots":{"index":"index","follow":"follow","max-snippet":"max-snippet:-1","max-image-preview":"max-image-preview:large","max-video-preview":"max-video-preview:-1"},"canonical":"https:\/\/darkamazi.info\/archives\/1010320","og_locale":"en_US","og_type":"article","og_title":"MOSEW\u00ce H\u0130\u015eDAR\u0130Y\u00ca D\u0130DE R\u00caBER\u00ca \u00ceRAN\u00ca - Darka Maz\u00ee","og_description":"Serok\u00ea tevgera kesk ya \u00ceran\u00ea ku bi opozisyon t\u00ea hejmartin, ho\u015fdar\u00eeya jinav\u00e7\u00fbna rej\u00eema \u00ceran\u00ea \u00fb w\u00eelayeta Feq\u00eeh da r\u00eaber\u00ea \u015for\u015fa \u00eeslam\u00ee Ayetollah Aliy\u00ea Xaminey\u00ee. Pi\u015ft\u00ee Kerob\u00ee, m\u00eer His\u00ean Mosew\u00ee her\u00e7ende ku dema 10 salane ew di mala xwe de ji aliy\u00ea rej\u00eema \u00ceran\u00ea ve bin\u00e7av kirin, l\u00ea ew di peyamek\u00ea da radigih\u00eene: &#8220;digel derbir\u00eena hevxemiya [&hellip;]","og_url":"https:\/\/darkamazi.info\/archives\/1010320","og_site_name":"Darka Maz\u00ee","article_publisher":"https:\/\/www.facebook.com\/DarMaziKurmanci","article_published_time":"2019-11-30T17:12:58+00:00","article_modified_time":"2019-11-30T17:14:22+00:00","og_image":[{"width":960,"height":541,"url":"https:\/\/darkamazi.info\/file\/2019\/11\/musew\u00ee.jpg","type":"image\/jpeg"}],"author":"darka mazi","twitter_card":"summary_large_image","twitter_creator":"@DarkaMaziLatini","twitter_site":"@DarkaMaziLatini","twitter_misc":{"Written by":"darka mazi","Est. reading time":"2 minutes"},"schema":{"@context":"https:\/\/schema.org","@graph":[{"@type":"Article","@id":"https:\/\/darkamazi.info\/archives\/1010320#article","isPartOf":{"@id":"https:\/\/darkamazi.info\/archives\/1010320"},"author":{"name":"darka mazi","@id":"https:\/\/darkamazi.info\/#\/schema\/person\/5ad3e24553a0567993fa8ed4bd0a776c"},"headline":"MOSEW\u00ce H\u0130\u015eDAR\u0130Y\u00ca D\u0130DE R\u00caBER\u00ca \u00ceRAN\u00ca","datePublished":"2019-11-30T17:12:58+00:00","dateModified":"2019-11-30T17:14:22+00:00","mainEntityOfPage":{"@id":"https:\/\/darkamazi.info\/archives\/1010320"},"wordCount":449,"publisher":{"@id":"https:\/\/darkamazi.info\/#organization"},"image":{"@id":"https:\/\/darkamazi.info\/archives\/1010320#primaryimage"},"thumbnailUrl":"https:\/\/darkamazi.info\/file\/2019\/11\/musew\u00ee.jpg","articleSection":["Rojhelata nav\u00een"],"inLanguage":"en-US"},{"@type":"WebPage","@id":"https:\/\/darkamazi.info\/archives\/1010320","url":"https:\/\/darkamazi.info\/archives\/1010320","name":"MOSEW\u00ce H\u0130\u015eDAR\u0130Y\u00ca D\u0130DE R\u00caBER\u00ca \u00ceRAN\u00ca - Darka Maz\u00ee","isPartOf":{"@id":"https:\/\/darkamazi.info\/#website"},"primaryImageOfPage":{"@id":"https:\/\/darkamazi.info\/archives\/1010320#primaryimage"},"image":{"@id":"https:\/\/darkamazi.info\/archives\/1010320#primaryimage"},"thumbnailUrl":"https:\/\/darkamazi.info\/file\/2019\/11\/musew\u00ee.jpg","datePublished":"2019-11-30T17:12:58+00:00","dateModified":"2019-11-30T17:14:22+00:00","breadcrumb":{"@id":"https:\/\/darkamazi.info\/archives\/1010320#breadcrumb"},"inLanguage":"en-US","potentialAction":[{"@type":"ReadAction","target":["https:\/\/darkamazi.info\/archives\/1010320"]}]},{"@type":"ImageObject","inLanguage":"en-US","@id":"https:\/\/darkamazi.info\/archives\/1010320#primaryimage","url":"https:\/\/darkamazi.info\/file\/2019\/11\/musew\u00ee.jpg","contentUrl":"https:\/\/darkamazi.info\/file\/2019\/11\/musew\u00ee.jpg","width":960,"height":541,"caption":"MOSEW\u00ce H\u0130\u015eDAR\u0130Y\u00ca D\u0130DE R\u00caBER\u00ca \u00ceRAN\u00ca"},{"@type":"BreadcrumbList","@id":"https:\/\/darkamazi.info\/archives\/1010320#breadcrumb","itemListElement":[{"@type":"ListItem","position":1,"name":"Home","item":"https:\/\/darkamazi.info\/"},{"@type":"ListItem","position":2,"name":"MOSEW\u00ce H\u0130\u015eDAR\u0130Y\u00ca D\u0130DE R\u00caBER\u00ca \u00ceRAN\u00ca"}]},{"@type":"WebSite","@id":"https:\/\/darkamazi.info\/#website","url":"https:\/\/darkamazi.info\/","name":"Darka Maz\u00ee","description":"P\u00eageha Zanyariy\u00ean Nebih\u00eest\u00ee","publisher":{"@id":"https:\/\/darkamazi.info\/#organization"},"potentialAction":[{"@type":"SearchAction","target":{"@type":"EntryPoint","urlTemplate":"https:\/\/darkamazi.info\/?s={search_term_string}"},"query-input":{"@type":"PropertyValueSpecification","valueRequired":true,"valueName":"search_term_string"}}],"inLanguage":"en-US"},{"@type":"Organization","@id":"https:\/\/darkamazi.info\/#organization","name":"Darka Maz\u00ee","url":"https:\/\/darkamazi.info\/","logo":{"@type":"ImageObject","inLanguage":"en-US","@id":"https:\/\/darkamazi.info\/#\/schema\/logo\/image\/","url":"https:\/\/darkamazi.info\/file\/2017\/12\/darka-mazi-logo.png","contentUrl":"https:\/\/darkamazi.info\/file\/2017\/12\/darka-mazi-logo.png","width":151,"height":75,"caption":"Darka Maz\u00ee"},"image":{"@id":"https:\/\/darkamazi.info\/#\/schema\/logo\/image\/"},"sameAs":["https:\/\/www.facebook.com\/DarMaziKurmanci","https:\/\/x.com\/DarkaMaziLatini","https:\/\/www.instagram.com\/darkamazi.kurmanci\/","https:\/\/www.youtube.com\/channel\/UCa5HkTdmI8U1qCUFuTw8B2g"]},{"@type":"Person","@id":"https:\/\/darkamazi.info\/#\/schema\/person\/5ad3e24553a0567993fa8ed4bd0a776c","name":"darka mazi","sameAs":["https:\/\/darkamazi.info\/"],"url":"https:\/\/darkamazi.info\/archives\/author\/kurdi"}]}},"_links":{"self":[{"href":"https:\/\/darkamazi.info\/funavuv\/wp\/v2\/posts\/1010320","targetHints":{"allow":["GET"]}}],"collection":[{"href":"https:\/\/darkamazi.info\/funavuv\/wp\/v2\/posts"}],"about":[{"href":"https:\/\/darkamazi.info\/funavuv\/wp\/v2\/types\/post"}],"author":[{"embeddable":true,"href":"https:\/\/darkamazi.info\/funavuv\/wp\/v2\/users\/2"}],"replies":[{"embeddable":true,"href":"https:\/\/darkamazi.info\/funavuv\/wp\/v2\/comments?post=1010320"}],"version-history":[{"count":0,"href":"https:\/\/darkamazi.info\/funavuv\/wp\/v2\/posts\/1010320\/revisions"}],"wp:featuredmedia":[{"embeddable":true,"href":"https:\/\/darkamazi.info\/funavuv\/wp\/v2\/media\/1010321"}],"wp:attachment":[{"href":"https:\/\/darkamazi.info\/funavuv\/wp\/v2\/media?parent=1010320"}],"wp:term":[{"taxonomy":"category","embeddable":true,"href":"https:\/\/darkamazi.info\/funavuv\/wp\/v2\/categories?post=1010320"},{"taxonomy":"post_tag","embeddable":true,"href":"https:\/\/darkamazi.info\/funavuv\/wp\/v2\/tags?post=1010320"}],"curies":[{"name":"wp","href":"https:\/\/api.w.org\/{rel}","templated":true}]}}