{"id":1010420,"date":"2019-12-03T16:58:20","date_gmt":"2019-12-03T13:58:20","guid":{"rendered":"https:\/\/darkamazi.info\/?p=1010420"},"modified":"2019-12-03T16:58:20","modified_gmt":"2019-12-03T13:58:20","slug":"encumena-ewlehiye-we-li-dor-rewsa-iraqe-bicive","status":"publish","type":"post","link":"https:\/\/darkamazi.info\/archives\/1010420","title":{"rendered":"ENC\u00dbMENA EWLEHIY\u00ca W\u00ca LI DOR REW\u015eA \u00ceRAQ\u00ca BICIVE"},"content":{"rendered":"<h3 style=\"text-align: justify\"><span style=\"font-family: 'arial black', sans-serif\">Enc\u00fbmena ewlehiy\u00ea a navnetewey\u00ee, \u00eero w\u00ea li dor rew\u015fa \u00ceraq\u00ea bicive, ev civ\u00een pi\u015ft\u00ee destberdana serok wez\u00eer Adil Ebdulmehd\u00ee t\u00ea li dar xistin.<\/span><\/h3>\n<h3 style=\"text-align: justify\">T\u00ea \u00e7aver\u00ea kirin, \u00eero roja s\u00ea\u015fem\u00ee 3\/12\/2019an, enc\u00fbmena ewlehiy\u00ea ya navnetewey\u00ee civ\u00eenek\u00ea saz biket \u00fb t\u00eade rew\u015fa her\u00ee daw\u00ee ya \u00ceraqa federal pi\u015ft\u00ee destberdana Adil Ebdulmehd\u00ee y\u00ea serok wez\u00eer were \u015fopandin.<\/h3>\n<h3 style=\"text-align: justify\">Di civ\u00eena \u00eero de, xanima C\u00een\u00een H\u00een\u00ees Pilasxart, n\u00fbnera netewey\u00ean yekb\u00fb\u00eey li \u00ceraq\u00ea, d\u00ea raporek\u00ea de li dor rew\u015fa \u00ceraq\u00ea p\u00ea\u015fk\u00ea\u015f biket.<\/h3>\n<h3 style=\"text-align: justify\">Netewey\u00ean yekb\u00fb\u00eey ji destp\u00eaka xwep\u00ea\u015fandan\u00ean \u00ceraq\u00ea ku li 25 Cotmeha \u00eesal dest p\u00ea kirb\u00fbn, dilgiran\u00ee ji rew\u015f\u00ea n\u00ee\u015fan da \u00fb ji hik\u00fbmeta federal xwast b\u00fb, tundut\u00eej\u00ee a li dij\u00ee xwep\u00ea\u015fanderan were rawestandin.<\/h3>\n<h3 style=\"text-align: justify\">Ji destp\u00eaka xwep\u00ea\u015fandanan p\u00eatir ji 400 kesan hatine ku\u015ftin \u00fb p\u00eatir ji 19 hezar kes\u00ean din br\u00eendar ketine, li \u00eenya rab\u00fbr\u00ee j\u00ee Adil Ebdulmehd\u00ee serok wez\u00eer\u00ea \u00ceraq\u00ea, destberdana xwe ji Posta Serok Wez\u00eeriy\u00ea ragihand \u00fb got ku w\u00ee kar\u00eena berdewam b\u00fbn\u00ea ligel diz \u00fb gendelan n\u00eene.<\/h3>\n<h3 style=\"text-align: justify\">Aliy\u00ean siyas\u00ee y\u00ean \u00ceraq\u00ea niha li r\u00ea\u00e7areyek\u00ea ji bo derbas kirina rew\u015fa aloz digerin \u00fb n\u00eeqa\u015f ji bo dest n\u00ee\u015fan kirina \u015f\u00fbngirek\u00ea jibo Ebdulmehd\u00ee t\u00ean kirin, l\u00ea bel\u00ea \u00e7i amaje bi yekla kirina w\u00ea post\u00ea di rojev\u00ea de n\u00eene.<\/h3>\n","protected":false},"excerpt":{"rendered":"<p>Enc\u00fbmena ewlehiy\u00ea a navnetewey\u00ee, \u00eero w\u00ea li dor rew\u015fa \u00ceraq\u00ea bicive, ev civ\u00een pi\u015ft\u00ee destberdana serok wez\u00eer Adil Ebdulmehd\u00ee t\u00ea li dar xistin. T\u00ea \u00e7aver\u00ea kirin, \u00eero roja s\u00ea\u015fem\u00ee 3\/12\/2019an, enc\u00fbmena ewlehiy\u00ea ya navnetewey\u00ee civ\u00eenek\u00ea saz biket \u00fb t\u00eade rew\u015fa her\u00ee daw\u00ee ya \u00ceraqa federal pi\u015ft\u00ee destberdana Adil Ebdulmehd\u00ee y\u00ea serok wez\u00eer were \u015fopandin. Di [&hellip;]<\/p>\n","protected":false},"author":2,"featured_media":1010421,"comment_status":"closed","ping_status":"closed","sticky":false,"template":"","format":"standard","meta":{"footnotes":""},"categories":[30],"tags":[],"class_list":["post-1010420","post","type-post","status-publish","format-standard","has-post-thumbnail","hentry","category-cihan"],"blocksy_meta":[],"seo_head":"<!-- This site is optimized with the Yoast SEO plugin v27.5 - https:\/\/yoast.com\/product\/yoast-seo-wordpress\/ -->\n<title>ENC\u00dbMENA EWLEHIY\u00ca W\u00ca LI DOR REW\u015eA \u00ceRAQ\u00ca BICIVE - Darka Maz\u00ee<\/title>\n<meta name=\"robots\" content=\"index, follow, max-snippet:-1, max-image-preview:large, max-video-preview:-1\" \/>\n<link rel=\"canonical\" href=\"https:\/\/darkamazi.info\/archives\/1010420\" \/>\n<meta property=\"og:locale\" content=\"en_US\" \/>\n<meta property=\"og:type\" content=\"article\" \/>\n<meta property=\"og:title\" content=\"ENC\u00dbMENA EWLEHIY\u00ca W\u00ca LI DOR REW\u015eA \u00ceRAQ\u00ca BICIVE - Darka Maz\u00ee\" \/>\n<meta property=\"og:description\" content=\"Enc\u00fbmena ewlehiy\u00ea a navnetewey\u00ee, \u00eero w\u00ea li dor rew\u015fa \u00ceraq\u00ea bicive, ev civ\u00een pi\u015ft\u00ee destberdana serok wez\u00eer Adil Ebdulmehd\u00ee t\u00ea li dar xistin. T\u00ea \u00e7aver\u00ea kirin, \u00eero roja s\u00ea\u015fem\u00ee 3\/12\/2019an, enc\u00fbmena ewlehiy\u00ea ya navnetewey\u00ee civ\u00eenek\u00ea saz biket \u00fb t\u00eade rew\u015fa her\u00ee daw\u00ee ya \u00ceraqa federal pi\u015ft\u00ee destberdana Adil Ebdulmehd\u00ee y\u00ea serok wez\u00eer were \u015fopandin. Di [&hellip;]\" \/>\n<meta property=\"og:url\" content=\"https:\/\/darkamazi.info\/archives\/1010420\" \/>\n<meta property=\"og:site_name\" content=\"Darka Maz\u00ee\" \/>\n<meta property=\"article:publisher\" content=\"https:\/\/www.facebook.com\/DarMaziKurmanci\" \/>\n<meta property=\"article:published_time\" content=\"2019-12-03T13:58:20+00:00\" \/>\n<meta property=\"og:image\" content=\"https:\/\/darkamazi.info\/file\/2019\/12\/encumena-ewlehiye.jpg\" \/>\n\t<meta property=\"og:image:width\" content=\"1024\" \/>\n\t<meta property=\"og:image:height\" content=\"682\" \/>\n\t<meta property=\"og:image:type\" content=\"image\/jpeg\" \/>\n<meta name=\"author\" content=\"darka mazi\" \/>\n<meta name=\"twitter:card\" content=\"summary_large_image\" \/>\n<meta name=\"twitter:creator\" content=\"@DarkaMaziLatini\" \/>\n<meta name=\"twitter:site\" content=\"@DarkaMaziLatini\" \/>\n<meta name=\"twitter:label1\" content=\"Written by\" \/>\n\t<meta name=\"twitter:data1\" content=\"darka mazi\" \/>\n\t<meta name=\"twitter:label2\" content=\"Est. reading time\" \/>\n\t<meta name=\"twitter:data2\" content=\"1 minute\" \/>\n<script type=\"application\/ld+json\" class=\"seo-schema-graph\">{\"@context\":\"https:\\\/\\\/schema.org\",\"@graph\":[{\"@type\":\"Article\",\"@id\":\"https:\\\/\\\/darkamazi.info\\\/archives\\\/1010420#article\",\"isPartOf\":{\"@id\":\"https:\\\/\\\/darkamazi.info\\\/archives\\\/1010420\"},\"author\":{\"name\":\"darka mazi\",\"@id\":\"https:\\\/\\\/darkamazi.info\\\/#\\\/schema\\\/person\\\/5ad3e24553a0567993fa8ed4bd0a776c\"},\"headline\":\"ENC\u00dbMENA EWLEHIY\u00ca W\u00ca LI DOR REW\u015eA \u00ceRAQ\u00ca BICIVE\",\"datePublished\":\"2019-12-03T13:58:20+00:00\",\"mainEntityOfPage\":{\"@id\":\"https:\\\/\\\/darkamazi.info\\\/archives\\\/1010420\"},\"wordCount\":247,\"publisher\":{\"@id\":\"https:\\\/\\\/darkamazi.info\\\/#organization\"},\"image\":{\"@id\":\"https:\\\/\\\/darkamazi.info\\\/archives\\\/1010420#primaryimage\"},\"thumbnailUrl\":\"https:\\\/\\\/darkamazi.info\\\/darka-content\\\/uploads\\\/2019\\\/12\\\/encumena-ewlehiye.jpg\",\"articleSection\":[\"C\u00eehan\"],\"inLanguage\":\"en-US\"},{\"@type\":\"WebPage\",\"@id\":\"https:\\\/\\\/darkamazi.info\\\/archives\\\/1010420\",\"url\":\"https:\\\/\\\/darkamazi.info\\\/archives\\\/1010420\",\"name\":\"ENC\u00dbMENA EWLEHIY\u00ca W\u00ca LI DOR REW\u015eA \u00ceRAQ\u00ca BICIVE - Darka Maz\u00ee\",\"isPartOf\":{\"@id\":\"https:\\\/\\\/darkamazi.info\\\/#website\"},\"primaryImageOfPage\":{\"@id\":\"https:\\\/\\\/darkamazi.info\\\/archives\\\/1010420#primaryimage\"},\"image\":{\"@id\":\"https:\\\/\\\/darkamazi.info\\\/archives\\\/1010420#primaryimage\"},\"thumbnailUrl\":\"https:\\\/\\\/darkamazi.info\\\/darka-content\\\/uploads\\\/2019\\\/12\\\/encumena-ewlehiye.jpg\",\"datePublished\":\"2019-12-03T13:58:20+00:00\",\"breadcrumb\":{\"@id\":\"https:\\\/\\\/darkamazi.info\\\/archives\\\/1010420#breadcrumb\"},\"inLanguage\":\"en-US\",\"potentialAction\":[{\"@type\":\"ReadAction\",\"target\":[\"https:\\\/\\\/darkamazi.info\\\/archives\\\/1010420\"]}]},{\"@type\":\"ImageObject\",\"inLanguage\":\"en-US\",\"@id\":\"https:\\\/\\\/darkamazi.info\\\/archives\\\/1010420#primaryimage\",\"url\":\"https:\\\/\\\/darkamazi.info\\\/darka-content\\\/uploads\\\/2019\\\/12\\\/encumena-ewlehiye.jpg\",\"contentUrl\":\"https:\\\/\\\/darkamazi.info\\\/darka-content\\\/uploads\\\/2019\\\/12\\\/encumena-ewlehiye.jpg\",\"width\":1024,\"height\":682,\"caption\":\"ENC\u00dbMENA EWLEHIY\u00ca W\u00ca LI DOR REW\u015eA \u00ceRAQ\u00ca BICIVE\"},{\"@type\":\"BreadcrumbList\",\"@id\":\"https:\\\/\\\/darkamazi.info\\\/archives\\\/1010420#breadcrumb\",\"itemListElement\":[{\"@type\":\"ListItem\",\"position\":1,\"name\":\"Home\",\"item\":\"https:\\\/\\\/darkamazi.info\\\/\"},{\"@type\":\"ListItem\",\"position\":2,\"name\":\"ENC\u00dbMENA EWLEHIY\u00ca W\u00ca LI DOR REW\u015eA \u00ceRAQ\u00ca BICIVE\"}]},{\"@type\":\"WebSite\",\"@id\":\"https:\\\/\\\/darkamazi.info\\\/#website\",\"url\":\"https:\\\/\\\/darkamazi.info\\\/\",\"name\":\"Darka Maz\u00ee\",\"description\":\"P\u00eageha Zanyariy\u00ean Nebih\u00eest\u00ee\",\"publisher\":{\"@id\":\"https:\\\/\\\/darkamazi.info\\\/#organization\"},\"potentialAction\":[{\"@type\":\"SearchAction\",\"target\":{\"@type\":\"EntryPoint\",\"urlTemplate\":\"https:\\\/\\\/darkamazi.info\\\/?s={search_term_string}\"},\"query-input\":{\"@type\":\"PropertyValueSpecification\",\"valueRequired\":true,\"valueName\":\"search_term_string\"}}],\"inLanguage\":\"en-US\"},{\"@type\":\"Organization\",\"@id\":\"https:\\\/\\\/darkamazi.info\\\/#organization\",\"name\":\"Darka Maz\u00ee\",\"url\":\"https:\\\/\\\/darkamazi.info\\\/\",\"logo\":{\"@type\":\"ImageObject\",\"inLanguage\":\"en-US\",\"@id\":\"https:\\\/\\\/darkamazi.info\\\/#\\\/schema\\\/logo\\\/image\\\/\",\"url\":\"https:\\\/\\\/darkamazi.info\\\/darka-content\\\/uploads\\\/2017\\\/12\\\/darka-mazi-logo.png\",\"contentUrl\":\"https:\\\/\\\/darkamazi.info\\\/darka-content\\\/uploads\\\/2017\\\/12\\\/darka-mazi-logo.png\",\"width\":151,\"height\":75,\"caption\":\"Darka Maz\u00ee\"},\"image\":{\"@id\":\"https:\\\/\\\/darkamazi.info\\\/#\\\/schema\\\/logo\\\/image\\\/\"},\"sameAs\":[\"https:\\\/\\\/www.facebook.com\\\/DarMaziKurmanci\",\"https:\\\/\\\/x.com\\\/DarkaMaziLatini\",\"https:\\\/\\\/www.instagram.com\\\/darkamazi.kurmanci\\\/\",\"https:\\\/\\\/www.youtube.com\\\/channel\\\/UCa5HkTdmI8U1qCUFuTw8B2g\"]},{\"@type\":\"Person\",\"@id\":\"https:\\\/\\\/darkamazi.info\\\/#\\\/schema\\\/person\\\/5ad3e24553a0567993fa8ed4bd0a776c\",\"name\":\"darka mazi\",\"sameAs\":[\"https:\\\/\\\/darkamazi.info\\\/\"],\"url\":\"https:\\\/\\\/darkamazi.info\\\/archives\\\/author\\\/kurdi\"}]}<\/script>\n<!-- \/ Yoast SEO plugin. -->","seo_head_json":{"title":"ENC\u00dbMENA EWLEHIY\u00ca W\u00ca LI DOR REW\u015eA \u00ceRAQ\u00ca BICIVE - Darka Maz\u00ee","robots":{"index":"index","follow":"follow","max-snippet":"max-snippet:-1","max-image-preview":"max-image-preview:large","max-video-preview":"max-video-preview:-1"},"canonical":"https:\/\/darkamazi.info\/archives\/1010420","og_locale":"en_US","og_type":"article","og_title":"ENC\u00dbMENA EWLEHIY\u00ca W\u00ca LI DOR REW\u015eA \u00ceRAQ\u00ca BICIVE - Darka Maz\u00ee","og_description":"Enc\u00fbmena ewlehiy\u00ea a navnetewey\u00ee, \u00eero w\u00ea li dor rew\u015fa \u00ceraq\u00ea bicive, ev civ\u00een pi\u015ft\u00ee destberdana serok wez\u00eer Adil Ebdulmehd\u00ee t\u00ea li dar xistin. T\u00ea \u00e7aver\u00ea kirin, \u00eero roja s\u00ea\u015fem\u00ee 3\/12\/2019an, enc\u00fbmena ewlehiy\u00ea ya navnetewey\u00ee civ\u00eenek\u00ea saz biket \u00fb t\u00eade rew\u015fa her\u00ee daw\u00ee ya \u00ceraqa federal pi\u015ft\u00ee destberdana Adil Ebdulmehd\u00ee y\u00ea serok wez\u00eer were \u015fopandin. Di [&hellip;]","og_url":"https:\/\/darkamazi.info\/archives\/1010420","og_site_name":"Darka Maz\u00ee","article_publisher":"https:\/\/www.facebook.com\/DarMaziKurmanci","article_published_time":"2019-12-03T13:58:20+00:00","og_image":[{"width":1024,"height":682,"url":"https:\/\/darkamazi.info\/file\/2019\/12\/encumena-ewlehiye.jpg","type":"image\/jpeg"}],"author":"darka mazi","twitter_card":"summary_large_image","twitter_creator":"@DarkaMaziLatini","twitter_site":"@DarkaMaziLatini","twitter_misc":{"Written by":"darka mazi","Est. reading time":"1 minute"},"schema":{"@context":"https:\/\/schema.org","@graph":[{"@type":"Article","@id":"https:\/\/darkamazi.info\/archives\/1010420#article","isPartOf":{"@id":"https:\/\/darkamazi.info\/archives\/1010420"},"author":{"name":"darka mazi","@id":"https:\/\/darkamazi.info\/#\/schema\/person\/5ad3e24553a0567993fa8ed4bd0a776c"},"headline":"ENC\u00dbMENA EWLEHIY\u00ca W\u00ca LI DOR REW\u015eA \u00ceRAQ\u00ca BICIVE","datePublished":"2019-12-03T13:58:20+00:00","mainEntityOfPage":{"@id":"https:\/\/darkamazi.info\/archives\/1010420"},"wordCount":247,"publisher":{"@id":"https:\/\/darkamazi.info\/#organization"},"image":{"@id":"https:\/\/darkamazi.info\/archives\/1010420#primaryimage"},"thumbnailUrl":"https:\/\/darkamazi.info\/file\/2019\/12\/encumena-ewlehiye.jpg","articleSection":["C\u00eehan"],"inLanguage":"en-US"},{"@type":"WebPage","@id":"https:\/\/darkamazi.info\/archives\/1010420","url":"https:\/\/darkamazi.info\/archives\/1010420","name":"ENC\u00dbMENA EWLEHIY\u00ca W\u00ca LI DOR REW\u015eA \u00ceRAQ\u00ca BICIVE - Darka Maz\u00ee","isPartOf":{"@id":"https:\/\/darkamazi.info\/#website"},"primaryImageOfPage":{"@id":"https:\/\/darkamazi.info\/archives\/1010420#primaryimage"},"image":{"@id":"https:\/\/darkamazi.info\/archives\/1010420#primaryimage"},"thumbnailUrl":"https:\/\/darkamazi.info\/file\/2019\/12\/encumena-ewlehiye.jpg","datePublished":"2019-12-03T13:58:20+00:00","breadcrumb":{"@id":"https:\/\/darkamazi.info\/archives\/1010420#breadcrumb"},"inLanguage":"en-US","potentialAction":[{"@type":"ReadAction","target":["https:\/\/darkamazi.info\/archives\/1010420"]}]},{"@type":"ImageObject","inLanguage":"en-US","@id":"https:\/\/darkamazi.info\/archives\/1010420#primaryimage","url":"https:\/\/darkamazi.info\/file\/2019\/12\/encumena-ewlehiye.jpg","contentUrl":"https:\/\/darkamazi.info\/file\/2019\/12\/encumena-ewlehiye.jpg","width":1024,"height":682,"caption":"ENC\u00dbMENA EWLEHIY\u00ca W\u00ca LI DOR REW\u015eA \u00ceRAQ\u00ca BICIVE"},{"@type":"BreadcrumbList","@id":"https:\/\/darkamazi.info\/archives\/1010420#breadcrumb","itemListElement":[{"@type":"ListItem","position":1,"name":"Home","item":"https:\/\/darkamazi.info\/"},{"@type":"ListItem","position":2,"name":"ENC\u00dbMENA EWLEHIY\u00ca W\u00ca LI DOR REW\u015eA \u00ceRAQ\u00ca BICIVE"}]},{"@type":"WebSite","@id":"https:\/\/darkamazi.info\/#website","url":"https:\/\/darkamazi.info\/","name":"Darka Maz\u00ee","description":"P\u00eageha Zanyariy\u00ean Nebih\u00eest\u00ee","publisher":{"@id":"https:\/\/darkamazi.info\/#organization"},"potentialAction":[{"@type":"SearchAction","target":{"@type":"EntryPoint","urlTemplate":"https:\/\/darkamazi.info\/?s={search_term_string}"},"query-input":{"@type":"PropertyValueSpecification","valueRequired":true,"valueName":"search_term_string"}}],"inLanguage":"en-US"},{"@type":"Organization","@id":"https:\/\/darkamazi.info\/#organization","name":"Darka Maz\u00ee","url":"https:\/\/darkamazi.info\/","logo":{"@type":"ImageObject","inLanguage":"en-US","@id":"https:\/\/darkamazi.info\/#\/schema\/logo\/image\/","url":"https:\/\/darkamazi.info\/file\/2017\/12\/darka-mazi-logo.png","contentUrl":"https:\/\/darkamazi.info\/file\/2017\/12\/darka-mazi-logo.png","width":151,"height":75,"caption":"Darka Maz\u00ee"},"image":{"@id":"https:\/\/darkamazi.info\/#\/schema\/logo\/image\/"},"sameAs":["https:\/\/www.facebook.com\/DarMaziKurmanci","https:\/\/x.com\/DarkaMaziLatini","https:\/\/www.instagram.com\/darkamazi.kurmanci\/","https:\/\/www.youtube.com\/channel\/UCa5HkTdmI8U1qCUFuTw8B2g"]},{"@type":"Person","@id":"https:\/\/darkamazi.info\/#\/schema\/person\/5ad3e24553a0567993fa8ed4bd0a776c","name":"darka mazi","sameAs":["https:\/\/darkamazi.info\/"],"url":"https:\/\/darkamazi.info\/archives\/author\/kurdi"}]}},"_links":{"self":[{"href":"https:\/\/darkamazi.info\/funavuv\/wp\/v2\/posts\/1010420","targetHints":{"allow":["GET"]}}],"collection":[{"href":"https:\/\/darkamazi.info\/funavuv\/wp\/v2\/posts"}],"about":[{"href":"https:\/\/darkamazi.info\/funavuv\/wp\/v2\/types\/post"}],"author":[{"embeddable":true,"href":"https:\/\/darkamazi.info\/funavuv\/wp\/v2\/users\/2"}],"replies":[{"embeddable":true,"href":"https:\/\/darkamazi.info\/funavuv\/wp\/v2\/comments?post=1010420"}],"version-history":[{"count":0,"href":"https:\/\/darkamazi.info\/funavuv\/wp\/v2\/posts\/1010420\/revisions"}],"wp:featuredmedia":[{"embeddable":true,"href":"https:\/\/darkamazi.info\/funavuv\/wp\/v2\/media\/1010421"}],"wp:attachment":[{"href":"https:\/\/darkamazi.info\/funavuv\/wp\/v2\/media?parent=1010420"}],"wp:term":[{"taxonomy":"category","embeddable":true,"href":"https:\/\/darkamazi.info\/funavuv\/wp\/v2\/categories?post=1010420"},{"taxonomy":"post_tag","embeddable":true,"href":"https:\/\/darkamazi.info\/funavuv\/wp\/v2\/tags?post=1010420"}],"curies":[{"name":"wp","href":"https:\/\/api.w.org\/{rel}","templated":true}]}}