{"id":1010450,"date":"2019-12-04T10:46:37","date_gmt":"2019-12-04T07:46:37","guid":{"rendered":"https:\/\/darkamazi.info\/?p=1010450"},"modified":"2019-12-04T10:46:37","modified_gmt":"2019-12-04T07:46:37","slug":"konsolosxaneya-irane-li-necefe-bo-cara-3yemine-ku-dihet-sewitandin","status":"publish","type":"post","link":"https:\/\/darkamazi.info\/archives\/1010450","title":{"rendered":"KONSOLOSXANEYA \u00ceRAN\u00ca LI NECEF\u00ca BO CARA 3YEM\u00ceNE KU DIH\u00caT \u015eEWITANDIN"},"content":{"rendered":"<h3 style=\"text-align: justify\"><span style=\"font-family: 'arial black', sans-serif\">Li Ba\u015f\u00fbr\u00ea \u00ceraq\u00ea di xwep\u00ea\u015fandan\u00ean bajar\u00ea Necef\u00ea de ku bajarek \u015e\u00eee n\u015f\u00eene duh \u015fev careke din gel\u00ea ne raz\u00ee agir berdan Konsolosxaneya \u00ceran\u00ea.<\/span><\/h3>\n<h3 style=\"text-align: justify\">Li gor n\u00fb\u00e7ey\u00ean medyay\u00ee y\u00ean \u00eeraq\u00ea, di xwep\u00ea\u015fandan\u00ean dij\u00ee hik\u00fbmet\u00ea da Konsolosxaneya \u00ceran\u00ea li Necef\u00ea cara 3yem\u00eene ku dih\u00eat \u015fewitandin.<\/h3>\n<h3 style=\"text-align: justify\">Ber\u00ee niha Kunsulxaneya \u00ceran\u00ea li Necef\u00ea du caran ji aliy\u00ea xwep\u00ea\u015fanderan hatb\u00fb \u015fewitandin, jiberku gel\u00ea \u00ceraq\u00ea, Hik\u00fbmeta \u00ceran\u00ea bi destwerdan ji kar\u00fbbar\u00ean \u00ceraq\u00ea tumetbar dike \u00fb dixwazin \u00ceran dest ji destwerdan di \u00eeraq\u00ea de \u00a0berde.<\/h3>\n","protected":false},"excerpt":{"rendered":"<p>Li Ba\u015f\u00fbr\u00ea \u00ceraq\u00ea di xwep\u00ea\u015fandan\u00ean bajar\u00ea Necef\u00ea de ku bajarek \u015e\u00eee n\u015f\u00eene duh \u015fev careke din gel\u00ea ne raz\u00ee agir berdan Konsolosxaneya \u00ceran\u00ea. Li gor n\u00fb\u00e7ey\u00ean medyay\u00ee y\u00ean \u00eeraq\u00ea, di xwep\u00ea\u015fandan\u00ean dij\u00ee hik\u00fbmet\u00ea da Konsolosxaneya \u00ceran\u00ea li Necef\u00ea cara 3yem\u00eene ku dih\u00eat \u015fewitandin. Ber\u00ee niha Kunsulxaneya \u00ceran\u00ea li Necef\u00ea du caran ji aliy\u00ea xwep\u00ea\u015fanderan hatb\u00fb [&hellip;]<\/p>\n","protected":false},"author":2,"featured_media":1010451,"comment_status":"closed","ping_status":"closed","sticky":false,"template":"","format":"standard","meta":{"footnotes":""},"categories":[31],"tags":[],"class_list":["post-1010450","post","type-post","status-publish","format-standard","has-post-thumbnail","hentry","category-rojhelata-navin"],"blocksy_meta":[],"seo_head":"<!-- This site is optimized with the Yoast SEO plugin v27.5 - https:\/\/yoast.com\/product\/yoast-seo-wordpress\/ -->\n<title>KONSOLOSXANEYA \u00ceRAN\u00ca LI NECEF\u00ca BO CARA 3YEM\u00ceNE KU DIH\u00caT \u015eEWITANDIN - Darka Maz\u00ee<\/title>\n<meta name=\"robots\" content=\"index, follow, max-snippet:-1, max-image-preview:large, max-video-preview:-1\" \/>\n<link rel=\"canonical\" href=\"https:\/\/darkamazi.info\/archives\/1010450\" \/>\n<meta property=\"og:locale\" content=\"en_US\" \/>\n<meta property=\"og:type\" content=\"article\" \/>\n<meta property=\"og:title\" content=\"KONSOLOSXANEYA \u00ceRAN\u00ca LI NECEF\u00ca BO CARA 3YEM\u00ceNE KU DIH\u00caT \u015eEWITANDIN - Darka Maz\u00ee\" \/>\n<meta property=\"og:description\" content=\"Li Ba\u015f\u00fbr\u00ea \u00ceraq\u00ea di xwep\u00ea\u015fandan\u00ean bajar\u00ea Necef\u00ea de ku bajarek \u015e\u00eee n\u015f\u00eene duh \u015fev careke din gel\u00ea ne raz\u00ee agir berdan Konsolosxaneya \u00ceran\u00ea. Li gor n\u00fb\u00e7ey\u00ean medyay\u00ee y\u00ean \u00eeraq\u00ea, di xwep\u00ea\u015fandan\u00ean dij\u00ee hik\u00fbmet\u00ea da Konsolosxaneya \u00ceran\u00ea li Necef\u00ea cara 3yem\u00eene ku dih\u00eat \u015fewitandin. Ber\u00ee niha Kunsulxaneya \u00ceran\u00ea li Necef\u00ea du caran ji aliy\u00ea xwep\u00ea\u015fanderan hatb\u00fb [&hellip;]\" \/>\n<meta property=\"og:url\" content=\"https:\/\/darkamazi.info\/archives\/1010450\" \/>\n<meta property=\"og:site_name\" content=\"Darka Maz\u00ee\" \/>\n<meta property=\"article:publisher\" content=\"https:\/\/www.facebook.com\/DarMaziKurmanci\" \/>\n<meta property=\"article:published_time\" content=\"2019-12-04T07:46:37+00:00\" \/>\n<meta property=\"og:image\" content=\"https:\/\/darkamazi.info\/file\/2019\/12\/necef.jpg\" \/>\n\t<meta property=\"og:image:width\" content=\"864\" \/>\n\t<meta property=\"og:image:height\" content=\"486\" \/>\n\t<meta property=\"og:image:type\" content=\"image\/jpeg\" \/>\n<meta name=\"author\" content=\"darka mazi\" \/>\n<meta name=\"twitter:card\" content=\"summary_large_image\" \/>\n<meta name=\"twitter:creator\" content=\"@DarkaMaziLatini\" \/>\n<meta name=\"twitter:site\" content=\"@DarkaMaziLatini\" \/>\n<meta name=\"twitter:label1\" content=\"Written by\" \/>\n\t<meta name=\"twitter:data1\" content=\"darka mazi\" \/>\n<script type=\"application\/ld+json\" class=\"seo-schema-graph\">{\"@context\":\"https:\\\/\\\/schema.org\",\"@graph\":[{\"@type\":\"Article\",\"@id\":\"https:\\\/\\\/darkamazi.info\\\/archives\\\/1010450#article\",\"isPartOf\":{\"@id\":\"https:\\\/\\\/darkamazi.info\\\/archives\\\/1010450\"},\"author\":{\"name\":\"darka mazi\",\"@id\":\"https:\\\/\\\/darkamazi.info\\\/#\\\/schema\\\/person\\\/5ad3e24553a0567993fa8ed4bd0a776c\"},\"headline\":\"KONSOLOSXANEYA \u00ceRAN\u00ca LI NECEF\u00ca BO CARA 3YEM\u00ceNE KU DIH\u00caT \u015eEWITANDIN\",\"datePublished\":\"2019-12-04T07:46:37+00:00\",\"mainEntityOfPage\":{\"@id\":\"https:\\\/\\\/darkamazi.info\\\/archives\\\/1010450\"},\"wordCount\":105,\"publisher\":{\"@id\":\"https:\\\/\\\/darkamazi.info\\\/#organization\"},\"image\":{\"@id\":\"https:\\\/\\\/darkamazi.info\\\/archives\\\/1010450#primaryimage\"},\"thumbnailUrl\":\"https:\\\/\\\/darkamazi.info\\\/darka-content\\\/uploads\\\/2019\\\/12\\\/necef.jpg\",\"articleSection\":[\"Rojhelata nav\u00een\"],\"inLanguage\":\"en-US\"},{\"@type\":\"WebPage\",\"@id\":\"https:\\\/\\\/darkamazi.info\\\/archives\\\/1010450\",\"url\":\"https:\\\/\\\/darkamazi.info\\\/archives\\\/1010450\",\"name\":\"KONSOLOSXANEYA \u00ceRAN\u00ca LI NECEF\u00ca BO CARA 3YEM\u00ceNE KU DIH\u00caT \u015eEWITANDIN - Darka Maz\u00ee\",\"isPartOf\":{\"@id\":\"https:\\\/\\\/darkamazi.info\\\/#website\"},\"primaryImageOfPage\":{\"@id\":\"https:\\\/\\\/darkamazi.info\\\/archives\\\/1010450#primaryimage\"},\"image\":{\"@id\":\"https:\\\/\\\/darkamazi.info\\\/archives\\\/1010450#primaryimage\"},\"thumbnailUrl\":\"https:\\\/\\\/darkamazi.info\\\/darka-content\\\/uploads\\\/2019\\\/12\\\/necef.jpg\",\"datePublished\":\"2019-12-04T07:46:37+00:00\",\"breadcrumb\":{\"@id\":\"https:\\\/\\\/darkamazi.info\\\/archives\\\/1010450#breadcrumb\"},\"inLanguage\":\"en-US\",\"potentialAction\":[{\"@type\":\"ReadAction\",\"target\":[\"https:\\\/\\\/darkamazi.info\\\/archives\\\/1010450\"]}]},{\"@type\":\"ImageObject\",\"inLanguage\":\"en-US\",\"@id\":\"https:\\\/\\\/darkamazi.info\\\/archives\\\/1010450#primaryimage\",\"url\":\"https:\\\/\\\/darkamazi.info\\\/darka-content\\\/uploads\\\/2019\\\/12\\\/necef.jpg\",\"contentUrl\":\"https:\\\/\\\/darkamazi.info\\\/darka-content\\\/uploads\\\/2019\\\/12\\\/necef.jpg\",\"width\":864,\"height\":486,\"caption\":\"KONSOLOSXANEYA \u00ceRAN\u00ca LI NECEF\u00ca BO CARA 3YEM\u00ceNE KU DIH\u00caT \u015eEWITANDIN\"},{\"@type\":\"BreadcrumbList\",\"@id\":\"https:\\\/\\\/darkamazi.info\\\/archives\\\/1010450#breadcrumb\",\"itemListElement\":[{\"@type\":\"ListItem\",\"position\":1,\"name\":\"Home\",\"item\":\"https:\\\/\\\/darkamazi.info\\\/\"},{\"@type\":\"ListItem\",\"position\":2,\"name\":\"KONSOLOSXANEYA \u00ceRAN\u00ca LI NECEF\u00ca BO CARA 3YEM\u00ceNE KU DIH\u00caT \u015eEWITANDIN\"}]},{\"@type\":\"WebSite\",\"@id\":\"https:\\\/\\\/darkamazi.info\\\/#website\",\"url\":\"https:\\\/\\\/darkamazi.info\\\/\",\"name\":\"Darka Maz\u00ee\",\"description\":\"P\u00eageha Zanyariy\u00ean Nebih\u00eest\u00ee\",\"publisher\":{\"@id\":\"https:\\\/\\\/darkamazi.info\\\/#organization\"},\"potentialAction\":[{\"@type\":\"SearchAction\",\"target\":{\"@type\":\"EntryPoint\",\"urlTemplate\":\"https:\\\/\\\/darkamazi.info\\\/?s={search_term_string}\"},\"query-input\":{\"@type\":\"PropertyValueSpecification\",\"valueRequired\":true,\"valueName\":\"search_term_string\"}}],\"inLanguage\":\"en-US\"},{\"@type\":\"Organization\",\"@id\":\"https:\\\/\\\/darkamazi.info\\\/#organization\",\"name\":\"Darka Maz\u00ee\",\"url\":\"https:\\\/\\\/darkamazi.info\\\/\",\"logo\":{\"@type\":\"ImageObject\",\"inLanguage\":\"en-US\",\"@id\":\"https:\\\/\\\/darkamazi.info\\\/#\\\/schema\\\/logo\\\/image\\\/\",\"url\":\"https:\\\/\\\/darkamazi.info\\\/darka-content\\\/uploads\\\/2017\\\/12\\\/darka-mazi-logo.png\",\"contentUrl\":\"https:\\\/\\\/darkamazi.info\\\/darka-content\\\/uploads\\\/2017\\\/12\\\/darka-mazi-logo.png\",\"width\":151,\"height\":75,\"caption\":\"Darka Maz\u00ee\"},\"image\":{\"@id\":\"https:\\\/\\\/darkamazi.info\\\/#\\\/schema\\\/logo\\\/image\\\/\"},\"sameAs\":[\"https:\\\/\\\/www.facebook.com\\\/DarMaziKurmanci\",\"https:\\\/\\\/x.com\\\/DarkaMaziLatini\",\"https:\\\/\\\/www.instagram.com\\\/darkamazi.kurmanci\\\/\",\"https:\\\/\\\/www.youtube.com\\\/channel\\\/UCa5HkTdmI8U1qCUFuTw8B2g\"]},{\"@type\":\"Person\",\"@id\":\"https:\\\/\\\/darkamazi.info\\\/#\\\/schema\\\/person\\\/5ad3e24553a0567993fa8ed4bd0a776c\",\"name\":\"darka mazi\",\"sameAs\":[\"https:\\\/\\\/darkamazi.info\\\/\"],\"url\":\"https:\\\/\\\/darkamazi.info\\\/archives\\\/author\\\/kurdi\"}]}<\/script>\n<!-- \/ Yoast SEO plugin. -->","seo_head_json":{"title":"KONSOLOSXANEYA \u00ceRAN\u00ca LI NECEF\u00ca BO CARA 3YEM\u00ceNE KU DIH\u00caT \u015eEWITANDIN - Darka Maz\u00ee","robots":{"index":"index","follow":"follow","max-snippet":"max-snippet:-1","max-image-preview":"max-image-preview:large","max-video-preview":"max-video-preview:-1"},"canonical":"https:\/\/darkamazi.info\/archives\/1010450","og_locale":"en_US","og_type":"article","og_title":"KONSOLOSXANEYA \u00ceRAN\u00ca LI NECEF\u00ca BO CARA 3YEM\u00ceNE KU DIH\u00caT \u015eEWITANDIN - Darka Maz\u00ee","og_description":"Li Ba\u015f\u00fbr\u00ea \u00ceraq\u00ea di xwep\u00ea\u015fandan\u00ean bajar\u00ea Necef\u00ea de ku bajarek \u015e\u00eee n\u015f\u00eene duh \u015fev careke din gel\u00ea ne raz\u00ee agir berdan Konsolosxaneya \u00ceran\u00ea. Li gor n\u00fb\u00e7ey\u00ean medyay\u00ee y\u00ean \u00eeraq\u00ea, di xwep\u00ea\u015fandan\u00ean dij\u00ee hik\u00fbmet\u00ea da Konsolosxaneya \u00ceran\u00ea li Necef\u00ea cara 3yem\u00eene ku dih\u00eat \u015fewitandin. Ber\u00ee niha Kunsulxaneya \u00ceran\u00ea li Necef\u00ea du caran ji aliy\u00ea xwep\u00ea\u015fanderan hatb\u00fb [&hellip;]","og_url":"https:\/\/darkamazi.info\/archives\/1010450","og_site_name":"Darka Maz\u00ee","article_publisher":"https:\/\/www.facebook.com\/DarMaziKurmanci","article_published_time":"2019-12-04T07:46:37+00:00","og_image":[{"width":864,"height":486,"url":"https:\/\/darkamazi.info\/file\/2019\/12\/necef.jpg","type":"image\/jpeg"}],"author":"darka mazi","twitter_card":"summary_large_image","twitter_creator":"@DarkaMaziLatini","twitter_site":"@DarkaMaziLatini","twitter_misc":{"Written by":"darka mazi"},"schema":{"@context":"https:\/\/schema.org","@graph":[{"@type":"Article","@id":"https:\/\/darkamazi.info\/archives\/1010450#article","isPartOf":{"@id":"https:\/\/darkamazi.info\/archives\/1010450"},"author":{"name":"darka mazi","@id":"https:\/\/darkamazi.info\/#\/schema\/person\/5ad3e24553a0567993fa8ed4bd0a776c"},"headline":"KONSOLOSXANEYA \u00ceRAN\u00ca LI NECEF\u00ca BO CARA 3YEM\u00ceNE KU DIH\u00caT \u015eEWITANDIN","datePublished":"2019-12-04T07:46:37+00:00","mainEntityOfPage":{"@id":"https:\/\/darkamazi.info\/archives\/1010450"},"wordCount":105,"publisher":{"@id":"https:\/\/darkamazi.info\/#organization"},"image":{"@id":"https:\/\/darkamazi.info\/archives\/1010450#primaryimage"},"thumbnailUrl":"https:\/\/darkamazi.info\/file\/2019\/12\/necef.jpg","articleSection":["Rojhelata nav\u00een"],"inLanguage":"en-US"},{"@type":"WebPage","@id":"https:\/\/darkamazi.info\/archives\/1010450","url":"https:\/\/darkamazi.info\/archives\/1010450","name":"KONSOLOSXANEYA \u00ceRAN\u00ca LI NECEF\u00ca BO CARA 3YEM\u00ceNE KU DIH\u00caT \u015eEWITANDIN - Darka Maz\u00ee","isPartOf":{"@id":"https:\/\/darkamazi.info\/#website"},"primaryImageOfPage":{"@id":"https:\/\/darkamazi.info\/archives\/1010450#primaryimage"},"image":{"@id":"https:\/\/darkamazi.info\/archives\/1010450#primaryimage"},"thumbnailUrl":"https:\/\/darkamazi.info\/file\/2019\/12\/necef.jpg","datePublished":"2019-12-04T07:46:37+00:00","breadcrumb":{"@id":"https:\/\/darkamazi.info\/archives\/1010450#breadcrumb"},"inLanguage":"en-US","potentialAction":[{"@type":"ReadAction","target":["https:\/\/darkamazi.info\/archives\/1010450"]}]},{"@type":"ImageObject","inLanguage":"en-US","@id":"https:\/\/darkamazi.info\/archives\/1010450#primaryimage","url":"https:\/\/darkamazi.info\/file\/2019\/12\/necef.jpg","contentUrl":"https:\/\/darkamazi.info\/file\/2019\/12\/necef.jpg","width":864,"height":486,"caption":"KONSOLOSXANEYA \u00ceRAN\u00ca LI NECEF\u00ca BO CARA 3YEM\u00ceNE KU DIH\u00caT \u015eEWITANDIN"},{"@type":"BreadcrumbList","@id":"https:\/\/darkamazi.info\/archives\/1010450#breadcrumb","itemListElement":[{"@type":"ListItem","position":1,"name":"Home","item":"https:\/\/darkamazi.info\/"},{"@type":"ListItem","position":2,"name":"KONSOLOSXANEYA \u00ceRAN\u00ca LI NECEF\u00ca BO CARA 3YEM\u00ceNE KU DIH\u00caT \u015eEWITANDIN"}]},{"@type":"WebSite","@id":"https:\/\/darkamazi.info\/#website","url":"https:\/\/darkamazi.info\/","name":"Darka Maz\u00ee","description":"P\u00eageha Zanyariy\u00ean Nebih\u00eest\u00ee","publisher":{"@id":"https:\/\/darkamazi.info\/#organization"},"potentialAction":[{"@type":"SearchAction","target":{"@type":"EntryPoint","urlTemplate":"https:\/\/darkamazi.info\/?s={search_term_string}"},"query-input":{"@type":"PropertyValueSpecification","valueRequired":true,"valueName":"search_term_string"}}],"inLanguage":"en-US"},{"@type":"Organization","@id":"https:\/\/darkamazi.info\/#organization","name":"Darka Maz\u00ee","url":"https:\/\/darkamazi.info\/","logo":{"@type":"ImageObject","inLanguage":"en-US","@id":"https:\/\/darkamazi.info\/#\/schema\/logo\/image\/","url":"https:\/\/darkamazi.info\/file\/2017\/12\/darka-mazi-logo.png","contentUrl":"https:\/\/darkamazi.info\/file\/2017\/12\/darka-mazi-logo.png","width":151,"height":75,"caption":"Darka Maz\u00ee"},"image":{"@id":"https:\/\/darkamazi.info\/#\/schema\/logo\/image\/"},"sameAs":["https:\/\/www.facebook.com\/DarMaziKurmanci","https:\/\/x.com\/DarkaMaziLatini","https:\/\/www.instagram.com\/darkamazi.kurmanci\/","https:\/\/www.youtube.com\/channel\/UCa5HkTdmI8U1qCUFuTw8B2g"]},{"@type":"Person","@id":"https:\/\/darkamazi.info\/#\/schema\/person\/5ad3e24553a0567993fa8ed4bd0a776c","name":"darka mazi","sameAs":["https:\/\/darkamazi.info\/"],"url":"https:\/\/darkamazi.info\/archives\/author\/kurdi"}]}},"_links":{"self":[{"href":"https:\/\/darkamazi.info\/funavuv\/wp\/v2\/posts\/1010450","targetHints":{"allow":["GET"]}}],"collection":[{"href":"https:\/\/darkamazi.info\/funavuv\/wp\/v2\/posts"}],"about":[{"href":"https:\/\/darkamazi.info\/funavuv\/wp\/v2\/types\/post"}],"author":[{"embeddable":true,"href":"https:\/\/darkamazi.info\/funavuv\/wp\/v2\/users\/2"}],"replies":[{"embeddable":true,"href":"https:\/\/darkamazi.info\/funavuv\/wp\/v2\/comments?post=1010450"}],"version-history":[{"count":0,"href":"https:\/\/darkamazi.info\/funavuv\/wp\/v2\/posts\/1010450\/revisions"}],"wp:featuredmedia":[{"embeddable":true,"href":"https:\/\/darkamazi.info\/funavuv\/wp\/v2\/media\/1010451"}],"wp:attachment":[{"href":"https:\/\/darkamazi.info\/funavuv\/wp\/v2\/media?parent=1010450"}],"wp:term":[{"taxonomy":"category","embeddable":true,"href":"https:\/\/darkamazi.info\/funavuv\/wp\/v2\/categories?post=1010450"},{"taxonomy":"post_tag","embeddable":true,"href":"https:\/\/darkamazi.info\/funavuv\/wp\/v2\/tags?post=1010450"}],"curies":[{"name":"wp","href":"https:\/\/api.w.org\/{rel}","templated":true}]}}