{"id":1010523,"date":"2019-12-07T18:31:59","date_gmt":"2019-12-07T15:31:59","guid":{"rendered":"https:\/\/darkamazi.info\/?p=1010523"},"modified":"2019-12-07T18:32:29","modified_gmt":"2019-12-07T15:32:29","slug":"erdogan-ji-suriye-dernakevin","status":"publish","type":"post","link":"https:\/\/darkamazi.info\/archives\/1010523","title":{"rendered":"ERDOGAN: JI S\u00dbRIY\u00ca DERNAKEV\u00ceN"},"content":{"rendered":"<h3 style=\"text-align: justify\"><span style=\"font-family: 'arial black', sans-serif\">Serok komar\u00ea Tirkiy\u00ea \u00eero ragihand, arte\u015fa S\u00fbriy\u00ea li gor lihevhatinek\u00ea \u00e7\u00fbye di S\u00fbriy\u00ea de \u00fb ji w\u00ee wilat\u00ee dernakeve.<\/span><\/h3>\n<h3 style=\"text-align: justify\">Serok komar\u00ea Tirkiy\u00ea Receb Tey\u00eeb Erdogan \u00eero roja \u015fem\u00ee 7\/12\/2019an di \u00e7ar\u00e7\u00fbv\u00ea civ\u00eena enc\u00fbmena raw\u00eajkar\u00ee a part\u00eeya xwe &#8220;Dad \u00fb Ge\u015fep\u00eadan\u00ea&#8221; daxuyan\u00ee li dor heb\u00fbn \u00fb mana arte\u015fa Tirkiy\u00ea di nava xaka S\u00fbriy\u00ea de da \u00fb got ku ew ne\u00e7\u00fbne w\u00ee wilat\u00ee ku careke din j\u00ea derbikevin.<\/h3>\n<h3 style=\"text-align: justify\">Erdogan dest n\u00ee\u015fan kir, arte\u015fa Tirkiy\u00ea li gor lihevhatina &#8220;Edene&#8221; y\u00ea \u00e7\u00fbye di xaka S\u00fbriy\u00ea de \u00fb ew ten\u00ea w\u00ea bi gotin \u00fb biryara gel\u00ea S\u00fbriy\u00ea careke din w\u00ee wilat\u00ee bi c\u00ee bih\u00eale.<\/h3>\n<h3 style=\"text-align: justify\">Serok\u00ea Tirkiy\u00ea dib\u00eaje: &#8220;Tev serok \u00fb serkirdey\u00ean wilatan ew\u00ean ji me dipirisn aya h\u00fbn\u00ea keng\u00ee S\u00fbriy\u00ea bi c\u00ee bih\u00ealn? Em ji wan re dib\u00eajin ku em dernakevin&#8221;.<\/h3>\n","protected":false},"excerpt":{"rendered":"<p>Serok komar\u00ea Tirkiy\u00ea \u00eero ragihand, arte\u015fa S\u00fbriy\u00ea li gor lihevhatinek\u00ea \u00e7\u00fbye di S\u00fbriy\u00ea de \u00fb ji w\u00ee wilat\u00ee dernakeve. Serok komar\u00ea Tirkiy\u00ea Receb Tey\u00eeb Erdogan \u00eero roja \u015fem\u00ee 7\/12\/2019an di \u00e7ar\u00e7\u00fbv\u00ea civ\u00eena enc\u00fbmena raw\u00eajkar\u00ee a part\u00eeya xwe &#8220;Dad \u00fb Ge\u015fep\u00eadan\u00ea&#8221; daxuyan\u00ee li dor heb\u00fbn \u00fb mana arte\u015fa Tirkiy\u00ea di nava xaka S\u00fbriy\u00ea de da \u00fb [&hellip;]<\/p>\n","protected":false},"author":2,"featured_media":1010524,"comment_status":"closed","ping_status":"closed","sticky":false,"template":"","format":"standard","meta":{"footnotes":""},"categories":[31],"tags":[37],"class_list":["post-1010523","post","type-post","status-publish","format-standard","has-post-thumbnail","hentry","category-rojhelata-navin","tag-sereke"],"blocksy_meta":[],"seo_head":"<!-- This site is optimized with the Yoast SEO plugin v27.5 - https:\/\/yoast.com\/product\/yoast-seo-wordpress\/ -->\n<title>ERDOGAN: JI S\u00dbRIY\u00ca DERNAKEV\u00ceN - Darka Maz\u00ee<\/title>\n<meta name=\"robots\" content=\"index, follow, max-snippet:-1, max-image-preview:large, max-video-preview:-1\" \/>\n<link rel=\"canonical\" href=\"https:\/\/darkamazi.info\/archives\/1010523\" \/>\n<meta property=\"og:locale\" content=\"en_US\" \/>\n<meta property=\"og:type\" content=\"article\" \/>\n<meta property=\"og:title\" content=\"ERDOGAN: JI S\u00dbRIY\u00ca DERNAKEV\u00ceN - Darka Maz\u00ee\" \/>\n<meta property=\"og:description\" content=\"Serok komar\u00ea Tirkiy\u00ea \u00eero ragihand, arte\u015fa S\u00fbriy\u00ea li gor lihevhatinek\u00ea \u00e7\u00fbye di S\u00fbriy\u00ea de \u00fb ji w\u00ee wilat\u00ee dernakeve. Serok komar\u00ea Tirkiy\u00ea Receb Tey\u00eeb Erdogan \u00eero roja \u015fem\u00ee 7\/12\/2019an di \u00e7ar\u00e7\u00fbv\u00ea civ\u00eena enc\u00fbmena raw\u00eajkar\u00ee a part\u00eeya xwe &#8220;Dad \u00fb Ge\u015fep\u00eadan\u00ea&#8221; daxuyan\u00ee li dor heb\u00fbn \u00fb mana arte\u015fa Tirkiy\u00ea di nava xaka S\u00fbriy\u00ea de da \u00fb [&hellip;]\" \/>\n<meta property=\"og:url\" content=\"https:\/\/darkamazi.info\/archives\/1010523\" \/>\n<meta property=\"og:site_name\" content=\"Darka Maz\u00ee\" \/>\n<meta property=\"article:publisher\" content=\"https:\/\/www.facebook.com\/DarMaziKurmanci\" \/>\n<meta property=\"article:published_time\" content=\"2019-12-07T15:31:59+00:00\" \/>\n<meta property=\"article:modified_time\" content=\"2019-12-07T15:32:29+00:00\" \/>\n<meta property=\"og:image\" content=\"https:\/\/darkamazi.info\/file\/2019\/12\/erdogan.jpg\" \/>\n\t<meta property=\"og:image:width\" content=\"800\" \/>\n\t<meta property=\"og:image:height\" content=\"511\" \/>\n\t<meta property=\"og:image:type\" content=\"image\/jpeg\" \/>\n<meta name=\"author\" content=\"darka mazi\" \/>\n<meta name=\"twitter:card\" content=\"summary_large_image\" \/>\n<meta name=\"twitter:creator\" content=\"@DarkaMaziLatini\" \/>\n<meta name=\"twitter:site\" content=\"@DarkaMaziLatini\" \/>\n<meta name=\"twitter:label1\" content=\"Written by\" \/>\n\t<meta name=\"twitter:data1\" content=\"darka mazi\" \/>\n\t<meta name=\"twitter:label2\" content=\"Est. reading time\" \/>\n\t<meta name=\"twitter:data2\" content=\"1 minute\" \/>\n<script type=\"application\/ld+json\" class=\"seo-schema-graph\">{\"@context\":\"https:\\\/\\\/schema.org\",\"@graph\":[{\"@type\":\"Article\",\"@id\":\"https:\\\/\\\/darkamazi.info\\\/archives\\\/1010523#article\",\"isPartOf\":{\"@id\":\"https:\\\/\\\/darkamazi.info\\\/archives\\\/1010523\"},\"author\":{\"name\":\"darka mazi\",\"@id\":\"https:\\\/\\\/darkamazi.info\\\/#\\\/schema\\\/person\\\/5ad3e24553a0567993fa8ed4bd0a776c\"},\"headline\":\"ERDOGAN: JI S\u00dbRIY\u00ca DERNAKEV\u00ceN\",\"datePublished\":\"2019-12-07T15:31:59+00:00\",\"dateModified\":\"2019-12-07T15:32:29+00:00\",\"mainEntityOfPage\":{\"@id\":\"https:\\\/\\\/darkamazi.info\\\/archives\\\/1010523\"},\"wordCount\":152,\"publisher\":{\"@id\":\"https:\\\/\\\/darkamazi.info\\\/#organization\"},\"image\":{\"@id\":\"https:\\\/\\\/darkamazi.info\\\/archives\\\/1010523#primaryimage\"},\"thumbnailUrl\":\"https:\\\/\\\/darkamazi.info\\\/darka-content\\\/uploads\\\/2019\\\/12\\\/erdogan.jpg\",\"keywords\":[\"sereke\"],\"articleSection\":[\"Rojhelata nav\u00een\"],\"inLanguage\":\"en-US\"},{\"@type\":\"WebPage\",\"@id\":\"https:\\\/\\\/darkamazi.info\\\/archives\\\/1010523\",\"url\":\"https:\\\/\\\/darkamazi.info\\\/archives\\\/1010523\",\"name\":\"ERDOGAN: JI S\u00dbRIY\u00ca DERNAKEV\u00ceN - Darka Maz\u00ee\",\"isPartOf\":{\"@id\":\"https:\\\/\\\/darkamazi.info\\\/#website\"},\"primaryImageOfPage\":{\"@id\":\"https:\\\/\\\/darkamazi.info\\\/archives\\\/1010523#primaryimage\"},\"image\":{\"@id\":\"https:\\\/\\\/darkamazi.info\\\/archives\\\/1010523#primaryimage\"},\"thumbnailUrl\":\"https:\\\/\\\/darkamazi.info\\\/darka-content\\\/uploads\\\/2019\\\/12\\\/erdogan.jpg\",\"datePublished\":\"2019-12-07T15:31:59+00:00\",\"dateModified\":\"2019-12-07T15:32:29+00:00\",\"breadcrumb\":{\"@id\":\"https:\\\/\\\/darkamazi.info\\\/archives\\\/1010523#breadcrumb\"},\"inLanguage\":\"en-US\",\"potentialAction\":[{\"@type\":\"ReadAction\",\"target\":[\"https:\\\/\\\/darkamazi.info\\\/archives\\\/1010523\"]}]},{\"@type\":\"ImageObject\",\"inLanguage\":\"en-US\",\"@id\":\"https:\\\/\\\/darkamazi.info\\\/archives\\\/1010523#primaryimage\",\"url\":\"https:\\\/\\\/darkamazi.info\\\/darka-content\\\/uploads\\\/2019\\\/12\\\/erdogan.jpg\",\"contentUrl\":\"https:\\\/\\\/darkamazi.info\\\/darka-content\\\/uploads\\\/2019\\\/12\\\/erdogan.jpg\",\"width\":800,\"height\":511,\"caption\":\"ERDOGAN: JI S\u00dbRIY\u00ca DERNAKEV\u00ceN\"},{\"@type\":\"BreadcrumbList\",\"@id\":\"https:\\\/\\\/darkamazi.info\\\/archives\\\/1010523#breadcrumb\",\"itemListElement\":[{\"@type\":\"ListItem\",\"position\":1,\"name\":\"Home\",\"item\":\"https:\\\/\\\/darkamazi.info\\\/\"},{\"@type\":\"ListItem\",\"position\":2,\"name\":\"ERDOGAN: JI S\u00dbRIY\u00ca DERNAKEV\u00ceN\"}]},{\"@type\":\"WebSite\",\"@id\":\"https:\\\/\\\/darkamazi.info\\\/#website\",\"url\":\"https:\\\/\\\/darkamazi.info\\\/\",\"name\":\"Darka Maz\u00ee\",\"description\":\"P\u00eageha Zanyariy\u00ean Nebih\u00eest\u00ee\",\"publisher\":{\"@id\":\"https:\\\/\\\/darkamazi.info\\\/#organization\"},\"potentialAction\":[{\"@type\":\"SearchAction\",\"target\":{\"@type\":\"EntryPoint\",\"urlTemplate\":\"https:\\\/\\\/darkamazi.info\\\/?s={search_term_string}\"},\"query-input\":{\"@type\":\"PropertyValueSpecification\",\"valueRequired\":true,\"valueName\":\"search_term_string\"}}],\"inLanguage\":\"en-US\"},{\"@type\":\"Organization\",\"@id\":\"https:\\\/\\\/darkamazi.info\\\/#organization\",\"name\":\"Darka Maz\u00ee\",\"url\":\"https:\\\/\\\/darkamazi.info\\\/\",\"logo\":{\"@type\":\"ImageObject\",\"inLanguage\":\"en-US\",\"@id\":\"https:\\\/\\\/darkamazi.info\\\/#\\\/schema\\\/logo\\\/image\\\/\",\"url\":\"https:\\\/\\\/darkamazi.info\\\/darka-content\\\/uploads\\\/2017\\\/12\\\/darka-mazi-logo.png\",\"contentUrl\":\"https:\\\/\\\/darkamazi.info\\\/darka-content\\\/uploads\\\/2017\\\/12\\\/darka-mazi-logo.png\",\"width\":151,\"height\":75,\"caption\":\"Darka Maz\u00ee\"},\"image\":{\"@id\":\"https:\\\/\\\/darkamazi.info\\\/#\\\/schema\\\/logo\\\/image\\\/\"},\"sameAs\":[\"https:\\\/\\\/www.facebook.com\\\/DarMaziKurmanci\",\"https:\\\/\\\/x.com\\\/DarkaMaziLatini\",\"https:\\\/\\\/www.instagram.com\\\/darkamazi.kurmanci\\\/\",\"https:\\\/\\\/www.youtube.com\\\/channel\\\/UCa5HkTdmI8U1qCUFuTw8B2g\"]},{\"@type\":\"Person\",\"@id\":\"https:\\\/\\\/darkamazi.info\\\/#\\\/schema\\\/person\\\/5ad3e24553a0567993fa8ed4bd0a776c\",\"name\":\"darka mazi\",\"sameAs\":[\"https:\\\/\\\/darkamazi.info\\\/\"],\"url\":\"https:\\\/\\\/darkamazi.info\\\/archives\\\/author\\\/kurdi\"}]}<\/script>\n<!-- \/ Yoast SEO plugin. -->","seo_head_json":{"title":"ERDOGAN: JI S\u00dbRIY\u00ca DERNAKEV\u00ceN - Darka Maz\u00ee","robots":{"index":"index","follow":"follow","max-snippet":"max-snippet:-1","max-image-preview":"max-image-preview:large","max-video-preview":"max-video-preview:-1"},"canonical":"https:\/\/darkamazi.info\/archives\/1010523","og_locale":"en_US","og_type":"article","og_title":"ERDOGAN: JI S\u00dbRIY\u00ca DERNAKEV\u00ceN - Darka Maz\u00ee","og_description":"Serok komar\u00ea Tirkiy\u00ea \u00eero ragihand, arte\u015fa S\u00fbriy\u00ea li gor lihevhatinek\u00ea \u00e7\u00fbye di S\u00fbriy\u00ea de \u00fb ji w\u00ee wilat\u00ee dernakeve. Serok komar\u00ea Tirkiy\u00ea Receb Tey\u00eeb Erdogan \u00eero roja \u015fem\u00ee 7\/12\/2019an di \u00e7ar\u00e7\u00fbv\u00ea civ\u00eena enc\u00fbmena raw\u00eajkar\u00ee a part\u00eeya xwe &#8220;Dad \u00fb Ge\u015fep\u00eadan\u00ea&#8221; daxuyan\u00ee li dor heb\u00fbn \u00fb mana arte\u015fa Tirkiy\u00ea di nava xaka S\u00fbriy\u00ea de da \u00fb [&hellip;]","og_url":"https:\/\/darkamazi.info\/archives\/1010523","og_site_name":"Darka Maz\u00ee","article_publisher":"https:\/\/www.facebook.com\/DarMaziKurmanci","article_published_time":"2019-12-07T15:31:59+00:00","article_modified_time":"2019-12-07T15:32:29+00:00","og_image":[{"width":800,"height":511,"url":"https:\/\/darkamazi.info\/file\/2019\/12\/erdogan.jpg","type":"image\/jpeg"}],"author":"darka mazi","twitter_card":"summary_large_image","twitter_creator":"@DarkaMaziLatini","twitter_site":"@DarkaMaziLatini","twitter_misc":{"Written by":"darka mazi","Est. reading time":"1 minute"},"schema":{"@context":"https:\/\/schema.org","@graph":[{"@type":"Article","@id":"https:\/\/darkamazi.info\/archives\/1010523#article","isPartOf":{"@id":"https:\/\/darkamazi.info\/archives\/1010523"},"author":{"name":"darka mazi","@id":"https:\/\/darkamazi.info\/#\/schema\/person\/5ad3e24553a0567993fa8ed4bd0a776c"},"headline":"ERDOGAN: JI S\u00dbRIY\u00ca DERNAKEV\u00ceN","datePublished":"2019-12-07T15:31:59+00:00","dateModified":"2019-12-07T15:32:29+00:00","mainEntityOfPage":{"@id":"https:\/\/darkamazi.info\/archives\/1010523"},"wordCount":152,"publisher":{"@id":"https:\/\/darkamazi.info\/#organization"},"image":{"@id":"https:\/\/darkamazi.info\/archives\/1010523#primaryimage"},"thumbnailUrl":"https:\/\/darkamazi.info\/file\/2019\/12\/erdogan.jpg","keywords":["sereke"],"articleSection":["Rojhelata nav\u00een"],"inLanguage":"en-US"},{"@type":"WebPage","@id":"https:\/\/darkamazi.info\/archives\/1010523","url":"https:\/\/darkamazi.info\/archives\/1010523","name":"ERDOGAN: JI S\u00dbRIY\u00ca DERNAKEV\u00ceN - Darka Maz\u00ee","isPartOf":{"@id":"https:\/\/darkamazi.info\/#website"},"primaryImageOfPage":{"@id":"https:\/\/darkamazi.info\/archives\/1010523#primaryimage"},"image":{"@id":"https:\/\/darkamazi.info\/archives\/1010523#primaryimage"},"thumbnailUrl":"https:\/\/darkamazi.info\/file\/2019\/12\/erdogan.jpg","datePublished":"2019-12-07T15:31:59+00:00","dateModified":"2019-12-07T15:32:29+00:00","breadcrumb":{"@id":"https:\/\/darkamazi.info\/archives\/1010523#breadcrumb"},"inLanguage":"en-US","potentialAction":[{"@type":"ReadAction","target":["https:\/\/darkamazi.info\/archives\/1010523"]}]},{"@type":"ImageObject","inLanguage":"en-US","@id":"https:\/\/darkamazi.info\/archives\/1010523#primaryimage","url":"https:\/\/darkamazi.info\/file\/2019\/12\/erdogan.jpg","contentUrl":"https:\/\/darkamazi.info\/file\/2019\/12\/erdogan.jpg","width":800,"height":511,"caption":"ERDOGAN: JI S\u00dbRIY\u00ca DERNAKEV\u00ceN"},{"@type":"BreadcrumbList","@id":"https:\/\/darkamazi.info\/archives\/1010523#breadcrumb","itemListElement":[{"@type":"ListItem","position":1,"name":"Home","item":"https:\/\/darkamazi.info\/"},{"@type":"ListItem","position":2,"name":"ERDOGAN: JI S\u00dbRIY\u00ca DERNAKEV\u00ceN"}]},{"@type":"WebSite","@id":"https:\/\/darkamazi.info\/#website","url":"https:\/\/darkamazi.info\/","name":"Darka Maz\u00ee","description":"P\u00eageha Zanyariy\u00ean Nebih\u00eest\u00ee","publisher":{"@id":"https:\/\/darkamazi.info\/#organization"},"potentialAction":[{"@type":"SearchAction","target":{"@type":"EntryPoint","urlTemplate":"https:\/\/darkamazi.info\/?s={search_term_string}"},"query-input":{"@type":"PropertyValueSpecification","valueRequired":true,"valueName":"search_term_string"}}],"inLanguage":"en-US"},{"@type":"Organization","@id":"https:\/\/darkamazi.info\/#organization","name":"Darka Maz\u00ee","url":"https:\/\/darkamazi.info\/","logo":{"@type":"ImageObject","inLanguage":"en-US","@id":"https:\/\/darkamazi.info\/#\/schema\/logo\/image\/","url":"https:\/\/darkamazi.info\/file\/2017\/12\/darka-mazi-logo.png","contentUrl":"https:\/\/darkamazi.info\/file\/2017\/12\/darka-mazi-logo.png","width":151,"height":75,"caption":"Darka Maz\u00ee"},"image":{"@id":"https:\/\/darkamazi.info\/#\/schema\/logo\/image\/"},"sameAs":["https:\/\/www.facebook.com\/DarMaziKurmanci","https:\/\/x.com\/DarkaMaziLatini","https:\/\/www.instagram.com\/darkamazi.kurmanci\/","https:\/\/www.youtube.com\/channel\/UCa5HkTdmI8U1qCUFuTw8B2g"]},{"@type":"Person","@id":"https:\/\/darkamazi.info\/#\/schema\/person\/5ad3e24553a0567993fa8ed4bd0a776c","name":"darka mazi","sameAs":["https:\/\/darkamazi.info\/"],"url":"https:\/\/darkamazi.info\/archives\/author\/kurdi"}]}},"_links":{"self":[{"href":"https:\/\/darkamazi.info\/funavuv\/wp\/v2\/posts\/1010523","targetHints":{"allow":["GET"]}}],"collection":[{"href":"https:\/\/darkamazi.info\/funavuv\/wp\/v2\/posts"}],"about":[{"href":"https:\/\/darkamazi.info\/funavuv\/wp\/v2\/types\/post"}],"author":[{"embeddable":true,"href":"https:\/\/darkamazi.info\/funavuv\/wp\/v2\/users\/2"}],"replies":[{"embeddable":true,"href":"https:\/\/darkamazi.info\/funavuv\/wp\/v2\/comments?post=1010523"}],"version-history":[{"count":0,"href":"https:\/\/darkamazi.info\/funavuv\/wp\/v2\/posts\/1010523\/revisions"}],"wp:featuredmedia":[{"embeddable":true,"href":"https:\/\/darkamazi.info\/funavuv\/wp\/v2\/media\/1010524"}],"wp:attachment":[{"href":"https:\/\/darkamazi.info\/funavuv\/wp\/v2\/media?parent=1010523"}],"wp:term":[{"taxonomy":"category","embeddable":true,"href":"https:\/\/darkamazi.info\/funavuv\/wp\/v2\/categories?post=1010523"},{"taxonomy":"post_tag","embeddable":true,"href":"https:\/\/darkamazi.info\/funavuv\/wp\/v2\/tags?post=1010523"}],"curies":[{"name":"wp","href":"https:\/\/api.w.org\/{rel}","templated":true}]}}