{"id":1010632,"date":"2019-12-11T13:51:15","date_gmt":"2019-12-11T10:51:15","guid":{"rendered":"https:\/\/darkamazi.info\/?p=1010632"},"modified":"2019-12-11T13:53:08","modified_gmt":"2019-12-11T10:53:08","slug":"3-gerila-li-deriye-sinor-teslim-bun","status":"publish","type":"post","link":"https:\/\/darkamazi.info\/archives\/1010632","title":{"rendered":"3 GER\u00ceLA LI DERIY\u00ca S\u00ceNOR TESL\u00ceM B\u00dbN"},"content":{"rendered":"<h1 style=\"text-align: justify\"><strong>3 Ger\u00eela ku ji navend\u00ean Partiya Karker\u00ean Kurdistan\u00ea PKKy\u00ea rev\u00eene, li Deriy\u00ea S\u00eenor y\u00ea Xab\u00fbr\u00ea tesl\u00eem\u00ee h\u00eaz\u00ean ewlekariy\u00ea b\u00fbn.<\/strong><\/h1>\n<h3 style=\"text-align: justify\">Li gor\u00ee agahiy\u00ea,&nbsp;3 Ger\u00eelay\u00ean PKK\u00ea ku ji kamp\u00ean Partiya Karker\u00ean Kurdistan\u00ea PKKy\u00ea y\u00ean li Her\u00eama ba\u015f\u00fbr\u00ea Kurdistan\u00ea rev\u00een \u00fb li n\u00eaz\u00eek\u00ee Deriy\u00ea S\u00eenor Xab\u00fbr\u00ea y\u00ea li nav\u00e7eya S\u00eelopiy\u00ea tesl\u00eem\u00ee h\u00eaz\u00ean ewlekariy\u00ea b\u00fbn, hatin bin \u00e7av kirin.<\/h3>\n<h3 style=\"text-align: justify\">Miemeley\u00ean wan 3 Ger\u00eelayan li ewlekariy\u00ea dewam dikin.<\/h3>\n","protected":false},"excerpt":{"rendered":"<p>3 Ger\u00eela ku ji navend\u00ean Partiya Karker\u00ean Kurdistan\u00ea PKKy\u00ea rev\u00eene, li Deriy\u00ea S\u00eenor y\u00ea Xab\u00fbr\u00ea tesl\u00eem\u00ee h\u00eaz\u00ean ewlekariy\u00ea b\u00fbn. Li gor\u00ee agahiy\u00ea,&nbsp;3 Ger\u00eelay\u00ean PKK\u00ea ku ji kamp\u00ean Partiya Karker\u00ean Kurdistan\u00ea PKKy\u00ea y\u00ean li Her\u00eama ba\u015f\u00fbr\u00ea Kurdistan\u00ea rev\u00een \u00fb li n\u00eaz\u00eek\u00ee Deriy\u00ea S\u00eenor Xab\u00fbr\u00ea y\u00ea li nav\u00e7eya S\u00eelopiy\u00ea tesl\u00eem\u00ee h\u00eaz\u00ean ewlekariy\u00ea b\u00fbn, hatin bin \u00e7av kirin. [&hellip;]<\/p>\n","protected":false},"author":2,"featured_media":1010633,"comment_status":"closed","ping_status":"closed","sticky":false,"template":"","format":"standard","meta":{"footnotes":""},"categories":[29],"tags":[37],"class_list":["post-1010632","post","type-post","status-publish","format-standard","has-post-thumbnail","hentry","category-kurdistan","tag-sereke"],"blocksy_meta":[],"seo_head":"<!-- This site is optimized with the Yoast SEO plugin v27.5 - https:\/\/yoast.com\/product\/yoast-seo-wordpress\/ -->\n<title>3 GER\u00ceLA LI DERIY\u00ca S\u00ceNOR TESL\u00ceM B\u00dbN - Darka Maz\u00ee<\/title>\n<meta name=\"robots\" content=\"index, follow, max-snippet:-1, max-image-preview:large, max-video-preview:-1\" \/>\n<link rel=\"canonical\" href=\"https:\/\/darkamazi.info\/archives\/1010632\" \/>\n<meta property=\"og:locale\" content=\"en_US\" \/>\n<meta property=\"og:type\" content=\"article\" \/>\n<meta property=\"og:title\" content=\"3 GER\u00ceLA LI DERIY\u00ca S\u00ceNOR TESL\u00ceM B\u00dbN - Darka Maz\u00ee\" \/>\n<meta property=\"og:description\" content=\"3 Ger\u00eela ku ji navend\u00ean Partiya Karker\u00ean Kurdistan\u00ea PKKy\u00ea rev\u00eene, li Deriy\u00ea S\u00eenor y\u00ea Xab\u00fbr\u00ea tesl\u00eem\u00ee h\u00eaz\u00ean ewlekariy\u00ea b\u00fbn. Li gor\u00ee agahiy\u00ea,&nbsp;3 Ger\u00eelay\u00ean PKK\u00ea ku ji kamp\u00ean Partiya Karker\u00ean Kurdistan\u00ea PKKy\u00ea y\u00ean li Her\u00eama ba\u015f\u00fbr\u00ea Kurdistan\u00ea rev\u00een \u00fb li n\u00eaz\u00eek\u00ee Deriy\u00ea S\u00eenor Xab\u00fbr\u00ea y\u00ea li nav\u00e7eya S\u00eelopiy\u00ea tesl\u00eem\u00ee h\u00eaz\u00ean ewlekariy\u00ea b\u00fbn, hatin bin \u00e7av kirin. [&hellip;]\" \/>\n<meta property=\"og:url\" content=\"https:\/\/darkamazi.info\/archives\/1010632\" \/>\n<meta property=\"og:site_name\" content=\"Darka Maz\u00ee\" \/>\n<meta property=\"article:publisher\" content=\"https:\/\/www.facebook.com\/DarMaziKurmanci\" \/>\n<meta property=\"article:published_time\" content=\"2019-12-11T10:51:15+00:00\" \/>\n<meta property=\"article:modified_time\" content=\"2019-12-11T10:53:08+00:00\" \/>\n<meta property=\"og:image\" content=\"https:\/\/darkamazi.info\/file\/2019\/12\/PKK.jpg\" \/>\n\t<meta property=\"og:image:width\" content=\"681\" \/>\n\t<meta property=\"og:image:height\" content=\"352\" \/>\n\t<meta property=\"og:image:type\" content=\"image\/jpeg\" \/>\n<meta name=\"author\" content=\"darka mazi\" \/>\n<meta name=\"twitter:card\" content=\"summary_large_image\" \/>\n<meta name=\"twitter:creator\" content=\"@DarkaMaziLatini\" \/>\n<meta name=\"twitter:site\" content=\"@DarkaMaziLatini\" \/>\n<meta name=\"twitter:label1\" content=\"Written by\" \/>\n\t<meta name=\"twitter:data1\" content=\"darka mazi\" \/>\n<script type=\"application\/ld+json\" class=\"seo-schema-graph\">{\"@context\":\"https:\\\/\\\/schema.org\",\"@graph\":[{\"@type\":\"Article\",\"@id\":\"https:\\\/\\\/darkamazi.info\\\/archives\\\/1010632#article\",\"isPartOf\":{\"@id\":\"https:\\\/\\\/darkamazi.info\\\/archives\\\/1010632\"},\"author\":{\"name\":\"darka mazi\",\"@id\":\"https:\\\/\\\/darkamazi.info\\\/#\\\/schema\\\/person\\\/5ad3e24553a0567993fa8ed4bd0a776c\"},\"headline\":\"3 GER\u00ceLA LI DERIY\u00ca S\u00ceNOR TESL\u00ceM B\u00dbN\",\"datePublished\":\"2019-12-11T10:51:15+00:00\",\"dateModified\":\"2019-12-11T10:53:08+00:00\",\"mainEntityOfPage\":{\"@id\":\"https:\\\/\\\/darkamazi.info\\\/archives\\\/1010632\"},\"wordCount\":101,\"publisher\":{\"@id\":\"https:\\\/\\\/darkamazi.info\\\/#organization\"},\"image\":{\"@id\":\"https:\\\/\\\/darkamazi.info\\\/archives\\\/1010632#primaryimage\"},\"thumbnailUrl\":\"https:\\\/\\\/darkamazi.info\\\/darka-content\\\/uploads\\\/2019\\\/12\\\/PKK.jpg\",\"keywords\":[\"sereke\"],\"articleSection\":[\"Kurdistan\"],\"inLanguage\":\"en-US\"},{\"@type\":\"WebPage\",\"@id\":\"https:\\\/\\\/darkamazi.info\\\/archives\\\/1010632\",\"url\":\"https:\\\/\\\/darkamazi.info\\\/archives\\\/1010632\",\"name\":\"3 GER\u00ceLA LI DERIY\u00ca S\u00ceNOR TESL\u00ceM B\u00dbN - Darka Maz\u00ee\",\"isPartOf\":{\"@id\":\"https:\\\/\\\/darkamazi.info\\\/#website\"},\"primaryImageOfPage\":{\"@id\":\"https:\\\/\\\/darkamazi.info\\\/archives\\\/1010632#primaryimage\"},\"image\":{\"@id\":\"https:\\\/\\\/darkamazi.info\\\/archives\\\/1010632#primaryimage\"},\"thumbnailUrl\":\"https:\\\/\\\/darkamazi.info\\\/darka-content\\\/uploads\\\/2019\\\/12\\\/PKK.jpg\",\"datePublished\":\"2019-12-11T10:51:15+00:00\",\"dateModified\":\"2019-12-11T10:53:08+00:00\",\"breadcrumb\":{\"@id\":\"https:\\\/\\\/darkamazi.info\\\/archives\\\/1010632#breadcrumb\"},\"inLanguage\":\"en-US\",\"potentialAction\":[{\"@type\":\"ReadAction\",\"target\":[\"https:\\\/\\\/darkamazi.info\\\/archives\\\/1010632\"]}]},{\"@type\":\"ImageObject\",\"inLanguage\":\"en-US\",\"@id\":\"https:\\\/\\\/darkamazi.info\\\/archives\\\/1010632#primaryimage\",\"url\":\"https:\\\/\\\/darkamazi.info\\\/darka-content\\\/uploads\\\/2019\\\/12\\\/PKK.jpg\",\"contentUrl\":\"https:\\\/\\\/darkamazi.info\\\/darka-content\\\/uploads\\\/2019\\\/12\\\/PKK.jpg\",\"width\":681,\"height\":352,\"caption\":\"3 Ger\u00eela PKK li deriy\u00ea s\u00eenor tesl\u00eem b\u00fbn\"},{\"@type\":\"BreadcrumbList\",\"@id\":\"https:\\\/\\\/darkamazi.info\\\/archives\\\/1010632#breadcrumb\",\"itemListElement\":[{\"@type\":\"ListItem\",\"position\":1,\"name\":\"Home\",\"item\":\"https:\\\/\\\/darkamazi.info\\\/\"},{\"@type\":\"ListItem\",\"position\":2,\"name\":\"3 GER\u00ceLA LI DERIY\u00ca S\u00ceNOR TESL\u00ceM B\u00dbN\"}]},{\"@type\":\"WebSite\",\"@id\":\"https:\\\/\\\/darkamazi.info\\\/#website\",\"url\":\"https:\\\/\\\/darkamazi.info\\\/\",\"name\":\"Darka Maz\u00ee\",\"description\":\"P\u00eageha Zanyariy\u00ean Nebih\u00eest\u00ee\",\"publisher\":{\"@id\":\"https:\\\/\\\/darkamazi.info\\\/#organization\"},\"potentialAction\":[{\"@type\":\"SearchAction\",\"target\":{\"@type\":\"EntryPoint\",\"urlTemplate\":\"https:\\\/\\\/darkamazi.info\\\/?s={search_term_string}\"},\"query-input\":{\"@type\":\"PropertyValueSpecification\",\"valueRequired\":true,\"valueName\":\"search_term_string\"}}],\"inLanguage\":\"en-US\"},{\"@type\":\"Organization\",\"@id\":\"https:\\\/\\\/darkamazi.info\\\/#organization\",\"name\":\"Darka Maz\u00ee\",\"url\":\"https:\\\/\\\/darkamazi.info\\\/\",\"logo\":{\"@type\":\"ImageObject\",\"inLanguage\":\"en-US\",\"@id\":\"https:\\\/\\\/darkamazi.info\\\/#\\\/schema\\\/logo\\\/image\\\/\",\"url\":\"https:\\\/\\\/darkamazi.info\\\/darka-content\\\/uploads\\\/2017\\\/12\\\/darka-mazi-logo.png\",\"contentUrl\":\"https:\\\/\\\/darkamazi.info\\\/darka-content\\\/uploads\\\/2017\\\/12\\\/darka-mazi-logo.png\",\"width\":151,\"height\":75,\"caption\":\"Darka Maz\u00ee\"},\"image\":{\"@id\":\"https:\\\/\\\/darkamazi.info\\\/#\\\/schema\\\/logo\\\/image\\\/\"},\"sameAs\":[\"https:\\\/\\\/www.facebook.com\\\/DarMaziKurmanci\",\"https:\\\/\\\/x.com\\\/DarkaMaziLatini\",\"https:\\\/\\\/www.instagram.com\\\/darkamazi.kurmanci\\\/\",\"https:\\\/\\\/www.youtube.com\\\/channel\\\/UCa5HkTdmI8U1qCUFuTw8B2g\"]},{\"@type\":\"Person\",\"@id\":\"https:\\\/\\\/darkamazi.info\\\/#\\\/schema\\\/person\\\/5ad3e24553a0567993fa8ed4bd0a776c\",\"name\":\"darka mazi\",\"sameAs\":[\"https:\\\/\\\/darkamazi.info\\\/\"],\"url\":\"https:\\\/\\\/darkamazi.info\\\/archives\\\/author\\\/kurdi\"}]}<\/script>\n<!-- \/ Yoast SEO plugin. -->","seo_head_json":{"title":"3 GER\u00ceLA LI DERIY\u00ca S\u00ceNOR TESL\u00ceM B\u00dbN - Darka Maz\u00ee","robots":{"index":"index","follow":"follow","max-snippet":"max-snippet:-1","max-image-preview":"max-image-preview:large","max-video-preview":"max-video-preview:-1"},"canonical":"https:\/\/darkamazi.info\/archives\/1010632","og_locale":"en_US","og_type":"article","og_title":"3 GER\u00ceLA LI DERIY\u00ca S\u00ceNOR TESL\u00ceM B\u00dbN - Darka Maz\u00ee","og_description":"3 Ger\u00eela ku ji navend\u00ean Partiya Karker\u00ean Kurdistan\u00ea PKKy\u00ea rev\u00eene, li Deriy\u00ea S\u00eenor y\u00ea Xab\u00fbr\u00ea tesl\u00eem\u00ee h\u00eaz\u00ean ewlekariy\u00ea b\u00fbn. Li gor\u00ee agahiy\u00ea,&nbsp;3 Ger\u00eelay\u00ean PKK\u00ea ku ji kamp\u00ean Partiya Karker\u00ean Kurdistan\u00ea PKKy\u00ea y\u00ean li Her\u00eama ba\u015f\u00fbr\u00ea Kurdistan\u00ea rev\u00een \u00fb li n\u00eaz\u00eek\u00ee Deriy\u00ea S\u00eenor Xab\u00fbr\u00ea y\u00ea li nav\u00e7eya S\u00eelopiy\u00ea tesl\u00eem\u00ee h\u00eaz\u00ean ewlekariy\u00ea b\u00fbn, hatin bin \u00e7av kirin. [&hellip;]","og_url":"https:\/\/darkamazi.info\/archives\/1010632","og_site_name":"Darka Maz\u00ee","article_publisher":"https:\/\/www.facebook.com\/DarMaziKurmanci","article_published_time":"2019-12-11T10:51:15+00:00","article_modified_time":"2019-12-11T10:53:08+00:00","og_image":[{"width":681,"height":352,"url":"https:\/\/darkamazi.info\/file\/2019\/12\/PKK.jpg","type":"image\/jpeg"}],"author":"darka mazi","twitter_card":"summary_large_image","twitter_creator":"@DarkaMaziLatini","twitter_site":"@DarkaMaziLatini","twitter_misc":{"Written by":"darka mazi"},"schema":{"@context":"https:\/\/schema.org","@graph":[{"@type":"Article","@id":"https:\/\/darkamazi.info\/archives\/1010632#article","isPartOf":{"@id":"https:\/\/darkamazi.info\/archives\/1010632"},"author":{"name":"darka mazi","@id":"https:\/\/darkamazi.info\/#\/schema\/person\/5ad3e24553a0567993fa8ed4bd0a776c"},"headline":"3 GER\u00ceLA LI DERIY\u00ca S\u00ceNOR TESL\u00ceM B\u00dbN","datePublished":"2019-12-11T10:51:15+00:00","dateModified":"2019-12-11T10:53:08+00:00","mainEntityOfPage":{"@id":"https:\/\/darkamazi.info\/archives\/1010632"},"wordCount":101,"publisher":{"@id":"https:\/\/darkamazi.info\/#organization"},"image":{"@id":"https:\/\/darkamazi.info\/archives\/1010632#primaryimage"},"thumbnailUrl":"https:\/\/darkamazi.info\/file\/2019\/12\/PKK.jpg","keywords":["sereke"],"articleSection":["Kurdistan"],"inLanguage":"en-US"},{"@type":"WebPage","@id":"https:\/\/darkamazi.info\/archives\/1010632","url":"https:\/\/darkamazi.info\/archives\/1010632","name":"3 GER\u00ceLA LI DERIY\u00ca S\u00ceNOR TESL\u00ceM B\u00dbN - Darka Maz\u00ee","isPartOf":{"@id":"https:\/\/darkamazi.info\/#website"},"primaryImageOfPage":{"@id":"https:\/\/darkamazi.info\/archives\/1010632#primaryimage"},"image":{"@id":"https:\/\/darkamazi.info\/archives\/1010632#primaryimage"},"thumbnailUrl":"https:\/\/darkamazi.info\/file\/2019\/12\/PKK.jpg","datePublished":"2019-12-11T10:51:15+00:00","dateModified":"2019-12-11T10:53:08+00:00","breadcrumb":{"@id":"https:\/\/darkamazi.info\/archives\/1010632#breadcrumb"},"inLanguage":"en-US","potentialAction":[{"@type":"ReadAction","target":["https:\/\/darkamazi.info\/archives\/1010632"]}]},{"@type":"ImageObject","inLanguage":"en-US","@id":"https:\/\/darkamazi.info\/archives\/1010632#primaryimage","url":"https:\/\/darkamazi.info\/file\/2019\/12\/PKK.jpg","contentUrl":"https:\/\/darkamazi.info\/file\/2019\/12\/PKK.jpg","width":681,"height":352,"caption":"3 Ger\u00eela PKK li deriy\u00ea s\u00eenor tesl\u00eem b\u00fbn"},{"@type":"BreadcrumbList","@id":"https:\/\/darkamazi.info\/archives\/1010632#breadcrumb","itemListElement":[{"@type":"ListItem","position":1,"name":"Home","item":"https:\/\/darkamazi.info\/"},{"@type":"ListItem","position":2,"name":"3 GER\u00ceLA LI DERIY\u00ca S\u00ceNOR TESL\u00ceM B\u00dbN"}]},{"@type":"WebSite","@id":"https:\/\/darkamazi.info\/#website","url":"https:\/\/darkamazi.info\/","name":"Darka Maz\u00ee","description":"P\u00eageha Zanyariy\u00ean Nebih\u00eest\u00ee","publisher":{"@id":"https:\/\/darkamazi.info\/#organization"},"potentialAction":[{"@type":"SearchAction","target":{"@type":"EntryPoint","urlTemplate":"https:\/\/darkamazi.info\/?s={search_term_string}"},"query-input":{"@type":"PropertyValueSpecification","valueRequired":true,"valueName":"search_term_string"}}],"inLanguage":"en-US"},{"@type":"Organization","@id":"https:\/\/darkamazi.info\/#organization","name":"Darka Maz\u00ee","url":"https:\/\/darkamazi.info\/","logo":{"@type":"ImageObject","inLanguage":"en-US","@id":"https:\/\/darkamazi.info\/#\/schema\/logo\/image\/","url":"https:\/\/darkamazi.info\/file\/2017\/12\/darka-mazi-logo.png","contentUrl":"https:\/\/darkamazi.info\/file\/2017\/12\/darka-mazi-logo.png","width":151,"height":75,"caption":"Darka Maz\u00ee"},"image":{"@id":"https:\/\/darkamazi.info\/#\/schema\/logo\/image\/"},"sameAs":["https:\/\/www.facebook.com\/DarMaziKurmanci","https:\/\/x.com\/DarkaMaziLatini","https:\/\/www.instagram.com\/darkamazi.kurmanci\/","https:\/\/www.youtube.com\/channel\/UCa5HkTdmI8U1qCUFuTw8B2g"]},{"@type":"Person","@id":"https:\/\/darkamazi.info\/#\/schema\/person\/5ad3e24553a0567993fa8ed4bd0a776c","name":"darka mazi","sameAs":["https:\/\/darkamazi.info\/"],"url":"https:\/\/darkamazi.info\/archives\/author\/kurdi"}]}},"_links":{"self":[{"href":"https:\/\/darkamazi.info\/funavuv\/wp\/v2\/posts\/1010632","targetHints":{"allow":["GET"]}}],"collection":[{"href":"https:\/\/darkamazi.info\/funavuv\/wp\/v2\/posts"}],"about":[{"href":"https:\/\/darkamazi.info\/funavuv\/wp\/v2\/types\/post"}],"author":[{"embeddable":true,"href":"https:\/\/darkamazi.info\/funavuv\/wp\/v2\/users\/2"}],"replies":[{"embeddable":true,"href":"https:\/\/darkamazi.info\/funavuv\/wp\/v2\/comments?post=1010632"}],"version-history":[{"count":0,"href":"https:\/\/darkamazi.info\/funavuv\/wp\/v2\/posts\/1010632\/revisions"}],"wp:featuredmedia":[{"embeddable":true,"href":"https:\/\/darkamazi.info\/funavuv\/wp\/v2\/media\/1010633"}],"wp:attachment":[{"href":"https:\/\/darkamazi.info\/funavuv\/wp\/v2\/media?parent=1010632"}],"wp:term":[{"taxonomy":"category","embeddable":true,"href":"https:\/\/darkamazi.info\/funavuv\/wp\/v2\/categories?post=1010632"},{"taxonomy":"post_tag","embeddable":true,"href":"https:\/\/darkamazi.info\/funavuv\/wp\/v2\/tags?post=1010632"}],"curies":[{"name":"wp","href":"https:\/\/api.w.org\/{rel}","templated":true}]}}