{"id":1010647,"date":"2019-12-11T17:55:34","date_gmt":"2019-12-11T14:55:34","guid":{"rendered":"https:\/\/darkamazi.info\/?p=1010647"},"modified":"2019-12-11T17:55:34","modified_gmt":"2019-12-11T14:55:34","slug":"li-merdine-gelek-kes-hatin-bincavkirin","status":"publish","type":"post","link":"https:\/\/darkamazi.info\/archives\/1010647","title":{"rendered":"LI M\u00caRD\u00ceN\u00ca GELEK KES HATIN BIN\u00c7AVKIRIN"},"content":{"rendered":"<h1 style=\"text-align: justify\">Li M\u00eard\u00een\u00ea pol\u00ees\u00ean dewleta Tirk ser\u00ea sib\u00ea bi ser gelek malan de girtin, Hevserok\u00ea HDP\u2019a M\u00eard\u00een\u00ea j\u00ee di nav de gelek kes bin\u00e7av kirin.<\/h1>\n<h3 style=\"text-align: justify\">Di \u00e7ar\u00e7oveya qirkirin\u00ean siyas\u00ee y\u00ean li bakur\u00ea Kurdistan\u00ea li nav\u00e7ey\u00ean Qoser, Nis\u00eab\u00een \u00fb Art\u00fbkl\u00fb y\u00ean M\u00eard\u00een\u00ea pol\u00ees\u00ean dewleta Tirk ser\u00ea sib\u00ea bi ser gelek malan de girt.<\/h3>\n<h3 style=\"text-align: justify\">\u00a0Pol\u00eesan di serdegirtina malan de l\u00eager\u00een p\u00eak an\u00ee, Pi\u015ft\u00ee l\u00eager\u00een\u00ean li malan Hevserok\u00ea R\u00eaxistina HDP\u2019\u00ea ya M\u00eard\u00een\u00ea \u00abSal\u00eeh Kuday\u00bb \u00fb Seroka Odeya Bij\u00ee\u015fkan a M\u00eard\u00een\u00ea \u00abDerya Etem\u00bb j\u00ee di nav de gelek kes bin\u00e7av kirin.<\/h3>\n<h3 style=\"text-align: justify\">Kes\u00ean hatine bin\u00e7avkirin birin miduriyeta Pol\u00eesan a M\u00eard\u00een\u00ea.<\/h3>\n","protected":false},"excerpt":{"rendered":"<p>Li M\u00eard\u00een\u00ea pol\u00ees\u00ean dewleta Tirk ser\u00ea sib\u00ea bi ser gelek malan de girtin, Hevserok\u00ea HDP\u2019a M\u00eard\u00een\u00ea j\u00ee di nav de gelek kes bin\u00e7av kirin. Di \u00e7ar\u00e7oveya qirkirin\u00ean siyas\u00ee y\u00ean li bakur\u00ea Kurdistan\u00ea li nav\u00e7ey\u00ean Qoser, Nis\u00eab\u00een \u00fb Art\u00fbkl\u00fb y\u00ean M\u00eard\u00een\u00ea pol\u00ees\u00ean dewleta Tirk ser\u00ea sib\u00ea bi ser gelek malan de girt. \u00a0Pol\u00eesan di serdegirtina malan [&hellip;]<\/p>\n","protected":false},"author":2,"featured_media":1010648,"comment_status":"closed","ping_status":"closed","sticky":false,"template":"","format":"standard","meta":{"footnotes":""},"categories":[29],"tags":[37],"class_list":["post-1010647","post","type-post","status-publish","format-standard","has-post-thumbnail","hentry","category-kurdistan","tag-sereke"],"blocksy_meta":[],"seo_head":"<!-- This site is optimized with the Yoast SEO plugin v27.5 - https:\/\/yoast.com\/product\/yoast-seo-wordpress\/ -->\n<title>LI M\u00caRD\u00ceN\u00ca GELEK KES HATIN BIN\u00c7AVKIRIN - Darka Maz\u00ee<\/title>\n<meta name=\"robots\" content=\"index, follow, max-snippet:-1, max-image-preview:large, max-video-preview:-1\" \/>\n<link rel=\"canonical\" href=\"https:\/\/darkamazi.info\/archives\/1010647\" \/>\n<meta property=\"og:locale\" content=\"en_US\" \/>\n<meta property=\"og:type\" content=\"article\" \/>\n<meta property=\"og:title\" content=\"LI M\u00caRD\u00ceN\u00ca GELEK KES HATIN BIN\u00c7AVKIRIN - Darka Maz\u00ee\" \/>\n<meta property=\"og:description\" content=\"Li M\u00eard\u00een\u00ea pol\u00ees\u00ean dewleta Tirk ser\u00ea sib\u00ea bi ser gelek malan de girtin, Hevserok\u00ea HDP\u2019a M\u00eard\u00een\u00ea j\u00ee di nav de gelek kes bin\u00e7av kirin. Di \u00e7ar\u00e7oveya qirkirin\u00ean siyas\u00ee y\u00ean li bakur\u00ea Kurdistan\u00ea li nav\u00e7ey\u00ean Qoser, Nis\u00eab\u00een \u00fb Art\u00fbkl\u00fb y\u00ean M\u00eard\u00een\u00ea pol\u00ees\u00ean dewleta Tirk ser\u00ea sib\u00ea bi ser gelek malan de girt. \u00a0Pol\u00eesan di serdegirtina malan [&hellip;]\" \/>\n<meta property=\"og:url\" content=\"https:\/\/darkamazi.info\/archives\/1010647\" \/>\n<meta property=\"og:site_name\" content=\"Darka Maz\u00ee\" \/>\n<meta property=\"article:publisher\" content=\"https:\/\/www.facebook.com\/DarMaziKurmanci\" \/>\n<meta property=\"article:published_time\" content=\"2019-12-11T14:55:34+00:00\" \/>\n<meta property=\"og:image\" content=\"https:\/\/darkamazi.info\/file\/2019\/12\/Merdin.jpg\" \/>\n\t<meta property=\"og:image:width\" content=\"731\" \/>\n\t<meta property=\"og:image:height\" content=\"486\" \/>\n\t<meta property=\"og:image:type\" content=\"image\/jpeg\" \/>\n<meta name=\"author\" content=\"darka mazi\" \/>\n<meta name=\"twitter:card\" content=\"summary_large_image\" \/>\n<meta name=\"twitter:creator\" content=\"@DarkaMaziLatini\" \/>\n<meta name=\"twitter:site\" content=\"@DarkaMaziLatini\" \/>\n<meta name=\"twitter:label1\" content=\"Written by\" \/>\n\t<meta name=\"twitter:data1\" content=\"darka mazi\" \/>\n\t<meta name=\"twitter:label2\" content=\"Est. reading time\" \/>\n\t<meta name=\"twitter:data2\" content=\"1 minute\" \/>\n<script type=\"application\/ld+json\" class=\"seo-schema-graph\">{\"@context\":\"https:\\\/\\\/schema.org\",\"@graph\":[{\"@type\":\"Article\",\"@id\":\"https:\\\/\\\/darkamazi.info\\\/archives\\\/1010647#article\",\"isPartOf\":{\"@id\":\"https:\\\/\\\/darkamazi.info\\\/archives\\\/1010647\"},\"author\":{\"name\":\"darka mazi\",\"@id\":\"https:\\\/\\\/darkamazi.info\\\/#\\\/schema\\\/person\\\/5ad3e24553a0567993fa8ed4bd0a776c\"},\"headline\":\"LI M\u00caRD\u00ceN\u00ca GELEK KES HATIN BIN\u00c7AVKIRIN\",\"datePublished\":\"2019-12-11T14:55:34+00:00\",\"mainEntityOfPage\":{\"@id\":\"https:\\\/\\\/darkamazi.info\\\/archives\\\/1010647\"},\"wordCount\":143,\"publisher\":{\"@id\":\"https:\\\/\\\/darkamazi.info\\\/#organization\"},\"image\":{\"@id\":\"https:\\\/\\\/darkamazi.info\\\/archives\\\/1010647#primaryimage\"},\"thumbnailUrl\":\"https:\\\/\\\/darkamazi.info\\\/darka-content\\\/uploads\\\/2019\\\/12\\\/Merdin.jpg\",\"keywords\":[\"sereke\"],\"articleSection\":[\"Kurdistan\"],\"inLanguage\":\"en-US\"},{\"@type\":\"WebPage\",\"@id\":\"https:\\\/\\\/darkamazi.info\\\/archives\\\/1010647\",\"url\":\"https:\\\/\\\/darkamazi.info\\\/archives\\\/1010647\",\"name\":\"LI M\u00caRD\u00ceN\u00ca GELEK KES HATIN BIN\u00c7AVKIRIN - Darka Maz\u00ee\",\"isPartOf\":{\"@id\":\"https:\\\/\\\/darkamazi.info\\\/#website\"},\"primaryImageOfPage\":{\"@id\":\"https:\\\/\\\/darkamazi.info\\\/archives\\\/1010647#primaryimage\"},\"image\":{\"@id\":\"https:\\\/\\\/darkamazi.info\\\/archives\\\/1010647#primaryimage\"},\"thumbnailUrl\":\"https:\\\/\\\/darkamazi.info\\\/darka-content\\\/uploads\\\/2019\\\/12\\\/Merdin.jpg\",\"datePublished\":\"2019-12-11T14:55:34+00:00\",\"breadcrumb\":{\"@id\":\"https:\\\/\\\/darkamazi.info\\\/archives\\\/1010647#breadcrumb\"},\"inLanguage\":\"en-US\",\"potentialAction\":[{\"@type\":\"ReadAction\",\"target\":[\"https:\\\/\\\/darkamazi.info\\\/archives\\\/1010647\"]}]},{\"@type\":\"ImageObject\",\"inLanguage\":\"en-US\",\"@id\":\"https:\\\/\\\/darkamazi.info\\\/archives\\\/1010647#primaryimage\",\"url\":\"https:\\\/\\\/darkamazi.info\\\/darka-content\\\/uploads\\\/2019\\\/12\\\/Merdin.jpg\",\"contentUrl\":\"https:\\\/\\\/darkamazi.info\\\/darka-content\\\/uploads\\\/2019\\\/12\\\/Merdin.jpg\",\"width\":731,\"height\":486,\"caption\":\"LI M\u00caRD\u00ceN\u00ca GELEK KES HATIN BIN\u00c7AVKIRIN\"},{\"@type\":\"BreadcrumbList\",\"@id\":\"https:\\\/\\\/darkamazi.info\\\/archives\\\/1010647#breadcrumb\",\"itemListElement\":[{\"@type\":\"ListItem\",\"position\":1,\"name\":\"Home\",\"item\":\"https:\\\/\\\/darkamazi.info\\\/\"},{\"@type\":\"ListItem\",\"position\":2,\"name\":\"LI M\u00caRD\u00ceN\u00ca GELEK KES HATIN BIN\u00c7AVKIRIN\"}]},{\"@type\":\"WebSite\",\"@id\":\"https:\\\/\\\/darkamazi.info\\\/#website\",\"url\":\"https:\\\/\\\/darkamazi.info\\\/\",\"name\":\"Darka Maz\u00ee\",\"description\":\"P\u00eageha Zanyariy\u00ean Nebih\u00eest\u00ee\",\"publisher\":{\"@id\":\"https:\\\/\\\/darkamazi.info\\\/#organization\"},\"potentialAction\":[{\"@type\":\"SearchAction\",\"target\":{\"@type\":\"EntryPoint\",\"urlTemplate\":\"https:\\\/\\\/darkamazi.info\\\/?s={search_term_string}\"},\"query-input\":{\"@type\":\"PropertyValueSpecification\",\"valueRequired\":true,\"valueName\":\"search_term_string\"}}],\"inLanguage\":\"en-US\"},{\"@type\":\"Organization\",\"@id\":\"https:\\\/\\\/darkamazi.info\\\/#organization\",\"name\":\"Darka Maz\u00ee\",\"url\":\"https:\\\/\\\/darkamazi.info\\\/\",\"logo\":{\"@type\":\"ImageObject\",\"inLanguage\":\"en-US\",\"@id\":\"https:\\\/\\\/darkamazi.info\\\/#\\\/schema\\\/logo\\\/image\\\/\",\"url\":\"https:\\\/\\\/darkamazi.info\\\/darka-content\\\/uploads\\\/2017\\\/12\\\/darka-mazi-logo.png\",\"contentUrl\":\"https:\\\/\\\/darkamazi.info\\\/darka-content\\\/uploads\\\/2017\\\/12\\\/darka-mazi-logo.png\",\"width\":151,\"height\":75,\"caption\":\"Darka Maz\u00ee\"},\"image\":{\"@id\":\"https:\\\/\\\/darkamazi.info\\\/#\\\/schema\\\/logo\\\/image\\\/\"},\"sameAs\":[\"https:\\\/\\\/www.facebook.com\\\/DarMaziKurmanci\",\"https:\\\/\\\/x.com\\\/DarkaMaziLatini\",\"https:\\\/\\\/www.instagram.com\\\/darkamazi.kurmanci\\\/\",\"https:\\\/\\\/www.youtube.com\\\/channel\\\/UCa5HkTdmI8U1qCUFuTw8B2g\"]},{\"@type\":\"Person\",\"@id\":\"https:\\\/\\\/darkamazi.info\\\/#\\\/schema\\\/person\\\/5ad3e24553a0567993fa8ed4bd0a776c\",\"name\":\"darka mazi\",\"sameAs\":[\"https:\\\/\\\/darkamazi.info\\\/\"],\"url\":\"https:\\\/\\\/darkamazi.info\\\/archives\\\/author\\\/kurdi\"}]}<\/script>\n<!-- \/ Yoast SEO plugin. -->","seo_head_json":{"title":"LI M\u00caRD\u00ceN\u00ca GELEK KES HATIN BIN\u00c7AVKIRIN - Darka Maz\u00ee","robots":{"index":"index","follow":"follow","max-snippet":"max-snippet:-1","max-image-preview":"max-image-preview:large","max-video-preview":"max-video-preview:-1"},"canonical":"https:\/\/darkamazi.info\/archives\/1010647","og_locale":"en_US","og_type":"article","og_title":"LI M\u00caRD\u00ceN\u00ca GELEK KES HATIN BIN\u00c7AVKIRIN - Darka Maz\u00ee","og_description":"Li M\u00eard\u00een\u00ea pol\u00ees\u00ean dewleta Tirk ser\u00ea sib\u00ea bi ser gelek malan de girtin, Hevserok\u00ea HDP\u2019a M\u00eard\u00een\u00ea j\u00ee di nav de gelek kes bin\u00e7av kirin. Di \u00e7ar\u00e7oveya qirkirin\u00ean siyas\u00ee y\u00ean li bakur\u00ea Kurdistan\u00ea li nav\u00e7ey\u00ean Qoser, Nis\u00eab\u00een \u00fb Art\u00fbkl\u00fb y\u00ean M\u00eard\u00een\u00ea pol\u00ees\u00ean dewleta Tirk ser\u00ea sib\u00ea bi ser gelek malan de girt. \u00a0Pol\u00eesan di serdegirtina malan [&hellip;]","og_url":"https:\/\/darkamazi.info\/archives\/1010647","og_site_name":"Darka Maz\u00ee","article_publisher":"https:\/\/www.facebook.com\/DarMaziKurmanci","article_published_time":"2019-12-11T14:55:34+00:00","og_image":[{"width":731,"height":486,"url":"https:\/\/darkamazi.info\/file\/2019\/12\/Merdin.jpg","type":"image\/jpeg"}],"author":"darka mazi","twitter_card":"summary_large_image","twitter_creator":"@DarkaMaziLatini","twitter_site":"@DarkaMaziLatini","twitter_misc":{"Written by":"darka mazi","Est. reading time":"1 minute"},"schema":{"@context":"https:\/\/schema.org","@graph":[{"@type":"Article","@id":"https:\/\/darkamazi.info\/archives\/1010647#article","isPartOf":{"@id":"https:\/\/darkamazi.info\/archives\/1010647"},"author":{"name":"darka mazi","@id":"https:\/\/darkamazi.info\/#\/schema\/person\/5ad3e24553a0567993fa8ed4bd0a776c"},"headline":"LI M\u00caRD\u00ceN\u00ca GELEK KES HATIN BIN\u00c7AVKIRIN","datePublished":"2019-12-11T14:55:34+00:00","mainEntityOfPage":{"@id":"https:\/\/darkamazi.info\/archives\/1010647"},"wordCount":143,"publisher":{"@id":"https:\/\/darkamazi.info\/#organization"},"image":{"@id":"https:\/\/darkamazi.info\/archives\/1010647#primaryimage"},"thumbnailUrl":"https:\/\/darkamazi.info\/file\/2019\/12\/Merdin.jpg","keywords":["sereke"],"articleSection":["Kurdistan"],"inLanguage":"en-US"},{"@type":"WebPage","@id":"https:\/\/darkamazi.info\/archives\/1010647","url":"https:\/\/darkamazi.info\/archives\/1010647","name":"LI M\u00caRD\u00ceN\u00ca GELEK KES HATIN BIN\u00c7AVKIRIN - Darka Maz\u00ee","isPartOf":{"@id":"https:\/\/darkamazi.info\/#website"},"primaryImageOfPage":{"@id":"https:\/\/darkamazi.info\/archives\/1010647#primaryimage"},"image":{"@id":"https:\/\/darkamazi.info\/archives\/1010647#primaryimage"},"thumbnailUrl":"https:\/\/darkamazi.info\/file\/2019\/12\/Merdin.jpg","datePublished":"2019-12-11T14:55:34+00:00","breadcrumb":{"@id":"https:\/\/darkamazi.info\/archives\/1010647#breadcrumb"},"inLanguage":"en-US","potentialAction":[{"@type":"ReadAction","target":["https:\/\/darkamazi.info\/archives\/1010647"]}]},{"@type":"ImageObject","inLanguage":"en-US","@id":"https:\/\/darkamazi.info\/archives\/1010647#primaryimage","url":"https:\/\/darkamazi.info\/file\/2019\/12\/Merdin.jpg","contentUrl":"https:\/\/darkamazi.info\/file\/2019\/12\/Merdin.jpg","width":731,"height":486,"caption":"LI M\u00caRD\u00ceN\u00ca GELEK KES HATIN BIN\u00c7AVKIRIN"},{"@type":"BreadcrumbList","@id":"https:\/\/darkamazi.info\/archives\/1010647#breadcrumb","itemListElement":[{"@type":"ListItem","position":1,"name":"Home","item":"https:\/\/darkamazi.info\/"},{"@type":"ListItem","position":2,"name":"LI M\u00caRD\u00ceN\u00ca GELEK KES HATIN BIN\u00c7AVKIRIN"}]},{"@type":"WebSite","@id":"https:\/\/darkamazi.info\/#website","url":"https:\/\/darkamazi.info\/","name":"Darka Maz\u00ee","description":"P\u00eageha Zanyariy\u00ean Nebih\u00eest\u00ee","publisher":{"@id":"https:\/\/darkamazi.info\/#organization"},"potentialAction":[{"@type":"SearchAction","target":{"@type":"EntryPoint","urlTemplate":"https:\/\/darkamazi.info\/?s={search_term_string}"},"query-input":{"@type":"PropertyValueSpecification","valueRequired":true,"valueName":"search_term_string"}}],"inLanguage":"en-US"},{"@type":"Organization","@id":"https:\/\/darkamazi.info\/#organization","name":"Darka Maz\u00ee","url":"https:\/\/darkamazi.info\/","logo":{"@type":"ImageObject","inLanguage":"en-US","@id":"https:\/\/darkamazi.info\/#\/schema\/logo\/image\/","url":"https:\/\/darkamazi.info\/file\/2017\/12\/darka-mazi-logo.png","contentUrl":"https:\/\/darkamazi.info\/file\/2017\/12\/darka-mazi-logo.png","width":151,"height":75,"caption":"Darka Maz\u00ee"},"image":{"@id":"https:\/\/darkamazi.info\/#\/schema\/logo\/image\/"},"sameAs":["https:\/\/www.facebook.com\/DarMaziKurmanci","https:\/\/x.com\/DarkaMaziLatini","https:\/\/www.instagram.com\/darkamazi.kurmanci\/","https:\/\/www.youtube.com\/channel\/UCa5HkTdmI8U1qCUFuTw8B2g"]},{"@type":"Person","@id":"https:\/\/darkamazi.info\/#\/schema\/person\/5ad3e24553a0567993fa8ed4bd0a776c","name":"darka mazi","sameAs":["https:\/\/darkamazi.info\/"],"url":"https:\/\/darkamazi.info\/archives\/author\/kurdi"}]}},"_links":{"self":[{"href":"https:\/\/darkamazi.info\/funavuv\/wp\/v2\/posts\/1010647","targetHints":{"allow":["GET"]}}],"collection":[{"href":"https:\/\/darkamazi.info\/funavuv\/wp\/v2\/posts"}],"about":[{"href":"https:\/\/darkamazi.info\/funavuv\/wp\/v2\/types\/post"}],"author":[{"embeddable":true,"href":"https:\/\/darkamazi.info\/funavuv\/wp\/v2\/users\/2"}],"replies":[{"embeddable":true,"href":"https:\/\/darkamazi.info\/funavuv\/wp\/v2\/comments?post=1010647"}],"version-history":[{"count":0,"href":"https:\/\/darkamazi.info\/funavuv\/wp\/v2\/posts\/1010647\/revisions"}],"wp:featuredmedia":[{"embeddable":true,"href":"https:\/\/darkamazi.info\/funavuv\/wp\/v2\/media\/1010648"}],"wp:attachment":[{"href":"https:\/\/darkamazi.info\/funavuv\/wp\/v2\/media?parent=1010647"}],"wp:term":[{"taxonomy":"category","embeddable":true,"href":"https:\/\/darkamazi.info\/funavuv\/wp\/v2\/categories?post=1010647"},{"taxonomy":"post_tag","embeddable":true,"href":"https:\/\/darkamazi.info\/funavuv\/wp\/v2\/tags?post=1010647"}],"curies":[{"name":"wp","href":"https:\/\/api.w.org\/{rel}","templated":true}]}}