{"id":1010668,"date":"2019-12-12T16:12:16","date_gmt":"2019-12-12T13:12:16","guid":{"rendered":"https:\/\/darkamazi.info\/?p=1010668"},"modified":"2019-12-12T16:12:16","modified_gmt":"2019-12-12T13:12:16","slug":"pkke-8-gerilayen-din-li-bakur-u-basur-ji-destdan","status":"publish","type":"post","link":"https:\/\/darkamazi.info\/archives\/1010668","title":{"rendered":"PKK\u00ea 8 Ger\u00eelay\u00ean din li Bakur \u00fb Ba\u015f\u00fbr ji destdan"},"content":{"rendered":"<h1 style=\"text-align: justify\"><strong>Partiya Karker\u00ean Kurdistan\u00ea hejmareke din a Ger\u00eelay\u00ean xwe ji destdan, 3 li her\u00eama Heften\u00een\u00ea balefiran hedef kirin, 4 j\u00ee ku ji qad\u00ean Ba\u015f\u00fbr f\u00eerar kirb\u00fbn, li Bakur\u00ea Kurdistan\u00ea tesl\u00eem b\u00fbn.<\/strong><\/h1>\n<h3 style=\"text-align: justify\">Navenda \u00e7apemeniy\u00ea ya H\u00eaz\u00ean Parastina gel HPG\u00ea bal\u00ea le\u015fkir\u00ee \u00ea Partiya Karker\u00ean Kurdistan\u00ea PKK\u00ea di beyaneke niv\u00eesk\u00ee de e\u015fkere kiriye, wan li roj\u00ean rab\u00fbr\u00ee 3 Ger\u00eelay\u00ean jin li her\u00eama Heften\u00een\u00ea li Ba\u015f\u00fbr\u00ea Kurdistan\u00ea ji destdane, pi\u015ft\u00ee ku ji aliy\u00ea balefir\u00ean arte\u015fa Tirkiy\u00ea ve hat\u00eene hedef kirin.<\/h3>\n<h3 style=\"text-align: justify\">HPG\u00ea nav \u00fb w\u00eaney\u00ean wan 3 Ger\u00eelay\u00ean xwe we\u015fandine \u00fb dib\u00eaje: her yek ji &#8220;Bes\u00ea Azer ji Wan\u00ea \u00fb \u00c7\u00ee\u00e7ek K\u00ee\u00e7\u00ee \u00fb Siyajin Devr\u00een ji \u015eirnex\u00ea&#8221; li dawiya meha rab\u00fbr\u00ee di \u00ear\u00ee\u015fa as\u00eeman\u00ee de li her\u00eama Heften\u00een\u00ea can\u00ea xwe wnda kirine.<\/h3>\n<h3 style=\"text-align: justify\">Di aliyek\u00ea din de, \u00e7avkaniy\u00ean Bakur\u00ea Kurdistan \u00fb hemwext arte\u015fa Tirkiy\u00ea tesb\u00eet kirine ku 5 Ger\u00eelay\u00ean din ku ji qada Ba\u015f\u00fbr\u00ea Kurdistan\u00ea f\u00eerar kirine, tesl\u00eem\u00ee h\u00eaz\u00ean ewlekariy\u00ea b\u00fbn.<\/h3>\n","protected":false},"excerpt":{"rendered":"<p>Partiya Karker\u00ean Kurdistan\u00ea hejmareke din a Ger\u00eelay\u00ean xwe ji destdan, 3 li her\u00eama Heften\u00een\u00ea balefiran hedef kirin, 4 j\u00ee ku ji qad\u00ean Ba\u015f\u00fbr f\u00eerar kirb\u00fbn, li Bakur\u00ea Kurdistan\u00ea tesl\u00eem b\u00fbn. Navenda \u00e7apemeniy\u00ea ya H\u00eaz\u00ean Parastina gel HPG\u00ea bal\u00ea le\u015fkir\u00ee \u00ea Partiya Karker\u00ean Kurdistan\u00ea PKK\u00ea di beyaneke niv\u00eesk\u00ee de e\u015fkere kiriye, wan li roj\u00ean rab\u00fbr\u00ee 3 [&hellip;]<\/p>\n","protected":false},"author":2,"featured_media":1010669,"comment_status":"closed","ping_status":"closed","sticky":false,"template":"","format":"standard","meta":{"footnotes":""},"categories":[29],"tags":[37],"class_list":["post-1010668","post","type-post","status-publish","format-standard","has-post-thumbnail","hentry","category-kurdistan","tag-sereke"],"blocksy_meta":[],"seo_head":"<!-- This site is optimized with the Yoast SEO plugin v27.5 - https:\/\/yoast.com\/product\/yoast-seo-wordpress\/ -->\n<title>PKK\u00ea 8 Ger\u00eelay\u00ean din li Bakur \u00fb Ba\u015f\u00fbr ji destdan - Darka Maz\u00ee<\/title>\n<meta name=\"robots\" content=\"index, follow, max-snippet:-1, max-image-preview:large, max-video-preview:-1\" \/>\n<link rel=\"canonical\" href=\"https:\/\/darkamazi.info\/archives\/1010668\" \/>\n<meta property=\"og:locale\" content=\"en_US\" \/>\n<meta property=\"og:type\" content=\"article\" \/>\n<meta property=\"og:title\" content=\"PKK\u00ea 8 Ger\u00eelay\u00ean din li Bakur \u00fb Ba\u015f\u00fbr ji destdan - Darka Maz\u00ee\" \/>\n<meta property=\"og:description\" content=\"Partiya Karker\u00ean Kurdistan\u00ea hejmareke din a Ger\u00eelay\u00ean xwe ji destdan, 3 li her\u00eama Heften\u00een\u00ea balefiran hedef kirin, 4 j\u00ee ku ji qad\u00ean Ba\u015f\u00fbr f\u00eerar kirb\u00fbn, li Bakur\u00ea Kurdistan\u00ea tesl\u00eem b\u00fbn. Navenda \u00e7apemeniy\u00ea ya H\u00eaz\u00ean Parastina gel HPG\u00ea bal\u00ea le\u015fkir\u00ee \u00ea Partiya Karker\u00ean Kurdistan\u00ea PKK\u00ea di beyaneke niv\u00eesk\u00ee de e\u015fkere kiriye, wan li roj\u00ean rab\u00fbr\u00ee 3 [&hellip;]\" \/>\n<meta property=\"og:url\" content=\"https:\/\/darkamazi.info\/archives\/1010668\" \/>\n<meta property=\"og:site_name\" content=\"Darka Maz\u00ee\" \/>\n<meta property=\"article:publisher\" content=\"https:\/\/www.facebook.com\/DarMaziKurmanci\" \/>\n<meta property=\"article:published_time\" content=\"2019-12-12T13:12:16+00:00\" \/>\n<meta property=\"og:image\" content=\"https:\/\/darkamazi.info\/file\/2019\/12\/3-pkk.jpg\" \/>\n\t<meta property=\"og:image:width\" content=\"1080\" \/>\n\t<meta property=\"og:image:height\" content=\"668\" \/>\n\t<meta property=\"og:image:type\" content=\"image\/jpeg\" \/>\n<meta name=\"author\" content=\"darka mazi\" \/>\n<meta name=\"twitter:card\" content=\"summary_large_image\" \/>\n<meta name=\"twitter:creator\" content=\"@DarkaMaziLatini\" \/>\n<meta name=\"twitter:site\" content=\"@DarkaMaziLatini\" \/>\n<meta name=\"twitter:label1\" content=\"Written by\" \/>\n\t<meta name=\"twitter:data1\" content=\"darka mazi\" \/>\n\t<meta name=\"twitter:label2\" content=\"Est. reading time\" \/>\n\t<meta name=\"twitter:data2\" content=\"1 minute\" \/>\n<script type=\"application\/ld+json\" class=\"seo-schema-graph\">{\"@context\":\"https:\\\/\\\/schema.org\",\"@graph\":[{\"@type\":\"Article\",\"@id\":\"https:\\\/\\\/darkamazi.info\\\/archives\\\/1010668#article\",\"isPartOf\":{\"@id\":\"https:\\\/\\\/darkamazi.info\\\/archives\\\/1010668\"},\"author\":{\"name\":\"darka mazi\",\"@id\":\"https:\\\/\\\/darkamazi.info\\\/#\\\/schema\\\/person\\\/5ad3e24553a0567993fa8ed4bd0a776c\"},\"headline\":\"PKK\u00ea 8 Ger\u00eelay\u00ean din li Bakur \u00fb Ba\u015f\u00fbr ji destdan\",\"datePublished\":\"2019-12-12T13:12:16+00:00\",\"mainEntityOfPage\":{\"@id\":\"https:\\\/\\\/darkamazi.info\\\/archives\\\/1010668\"},\"wordCount\":196,\"publisher\":{\"@id\":\"https:\\\/\\\/darkamazi.info\\\/#organization\"},\"image\":{\"@id\":\"https:\\\/\\\/darkamazi.info\\\/archives\\\/1010668#primaryimage\"},\"thumbnailUrl\":\"https:\\\/\\\/darkamazi.info\\\/darka-content\\\/uploads\\\/2019\\\/12\\\/3-pkk.jpg\",\"keywords\":[\"sereke\"],\"articleSection\":[\"Kurdistan\"],\"inLanguage\":\"en-US\"},{\"@type\":\"WebPage\",\"@id\":\"https:\\\/\\\/darkamazi.info\\\/archives\\\/1010668\",\"url\":\"https:\\\/\\\/darkamazi.info\\\/archives\\\/1010668\",\"name\":\"PKK\u00ea 8 Ger\u00eelay\u00ean din li Bakur \u00fb Ba\u015f\u00fbr ji destdan - Darka Maz\u00ee\",\"isPartOf\":{\"@id\":\"https:\\\/\\\/darkamazi.info\\\/#website\"},\"primaryImageOfPage\":{\"@id\":\"https:\\\/\\\/darkamazi.info\\\/archives\\\/1010668#primaryimage\"},\"image\":{\"@id\":\"https:\\\/\\\/darkamazi.info\\\/archives\\\/1010668#primaryimage\"},\"thumbnailUrl\":\"https:\\\/\\\/darkamazi.info\\\/darka-content\\\/uploads\\\/2019\\\/12\\\/3-pkk.jpg\",\"datePublished\":\"2019-12-12T13:12:16+00:00\",\"breadcrumb\":{\"@id\":\"https:\\\/\\\/darkamazi.info\\\/archives\\\/1010668#breadcrumb\"},\"inLanguage\":\"en-US\",\"potentialAction\":[{\"@type\":\"ReadAction\",\"target\":[\"https:\\\/\\\/darkamazi.info\\\/archives\\\/1010668\"]}]},{\"@type\":\"ImageObject\",\"inLanguage\":\"en-US\",\"@id\":\"https:\\\/\\\/darkamazi.info\\\/archives\\\/1010668#primaryimage\",\"url\":\"https:\\\/\\\/darkamazi.info\\\/darka-content\\\/uploads\\\/2019\\\/12\\\/3-pkk.jpg\",\"contentUrl\":\"https:\\\/\\\/darkamazi.info\\\/darka-content\\\/uploads\\\/2019\\\/12\\\/3-pkk.jpg\",\"width\":1080,\"height\":668,\"caption\":\"PKK\u00ea 8 Ger\u00eelay\u00ean din li Bakur \u00fb Ba\u015f\u00fbr ji destdan\"},{\"@type\":\"BreadcrumbList\",\"@id\":\"https:\\\/\\\/darkamazi.info\\\/archives\\\/1010668#breadcrumb\",\"itemListElement\":[{\"@type\":\"ListItem\",\"position\":1,\"name\":\"Home\",\"item\":\"https:\\\/\\\/darkamazi.info\\\/\"},{\"@type\":\"ListItem\",\"position\":2,\"name\":\"PKK\u00ea 8 Ger\u00eelay\u00ean din li Bakur \u00fb Ba\u015f\u00fbr ji destdan\"}]},{\"@type\":\"WebSite\",\"@id\":\"https:\\\/\\\/darkamazi.info\\\/#website\",\"url\":\"https:\\\/\\\/darkamazi.info\\\/\",\"name\":\"Darka Maz\u00ee\",\"description\":\"P\u00eageha Zanyariy\u00ean Nebih\u00eest\u00ee\",\"publisher\":{\"@id\":\"https:\\\/\\\/darkamazi.info\\\/#organization\"},\"potentialAction\":[{\"@type\":\"SearchAction\",\"target\":{\"@type\":\"EntryPoint\",\"urlTemplate\":\"https:\\\/\\\/darkamazi.info\\\/?s={search_term_string}\"},\"query-input\":{\"@type\":\"PropertyValueSpecification\",\"valueRequired\":true,\"valueName\":\"search_term_string\"}}],\"inLanguage\":\"en-US\"},{\"@type\":\"Organization\",\"@id\":\"https:\\\/\\\/darkamazi.info\\\/#organization\",\"name\":\"Darka Maz\u00ee\",\"url\":\"https:\\\/\\\/darkamazi.info\\\/\",\"logo\":{\"@type\":\"ImageObject\",\"inLanguage\":\"en-US\",\"@id\":\"https:\\\/\\\/darkamazi.info\\\/#\\\/schema\\\/logo\\\/image\\\/\",\"url\":\"https:\\\/\\\/darkamazi.info\\\/darka-content\\\/uploads\\\/2017\\\/12\\\/darka-mazi-logo.png\",\"contentUrl\":\"https:\\\/\\\/darkamazi.info\\\/darka-content\\\/uploads\\\/2017\\\/12\\\/darka-mazi-logo.png\",\"width\":151,\"height\":75,\"caption\":\"Darka Maz\u00ee\"},\"image\":{\"@id\":\"https:\\\/\\\/darkamazi.info\\\/#\\\/schema\\\/logo\\\/image\\\/\"},\"sameAs\":[\"https:\\\/\\\/www.facebook.com\\\/DarMaziKurmanci\",\"https:\\\/\\\/x.com\\\/DarkaMaziLatini\",\"https:\\\/\\\/www.instagram.com\\\/darkamazi.kurmanci\\\/\",\"https:\\\/\\\/www.youtube.com\\\/channel\\\/UCa5HkTdmI8U1qCUFuTw8B2g\"]},{\"@type\":\"Person\",\"@id\":\"https:\\\/\\\/darkamazi.info\\\/#\\\/schema\\\/person\\\/5ad3e24553a0567993fa8ed4bd0a776c\",\"name\":\"darka mazi\",\"sameAs\":[\"https:\\\/\\\/darkamazi.info\\\/\"],\"url\":\"https:\\\/\\\/darkamazi.info\\\/archives\\\/author\\\/kurdi\"}]}<\/script>\n<!-- \/ Yoast SEO plugin. -->","seo_head_json":{"title":"PKK\u00ea 8 Ger\u00eelay\u00ean din li Bakur \u00fb Ba\u015f\u00fbr ji destdan - Darka Maz\u00ee","robots":{"index":"index","follow":"follow","max-snippet":"max-snippet:-1","max-image-preview":"max-image-preview:large","max-video-preview":"max-video-preview:-1"},"canonical":"https:\/\/darkamazi.info\/archives\/1010668","og_locale":"en_US","og_type":"article","og_title":"PKK\u00ea 8 Ger\u00eelay\u00ean din li Bakur \u00fb Ba\u015f\u00fbr ji destdan - Darka Maz\u00ee","og_description":"Partiya Karker\u00ean Kurdistan\u00ea hejmareke din a Ger\u00eelay\u00ean xwe ji destdan, 3 li her\u00eama Heften\u00een\u00ea balefiran hedef kirin, 4 j\u00ee ku ji qad\u00ean Ba\u015f\u00fbr f\u00eerar kirb\u00fbn, li Bakur\u00ea Kurdistan\u00ea tesl\u00eem b\u00fbn. Navenda \u00e7apemeniy\u00ea ya H\u00eaz\u00ean Parastina gel HPG\u00ea bal\u00ea le\u015fkir\u00ee \u00ea Partiya Karker\u00ean Kurdistan\u00ea PKK\u00ea di beyaneke niv\u00eesk\u00ee de e\u015fkere kiriye, wan li roj\u00ean rab\u00fbr\u00ee 3 [&hellip;]","og_url":"https:\/\/darkamazi.info\/archives\/1010668","og_site_name":"Darka Maz\u00ee","article_publisher":"https:\/\/www.facebook.com\/DarMaziKurmanci","article_published_time":"2019-12-12T13:12:16+00:00","og_image":[{"width":1080,"height":668,"url":"https:\/\/darkamazi.info\/file\/2019\/12\/3-pkk.jpg","type":"image\/jpeg"}],"author":"darka mazi","twitter_card":"summary_large_image","twitter_creator":"@DarkaMaziLatini","twitter_site":"@DarkaMaziLatini","twitter_misc":{"Written by":"darka mazi","Est. reading time":"1 minute"},"schema":{"@context":"https:\/\/schema.org","@graph":[{"@type":"Article","@id":"https:\/\/darkamazi.info\/archives\/1010668#article","isPartOf":{"@id":"https:\/\/darkamazi.info\/archives\/1010668"},"author":{"name":"darka mazi","@id":"https:\/\/darkamazi.info\/#\/schema\/person\/5ad3e24553a0567993fa8ed4bd0a776c"},"headline":"PKK\u00ea 8 Ger\u00eelay\u00ean din li Bakur \u00fb Ba\u015f\u00fbr ji destdan","datePublished":"2019-12-12T13:12:16+00:00","mainEntityOfPage":{"@id":"https:\/\/darkamazi.info\/archives\/1010668"},"wordCount":196,"publisher":{"@id":"https:\/\/darkamazi.info\/#organization"},"image":{"@id":"https:\/\/darkamazi.info\/archives\/1010668#primaryimage"},"thumbnailUrl":"https:\/\/darkamazi.info\/file\/2019\/12\/3-pkk.jpg","keywords":["sereke"],"articleSection":["Kurdistan"],"inLanguage":"en-US"},{"@type":"WebPage","@id":"https:\/\/darkamazi.info\/archives\/1010668","url":"https:\/\/darkamazi.info\/archives\/1010668","name":"PKK\u00ea 8 Ger\u00eelay\u00ean din li Bakur \u00fb Ba\u015f\u00fbr ji destdan - Darka Maz\u00ee","isPartOf":{"@id":"https:\/\/darkamazi.info\/#website"},"primaryImageOfPage":{"@id":"https:\/\/darkamazi.info\/archives\/1010668#primaryimage"},"image":{"@id":"https:\/\/darkamazi.info\/archives\/1010668#primaryimage"},"thumbnailUrl":"https:\/\/darkamazi.info\/file\/2019\/12\/3-pkk.jpg","datePublished":"2019-12-12T13:12:16+00:00","breadcrumb":{"@id":"https:\/\/darkamazi.info\/archives\/1010668#breadcrumb"},"inLanguage":"en-US","potentialAction":[{"@type":"ReadAction","target":["https:\/\/darkamazi.info\/archives\/1010668"]}]},{"@type":"ImageObject","inLanguage":"en-US","@id":"https:\/\/darkamazi.info\/archives\/1010668#primaryimage","url":"https:\/\/darkamazi.info\/file\/2019\/12\/3-pkk.jpg","contentUrl":"https:\/\/darkamazi.info\/file\/2019\/12\/3-pkk.jpg","width":1080,"height":668,"caption":"PKK\u00ea 8 Ger\u00eelay\u00ean din li Bakur \u00fb Ba\u015f\u00fbr ji destdan"},{"@type":"BreadcrumbList","@id":"https:\/\/darkamazi.info\/archives\/1010668#breadcrumb","itemListElement":[{"@type":"ListItem","position":1,"name":"Home","item":"https:\/\/darkamazi.info\/"},{"@type":"ListItem","position":2,"name":"PKK\u00ea 8 Ger\u00eelay\u00ean din li Bakur \u00fb Ba\u015f\u00fbr ji destdan"}]},{"@type":"WebSite","@id":"https:\/\/darkamazi.info\/#website","url":"https:\/\/darkamazi.info\/","name":"Darka Maz\u00ee","description":"P\u00eageha Zanyariy\u00ean Nebih\u00eest\u00ee","publisher":{"@id":"https:\/\/darkamazi.info\/#organization"},"potentialAction":[{"@type":"SearchAction","target":{"@type":"EntryPoint","urlTemplate":"https:\/\/darkamazi.info\/?s={search_term_string}"},"query-input":{"@type":"PropertyValueSpecification","valueRequired":true,"valueName":"search_term_string"}}],"inLanguage":"en-US"},{"@type":"Organization","@id":"https:\/\/darkamazi.info\/#organization","name":"Darka Maz\u00ee","url":"https:\/\/darkamazi.info\/","logo":{"@type":"ImageObject","inLanguage":"en-US","@id":"https:\/\/darkamazi.info\/#\/schema\/logo\/image\/","url":"https:\/\/darkamazi.info\/file\/2017\/12\/darka-mazi-logo.png","contentUrl":"https:\/\/darkamazi.info\/file\/2017\/12\/darka-mazi-logo.png","width":151,"height":75,"caption":"Darka Maz\u00ee"},"image":{"@id":"https:\/\/darkamazi.info\/#\/schema\/logo\/image\/"},"sameAs":["https:\/\/www.facebook.com\/DarMaziKurmanci","https:\/\/x.com\/DarkaMaziLatini","https:\/\/www.instagram.com\/darkamazi.kurmanci\/","https:\/\/www.youtube.com\/channel\/UCa5HkTdmI8U1qCUFuTw8B2g"]},{"@type":"Person","@id":"https:\/\/darkamazi.info\/#\/schema\/person\/5ad3e24553a0567993fa8ed4bd0a776c","name":"darka mazi","sameAs":["https:\/\/darkamazi.info\/"],"url":"https:\/\/darkamazi.info\/archives\/author\/kurdi"}]}},"_links":{"self":[{"href":"https:\/\/darkamazi.info\/funavuv\/wp\/v2\/posts\/1010668","targetHints":{"allow":["GET"]}}],"collection":[{"href":"https:\/\/darkamazi.info\/funavuv\/wp\/v2\/posts"}],"about":[{"href":"https:\/\/darkamazi.info\/funavuv\/wp\/v2\/types\/post"}],"author":[{"embeddable":true,"href":"https:\/\/darkamazi.info\/funavuv\/wp\/v2\/users\/2"}],"replies":[{"embeddable":true,"href":"https:\/\/darkamazi.info\/funavuv\/wp\/v2\/comments?post=1010668"}],"version-history":[{"count":0,"href":"https:\/\/darkamazi.info\/funavuv\/wp\/v2\/posts\/1010668\/revisions"}],"wp:featuredmedia":[{"embeddable":true,"href":"https:\/\/darkamazi.info\/funavuv\/wp\/v2\/media\/1010669"}],"wp:attachment":[{"href":"https:\/\/darkamazi.info\/funavuv\/wp\/v2\/media?parent=1010668"}],"wp:term":[{"taxonomy":"category","embeddable":true,"href":"https:\/\/darkamazi.info\/funavuv\/wp\/v2\/categories?post=1010668"},{"taxonomy":"post_tag","embeddable":true,"href":"https:\/\/darkamazi.info\/funavuv\/wp\/v2\/tags?post=1010668"}],"curies":[{"name":"wp","href":"https:\/\/api.w.org\/{rel}","templated":true}]}}