{"id":1010739,"date":"2019-12-16T21:20:46","date_gmt":"2019-12-16T18:20:46","guid":{"rendered":"https:\/\/darkamazi.info\/?p=1010739"},"modified":"2021-08-03T22:39:07","modified_gmt":"2021-08-03T19:39:07","slug":"komara-zape-u-destpeka-hewlen-pkke-bo-jinavbirina-basure-kurdistane","status":"publish","type":"post","link":"https:\/\/darkamazi.info\/archives\/1010739","title":{"rendered":"KOMARA ZAP\u00ca \u00db DESTP\u00caKA HEWL\u00caN PKK\u00ca BO JINAVBIRINA BA\u015e\u00dbR\u00ca KURDISTAN\u00ca"},"content":{"rendered":"<div class=\"wpb-content-wrapper\"><p>[darkamazi_row][darkamazi_column][darkamazi_video link=&#8221;https:\/\/www.youtube.com\/watch?v=OZBlrhxNYys&#8221; align=&#8221;center&#8221;][darkamazi_column_text]<\/p>\n<h1><span style=\"font-family: 'arial black', sans-serif;\">Partiya Karker\u00ean Kurdistan\u00ea pi\u015ft\u00ee sala 1991an, hem\u00fb hewl ji bo jinavbirina destketiy\u00ean Her\u00eama Ba\u015f\u00fbr\u00ea Kurdistan\u00ea bikaran\u00een, ji damezrandina Komara bi nav\u00ea Zap\u00ea \u00fb firo\u015ftina \u015fer\u00ea bi PDK\u00ea re, hemwext hatina w\u00ea ya b\u00ea behane ji bo Ba\u015f\u00fbr ku bi w\u00ea r\u00ea \u015fer&#8217;iyet ji bo Tirk\u00ean dag\u00eerker \u00e7\u00eakir ku le\u015fkirk\u00ea\u015fiy\u00ea ji bo Ba\u015f\u00fbr bike.<\/span><\/h1>\n<p>[\/darkamazi_column_text][darkamazi_message message_box_style=&#8221;3d&#8221; message_box_color=&#8221;orange&#8221;]<\/p>\n<h1 dir=\"ltr\" style=\"text-align: left;\"><strong>Ev babet bersiva van pirsan dide:<\/strong><\/h1>\n<h3 dir=\"ltr\" style=\"text-align: left;\"><strong>\u2022 PKKe ji bo ti mebestek\u00ea r\u00fb kire Ba\u015f\u00fbr\u00ea Kurdistan\u00ea?<\/strong><br \/>\n<strong>\u2022 Amanca Komara Zap\u00ea ti b\u00fb?<\/strong><br \/>\n<strong>\u2022 \u00c7ima PKKe naxwaze li Bakur \u015fer bike?<\/strong><br \/>\n<strong>\u2022 PKK\u00ea \u015fer\u00ea xwe y\u00ea li dij\u00ee PDK\u00ea bi ti awa ji bo kadir\u00ean xwe \u015firove kir?<\/strong><\/h3>\n<p>[\/darkamazi_message][\/darkamazi_column][\/darkamazi_row][darkamazi_row][darkamazi_column][darkamazi_column_text]<\/p>\n<h3 style=\"text-align: justify;\">Di \u00e7ar\u00e7\u00fbv\u00ea w\u00ea p\u00eelang\u00eeriya pa\u015f sala 1991an de, anku pa\u015f serhildana gel li Ba\u015f\u00fbr\u00ea Kurdistan\u00ea \u00fb pi\u015ftre dirist kirina hik\u00fbmet \u00fb parlementoya Kurdistan\u00ea, li sala 1995an PKK\u00ea pa\u015f ku \u015fiyan\u00ean \u015fer kirin\u00ea bi dewleta Tirkiy\u00ea re neman, p\u00eelan\u00ean PKK\u00ea ji bo rak\u00ea\u015fana le\u015fkir\u00ea Tirkiy\u00ea bo nava xaka Ba\u015f\u00fbr\u00ea wilat destp\u00eakir, ya rast amanca sereke ev b\u00fb ku PKKe bikare hem xwe li Ba\u015f\u00fbr\u00ea Kurdistan\u00ea as\u00ea bike \u00fb hem j\u00ee behaneyek\u00ea bide dest dewleta dag\u00eerker ya Tirkiy\u00ea ji bo \u00ear\u00ee\u015fkirina li ser Ba\u015f\u00fbr\u00ea Kurdistan\u00ea \u00fb jinavbirina w\u00ea statoya pa\u015f sala 1991an li Ba\u015f\u00fbr hatiye ava kirin, ev ji aliyek\u00ea, ji aliyeke din li sala 1994an de dewleta Tirkiy\u00ea dirbeke kujek li PKK\u00ea xist bi r\u00eaya tank \u00fb top \u00fb balefiran \u00fb piraniya gund\u00ean ser s\u00eenor hatb\u00fbn vala kirin \u00fb PKKe nedikar\u00ee xwarin\u00ea \u00fb p\u00eadiviy\u00ean xwe y\u00ean rojane dab\u00een bike, ji ber v\u00ea yek\u00ea w\u00ea r\u00fb kire Ba\u015f\u00fbr\u00ea Kurdistan\u00ea.<\/h3>\n<h3 style=\"text-align: justify;\">PKK\u00ea bi tu awayek\u00ea \u00ead\u00ee \u015fiyan\u00ean \u015fer kirin\u00ea li Bakur\u00ea Kurdistan\u00ea nemab\u00fb, ji ber v\u00ea yek\u00ea biryar da ku \u015fer\u00ee bi Partiya Demokrat ya Kurdistan\u00ea PDK\u00ea re bike, helbet weke ber\u00ee niha me amaje p\u00ea kir\u00ee, li destp\u00eak\u00ea PKK\u00ea zem\u00eeneya w\u00ea yek\u00ea ji xwe \u00fb al\u00eegir\u00ean xwere dirist kir, ew j\u00ee bi r\u00eaya vekirina kenalek as\u00eeman\u00ee bi nav\u00ea &#8220;Med TV&#8221;, ev kenale bera \u00ear\u00ee\u015fa PKK\u00ea li ser PDK\u00ea dest bi we\u015fana xwe kir \u00fb zem\u00eeneya sip\u00ee kirina kar\u00ean re\u015f y\u00ean PKK\u00ea ferahem kir, bi r\u00eaya v\u00ea kenal\u00ea as\u00eeman\u00ee PKK\u00ea hem ev yek belav dikir ku PDKe ye \u015fer\u00ea bi w\u00ea re di firo\u015fe, hem j\u00ee ev yek ji gel\u00ea c\u00eehan\u00ea re e\u015fkere dikir ku ew di nava k\u00fbratiya Her\u00eama Ba\u015f\u00fbr\u00ea Kurdistan\u00ea de c\u00ee digire \u00fb bi v\u00ea yek\u00ea behane di da dewleta Tirkiy\u00ea ku Ba\u015f\u00fbr\u00ea dag\u00eer bike.<\/h3>\n<h1 style=\"text-align: center;\"><span style=\"color: #ff0000;\"><strong>PKK\u00ea kadir\u00ean xwe wiha perwerde kirin ku \u015fer\u00ea li dij\u00ee PDK\u00ea ji \u015fer\u00ea li dij\u00ee dewleta Tirkiy\u00ea bi r\u00fbmet tire<\/strong><\/span><\/h1>\n<h3 style=\"text-align: justify;\">Li 15\/8\/1984an de PKK\u00ea yekem \u00e7alakiya xwe ya \u00e7ekdar\u00ee li Bakur\u00ea Kurdistan\u00ea dest p\u00ea kir li meha 8 ya sala 1995an \u015fer bi PDK\u00ea re encam da, PKK\u00ea li 26\/8\/1995an li dij\u00ee hem\u00fb senger\u00ean P\u00ea\u015fmerge li Ba\u015f\u00fbr\u00ea Kurdistan\u00ea \u015fer destp\u00eakir, PKK\u00ea ji bo \u015fer\u00ea bi PDK\u00ea re, hinek yek\u00eene bi nav\u00ea (Yek\u00eeney\u00ean Birosk) p\u00eak d\u00eene \u00fb wan di\u015f\u00eene nav\u00e7eya Behd\u00eenan, \u00ead\u00ee ji v\u00ea roj\u00ea p\u00eade PKKe bi r\u00eaya medyaya xwe ketin qonaxeke n\u00fb \u00fb qadiro \u00fb al\u00eegir\u00ean xwe wiha perwerde kirin ku \u015fer\u00ea bi PDK\u00ea re z\u00fbr bi r\u00fbmet tire ji \u015fer\u00ea bi Tirkiy\u00ea re, l\u00ea bel\u00ea d\u00eesan PKK\u00ea di v\u00ee \u015fer\u00ee de ew encam\u00ean w\u00ea dixwestin bi dest nexistin.<\/h3>\n<h3 style=\"text-align: justify;\">Pa\u015f v\u00ea yek\u00ea PKK\u00ea bi r\u00eaya medyaya xwe hewil da ji gel\u00ea Kurd re wiha bide zan\u00een ku ev PDKe b\u00fb \u015fer bi PKK\u00ea re kir\u00ee, l\u00ea bel\u00ea her kes dizane meydana PKK\u00ea kuder\u00ea ye \u00fb \u00e7ima hatiye Ba\u015f\u00fbr \u00fb \u015fer bi PDK\u00ea re kir, PKK\u00ea ti caran nexwestiye li Bakur berdewam \u015fer\u00ee li dij\u00ee Tirkiy\u00ea bike, ewan dixwest ew desketiy\u00ean li Ba\u015f\u00fbr PDK\u00ea ji bo gel\u00ea Kurd zamin kir\u00een, ji bo xwe hesab bike \u00fb bi wan destketiyan d\u00eerok\u00ea ji xwe re dirist biket \u00fb li Ba\u015f\u00fbr bibe desthiladar \u00fb bi v\u00ea yek\u00ea dewleta Tirk ku endama NATOy\u00ea ye, bik\u015f\u00eene Ba\u015f\u00fbr \u00fb Ba\u015f\u00fbr bikeve dest Tirkiy\u00ea de.<\/h3>\n<p>[\/darkamazi_column_text][darkamazi_message message_box_style=&#8221;3d&#8221; message_box_color=&#8221;orange&#8221;]<\/p>\n<h1 dir=\"ltr\" style=\"text-align: left;\"><span style=\"font-family: 'arial black', sans-serif; color: #808080;\">Babeta roja p\u00eanci\u015fem\u00ee 19\/12\/2019an w\u00ea li derebara:<\/span><\/h1>\n<h1 dir=\"ltr\" style=\"text-align: left;\"><span style=\"font-family: 'arial black', sans-serif;\">XWE RADESTKIRINA OCALAN BO TIRKIY\u00ca \u00db DERKIRINA BIRYARAN DI \u00ceMRALIY\u00ca DE BE:<\/span><\/h1>\n<h3 dir=\"ltr\" style=\"text-align: left;\"><span style=\"font-family: 'arial black', sans-serif;\">\u2022 T\u00eade berisiva evan pirsan hatiye day\u00een:<\/span><br \/>\n<span style=\"font-family: 'arial black', sans-serif;\">\u2022 Ocalan di p\u00eelaneke navdewelt\u00ee de hat girtin yan ew bi heza xwe vegr\u00ee Tirkiy\u00ea?<\/span><br \/>\n<span style=\"font-family: 'arial black', sans-serif;\">\u2022 Ew k\u00eejan gotina r\u00eaber Apo b\u00fb ku PKK\u00ea di xwest bi gel re bide jib\u00eer kirin?<\/span><br \/>\n<span style=\"font-family: 'arial black', sans-serif;\">\u2022 Exlaq\u00ea r\u00eaber Apo di rasta hevalr\u00eay\u00ean w\u00ee de ti b\u00fb?<\/span><br \/>\n<span style=\"font-family: 'arial black', sans-serif;\">\u2022 Wexta Apo hatiye girtin \u00fb h\u00eajan di balefir\u00ea de \u00e7i got b\u00fb?<\/span><br \/>\n<span style=\"font-family: 'arial black', sans-serif;\">\u2022 R\u00eaber Apo li dadgeh\u00ea yekem kes k\u00ee b\u00fb bi dewleta Tirkiy\u00ea re firo\u015ft\u00ee?<\/span><br \/>\n<span style=\"font-family: 'arial black', sans-serif;\">\u2022 Apo li beranber xizmetkirina dewleta Tirkiy\u00ea \u00fb firo\u015ftina PKK\u00ea \u00e7i xwest b\u00fb?<\/span><\/h3>\n<h3 dir=\"ltr\" style=\"text-align: center;\"><span style=\"font-family: 'arial black', sans-serif; color: #ff0000;\">Li benda me bin<\/span><\/h3>\n<p>[\/darkamazi_message][\/darkamazi_column][\/darkamazi_row]<\/p>\n<\/div>","protected":false},"excerpt":{"rendered":"<p>[darkamazi_row][darkamazi_column][darkamazi_video link=&#8221;https:\/\/www.youtube.com\/watch?v=OZBlrhxNYys&#8221; align=&#8221;center&#8221;][darkamazi_column_text] Partiya Karker\u00ean Kurdistan\u00ea pi\u015ft\u00ee sala 1991an, hem\u00fb hewl ji bo jinavbirina destketiy\u00ean Her\u00eama Ba\u015f\u00fbr\u00ea Kurdistan\u00ea bikaran\u00een, ji damezrandina Komara bi nav\u00ea Zap\u00ea \u00fb firo\u015ftina \u015fer\u00ea bi PDK\u00ea re, hemwext hatina w\u00ea ya b\u00ea behane ji bo Ba\u015f\u00fbr ku bi w\u00ea r\u00ea \u015fer&#8217;iyet ji bo Tirk\u00ean dag\u00eerker \u00e7\u00eakir ku le\u015fkirk\u00ea\u015fiy\u00ea ji bo Ba\u015f\u00fbr [&hellip;]<\/p>\n","protected":false},"author":2,"featured_media":1010740,"comment_status":"closed","ping_status":"closed","sticky":false,"template":"epic_custom_post_template-1006382","format":"video","meta":{"footnotes":""},"categories":[65],"tags":[37],"class_list":["post-1010739","post","type-post","status-publish","format-video","has-post-thumbnail","hentry","category-vidiyo","tag-sereke","post_format-post-format-video"],"blocksy_meta":[],"seo_head":"<!-- This site is optimized with the Yoast SEO plugin v27.5 - https:\/\/yoast.com\/product\/yoast-seo-wordpress\/ -->\n<title>KOMARA ZAP\u00ca \u00db DESTP\u00caKA HEWL\u00caN PKK\u00ca BO JINAVBIRINA BA\u015e\u00dbR\u00ca KURDISTAN\u00ca - Darka Maz\u00ee<\/title>\n<meta name=\"robots\" content=\"index, follow, max-snippet:-1, max-image-preview:large, max-video-preview:-1\" \/>\n<link rel=\"canonical\" href=\"https:\/\/darkamazi.info\/archives\/1010739\" \/>\n<meta property=\"og:locale\" content=\"en_US\" \/>\n<meta property=\"og:type\" content=\"article\" \/>\n<meta property=\"og:title\" content=\"KOMARA ZAP\u00ca \u00db DESTP\u00caKA HEWL\u00caN PKK\u00ca BO JINAVBIRINA BA\u015e\u00dbR\u00ca KURDISTAN\u00ca - Darka Maz\u00ee\" \/>\n<meta property=\"og:description\" content=\"[darkamazi_row][darkamazi_column][darkamazi_video link=&#8221;https:\/\/www.youtube.com\/watch?v=OZBlrhxNYys&#8221; align=&#8221;center&#8221;][darkamazi_column_text] Partiya Karker\u00ean Kurdistan\u00ea pi\u015ft\u00ee sala 1991an, hem\u00fb hewl ji bo jinavbirina destketiy\u00ean Her\u00eama Ba\u015f\u00fbr\u00ea Kurdistan\u00ea bikaran\u00een, ji damezrandina Komara bi nav\u00ea Zap\u00ea \u00fb firo\u015ftina \u015fer\u00ea bi PDK\u00ea re, hemwext hatina w\u00ea ya b\u00ea behane ji bo Ba\u015f\u00fbr ku bi w\u00ea r\u00ea \u015fer&#8217;iyet ji bo Tirk\u00ean dag\u00eerker \u00e7\u00eakir ku le\u015fkirk\u00ea\u015fiy\u00ea ji bo Ba\u015f\u00fbr [&hellip;]\" \/>\n<meta property=\"og:url\" content=\"https:\/\/darkamazi.info\/archives\/1010739\" \/>\n<meta property=\"og:site_name\" content=\"Darka Maz\u00ee\" \/>\n<meta property=\"article:publisher\" content=\"https:\/\/www.facebook.com\/DarMaziKurmanci\" \/>\n<meta property=\"article:published_time\" content=\"2019-12-16T18:20:46+00:00\" \/>\n<meta property=\"article:modified_time\" content=\"2021-08-03T19:39:07+00:00\" \/>\n<meta property=\"og:image\" content=\"https:\/\/darkamazi.info\/file\/2019\/12\/16-12-2019.jpg\" \/>\n\t<meta property=\"og:image:width\" content=\"1200\" \/>\n\t<meta property=\"og:image:height\" content=\"699\" \/>\n\t<meta property=\"og:image:type\" content=\"image\/jpeg\" \/>\n<meta name=\"author\" content=\"darka mazi\" \/>\n<meta name=\"twitter:card\" content=\"summary_large_image\" \/>\n<meta name=\"twitter:creator\" content=\"@DarkaMaziLatini\" \/>\n<meta name=\"twitter:site\" content=\"@DarkaMaziLatini\" \/>\n<meta name=\"twitter:label1\" content=\"Written by\" \/>\n\t<meta name=\"twitter:data1\" content=\"darka mazi\" \/>\n\t<meta name=\"twitter:label2\" content=\"Est. reading time\" \/>\n\t<meta name=\"twitter:data2\" content=\"4 minutes\" \/>\n<script type=\"application\/ld+json\" class=\"seo-schema-graph\">{\"@context\":\"https:\\\/\\\/schema.org\",\"@graph\":[{\"@type\":\"Article\",\"@id\":\"https:\\\/\\\/darkamazi.info\\\/archives\\\/1010739#article\",\"isPartOf\":{\"@id\":\"https:\\\/\\\/darkamazi.info\\\/archives\\\/1010739\"},\"author\":{\"name\":\"darka mazi\",\"@id\":\"https:\\\/\\\/darkamazi.info\\\/#\\\/schema\\\/person\\\/5ad3e24553a0567993fa8ed4bd0a776c\"},\"headline\":\"KOMARA ZAP\u00ca \u00db DESTP\u00caKA HEWL\u00caN PKK\u00ca BO JINAVBIRINA BA\u015e\u00dbR\u00ca KURDISTAN\u00ca\",\"datePublished\":\"2019-12-16T18:20:46+00:00\",\"dateModified\":\"2021-08-03T19:39:07+00:00\",\"mainEntityOfPage\":{\"@id\":\"https:\\\/\\\/darkamazi.info\\\/archives\\\/1010739\"},\"wordCount\":887,\"publisher\":{\"@id\":\"https:\\\/\\\/darkamazi.info\\\/#organization\"},\"image\":{\"@id\":\"https:\\\/\\\/darkamazi.info\\\/archives\\\/1010739#primaryimage\"},\"thumbnailUrl\":\"https:\\\/\\\/darkamazi.info\\\/darka-content\\\/uploads\\\/2019\\\/12\\\/16-12-2019.jpg\",\"keywords\":[\"sereke\"],\"articleSection\":[\"V\u00eed\u00eeyo\"],\"inLanguage\":\"en-US\"},{\"@type\":\"WebPage\",\"@id\":\"https:\\\/\\\/darkamazi.info\\\/archives\\\/1010739\",\"url\":\"https:\\\/\\\/darkamazi.info\\\/archives\\\/1010739\",\"name\":\"KOMARA ZAP\u00ca \u00db DESTP\u00caKA HEWL\u00caN PKK\u00ca BO JINAVBIRINA BA\u015e\u00dbR\u00ca KURDISTAN\u00ca - Darka Maz\u00ee\",\"isPartOf\":{\"@id\":\"https:\\\/\\\/darkamazi.info\\\/#website\"},\"primaryImageOfPage\":{\"@id\":\"https:\\\/\\\/darkamazi.info\\\/archives\\\/1010739#primaryimage\"},\"image\":{\"@id\":\"https:\\\/\\\/darkamazi.info\\\/archives\\\/1010739#primaryimage\"},\"thumbnailUrl\":\"https:\\\/\\\/darkamazi.info\\\/darka-content\\\/uploads\\\/2019\\\/12\\\/16-12-2019.jpg\",\"datePublished\":\"2019-12-16T18:20:46+00:00\",\"dateModified\":\"2021-08-03T19:39:07+00:00\",\"breadcrumb\":{\"@id\":\"https:\\\/\\\/darkamazi.info\\\/archives\\\/1010739#breadcrumb\"},\"inLanguage\":\"en-US\",\"potentialAction\":[{\"@type\":\"ReadAction\",\"target\":[\"https:\\\/\\\/darkamazi.info\\\/archives\\\/1010739\"]}]},{\"@type\":\"ImageObject\",\"inLanguage\":\"en-US\",\"@id\":\"https:\\\/\\\/darkamazi.info\\\/archives\\\/1010739#primaryimage\",\"url\":\"https:\\\/\\\/darkamazi.info\\\/darka-content\\\/uploads\\\/2019\\\/12\\\/16-12-2019.jpg\",\"contentUrl\":\"https:\\\/\\\/darkamazi.info\\\/darka-content\\\/uploads\\\/2019\\\/12\\\/16-12-2019.jpg\",\"width\":1200,\"height\":699,\"caption\":\"KOMARA ZAP\u00ca \u00db DESTP\u00caKA HEWL\u00caN PKK\u00ca BO JINAVBIRINA BA\u015e\u00dbR\u00ca KURDISTAN\u00ca\"},{\"@type\":\"BreadcrumbList\",\"@id\":\"https:\\\/\\\/darkamazi.info\\\/archives\\\/1010739#breadcrumb\",\"itemListElement\":[{\"@type\":\"ListItem\",\"position\":1,\"name\":\"Home\",\"item\":\"https:\\\/\\\/darkamazi.info\\\/\"},{\"@type\":\"ListItem\",\"position\":2,\"name\":\"KOMARA ZAP\u00ca \u00db DESTP\u00caKA HEWL\u00caN PKK\u00ca BO JINAVBIRINA BA\u015e\u00dbR\u00ca KURDISTAN\u00ca\"}]},{\"@type\":\"WebSite\",\"@id\":\"https:\\\/\\\/darkamazi.info\\\/#website\",\"url\":\"https:\\\/\\\/darkamazi.info\\\/\",\"name\":\"Darka Maz\u00ee\",\"description\":\"P\u00eageha Zanyariy\u00ean Nebih\u00eest\u00ee\",\"publisher\":{\"@id\":\"https:\\\/\\\/darkamazi.info\\\/#organization\"},\"potentialAction\":[{\"@type\":\"SearchAction\",\"target\":{\"@type\":\"EntryPoint\",\"urlTemplate\":\"https:\\\/\\\/darkamazi.info\\\/?s={search_term_string}\"},\"query-input\":{\"@type\":\"PropertyValueSpecification\",\"valueRequired\":true,\"valueName\":\"search_term_string\"}}],\"inLanguage\":\"en-US\"},{\"@type\":\"Organization\",\"@id\":\"https:\\\/\\\/darkamazi.info\\\/#organization\",\"name\":\"Darka Maz\u00ee\",\"url\":\"https:\\\/\\\/darkamazi.info\\\/\",\"logo\":{\"@type\":\"ImageObject\",\"inLanguage\":\"en-US\",\"@id\":\"https:\\\/\\\/darkamazi.info\\\/#\\\/schema\\\/logo\\\/image\\\/\",\"url\":\"https:\\\/\\\/darkamazi.info\\\/darka-content\\\/uploads\\\/2017\\\/12\\\/darka-mazi-logo.png\",\"contentUrl\":\"https:\\\/\\\/darkamazi.info\\\/darka-content\\\/uploads\\\/2017\\\/12\\\/darka-mazi-logo.png\",\"width\":151,\"height\":75,\"caption\":\"Darka Maz\u00ee\"},\"image\":{\"@id\":\"https:\\\/\\\/darkamazi.info\\\/#\\\/schema\\\/logo\\\/image\\\/\"},\"sameAs\":[\"https:\\\/\\\/www.facebook.com\\\/DarMaziKurmanci\",\"https:\\\/\\\/x.com\\\/DarkaMaziLatini\",\"https:\\\/\\\/www.instagram.com\\\/darkamazi.kurmanci\\\/\",\"https:\\\/\\\/www.youtube.com\\\/channel\\\/UCa5HkTdmI8U1qCUFuTw8B2g\"]},{\"@type\":\"Person\",\"@id\":\"https:\\\/\\\/darkamazi.info\\\/#\\\/schema\\\/person\\\/5ad3e24553a0567993fa8ed4bd0a776c\",\"name\":\"darka mazi\",\"sameAs\":[\"https:\\\/\\\/darkamazi.info\\\/\"],\"url\":\"https:\\\/\\\/darkamazi.info\\\/archives\\\/author\\\/kurdi\"}]}<\/script>\n<!-- \/ Yoast SEO plugin. -->","seo_head_json":{"title":"KOMARA ZAP\u00ca \u00db DESTP\u00caKA HEWL\u00caN PKK\u00ca BO JINAVBIRINA BA\u015e\u00dbR\u00ca KURDISTAN\u00ca - Darka Maz\u00ee","robots":{"index":"index","follow":"follow","max-snippet":"max-snippet:-1","max-image-preview":"max-image-preview:large","max-video-preview":"max-video-preview:-1"},"canonical":"https:\/\/darkamazi.info\/archives\/1010739","og_locale":"en_US","og_type":"article","og_title":"KOMARA ZAP\u00ca \u00db DESTP\u00caKA HEWL\u00caN PKK\u00ca BO JINAVBIRINA BA\u015e\u00dbR\u00ca KURDISTAN\u00ca - Darka Maz\u00ee","og_description":"[darkamazi_row][darkamazi_column][darkamazi_video link=&#8221;https:\/\/www.youtube.com\/watch?v=OZBlrhxNYys&#8221; align=&#8221;center&#8221;][darkamazi_column_text] Partiya Karker\u00ean Kurdistan\u00ea pi\u015ft\u00ee sala 1991an, hem\u00fb hewl ji bo jinavbirina destketiy\u00ean Her\u00eama Ba\u015f\u00fbr\u00ea Kurdistan\u00ea bikaran\u00een, ji damezrandina Komara bi nav\u00ea Zap\u00ea \u00fb firo\u015ftina \u015fer\u00ea bi PDK\u00ea re, hemwext hatina w\u00ea ya b\u00ea behane ji bo Ba\u015f\u00fbr ku bi w\u00ea r\u00ea \u015fer&#8217;iyet ji bo Tirk\u00ean dag\u00eerker \u00e7\u00eakir ku le\u015fkirk\u00ea\u015fiy\u00ea ji bo Ba\u015f\u00fbr [&hellip;]","og_url":"https:\/\/darkamazi.info\/archives\/1010739","og_site_name":"Darka Maz\u00ee","article_publisher":"https:\/\/www.facebook.com\/DarMaziKurmanci","article_published_time":"2019-12-16T18:20:46+00:00","article_modified_time":"2021-08-03T19:39:07+00:00","og_image":[{"width":1200,"height":699,"url":"https:\/\/darkamazi.info\/file\/2019\/12\/16-12-2019.jpg","type":"image\/jpeg"}],"author":"darka mazi","twitter_card":"summary_large_image","twitter_creator":"@DarkaMaziLatini","twitter_site":"@DarkaMaziLatini","twitter_misc":{"Written by":"darka mazi","Est. reading time":"4 minutes"},"schema":{"@context":"https:\/\/schema.org","@graph":[{"@type":"Article","@id":"https:\/\/darkamazi.info\/archives\/1010739#article","isPartOf":{"@id":"https:\/\/darkamazi.info\/archives\/1010739"},"author":{"name":"darka mazi","@id":"https:\/\/darkamazi.info\/#\/schema\/person\/5ad3e24553a0567993fa8ed4bd0a776c"},"headline":"KOMARA ZAP\u00ca \u00db DESTP\u00caKA HEWL\u00caN PKK\u00ca BO JINAVBIRINA BA\u015e\u00dbR\u00ca KURDISTAN\u00ca","datePublished":"2019-12-16T18:20:46+00:00","dateModified":"2021-08-03T19:39:07+00:00","mainEntityOfPage":{"@id":"https:\/\/darkamazi.info\/archives\/1010739"},"wordCount":887,"publisher":{"@id":"https:\/\/darkamazi.info\/#organization"},"image":{"@id":"https:\/\/darkamazi.info\/archives\/1010739#primaryimage"},"thumbnailUrl":"https:\/\/darkamazi.info\/file\/2019\/12\/16-12-2019.jpg","keywords":["sereke"],"articleSection":["V\u00eed\u00eeyo"],"inLanguage":"en-US"},{"@type":"WebPage","@id":"https:\/\/darkamazi.info\/archives\/1010739","url":"https:\/\/darkamazi.info\/archives\/1010739","name":"KOMARA ZAP\u00ca \u00db DESTP\u00caKA HEWL\u00caN PKK\u00ca BO JINAVBIRINA BA\u015e\u00dbR\u00ca KURDISTAN\u00ca - Darka Maz\u00ee","isPartOf":{"@id":"https:\/\/darkamazi.info\/#website"},"primaryImageOfPage":{"@id":"https:\/\/darkamazi.info\/archives\/1010739#primaryimage"},"image":{"@id":"https:\/\/darkamazi.info\/archives\/1010739#primaryimage"},"thumbnailUrl":"https:\/\/darkamazi.info\/file\/2019\/12\/16-12-2019.jpg","datePublished":"2019-12-16T18:20:46+00:00","dateModified":"2021-08-03T19:39:07+00:00","breadcrumb":{"@id":"https:\/\/darkamazi.info\/archives\/1010739#breadcrumb"},"inLanguage":"en-US","potentialAction":[{"@type":"ReadAction","target":["https:\/\/darkamazi.info\/archives\/1010739"]}]},{"@type":"ImageObject","inLanguage":"en-US","@id":"https:\/\/darkamazi.info\/archives\/1010739#primaryimage","url":"https:\/\/darkamazi.info\/file\/2019\/12\/16-12-2019.jpg","contentUrl":"https:\/\/darkamazi.info\/file\/2019\/12\/16-12-2019.jpg","width":1200,"height":699,"caption":"KOMARA ZAP\u00ca \u00db DESTP\u00caKA HEWL\u00caN PKK\u00ca BO JINAVBIRINA BA\u015e\u00dbR\u00ca KURDISTAN\u00ca"},{"@type":"BreadcrumbList","@id":"https:\/\/darkamazi.info\/archives\/1010739#breadcrumb","itemListElement":[{"@type":"ListItem","position":1,"name":"Home","item":"https:\/\/darkamazi.info\/"},{"@type":"ListItem","position":2,"name":"KOMARA ZAP\u00ca \u00db DESTP\u00caKA HEWL\u00caN PKK\u00ca BO JINAVBIRINA BA\u015e\u00dbR\u00ca KURDISTAN\u00ca"}]},{"@type":"WebSite","@id":"https:\/\/darkamazi.info\/#website","url":"https:\/\/darkamazi.info\/","name":"Darka Maz\u00ee","description":"P\u00eageha Zanyariy\u00ean Nebih\u00eest\u00ee","publisher":{"@id":"https:\/\/darkamazi.info\/#organization"},"potentialAction":[{"@type":"SearchAction","target":{"@type":"EntryPoint","urlTemplate":"https:\/\/darkamazi.info\/?s={search_term_string}"},"query-input":{"@type":"PropertyValueSpecification","valueRequired":true,"valueName":"search_term_string"}}],"inLanguage":"en-US"},{"@type":"Organization","@id":"https:\/\/darkamazi.info\/#organization","name":"Darka Maz\u00ee","url":"https:\/\/darkamazi.info\/","logo":{"@type":"ImageObject","inLanguage":"en-US","@id":"https:\/\/darkamazi.info\/#\/schema\/logo\/image\/","url":"https:\/\/darkamazi.info\/file\/2017\/12\/darka-mazi-logo.png","contentUrl":"https:\/\/darkamazi.info\/file\/2017\/12\/darka-mazi-logo.png","width":151,"height":75,"caption":"Darka Maz\u00ee"},"image":{"@id":"https:\/\/darkamazi.info\/#\/schema\/logo\/image\/"},"sameAs":["https:\/\/www.facebook.com\/DarMaziKurmanci","https:\/\/x.com\/DarkaMaziLatini","https:\/\/www.instagram.com\/darkamazi.kurmanci\/","https:\/\/www.youtube.com\/channel\/UCa5HkTdmI8U1qCUFuTw8B2g"]},{"@type":"Person","@id":"https:\/\/darkamazi.info\/#\/schema\/person\/5ad3e24553a0567993fa8ed4bd0a776c","name":"darka mazi","sameAs":["https:\/\/darkamazi.info\/"],"url":"https:\/\/darkamazi.info\/archives\/author\/kurdi"}]}},"_links":{"self":[{"href":"https:\/\/darkamazi.info\/funavuv\/wp\/v2\/posts\/1010739","targetHints":{"allow":["GET"]}}],"collection":[{"href":"https:\/\/darkamazi.info\/funavuv\/wp\/v2\/posts"}],"about":[{"href":"https:\/\/darkamazi.info\/funavuv\/wp\/v2\/types\/post"}],"author":[{"embeddable":true,"href":"https:\/\/darkamazi.info\/funavuv\/wp\/v2\/users\/2"}],"replies":[{"embeddable":true,"href":"https:\/\/darkamazi.info\/funavuv\/wp\/v2\/comments?post=1010739"}],"version-history":[{"count":0,"href":"https:\/\/darkamazi.info\/funavuv\/wp\/v2\/posts\/1010739\/revisions"}],"wp:featuredmedia":[{"embeddable":true,"href":"https:\/\/darkamazi.info\/funavuv\/wp\/v2\/media\/1010740"}],"wp:attachment":[{"href":"https:\/\/darkamazi.info\/funavuv\/wp\/v2\/media?parent=1010739"}],"wp:term":[{"taxonomy":"category","embeddable":true,"href":"https:\/\/darkamazi.info\/funavuv\/wp\/v2\/categories?post=1010739"},{"taxonomy":"post_tag","embeddable":true,"href":"https:\/\/darkamazi.info\/funavuv\/wp\/v2\/tags?post=1010739"}],"curies":[{"name":"wp","href":"https:\/\/api.w.org\/{rel}","templated":true}]}}