{"id":1010754,"date":"2019-12-17T14:00:12","date_gmt":"2019-12-17T11:00:12","guid":{"rendered":"https:\/\/darkamazi.info\/?p=1010754"},"modified":"2019-12-17T14:00:12","modified_gmt":"2019-12-17T11:00:12","slug":"li-heftenine-u-merdine-6-gerila-hatin-hingaftin","status":"publish","type":"post","link":"https:\/\/darkamazi.info\/archives\/1010754","title":{"rendered":"LI HEFTEN\u00ceN\u00ca \u00db M\u00caRD\u00ceN\u00ca 6 GER\u00ceLA HATIN HINGAFTIN"},"content":{"rendered":"<h1 style=\"text-align: justify\"><strong>Di operasyon\u00ean dij\u00ee Partiya Karker\u00ean Kurdistan\u00ea de ku dewleta Tirkiy\u00ea di dom\u00eene, 2 Ger\u00eela li nav\u00e7eya Heften\u00een\u00ea ya Ba\u015f\u00fbr\u00ea Kurdistan\u00ea \u00fb M\u00eard\u00een\u00ea ya Bakur\u00ea Kurdistan\u00ea hatin hingaftin.<\/strong><\/h1>\n<h1 style=\"text-align: justify\">\u00c7avkaniy\u00ean Darka Maz\u00ee e\u015fkere kirin ku di \u00e7ar\u00e7\u00fbv\u00ea operasyona bi nav\u00ea Penc 3 de ewa arte\u015fa Tirkiy\u00ea li dij\u00ee PKK\u00ea li meh\u00ean rab\u00fbr\u00ee dest p\u00ea kir\u00ee, 2 Ger\u00eela li nav\u00e7eya Heften\u00een\u00ea hatin hingaftin, wexta ket\u00eene ber \u00ear\u00ee\u015feke balefir\u00ean ceng.<\/h1>\n<h1 style=\"text-align: justify\">Hemwext arte\u015fa Tirkiy\u00ea \u00eero operasyon li s\u00eenor\u00ea M\u00eard\u00een\u00ea dest p\u00ea kirin \u00fb di encam\u00ea de 4 Ger\u00eela li s\u00eenor\u00ea nav\u00e7eya D\u00earik ya gir\u00eaday w\u00ea par\u00eazgeh\u00ea hatin berteref kirin.<\/h1>\n<h1 style=\"text-align: justify\">Wal\u00eatiya M\u00eard\u00een\u00ea n\u00fb\u00e7eya berterf kirina wan Ger\u00eelayan pi\u015ft rast kir \u00fb e\u015fkere kir, hemwexta hingaftina Ger\u00eelayan hejmareke \u00e7eper \u00fb sitargeh\u00ean PKK\u00ea hatin jinavbirin.<\/h1>\n<h1 style=\"text-align: justify\">Arte\u015fa Tirkiy\u00ea li 27 gulana \u00eesal 2019an operasyona bi nav\u00ea Penc li dij\u00ee PKK\u00ea li her\u00eama Ba\u015f\u00fbr\u00ea Kurdistan\u00ea bi taybet li nav\u00e7eya Xwakurk\u00ee dest p\u00ea kir b\u00fb, pi\u015ftre \u00fb li 13 t\u00eermeha heman sal\u00ea qonaxa duyem\u00ee \u00fb li 24 tebax\u00ea, qonaxa s\u00eayem\u00een dest p\u00ea kir b\u00fb.<\/h1>\n","protected":false},"excerpt":{"rendered":"<p>Di operasyon\u00ean dij\u00ee Partiya Karker\u00ean Kurdistan\u00ea de ku dewleta Tirkiy\u00ea di dom\u00eene, 2 Ger\u00eela li nav\u00e7eya Heften\u00een\u00ea ya Ba\u015f\u00fbr\u00ea Kurdistan\u00ea \u00fb M\u00eard\u00een\u00ea ya Bakur\u00ea Kurdistan\u00ea hatin hingaftin. \u00c7avkaniy\u00ean Darka Maz\u00ee e\u015fkere kirin ku di \u00e7ar\u00e7\u00fbv\u00ea operasyona bi nav\u00ea Penc 3 de ewa arte\u015fa Tirkiy\u00ea li dij\u00ee PKK\u00ea li meh\u00ean rab\u00fbr\u00ee dest p\u00ea kir\u00ee, 2 Ger\u00eela [&hellip;]<\/p>\n","protected":false},"author":2,"featured_media":1010755,"comment_status":"closed","ping_status":"closed","sticky":false,"template":"","format":"standard","meta":{"footnotes":""},"categories":[29],"tags":[],"class_list":["post-1010754","post","type-post","status-publish","format-standard","has-post-thumbnail","hentry","category-kurdistan"],"blocksy_meta":[],"seo_head":"<!-- This site is optimized with the Yoast SEO plugin v27.5 - https:\/\/yoast.com\/product\/yoast-seo-wordpress\/ -->\n<title>LI HEFTEN\u00ceN\u00ca \u00db M\u00caRD\u00ceN\u00ca 6 GER\u00ceLA HATIN HINGAFTIN - Darka Maz\u00ee<\/title>\n<meta name=\"robots\" content=\"index, follow, max-snippet:-1, max-image-preview:large, max-video-preview:-1\" \/>\n<link rel=\"canonical\" href=\"https:\/\/darkamazi.info\/archives\/1010754\" \/>\n<meta property=\"og:locale\" content=\"en_US\" \/>\n<meta property=\"og:type\" content=\"article\" \/>\n<meta property=\"og:title\" content=\"LI HEFTEN\u00ceN\u00ca \u00db M\u00caRD\u00ceN\u00ca 6 GER\u00ceLA HATIN HINGAFTIN - Darka Maz\u00ee\" \/>\n<meta property=\"og:description\" content=\"Di operasyon\u00ean dij\u00ee Partiya Karker\u00ean Kurdistan\u00ea de ku dewleta Tirkiy\u00ea di dom\u00eene, 2 Ger\u00eela li nav\u00e7eya Heften\u00een\u00ea ya Ba\u015f\u00fbr\u00ea Kurdistan\u00ea \u00fb M\u00eard\u00een\u00ea ya Bakur\u00ea Kurdistan\u00ea hatin hingaftin. \u00c7avkaniy\u00ean Darka Maz\u00ee e\u015fkere kirin ku di \u00e7ar\u00e7\u00fbv\u00ea operasyona bi nav\u00ea Penc 3 de ewa arte\u015fa Tirkiy\u00ea li dij\u00ee PKK\u00ea li meh\u00ean rab\u00fbr\u00ee dest p\u00ea kir\u00ee, 2 Ger\u00eela [&hellip;]\" \/>\n<meta property=\"og:url\" content=\"https:\/\/darkamazi.info\/archives\/1010754\" \/>\n<meta property=\"og:site_name\" content=\"Darka Maz\u00ee\" \/>\n<meta property=\"article:publisher\" content=\"https:\/\/www.facebook.com\/DarMaziKurmanci\" \/>\n<meta property=\"article:published_time\" content=\"2019-12-17T11:00:12+00:00\" \/>\n<meta property=\"og:image\" content=\"https:\/\/darkamazi.info\/file\/2019\/12\/PKK-Heftenin.jpg\" \/>\n\t<meta property=\"og:image:width\" content=\"990\" \/>\n\t<meta property=\"og:image:height\" content=\"560\" \/>\n\t<meta property=\"og:image:type\" content=\"image\/jpeg\" \/>\n<meta name=\"author\" content=\"darka mazi\" \/>\n<meta name=\"twitter:card\" content=\"summary_large_image\" \/>\n<meta name=\"twitter:creator\" content=\"@DarkaMaziLatini\" \/>\n<meta name=\"twitter:site\" content=\"@DarkaMaziLatini\" \/>\n<meta name=\"twitter:label1\" content=\"Written by\" \/>\n\t<meta name=\"twitter:data1\" content=\"darka mazi\" \/>\n\t<meta name=\"twitter:label2\" content=\"Est. reading time\" \/>\n\t<meta name=\"twitter:data2\" content=\"1 minute\" \/>\n<script type=\"application\/ld+json\" class=\"seo-schema-graph\">{\"@context\":\"https:\\\/\\\/schema.org\",\"@graph\":[{\"@type\":\"Article\",\"@id\":\"https:\\\/\\\/darkamazi.info\\\/archives\\\/1010754#article\",\"isPartOf\":{\"@id\":\"https:\\\/\\\/darkamazi.info\\\/archives\\\/1010754\"},\"author\":{\"name\":\"darka mazi\",\"@id\":\"https:\\\/\\\/darkamazi.info\\\/#\\\/schema\\\/person\\\/5ad3e24553a0567993fa8ed4bd0a776c\"},\"headline\":\"LI HEFTEN\u00ceN\u00ca \u00db M\u00caRD\u00ceN\u00ca 6 GER\u00ceLA HATIN HINGAFTIN\",\"datePublished\":\"2019-12-17T11:00:12+00:00\",\"mainEntityOfPage\":{\"@id\":\"https:\\\/\\\/darkamazi.info\\\/archives\\\/1010754\"},\"wordCount\":208,\"publisher\":{\"@id\":\"https:\\\/\\\/darkamazi.info\\\/#organization\"},\"image\":{\"@id\":\"https:\\\/\\\/darkamazi.info\\\/archives\\\/1010754#primaryimage\"},\"thumbnailUrl\":\"https:\\\/\\\/darkamazi.info\\\/darka-content\\\/uploads\\\/2019\\\/12\\\/PKK-Heftenin.jpg\",\"articleSection\":[\"Kurdistan\"],\"inLanguage\":\"en-US\"},{\"@type\":\"WebPage\",\"@id\":\"https:\\\/\\\/darkamazi.info\\\/archives\\\/1010754\",\"url\":\"https:\\\/\\\/darkamazi.info\\\/archives\\\/1010754\",\"name\":\"LI HEFTEN\u00ceN\u00ca \u00db M\u00caRD\u00ceN\u00ca 6 GER\u00ceLA HATIN HINGAFTIN - Darka Maz\u00ee\",\"isPartOf\":{\"@id\":\"https:\\\/\\\/darkamazi.info\\\/#website\"},\"primaryImageOfPage\":{\"@id\":\"https:\\\/\\\/darkamazi.info\\\/archives\\\/1010754#primaryimage\"},\"image\":{\"@id\":\"https:\\\/\\\/darkamazi.info\\\/archives\\\/1010754#primaryimage\"},\"thumbnailUrl\":\"https:\\\/\\\/darkamazi.info\\\/darka-content\\\/uploads\\\/2019\\\/12\\\/PKK-Heftenin.jpg\",\"datePublished\":\"2019-12-17T11:00:12+00:00\",\"breadcrumb\":{\"@id\":\"https:\\\/\\\/darkamazi.info\\\/archives\\\/1010754#breadcrumb\"},\"inLanguage\":\"en-US\",\"potentialAction\":[{\"@type\":\"ReadAction\",\"target\":[\"https:\\\/\\\/darkamazi.info\\\/archives\\\/1010754\"]}]},{\"@type\":\"ImageObject\",\"inLanguage\":\"en-US\",\"@id\":\"https:\\\/\\\/darkamazi.info\\\/archives\\\/1010754#primaryimage\",\"url\":\"https:\\\/\\\/darkamazi.info\\\/darka-content\\\/uploads\\\/2019\\\/12\\\/PKK-Heftenin.jpg\",\"contentUrl\":\"https:\\\/\\\/darkamazi.info\\\/darka-content\\\/uploads\\\/2019\\\/12\\\/PKK-Heftenin.jpg\",\"width\":990,\"height\":560,\"caption\":\"LI HEFTEN\u00ceN\u00ca \u00db M\u00caRD\u00ceN\u00ca 6 GER\u00ceLA HATIN HINGAFTIN\"},{\"@type\":\"BreadcrumbList\",\"@id\":\"https:\\\/\\\/darkamazi.info\\\/archives\\\/1010754#breadcrumb\",\"itemListElement\":[{\"@type\":\"ListItem\",\"position\":1,\"name\":\"Home\",\"item\":\"https:\\\/\\\/darkamazi.info\\\/\"},{\"@type\":\"ListItem\",\"position\":2,\"name\":\"LI HEFTEN\u00ceN\u00ca \u00db M\u00caRD\u00ceN\u00ca 6 GER\u00ceLA HATIN HINGAFTIN\"}]},{\"@type\":\"WebSite\",\"@id\":\"https:\\\/\\\/darkamazi.info\\\/#website\",\"url\":\"https:\\\/\\\/darkamazi.info\\\/\",\"name\":\"Darka Maz\u00ee\",\"description\":\"P\u00eageha Zanyariy\u00ean Nebih\u00eest\u00ee\",\"publisher\":{\"@id\":\"https:\\\/\\\/darkamazi.info\\\/#organization\"},\"potentialAction\":[{\"@type\":\"SearchAction\",\"target\":{\"@type\":\"EntryPoint\",\"urlTemplate\":\"https:\\\/\\\/darkamazi.info\\\/?s={search_term_string}\"},\"query-input\":{\"@type\":\"PropertyValueSpecification\",\"valueRequired\":true,\"valueName\":\"search_term_string\"}}],\"inLanguage\":\"en-US\"},{\"@type\":\"Organization\",\"@id\":\"https:\\\/\\\/darkamazi.info\\\/#organization\",\"name\":\"Darka Maz\u00ee\",\"url\":\"https:\\\/\\\/darkamazi.info\\\/\",\"logo\":{\"@type\":\"ImageObject\",\"inLanguage\":\"en-US\",\"@id\":\"https:\\\/\\\/darkamazi.info\\\/#\\\/schema\\\/logo\\\/image\\\/\",\"url\":\"https:\\\/\\\/darkamazi.info\\\/darka-content\\\/uploads\\\/2017\\\/12\\\/darka-mazi-logo.png\",\"contentUrl\":\"https:\\\/\\\/darkamazi.info\\\/darka-content\\\/uploads\\\/2017\\\/12\\\/darka-mazi-logo.png\",\"width\":151,\"height\":75,\"caption\":\"Darka Maz\u00ee\"},\"image\":{\"@id\":\"https:\\\/\\\/darkamazi.info\\\/#\\\/schema\\\/logo\\\/image\\\/\"},\"sameAs\":[\"https:\\\/\\\/www.facebook.com\\\/DarMaziKurmanci\",\"https:\\\/\\\/x.com\\\/DarkaMaziLatini\",\"https:\\\/\\\/www.instagram.com\\\/darkamazi.kurmanci\\\/\",\"https:\\\/\\\/www.youtube.com\\\/channel\\\/UCa5HkTdmI8U1qCUFuTw8B2g\"]},{\"@type\":\"Person\",\"@id\":\"https:\\\/\\\/darkamazi.info\\\/#\\\/schema\\\/person\\\/5ad3e24553a0567993fa8ed4bd0a776c\",\"name\":\"darka mazi\",\"sameAs\":[\"https:\\\/\\\/darkamazi.info\\\/\"],\"url\":\"https:\\\/\\\/darkamazi.info\\\/archives\\\/author\\\/kurdi\"}]}<\/script>\n<!-- \/ Yoast SEO plugin. -->","seo_head_json":{"title":"LI HEFTEN\u00ceN\u00ca \u00db M\u00caRD\u00ceN\u00ca 6 GER\u00ceLA HATIN HINGAFTIN - Darka Maz\u00ee","robots":{"index":"index","follow":"follow","max-snippet":"max-snippet:-1","max-image-preview":"max-image-preview:large","max-video-preview":"max-video-preview:-1"},"canonical":"https:\/\/darkamazi.info\/archives\/1010754","og_locale":"en_US","og_type":"article","og_title":"LI HEFTEN\u00ceN\u00ca \u00db M\u00caRD\u00ceN\u00ca 6 GER\u00ceLA HATIN HINGAFTIN - Darka Maz\u00ee","og_description":"Di operasyon\u00ean dij\u00ee Partiya Karker\u00ean Kurdistan\u00ea de ku dewleta Tirkiy\u00ea di dom\u00eene, 2 Ger\u00eela li nav\u00e7eya Heften\u00een\u00ea ya Ba\u015f\u00fbr\u00ea Kurdistan\u00ea \u00fb M\u00eard\u00een\u00ea ya Bakur\u00ea Kurdistan\u00ea hatin hingaftin. \u00c7avkaniy\u00ean Darka Maz\u00ee e\u015fkere kirin ku di \u00e7ar\u00e7\u00fbv\u00ea operasyona bi nav\u00ea Penc 3 de ewa arte\u015fa Tirkiy\u00ea li dij\u00ee PKK\u00ea li meh\u00ean rab\u00fbr\u00ee dest p\u00ea kir\u00ee, 2 Ger\u00eela [&hellip;]","og_url":"https:\/\/darkamazi.info\/archives\/1010754","og_site_name":"Darka Maz\u00ee","article_publisher":"https:\/\/www.facebook.com\/DarMaziKurmanci","article_published_time":"2019-12-17T11:00:12+00:00","og_image":[{"width":990,"height":560,"url":"https:\/\/darkamazi.info\/file\/2019\/12\/PKK-Heftenin.jpg","type":"image\/jpeg"}],"author":"darka mazi","twitter_card":"summary_large_image","twitter_creator":"@DarkaMaziLatini","twitter_site":"@DarkaMaziLatini","twitter_misc":{"Written by":"darka mazi","Est. reading time":"1 minute"},"schema":{"@context":"https:\/\/schema.org","@graph":[{"@type":"Article","@id":"https:\/\/darkamazi.info\/archives\/1010754#article","isPartOf":{"@id":"https:\/\/darkamazi.info\/archives\/1010754"},"author":{"name":"darka mazi","@id":"https:\/\/darkamazi.info\/#\/schema\/person\/5ad3e24553a0567993fa8ed4bd0a776c"},"headline":"LI HEFTEN\u00ceN\u00ca \u00db M\u00caRD\u00ceN\u00ca 6 GER\u00ceLA HATIN HINGAFTIN","datePublished":"2019-12-17T11:00:12+00:00","mainEntityOfPage":{"@id":"https:\/\/darkamazi.info\/archives\/1010754"},"wordCount":208,"publisher":{"@id":"https:\/\/darkamazi.info\/#organization"},"image":{"@id":"https:\/\/darkamazi.info\/archives\/1010754#primaryimage"},"thumbnailUrl":"https:\/\/darkamazi.info\/file\/2019\/12\/PKK-Heftenin.jpg","articleSection":["Kurdistan"],"inLanguage":"en-US"},{"@type":"WebPage","@id":"https:\/\/darkamazi.info\/archives\/1010754","url":"https:\/\/darkamazi.info\/archives\/1010754","name":"LI HEFTEN\u00ceN\u00ca \u00db M\u00caRD\u00ceN\u00ca 6 GER\u00ceLA HATIN HINGAFTIN - Darka Maz\u00ee","isPartOf":{"@id":"https:\/\/darkamazi.info\/#website"},"primaryImageOfPage":{"@id":"https:\/\/darkamazi.info\/archives\/1010754#primaryimage"},"image":{"@id":"https:\/\/darkamazi.info\/archives\/1010754#primaryimage"},"thumbnailUrl":"https:\/\/darkamazi.info\/file\/2019\/12\/PKK-Heftenin.jpg","datePublished":"2019-12-17T11:00:12+00:00","breadcrumb":{"@id":"https:\/\/darkamazi.info\/archives\/1010754#breadcrumb"},"inLanguage":"en-US","potentialAction":[{"@type":"ReadAction","target":["https:\/\/darkamazi.info\/archives\/1010754"]}]},{"@type":"ImageObject","inLanguage":"en-US","@id":"https:\/\/darkamazi.info\/archives\/1010754#primaryimage","url":"https:\/\/darkamazi.info\/file\/2019\/12\/PKK-Heftenin.jpg","contentUrl":"https:\/\/darkamazi.info\/file\/2019\/12\/PKK-Heftenin.jpg","width":990,"height":560,"caption":"LI HEFTEN\u00ceN\u00ca \u00db M\u00caRD\u00ceN\u00ca 6 GER\u00ceLA HATIN HINGAFTIN"},{"@type":"BreadcrumbList","@id":"https:\/\/darkamazi.info\/archives\/1010754#breadcrumb","itemListElement":[{"@type":"ListItem","position":1,"name":"Home","item":"https:\/\/darkamazi.info\/"},{"@type":"ListItem","position":2,"name":"LI HEFTEN\u00ceN\u00ca \u00db M\u00caRD\u00ceN\u00ca 6 GER\u00ceLA HATIN HINGAFTIN"}]},{"@type":"WebSite","@id":"https:\/\/darkamazi.info\/#website","url":"https:\/\/darkamazi.info\/","name":"Darka Maz\u00ee","description":"P\u00eageha Zanyariy\u00ean Nebih\u00eest\u00ee","publisher":{"@id":"https:\/\/darkamazi.info\/#organization"},"potentialAction":[{"@type":"SearchAction","target":{"@type":"EntryPoint","urlTemplate":"https:\/\/darkamazi.info\/?s={search_term_string}"},"query-input":{"@type":"PropertyValueSpecification","valueRequired":true,"valueName":"search_term_string"}}],"inLanguage":"en-US"},{"@type":"Organization","@id":"https:\/\/darkamazi.info\/#organization","name":"Darka Maz\u00ee","url":"https:\/\/darkamazi.info\/","logo":{"@type":"ImageObject","inLanguage":"en-US","@id":"https:\/\/darkamazi.info\/#\/schema\/logo\/image\/","url":"https:\/\/darkamazi.info\/file\/2017\/12\/darka-mazi-logo.png","contentUrl":"https:\/\/darkamazi.info\/file\/2017\/12\/darka-mazi-logo.png","width":151,"height":75,"caption":"Darka Maz\u00ee"},"image":{"@id":"https:\/\/darkamazi.info\/#\/schema\/logo\/image\/"},"sameAs":["https:\/\/www.facebook.com\/DarMaziKurmanci","https:\/\/x.com\/DarkaMaziLatini","https:\/\/www.instagram.com\/darkamazi.kurmanci\/","https:\/\/www.youtube.com\/channel\/UCa5HkTdmI8U1qCUFuTw8B2g"]},{"@type":"Person","@id":"https:\/\/darkamazi.info\/#\/schema\/person\/5ad3e24553a0567993fa8ed4bd0a776c","name":"darka mazi","sameAs":["https:\/\/darkamazi.info\/"],"url":"https:\/\/darkamazi.info\/archives\/author\/kurdi"}]}},"_links":{"self":[{"href":"https:\/\/darkamazi.info\/funavuv\/wp\/v2\/posts\/1010754","targetHints":{"allow":["GET"]}}],"collection":[{"href":"https:\/\/darkamazi.info\/funavuv\/wp\/v2\/posts"}],"about":[{"href":"https:\/\/darkamazi.info\/funavuv\/wp\/v2\/types\/post"}],"author":[{"embeddable":true,"href":"https:\/\/darkamazi.info\/funavuv\/wp\/v2\/users\/2"}],"replies":[{"embeddable":true,"href":"https:\/\/darkamazi.info\/funavuv\/wp\/v2\/comments?post=1010754"}],"version-history":[{"count":0,"href":"https:\/\/darkamazi.info\/funavuv\/wp\/v2\/posts\/1010754\/revisions"}],"wp:featuredmedia":[{"embeddable":true,"href":"https:\/\/darkamazi.info\/funavuv\/wp\/v2\/media\/1010755"}],"wp:attachment":[{"href":"https:\/\/darkamazi.info\/funavuv\/wp\/v2\/media?parent=1010754"}],"wp:term":[{"taxonomy":"category","embeddable":true,"href":"https:\/\/darkamazi.info\/funavuv\/wp\/v2\/categories?post=1010754"},{"taxonomy":"post_tag","embeddable":true,"href":"https:\/\/darkamazi.info\/funavuv\/wp\/v2\/tags?post=1010754"}],"curies":[{"name":"wp","href":"https:\/\/api.w.org\/{rel}","templated":true}]}}