{"id":1010760,"date":"2019-12-17T17:46:00","date_gmt":"2019-12-17T14:46:00","guid":{"rendered":"https:\/\/darkamazi.info\/?p=1010760"},"modified":"2019-12-17T17:51:00","modified_gmt":"2019-12-17T14:51:00","slug":"fermandare-pkke-karker-desti-hat-kustin","status":"publish","type":"post","link":"https:\/\/darkamazi.info\/archives\/1010760","title":{"rendered":"FERMANDAR\u00ca PKK\u00ca &#8220;KARKER DE\u015eT\u00ce&#8221; HAT KU\u015eTIN"},"content":{"rendered":"<h1 style=\"text-align: justify\"><strong>Hat tesb\u00eet kirin \u00a0<a href=\"https:\/\/darkamazi.info\/archives\/1010754\" target=\"_blank\"><span style=\"color: #3366ff\">ji 4 Ger\u00eelay\u00ean li dorbera D\u00earika nav\u00e7eya M\u00eard\u00een\u00ea<\/span><\/a> hatin berteref kirin yek\u00a0Servet Demir\u00ea di kategoriya pirteqal\u00ee da ye.<\/strong><\/h1>\n<h3 style=\"text-align: justify\">Li gor \u00e7avkaniy\u00ean Darka Maziy\u00ea li Bakur\u00ea Kurdistan\u00ea, hat tesb\u00eet kirin di \u00e7ar\u00e7oveya operasyon\u00ean arte\u015fa Tirkiy\u00ea de \u00fb t\u00eem\u00ean Tevgera Taybet a Cendirmeyan \u00fb t\u00eem\u00ean Fermandariya Cendirmeyan a Baj\u00ear li D\u00earika nav\u00e7eya M\u00eard\u00een\u00ea 4 Ger\u00eela bi \u00e7ek\u00ean xwe va hatin berterefkirin.<\/h3>\n<h3 style=\"text-align: justify\">Hat dest n\u00ee\u015fan kirin di operasyon\u00ea da ji 4 Gerilay\u00ean hatin berterefkirin yek Servet Demir\u00ea ku di kategoriya pirteqal\u00ee da b\u00fb \u00fb bi xelata\u00a0heta milyonek lirey\u00ee\u00a0l\u00ea digeriyan.<\/h3>\n<h3 style=\"text-align: justify\">Nav\u00ea Demir \u00ea kod &#8220;Karker De\u015ft\u00ee&#8221; ye \u00fb ew berpirsiyar\u00ea her\u00eama GAP-Riha-Ferat\u00ea b\u00fb.<\/h3>\n<h3 style=\"text-align: justify\"><\/h3>\n","protected":false},"excerpt":{"rendered":"<p>Hat tesb\u00eet kirin \u00a0ji 4 Ger\u00eelay\u00ean li dorbera D\u00earika nav\u00e7eya M\u00eard\u00een\u00ea hatin berteref kirin yek\u00a0Servet Demir\u00ea di kategoriya pirteqal\u00ee da ye. Li gor \u00e7avkaniy\u00ean Darka Maziy\u00ea li Bakur\u00ea Kurdistan\u00ea, hat tesb\u00eet kirin di \u00e7ar\u00e7oveya operasyon\u00ean arte\u015fa Tirkiy\u00ea de \u00fb t\u00eem\u00ean Tevgera Taybet a Cendirmeyan \u00fb t\u00eem\u00ean Fermandariya Cendirmeyan a Baj\u00ear li D\u00earika nav\u00e7eya M\u00eard\u00een\u00ea 4 [&hellip;]<\/p>\n","protected":false},"author":2,"featured_media":1010761,"comment_status":"closed","ping_status":"closed","sticky":false,"template":"","format":"standard","meta":{"footnotes":""},"categories":[29],"tags":[],"class_list":["post-1010760","post","type-post","status-publish","format-standard","has-post-thumbnail","hentry","category-kurdistan"],"blocksy_meta":[],"seo_head":"<!-- This site is optimized with the Yoast SEO plugin v27.5 - https:\/\/yoast.com\/product\/yoast-seo-wordpress\/ -->\n<title>FERMANDAR\u00ca PKK\u00ca &quot;KARKER DE\u015eT\u00ce&quot; HAT KU\u015eTIN - Darka Maz\u00ee<\/title>\n<meta name=\"robots\" content=\"index, follow, max-snippet:-1, max-image-preview:large, max-video-preview:-1\" \/>\n<link rel=\"canonical\" href=\"https:\/\/darkamazi.info\/archives\/1010760\" \/>\n<meta property=\"og:locale\" content=\"en_US\" \/>\n<meta property=\"og:type\" content=\"article\" \/>\n<meta property=\"og:title\" content=\"FERMANDAR\u00ca PKK\u00ca &quot;KARKER DE\u015eT\u00ce&quot; HAT KU\u015eTIN - Darka Maz\u00ee\" \/>\n<meta property=\"og:description\" content=\"Hat tesb\u00eet kirin \u00a0ji 4 Ger\u00eelay\u00ean li dorbera D\u00earika nav\u00e7eya M\u00eard\u00een\u00ea hatin berteref kirin yek\u00a0Servet Demir\u00ea di kategoriya pirteqal\u00ee da ye. Li gor \u00e7avkaniy\u00ean Darka Maziy\u00ea li Bakur\u00ea Kurdistan\u00ea, hat tesb\u00eet kirin di \u00e7ar\u00e7oveya operasyon\u00ean arte\u015fa Tirkiy\u00ea de \u00fb t\u00eem\u00ean Tevgera Taybet a Cendirmeyan \u00fb t\u00eem\u00ean Fermandariya Cendirmeyan a Baj\u00ear li D\u00earika nav\u00e7eya M\u00eard\u00een\u00ea 4 [&hellip;]\" \/>\n<meta property=\"og:url\" content=\"https:\/\/darkamazi.info\/archives\/1010760\" \/>\n<meta property=\"og:site_name\" content=\"Darka Maz\u00ee\" \/>\n<meta property=\"article:publisher\" content=\"https:\/\/www.facebook.com\/DarMaziKurmanci\" \/>\n<meta property=\"article:published_time\" content=\"2019-12-17T14:46:00+00:00\" \/>\n<meta property=\"article:modified_time\" content=\"2019-12-17T14:51:00+00:00\" \/>\n<meta property=\"og:image\" content=\"https:\/\/darkamazi.info\/file\/2019\/12\/servet_16_9_1576587425.jpg\" \/>\n\t<meta property=\"og:image:width\" content=\"907\" \/>\n\t<meta property=\"og:image:height\" content=\"543\" \/>\n\t<meta property=\"og:image:type\" content=\"image\/jpeg\" \/>\n<meta name=\"author\" content=\"darka mazi\" \/>\n<meta name=\"twitter:card\" content=\"summary_large_image\" \/>\n<meta name=\"twitter:creator\" content=\"@DarkaMaziLatini\" \/>\n<meta name=\"twitter:site\" content=\"@DarkaMaziLatini\" \/>\n<meta name=\"twitter:label1\" content=\"Written by\" \/>\n\t<meta name=\"twitter:data1\" content=\"darka mazi\" \/>\n\t<meta name=\"twitter:label2\" content=\"Est. reading time\" \/>\n\t<meta name=\"twitter:data2\" content=\"1 minute\" \/>\n<script type=\"application\/ld+json\" class=\"seo-schema-graph\">{\"@context\":\"https:\\\/\\\/schema.org\",\"@graph\":[{\"@type\":\"Article\",\"@id\":\"https:\\\/\\\/darkamazi.info\\\/archives\\\/1010760#article\",\"isPartOf\":{\"@id\":\"https:\\\/\\\/darkamazi.info\\\/archives\\\/1010760\"},\"author\":{\"name\":\"darka mazi\",\"@id\":\"https:\\\/\\\/darkamazi.info\\\/#\\\/schema\\\/person\\\/5ad3e24553a0567993fa8ed4bd0a776c\"},\"headline\":\"FERMANDAR\u00ca PKK\u00ca &#8220;KARKER DE\u015eT\u00ce&#8221; HAT KU\u015eTIN\",\"datePublished\":\"2019-12-17T14:46:00+00:00\",\"dateModified\":\"2019-12-17T14:51:00+00:00\",\"mainEntityOfPage\":{\"@id\":\"https:\\\/\\\/darkamazi.info\\\/archives\\\/1010760\"},\"wordCount\":132,\"publisher\":{\"@id\":\"https:\\\/\\\/darkamazi.info\\\/#organization\"},\"image\":{\"@id\":\"https:\\\/\\\/darkamazi.info\\\/archives\\\/1010760#primaryimage\"},\"thumbnailUrl\":\"https:\\\/\\\/darkamazi.info\\\/darka-content\\\/uploads\\\/2019\\\/12\\\/servet_16_9_1576587425.jpg\",\"articleSection\":[\"Kurdistan\"],\"inLanguage\":\"en-US\"},{\"@type\":\"WebPage\",\"@id\":\"https:\\\/\\\/darkamazi.info\\\/archives\\\/1010760\",\"url\":\"https:\\\/\\\/darkamazi.info\\\/archives\\\/1010760\",\"name\":\"FERMANDAR\u00ca PKK\u00ca \\\"KARKER DE\u015eT\u00ce\\\" HAT KU\u015eTIN - Darka Maz\u00ee\",\"isPartOf\":{\"@id\":\"https:\\\/\\\/darkamazi.info\\\/#website\"},\"primaryImageOfPage\":{\"@id\":\"https:\\\/\\\/darkamazi.info\\\/archives\\\/1010760#primaryimage\"},\"image\":{\"@id\":\"https:\\\/\\\/darkamazi.info\\\/archives\\\/1010760#primaryimage\"},\"thumbnailUrl\":\"https:\\\/\\\/darkamazi.info\\\/darka-content\\\/uploads\\\/2019\\\/12\\\/servet_16_9_1576587425.jpg\",\"datePublished\":\"2019-12-17T14:46:00+00:00\",\"dateModified\":\"2019-12-17T14:51:00+00:00\",\"breadcrumb\":{\"@id\":\"https:\\\/\\\/darkamazi.info\\\/archives\\\/1010760#breadcrumb\"},\"inLanguage\":\"en-US\",\"potentialAction\":[{\"@type\":\"ReadAction\",\"target\":[\"https:\\\/\\\/darkamazi.info\\\/archives\\\/1010760\"]}]},{\"@type\":\"ImageObject\",\"inLanguage\":\"en-US\",\"@id\":\"https:\\\/\\\/darkamazi.info\\\/archives\\\/1010760#primaryimage\",\"url\":\"https:\\\/\\\/darkamazi.info\\\/darka-content\\\/uploads\\\/2019\\\/12\\\/servet_16_9_1576587425.jpg\",\"contentUrl\":\"https:\\\/\\\/darkamazi.info\\\/darka-content\\\/uploads\\\/2019\\\/12\\\/servet_16_9_1576587425.jpg\",\"width\":907,\"height\":543,\"caption\":\"FERMANDAR\u00ca PKK\u00ca \\\"KARKER DE\u015eT\u00ce\\\" HAT KU\u015eTIN\"},{\"@type\":\"BreadcrumbList\",\"@id\":\"https:\\\/\\\/darkamazi.info\\\/archives\\\/1010760#breadcrumb\",\"itemListElement\":[{\"@type\":\"ListItem\",\"position\":1,\"name\":\"Home\",\"item\":\"https:\\\/\\\/darkamazi.info\\\/\"},{\"@type\":\"ListItem\",\"position\":2,\"name\":\"FERMANDAR\u00ca PKK\u00ca &#8220;KARKER DE\u015eT\u00ce&#8221; HAT KU\u015eTIN\"}]},{\"@type\":\"WebSite\",\"@id\":\"https:\\\/\\\/darkamazi.info\\\/#website\",\"url\":\"https:\\\/\\\/darkamazi.info\\\/\",\"name\":\"Darka Maz\u00ee\",\"description\":\"P\u00eageha Zanyariy\u00ean Nebih\u00eest\u00ee\",\"publisher\":{\"@id\":\"https:\\\/\\\/darkamazi.info\\\/#organization\"},\"potentialAction\":[{\"@type\":\"SearchAction\",\"target\":{\"@type\":\"EntryPoint\",\"urlTemplate\":\"https:\\\/\\\/darkamazi.info\\\/?s={search_term_string}\"},\"query-input\":{\"@type\":\"PropertyValueSpecification\",\"valueRequired\":true,\"valueName\":\"search_term_string\"}}],\"inLanguage\":\"en-US\"},{\"@type\":\"Organization\",\"@id\":\"https:\\\/\\\/darkamazi.info\\\/#organization\",\"name\":\"Darka Maz\u00ee\",\"url\":\"https:\\\/\\\/darkamazi.info\\\/\",\"logo\":{\"@type\":\"ImageObject\",\"inLanguage\":\"en-US\",\"@id\":\"https:\\\/\\\/darkamazi.info\\\/#\\\/schema\\\/logo\\\/image\\\/\",\"url\":\"https:\\\/\\\/darkamazi.info\\\/darka-content\\\/uploads\\\/2017\\\/12\\\/darka-mazi-logo.png\",\"contentUrl\":\"https:\\\/\\\/darkamazi.info\\\/darka-content\\\/uploads\\\/2017\\\/12\\\/darka-mazi-logo.png\",\"width\":151,\"height\":75,\"caption\":\"Darka Maz\u00ee\"},\"image\":{\"@id\":\"https:\\\/\\\/darkamazi.info\\\/#\\\/schema\\\/logo\\\/image\\\/\"},\"sameAs\":[\"https:\\\/\\\/www.facebook.com\\\/DarMaziKurmanci\",\"https:\\\/\\\/x.com\\\/DarkaMaziLatini\",\"https:\\\/\\\/www.instagram.com\\\/darkamazi.kurmanci\\\/\",\"https:\\\/\\\/www.youtube.com\\\/channel\\\/UCa5HkTdmI8U1qCUFuTw8B2g\"]},{\"@type\":\"Person\",\"@id\":\"https:\\\/\\\/darkamazi.info\\\/#\\\/schema\\\/person\\\/5ad3e24553a0567993fa8ed4bd0a776c\",\"name\":\"darka mazi\",\"sameAs\":[\"https:\\\/\\\/darkamazi.info\\\/\"],\"url\":\"https:\\\/\\\/darkamazi.info\\\/archives\\\/author\\\/kurdi\"}]}<\/script>\n<!-- \/ Yoast SEO plugin. -->","seo_head_json":{"title":"FERMANDAR\u00ca PKK\u00ca \"KARKER DE\u015eT\u00ce\" HAT KU\u015eTIN - Darka Maz\u00ee","robots":{"index":"index","follow":"follow","max-snippet":"max-snippet:-1","max-image-preview":"max-image-preview:large","max-video-preview":"max-video-preview:-1"},"canonical":"https:\/\/darkamazi.info\/archives\/1010760","og_locale":"en_US","og_type":"article","og_title":"FERMANDAR\u00ca PKK\u00ca \"KARKER DE\u015eT\u00ce\" HAT KU\u015eTIN - Darka Maz\u00ee","og_description":"Hat tesb\u00eet kirin \u00a0ji 4 Ger\u00eelay\u00ean li dorbera D\u00earika nav\u00e7eya M\u00eard\u00een\u00ea hatin berteref kirin yek\u00a0Servet Demir\u00ea di kategoriya pirteqal\u00ee da ye. Li gor \u00e7avkaniy\u00ean Darka Maziy\u00ea li Bakur\u00ea Kurdistan\u00ea, hat tesb\u00eet kirin di \u00e7ar\u00e7oveya operasyon\u00ean arte\u015fa Tirkiy\u00ea de \u00fb t\u00eem\u00ean Tevgera Taybet a Cendirmeyan \u00fb t\u00eem\u00ean Fermandariya Cendirmeyan a Baj\u00ear li D\u00earika nav\u00e7eya M\u00eard\u00een\u00ea 4 [&hellip;]","og_url":"https:\/\/darkamazi.info\/archives\/1010760","og_site_name":"Darka Maz\u00ee","article_publisher":"https:\/\/www.facebook.com\/DarMaziKurmanci","article_published_time":"2019-12-17T14:46:00+00:00","article_modified_time":"2019-12-17T14:51:00+00:00","og_image":[{"width":907,"height":543,"url":"https:\/\/darkamazi.info\/file\/2019\/12\/servet_16_9_1576587425.jpg","type":"image\/jpeg"}],"author":"darka mazi","twitter_card":"summary_large_image","twitter_creator":"@DarkaMaziLatini","twitter_site":"@DarkaMaziLatini","twitter_misc":{"Written by":"darka mazi","Est. reading time":"1 minute"},"schema":{"@context":"https:\/\/schema.org","@graph":[{"@type":"Article","@id":"https:\/\/darkamazi.info\/archives\/1010760#article","isPartOf":{"@id":"https:\/\/darkamazi.info\/archives\/1010760"},"author":{"name":"darka mazi","@id":"https:\/\/darkamazi.info\/#\/schema\/person\/5ad3e24553a0567993fa8ed4bd0a776c"},"headline":"FERMANDAR\u00ca PKK\u00ca &#8220;KARKER DE\u015eT\u00ce&#8221; HAT KU\u015eTIN","datePublished":"2019-12-17T14:46:00+00:00","dateModified":"2019-12-17T14:51:00+00:00","mainEntityOfPage":{"@id":"https:\/\/darkamazi.info\/archives\/1010760"},"wordCount":132,"publisher":{"@id":"https:\/\/darkamazi.info\/#organization"},"image":{"@id":"https:\/\/darkamazi.info\/archives\/1010760#primaryimage"},"thumbnailUrl":"https:\/\/darkamazi.info\/file\/2019\/12\/servet_16_9_1576587425.jpg","articleSection":["Kurdistan"],"inLanguage":"en-US"},{"@type":"WebPage","@id":"https:\/\/darkamazi.info\/archives\/1010760","url":"https:\/\/darkamazi.info\/archives\/1010760","name":"FERMANDAR\u00ca PKK\u00ca \"KARKER DE\u015eT\u00ce\" HAT KU\u015eTIN - Darka Maz\u00ee","isPartOf":{"@id":"https:\/\/darkamazi.info\/#website"},"primaryImageOfPage":{"@id":"https:\/\/darkamazi.info\/archives\/1010760#primaryimage"},"image":{"@id":"https:\/\/darkamazi.info\/archives\/1010760#primaryimage"},"thumbnailUrl":"https:\/\/darkamazi.info\/file\/2019\/12\/servet_16_9_1576587425.jpg","datePublished":"2019-12-17T14:46:00+00:00","dateModified":"2019-12-17T14:51:00+00:00","breadcrumb":{"@id":"https:\/\/darkamazi.info\/archives\/1010760#breadcrumb"},"inLanguage":"en-US","potentialAction":[{"@type":"ReadAction","target":["https:\/\/darkamazi.info\/archives\/1010760"]}]},{"@type":"ImageObject","inLanguage":"en-US","@id":"https:\/\/darkamazi.info\/archives\/1010760#primaryimage","url":"https:\/\/darkamazi.info\/file\/2019\/12\/servet_16_9_1576587425.jpg","contentUrl":"https:\/\/darkamazi.info\/file\/2019\/12\/servet_16_9_1576587425.jpg","width":907,"height":543,"caption":"FERMANDAR\u00ca PKK\u00ca \"KARKER DE\u015eT\u00ce\" HAT KU\u015eTIN"},{"@type":"BreadcrumbList","@id":"https:\/\/darkamazi.info\/archives\/1010760#breadcrumb","itemListElement":[{"@type":"ListItem","position":1,"name":"Home","item":"https:\/\/darkamazi.info\/"},{"@type":"ListItem","position":2,"name":"FERMANDAR\u00ca PKK\u00ca &#8220;KARKER DE\u015eT\u00ce&#8221; HAT KU\u015eTIN"}]},{"@type":"WebSite","@id":"https:\/\/darkamazi.info\/#website","url":"https:\/\/darkamazi.info\/","name":"Darka Maz\u00ee","description":"P\u00eageha Zanyariy\u00ean Nebih\u00eest\u00ee","publisher":{"@id":"https:\/\/darkamazi.info\/#organization"},"potentialAction":[{"@type":"SearchAction","target":{"@type":"EntryPoint","urlTemplate":"https:\/\/darkamazi.info\/?s={search_term_string}"},"query-input":{"@type":"PropertyValueSpecification","valueRequired":true,"valueName":"search_term_string"}}],"inLanguage":"en-US"},{"@type":"Organization","@id":"https:\/\/darkamazi.info\/#organization","name":"Darka Maz\u00ee","url":"https:\/\/darkamazi.info\/","logo":{"@type":"ImageObject","inLanguage":"en-US","@id":"https:\/\/darkamazi.info\/#\/schema\/logo\/image\/","url":"https:\/\/darkamazi.info\/file\/2017\/12\/darka-mazi-logo.png","contentUrl":"https:\/\/darkamazi.info\/file\/2017\/12\/darka-mazi-logo.png","width":151,"height":75,"caption":"Darka Maz\u00ee"},"image":{"@id":"https:\/\/darkamazi.info\/#\/schema\/logo\/image\/"},"sameAs":["https:\/\/www.facebook.com\/DarMaziKurmanci","https:\/\/x.com\/DarkaMaziLatini","https:\/\/www.instagram.com\/darkamazi.kurmanci\/","https:\/\/www.youtube.com\/channel\/UCa5HkTdmI8U1qCUFuTw8B2g"]},{"@type":"Person","@id":"https:\/\/darkamazi.info\/#\/schema\/person\/5ad3e24553a0567993fa8ed4bd0a776c","name":"darka mazi","sameAs":["https:\/\/darkamazi.info\/"],"url":"https:\/\/darkamazi.info\/archives\/author\/kurdi"}]}},"_links":{"self":[{"href":"https:\/\/darkamazi.info\/funavuv\/wp\/v2\/posts\/1010760","targetHints":{"allow":["GET"]}}],"collection":[{"href":"https:\/\/darkamazi.info\/funavuv\/wp\/v2\/posts"}],"about":[{"href":"https:\/\/darkamazi.info\/funavuv\/wp\/v2\/types\/post"}],"author":[{"embeddable":true,"href":"https:\/\/darkamazi.info\/funavuv\/wp\/v2\/users\/2"}],"replies":[{"embeddable":true,"href":"https:\/\/darkamazi.info\/funavuv\/wp\/v2\/comments?post=1010760"}],"version-history":[{"count":0,"href":"https:\/\/darkamazi.info\/funavuv\/wp\/v2\/posts\/1010760\/revisions"}],"wp:featuredmedia":[{"embeddable":true,"href":"https:\/\/darkamazi.info\/funavuv\/wp\/v2\/media\/1010761"}],"wp:attachment":[{"href":"https:\/\/darkamazi.info\/funavuv\/wp\/v2\/media?parent=1010760"}],"wp:term":[{"taxonomy":"category","embeddable":true,"href":"https:\/\/darkamazi.info\/funavuv\/wp\/v2\/categories?post=1010760"},{"taxonomy":"post_tag","embeddable":true,"href":"https:\/\/darkamazi.info\/funavuv\/wp\/v2\/tags?post=1010760"}],"curies":[{"name":"wp","href":"https:\/\/api.w.org\/{rel}","templated":true}]}}