{"id":1010802,"date":"2019-12-19T22:00:37","date_gmt":"2019-12-19T19:00:37","guid":{"rendered":"https:\/\/darkamazi.info\/?p=1010802"},"modified":"2021-08-03T22:39:01","modified_gmt":"2021-08-03T19:39:01","slug":"xwe-radest-kirina-ocalan-bo-tirkiye-u-der-kirina-biryaran-di-imraliye-de","status":"publish","type":"post","link":"https:\/\/darkamazi.info\/archives\/1010802","title":{"rendered":"Xwe radest kirina Ocalan bo tirkiy\u00ea \u00fb der kirina biryaran di \u00eemraliy\u00ea de"},"content":{"rendered":"<div class=\"wpb-content-wrapper\"><p>[darkamazi_row][darkamazi_column][darkamazi_video link=&#8221;https:\/\/www.youtube.com\/watch?v=1mMyiFIpSm8&#8243; align=&#8221;center&#8221;][darkamazi_column_text]<\/p>\n<h1 style=\"text-align: center;\"><span style=\"font-family: arial black, sans-serif; color: #ff0000;\"><strong>PKKE LI W\u00ca BAWER\u00ca YE KU OCALAN DI P\u00ceLANEKE NAVDEWLET\u00ce DE HATIYE GIRTIN<\/strong><\/span><\/h1>\n<h1 style=\"text-align: justify;\"><span style=\"font-family: arial black, sans-serif;\"><strong>Li 15\u00ea \u015fubata sala 1999an de, Ebdula Ocalan r\u00eaber\u00ea Partiya Karker\u00ean Kurdistan\u00ea &#8220;PKK\u00ea&#8221; li wlat\u00ea K\u00eenyay\u00ea t\u00ea desteser kirin, PKKe desteser kirina Ocalan bi p\u00eelaneke navdewlet\u00ee dide zan\u00een, l\u00ea aya bi rast\u00ee j\u00ee ev yek wihaye? Yan j\u00ee Ocalan veger\u00ee mala xwe heya ku biryar\u00ean dewlet\u00ea bi guh\u00ea Kurdan de bang bike?<\/strong><\/span><\/h1>\n<p>[\/darkamazi_column_text][darkamazi_message message_box_style=&#8221;3d&#8221; message_box_color=&#8221;orange&#8221;]<\/p>\n<h1><span style=\"font-family: arial black, sans-serif; color: #ff6600;\"><strong>Di ev\u00ee babet\u00ea de bersiva evan pirsan heye:<\/strong><\/span><\/h1>\n<ul>\n<li>\n<h3><strong>Ocalan di p\u00eelaneke navdewelt\u00ee de hat girtin yan ew bi heza xwe vegr\u00ee Tirkiy\u00ea?<\/strong><\/h3>\n<\/li>\n<li>\n<h3><strong>Ew k\u00eejan gotina r\u00eaber Apo b\u00fb ku PKK\u00ea di xwest bi gel re bide jib\u00eer kirin?<\/strong><\/h3>\n<\/li>\n<li>\n<h3><strong>Exlaq\u00ea r\u00eaber Apo di rasta hevalr\u00eay\u00ean w\u00ee de \u00e7i b\u00fb?<\/strong><\/h3>\n<\/li>\n<li>\n<h3><strong>Wexta Apo hatiye girtin \u00fb h\u00eajan di balefir\u00ea de \u00e7i got b\u00fb?<\/strong><\/h3>\n<\/li>\n<\/ul>\n<p>[\/darkamazi_message][\/darkamazi_column][\/darkamazi_row][darkamazi_row][darkamazi_column][darkamazi_column_text]<\/p>\n<h3 style=\"text-align: justify;\">Di pirt\u00fbka (D\u00ceROKEK JI AGIR\u00ce) ku p\u00eak dih\u00eat ji hinek hevpeyv\u00een\u00ean Cem\u00eel Bay\u00eek li gel Hesen Cod\u00ee de, Bay\u00eek \u00fb PKKe bi hem\u00fb awayek\u00ea hewil didin girtina Ocalan weke p\u00eelaneke navdewlet\u00ee bi be\u015fdariya her yek ji \u00abYewnanistan\u00ea, \u00cetalya, Misir, Ber\u00eetanya, S\u00fbriy\u00ea, \u00cesra\u00eel, Elmanya, Emer\u00eeka, K\u00eenya \u00fb \u00ceraq her wiha PDK\u00ea \u00fb YNK\u00ea&#8221; bidin nasandin, l\u00ea bel\u00ea rast\u00ee ti\u015fteke dine, ew ti\u015ft j\u00ee eve ku Ocalan bi k\u00eafa dil\u00ea xwe veger\u00ee nava Tirkiy\u00ea de.<\/h3>\n<h3 style=\"text-align: justify;\">PKKe dib\u00eaje: &#8220;Ocalan bi p\u00eelang\u00eariyeke navdewlet\u00ee hatiye desteser kirin&#8221;, l\u00ea bel\u00ea Ocalan bi xwe vegeriye Tirkiy\u00ea \u00fb ti p\u00eelaneke navdewlet\u00ee li dij\u00ee Ocalan neb\u00fbye, Ocalan bi xwe b\u00fb ku dixwest vegere Tirkiy\u00ea, belge li ser w\u00ea yek\u00ea pirin, l\u00ea dibe ev axiftina Ocalan ku dib\u00eaje PKK\u00ea &#8220;Yan dibe PKKe xwe bi guhere yan j\u00ee ez\u00ea ji partiya hewe cuda bibim&#8221; ba\u015ftir\u00een belge be li ser axiftina me, ev axiftin j\u00ee d\u00eesan di pirt\u00fbka (D\u00ceROKEK JI AGIR\u00ce) lapera 539an de bi ruhn\u00ee hatiye bas kirin, gelu qey mebesta Ocalan ji xwe guher\u00eena PKK\u00ea \u00e7i b\u00fbye?<\/h3>\n<h3 style=\"text-align: justify;\">Cem\u00eel Bay\u00eek li ser derketina Ocalan ji wlat\u00ea S\u00fbriy\u00ea \u00fb ne\u00e7\u00fbna Ocalan ji bo \u00e7iya \u00fb \u00e7\u00fbna \u00a0ji bo Ewropay\u00ea dib\u00eaje: &#8220;Ji ber ku S\u00fbriy\u00ea R\u00eaber Apo weke m\u00eahvan \u00e7end\u00een salan qeb\u00fbl kir b\u00fb, ta ku ti ziyan bi S\u00fbriy\u00ea nekev, serok na\u00e7ar dibe S\u00fbriy\u00ea bi c\u00ee bih\u00eale, ji ber ku di exlaq\u00ea Apo de n\u00eene kesek\u00ea ku al\u00eekariya w\u00ee kirbe t\u00fb\u015f\u00ee pirsgir\u00eakan bike&#8221;, Bay\u00eek berdewamiy\u00ea di de axiftina xwe \u00fb dib\u00eaje: &#8220;Exlaqek\u00ea serok heye, ger kesek dustatiya serok bike, serok r\u00eaz\u00ea li w\u00ea dustatiy\u00ea digre, ger S\u00fbriy\u00ea m\u00eahvandariya serok kirbe \u00fb niha ji ber mana serok li S\u00fbriy\u00ea, xeter bikeve ser S\u00fbriy\u00ea, serok ji aliy\u00ea exlaq\u00ee ve nedikar\u00ee w\u00ea yek\u00ea qeb\u00fbl bike&#8221;.<\/h3>\n<h3 style=\"text-align: justify;\">Her wiha dib\u00eaje: &#8220;Ger xeterek hebe bila ji w\u00eere be nek heval\u00ea w\u00ee&#8221;, li vir p\u00eaw\u00eeste em v\u00ea pirs\u00ea bik\u00een gelu ma qey Ba\u015f\u00fbr\u00ea Kurdistan\u00ea bi hem\u00fb partiy\u00ean xwe ve bi taybet\u00ee Partiya Demokrat ya Kurdistan\u00ea, \u00e7end al\u00eekariya PKK\u00ea \u00fb serok\u00ea wan kiriye ku amade b\u00fbn Ba\u015f\u00fbr bixin xeter\u00ea \u00fb Tirkiy\u00ea rak\u00ea\u015fn Ba\u015f\u00fbr \u00fb ew bi xwe j\u00ee \u015fer\u00ee li dij\u00ee ba\u015f\u00fbr bikin?<\/h3>\n<h1 style=\"text-align: center;\"><span style=\"font-family: arial black, sans-serif; color: #ff0000;\"><strong>BERA KU TI GVA\u015eTINEK LI SER WERE KIRIN R\u00caBER APO GOT: &#8220;EZ JI BO XIZMET KIRINA DEWLETA TIRKIY\u00ca AMADEME&#8221;<\/strong><\/span><\/h1>\n<h3 style=\"text-align: justify;\">Her \u00e7awa be di wexta girtina Ocalan de li K\u00eenyay\u00ea, PKKe mij\u00fbl\u00ee li darxistina 6m\u00een kongireya xwe b\u00fb, pa\u015f ku Ocalan t\u00ea girtin qonaxeke n\u00fb ya jiyana PKK\u00ea li \u00cemraliy\u00ea dest p\u00ea dike, PKK\u00ea di xwest axiftineka R\u00eaber Apo ji b\u00eera gel bibe \u00fb ji bo w\u00ea yek\u00ea hem\u00fb r\u00ea bikaran\u00een \u00fb ta radeyek mezin kar\u00een serketin\u00ea t\u00eade b\u00eenin, ew axiftin j\u00ee ev b\u00fb &#8220;Ez ji bo xizmet kirina dewleta Tirkiy\u00ea amademe&#8221;.<\/h3>\n<h3 style=\"text-align: justify;\">\u00a0Gelu \u00e7ima Ocalan ku di d\u00eetina al\u00eegir\u00ean PKK\u00ea de ji (Mahatma Gand\u00ee, N\u00eelson Man\u00eala, C\u00ee G\u00eevara) pir ji bo gel\u00ea xwe bi heybet tir, zanatir \u00fb dilsoztire, l\u00ea bel\u00ea bera ku ti giva\u015fek li ser Apor were kirin \u00fb h\u00eajan ew di balefir\u00ea de b\u00fb wexta ew axiftin kir\u00ee, ger bi rast\u00ee j\u00ee w\u00ee ji bo xizmet kirina Tirkiy\u00ea xebat nekir be?<\/h3>\n<h1 style=\"text-align: center;\"><span style=\"font-family: arial black, sans-serif; color: #ff0000;\"><strong>OCALAN HER TI\u015eT LI DADGEH\u00ca FIROT, PKKE HEVAL\u00ca R\u00ca \u00db WELAT<\/strong><\/span><\/h1>\n<h1 style=\"text-align: justify;\"><span style=\"color: #808080; font-family: arial black, sans-serif;\"><strong>&#8220;R\u00ca BIDIN XIZMETA DEWLETA TIRKIY\u00ca BIKIM, LI BERANBER V\u00ca XIZMET\u00ca EZ\u00ca TI TI\u015eTA JI HEWE DAXWAZ NAKIM, GEL\u00ca KURD HEYA NIHA PEYVA KURDISTAN BIKAR NEANIYE, EV YEK JI BO DEWLETA TIRKIY\u00ca H\u00caZEK N\u00db \u00db MEZINE&#8221;<\/strong><\/span><\/h1>\n<h3 style=\"text-align: justify;\">Ocalan li dadgeha bilind ya Tirkiy\u00ea de, nav\u00ean hem\u00fb kes\u00ean al\u00eekar\u00ee p\u00ea\u015fk\u00ea\u015f\u00ee PKK\u00ea kir\u00ee gotin, bi w\u00ea yek\u00ea jiyana sedan Kurd\u00ean welatpar\u00eaz xiste bin xetera girtin \u00fb ku\u015ftin\u00ea de, d\u00eesan di axiftin\u00ean xwe de li himber dadgeha Tirkiy\u00ea Ocalan dib\u00eaje: &#8220;R\u00ea bi min bidin xizmeta Tirkiy\u00ea bikim&#8221;, ez\u00ea di dema 6 mehan de PKK\u00ea b\u00ea \u00e7ek bikim, \u015fer\u00ea PKK\u00ea bi dewlet\u00ea re \u015fa\u015fiyeke mezin b\u00fb, p\u00eaw\u00eest b\u00fb PKK\u00ea \u015fer bi Tirkiy\u00ea re nekirba, Doran Kalkan \u00fb Cem\u00eel Bay\u00eek du kes\u00ean xeterin, min bi zehmet ew kontirol dikirin&#8221;.<\/h3>\n<h3 style=\"text-align: justify;\">Li vir e\u015fkere dibe ku Ocalan li dij\u00ee axiftina xwe ya ber\u00ea derdikeve, wexta Bay\u00eek got\u00ee: &#8220;Di exlaqa serok de n\u00eene kesek\u00ea ku hevaltiya w\u00ee kirbe, bixe di xeter\u00ea de&#8221;, Ocalan her z\u00fb n\u00eaz\u00eetir\u00een kes\u00ean xwe di firo\u015fe dewlet\u00ea ku ewj\u00ee (Bay\u00eek \u00fb Kalkan) b\u00fbn.<\/h3>\n<h3 style=\"text-align: justify;\">Ocalan di berdewamiya axiftina xwe de dib\u00eaje: &#8220;R\u00ea bidin xizmeta dewleta Tirkiy\u00ea bkim, li beranber v\u00ea xizmet\u00ea ez\u00ea ti ti\u015fta ji hewe daxwaz nakim, gel\u00ea Kurd heya niha peyva Kurdistan bikar ne aniye, ev yek ji bo dewleta Tirkiy\u00ea h\u00eazek n\u00fb \u00fb mezine, li ser (Barzan\u00ee \u00fb Taleban\u00ee) j\u00ee Ocalan axiftin\u00ean wiha k\u00eam dib\u00eaje ku bi ti awayek\u00ea di asta kesek\u00ea de n\u00eene, ku xwe bi serok \u00fb mezin \u00fb siyasyek j\u00eer bide nas kirin.<\/h3>\n<h3 style=\"text-align: justify;\">Ocalan dema t\u00ea girtin bi t awayek\u00ea bi yek peyv j\u00ee palpi\u015ftiy\u00ea li \u015fer\u00ea PKK\u00ea digel dewleta Tirkiy\u00ea nake, ser \u00fb bin Ocalan b\u00fbye h\u00eazek ji bo c\u00eabec\u00eakirina polet\u00eekaya dewleta Tirkiy\u00ea bi taybet di qonaxa pa\u015f sala 2004an.<\/h3>\n<p>[\/darkamazi_column_text][darkamazi_message message_box_style=&#8221;3d&#8221; message_box_color=&#8221;orange&#8221;]<\/p>\n<h3 style=\"text-align: justify;\"><span style=\"font-family: arial black, sans-serif;\">Em\u00ea di nv\u00ees\u00een\u00ean bih\u00eat de \u015firoveya w\u00ea yek\u00ea bik\u00een ku bi t awa Ocalan b\u00fbye dardest\u00ea Tirkiy\u00ea li dij\u00ee Kurdan \u00fb bi ti awa Ocalan b\u00fbye \u015f\u00eeretkar \u00fb mamostey\u00ee dewleta Tirkiy\u00ea, m\u00eenaka her\u00ee ber\u00e7av j\u00ee helwest \u00fb daxuyaniy\u00ean Ocalanin li dj\u00ee ava kirina dewleta Kurd\u00ee ku bi ti awa naxwaze ev dewlete ji Kurdan re were ava kirin \u00fb ev yek bi PKK\u00ea re j\u00ee daye qeb\u00fbl kirin.<\/span><\/h3>\n<p>[\/darkamazi_message][\/darkamazi_column][\/darkamazi_row]<\/p>\n<\/div>","protected":false},"excerpt":{"rendered":"<p>[darkamazi_row][darkamazi_column][darkamazi_video link=&#8221;https:\/\/www.youtube.com\/watch?v=1mMyiFIpSm8&#8243; align=&#8221;center&#8221;][darkamazi_column_text] PKKE LI W\u00ca BAWER\u00ca YE KU OCALAN DI P\u00ceLANEKE NAVDEWLET\u00ce DE HATIYE GIRTIN Li 15\u00ea \u015fubata sala 1999an de, Ebdula Ocalan r\u00eaber\u00ea Partiya Karker\u00ean Kurdistan\u00ea &#8220;PKK\u00ea&#8221; li wlat\u00ea K\u00eenyay\u00ea t\u00ea desteser kirin, PKKe desteser kirina Ocalan bi p\u00eelaneke navdewlet\u00ee dide zan\u00een, l\u00ea aya bi rast\u00ee j\u00ee ev yek wihaye? Yan j\u00ee Ocalan [&hellip;]<\/p>\n","protected":false},"author":2,"featured_media":1010805,"comment_status":"closed","ping_status":"closed","sticky":false,"template":"epic_custom_post_template-1006382","format":"video","meta":{"footnotes":""},"categories":[65],"tags":[44],"class_list":["post-1010802","post","type-post","status-publish","format-video","has-post-thumbnail","hentry","category-vidiyo","tag-ocelan","post_format-post-format-video"],"blocksy_meta":[],"seo_head":"<!-- This site is optimized with the Yoast SEO plugin v27.5 - https:\/\/yoast.com\/product\/yoast-seo-wordpress\/ -->\n<title>Xwe radest kirina Ocalan bo tirkiy\u00ea \u00fb der kirina biryaran di \u00eemraliy\u00ea de - Darka Maz\u00ee<\/title>\n<meta name=\"robots\" content=\"index, follow, max-snippet:-1, max-image-preview:large, max-video-preview:-1\" \/>\n<link rel=\"canonical\" href=\"https:\/\/darkamazi.info\/archives\/1010802\" \/>\n<meta property=\"og:locale\" content=\"en_US\" \/>\n<meta property=\"og:type\" content=\"article\" \/>\n<meta property=\"og:title\" content=\"Xwe radest kirina Ocalan bo tirkiy\u00ea \u00fb der kirina biryaran di \u00eemraliy\u00ea de - Darka Maz\u00ee\" \/>\n<meta property=\"og:description\" content=\"[darkamazi_row][darkamazi_column][darkamazi_video link=&#8221;https:\/\/www.youtube.com\/watch?v=1mMyiFIpSm8&#8243; align=&#8221;center&#8221;][darkamazi_column_text] PKKE LI W\u00ca BAWER\u00ca YE KU OCALAN DI P\u00ceLANEKE NAVDEWLET\u00ce DE HATIYE GIRTIN Li 15\u00ea \u015fubata sala 1999an de, Ebdula Ocalan r\u00eaber\u00ea Partiya Karker\u00ean Kurdistan\u00ea &#8220;PKK\u00ea&#8221; li wlat\u00ea K\u00eenyay\u00ea t\u00ea desteser kirin, PKKe desteser kirina Ocalan bi p\u00eelaneke navdewlet\u00ee dide zan\u00een, l\u00ea aya bi rast\u00ee j\u00ee ev yek wihaye? Yan j\u00ee Ocalan [&hellip;]\" \/>\n<meta property=\"og:url\" content=\"https:\/\/darkamazi.info\/archives\/1010802\" \/>\n<meta property=\"og:site_name\" content=\"Darka Maz\u00ee\" \/>\n<meta property=\"article:publisher\" content=\"https:\/\/www.facebook.com\/DarMaziKurmanci\" \/>\n<meta property=\"article:published_time\" content=\"2019-12-19T19:00:37+00:00\" \/>\n<meta property=\"article:modified_time\" content=\"2021-08-03T19:39:01+00:00\" \/>\n<meta property=\"og:image\" content=\"https:\/\/darkamazi.info\/file\/2019\/12\/Ocalan-te-girtin.jpg\" \/>\n\t<meta property=\"og:image:width\" content=\"940\" \/>\n\t<meta property=\"og:image:height\" content=\"577\" \/>\n\t<meta property=\"og:image:type\" content=\"image\/jpeg\" \/>\n<meta name=\"author\" content=\"darka mazi\" \/>\n<meta name=\"twitter:card\" content=\"summary_large_image\" \/>\n<meta name=\"twitter:creator\" content=\"@DarkaMaziLatini\" \/>\n<meta name=\"twitter:site\" content=\"@DarkaMaziLatini\" \/>\n<meta name=\"twitter:label1\" content=\"Written by\" \/>\n\t<meta name=\"twitter:data1\" content=\"darka mazi\" \/>\n\t<meta name=\"twitter:label2\" content=\"Est. reading time\" \/>\n\t<meta name=\"twitter:data2\" content=\"6 minutes\" \/>\n<script type=\"application\/ld+json\" class=\"seo-schema-graph\">{\"@context\":\"https:\\\/\\\/schema.org\",\"@graph\":[{\"@type\":\"Article\",\"@id\":\"https:\\\/\\\/darkamazi.info\\\/archives\\\/1010802#article\",\"isPartOf\":{\"@id\":\"https:\\\/\\\/darkamazi.info\\\/archives\\\/1010802\"},\"author\":{\"name\":\"darka mazi\",\"@id\":\"https:\\\/\\\/darkamazi.info\\\/#\\\/schema\\\/person\\\/5ad3e24553a0567993fa8ed4bd0a776c\"},\"headline\":\"Xwe radest kirina Ocalan bo tirkiy\u00ea \u00fb der kirina biryaran di \u00eemraliy\u00ea de\",\"datePublished\":\"2019-12-19T19:00:37+00:00\",\"dateModified\":\"2021-08-03T19:39:01+00:00\",\"mainEntityOfPage\":{\"@id\":\"https:\\\/\\\/darkamazi.info\\\/archives\\\/1010802\"},\"wordCount\":1182,\"publisher\":{\"@id\":\"https:\\\/\\\/darkamazi.info\\\/#organization\"},\"image\":{\"@id\":\"https:\\\/\\\/darkamazi.info\\\/archives\\\/1010802#primaryimage\"},\"thumbnailUrl\":\"https:\\\/\\\/darkamazi.info\\\/darka-content\\\/uploads\\\/2019\\\/12\\\/Ocalan-te-girtin.jpg\",\"keywords\":[\"Ocelan\"],\"articleSection\":[\"V\u00eed\u00eeyo\"],\"inLanguage\":\"en-US\"},{\"@type\":\"WebPage\",\"@id\":\"https:\\\/\\\/darkamazi.info\\\/archives\\\/1010802\",\"url\":\"https:\\\/\\\/darkamazi.info\\\/archives\\\/1010802\",\"name\":\"Xwe radest kirina Ocalan bo tirkiy\u00ea \u00fb der kirina biryaran di \u00eemraliy\u00ea de - Darka Maz\u00ee\",\"isPartOf\":{\"@id\":\"https:\\\/\\\/darkamazi.info\\\/#website\"},\"primaryImageOfPage\":{\"@id\":\"https:\\\/\\\/darkamazi.info\\\/archives\\\/1010802#primaryimage\"},\"image\":{\"@id\":\"https:\\\/\\\/darkamazi.info\\\/archives\\\/1010802#primaryimage\"},\"thumbnailUrl\":\"https:\\\/\\\/darkamazi.info\\\/darka-content\\\/uploads\\\/2019\\\/12\\\/Ocalan-te-girtin.jpg\",\"datePublished\":\"2019-12-19T19:00:37+00:00\",\"dateModified\":\"2021-08-03T19:39:01+00:00\",\"breadcrumb\":{\"@id\":\"https:\\\/\\\/darkamazi.info\\\/archives\\\/1010802#breadcrumb\"},\"inLanguage\":\"en-US\",\"potentialAction\":[{\"@type\":\"ReadAction\",\"target\":[\"https:\\\/\\\/darkamazi.info\\\/archives\\\/1010802\"]}]},{\"@type\":\"ImageObject\",\"inLanguage\":\"en-US\",\"@id\":\"https:\\\/\\\/darkamazi.info\\\/archives\\\/1010802#primaryimage\",\"url\":\"https:\\\/\\\/darkamazi.info\\\/darka-content\\\/uploads\\\/2019\\\/12\\\/Ocalan-te-girtin.jpg\",\"contentUrl\":\"https:\\\/\\\/darkamazi.info\\\/darka-content\\\/uploads\\\/2019\\\/12\\\/Ocalan-te-girtin.jpg\",\"width\":940,\"height\":577,\"caption\":\"XWE RADEST KIRINA OCALAN BO TIRKIY\u00ca \u00db DER KIRINA BIRYARAN DI \u00ceMRALIY\u00ca DE\"},{\"@type\":\"BreadcrumbList\",\"@id\":\"https:\\\/\\\/darkamazi.info\\\/archives\\\/1010802#breadcrumb\",\"itemListElement\":[{\"@type\":\"ListItem\",\"position\":1,\"name\":\"Home\",\"item\":\"https:\\\/\\\/darkamazi.info\\\/\"},{\"@type\":\"ListItem\",\"position\":2,\"name\":\"Xwe radest kirina Ocalan bo tirkiy\u00ea \u00fb der kirina biryaran di \u00eemraliy\u00ea de\"}]},{\"@type\":\"WebSite\",\"@id\":\"https:\\\/\\\/darkamazi.info\\\/#website\",\"url\":\"https:\\\/\\\/darkamazi.info\\\/\",\"name\":\"Darka Maz\u00ee\",\"description\":\"P\u00eageha Zanyariy\u00ean Nebih\u00eest\u00ee\",\"publisher\":{\"@id\":\"https:\\\/\\\/darkamazi.info\\\/#organization\"},\"potentialAction\":[{\"@type\":\"SearchAction\",\"target\":{\"@type\":\"EntryPoint\",\"urlTemplate\":\"https:\\\/\\\/darkamazi.info\\\/?s={search_term_string}\"},\"query-input\":{\"@type\":\"PropertyValueSpecification\",\"valueRequired\":true,\"valueName\":\"search_term_string\"}}],\"inLanguage\":\"en-US\"},{\"@type\":\"Organization\",\"@id\":\"https:\\\/\\\/darkamazi.info\\\/#organization\",\"name\":\"Darka Maz\u00ee\",\"url\":\"https:\\\/\\\/darkamazi.info\\\/\",\"logo\":{\"@type\":\"ImageObject\",\"inLanguage\":\"en-US\",\"@id\":\"https:\\\/\\\/darkamazi.info\\\/#\\\/schema\\\/logo\\\/image\\\/\",\"url\":\"https:\\\/\\\/darkamazi.info\\\/darka-content\\\/uploads\\\/2017\\\/12\\\/darka-mazi-logo.png\",\"contentUrl\":\"https:\\\/\\\/darkamazi.info\\\/darka-content\\\/uploads\\\/2017\\\/12\\\/darka-mazi-logo.png\",\"width\":151,\"height\":75,\"caption\":\"Darka Maz\u00ee\"},\"image\":{\"@id\":\"https:\\\/\\\/darkamazi.info\\\/#\\\/schema\\\/logo\\\/image\\\/\"},\"sameAs\":[\"https:\\\/\\\/www.facebook.com\\\/DarMaziKurmanci\",\"https:\\\/\\\/x.com\\\/DarkaMaziLatini\",\"https:\\\/\\\/www.instagram.com\\\/darkamazi.kurmanci\\\/\",\"https:\\\/\\\/www.youtube.com\\\/channel\\\/UCa5HkTdmI8U1qCUFuTw8B2g\"]},{\"@type\":\"Person\",\"@id\":\"https:\\\/\\\/darkamazi.info\\\/#\\\/schema\\\/person\\\/5ad3e24553a0567993fa8ed4bd0a776c\",\"name\":\"darka mazi\",\"sameAs\":[\"https:\\\/\\\/darkamazi.info\\\/\"],\"url\":\"https:\\\/\\\/darkamazi.info\\\/archives\\\/author\\\/kurdi\"}]}<\/script>\n<!-- \/ Yoast SEO plugin. -->","seo_head_json":{"title":"Xwe radest kirina Ocalan bo tirkiy\u00ea \u00fb der kirina biryaran di \u00eemraliy\u00ea de - Darka Maz\u00ee","robots":{"index":"index","follow":"follow","max-snippet":"max-snippet:-1","max-image-preview":"max-image-preview:large","max-video-preview":"max-video-preview:-1"},"canonical":"https:\/\/darkamazi.info\/archives\/1010802","og_locale":"en_US","og_type":"article","og_title":"Xwe radest kirina Ocalan bo tirkiy\u00ea \u00fb der kirina biryaran di \u00eemraliy\u00ea de - Darka Maz\u00ee","og_description":"[darkamazi_row][darkamazi_column][darkamazi_video link=&#8221;https:\/\/www.youtube.com\/watch?v=1mMyiFIpSm8&#8243; align=&#8221;center&#8221;][darkamazi_column_text] PKKE LI W\u00ca BAWER\u00ca YE KU OCALAN DI P\u00ceLANEKE NAVDEWLET\u00ce DE HATIYE GIRTIN Li 15\u00ea \u015fubata sala 1999an de, Ebdula Ocalan r\u00eaber\u00ea Partiya Karker\u00ean Kurdistan\u00ea &#8220;PKK\u00ea&#8221; li wlat\u00ea K\u00eenyay\u00ea t\u00ea desteser kirin, PKKe desteser kirina Ocalan bi p\u00eelaneke navdewlet\u00ee dide zan\u00een, l\u00ea aya bi rast\u00ee j\u00ee ev yek wihaye? Yan j\u00ee Ocalan [&hellip;]","og_url":"https:\/\/darkamazi.info\/archives\/1010802","og_site_name":"Darka Maz\u00ee","article_publisher":"https:\/\/www.facebook.com\/DarMaziKurmanci","article_published_time":"2019-12-19T19:00:37+00:00","article_modified_time":"2021-08-03T19:39:01+00:00","og_image":[{"width":940,"height":577,"url":"https:\/\/darkamazi.info\/file\/2019\/12\/Ocalan-te-girtin.jpg","type":"image\/jpeg"}],"author":"darka mazi","twitter_card":"summary_large_image","twitter_creator":"@DarkaMaziLatini","twitter_site":"@DarkaMaziLatini","twitter_misc":{"Written by":"darka mazi","Est. reading time":"6 minutes"},"schema":{"@context":"https:\/\/schema.org","@graph":[{"@type":"Article","@id":"https:\/\/darkamazi.info\/archives\/1010802#article","isPartOf":{"@id":"https:\/\/darkamazi.info\/archives\/1010802"},"author":{"name":"darka mazi","@id":"https:\/\/darkamazi.info\/#\/schema\/person\/5ad3e24553a0567993fa8ed4bd0a776c"},"headline":"Xwe radest kirina Ocalan bo tirkiy\u00ea \u00fb der kirina biryaran di \u00eemraliy\u00ea de","datePublished":"2019-12-19T19:00:37+00:00","dateModified":"2021-08-03T19:39:01+00:00","mainEntityOfPage":{"@id":"https:\/\/darkamazi.info\/archives\/1010802"},"wordCount":1182,"publisher":{"@id":"https:\/\/darkamazi.info\/#organization"},"image":{"@id":"https:\/\/darkamazi.info\/archives\/1010802#primaryimage"},"thumbnailUrl":"https:\/\/darkamazi.info\/file\/2019\/12\/Ocalan-te-girtin.jpg","keywords":["Ocelan"],"articleSection":["V\u00eed\u00eeyo"],"inLanguage":"en-US"},{"@type":"WebPage","@id":"https:\/\/darkamazi.info\/archives\/1010802","url":"https:\/\/darkamazi.info\/archives\/1010802","name":"Xwe radest kirina Ocalan bo tirkiy\u00ea \u00fb der kirina biryaran di \u00eemraliy\u00ea de - Darka Maz\u00ee","isPartOf":{"@id":"https:\/\/darkamazi.info\/#website"},"primaryImageOfPage":{"@id":"https:\/\/darkamazi.info\/archives\/1010802#primaryimage"},"image":{"@id":"https:\/\/darkamazi.info\/archives\/1010802#primaryimage"},"thumbnailUrl":"https:\/\/darkamazi.info\/file\/2019\/12\/Ocalan-te-girtin.jpg","datePublished":"2019-12-19T19:00:37+00:00","dateModified":"2021-08-03T19:39:01+00:00","breadcrumb":{"@id":"https:\/\/darkamazi.info\/archives\/1010802#breadcrumb"},"inLanguage":"en-US","potentialAction":[{"@type":"ReadAction","target":["https:\/\/darkamazi.info\/archives\/1010802"]}]},{"@type":"ImageObject","inLanguage":"en-US","@id":"https:\/\/darkamazi.info\/archives\/1010802#primaryimage","url":"https:\/\/darkamazi.info\/file\/2019\/12\/Ocalan-te-girtin.jpg","contentUrl":"https:\/\/darkamazi.info\/file\/2019\/12\/Ocalan-te-girtin.jpg","width":940,"height":577,"caption":"XWE RADEST KIRINA OCALAN BO TIRKIY\u00ca \u00db DER KIRINA BIRYARAN DI \u00ceMRALIY\u00ca DE"},{"@type":"BreadcrumbList","@id":"https:\/\/darkamazi.info\/archives\/1010802#breadcrumb","itemListElement":[{"@type":"ListItem","position":1,"name":"Home","item":"https:\/\/darkamazi.info\/"},{"@type":"ListItem","position":2,"name":"Xwe radest kirina Ocalan bo tirkiy\u00ea \u00fb der kirina biryaran di \u00eemraliy\u00ea de"}]},{"@type":"WebSite","@id":"https:\/\/darkamazi.info\/#website","url":"https:\/\/darkamazi.info\/","name":"Darka Maz\u00ee","description":"P\u00eageha Zanyariy\u00ean Nebih\u00eest\u00ee","publisher":{"@id":"https:\/\/darkamazi.info\/#organization"},"potentialAction":[{"@type":"SearchAction","target":{"@type":"EntryPoint","urlTemplate":"https:\/\/darkamazi.info\/?s={search_term_string}"},"query-input":{"@type":"PropertyValueSpecification","valueRequired":true,"valueName":"search_term_string"}}],"inLanguage":"en-US"},{"@type":"Organization","@id":"https:\/\/darkamazi.info\/#organization","name":"Darka Maz\u00ee","url":"https:\/\/darkamazi.info\/","logo":{"@type":"ImageObject","inLanguage":"en-US","@id":"https:\/\/darkamazi.info\/#\/schema\/logo\/image\/","url":"https:\/\/darkamazi.info\/file\/2017\/12\/darka-mazi-logo.png","contentUrl":"https:\/\/darkamazi.info\/file\/2017\/12\/darka-mazi-logo.png","width":151,"height":75,"caption":"Darka Maz\u00ee"},"image":{"@id":"https:\/\/darkamazi.info\/#\/schema\/logo\/image\/"},"sameAs":["https:\/\/www.facebook.com\/DarMaziKurmanci","https:\/\/x.com\/DarkaMaziLatini","https:\/\/www.instagram.com\/darkamazi.kurmanci\/","https:\/\/www.youtube.com\/channel\/UCa5HkTdmI8U1qCUFuTw8B2g"]},{"@type":"Person","@id":"https:\/\/darkamazi.info\/#\/schema\/person\/5ad3e24553a0567993fa8ed4bd0a776c","name":"darka mazi","sameAs":["https:\/\/darkamazi.info\/"],"url":"https:\/\/darkamazi.info\/archives\/author\/kurdi"}]}},"_links":{"self":[{"href":"https:\/\/darkamazi.info\/funavuv\/wp\/v2\/posts\/1010802","targetHints":{"allow":["GET"]}}],"collection":[{"href":"https:\/\/darkamazi.info\/funavuv\/wp\/v2\/posts"}],"about":[{"href":"https:\/\/darkamazi.info\/funavuv\/wp\/v2\/types\/post"}],"author":[{"embeddable":true,"href":"https:\/\/darkamazi.info\/funavuv\/wp\/v2\/users\/2"}],"replies":[{"embeddable":true,"href":"https:\/\/darkamazi.info\/funavuv\/wp\/v2\/comments?post=1010802"}],"version-history":[{"count":0,"href":"https:\/\/darkamazi.info\/funavuv\/wp\/v2\/posts\/1010802\/revisions"}],"wp:featuredmedia":[{"embeddable":true,"href":"https:\/\/darkamazi.info\/funavuv\/wp\/v2\/media\/1010805"}],"wp:attachment":[{"href":"https:\/\/darkamazi.info\/funavuv\/wp\/v2\/media?parent=1010802"}],"wp:term":[{"taxonomy":"category","embeddable":true,"href":"https:\/\/darkamazi.info\/funavuv\/wp\/v2\/categories?post=1010802"},{"taxonomy":"post_tag","embeddable":true,"href":"https:\/\/darkamazi.info\/funavuv\/wp\/v2\/tags?post=1010802"}],"curies":[{"name":"wp","href":"https:\/\/api.w.org\/{rel}","templated":true}]}}