{"id":1010823,"date":"2019-12-21T20:35:52","date_gmt":"2019-12-21T17:35:52","guid":{"rendered":"https:\/\/darkamazi.info\/?p=1010823"},"modified":"2019-12-21T20:35:52","modified_gmt":"2019-12-21T17:35:52","slug":"kongireya-ynke-bi-yariya-setrence-destpekir","status":"publish","type":"post","link":"https:\/\/darkamazi.info\/archives\/1010823","title":{"rendered":"KONGIREYA YNK\u00ca BI YARIYA \u015eETRENC\u00ca DESTP\u00caKIR"},"content":{"rendered":"<h1 style=\"text-align: center\"><span style=\"color: #ff0000;font-family: arial black, sans-serif\"><strong>YNK\u00ca ENC\u00dbMENA BILIND YA SIYAS\u00ce \u00db 3 ENDAM\u00caN ENC\u00dbMENA SERKIRDATIY\u00ca DEST N\u00ce\u015eAN KIRIN<\/strong><\/span><\/h1>\n<h1 style=\"text-align: justify\"><span style=\"font-family: arial black, sans-serif\">Yek\u00eat\u00ee ya Ni\u015ft\u00eeman\u00ee ya Kurdistan\u00ea, \u00eero kongireya xwe ya 4m\u00een destp\u00eakir, l\u00ea pi\u015ft\u00ee ku kar\u00ean yekem roj bi daw\u00ee b\u00fbyn, e\u015fkere b\u00fb, kongire weke yariya \u015fetrenc\u00ea ye, l\u00ea yar\u00eeker li dervey hol\u00ea bir\u00eave diben \u00fb araste diken, hejmarke serkirdey\u00ean w\u00ea partiy\u00ea j\u00ee bi xwe ev amaje kirin \u00fb gotine: &#8220;kongire ya 4m\u00een bic\u00eekirina p\u00eelaneke j\u00ear bi j\u00ear ya di navbera bal\u00ean cuda y\u00ean YNK\u00ea ye&#8221;.<\/span><\/h1>\n<h3 style=\"text-align: justify\">\u00cero roja \u015fem\u00ee 21\/12\/2019an kar\u00ean roja yekem\u00een ya kongireya 4an ya Yek\u00eat\u00ee ya Ni\u015ft\u00eeman\u00ee li bajar\u00ea Sil\u00eamaniy\u00ea bi r\u00eave\u00e7\u00fbn, Kusret Res\u00fbl El\u00ee, c\u00eagir\u00ea yekem\u00ea sekreter\u00ea gi\u015ft\u00ee bi piranya deng\u00ean endam\u00ean kongirey ji bo seroktiya enc\u00fbmena bilind ya siyas\u00ee ya YNK\u00ea hat dest n\u00ee\u015fan kirin.<\/h3>\n<h3 style=\"text-align: justify\">Enc\u00fbmena bilind ya siyas\u00ee ya YNK\u00ea ji 8 endaman p\u00eak t\u00ea \u00fb \u00eero her hem\u00fb hatin dest n\u00ee\u015fan kirin ku piraniya wan endam\u00ean pol\u00eetb\u00eeroya ber\u00ea ya YNK\u00ea ne.<\/h3>\n<h3 style=\"text-align: justify\">Her di bernameya \u00eero ya kongireya 4an de, her yek ji Dr. Berhem Salih, c\u00eagir\u00ea duwem\u00een y\u00ea sekreter\u00ea gi\u015ft\u00ee \u00fb Qubad Taleban\u00ee kur\u00ea Celal Taleban\u00ee \u00fb her wiha R\u00eawaz Fayeq seroka parlimentoya Kurdistan\u00ea li ser hesaba YNK\u00ea, weke endam\u00ean serkirdatiy\u00ea hatin dest n\u00ee\u015fan kirin.<\/h3>\n<h3 style=\"text-align: center\"><span style=\"font-family: arial black, sans-serif;color: #808080\">KONGIRE LI DERVEY HOL\u00ca T\u00ca BI R\u00caVEBIRIN<\/span><\/h3>\n<h1 style=\"text-align: center\"><span style=\"font-family: arial black, sans-serif;color: #ff0000\">HER SERKIRDEYEK\u00ca NER\u00ceNEKE CUDA HEBE JI HOLA KONGIREY T\u00ca DERXISTIN <\/span><\/h1>\n<h3 style=\"text-align: justify\">Serkirdey\u00ea YNK\u00ea \u015e\u00eax Ce&#8217;fer \u015e\u00eax Mistefa ku ji bo enc\u00fbmena gi\u015ft\u00ee ya YNK\u00ea kand\u00eed b\u00fb xwe ji kongirey vek\u00ea\u015fa, hem wext Mehabad \u015e\u00eax Mihemed Em\u00een ku yek ji endam\u00ean her\u00ee diyar \u00fb ber\u00e7av y\u00ean kongireye, r\u00ea p\u00ea nehat day\u00een be\u015fdar bibe \u00fb sedema serek\u00ee ji bo w\u00ea yek\u00ea vedgere ku hevj\u00een\u00ea w\u00ea y\u00ea bi nav\u00ea Fayeq \u015e\u00eax El\u00ee ne digel YNK\u00ea ye.<\/h3>\n<h3 style=\"text-align: justify\">Fereyd\u00fbn Ebdulqadir, endam\u00ea ber\u00ea y\u00ea pol\u00eetb\u00eero ya YNK\u00ea xwe ji hola kongirey vek\u015fand, her \u00e7end ku pi\u015ft\u00ee derketina w\u00ee ji hol\u00ea daxweyan\u00ee da \u00fb got ku ew bi xwe derketiye, l\u00ea bel\u00ea goman li away\u00ea derketina w\u00ee hene, ji ber ku ya rast ew j\u00ee ji wan serkirdeyan b\u00fb ku ji n\u00fb di hola kongirey de hest bi w\u00ea yek\u00ea kir ku kongire y\u00ea li dervey hol\u00ea t\u00ea bir\u00eavebirin \u00fb ew\u00ean berhev\u00ee kongirey b\u00fbn, biryara wan ne di dest wan deye.<\/h3>\n<h3 style=\"text-align: justify\">Her \u00eero parlimenter\u00ea YNK\u00ea Feysel Ebas ku r\u00ea p\u00ea nehat day\u00een be\u015fdar\u00ee kongirey bibe, cudab\u00fbna xwe ji partiya xwe ragihand \u00fb e\u015fkere kir, ev kongire ne\u015fer&#8217;\u00ee ye ji ber ku hem\u00fb post berwext bal\u00ean cuda y\u00ean YNK\u00ea lihevhatin li ser kirine \u00fb eva t\u00ea kirin dengdaneke \u015fekl\u00ee ye.<\/h3>\n<h3 style=\"text-align: justify\">Yek\u00eetiya Ni\u015ft\u00eeman\u00ee ya Kurdistan\u00ea dest bi kongireya xwe ya 4m\u00een kir, l\u00ea bel\u00ea ne xweyaye d\u00ea \u00e7end rojan vek\u00ea\u015f\u00eet \u00fb \u00e7i serkirdeyek\u00ea YNK\u00ea w\u00ea bibe sekreter\u00ea gi\u015ft\u00ee y\u00ea w\u00ea partiy\u00ea, nav\u00ea Dr. Berhem Salih ji bo seroktiya YNK\u00ea t\u00ea gotin, l\u00ea bel\u00ea serkirdey\u00ean YNK\u00ea li w\u00ea bawer\u00ea ne ku li her dem\u00ea muhtemele rew\u015f b\u00ea guher\u00een \u00fb kesek\u00ea din bibe sekreter\u00ea gi\u015ft\u00ee.<\/h3>\n<h3 style=\"text-align: justify\">Kongireya yek\u00eaty\u00ea bi nav\u00ea &#8220;kongireya n\u00fbb\u00fbn\u00ea&#8221; ye \u00fb t\u00eade d\u00ea endam\u00ean enc\u00fbmen\u00ean gi\u015ft\u00ee, serkirdat\u00ee, pi\u015ftre sekreter\u00ea gi\u015ft\u00ee \u00fb c\u00eagr\u00ea serkreter\u00ee d\u00ea bh\u00ean hilbjardin, wate yek\u00eat\u00ee banga w\u00ea yek\u00ea kirye ku partya wan d\u00ea bi formeke n\u00fb derkeve hol\u00ea.<\/h3>\n","protected":false},"excerpt":{"rendered":"<p>YNK\u00ca ENC\u00dbMENA BILIND YA SIYAS\u00ce \u00db 3 ENDAM\u00caN ENC\u00dbMENA SERKIRDATIY\u00ca DEST N\u00ce\u015eAN KIRIN Yek\u00eat\u00ee ya Ni\u015ft\u00eeman\u00ee ya Kurdistan\u00ea, \u00eero kongireya xwe ya 4m\u00een destp\u00eakir, l\u00ea pi\u015ft\u00ee ku kar\u00ean yekem roj bi daw\u00ee b\u00fbyn, e\u015fkere b\u00fb, kongire weke yariya \u015fetrenc\u00ea ye, l\u00ea yar\u00eeker li dervey hol\u00ea bir\u00eave diben \u00fb araste diken, hejmarke serkirdey\u00ean w\u00ea partiy\u00ea j\u00ee [&hellip;]<\/p>\n","protected":false},"author":2,"featured_media":1010824,"comment_status":"closed","ping_status":"closed","sticky":false,"template":"","format":"standard","meta":{"footnotes":""},"categories":[29],"tags":[37],"class_list":["post-1010823","post","type-post","status-publish","format-standard","has-post-thumbnail","hentry","category-kurdistan","tag-sereke"],"blocksy_meta":[],"seo_head":"<!-- This site is optimized with the Yoast SEO plugin v27.5 - https:\/\/yoast.com\/product\/yoast-seo-wordpress\/ -->\n<title>KONGIREYA YNK\u00ca BI YARIYA \u015eETRENC\u00ca DESTP\u00caKIR - Darka Maz\u00ee<\/title>\n<meta name=\"robots\" content=\"index, follow, max-snippet:-1, max-image-preview:large, max-video-preview:-1\" \/>\n<link rel=\"canonical\" href=\"https:\/\/darkamazi.info\/archives\/1010823\" \/>\n<meta property=\"og:locale\" content=\"en_US\" \/>\n<meta property=\"og:type\" content=\"article\" \/>\n<meta property=\"og:title\" content=\"KONGIREYA YNK\u00ca BI YARIYA \u015eETRENC\u00ca DESTP\u00caKIR - Darka Maz\u00ee\" \/>\n<meta property=\"og:description\" content=\"YNK\u00ca ENC\u00dbMENA BILIND YA SIYAS\u00ce \u00db 3 ENDAM\u00caN ENC\u00dbMENA SERKIRDATIY\u00ca DEST N\u00ce\u015eAN KIRIN Yek\u00eat\u00ee ya Ni\u015ft\u00eeman\u00ee ya Kurdistan\u00ea, \u00eero kongireya xwe ya 4m\u00een destp\u00eakir, l\u00ea pi\u015ft\u00ee ku kar\u00ean yekem roj bi daw\u00ee b\u00fbyn, e\u015fkere b\u00fb, kongire weke yariya \u015fetrenc\u00ea ye, l\u00ea yar\u00eeker li dervey hol\u00ea bir\u00eave diben \u00fb araste diken, hejmarke serkirdey\u00ean w\u00ea partiy\u00ea j\u00ee [&hellip;]\" \/>\n<meta property=\"og:url\" content=\"https:\/\/darkamazi.info\/archives\/1010823\" \/>\n<meta property=\"og:site_name\" content=\"Darka Maz\u00ee\" \/>\n<meta property=\"article:publisher\" content=\"https:\/\/www.facebook.com\/DarMaziKurmanci\" \/>\n<meta property=\"article:published_time\" content=\"2019-12-21T17:35:52+00:00\" \/>\n<meta property=\"og:image\" content=\"https:\/\/darkamazi.info\/file\/2019\/12\/YNK-3.jpg\" \/>\n\t<meta property=\"og:image:width\" content=\"1375\" \/>\n\t<meta property=\"og:image:height\" content=\"619\" \/>\n\t<meta property=\"og:image:type\" content=\"image\/jpeg\" \/>\n<meta name=\"author\" content=\"darka mazi\" \/>\n<meta name=\"twitter:card\" content=\"summary_large_image\" \/>\n<meta name=\"twitter:creator\" content=\"@DarkaMaziLatini\" \/>\n<meta name=\"twitter:site\" content=\"@DarkaMaziLatini\" \/>\n<meta name=\"twitter:label1\" content=\"Written by\" \/>\n\t<meta name=\"twitter:data1\" content=\"darka mazi\" \/>\n\t<meta name=\"twitter:label2\" content=\"Est. reading time\" \/>\n\t<meta name=\"twitter:data2\" content=\"3 minutes\" \/>\n<script type=\"application\/ld+json\" class=\"seo-schema-graph\">{\"@context\":\"https:\\\/\\\/schema.org\",\"@graph\":[{\"@type\":\"Article\",\"@id\":\"https:\\\/\\\/darkamazi.info\\\/archives\\\/1010823#article\",\"isPartOf\":{\"@id\":\"https:\\\/\\\/darkamazi.info\\\/archives\\\/1010823\"},\"author\":{\"name\":\"darka mazi\",\"@id\":\"https:\\\/\\\/darkamazi.info\\\/#\\\/schema\\\/person\\\/5ad3e24553a0567993fa8ed4bd0a776c\"},\"headline\":\"KONGIREYA YNK\u00ca BI YARIYA \u015eETRENC\u00ca DESTP\u00caKIR\",\"datePublished\":\"2019-12-21T17:35:52+00:00\",\"mainEntityOfPage\":{\"@id\":\"https:\\\/\\\/darkamazi.info\\\/archives\\\/1010823\"},\"wordCount\":592,\"publisher\":{\"@id\":\"https:\\\/\\\/darkamazi.info\\\/#organization\"},\"image\":{\"@id\":\"https:\\\/\\\/darkamazi.info\\\/archives\\\/1010823#primaryimage\"},\"thumbnailUrl\":\"https:\\\/\\\/darkamazi.info\\\/darka-content\\\/uploads\\\/2019\\\/12\\\/YNK-3.jpg\",\"keywords\":[\"sereke\"],\"articleSection\":[\"Kurdistan\"],\"inLanguage\":\"en-US\"},{\"@type\":\"WebPage\",\"@id\":\"https:\\\/\\\/darkamazi.info\\\/archives\\\/1010823\",\"url\":\"https:\\\/\\\/darkamazi.info\\\/archives\\\/1010823\",\"name\":\"KONGIREYA YNK\u00ca BI YARIYA \u015eETRENC\u00ca DESTP\u00caKIR - Darka Maz\u00ee\",\"isPartOf\":{\"@id\":\"https:\\\/\\\/darkamazi.info\\\/#website\"},\"primaryImageOfPage\":{\"@id\":\"https:\\\/\\\/darkamazi.info\\\/archives\\\/1010823#primaryimage\"},\"image\":{\"@id\":\"https:\\\/\\\/darkamazi.info\\\/archives\\\/1010823#primaryimage\"},\"thumbnailUrl\":\"https:\\\/\\\/darkamazi.info\\\/darka-content\\\/uploads\\\/2019\\\/12\\\/YNK-3.jpg\",\"datePublished\":\"2019-12-21T17:35:52+00:00\",\"breadcrumb\":{\"@id\":\"https:\\\/\\\/darkamazi.info\\\/archives\\\/1010823#breadcrumb\"},\"inLanguage\":\"en-US\",\"potentialAction\":[{\"@type\":\"ReadAction\",\"target\":[\"https:\\\/\\\/darkamazi.info\\\/archives\\\/1010823\"]}]},{\"@type\":\"ImageObject\",\"inLanguage\":\"en-US\",\"@id\":\"https:\\\/\\\/darkamazi.info\\\/archives\\\/1010823#primaryimage\",\"url\":\"https:\\\/\\\/darkamazi.info\\\/darka-content\\\/uploads\\\/2019\\\/12\\\/YNK-3.jpg\",\"contentUrl\":\"https:\\\/\\\/darkamazi.info\\\/darka-content\\\/uploads\\\/2019\\\/12\\\/YNK-3.jpg\",\"width\":1375,\"height\":619,\"caption\":\"KONGIREYA YNK\u00ca BI YARIYA \u015eETRENC\u00ca DESTP\u00caKIR\"},{\"@type\":\"BreadcrumbList\",\"@id\":\"https:\\\/\\\/darkamazi.info\\\/archives\\\/1010823#breadcrumb\",\"itemListElement\":[{\"@type\":\"ListItem\",\"position\":1,\"name\":\"Home\",\"item\":\"https:\\\/\\\/darkamazi.info\\\/\"},{\"@type\":\"ListItem\",\"position\":2,\"name\":\"KONGIREYA YNK\u00ca BI YARIYA \u015eETRENC\u00ca DESTP\u00caKIR\"}]},{\"@type\":\"WebSite\",\"@id\":\"https:\\\/\\\/darkamazi.info\\\/#website\",\"url\":\"https:\\\/\\\/darkamazi.info\\\/\",\"name\":\"Darka Maz\u00ee\",\"description\":\"P\u00eageha Zanyariy\u00ean Nebih\u00eest\u00ee\",\"publisher\":{\"@id\":\"https:\\\/\\\/darkamazi.info\\\/#organization\"},\"potentialAction\":[{\"@type\":\"SearchAction\",\"target\":{\"@type\":\"EntryPoint\",\"urlTemplate\":\"https:\\\/\\\/darkamazi.info\\\/?s={search_term_string}\"},\"query-input\":{\"@type\":\"PropertyValueSpecification\",\"valueRequired\":true,\"valueName\":\"search_term_string\"}}],\"inLanguage\":\"en-US\"},{\"@type\":\"Organization\",\"@id\":\"https:\\\/\\\/darkamazi.info\\\/#organization\",\"name\":\"Darka Maz\u00ee\",\"url\":\"https:\\\/\\\/darkamazi.info\\\/\",\"logo\":{\"@type\":\"ImageObject\",\"inLanguage\":\"en-US\",\"@id\":\"https:\\\/\\\/darkamazi.info\\\/#\\\/schema\\\/logo\\\/image\\\/\",\"url\":\"https:\\\/\\\/darkamazi.info\\\/darka-content\\\/uploads\\\/2017\\\/12\\\/darka-mazi-logo.png\",\"contentUrl\":\"https:\\\/\\\/darkamazi.info\\\/darka-content\\\/uploads\\\/2017\\\/12\\\/darka-mazi-logo.png\",\"width\":151,\"height\":75,\"caption\":\"Darka Maz\u00ee\"},\"image\":{\"@id\":\"https:\\\/\\\/darkamazi.info\\\/#\\\/schema\\\/logo\\\/image\\\/\"},\"sameAs\":[\"https:\\\/\\\/www.facebook.com\\\/DarMaziKurmanci\",\"https:\\\/\\\/x.com\\\/DarkaMaziLatini\",\"https:\\\/\\\/www.instagram.com\\\/darkamazi.kurmanci\\\/\",\"https:\\\/\\\/www.youtube.com\\\/channel\\\/UCa5HkTdmI8U1qCUFuTw8B2g\"]},{\"@type\":\"Person\",\"@id\":\"https:\\\/\\\/darkamazi.info\\\/#\\\/schema\\\/person\\\/5ad3e24553a0567993fa8ed4bd0a776c\",\"name\":\"darka mazi\",\"sameAs\":[\"https:\\\/\\\/darkamazi.info\\\/\"],\"url\":\"https:\\\/\\\/darkamazi.info\\\/archives\\\/author\\\/kurdi\"}]}<\/script>\n<!-- \/ Yoast SEO plugin. -->","seo_head_json":{"title":"KONGIREYA YNK\u00ca BI YARIYA \u015eETRENC\u00ca DESTP\u00caKIR - Darka Maz\u00ee","robots":{"index":"index","follow":"follow","max-snippet":"max-snippet:-1","max-image-preview":"max-image-preview:large","max-video-preview":"max-video-preview:-1"},"canonical":"https:\/\/darkamazi.info\/archives\/1010823","og_locale":"en_US","og_type":"article","og_title":"KONGIREYA YNK\u00ca BI YARIYA \u015eETRENC\u00ca DESTP\u00caKIR - Darka Maz\u00ee","og_description":"YNK\u00ca ENC\u00dbMENA BILIND YA SIYAS\u00ce \u00db 3 ENDAM\u00caN ENC\u00dbMENA SERKIRDATIY\u00ca DEST N\u00ce\u015eAN KIRIN Yek\u00eat\u00ee ya Ni\u015ft\u00eeman\u00ee ya Kurdistan\u00ea, \u00eero kongireya xwe ya 4m\u00een destp\u00eakir, l\u00ea pi\u015ft\u00ee ku kar\u00ean yekem roj bi daw\u00ee b\u00fbyn, e\u015fkere b\u00fb, kongire weke yariya \u015fetrenc\u00ea ye, l\u00ea yar\u00eeker li dervey hol\u00ea bir\u00eave diben \u00fb araste diken, hejmarke serkirdey\u00ean w\u00ea partiy\u00ea j\u00ee [&hellip;]","og_url":"https:\/\/darkamazi.info\/archives\/1010823","og_site_name":"Darka Maz\u00ee","article_publisher":"https:\/\/www.facebook.com\/DarMaziKurmanci","article_published_time":"2019-12-21T17:35:52+00:00","og_image":[{"width":1375,"height":619,"url":"https:\/\/darkamazi.info\/file\/2019\/12\/YNK-3.jpg","type":"image\/jpeg"}],"author":"darka mazi","twitter_card":"summary_large_image","twitter_creator":"@DarkaMaziLatini","twitter_site":"@DarkaMaziLatini","twitter_misc":{"Written by":"darka mazi","Est. reading time":"3 minutes"},"schema":{"@context":"https:\/\/schema.org","@graph":[{"@type":"Article","@id":"https:\/\/darkamazi.info\/archives\/1010823#article","isPartOf":{"@id":"https:\/\/darkamazi.info\/archives\/1010823"},"author":{"name":"darka mazi","@id":"https:\/\/darkamazi.info\/#\/schema\/person\/5ad3e24553a0567993fa8ed4bd0a776c"},"headline":"KONGIREYA YNK\u00ca BI YARIYA \u015eETRENC\u00ca DESTP\u00caKIR","datePublished":"2019-12-21T17:35:52+00:00","mainEntityOfPage":{"@id":"https:\/\/darkamazi.info\/archives\/1010823"},"wordCount":592,"publisher":{"@id":"https:\/\/darkamazi.info\/#organization"},"image":{"@id":"https:\/\/darkamazi.info\/archives\/1010823#primaryimage"},"thumbnailUrl":"https:\/\/darkamazi.info\/file\/2019\/12\/YNK-3.jpg","keywords":["sereke"],"articleSection":["Kurdistan"],"inLanguage":"en-US"},{"@type":"WebPage","@id":"https:\/\/darkamazi.info\/archives\/1010823","url":"https:\/\/darkamazi.info\/archives\/1010823","name":"KONGIREYA YNK\u00ca BI YARIYA \u015eETRENC\u00ca DESTP\u00caKIR - Darka Maz\u00ee","isPartOf":{"@id":"https:\/\/darkamazi.info\/#website"},"primaryImageOfPage":{"@id":"https:\/\/darkamazi.info\/archives\/1010823#primaryimage"},"image":{"@id":"https:\/\/darkamazi.info\/archives\/1010823#primaryimage"},"thumbnailUrl":"https:\/\/darkamazi.info\/file\/2019\/12\/YNK-3.jpg","datePublished":"2019-12-21T17:35:52+00:00","breadcrumb":{"@id":"https:\/\/darkamazi.info\/archives\/1010823#breadcrumb"},"inLanguage":"en-US","potentialAction":[{"@type":"ReadAction","target":["https:\/\/darkamazi.info\/archives\/1010823"]}]},{"@type":"ImageObject","inLanguage":"en-US","@id":"https:\/\/darkamazi.info\/archives\/1010823#primaryimage","url":"https:\/\/darkamazi.info\/file\/2019\/12\/YNK-3.jpg","contentUrl":"https:\/\/darkamazi.info\/file\/2019\/12\/YNK-3.jpg","width":1375,"height":619,"caption":"KONGIREYA YNK\u00ca BI YARIYA \u015eETRENC\u00ca DESTP\u00caKIR"},{"@type":"BreadcrumbList","@id":"https:\/\/darkamazi.info\/archives\/1010823#breadcrumb","itemListElement":[{"@type":"ListItem","position":1,"name":"Home","item":"https:\/\/darkamazi.info\/"},{"@type":"ListItem","position":2,"name":"KONGIREYA YNK\u00ca BI YARIYA \u015eETRENC\u00ca DESTP\u00caKIR"}]},{"@type":"WebSite","@id":"https:\/\/darkamazi.info\/#website","url":"https:\/\/darkamazi.info\/","name":"Darka Maz\u00ee","description":"P\u00eageha Zanyariy\u00ean Nebih\u00eest\u00ee","publisher":{"@id":"https:\/\/darkamazi.info\/#organization"},"potentialAction":[{"@type":"SearchAction","target":{"@type":"EntryPoint","urlTemplate":"https:\/\/darkamazi.info\/?s={search_term_string}"},"query-input":{"@type":"PropertyValueSpecification","valueRequired":true,"valueName":"search_term_string"}}],"inLanguage":"en-US"},{"@type":"Organization","@id":"https:\/\/darkamazi.info\/#organization","name":"Darka Maz\u00ee","url":"https:\/\/darkamazi.info\/","logo":{"@type":"ImageObject","inLanguage":"en-US","@id":"https:\/\/darkamazi.info\/#\/schema\/logo\/image\/","url":"https:\/\/darkamazi.info\/file\/2017\/12\/darka-mazi-logo.png","contentUrl":"https:\/\/darkamazi.info\/file\/2017\/12\/darka-mazi-logo.png","width":151,"height":75,"caption":"Darka Maz\u00ee"},"image":{"@id":"https:\/\/darkamazi.info\/#\/schema\/logo\/image\/"},"sameAs":["https:\/\/www.facebook.com\/DarMaziKurmanci","https:\/\/x.com\/DarkaMaziLatini","https:\/\/www.instagram.com\/darkamazi.kurmanci\/","https:\/\/www.youtube.com\/channel\/UCa5HkTdmI8U1qCUFuTw8B2g"]},{"@type":"Person","@id":"https:\/\/darkamazi.info\/#\/schema\/person\/5ad3e24553a0567993fa8ed4bd0a776c","name":"darka mazi","sameAs":["https:\/\/darkamazi.info\/"],"url":"https:\/\/darkamazi.info\/archives\/author\/kurdi"}]}},"_links":{"self":[{"href":"https:\/\/darkamazi.info\/funavuv\/wp\/v2\/posts\/1010823","targetHints":{"allow":["GET"]}}],"collection":[{"href":"https:\/\/darkamazi.info\/funavuv\/wp\/v2\/posts"}],"about":[{"href":"https:\/\/darkamazi.info\/funavuv\/wp\/v2\/types\/post"}],"author":[{"embeddable":true,"href":"https:\/\/darkamazi.info\/funavuv\/wp\/v2\/users\/2"}],"replies":[{"embeddable":true,"href":"https:\/\/darkamazi.info\/funavuv\/wp\/v2\/comments?post=1010823"}],"version-history":[{"count":0,"href":"https:\/\/darkamazi.info\/funavuv\/wp\/v2\/posts\/1010823\/revisions"}],"wp:featuredmedia":[{"embeddable":true,"href":"https:\/\/darkamazi.info\/funavuv\/wp\/v2\/media\/1010824"}],"wp:attachment":[{"href":"https:\/\/darkamazi.info\/funavuv\/wp\/v2\/media?parent=1010823"}],"wp:term":[{"taxonomy":"category","embeddable":true,"href":"https:\/\/darkamazi.info\/funavuv\/wp\/v2\/categories?post=1010823"},{"taxonomy":"post_tag","embeddable":true,"href":"https:\/\/darkamazi.info\/funavuv\/wp\/v2\/tags?post=1010823"}],"curies":[{"name":"wp","href":"https:\/\/api.w.org\/{rel}","templated":true}]}}