{"id":1010867,"date":"2019-12-24T20:02:33","date_gmt":"2019-12-24T17:02:33","guid":{"rendered":"https:\/\/darkamazi.info\/?p=1010867"},"modified":"2019-12-24T20:02:33","modified_gmt":"2019-12-24T17:02:33","slug":"ereban-careke-din-siyaseta-pirani-li-diji-kurdan-bikar-ani","status":"publish","type":"post","link":"https:\/\/darkamazi.info\/archives\/1010867","title":{"rendered":"EREBAN CAREKE DIN SIYASETA PIRAN\u00ce LI DIJ\u00ce KURDAN BIKAR AN\u00ce"},"content":{"rendered":"<h3 style=\"text-align: center\"><span style=\"font-family: 'arial black', sans-serif;color: #808080\">Pejirandina qan\u00fbna hilbijartin\u00ea zenga xetereyeke mezine<\/span><\/h3>\n<h3 style=\"text-align: left\">\n<span style=\"font-family: 'arial black', sans-serif\">Parlemena \u00ceraq\u00ea \u00eero ji bo pejirandina qan\u00fbna hilbijartinan civ\u00eeya \u00fb li gel destp\u00eakirina dengdan\u00ea, parlementer\u00ean kurd hola civ\u00een\u00ea bi c\u00ee hi\u015ftin \u00fb maddey\u00ean 15 \u00fb 16 b\u00ea rezamend\u00ee ya wan hatin pejirandin, kurd j\u00ee v\u00ea yek\u00ea bi xetereyeke mezin dib\u00eenin.<\/span><\/h3>\n<h3 style=\"text-align: justify\">\nParlemena \u00ceraq\u00ea \u00eero roja s\u00ea\u015fem\u00ee 24\/12\/2019an li derbara qan\u00fbna ser rast kir\u00ee ya hilbijartin\u00ean \u00ceraq\u00ea civ\u00eeya \u00fb b\u00ea rezamend\u00ee ya parlementer\u00ean kurd, maddey\u00ean 15 \u00fb 16 ku nakok\u00ee li ser hene hatin pejirandin \u00fb parlementer\u00ean kurd hola civ\u00een\u00ea ya parlamentoy\u00ea bi c\u00ee hi\u015ftin.<\/h3>\n<h3 style=\"text-align: justify\">\nMaddeya 15 ya qan\u00fbna hilbijartin\u00ean \u00ceraq\u00ea taybet bi baziney\u00ean hilbijartinan ve ku li ser esasa nav\u00e7eyan hatiye danan ku li her nav\u00e7e \u00fb par\u00eazgehek\u00ea yek bazine nabe belku w\u00ea gelek bazine hebin, hemwext maddeya 16\u00ea j\u00ee gir\u00eaday\u00ee kotaya jinane ku r\u00eajeya 25% ji bo jin\u00ea hatiye dest n\u00ee\u015fan kirin.<\/h3>\n<h3 style=\"text-align: justify\">\nLi gor zanyariy\u00ean p\u00eageha Darka Maz\u00ee parlementer\u00ean kurd li gel destp\u00eakirina dengdan\u00ea li ser qan\u00fbna hilbijartin\u00ea ji hola parlamentoy\u00ea derketin, l\u00ea bel\u00ea r\u00eajeya qan\u00fbn\u00ee ya r\u00fbni\u015ftin\u00ea nehat \u015fikandin \u00fb dengdan li ser wan maddey\u00ean nakok hat kirin.<\/h3>\n<h3 style=\"text-align: justify\">\nParlementer\u00ean kurd e\u015fkere kirin ku maddey\u00ean 15 \u00fb 16 li ser esasa piraniya dengan hatin pejirandin, ne li ser esasa berjewendiya aliyan, ev yek j\u00ee w\u00ea zirar\u00ea li part\u00eey\u00ean bi\u00e7\u00fbk bike.<br \/>\nParlemena \u00ceraq\u00ea di civ\u00eena xwe ya heft\u00eeya rab\u00fbr\u00ee de, ji sercema 50 maddey\u00ean qan\u00fbna hilbijartin\u00ea, 14 madde pejirandin \u00fb \u00eero ji bo pejirandina maddey\u00ean may\u00ee civ\u00eeya, kurdan t\u00eab\u00een\u00ee li ser maddey\u00ean 15 \u00fb 16 heb\u00fb, ji ber ku ew dib\u00eenin ku z\u00eeyan d\u00ea ji bi\u00e7\u00fbk kirina baziney\u00ean hilbijartinan hebe.<\/h3>\n<h3 style=\"text-align: center\">\n<span style=\"font-family: 'arial black', sans-serif;color: #808080\">Luj\u00eeka piran\u00ee \u00fb ku\u015ftina hevpi\u015fkiy\u00ea<\/span><\/h3>\n<h3 style=\"text-align: justify\">\nParlementer\u00ean kurd li parlamentoya \u00ceraq\u00ea ner\u00eena wan wihaye ku bi pejirandina maddey\u00ean 15 \u00fb 16 y\u00ean qan\u00fbna hilbijartinan, xebereke mezin dikeve ser piroseya siyas\u00ee, ji ber ku bi ku\u015ftin ji bo w\u00ea hevpi\u015fkiy\u00ea t\u00ea hejmartin ewa ji sala 2003\u00ea wilat p\u00ea t\u00ea bir\u00eavebirin.<br \/>\nSerkirdatiya Her\u00eama Ba\u015f\u00fbr\u00ea Kurdistan\u00ea ji destp\u00eaka ava b\u00fbna \u00ceraqa federal, tekez\u00ee li ser pabend b\u00fbna bi dest\u00fbra wilat kir\u00eeye \u00fb hemwext hevpi\u015fkiy\u00ea di r\u00eave birina wilat de, loj\u00eek \u00fb siyaseta piran\u00ee j\u00ee bi hem\u00fb awayek\u00ee ret kir\u00eeye \u00fb dij rawestaye.<br \/>\nParlementer\u00ean kurdistan\u00ea e\u015fkere kirin, kuwal\u00eesyon\u00ean kurdistan\u00ee li parlamentoya \u00ceraq\u00ea w\u00ea bicivin \u00fb helwestek\u00ea li ser derbas kirina maddey\u00ean 15 \u00fb 16 y\u00ean qan\u00fbna hilbijartin\u00ea b\u00ea rezamend\u00ee ya kurdan wergirin.<\/h3>\n","protected":false},"excerpt":{"rendered":"<p>Pejirandina qan\u00fbna hilbijartin\u00ea zenga xetereyeke mezine Parlemena \u00ceraq\u00ea \u00eero ji bo pejirandina qan\u00fbna hilbijartinan civ\u00eeya \u00fb li gel destp\u00eakirina dengdan\u00ea, parlementer\u00ean kurd hola civ\u00een\u00ea bi c\u00ee hi\u015ftin \u00fb maddey\u00ean 15 \u00fb 16 b\u00ea rezamend\u00ee ya wan hatin pejirandin, kurd j\u00ee v\u00ea yek\u00ea bi xetereyeke mezin dib\u00eenin. Parlemena \u00ceraq\u00ea \u00eero roja s\u00ea\u015fem\u00ee 24\/12\/2019an li derbara qan\u00fbna [&hellip;]<\/p>\n","protected":false},"author":2,"featured_media":1010868,"comment_status":"closed","ping_status":"closed","sticky":false,"template":"","format":"standard","meta":{"footnotes":""},"categories":[31],"tags":[],"class_list":["post-1010867","post","type-post","status-publish","format-standard","has-post-thumbnail","hentry","category-rojhelata-navin"],"blocksy_meta":[],"seo_head":"<!-- This site is optimized with the Yoast SEO plugin v27.5 - https:\/\/yoast.com\/product\/yoast-seo-wordpress\/ -->\n<title>EREBAN CAREKE DIN SIYASETA PIRAN\u00ce LI DIJ\u00ce KURDAN BIKAR AN\u00ce - Darka Maz\u00ee<\/title>\n<meta name=\"robots\" content=\"index, follow, max-snippet:-1, max-image-preview:large, max-video-preview:-1\" \/>\n<link rel=\"canonical\" href=\"https:\/\/darkamazi.info\/archives\/1010867\" \/>\n<meta property=\"og:locale\" content=\"en_US\" \/>\n<meta property=\"og:type\" content=\"article\" \/>\n<meta property=\"og:title\" content=\"EREBAN CAREKE DIN SIYASETA PIRAN\u00ce LI DIJ\u00ce KURDAN BIKAR AN\u00ce - Darka Maz\u00ee\" \/>\n<meta property=\"og:description\" content=\"Pejirandina qan\u00fbna hilbijartin\u00ea zenga xetereyeke mezine Parlemena \u00ceraq\u00ea \u00eero ji bo pejirandina qan\u00fbna hilbijartinan civ\u00eeya \u00fb li gel destp\u00eakirina dengdan\u00ea, parlementer\u00ean kurd hola civ\u00een\u00ea bi c\u00ee hi\u015ftin \u00fb maddey\u00ean 15 \u00fb 16 b\u00ea rezamend\u00ee ya wan hatin pejirandin, kurd j\u00ee v\u00ea yek\u00ea bi xetereyeke mezin dib\u00eenin. Parlemena \u00ceraq\u00ea \u00eero roja s\u00ea\u015fem\u00ee 24\/12\/2019an li derbara qan\u00fbna [&hellip;]\" \/>\n<meta property=\"og:url\" content=\"https:\/\/darkamazi.info\/archives\/1010867\" \/>\n<meta property=\"og:site_name\" content=\"Darka Maz\u00ee\" \/>\n<meta property=\"article:publisher\" content=\"https:\/\/www.facebook.com\/DarMaziKurmanci\" \/>\n<meta property=\"article:published_time\" content=\"2019-12-24T17:02:33+00:00\" \/>\n<meta property=\"og:image\" content=\"https:\/\/darkamazi.info\/file\/2019\/12\/par44.jpg\" \/>\n\t<meta property=\"og:image:width\" content=\"850\" \/>\n\t<meta property=\"og:image:height\" content=\"567\" \/>\n\t<meta property=\"og:image:type\" content=\"image\/jpeg\" \/>\n<meta name=\"author\" content=\"darka mazi\" \/>\n<meta name=\"twitter:card\" content=\"summary_large_image\" \/>\n<meta name=\"twitter:creator\" content=\"@DarkaMaziLatini\" \/>\n<meta name=\"twitter:site\" content=\"@DarkaMaziLatini\" \/>\n<meta name=\"twitter:label1\" content=\"Written by\" \/>\n\t<meta name=\"twitter:data1\" content=\"darka mazi\" \/>\n\t<meta name=\"twitter:label2\" content=\"Est. reading time\" \/>\n\t<meta name=\"twitter:data2\" content=\"2 minutes\" \/>\n<script type=\"application\/ld+json\" class=\"seo-schema-graph\">{\"@context\":\"https:\\\/\\\/schema.org\",\"@graph\":[{\"@type\":\"Article\",\"@id\":\"https:\\\/\\\/darkamazi.info\\\/archives\\\/1010867#article\",\"isPartOf\":{\"@id\":\"https:\\\/\\\/darkamazi.info\\\/archives\\\/1010867\"},\"author\":{\"name\":\"darka mazi\",\"@id\":\"https:\\\/\\\/darkamazi.info\\\/#\\\/schema\\\/person\\\/5ad3e24553a0567993fa8ed4bd0a776c\"},\"headline\":\"EREBAN CAREKE DIN SIYASETA PIRAN\u00ce LI DIJ\u00ce KURDAN BIKAR AN\u00ce\",\"datePublished\":\"2019-12-24T17:02:33+00:00\",\"mainEntityOfPage\":{\"@id\":\"https:\\\/\\\/darkamazi.info\\\/archives\\\/1010867\"},\"wordCount\":432,\"publisher\":{\"@id\":\"https:\\\/\\\/darkamazi.info\\\/#organization\"},\"image\":{\"@id\":\"https:\\\/\\\/darkamazi.info\\\/archives\\\/1010867#primaryimage\"},\"thumbnailUrl\":\"https:\\\/\\\/darkamazi.info\\\/darka-content\\\/uploads\\\/2019\\\/12\\\/par44.jpg\",\"articleSection\":[\"Rojhelata nav\u00een\"],\"inLanguage\":\"en-US\"},{\"@type\":\"WebPage\",\"@id\":\"https:\\\/\\\/darkamazi.info\\\/archives\\\/1010867\",\"url\":\"https:\\\/\\\/darkamazi.info\\\/archives\\\/1010867\",\"name\":\"EREBAN CAREKE DIN SIYASETA PIRAN\u00ce LI DIJ\u00ce KURDAN BIKAR AN\u00ce - Darka Maz\u00ee\",\"isPartOf\":{\"@id\":\"https:\\\/\\\/darkamazi.info\\\/#website\"},\"primaryImageOfPage\":{\"@id\":\"https:\\\/\\\/darkamazi.info\\\/archives\\\/1010867#primaryimage\"},\"image\":{\"@id\":\"https:\\\/\\\/darkamazi.info\\\/archives\\\/1010867#primaryimage\"},\"thumbnailUrl\":\"https:\\\/\\\/darkamazi.info\\\/darka-content\\\/uploads\\\/2019\\\/12\\\/par44.jpg\",\"datePublished\":\"2019-12-24T17:02:33+00:00\",\"breadcrumb\":{\"@id\":\"https:\\\/\\\/darkamazi.info\\\/archives\\\/1010867#breadcrumb\"},\"inLanguage\":\"en-US\",\"potentialAction\":[{\"@type\":\"ReadAction\",\"target\":[\"https:\\\/\\\/darkamazi.info\\\/archives\\\/1010867\"]}]},{\"@type\":\"ImageObject\",\"inLanguage\":\"en-US\",\"@id\":\"https:\\\/\\\/darkamazi.info\\\/archives\\\/1010867#primaryimage\",\"url\":\"https:\\\/\\\/darkamazi.info\\\/darka-content\\\/uploads\\\/2019\\\/12\\\/par44.jpg\",\"contentUrl\":\"https:\\\/\\\/darkamazi.info\\\/darka-content\\\/uploads\\\/2019\\\/12\\\/par44.jpg\",\"width\":850,\"height\":567,\"caption\":\"EREBAN CAREKE DIN SIYASETA PIRAN\u00ce LI DIJ\u00ce KURDAN BIKAR AN\u00ce\"},{\"@type\":\"BreadcrumbList\",\"@id\":\"https:\\\/\\\/darkamazi.info\\\/archives\\\/1010867#breadcrumb\",\"itemListElement\":[{\"@type\":\"ListItem\",\"position\":1,\"name\":\"Home\",\"item\":\"https:\\\/\\\/darkamazi.info\\\/\"},{\"@type\":\"ListItem\",\"position\":2,\"name\":\"EREBAN CAREKE DIN SIYASETA PIRAN\u00ce LI DIJ\u00ce KURDAN BIKAR AN\u00ce\"}]},{\"@type\":\"WebSite\",\"@id\":\"https:\\\/\\\/darkamazi.info\\\/#website\",\"url\":\"https:\\\/\\\/darkamazi.info\\\/\",\"name\":\"Darka Maz\u00ee\",\"description\":\"P\u00eageha Zanyariy\u00ean Nebih\u00eest\u00ee\",\"publisher\":{\"@id\":\"https:\\\/\\\/darkamazi.info\\\/#organization\"},\"potentialAction\":[{\"@type\":\"SearchAction\",\"target\":{\"@type\":\"EntryPoint\",\"urlTemplate\":\"https:\\\/\\\/darkamazi.info\\\/?s={search_term_string}\"},\"query-input\":{\"@type\":\"PropertyValueSpecification\",\"valueRequired\":true,\"valueName\":\"search_term_string\"}}],\"inLanguage\":\"en-US\"},{\"@type\":\"Organization\",\"@id\":\"https:\\\/\\\/darkamazi.info\\\/#organization\",\"name\":\"Darka Maz\u00ee\",\"url\":\"https:\\\/\\\/darkamazi.info\\\/\",\"logo\":{\"@type\":\"ImageObject\",\"inLanguage\":\"en-US\",\"@id\":\"https:\\\/\\\/darkamazi.info\\\/#\\\/schema\\\/logo\\\/image\\\/\",\"url\":\"https:\\\/\\\/darkamazi.info\\\/darka-content\\\/uploads\\\/2017\\\/12\\\/darka-mazi-logo.png\",\"contentUrl\":\"https:\\\/\\\/darkamazi.info\\\/darka-content\\\/uploads\\\/2017\\\/12\\\/darka-mazi-logo.png\",\"width\":151,\"height\":75,\"caption\":\"Darka Maz\u00ee\"},\"image\":{\"@id\":\"https:\\\/\\\/darkamazi.info\\\/#\\\/schema\\\/logo\\\/image\\\/\"},\"sameAs\":[\"https:\\\/\\\/www.facebook.com\\\/DarMaziKurmanci\",\"https:\\\/\\\/x.com\\\/DarkaMaziLatini\",\"https:\\\/\\\/www.instagram.com\\\/darkamazi.kurmanci\\\/\",\"https:\\\/\\\/www.youtube.com\\\/channel\\\/UCa5HkTdmI8U1qCUFuTw8B2g\"]},{\"@type\":\"Person\",\"@id\":\"https:\\\/\\\/darkamazi.info\\\/#\\\/schema\\\/person\\\/5ad3e24553a0567993fa8ed4bd0a776c\",\"name\":\"darka mazi\",\"sameAs\":[\"https:\\\/\\\/darkamazi.info\\\/\"],\"url\":\"https:\\\/\\\/darkamazi.info\\\/archives\\\/author\\\/kurdi\"}]}<\/script>\n<!-- \/ Yoast SEO plugin. -->","seo_head_json":{"title":"EREBAN CAREKE DIN SIYASETA PIRAN\u00ce LI DIJ\u00ce KURDAN BIKAR AN\u00ce - Darka Maz\u00ee","robots":{"index":"index","follow":"follow","max-snippet":"max-snippet:-1","max-image-preview":"max-image-preview:large","max-video-preview":"max-video-preview:-1"},"canonical":"https:\/\/darkamazi.info\/archives\/1010867","og_locale":"en_US","og_type":"article","og_title":"EREBAN CAREKE DIN SIYASETA PIRAN\u00ce LI DIJ\u00ce KURDAN BIKAR AN\u00ce - Darka Maz\u00ee","og_description":"Pejirandina qan\u00fbna hilbijartin\u00ea zenga xetereyeke mezine Parlemena \u00ceraq\u00ea \u00eero ji bo pejirandina qan\u00fbna hilbijartinan civ\u00eeya \u00fb li gel destp\u00eakirina dengdan\u00ea, parlementer\u00ean kurd hola civ\u00een\u00ea bi c\u00ee hi\u015ftin \u00fb maddey\u00ean 15 \u00fb 16 b\u00ea rezamend\u00ee ya wan hatin pejirandin, kurd j\u00ee v\u00ea yek\u00ea bi xetereyeke mezin dib\u00eenin. Parlemena \u00ceraq\u00ea \u00eero roja s\u00ea\u015fem\u00ee 24\/12\/2019an li derbara qan\u00fbna [&hellip;]","og_url":"https:\/\/darkamazi.info\/archives\/1010867","og_site_name":"Darka Maz\u00ee","article_publisher":"https:\/\/www.facebook.com\/DarMaziKurmanci","article_published_time":"2019-12-24T17:02:33+00:00","og_image":[{"width":850,"height":567,"url":"https:\/\/darkamazi.info\/file\/2019\/12\/par44.jpg","type":"image\/jpeg"}],"author":"darka mazi","twitter_card":"summary_large_image","twitter_creator":"@DarkaMaziLatini","twitter_site":"@DarkaMaziLatini","twitter_misc":{"Written by":"darka mazi","Est. reading time":"2 minutes"},"schema":{"@context":"https:\/\/schema.org","@graph":[{"@type":"Article","@id":"https:\/\/darkamazi.info\/archives\/1010867#article","isPartOf":{"@id":"https:\/\/darkamazi.info\/archives\/1010867"},"author":{"name":"darka mazi","@id":"https:\/\/darkamazi.info\/#\/schema\/person\/5ad3e24553a0567993fa8ed4bd0a776c"},"headline":"EREBAN CAREKE DIN SIYASETA PIRAN\u00ce LI DIJ\u00ce KURDAN BIKAR AN\u00ce","datePublished":"2019-12-24T17:02:33+00:00","mainEntityOfPage":{"@id":"https:\/\/darkamazi.info\/archives\/1010867"},"wordCount":432,"publisher":{"@id":"https:\/\/darkamazi.info\/#organization"},"image":{"@id":"https:\/\/darkamazi.info\/archives\/1010867#primaryimage"},"thumbnailUrl":"https:\/\/darkamazi.info\/file\/2019\/12\/par44.jpg","articleSection":["Rojhelata nav\u00een"],"inLanguage":"en-US"},{"@type":"WebPage","@id":"https:\/\/darkamazi.info\/archives\/1010867","url":"https:\/\/darkamazi.info\/archives\/1010867","name":"EREBAN CAREKE DIN SIYASETA PIRAN\u00ce LI DIJ\u00ce KURDAN BIKAR AN\u00ce - Darka Maz\u00ee","isPartOf":{"@id":"https:\/\/darkamazi.info\/#website"},"primaryImageOfPage":{"@id":"https:\/\/darkamazi.info\/archives\/1010867#primaryimage"},"image":{"@id":"https:\/\/darkamazi.info\/archives\/1010867#primaryimage"},"thumbnailUrl":"https:\/\/darkamazi.info\/file\/2019\/12\/par44.jpg","datePublished":"2019-12-24T17:02:33+00:00","breadcrumb":{"@id":"https:\/\/darkamazi.info\/archives\/1010867#breadcrumb"},"inLanguage":"en-US","potentialAction":[{"@type":"ReadAction","target":["https:\/\/darkamazi.info\/archives\/1010867"]}]},{"@type":"ImageObject","inLanguage":"en-US","@id":"https:\/\/darkamazi.info\/archives\/1010867#primaryimage","url":"https:\/\/darkamazi.info\/file\/2019\/12\/par44.jpg","contentUrl":"https:\/\/darkamazi.info\/file\/2019\/12\/par44.jpg","width":850,"height":567,"caption":"EREBAN CAREKE DIN SIYASETA PIRAN\u00ce LI DIJ\u00ce KURDAN BIKAR AN\u00ce"},{"@type":"BreadcrumbList","@id":"https:\/\/darkamazi.info\/archives\/1010867#breadcrumb","itemListElement":[{"@type":"ListItem","position":1,"name":"Home","item":"https:\/\/darkamazi.info\/"},{"@type":"ListItem","position":2,"name":"EREBAN CAREKE DIN SIYASETA PIRAN\u00ce LI DIJ\u00ce KURDAN BIKAR AN\u00ce"}]},{"@type":"WebSite","@id":"https:\/\/darkamazi.info\/#website","url":"https:\/\/darkamazi.info\/","name":"Darka Maz\u00ee","description":"P\u00eageha Zanyariy\u00ean Nebih\u00eest\u00ee","publisher":{"@id":"https:\/\/darkamazi.info\/#organization"},"potentialAction":[{"@type":"SearchAction","target":{"@type":"EntryPoint","urlTemplate":"https:\/\/darkamazi.info\/?s={search_term_string}"},"query-input":{"@type":"PropertyValueSpecification","valueRequired":true,"valueName":"search_term_string"}}],"inLanguage":"en-US"},{"@type":"Organization","@id":"https:\/\/darkamazi.info\/#organization","name":"Darka Maz\u00ee","url":"https:\/\/darkamazi.info\/","logo":{"@type":"ImageObject","inLanguage":"en-US","@id":"https:\/\/darkamazi.info\/#\/schema\/logo\/image\/","url":"https:\/\/darkamazi.info\/file\/2017\/12\/darka-mazi-logo.png","contentUrl":"https:\/\/darkamazi.info\/file\/2017\/12\/darka-mazi-logo.png","width":151,"height":75,"caption":"Darka Maz\u00ee"},"image":{"@id":"https:\/\/darkamazi.info\/#\/schema\/logo\/image\/"},"sameAs":["https:\/\/www.facebook.com\/DarMaziKurmanci","https:\/\/x.com\/DarkaMaziLatini","https:\/\/www.instagram.com\/darkamazi.kurmanci\/","https:\/\/www.youtube.com\/channel\/UCa5HkTdmI8U1qCUFuTw8B2g"]},{"@type":"Person","@id":"https:\/\/darkamazi.info\/#\/schema\/person\/5ad3e24553a0567993fa8ed4bd0a776c","name":"darka mazi","sameAs":["https:\/\/darkamazi.info\/"],"url":"https:\/\/darkamazi.info\/archives\/author\/kurdi"}]}},"_links":{"self":[{"href":"https:\/\/darkamazi.info\/funavuv\/wp\/v2\/posts\/1010867","targetHints":{"allow":["GET"]}}],"collection":[{"href":"https:\/\/darkamazi.info\/funavuv\/wp\/v2\/posts"}],"about":[{"href":"https:\/\/darkamazi.info\/funavuv\/wp\/v2\/types\/post"}],"author":[{"embeddable":true,"href":"https:\/\/darkamazi.info\/funavuv\/wp\/v2\/users\/2"}],"replies":[{"embeddable":true,"href":"https:\/\/darkamazi.info\/funavuv\/wp\/v2\/comments?post=1010867"}],"version-history":[{"count":0,"href":"https:\/\/darkamazi.info\/funavuv\/wp\/v2\/posts\/1010867\/revisions"}],"wp:featuredmedia":[{"embeddable":true,"href":"https:\/\/darkamazi.info\/funavuv\/wp\/v2\/media\/1010868"}],"wp:attachment":[{"href":"https:\/\/darkamazi.info\/funavuv\/wp\/v2\/media?parent=1010867"}],"wp:term":[{"taxonomy":"category","embeddable":true,"href":"https:\/\/darkamazi.info\/funavuv\/wp\/v2\/categories?post=1010867"},{"taxonomy":"post_tag","embeddable":true,"href":"https:\/\/darkamazi.info\/funavuv\/wp\/v2\/tags?post=1010867"}],"curies":[{"name":"wp","href":"https:\/\/api.w.org\/{rel}","templated":true}]}}