{"id":1010883,"date":"2019-12-25T14:28:06","date_gmt":"2019-12-25T11:28:06","guid":{"rendered":"https:\/\/darkamazi.info\/?p=1010883"},"modified":"2021-10-05T13:15:40","modified_gmt":"2021-10-05T10:15:40","slug":"pkke-di-salvegera-komkujiya-merese-de-soz-dide-xebate-ji-bo-tirkiye-bike","status":"publish","type":"post","link":"https:\/\/darkamazi.info\/archives\/1010883","title":{"rendered":"PKK di salvegera komkujiya Mere\u015f\u00ea de soz dide xebat\u00ea ji bo tirkiy\u00ea bike"},"content":{"rendered":"<h3 style=\"text-align: justify\"><span style=\"font-family: 'arial black', sans-serif\">Pi\u015ft\u00ee derbasb\u00fbna 6 roja li ser komkujiya Mere\u015f\u00ea ku p\u00eatir ji 500 Kurd\u00ean Elew\u00ee t\u00eade hatb\u00fbn komkuj kirin, ji n\u00fb part\u00eeya karker\u00ean kurdistan\u00ea ku xwe bi xwediya doza gel dib\u00eene, fikir li v\u00ea komkujiy\u00ea kir \u00fb beyanek di salvegera 41an ya v\u00ea komkujiy\u00ea de parvekir.<\/span><\/h3>\n<h3 style=\"text-align: justify\">Hevseroktiya Konseya R\u00eaveber a koma civak\u00ean Kurdistan\u00ea KCK\u2019\u00ea seywana siyas\u00ee ya part\u00eeya karker\u00ean kurdistan\u00ea PKK\u2019\u00ea, \u00eero roja \u00e7ar\u015fem\u00ee 25\/12\/2019an beyanek di salvegera 41\u00ea ya komkujiya Mere\u015f\u00ea de we\u015fand, her \u00e7end ku KCK\u2019\u00ea ev komkuj\u00ee \u015fermezar kir\u00eeye, l\u00ea bel\u00ea pirs ewe, gelo \u00e7ima pi\u015ft\u00ee derbasb\u00fbna 6 rojan ji v\u00ea komkujiya di rasta kurd\u00ean Elew\u00ee de hat\u00ee ku li 19 d\u00eesambera sala 1978an dest p\u00ea kir b\u00fb, ji n\u00fb KCK\u2019\u00ea fikir li b\u00eeran\u00eena \u015feh\u00eed\u00ean v\u00ea komkujiy\u00ea kir.<\/h3>\n<h3 style=\"text-align: justify\">KCK\u2019\u00ea diyar ku komkujiya Mere\u015f\u00ea div\u00ea ten\u00ea weke komkujiya li ser kurd\u00ean Elew\u00ee ney\u00ea d\u00eetin \u00fb dest n\u00ee\u015fan kir teku\u015f\u00eena pir al\u00ee w\u00ea bidome.<\/h3>\n<h3 style=\"text-align: justify\">KCK\u2019\u00ea di be\u015feke din ya beyana xwe de soza xebata ji bo Tirkiy\u00ea dupat kir\u00eeye \u00fb gotiye: &#8220;di salvegera 41an ya komkujiya Mere\u015f\u00ea de, em hem\u00fb kurd\u00ean Elew\u00ee \u00fb \u015fori\u015fg\u00ear\u00ean ku \u015feh\u00eed b\u00fbne bi r\u00eazdar\u00ee ve li b\u00eer t\u00eenin, em d\u00eesa sond dixun ku em\u00ea li teko\u015f\u00eena xwe ya jibo Tirkiyeya demokrat\u00eek bidom\u00eenin&#8221;.<\/h3>\n<h3 style=\"text-align: justify\">Li 19 meha d\u00eesambera sala 1978\u00ea, h\u00eaz\u00ean dewleta dag\u00eerkera Tirk li Bakur\u00ea Kurdistan\u00ea \u00fb li bajar\u00ea Mere\u015f\u00ea, kurd\u00ean Elew\u00ee armanc kirin, n\u00eaz\u00eek\u00ee 500 kurdan bi e\u015fkenc\u00ea ku\u015ftin, doz\u00ean li derbara v\u00ea komkujiy\u00ea heya sala 1991\u00ea berdewam kirin.<\/h3>\n<h3 style=\"text-align: justify\">Li Mere\u015f\u00ea h\u00eaz\u00ean gir\u00eaday\u00ee dewlet\u00ea p\u00eelanek bikar an\u00ee \u00fb wan dest bi komkujiyeke dijwar li ser kurd\u00ean Elew\u00ee kir, destp\u00eaka b\u00fbyer\u00ea li roja 19\/12\/1978\u00ea b\u00fb wexta ku di nava &#8220;s\u00eenema rastgiran&#8221; da teq\u00eenek \u00e7\u00eab\u00fby, ew teq\u00een bi dest\u00ea dewlet\u00ea \u00fb aliy\u00ean rastgir hatb\u00fb plan kirin, ji bo ku behaneya komkujiy\u00ea bih\u00eat dirist kirin \u00fb bi v\u00ea behaney\u00ea \u00ear\u00ee\u015f\u00ean li ser tax\u00ean kurdan destp\u00eakirin, li heman roj\u00ea 3 kurd\u00ean Elew\u00ee hatin ku\u015ftin \u00fb Tirk\u00ean Sinne neh\u00ealan cenazeyan rakin \u00fb li mizgeft\u00ea bi\u015f\u00fbn, di navbera kurdan \u00fb rastgir\u00ean Tirk\u00ean fa\u015f\u00eest \u015fer\u00ea kolanan destp\u00eakir, heya li hinek mizgeftan j\u00ee melay\u00ean Tirk dest bi fetway\u00ea kirin \u00fb digotin:&#8221;k\u00ee Elewyek\u00ee bikuje beranber\u00ee 5 hecane&#8221;.<\/h3>\n","protected":false},"excerpt":{"rendered":"<p>Pi\u015ft\u00ee derbasb\u00fbna 6 roja li ser komkujiya Mere\u015f\u00ea ku p\u00eatir ji 500 Kurd\u00ean Elew\u00ee t\u00eade hatb\u00fbn komkuj kirin, ji n\u00fb part\u00eeya karker\u00ean kurdistan\u00ea ku xwe bi xwediya doza gel dib\u00eene, fikir li v\u00ea komkujiy\u00ea kir \u00fb beyanek di salvegera 41an ya v\u00ea komkujiy\u00ea de parvekir. Hevseroktiya Konseya R\u00eaveber a koma civak\u00ean Kurdistan\u00ea KCK\u2019\u00ea seywana siyas\u00ee [&hellip;]<\/p>\n","protected":false},"author":2,"featured_media":1010884,"comment_status":"closed","ping_status":"closed","sticky":false,"template":"","format":"standard","meta":{"footnotes":""},"categories":[68],"tags":[37],"class_list":["post-1010883","post","type-post","status-publish","format-standard","has-post-thumbnail","hentry","category-analiz","tag-sereke"],"blocksy_meta":[],"seo_head":"<!-- This site is optimized with the Yoast SEO plugin v27.5 - https:\/\/yoast.com\/product\/yoast-seo-wordpress\/ -->\n<title>PKK di salvegera komkujiya Mere\u015f\u00ea de soz dide xebat\u00ea ji bo tirkiy\u00ea bike - Darka Maz\u00ee<\/title>\n<meta name=\"robots\" content=\"index, follow, max-snippet:-1, max-image-preview:large, max-video-preview:-1\" \/>\n<link rel=\"canonical\" href=\"https:\/\/darkamazi.info\/archives\/1010883\" \/>\n<meta property=\"og:locale\" content=\"en_US\" \/>\n<meta property=\"og:type\" content=\"article\" \/>\n<meta property=\"og:title\" content=\"PKK di salvegera komkujiya Mere\u015f\u00ea de soz dide xebat\u00ea ji bo tirkiy\u00ea bike - Darka Maz\u00ee\" \/>\n<meta property=\"og:description\" content=\"Pi\u015ft\u00ee derbasb\u00fbna 6 roja li ser komkujiya Mere\u015f\u00ea ku p\u00eatir ji 500 Kurd\u00ean Elew\u00ee t\u00eade hatb\u00fbn komkuj kirin, ji n\u00fb part\u00eeya karker\u00ean kurdistan\u00ea ku xwe bi xwediya doza gel dib\u00eene, fikir li v\u00ea komkujiy\u00ea kir \u00fb beyanek di salvegera 41an ya v\u00ea komkujiy\u00ea de parvekir. Hevseroktiya Konseya R\u00eaveber a koma civak\u00ean Kurdistan\u00ea KCK\u2019\u00ea seywana siyas\u00ee [&hellip;]\" \/>\n<meta property=\"og:url\" content=\"https:\/\/darkamazi.info\/archives\/1010883\" \/>\n<meta property=\"og:site_name\" content=\"Darka Maz\u00ee\" \/>\n<meta property=\"article:publisher\" content=\"https:\/\/www.facebook.com\/DarMaziKurmanci\" \/>\n<meta property=\"article:published_time\" content=\"2019-12-25T11:28:06+00:00\" \/>\n<meta property=\"article:modified_time\" content=\"2021-10-05T10:15:40+00:00\" \/>\n<meta property=\"og:image\" content=\"https:\/\/darkamazi.info\/file\/2019\/12\/kck.jpg\" \/>\n\t<meta property=\"og:image:width\" content=\"990\" \/>\n\t<meta property=\"og:image:height\" content=\"500\" \/>\n\t<meta property=\"og:image:type\" content=\"image\/jpeg\" \/>\n<meta name=\"author\" content=\"darka mazi\" \/>\n<meta name=\"twitter:card\" content=\"summary_large_image\" \/>\n<meta name=\"twitter:creator\" content=\"@DarkaMaziLatini\" \/>\n<meta name=\"twitter:site\" content=\"@DarkaMaziLatini\" \/>\n<meta name=\"twitter:label1\" content=\"Written by\" \/>\n\t<meta name=\"twitter:data1\" content=\"darka mazi\" \/>\n\t<meta name=\"twitter:label2\" content=\"Est. reading time\" \/>\n\t<meta name=\"twitter:data2\" content=\"2 minutes\" \/>\n<script type=\"application\/ld+json\" class=\"seo-schema-graph\">{\"@context\":\"https:\\\/\\\/schema.org\",\"@graph\":[{\"@type\":\"Article\",\"@id\":\"https:\\\/\\\/darkamazi.info\\\/archives\\\/1010883#article\",\"isPartOf\":{\"@id\":\"https:\\\/\\\/darkamazi.info\\\/archives\\\/1010883\"},\"author\":{\"name\":\"darka mazi\",\"@id\":\"https:\\\/\\\/darkamazi.info\\\/#\\\/schema\\\/person\\\/5ad3e24553a0567993fa8ed4bd0a776c\"},\"headline\":\"PKK di salvegera komkujiya Mere\u015f\u00ea de soz dide xebat\u00ea ji bo tirkiy\u00ea bike\",\"datePublished\":\"2019-12-25T11:28:06+00:00\",\"dateModified\":\"2021-10-05T10:15:40+00:00\",\"mainEntityOfPage\":{\"@id\":\"https:\\\/\\\/darkamazi.info\\\/archives\\\/1010883\"},\"wordCount\":412,\"publisher\":{\"@id\":\"https:\\\/\\\/darkamazi.info\\\/#organization\"},\"image\":{\"@id\":\"https:\\\/\\\/darkamazi.info\\\/archives\\\/1010883#primaryimage\"},\"thumbnailUrl\":\"https:\\\/\\\/darkamazi.info\\\/darka-content\\\/uploads\\\/2019\\\/12\\\/kck.jpg\",\"keywords\":[\"sereke\"],\"articleSection\":[\"Anal\u00eez\"],\"inLanguage\":\"en-US\"},{\"@type\":\"WebPage\",\"@id\":\"https:\\\/\\\/darkamazi.info\\\/archives\\\/1010883\",\"url\":\"https:\\\/\\\/darkamazi.info\\\/archives\\\/1010883\",\"name\":\"PKK di salvegera komkujiya Mere\u015f\u00ea de soz dide xebat\u00ea ji bo tirkiy\u00ea bike - Darka Maz\u00ee\",\"isPartOf\":{\"@id\":\"https:\\\/\\\/darkamazi.info\\\/#website\"},\"primaryImageOfPage\":{\"@id\":\"https:\\\/\\\/darkamazi.info\\\/archives\\\/1010883#primaryimage\"},\"image\":{\"@id\":\"https:\\\/\\\/darkamazi.info\\\/archives\\\/1010883#primaryimage\"},\"thumbnailUrl\":\"https:\\\/\\\/darkamazi.info\\\/darka-content\\\/uploads\\\/2019\\\/12\\\/kck.jpg\",\"datePublished\":\"2019-12-25T11:28:06+00:00\",\"dateModified\":\"2021-10-05T10:15:40+00:00\",\"breadcrumb\":{\"@id\":\"https:\\\/\\\/darkamazi.info\\\/archives\\\/1010883#breadcrumb\"},\"inLanguage\":\"en-US\",\"potentialAction\":[{\"@type\":\"ReadAction\",\"target\":[\"https:\\\/\\\/darkamazi.info\\\/archives\\\/1010883\"]}]},{\"@type\":\"ImageObject\",\"inLanguage\":\"en-US\",\"@id\":\"https:\\\/\\\/darkamazi.info\\\/archives\\\/1010883#primaryimage\",\"url\":\"https:\\\/\\\/darkamazi.info\\\/darka-content\\\/uploads\\\/2019\\\/12\\\/kck.jpg\",\"contentUrl\":\"https:\\\/\\\/darkamazi.info\\\/darka-content\\\/uploads\\\/2019\\\/12\\\/kck.jpg\",\"width\":990,\"height\":500,\"caption\":\"PKK\u2019E DI SALVEGERA KOMKUJIYA MERE\u015e\u00ca DE SOZ DIDE XEBAT\u00ca JI BO TIRKIY\u00ca BIKE\"},{\"@type\":\"BreadcrumbList\",\"@id\":\"https:\\\/\\\/darkamazi.info\\\/archives\\\/1010883#breadcrumb\",\"itemListElement\":[{\"@type\":\"ListItem\",\"position\":1,\"name\":\"Home\",\"item\":\"https:\\\/\\\/darkamazi.info\\\/\"},{\"@type\":\"ListItem\",\"position\":2,\"name\":\"PKK di salvegera komkujiya Mere\u015f\u00ea de soz dide xebat\u00ea ji bo tirkiy\u00ea bike\"}]},{\"@type\":\"WebSite\",\"@id\":\"https:\\\/\\\/darkamazi.info\\\/#website\",\"url\":\"https:\\\/\\\/darkamazi.info\\\/\",\"name\":\"Darka Maz\u00ee\",\"description\":\"P\u00eageha Zanyariy\u00ean Nebih\u00eest\u00ee\",\"publisher\":{\"@id\":\"https:\\\/\\\/darkamazi.info\\\/#organization\"},\"potentialAction\":[{\"@type\":\"SearchAction\",\"target\":{\"@type\":\"EntryPoint\",\"urlTemplate\":\"https:\\\/\\\/darkamazi.info\\\/?s={search_term_string}\"},\"query-input\":{\"@type\":\"PropertyValueSpecification\",\"valueRequired\":true,\"valueName\":\"search_term_string\"}}],\"inLanguage\":\"en-US\"},{\"@type\":\"Organization\",\"@id\":\"https:\\\/\\\/darkamazi.info\\\/#organization\",\"name\":\"Darka Maz\u00ee\",\"url\":\"https:\\\/\\\/darkamazi.info\\\/\",\"logo\":{\"@type\":\"ImageObject\",\"inLanguage\":\"en-US\",\"@id\":\"https:\\\/\\\/darkamazi.info\\\/#\\\/schema\\\/logo\\\/image\\\/\",\"url\":\"https:\\\/\\\/darkamazi.info\\\/darka-content\\\/uploads\\\/2017\\\/12\\\/darka-mazi-logo.png\",\"contentUrl\":\"https:\\\/\\\/darkamazi.info\\\/darka-content\\\/uploads\\\/2017\\\/12\\\/darka-mazi-logo.png\",\"width\":151,\"height\":75,\"caption\":\"Darka Maz\u00ee\"},\"image\":{\"@id\":\"https:\\\/\\\/darkamazi.info\\\/#\\\/schema\\\/logo\\\/image\\\/\"},\"sameAs\":[\"https:\\\/\\\/www.facebook.com\\\/DarMaziKurmanci\",\"https:\\\/\\\/x.com\\\/DarkaMaziLatini\",\"https:\\\/\\\/www.instagram.com\\\/darkamazi.kurmanci\\\/\",\"https:\\\/\\\/www.youtube.com\\\/channel\\\/UCa5HkTdmI8U1qCUFuTw8B2g\"]},{\"@type\":\"Person\",\"@id\":\"https:\\\/\\\/darkamazi.info\\\/#\\\/schema\\\/person\\\/5ad3e24553a0567993fa8ed4bd0a776c\",\"name\":\"darka mazi\",\"sameAs\":[\"https:\\\/\\\/darkamazi.info\\\/\"],\"url\":\"https:\\\/\\\/darkamazi.info\\\/archives\\\/author\\\/kurdi\"}]}<\/script>\n<!-- \/ Yoast SEO plugin. -->","seo_head_json":{"title":"PKK di salvegera komkujiya Mere\u015f\u00ea de soz dide xebat\u00ea ji bo tirkiy\u00ea bike - Darka Maz\u00ee","robots":{"index":"index","follow":"follow","max-snippet":"max-snippet:-1","max-image-preview":"max-image-preview:large","max-video-preview":"max-video-preview:-1"},"canonical":"https:\/\/darkamazi.info\/archives\/1010883","og_locale":"en_US","og_type":"article","og_title":"PKK di salvegera komkujiya Mere\u015f\u00ea de soz dide xebat\u00ea ji bo tirkiy\u00ea bike - Darka Maz\u00ee","og_description":"Pi\u015ft\u00ee derbasb\u00fbna 6 roja li ser komkujiya Mere\u015f\u00ea ku p\u00eatir ji 500 Kurd\u00ean Elew\u00ee t\u00eade hatb\u00fbn komkuj kirin, ji n\u00fb part\u00eeya karker\u00ean kurdistan\u00ea ku xwe bi xwediya doza gel dib\u00eene, fikir li v\u00ea komkujiy\u00ea kir \u00fb beyanek di salvegera 41an ya v\u00ea komkujiy\u00ea de parvekir. Hevseroktiya Konseya R\u00eaveber a koma civak\u00ean Kurdistan\u00ea KCK\u2019\u00ea seywana siyas\u00ee [&hellip;]","og_url":"https:\/\/darkamazi.info\/archives\/1010883","og_site_name":"Darka Maz\u00ee","article_publisher":"https:\/\/www.facebook.com\/DarMaziKurmanci","article_published_time":"2019-12-25T11:28:06+00:00","article_modified_time":"2021-10-05T10:15:40+00:00","og_image":[{"width":990,"height":500,"url":"https:\/\/darkamazi.info\/file\/2019\/12\/kck.jpg","type":"image\/jpeg"}],"author":"darka mazi","twitter_card":"summary_large_image","twitter_creator":"@DarkaMaziLatini","twitter_site":"@DarkaMaziLatini","twitter_misc":{"Written by":"darka mazi","Est. reading time":"2 minutes"},"schema":{"@context":"https:\/\/schema.org","@graph":[{"@type":"Article","@id":"https:\/\/darkamazi.info\/archives\/1010883#article","isPartOf":{"@id":"https:\/\/darkamazi.info\/archives\/1010883"},"author":{"name":"darka mazi","@id":"https:\/\/darkamazi.info\/#\/schema\/person\/5ad3e24553a0567993fa8ed4bd0a776c"},"headline":"PKK di salvegera komkujiya Mere\u015f\u00ea de soz dide xebat\u00ea ji bo tirkiy\u00ea bike","datePublished":"2019-12-25T11:28:06+00:00","dateModified":"2021-10-05T10:15:40+00:00","mainEntityOfPage":{"@id":"https:\/\/darkamazi.info\/archives\/1010883"},"wordCount":412,"publisher":{"@id":"https:\/\/darkamazi.info\/#organization"},"image":{"@id":"https:\/\/darkamazi.info\/archives\/1010883#primaryimage"},"thumbnailUrl":"https:\/\/darkamazi.info\/file\/2019\/12\/kck.jpg","keywords":["sereke"],"articleSection":["Anal\u00eez"],"inLanguage":"en-US"},{"@type":"WebPage","@id":"https:\/\/darkamazi.info\/archives\/1010883","url":"https:\/\/darkamazi.info\/archives\/1010883","name":"PKK di salvegera komkujiya Mere\u015f\u00ea de soz dide xebat\u00ea ji bo tirkiy\u00ea bike - Darka Maz\u00ee","isPartOf":{"@id":"https:\/\/darkamazi.info\/#website"},"primaryImageOfPage":{"@id":"https:\/\/darkamazi.info\/archives\/1010883#primaryimage"},"image":{"@id":"https:\/\/darkamazi.info\/archives\/1010883#primaryimage"},"thumbnailUrl":"https:\/\/darkamazi.info\/file\/2019\/12\/kck.jpg","datePublished":"2019-12-25T11:28:06+00:00","dateModified":"2021-10-05T10:15:40+00:00","breadcrumb":{"@id":"https:\/\/darkamazi.info\/archives\/1010883#breadcrumb"},"inLanguage":"en-US","potentialAction":[{"@type":"ReadAction","target":["https:\/\/darkamazi.info\/archives\/1010883"]}]},{"@type":"ImageObject","inLanguage":"en-US","@id":"https:\/\/darkamazi.info\/archives\/1010883#primaryimage","url":"https:\/\/darkamazi.info\/file\/2019\/12\/kck.jpg","contentUrl":"https:\/\/darkamazi.info\/file\/2019\/12\/kck.jpg","width":990,"height":500,"caption":"PKK\u2019E DI SALVEGERA KOMKUJIYA MERE\u015e\u00ca DE SOZ DIDE XEBAT\u00ca JI BO TIRKIY\u00ca BIKE"},{"@type":"BreadcrumbList","@id":"https:\/\/darkamazi.info\/archives\/1010883#breadcrumb","itemListElement":[{"@type":"ListItem","position":1,"name":"Home","item":"https:\/\/darkamazi.info\/"},{"@type":"ListItem","position":2,"name":"PKK di salvegera komkujiya Mere\u015f\u00ea de soz dide xebat\u00ea ji bo tirkiy\u00ea bike"}]},{"@type":"WebSite","@id":"https:\/\/darkamazi.info\/#website","url":"https:\/\/darkamazi.info\/","name":"Darka Maz\u00ee","description":"P\u00eageha Zanyariy\u00ean Nebih\u00eest\u00ee","publisher":{"@id":"https:\/\/darkamazi.info\/#organization"},"potentialAction":[{"@type":"SearchAction","target":{"@type":"EntryPoint","urlTemplate":"https:\/\/darkamazi.info\/?s={search_term_string}"},"query-input":{"@type":"PropertyValueSpecification","valueRequired":true,"valueName":"search_term_string"}}],"inLanguage":"en-US"},{"@type":"Organization","@id":"https:\/\/darkamazi.info\/#organization","name":"Darka Maz\u00ee","url":"https:\/\/darkamazi.info\/","logo":{"@type":"ImageObject","inLanguage":"en-US","@id":"https:\/\/darkamazi.info\/#\/schema\/logo\/image\/","url":"https:\/\/darkamazi.info\/file\/2017\/12\/darka-mazi-logo.png","contentUrl":"https:\/\/darkamazi.info\/file\/2017\/12\/darka-mazi-logo.png","width":151,"height":75,"caption":"Darka Maz\u00ee"},"image":{"@id":"https:\/\/darkamazi.info\/#\/schema\/logo\/image\/"},"sameAs":["https:\/\/www.facebook.com\/DarMaziKurmanci","https:\/\/x.com\/DarkaMaziLatini","https:\/\/www.instagram.com\/darkamazi.kurmanci\/","https:\/\/www.youtube.com\/channel\/UCa5HkTdmI8U1qCUFuTw8B2g"]},{"@type":"Person","@id":"https:\/\/darkamazi.info\/#\/schema\/person\/5ad3e24553a0567993fa8ed4bd0a776c","name":"darka mazi","sameAs":["https:\/\/darkamazi.info\/"],"url":"https:\/\/darkamazi.info\/archives\/author\/kurdi"}]}},"_links":{"self":[{"href":"https:\/\/darkamazi.info\/funavuv\/wp\/v2\/posts\/1010883","targetHints":{"allow":["GET"]}}],"collection":[{"href":"https:\/\/darkamazi.info\/funavuv\/wp\/v2\/posts"}],"about":[{"href":"https:\/\/darkamazi.info\/funavuv\/wp\/v2\/types\/post"}],"author":[{"embeddable":true,"href":"https:\/\/darkamazi.info\/funavuv\/wp\/v2\/users\/2"}],"replies":[{"embeddable":true,"href":"https:\/\/darkamazi.info\/funavuv\/wp\/v2\/comments?post=1010883"}],"version-history":[{"count":0,"href":"https:\/\/darkamazi.info\/funavuv\/wp\/v2\/posts\/1010883\/revisions"}],"wp:featuredmedia":[{"embeddable":true,"href":"https:\/\/darkamazi.info\/funavuv\/wp\/v2\/media\/1010884"}],"wp:attachment":[{"href":"https:\/\/darkamazi.info\/funavuv\/wp\/v2\/media?parent=1010883"}],"wp:term":[{"taxonomy":"category","embeddable":true,"href":"https:\/\/darkamazi.info\/funavuv\/wp\/v2\/categories?post=1010883"},{"taxonomy":"post_tag","embeddable":true,"href":"https:\/\/darkamazi.info\/funavuv\/wp\/v2\/tags?post=1010883"}],"curies":[{"name":"wp","href":"https:\/\/api.w.org\/{rel}","templated":true}]}}