{"id":1010894,"date":"2019-12-25T19:23:32","date_gmt":"2019-12-25T16:23:32","guid":{"rendered":"https:\/\/darkamazi.info\/?p=1010894"},"modified":"2021-09-16T15:40:40","modified_gmt":"2021-09-16T12:40:40","slug":"akpe-ji-bo-xwe-demokrasi-ye-u-ji-bo-gele-kurd-diktatore","status":"publish","type":"post","link":"https:\/\/darkamazi.info\/archives\/1010894","title":{"rendered":"AKPE ji bo xwe demokras\u00ee ye \u00fb ji bo gel\u00ea kurd d\u00eektatore"},"content":{"rendered":"<h1 style=\"text-align: center\"><span style=\"font-family: arial black, sans-serif;color: #808080\">DEWLETA TIRKIY\u00ca HEYA NIHA 38 \u015eAREDAR\u00caN HDP\u00ca Z\u00ceNDAN KIRINE<\/span><\/h1>\n<h3 style=\"text-align: justify\"><span style=\"font-family: arial black, sans-serif\">Partiya Dad \u00fb Ge\u015fep\u00eadan bi seroktiya Receb Teyb Erdogan, ji dest bi kar b\u00fbna \u015faredar\u00ean Kurd y\u00ean Partiya Demokratik a Gelan HDP\u00ea, li bajar \u00fb bajark\u00ean Bakur\u00ea Kurdistan\u00ea, heya niha 38 \u015faredar d\u00fbrxistine \u00fb z\u00eendan kirine \u00fb Qey\u00fbm li \u015f\u00fbna wan wez\u00eefedar kirine, ev yek j\u00ee bi binp\u00eakirineke her\u00ee zelal ji bo w\u00ea demokrasiy\u00ea t\u00ea ku Partiya Erdogan \u00eed\u00ee&#8217;ay\u00ea dike ku xebat\u00ea ji bo dike.<\/span><\/h3>\n<h1 style=\"text-align: center\"><span style=\"font-family: arial black, sans-serif;color: #808080\">DIJAT\u00ce KIRINA HDP\u00ca<\/span><\/h1>\n<h3 style=\"text-align: justify\">Di hilbijartina adara \u00eesal 2019an de, Partiya Demokrat\u00eek a Gelan HDP\u00ea, 63 \u015faredar\u00ee bi dest xist b\u00fbn, ku y\u00ean bajar\u00ean (M\u00eard\u00een\u00ea, Batman\u00ea, Amed\u00ea, S\u00eart\u00ea \u00fb Hekariy\u00ea, Wan\u00ea, \u00cedir\u00ea \u00fb Karis\u00ea) b\u00fbn, l\u00ea bel\u00ea her z\u00fb \u00fb bi dest bi kar b\u00fbna wan, Partiya Erdogan siyaseta tekal\u00ee \u00fb dijat\u00ee kirina gel\u00ea Kurd li kar kir \u00fb dest bi d\u00fbr kirina \u015faredar\u00ean serkeft\u00ee y\u00ean HDP\u00ea kir.<\/h3>\n<h3 style=\"text-align: justify\">Bi derbasb\u00fbna 7 mehan li ser hilbijartin\u00ea \u00fb dest bi kar b\u00fbna \u015faredaran, AKP\u00ea heya niha 38 \u015faredar\u00ean HDP\u00ea bi s\u00fb\u00e7\u00ean cuda d\u00fbrxistin \u00fb z\u00eendan kirine, piraniya wan bi s\u00fb\u00e7a peywend\u00ee \u00fb t\u00eakliya wan ya bi Partiya Karker\u00ean Kurdistan\u00ea PKK\u00ea, hatine z\u00eendan kirin.<\/h3>\n<h3 style=\"text-align: justify\">Partiya Erdogan ku 778 \u015faredar\u00ee li Tirkiy\u00ea di dest dane, \u00eed\u00ee&#8217;aya w\u00ea yek\u00ea dike ku ew xebat\u00ea li ser esasa demokrasiy\u00ea dike, l\u00ea bel\u00ea tirsa w\u00ea ya her\u00ee z\u00eade ji partiy\u00ean opozisyon heye, bi taybet partiy\u00ean Kurd\u00ee weke Partiya Demokratik a Gelan \u00fb her ku di\u00e7e, bi h\u00eacet\u00ean cuda \u015faredar \u00fb parlimenter\u00ean HDP\u00ea t\u00eaxe bin lekol\u00eenan \u00fb bi s\u00fb\u00e7\u00ean siyas\u00ee ji post\u00ean wan d\u00fbr t\u00eaxe.<\/h3>\n<h3 style=\"text-align: justify\">Demokrasiya ku AKPe li Tirkiy\u00ea di me\u015f\u00eene, m\u00eena w\u00ea serhatiy\u00ea ye, wexta ku (Yek\u00ea Emer\u00eek\u00ee bi yek\u00ea \u00ceraq\u00ee re got\u00ee: Em li w\u00ea ast\u00ea demokrasiy\u00ea ne ku dikarin xeberan bidin serok Bo\u015f, di bersiv\u00ea de kes\u00ea \u00ceraq\u00ee bi y\u00ea Emer\u00eek\u00ee dib\u00eaje: Gelu em j\u00ee weke hewe li w\u00ea asta demokrasoy\u00ea ne ji ber ku em j\u00ee dikarin xeberan bidin serok Bo\u015f).<\/h3>\n<h3 style=\"text-align: justify\">Partiya Dad \u00fb Ge\u015fep\u00eadan\u00ea ya Receb Teyb Erdogan, pi\u015ft\u00ee hilbijartina dawiy\u00ea dewleta Tirkiy\u00ea xistiye di xeter\u00ea de, ji ber ku siyaseta dijatiya gel \u00fb dijberan kiriye nex\u015fe r\u00ea, ev yek j\u00ee ji aliy\u00ea partiy\u00ean opozisyon\u00ea ve bi taybet partiy\u00ean Kurd\u00ee bi destp\u00eaka dawiya AKP\u00ea hatiye nav kirin, ev rexneday\u00eena li PKK\u00ea j\u00ee t\u00ea girtin, ne ten\u00ea li nava Tirkiy\u00ea ye, belku civaka navnetewey\u00ee j\u00ee rexneyeka her\u00ee dijwar li Tirkiy\u00ea \u00fb AKP\u00ea girtiye ku hem\u00fb binemay\u00ean demokrasiy\u00ea bin p\u00ea kirine \u00fb azad\u00ee s\u00eenordar kirine.<\/h3>\n<h3 style=\"text-align: justify\">Partiya HDP\u00ea ji destp\u00eaka avab\u00fbna xwe zirareke mezin ji dest AKP\u00ea d\u00eetiye, ji desteser kirina r\u00eaber\u00ea w\u00ea, Selahet\u00een Dem\u00eerta\u015f \u00fb bi dehan \u015faredar \u00fb parlimenter\u00ean w\u00ea, hem wext derxistina wan \u015faredar \u00fb n\u00fbner\u00ean HDP\u00ea y\u00ean ku bi deng\u00ean gel \u00e7\u00fbne di desthilat\u00ea de.<\/h3>\n<h1 style=\"text-align: center\"><span style=\"font-family: arial black, sans-serif;color: #808080\">DEM\u00ceRTA\u015e: TA MIRIN\u00ca DI Z\u00ceNDAN\u00ca DE BIM AZADIY\u00ca JI ERDOGAN NAXWAZIM<\/span><\/h1>\n<h1 style=\"text-align: center\"><span style=\"font-family: arial black, sans-serif;color: #808080\">R\u00caBER APO: AZADIYA OCALAN AZADIYA KURDISTAN\u00ca YE<\/span><\/h1>\n<h1 style=\"text-align: center\"><span style=\"font-family: arial black, sans-serif;color: #808080\">PKKE: B\u00ca SEROK JIYAN NABE<\/span><\/h1>\n<h1 style=\"text-align: center\"><span style=\"font-family: arial black, sans-serif;color: #808080\">EV GOTIN\u00caN APO \u00db PKK\u00ca BI W\u00ca WATAY\u00ca T\u00caN HER WEK HEGER R\u00caBER AZAD NEBE KURDISTAN D\u00ca BIMIRT<\/span><\/h1>\n<h3 style=\"text-align: justify\">Her \u00e7end Tirkiye HDP\u00ea bi s\u00eebera PKK\u00ea m\u00eaze dike, pi\u015ft\u00ee desteser kirina Dem\u00eerta\u015f, Erdogan got ku (ew\u00ean pi\u015fta xwe bi \u00e7iya gerim di kirin, niha di z\u00eendan\u00ea dene \u00fb ti\u015ftek\u00ea wan n\u00eene pi\u015fta xwe p\u00ea gerim bikin), mebesta Erdogan ji v\u00ea gotin\u00ea Dem\u00eerta\u015f \u00fb Qend\u00eel b\u00fb.<\/h3>\n<h3 style=\"text-align: justify\">L\u00ea bel\u00ea Dem\u00eerta\u015f ku dema 3 salane di z\u00eendan\u00ea deye, \u00eero roja \u00e7ar\u015fem\u00ee 25\/12\/2019an bi r\u00eaya par\u00eazer\u00ean xwe bersiva rojnameyek\u00ea daye kan\u00ea ew\u00ea ji Erdogan re teleba &#8216;efw\u00ea bike, Dem\u00eerta\u015f gotiye: &#8220;Heger ew heya mirin\u00ea di z\u00eendan\u00ea de be, ew daxwaza azad kirin\u00ea ji Erdogan nake&#8221;.<\/h3>\n<h3 style=\"text-align: justify\">Ev helwesta Dem\u00eerta\u015f helwesta R\u00eaber Apo li b\u00eer t\u00eene wexta ku desteser kir\u00ee yekem gotina w\u00ee: &#8220;Ez ji bo xizmeta Tirkiy\u00ea amademe&#8221;.<\/h3>\n<h3 style=\"text-align: justify\">Her wiha wexta ku bi awayeke neraste rast daxwaza azadiy\u00ea ji dewleta Tirkiy\u00ea kir\u00ee \u00fb got\u00ee: &#8220;Azadiya Ocalan azadiya Kurdistan\u00ea ye, weke \u00e7awa PKKe dib\u00eaje b\u00ea serok jiyan nabe&#8221;.<\/h3>\n<h3 style=\"text-align: justify\">Ger evan gotin\u00ean R\u00eaber Apo \u00fb PKK\u00ea hinek\u00ea \u015f\u00eerove bikin, ten\u00ea yek wate ji bo heye, ewj\u00ee ger Ocalan azad nebe, Kurdistan w\u00ea qet azad nebe, her wiha gotina PKK\u00ea ku dib\u00eaje b\u00ea serok jiyan nabe, wate ger serok azad nebe, kurdistan\u00ea d\u00ea mirit \u00fb jiyan l\u00ea tune bit.<\/h3>\n<h3 style=\"text-align: justify\">Her \u00e7i qas partiya Erdogan siyaseteke tekal\u00ee, pi\u015ftguhxistin \u00fb dijat\u00ee kirina gel\u00ea Kurd bi kar an\u00ee, l\u00ea bel\u00ea PKKe li hem\u00fb deman ew h\u00eacete b\u00fb ku Tirkiy\u00ea ev siyaset li dij\u00ee Kurdan p\u00ea daye me\u015fandin, demokrasiyeta AKPe j\u00ee xebat\u00ea ji bo dike, bi w\u00ea watay\u00ea t\u00ea &#8220;Ez ji bo xwe demokras\u00ee me \u00fb ji bo te d\u00eektatorim&#8221;.<\/h3>\n","protected":false},"excerpt":{"rendered":"<p>DEWLETA TIRKIY\u00ca HEYA NIHA 38 \u015eAREDAR\u00caN HDP\u00ca Z\u00ceNDAN KIRINE Partiya Dad \u00fb Ge\u015fep\u00eadan bi seroktiya Receb Teyb Erdogan, ji dest bi kar b\u00fbna \u015faredar\u00ean Kurd y\u00ean Partiya Demokratik a Gelan HDP\u00ea, li bajar \u00fb bajark\u00ean Bakur\u00ea Kurdistan\u00ea, heya niha 38 \u015faredar d\u00fbrxistine \u00fb z\u00eendan kirine \u00fb Qey\u00fbm li \u015f\u00fbna wan wez\u00eefedar kirine, ev yek j\u00ee [&hellip;]<\/p>\n","protected":false},"author":2,"featured_media":1010895,"comment_status":"closed","ping_status":"closed","sticky":false,"template":"","format":"standard","meta":{"footnotes":""},"categories":[68],"tags":[37],"class_list":["post-1010894","post","type-post","status-publish","format-standard","has-post-thumbnail","hentry","category-analiz","tag-sereke"],"blocksy_meta":[],"seo_head":"<!-- This site is optimized with the Yoast SEO plugin v27.5 - https:\/\/yoast.com\/product\/yoast-seo-wordpress\/ -->\n<title>AKPE ji bo xwe demokras\u00ee ye \u00fb ji bo gel\u00ea kurd d\u00eektatore - Darka Maz\u00ee<\/title>\n<meta name=\"robots\" content=\"index, follow, max-snippet:-1, max-image-preview:large, max-video-preview:-1\" \/>\n<link rel=\"canonical\" href=\"https:\/\/darkamazi.info\/archives\/1010894\" \/>\n<meta property=\"og:locale\" content=\"en_US\" \/>\n<meta property=\"og:type\" content=\"article\" \/>\n<meta property=\"og:title\" content=\"AKPE ji bo xwe demokras\u00ee ye \u00fb ji bo gel\u00ea kurd d\u00eektatore - Darka Maz\u00ee\" \/>\n<meta property=\"og:description\" content=\"DEWLETA TIRKIY\u00ca HEYA NIHA 38 \u015eAREDAR\u00caN HDP\u00ca Z\u00ceNDAN KIRINE Partiya Dad \u00fb Ge\u015fep\u00eadan bi seroktiya Receb Teyb Erdogan, ji dest bi kar b\u00fbna \u015faredar\u00ean Kurd y\u00ean Partiya Demokratik a Gelan HDP\u00ea, li bajar \u00fb bajark\u00ean Bakur\u00ea Kurdistan\u00ea, heya niha 38 \u015faredar d\u00fbrxistine \u00fb z\u00eendan kirine \u00fb Qey\u00fbm li \u015f\u00fbna wan wez\u00eefedar kirine, ev yek j\u00ee [&hellip;]\" \/>\n<meta property=\"og:url\" content=\"https:\/\/darkamazi.info\/archives\/1010894\" \/>\n<meta property=\"og:site_name\" content=\"Darka Maz\u00ee\" \/>\n<meta property=\"article:publisher\" content=\"https:\/\/www.facebook.com\/DarMaziKurmanci\" \/>\n<meta property=\"article:published_time\" content=\"2019-12-25T16:23:32+00:00\" \/>\n<meta property=\"article:modified_time\" content=\"2021-09-16T12:40:40+00:00\" \/>\n<meta property=\"og:image\" content=\"https:\/\/darkamazi.info\/file\/2019\/12\/Turk-u-HDP.jpg\" \/>\n\t<meta property=\"og:image:width\" content=\"1115\" \/>\n\t<meta property=\"og:image:height\" content=\"736\" \/>\n\t<meta property=\"og:image:type\" content=\"image\/jpeg\" \/>\n<meta name=\"author\" content=\"darka mazi\" \/>\n<meta name=\"twitter:card\" content=\"summary_large_image\" \/>\n<meta name=\"twitter:creator\" content=\"@DarkaMaziLatini\" \/>\n<meta name=\"twitter:site\" content=\"@DarkaMaziLatini\" \/>\n<meta name=\"twitter:label1\" content=\"Written by\" \/>\n\t<meta name=\"twitter:data1\" content=\"darka mazi\" \/>\n\t<meta name=\"twitter:label2\" content=\"Est. reading time\" \/>\n\t<meta name=\"twitter:data2\" content=\"4 minutes\" \/>\n<script type=\"application\/ld+json\" class=\"seo-schema-graph\">{\"@context\":\"https:\\\/\\\/schema.org\",\"@graph\":[{\"@type\":\"Article\",\"@id\":\"https:\\\/\\\/darkamazi.info\\\/archives\\\/1010894#article\",\"isPartOf\":{\"@id\":\"https:\\\/\\\/darkamazi.info\\\/archives\\\/1010894\"},\"author\":{\"name\":\"darka mazi\",\"@id\":\"https:\\\/\\\/darkamazi.info\\\/#\\\/schema\\\/person\\\/5ad3e24553a0567993fa8ed4bd0a776c\"},\"headline\":\"AKPE ji bo xwe demokras\u00ee ye \u00fb ji bo gel\u00ea kurd d\u00eektatore\",\"datePublished\":\"2019-12-25T16:23:32+00:00\",\"dateModified\":\"2021-09-16T12:40:40+00:00\",\"mainEntityOfPage\":{\"@id\":\"https:\\\/\\\/darkamazi.info\\\/archives\\\/1010894\"},\"wordCount\":815,\"publisher\":{\"@id\":\"https:\\\/\\\/darkamazi.info\\\/#organization\"},\"image\":{\"@id\":\"https:\\\/\\\/darkamazi.info\\\/archives\\\/1010894#primaryimage\"},\"thumbnailUrl\":\"https:\\\/\\\/darkamazi.info\\\/darka-content\\\/uploads\\\/2019\\\/12\\\/Turk-u-HDP.jpg\",\"keywords\":[\"sereke\"],\"articleSection\":[\"Anal\u00eez\"],\"inLanguage\":\"en-US\"},{\"@type\":\"WebPage\",\"@id\":\"https:\\\/\\\/darkamazi.info\\\/archives\\\/1010894\",\"url\":\"https:\\\/\\\/darkamazi.info\\\/archives\\\/1010894\",\"name\":\"AKPE ji bo xwe demokras\u00ee ye \u00fb ji bo gel\u00ea kurd d\u00eektatore - Darka Maz\u00ee\",\"isPartOf\":{\"@id\":\"https:\\\/\\\/darkamazi.info\\\/#website\"},\"primaryImageOfPage\":{\"@id\":\"https:\\\/\\\/darkamazi.info\\\/archives\\\/1010894#primaryimage\"},\"image\":{\"@id\":\"https:\\\/\\\/darkamazi.info\\\/archives\\\/1010894#primaryimage\"},\"thumbnailUrl\":\"https:\\\/\\\/darkamazi.info\\\/darka-content\\\/uploads\\\/2019\\\/12\\\/Turk-u-HDP.jpg\",\"datePublished\":\"2019-12-25T16:23:32+00:00\",\"dateModified\":\"2021-09-16T12:40:40+00:00\",\"breadcrumb\":{\"@id\":\"https:\\\/\\\/darkamazi.info\\\/archives\\\/1010894#breadcrumb\"},\"inLanguage\":\"en-US\",\"potentialAction\":[{\"@type\":\"ReadAction\",\"target\":[\"https:\\\/\\\/darkamazi.info\\\/archives\\\/1010894\"]}]},{\"@type\":\"ImageObject\",\"inLanguage\":\"en-US\",\"@id\":\"https:\\\/\\\/darkamazi.info\\\/archives\\\/1010894#primaryimage\",\"url\":\"https:\\\/\\\/darkamazi.info\\\/darka-content\\\/uploads\\\/2019\\\/12\\\/Turk-u-HDP.jpg\",\"contentUrl\":\"https:\\\/\\\/darkamazi.info\\\/darka-content\\\/uploads\\\/2019\\\/12\\\/Turk-u-HDP.jpg\",\"width\":1115,\"height\":736},{\"@type\":\"BreadcrumbList\",\"@id\":\"https:\\\/\\\/darkamazi.info\\\/archives\\\/1010894#breadcrumb\",\"itemListElement\":[{\"@type\":\"ListItem\",\"position\":1,\"name\":\"Home\",\"item\":\"https:\\\/\\\/darkamazi.info\\\/\"},{\"@type\":\"ListItem\",\"position\":2,\"name\":\"AKPE ji bo xwe demokras\u00ee ye \u00fb ji bo gel\u00ea kurd d\u00eektatore\"}]},{\"@type\":\"WebSite\",\"@id\":\"https:\\\/\\\/darkamazi.info\\\/#website\",\"url\":\"https:\\\/\\\/darkamazi.info\\\/\",\"name\":\"Darka Maz\u00ee\",\"description\":\"P\u00eageha Zanyariy\u00ean Nebih\u00eest\u00ee\",\"publisher\":{\"@id\":\"https:\\\/\\\/darkamazi.info\\\/#organization\"},\"potentialAction\":[{\"@type\":\"SearchAction\",\"target\":{\"@type\":\"EntryPoint\",\"urlTemplate\":\"https:\\\/\\\/darkamazi.info\\\/?s={search_term_string}\"},\"query-input\":{\"@type\":\"PropertyValueSpecification\",\"valueRequired\":true,\"valueName\":\"search_term_string\"}}],\"inLanguage\":\"en-US\"},{\"@type\":\"Organization\",\"@id\":\"https:\\\/\\\/darkamazi.info\\\/#organization\",\"name\":\"Darka Maz\u00ee\",\"url\":\"https:\\\/\\\/darkamazi.info\\\/\",\"logo\":{\"@type\":\"ImageObject\",\"inLanguage\":\"en-US\",\"@id\":\"https:\\\/\\\/darkamazi.info\\\/#\\\/schema\\\/logo\\\/image\\\/\",\"url\":\"https:\\\/\\\/darkamazi.info\\\/darka-content\\\/uploads\\\/2017\\\/12\\\/darka-mazi-logo.png\",\"contentUrl\":\"https:\\\/\\\/darkamazi.info\\\/darka-content\\\/uploads\\\/2017\\\/12\\\/darka-mazi-logo.png\",\"width\":151,\"height\":75,\"caption\":\"Darka Maz\u00ee\"},\"image\":{\"@id\":\"https:\\\/\\\/darkamazi.info\\\/#\\\/schema\\\/logo\\\/image\\\/\"},\"sameAs\":[\"https:\\\/\\\/www.facebook.com\\\/DarMaziKurmanci\",\"https:\\\/\\\/x.com\\\/DarkaMaziLatini\",\"https:\\\/\\\/www.instagram.com\\\/darkamazi.kurmanci\\\/\",\"https:\\\/\\\/www.youtube.com\\\/channel\\\/UCa5HkTdmI8U1qCUFuTw8B2g\"]},{\"@type\":\"Person\",\"@id\":\"https:\\\/\\\/darkamazi.info\\\/#\\\/schema\\\/person\\\/5ad3e24553a0567993fa8ed4bd0a776c\",\"name\":\"darka mazi\",\"sameAs\":[\"https:\\\/\\\/darkamazi.info\\\/\"],\"url\":\"https:\\\/\\\/darkamazi.info\\\/archives\\\/author\\\/kurdi\"}]}<\/script>\n<!-- \/ Yoast SEO plugin. -->","seo_head_json":{"title":"AKPE ji bo xwe demokras\u00ee ye \u00fb ji bo gel\u00ea kurd d\u00eektatore - Darka Maz\u00ee","robots":{"index":"index","follow":"follow","max-snippet":"max-snippet:-1","max-image-preview":"max-image-preview:large","max-video-preview":"max-video-preview:-1"},"canonical":"https:\/\/darkamazi.info\/archives\/1010894","og_locale":"en_US","og_type":"article","og_title":"AKPE ji bo xwe demokras\u00ee ye \u00fb ji bo gel\u00ea kurd d\u00eektatore - Darka Maz\u00ee","og_description":"DEWLETA TIRKIY\u00ca HEYA NIHA 38 \u015eAREDAR\u00caN HDP\u00ca Z\u00ceNDAN KIRINE Partiya Dad \u00fb Ge\u015fep\u00eadan bi seroktiya Receb Teyb Erdogan, ji dest bi kar b\u00fbna \u015faredar\u00ean Kurd y\u00ean Partiya Demokratik a Gelan HDP\u00ea, li bajar \u00fb bajark\u00ean Bakur\u00ea Kurdistan\u00ea, heya niha 38 \u015faredar d\u00fbrxistine \u00fb z\u00eendan kirine \u00fb Qey\u00fbm li \u015f\u00fbna wan wez\u00eefedar kirine, ev yek j\u00ee [&hellip;]","og_url":"https:\/\/darkamazi.info\/archives\/1010894","og_site_name":"Darka Maz\u00ee","article_publisher":"https:\/\/www.facebook.com\/DarMaziKurmanci","article_published_time":"2019-12-25T16:23:32+00:00","article_modified_time":"2021-09-16T12:40:40+00:00","og_image":[{"width":1115,"height":736,"url":"https:\/\/darkamazi.info\/file\/2019\/12\/Turk-u-HDP.jpg","type":"image\/jpeg"}],"author":"darka mazi","twitter_card":"summary_large_image","twitter_creator":"@DarkaMaziLatini","twitter_site":"@DarkaMaziLatini","twitter_misc":{"Written by":"darka mazi","Est. reading time":"4 minutes"},"schema":{"@context":"https:\/\/schema.org","@graph":[{"@type":"Article","@id":"https:\/\/darkamazi.info\/archives\/1010894#article","isPartOf":{"@id":"https:\/\/darkamazi.info\/archives\/1010894"},"author":{"name":"darka mazi","@id":"https:\/\/darkamazi.info\/#\/schema\/person\/5ad3e24553a0567993fa8ed4bd0a776c"},"headline":"AKPE ji bo xwe demokras\u00ee ye \u00fb ji bo gel\u00ea kurd d\u00eektatore","datePublished":"2019-12-25T16:23:32+00:00","dateModified":"2021-09-16T12:40:40+00:00","mainEntityOfPage":{"@id":"https:\/\/darkamazi.info\/archives\/1010894"},"wordCount":815,"publisher":{"@id":"https:\/\/darkamazi.info\/#organization"},"image":{"@id":"https:\/\/darkamazi.info\/archives\/1010894#primaryimage"},"thumbnailUrl":"https:\/\/darkamazi.info\/file\/2019\/12\/Turk-u-HDP.jpg","keywords":["sereke"],"articleSection":["Anal\u00eez"],"inLanguage":"en-US"},{"@type":"WebPage","@id":"https:\/\/darkamazi.info\/archives\/1010894","url":"https:\/\/darkamazi.info\/archives\/1010894","name":"AKPE ji bo xwe demokras\u00ee ye \u00fb ji bo gel\u00ea kurd d\u00eektatore - Darka Maz\u00ee","isPartOf":{"@id":"https:\/\/darkamazi.info\/#website"},"primaryImageOfPage":{"@id":"https:\/\/darkamazi.info\/archives\/1010894#primaryimage"},"image":{"@id":"https:\/\/darkamazi.info\/archives\/1010894#primaryimage"},"thumbnailUrl":"https:\/\/darkamazi.info\/file\/2019\/12\/Turk-u-HDP.jpg","datePublished":"2019-12-25T16:23:32+00:00","dateModified":"2021-09-16T12:40:40+00:00","breadcrumb":{"@id":"https:\/\/darkamazi.info\/archives\/1010894#breadcrumb"},"inLanguage":"en-US","potentialAction":[{"@type":"ReadAction","target":["https:\/\/darkamazi.info\/archives\/1010894"]}]},{"@type":"ImageObject","inLanguage":"en-US","@id":"https:\/\/darkamazi.info\/archives\/1010894#primaryimage","url":"https:\/\/darkamazi.info\/file\/2019\/12\/Turk-u-HDP.jpg","contentUrl":"https:\/\/darkamazi.info\/file\/2019\/12\/Turk-u-HDP.jpg","width":1115,"height":736},{"@type":"BreadcrumbList","@id":"https:\/\/darkamazi.info\/archives\/1010894#breadcrumb","itemListElement":[{"@type":"ListItem","position":1,"name":"Home","item":"https:\/\/darkamazi.info\/"},{"@type":"ListItem","position":2,"name":"AKPE ji bo xwe demokras\u00ee ye \u00fb ji bo gel\u00ea kurd d\u00eektatore"}]},{"@type":"WebSite","@id":"https:\/\/darkamazi.info\/#website","url":"https:\/\/darkamazi.info\/","name":"Darka Maz\u00ee","description":"P\u00eageha Zanyariy\u00ean Nebih\u00eest\u00ee","publisher":{"@id":"https:\/\/darkamazi.info\/#organization"},"potentialAction":[{"@type":"SearchAction","target":{"@type":"EntryPoint","urlTemplate":"https:\/\/darkamazi.info\/?s={search_term_string}"},"query-input":{"@type":"PropertyValueSpecification","valueRequired":true,"valueName":"search_term_string"}}],"inLanguage":"en-US"},{"@type":"Organization","@id":"https:\/\/darkamazi.info\/#organization","name":"Darka Maz\u00ee","url":"https:\/\/darkamazi.info\/","logo":{"@type":"ImageObject","inLanguage":"en-US","@id":"https:\/\/darkamazi.info\/#\/schema\/logo\/image\/","url":"https:\/\/darkamazi.info\/file\/2017\/12\/darka-mazi-logo.png","contentUrl":"https:\/\/darkamazi.info\/file\/2017\/12\/darka-mazi-logo.png","width":151,"height":75,"caption":"Darka Maz\u00ee"},"image":{"@id":"https:\/\/darkamazi.info\/#\/schema\/logo\/image\/"},"sameAs":["https:\/\/www.facebook.com\/DarMaziKurmanci","https:\/\/x.com\/DarkaMaziLatini","https:\/\/www.instagram.com\/darkamazi.kurmanci\/","https:\/\/www.youtube.com\/channel\/UCa5HkTdmI8U1qCUFuTw8B2g"]},{"@type":"Person","@id":"https:\/\/darkamazi.info\/#\/schema\/person\/5ad3e24553a0567993fa8ed4bd0a776c","name":"darka mazi","sameAs":["https:\/\/darkamazi.info\/"],"url":"https:\/\/darkamazi.info\/archives\/author\/kurdi"}]}},"_links":{"self":[{"href":"https:\/\/darkamazi.info\/funavuv\/wp\/v2\/posts\/1010894","targetHints":{"allow":["GET"]}}],"collection":[{"href":"https:\/\/darkamazi.info\/funavuv\/wp\/v2\/posts"}],"about":[{"href":"https:\/\/darkamazi.info\/funavuv\/wp\/v2\/types\/post"}],"author":[{"embeddable":true,"href":"https:\/\/darkamazi.info\/funavuv\/wp\/v2\/users\/2"}],"replies":[{"embeddable":true,"href":"https:\/\/darkamazi.info\/funavuv\/wp\/v2\/comments?post=1010894"}],"version-history":[{"count":0,"href":"https:\/\/darkamazi.info\/funavuv\/wp\/v2\/posts\/1010894\/revisions"}],"wp:featuredmedia":[{"embeddable":true,"href":"https:\/\/darkamazi.info\/funavuv\/wp\/v2\/media\/1010895"}],"wp:attachment":[{"href":"https:\/\/darkamazi.info\/funavuv\/wp\/v2\/media?parent=1010894"}],"wp:term":[{"taxonomy":"category","embeddable":true,"href":"https:\/\/darkamazi.info\/funavuv\/wp\/v2\/categories?post=1010894"},{"taxonomy":"post_tag","embeddable":true,"href":"https:\/\/darkamazi.info\/funavuv\/wp\/v2\/tags?post=1010894"}],"curies":[{"name":"wp","href":"https:\/\/api.w.org\/{rel}","templated":true}]}}