{"id":1010950,"date":"2019-12-29T16:19:39","date_gmt":"2019-12-29T13:19:39","guid":{"rendered":"https:\/\/darkamazi.info\/?p=1010950"},"modified":"2019-12-29T16:19:39","modified_gmt":"2019-12-29T13:19:39","slug":"li-iraqe-balefiren-ceng-6-teroristen-daise-kustin","status":"publish","type":"post","link":"https:\/\/darkamazi.info\/archives\/1010950","title":{"rendered":"LI \u00ceRAQ\u00ca BALEFIR\u00caN CENG 6 TEROR\u00ceST\u00caN DAI\u015e\u2019\u00ca KU\u015eTIN"},"content":{"rendered":"<h3 style=\"text-align: justify\"><span style=\"font-family: 'arial black', sans-serif\">Li \u00ceraq\u00ea di \u00ear\u00ee\u015fa as\u00eeman\u00ee ya dij\u00ee c\u00ee \u00fb senger\u00ean r\u00eaxistna teror\u00ea DAI\u015e\u2019\u00ea, li n\u00eaz\u00eek\u00ee s\u00eenor\u00ea S\u00fbriy\u00ea da, 6 teror\u00eest hatin ku\u015ftin.<\/span><\/h3>\n<h3 style=\"text-align: justify\">Li gor daxuyaniya pol\u00ees\u00ean federal li s\u00eenor\u00ea par\u00eazgeha M\u00fbsil\u00ea, balefir\u00ean ceng y\u00ean arte\u015fa \u00ceraq\u00ea \u00eero roja yek\u015fem\u00ee 29\/12\/2019an \u00ear\u015fa as\u00eeman\u00ee li ser c\u00ee \u00fb navend\u00ean r\u00eaxistna teror\u00ea ya DAI\u015e\u2019\u00ea li n\u00eaz\u00ee s\u00eenor\u00ea s\u00fbry\u00ea p\u00eakan\u00ee \u00fb di encam\u00ea de 6 teror\u00eest hatin ku\u015ftin.<\/h3>\n<h3 style=\"text-align: justify\">Her wiha dest n\u00ee\u015fan kir, balefiran hejmareka p\u00eageh\u00ean DAI\u015e\u2019\u00ea li bin erd hedef kirin ku teror\u00eestan xwe t\u00eade as\u00ea kirb\u00fbn \u00fb ji wan p\u00eagehan \u00ear\u00ee\u015f li nav\u00e7ey\u00ean s\u00eenor\u00ea \u00ceraq \u00fb S\u00fbriy\u00ea p\u00eak di an\u00een.<\/h3>\n<h3 style=\"text-align: justify\">R\u00eaxistna teror\u00ea DAI\u015e\u2019\u00ea pi\u015ft\u00ee ku li d\u00eesambera 2017an li \u00ceraq\u00ea xaka ku kontrol dikir ji dest derket, ji w\u00ea dem\u00ea \u00fb ji bo ku teror\u00eest\u00ean pa\u015fmay\u00ean w\u00ea r\u00eaxistn\u00ea xwe ve\u015f\u00earin, ew daketin bin erd\u00ea \u00fb ton\u00eal kolan \u00fb bi r\u00eaya wan ton\u00ealan hereket\u00ean xwe li nav\u00e7ey\u00ean s\u00eenor di me\u015f\u00eenin.<\/h3>\n<h3 style=\"text-align: justify\">Dema 2 salan li ser jinav birina DAI\u015e\u2019\u00ea ra derbas b\u00fbye, l\u00ea bel\u00ea li Kerk\u00fbk\u00ea di ser\u00ee de \u00fb li dever\u00ean gundewar\u00ean par\u00eazgeh\u00ean weke M\u00fbsil, D\u00eeyala \u00fb Selahedd\u00een r\u00eaxistin heb\u00fbna xwe didom\u00eene.<\/h3>\n","protected":false},"excerpt":{"rendered":"<p>Li \u00ceraq\u00ea di \u00ear\u00ee\u015fa as\u00eeman\u00ee ya dij\u00ee c\u00ee \u00fb senger\u00ean r\u00eaxistna teror\u00ea DAI\u015e\u2019\u00ea, li n\u00eaz\u00eek\u00ee s\u00eenor\u00ea S\u00fbriy\u00ea da, 6 teror\u00eest hatin ku\u015ftin. Li gor daxuyaniya pol\u00ees\u00ean federal li s\u00eenor\u00ea par\u00eazgeha M\u00fbsil\u00ea, balefir\u00ean ceng y\u00ean arte\u015fa \u00ceraq\u00ea \u00eero roja yek\u015fem\u00ee 29\/12\/2019an \u00ear\u015fa as\u00eeman\u00ee li ser c\u00ee \u00fb navend\u00ean r\u00eaxistna teror\u00ea ya DAI\u015e\u2019\u00ea li n\u00eaz\u00ee s\u00eenor\u00ea s\u00fbry\u00ea [&hellip;]<\/p>\n","protected":false},"author":2,"featured_media":1010951,"comment_status":"closed","ping_status":"closed","sticky":false,"template":"","format":"standard","meta":{"footnotes":""},"categories":[31],"tags":[],"class_list":["post-1010950","post","type-post","status-publish","format-standard","has-post-thumbnail","hentry","category-rojhelata-navin"],"blocksy_meta":[],"seo_head":"<!-- This site is optimized with the Yoast SEO plugin v27.5 - https:\/\/yoast.com\/product\/yoast-seo-wordpress\/ -->\n<title>LI \u00ceRAQ\u00ca BALEFIR\u00caN CENG 6 TEROR\u00ceST\u00caN DAI\u015e\u2019\u00ca KU\u015eTIN - Darka Maz\u00ee<\/title>\n<meta name=\"robots\" content=\"index, follow, max-snippet:-1, max-image-preview:large, max-video-preview:-1\" \/>\n<link rel=\"canonical\" href=\"https:\/\/darkamazi.info\/archives\/1010950\" \/>\n<meta property=\"og:locale\" content=\"en_US\" \/>\n<meta property=\"og:type\" content=\"article\" \/>\n<meta property=\"og:title\" content=\"LI \u00ceRAQ\u00ca BALEFIR\u00caN CENG 6 TEROR\u00ceST\u00caN DAI\u015e\u2019\u00ca KU\u015eTIN - Darka Maz\u00ee\" \/>\n<meta property=\"og:description\" content=\"Li \u00ceraq\u00ea di \u00ear\u00ee\u015fa as\u00eeman\u00ee ya dij\u00ee c\u00ee \u00fb senger\u00ean r\u00eaxistna teror\u00ea DAI\u015e\u2019\u00ea, li n\u00eaz\u00eek\u00ee s\u00eenor\u00ea S\u00fbriy\u00ea da, 6 teror\u00eest hatin ku\u015ftin. Li gor daxuyaniya pol\u00ees\u00ean federal li s\u00eenor\u00ea par\u00eazgeha M\u00fbsil\u00ea, balefir\u00ean ceng y\u00ean arte\u015fa \u00ceraq\u00ea \u00eero roja yek\u015fem\u00ee 29\/12\/2019an \u00ear\u015fa as\u00eeman\u00ee li ser c\u00ee \u00fb navend\u00ean r\u00eaxistna teror\u00ea ya DAI\u015e\u2019\u00ea li n\u00eaz\u00ee s\u00eenor\u00ea s\u00fbry\u00ea [&hellip;]\" \/>\n<meta property=\"og:url\" content=\"https:\/\/darkamazi.info\/archives\/1010950\" \/>\n<meta property=\"og:site_name\" content=\"Darka Maz\u00ee\" \/>\n<meta property=\"article:publisher\" content=\"https:\/\/www.facebook.com\/DarMaziKurmanci\" \/>\n<meta property=\"article:published_time\" content=\"2019-12-29T13:19:39+00:00\" \/>\n<meta property=\"og:image\" content=\"https:\/\/darkamazi.info\/file\/2019\/12\/iraq-dais.jpg\" \/>\n\t<meta property=\"og:image:width\" content=\"676\" \/>\n\t<meta property=\"og:image:height\" content=\"400\" \/>\n\t<meta property=\"og:image:type\" content=\"image\/jpeg\" \/>\n<meta name=\"author\" content=\"darka mazi\" \/>\n<meta name=\"twitter:card\" content=\"summary_large_image\" \/>\n<meta name=\"twitter:creator\" content=\"@DarkaMaziLatini\" \/>\n<meta name=\"twitter:site\" content=\"@DarkaMaziLatini\" \/>\n<meta name=\"twitter:label1\" content=\"Written by\" \/>\n\t<meta name=\"twitter:data1\" content=\"darka mazi\" \/>\n\t<meta name=\"twitter:label2\" content=\"Est. reading time\" \/>\n\t<meta name=\"twitter:data2\" content=\"1 minute\" \/>\n<script type=\"application\/ld+json\" class=\"seo-schema-graph\">{\"@context\":\"https:\\\/\\\/schema.org\",\"@graph\":[{\"@type\":\"Article\",\"@id\":\"https:\\\/\\\/darkamazi.info\\\/archives\\\/1010950#article\",\"isPartOf\":{\"@id\":\"https:\\\/\\\/darkamazi.info\\\/archives\\\/1010950\"},\"author\":{\"name\":\"darka mazi\",\"@id\":\"https:\\\/\\\/darkamazi.info\\\/#\\\/schema\\\/person\\\/5ad3e24553a0567993fa8ed4bd0a776c\"},\"headline\":\"LI \u00ceRAQ\u00ca BALEFIR\u00caN CENG 6 TEROR\u00ceST\u00caN DAI\u015e\u2019\u00ca KU\u015eTIN\",\"datePublished\":\"2019-12-29T13:19:39+00:00\",\"mainEntityOfPage\":{\"@id\":\"https:\\\/\\\/darkamazi.info\\\/archives\\\/1010950\"},\"wordCount\":248,\"publisher\":{\"@id\":\"https:\\\/\\\/darkamazi.info\\\/#organization\"},\"image\":{\"@id\":\"https:\\\/\\\/darkamazi.info\\\/archives\\\/1010950#primaryimage\"},\"thumbnailUrl\":\"https:\\\/\\\/darkamazi.info\\\/darka-content\\\/uploads\\\/2019\\\/12\\\/iraq-dais.jpg\",\"articleSection\":[\"Rojhelata nav\u00een\"],\"inLanguage\":\"en-US\"},{\"@type\":\"WebPage\",\"@id\":\"https:\\\/\\\/darkamazi.info\\\/archives\\\/1010950\",\"url\":\"https:\\\/\\\/darkamazi.info\\\/archives\\\/1010950\",\"name\":\"LI \u00ceRAQ\u00ca BALEFIR\u00caN CENG 6 TEROR\u00ceST\u00caN DAI\u015e\u2019\u00ca KU\u015eTIN - Darka Maz\u00ee\",\"isPartOf\":{\"@id\":\"https:\\\/\\\/darkamazi.info\\\/#website\"},\"primaryImageOfPage\":{\"@id\":\"https:\\\/\\\/darkamazi.info\\\/archives\\\/1010950#primaryimage\"},\"image\":{\"@id\":\"https:\\\/\\\/darkamazi.info\\\/archives\\\/1010950#primaryimage\"},\"thumbnailUrl\":\"https:\\\/\\\/darkamazi.info\\\/darka-content\\\/uploads\\\/2019\\\/12\\\/iraq-dais.jpg\",\"datePublished\":\"2019-12-29T13:19:39+00:00\",\"breadcrumb\":{\"@id\":\"https:\\\/\\\/darkamazi.info\\\/archives\\\/1010950#breadcrumb\"},\"inLanguage\":\"en-US\",\"potentialAction\":[{\"@type\":\"ReadAction\",\"target\":[\"https:\\\/\\\/darkamazi.info\\\/archives\\\/1010950\"]}]},{\"@type\":\"ImageObject\",\"inLanguage\":\"en-US\",\"@id\":\"https:\\\/\\\/darkamazi.info\\\/archives\\\/1010950#primaryimage\",\"url\":\"https:\\\/\\\/darkamazi.info\\\/darka-content\\\/uploads\\\/2019\\\/12\\\/iraq-dais.jpg\",\"contentUrl\":\"https:\\\/\\\/darkamazi.info\\\/darka-content\\\/uploads\\\/2019\\\/12\\\/iraq-dais.jpg\",\"width\":676,\"height\":400,\"caption\":\"LI \u00ceRAQ\u00ca BALEFIR\u00caN CENG 6 TEROR\u00ceST\u00caN DAI\u015e\u2019\u00ca KU\u015eTIN\"},{\"@type\":\"BreadcrumbList\",\"@id\":\"https:\\\/\\\/darkamazi.info\\\/archives\\\/1010950#breadcrumb\",\"itemListElement\":[{\"@type\":\"ListItem\",\"position\":1,\"name\":\"Home\",\"item\":\"https:\\\/\\\/darkamazi.info\\\/\"},{\"@type\":\"ListItem\",\"position\":2,\"name\":\"LI \u00ceRAQ\u00ca BALEFIR\u00caN CENG 6 TEROR\u00ceST\u00caN DAI\u015e\u2019\u00ca KU\u015eTIN\"}]},{\"@type\":\"WebSite\",\"@id\":\"https:\\\/\\\/darkamazi.info\\\/#website\",\"url\":\"https:\\\/\\\/darkamazi.info\\\/\",\"name\":\"Darka Maz\u00ee\",\"description\":\"P\u00eageha Zanyariy\u00ean Nebih\u00eest\u00ee\",\"publisher\":{\"@id\":\"https:\\\/\\\/darkamazi.info\\\/#organization\"},\"potentialAction\":[{\"@type\":\"SearchAction\",\"target\":{\"@type\":\"EntryPoint\",\"urlTemplate\":\"https:\\\/\\\/darkamazi.info\\\/?s={search_term_string}\"},\"query-input\":{\"@type\":\"PropertyValueSpecification\",\"valueRequired\":true,\"valueName\":\"search_term_string\"}}],\"inLanguage\":\"en-US\"},{\"@type\":\"Organization\",\"@id\":\"https:\\\/\\\/darkamazi.info\\\/#organization\",\"name\":\"Darka Maz\u00ee\",\"url\":\"https:\\\/\\\/darkamazi.info\\\/\",\"logo\":{\"@type\":\"ImageObject\",\"inLanguage\":\"en-US\",\"@id\":\"https:\\\/\\\/darkamazi.info\\\/#\\\/schema\\\/logo\\\/image\\\/\",\"url\":\"https:\\\/\\\/darkamazi.info\\\/darka-content\\\/uploads\\\/2017\\\/12\\\/darka-mazi-logo.png\",\"contentUrl\":\"https:\\\/\\\/darkamazi.info\\\/darka-content\\\/uploads\\\/2017\\\/12\\\/darka-mazi-logo.png\",\"width\":151,\"height\":75,\"caption\":\"Darka Maz\u00ee\"},\"image\":{\"@id\":\"https:\\\/\\\/darkamazi.info\\\/#\\\/schema\\\/logo\\\/image\\\/\"},\"sameAs\":[\"https:\\\/\\\/www.facebook.com\\\/DarMaziKurmanci\",\"https:\\\/\\\/x.com\\\/DarkaMaziLatini\",\"https:\\\/\\\/www.instagram.com\\\/darkamazi.kurmanci\\\/\",\"https:\\\/\\\/www.youtube.com\\\/channel\\\/UCa5HkTdmI8U1qCUFuTw8B2g\"]},{\"@type\":\"Person\",\"@id\":\"https:\\\/\\\/darkamazi.info\\\/#\\\/schema\\\/person\\\/5ad3e24553a0567993fa8ed4bd0a776c\",\"name\":\"darka mazi\",\"sameAs\":[\"https:\\\/\\\/darkamazi.info\\\/\"],\"url\":\"https:\\\/\\\/darkamazi.info\\\/archives\\\/author\\\/kurdi\"}]}<\/script>\n<!-- \/ Yoast SEO plugin. -->","seo_head_json":{"title":"LI \u00ceRAQ\u00ca BALEFIR\u00caN CENG 6 TEROR\u00ceST\u00caN DAI\u015e\u2019\u00ca KU\u015eTIN - Darka Maz\u00ee","robots":{"index":"index","follow":"follow","max-snippet":"max-snippet:-1","max-image-preview":"max-image-preview:large","max-video-preview":"max-video-preview:-1"},"canonical":"https:\/\/darkamazi.info\/archives\/1010950","og_locale":"en_US","og_type":"article","og_title":"LI \u00ceRAQ\u00ca BALEFIR\u00caN CENG 6 TEROR\u00ceST\u00caN DAI\u015e\u2019\u00ca KU\u015eTIN - Darka Maz\u00ee","og_description":"Li \u00ceraq\u00ea di \u00ear\u00ee\u015fa as\u00eeman\u00ee ya dij\u00ee c\u00ee \u00fb senger\u00ean r\u00eaxistna teror\u00ea DAI\u015e\u2019\u00ea, li n\u00eaz\u00eek\u00ee s\u00eenor\u00ea S\u00fbriy\u00ea da, 6 teror\u00eest hatin ku\u015ftin. Li gor daxuyaniya pol\u00ees\u00ean federal li s\u00eenor\u00ea par\u00eazgeha M\u00fbsil\u00ea, balefir\u00ean ceng y\u00ean arte\u015fa \u00ceraq\u00ea \u00eero roja yek\u015fem\u00ee 29\/12\/2019an \u00ear\u015fa as\u00eeman\u00ee li ser c\u00ee \u00fb navend\u00ean r\u00eaxistna teror\u00ea ya DAI\u015e\u2019\u00ea li n\u00eaz\u00ee s\u00eenor\u00ea s\u00fbry\u00ea [&hellip;]","og_url":"https:\/\/darkamazi.info\/archives\/1010950","og_site_name":"Darka Maz\u00ee","article_publisher":"https:\/\/www.facebook.com\/DarMaziKurmanci","article_published_time":"2019-12-29T13:19:39+00:00","og_image":[{"width":676,"height":400,"url":"https:\/\/darkamazi.info\/file\/2019\/12\/iraq-dais.jpg","type":"image\/jpeg"}],"author":"darka mazi","twitter_card":"summary_large_image","twitter_creator":"@DarkaMaziLatini","twitter_site":"@DarkaMaziLatini","twitter_misc":{"Written by":"darka mazi","Est. reading time":"1 minute"},"schema":{"@context":"https:\/\/schema.org","@graph":[{"@type":"Article","@id":"https:\/\/darkamazi.info\/archives\/1010950#article","isPartOf":{"@id":"https:\/\/darkamazi.info\/archives\/1010950"},"author":{"name":"darka mazi","@id":"https:\/\/darkamazi.info\/#\/schema\/person\/5ad3e24553a0567993fa8ed4bd0a776c"},"headline":"LI \u00ceRAQ\u00ca BALEFIR\u00caN CENG 6 TEROR\u00ceST\u00caN DAI\u015e\u2019\u00ca KU\u015eTIN","datePublished":"2019-12-29T13:19:39+00:00","mainEntityOfPage":{"@id":"https:\/\/darkamazi.info\/archives\/1010950"},"wordCount":248,"publisher":{"@id":"https:\/\/darkamazi.info\/#organization"},"image":{"@id":"https:\/\/darkamazi.info\/archives\/1010950#primaryimage"},"thumbnailUrl":"https:\/\/darkamazi.info\/file\/2019\/12\/iraq-dais.jpg","articleSection":["Rojhelata nav\u00een"],"inLanguage":"en-US"},{"@type":"WebPage","@id":"https:\/\/darkamazi.info\/archives\/1010950","url":"https:\/\/darkamazi.info\/archives\/1010950","name":"LI \u00ceRAQ\u00ca BALEFIR\u00caN CENG 6 TEROR\u00ceST\u00caN DAI\u015e\u2019\u00ca KU\u015eTIN - Darka Maz\u00ee","isPartOf":{"@id":"https:\/\/darkamazi.info\/#website"},"primaryImageOfPage":{"@id":"https:\/\/darkamazi.info\/archives\/1010950#primaryimage"},"image":{"@id":"https:\/\/darkamazi.info\/archives\/1010950#primaryimage"},"thumbnailUrl":"https:\/\/darkamazi.info\/file\/2019\/12\/iraq-dais.jpg","datePublished":"2019-12-29T13:19:39+00:00","breadcrumb":{"@id":"https:\/\/darkamazi.info\/archives\/1010950#breadcrumb"},"inLanguage":"en-US","potentialAction":[{"@type":"ReadAction","target":["https:\/\/darkamazi.info\/archives\/1010950"]}]},{"@type":"ImageObject","inLanguage":"en-US","@id":"https:\/\/darkamazi.info\/archives\/1010950#primaryimage","url":"https:\/\/darkamazi.info\/file\/2019\/12\/iraq-dais.jpg","contentUrl":"https:\/\/darkamazi.info\/file\/2019\/12\/iraq-dais.jpg","width":676,"height":400,"caption":"LI \u00ceRAQ\u00ca BALEFIR\u00caN CENG 6 TEROR\u00ceST\u00caN DAI\u015e\u2019\u00ca KU\u015eTIN"},{"@type":"BreadcrumbList","@id":"https:\/\/darkamazi.info\/archives\/1010950#breadcrumb","itemListElement":[{"@type":"ListItem","position":1,"name":"Home","item":"https:\/\/darkamazi.info\/"},{"@type":"ListItem","position":2,"name":"LI \u00ceRAQ\u00ca BALEFIR\u00caN CENG 6 TEROR\u00ceST\u00caN DAI\u015e\u2019\u00ca KU\u015eTIN"}]},{"@type":"WebSite","@id":"https:\/\/darkamazi.info\/#website","url":"https:\/\/darkamazi.info\/","name":"Darka Maz\u00ee","description":"P\u00eageha Zanyariy\u00ean Nebih\u00eest\u00ee","publisher":{"@id":"https:\/\/darkamazi.info\/#organization"},"potentialAction":[{"@type":"SearchAction","target":{"@type":"EntryPoint","urlTemplate":"https:\/\/darkamazi.info\/?s={search_term_string}"},"query-input":{"@type":"PropertyValueSpecification","valueRequired":true,"valueName":"search_term_string"}}],"inLanguage":"en-US"},{"@type":"Organization","@id":"https:\/\/darkamazi.info\/#organization","name":"Darka Maz\u00ee","url":"https:\/\/darkamazi.info\/","logo":{"@type":"ImageObject","inLanguage":"en-US","@id":"https:\/\/darkamazi.info\/#\/schema\/logo\/image\/","url":"https:\/\/darkamazi.info\/file\/2017\/12\/darka-mazi-logo.png","contentUrl":"https:\/\/darkamazi.info\/file\/2017\/12\/darka-mazi-logo.png","width":151,"height":75,"caption":"Darka Maz\u00ee"},"image":{"@id":"https:\/\/darkamazi.info\/#\/schema\/logo\/image\/"},"sameAs":["https:\/\/www.facebook.com\/DarMaziKurmanci","https:\/\/x.com\/DarkaMaziLatini","https:\/\/www.instagram.com\/darkamazi.kurmanci\/","https:\/\/www.youtube.com\/channel\/UCa5HkTdmI8U1qCUFuTw8B2g"]},{"@type":"Person","@id":"https:\/\/darkamazi.info\/#\/schema\/person\/5ad3e24553a0567993fa8ed4bd0a776c","name":"darka mazi","sameAs":["https:\/\/darkamazi.info\/"],"url":"https:\/\/darkamazi.info\/archives\/author\/kurdi"}]}},"_links":{"self":[{"href":"https:\/\/darkamazi.info\/funavuv\/wp\/v2\/posts\/1010950","targetHints":{"allow":["GET"]}}],"collection":[{"href":"https:\/\/darkamazi.info\/funavuv\/wp\/v2\/posts"}],"about":[{"href":"https:\/\/darkamazi.info\/funavuv\/wp\/v2\/types\/post"}],"author":[{"embeddable":true,"href":"https:\/\/darkamazi.info\/funavuv\/wp\/v2\/users\/2"}],"replies":[{"embeddable":true,"href":"https:\/\/darkamazi.info\/funavuv\/wp\/v2\/comments?post=1010950"}],"version-history":[{"count":0,"href":"https:\/\/darkamazi.info\/funavuv\/wp\/v2\/posts\/1010950\/revisions"}],"wp:featuredmedia":[{"embeddable":true,"href":"https:\/\/darkamazi.info\/funavuv\/wp\/v2\/media\/1010951"}],"wp:attachment":[{"href":"https:\/\/darkamazi.info\/funavuv\/wp\/v2\/media?parent=1010950"}],"wp:term":[{"taxonomy":"category","embeddable":true,"href":"https:\/\/darkamazi.info\/funavuv\/wp\/v2\/categories?post=1010950"},{"taxonomy":"post_tag","embeddable":true,"href":"https:\/\/darkamazi.info\/funavuv\/wp\/v2\/tags?post=1010950"}],"curies":[{"name":"wp","href":"https:\/\/api.w.org\/{rel}","templated":true}]}}