{"id":1011180,"date":"2020-01-12T16:30:23","date_gmt":"2020-01-12T13:30:23","guid":{"rendered":"https:\/\/darkamazi.info\/?p=1011180"},"modified":"2020-01-12T16:30:23","modified_gmt":"2020-01-12T13:30:23","slug":"li-rojhilata-navin-bi-tene-yek-serkirde-haydari-kustina-qasim-suleymani-bu","status":"publish","type":"post","link":"https:\/\/darkamazi.info\/archives\/1011180","title":{"rendered":"LI ROJHILATA NAV\u00ceN BI TEN\u00ca YEK SERKIRDE HAYDAR\u00ce KU\u015eTINA QASIM SULEYMAN\u00ce B\u00db"},"content":{"rendered":"<h3 style=\"text-align: justify\">Rojnameyeke Emer\u00eek\u00ee amaje bi w\u00ea dike, p\u00ea\u015f ku\u015ftina Qasim Suleyman\u00ee, Emer\u00eekay\u00ea ten\u00ea serkirdeyek li rojhilata nav\u00een derbar\u00ea p\u00eelana ku\u015ftina Qasim Suleyman\u00ee fermandar\u00ea supay\u00ea Quds y\u00ea \u00ceran\u00ea de agahdar kirb\u00fb.<\/h3>\n<h3 style=\"text-align: justify\">Rojnameya \u201cNew York Times\u201d a Emer\u00eek\u00ee ragihand, Netanyahu take serkirde b\u00fbye ku ji aliy\u00ea Ma\u00eeyk Pompeo, wez\u00eer\u00ea dervey\u00ea emer\u00eekay\u00ea ve p\u00ea\u015f ku\u015ftina Qasim Suleyman\u00ee p\u00eelana ku\u015ftina Suleyman\u00ee ji w\u00ee re hatye e\u015fkere kirin.<\/h3>\n<h3 style=\"text-align: justify\">Li gor New York Times, serok wez\u00eer\u00ea \u00cesra\u00eel\u00ea Benyamin Netanyahu hatb\u00fb agahdar kirin ku Emer\u00eeka mij\u00fbl\u00ee dari\u015ftina p\u00eelaneke serbaziye ji bo ku\u015ftina Qasim Suleyman\u00ee. Ji bil\u00ee Netanyahu tu berpirs yan serkirdeyek din li rojhilata nav\u00een li ser v\u00ea b\u00fbyer\u00ea nehatb\u00fb agahdar kirin.<\/h3>\n<h3 style=\"text-align: justify\">V\u00ea rojnamey\u00ea herweha e\u015fkere kir ku Dezgeha \u00eestixbarata \u00cesra\u00eel\u00ea li S\u00fbriy\u00ea \u00e7irke bi \u00e7irke zanyariy\u00ean \u00eestixbarat\u00ee didane ajansa \u00eestixbarata navend\u00ee ya Emer\u00eekay\u00ea li ser tevger \u00fb ge\u015ft\u00ean firokevan\u00eey\u00ean Qasim Suleyman\u00ee.<\/h3>\n<h3 style=\"text-align: justify\">T\u00ea zan\u00een ku li roja 3\u00ea v\u00ea meh\u00ea, Qasim Suleyman\u00ee, fermandar\u00ea supay\u00ea Quds a supay\u00ea pasdar\u00ean \u00ceran\u00ea \u00fb Ebo Mehd\u00ee Muhendis, c\u00eagir\u00ea serok\u00ea desteya he\u015fda \u015feb\u00ee \u00fb hejmareke fermandar\u00ean supay\u00ea pasdaran \u00fb he\u015fda \u015feb\u00ee li ber firokexaneya Bexday\u00ea ji aliy\u00ea firokeya b\u00ea p\u00eelota Emer\u00eekay\u00ea ve hatin ku\u015ftin.<\/h3>\n","protected":false},"excerpt":{"rendered":"<p>Rojnameyeke Emer\u00eek\u00ee amaje bi w\u00ea dike, p\u00ea\u015f ku\u015ftina Qasim Suleyman\u00ee, Emer\u00eekay\u00ea ten\u00ea serkirdeyek li rojhilata nav\u00een derbar\u00ea p\u00eelana ku\u015ftina Qasim Suleyman\u00ee fermandar\u00ea supay\u00ea Quds y\u00ea \u00ceran\u00ea de agahdar kirb\u00fb. Rojnameya \u201cNew York Times\u201d a Emer\u00eek\u00ee ragihand, Netanyahu take serkirde b\u00fbye ku ji aliy\u00ea Ma\u00eeyk Pompeo, wez\u00eer\u00ea dervey\u00ea emer\u00eekay\u00ea ve p\u00ea\u015f ku\u015ftina Qasim Suleyman\u00ee p\u00eelana ku\u015ftina [&hellip;]<\/p>\n","protected":false},"author":2,"featured_media":1011181,"comment_status":"closed","ping_status":"closed","sticky":false,"template":"","format":"standard","meta":{"footnotes":""},"categories":[30],"tags":[37],"class_list":["post-1011180","post","type-post","status-publish","format-standard","has-post-thumbnail","hentry","category-cihan","tag-sereke"],"blocksy_meta":[],"seo_head":"<!-- This site is optimized with the Yoast SEO plugin v27.5 - https:\/\/yoast.com\/product\/yoast-seo-wordpress\/ -->\n<title>LI ROJHILATA NAV\u00ceN BI TEN\u00ca YEK SERKIRDE HAYDAR\u00ce KU\u015eTINA QASIM SULEYMAN\u00ce B\u00db - Darka Maz\u00ee<\/title>\n<meta name=\"robots\" content=\"index, follow, max-snippet:-1, max-image-preview:large, max-video-preview:-1\" \/>\n<link rel=\"canonical\" href=\"https:\/\/darkamazi.info\/archives\/1011180\" \/>\n<meta property=\"og:locale\" content=\"en_US\" \/>\n<meta property=\"og:type\" content=\"article\" \/>\n<meta property=\"og:title\" content=\"LI ROJHILATA NAV\u00ceN BI TEN\u00ca YEK SERKIRDE HAYDAR\u00ce KU\u015eTINA QASIM SULEYMAN\u00ce B\u00db - Darka Maz\u00ee\" \/>\n<meta property=\"og:description\" content=\"Rojnameyeke Emer\u00eek\u00ee amaje bi w\u00ea dike, p\u00ea\u015f ku\u015ftina Qasim Suleyman\u00ee, Emer\u00eekay\u00ea ten\u00ea serkirdeyek li rojhilata nav\u00een derbar\u00ea p\u00eelana ku\u015ftina Qasim Suleyman\u00ee fermandar\u00ea supay\u00ea Quds y\u00ea \u00ceran\u00ea de agahdar kirb\u00fb. Rojnameya \u201cNew York Times\u201d a Emer\u00eek\u00ee ragihand, Netanyahu take serkirde b\u00fbye ku ji aliy\u00ea Ma\u00eeyk Pompeo, wez\u00eer\u00ea dervey\u00ea emer\u00eekay\u00ea ve p\u00ea\u015f ku\u015ftina Qasim Suleyman\u00ee p\u00eelana ku\u015ftina [&hellip;]\" \/>\n<meta property=\"og:url\" content=\"https:\/\/darkamazi.info\/archives\/1011180\" \/>\n<meta property=\"og:site_name\" content=\"Darka Maz\u00ee\" \/>\n<meta property=\"article:publisher\" content=\"https:\/\/www.facebook.com\/DarMaziKurmanci\" \/>\n<meta property=\"article:published_time\" content=\"2020-01-12T13:30:23+00:00\" \/>\n<meta property=\"og:image\" content=\"https:\/\/darkamazi.info\/file\/2020\/01\/qasim.jpg\" \/>\n\t<meta property=\"og:image:width\" content=\"800\" \/>\n\t<meta property=\"og:image:height\" content=\"475\" \/>\n\t<meta property=\"og:image:type\" content=\"image\/jpeg\" \/>\n<meta name=\"author\" content=\"darka mazi\" \/>\n<meta name=\"twitter:card\" content=\"summary_large_image\" \/>\n<meta name=\"twitter:creator\" content=\"@DarkaMaziLatini\" \/>\n<meta name=\"twitter:site\" content=\"@DarkaMaziLatini\" \/>\n<meta name=\"twitter:label1\" content=\"Written by\" \/>\n\t<meta name=\"twitter:data1\" content=\"darka mazi\" \/>\n\t<meta name=\"twitter:label2\" content=\"Est. reading time\" \/>\n\t<meta name=\"twitter:data2\" content=\"1 minute\" \/>\n<script type=\"application\/ld+json\" class=\"seo-schema-graph\">{\"@context\":\"https:\\\/\\\/schema.org\",\"@graph\":[{\"@type\":\"Article\",\"@id\":\"https:\\\/\\\/darkamazi.info\\\/archives\\\/1011180#article\",\"isPartOf\":{\"@id\":\"https:\\\/\\\/darkamazi.info\\\/archives\\\/1011180\"},\"author\":{\"name\":\"darka mazi\",\"@id\":\"https:\\\/\\\/darkamazi.info\\\/#\\\/schema\\\/person\\\/5ad3e24553a0567993fa8ed4bd0a776c\"},\"headline\":\"LI ROJHILATA NAV\u00ceN BI TEN\u00ca YEK SERKIRDE HAYDAR\u00ce KU\u015eTINA QASIM SULEYMAN\u00ce B\u00db\",\"datePublished\":\"2020-01-12T13:30:23+00:00\",\"mainEntityOfPage\":{\"@id\":\"https:\\\/\\\/darkamazi.info\\\/archives\\\/1011180\"},\"wordCount\":232,\"publisher\":{\"@id\":\"https:\\\/\\\/darkamazi.info\\\/#organization\"},\"image\":{\"@id\":\"https:\\\/\\\/darkamazi.info\\\/archives\\\/1011180#primaryimage\"},\"thumbnailUrl\":\"https:\\\/\\\/darkamazi.info\\\/darka-content\\\/uploads\\\/2020\\\/01\\\/qasim.jpg\",\"keywords\":[\"sereke\"],\"articleSection\":[\"C\u00eehan\"],\"inLanguage\":\"en-US\"},{\"@type\":\"WebPage\",\"@id\":\"https:\\\/\\\/darkamazi.info\\\/archives\\\/1011180\",\"url\":\"https:\\\/\\\/darkamazi.info\\\/archives\\\/1011180\",\"name\":\"LI ROJHILATA NAV\u00ceN BI TEN\u00ca YEK SERKIRDE HAYDAR\u00ce KU\u015eTINA QASIM SULEYMAN\u00ce B\u00db - Darka Maz\u00ee\",\"isPartOf\":{\"@id\":\"https:\\\/\\\/darkamazi.info\\\/#website\"},\"primaryImageOfPage\":{\"@id\":\"https:\\\/\\\/darkamazi.info\\\/archives\\\/1011180#primaryimage\"},\"image\":{\"@id\":\"https:\\\/\\\/darkamazi.info\\\/archives\\\/1011180#primaryimage\"},\"thumbnailUrl\":\"https:\\\/\\\/darkamazi.info\\\/darka-content\\\/uploads\\\/2020\\\/01\\\/qasim.jpg\",\"datePublished\":\"2020-01-12T13:30:23+00:00\",\"breadcrumb\":{\"@id\":\"https:\\\/\\\/darkamazi.info\\\/archives\\\/1011180#breadcrumb\"},\"inLanguage\":\"en-US\",\"potentialAction\":[{\"@type\":\"ReadAction\",\"target\":[\"https:\\\/\\\/darkamazi.info\\\/archives\\\/1011180\"]}]},{\"@type\":\"ImageObject\",\"inLanguage\":\"en-US\",\"@id\":\"https:\\\/\\\/darkamazi.info\\\/archives\\\/1011180#primaryimage\",\"url\":\"https:\\\/\\\/darkamazi.info\\\/darka-content\\\/uploads\\\/2020\\\/01\\\/qasim.jpg\",\"contentUrl\":\"https:\\\/\\\/darkamazi.info\\\/darka-content\\\/uploads\\\/2020\\\/01\\\/qasim.jpg\",\"width\":800,\"height\":475,\"caption\":\"LI ROJHILATA NAV\u00ceN BI TEN\u00ca YEK SERKIRDE HAYDAR\u00ce KU\u015eTINA QASIM SULEYMAN\u00ce B\u00db\"},{\"@type\":\"BreadcrumbList\",\"@id\":\"https:\\\/\\\/darkamazi.info\\\/archives\\\/1011180#breadcrumb\",\"itemListElement\":[{\"@type\":\"ListItem\",\"position\":1,\"name\":\"Home\",\"item\":\"https:\\\/\\\/darkamazi.info\\\/\"},{\"@type\":\"ListItem\",\"position\":2,\"name\":\"LI ROJHILATA NAV\u00ceN BI TEN\u00ca YEK SERKIRDE HAYDAR\u00ce KU\u015eTINA QASIM SULEYMAN\u00ce B\u00db\"}]},{\"@type\":\"WebSite\",\"@id\":\"https:\\\/\\\/darkamazi.info\\\/#website\",\"url\":\"https:\\\/\\\/darkamazi.info\\\/\",\"name\":\"Darka Maz\u00ee\",\"description\":\"P\u00eageha Zanyariy\u00ean Nebih\u00eest\u00ee\",\"publisher\":{\"@id\":\"https:\\\/\\\/darkamazi.info\\\/#organization\"},\"potentialAction\":[{\"@type\":\"SearchAction\",\"target\":{\"@type\":\"EntryPoint\",\"urlTemplate\":\"https:\\\/\\\/darkamazi.info\\\/?s={search_term_string}\"},\"query-input\":{\"@type\":\"PropertyValueSpecification\",\"valueRequired\":true,\"valueName\":\"search_term_string\"}}],\"inLanguage\":\"en-US\"},{\"@type\":\"Organization\",\"@id\":\"https:\\\/\\\/darkamazi.info\\\/#organization\",\"name\":\"Darka Maz\u00ee\",\"url\":\"https:\\\/\\\/darkamazi.info\\\/\",\"logo\":{\"@type\":\"ImageObject\",\"inLanguage\":\"en-US\",\"@id\":\"https:\\\/\\\/darkamazi.info\\\/#\\\/schema\\\/logo\\\/image\\\/\",\"url\":\"https:\\\/\\\/darkamazi.info\\\/darka-content\\\/uploads\\\/2017\\\/12\\\/darka-mazi-logo.png\",\"contentUrl\":\"https:\\\/\\\/darkamazi.info\\\/darka-content\\\/uploads\\\/2017\\\/12\\\/darka-mazi-logo.png\",\"width\":151,\"height\":75,\"caption\":\"Darka Maz\u00ee\"},\"image\":{\"@id\":\"https:\\\/\\\/darkamazi.info\\\/#\\\/schema\\\/logo\\\/image\\\/\"},\"sameAs\":[\"https:\\\/\\\/www.facebook.com\\\/DarMaziKurmanci\",\"https:\\\/\\\/x.com\\\/DarkaMaziLatini\",\"https:\\\/\\\/www.instagram.com\\\/darkamazi.kurmanci\\\/\",\"https:\\\/\\\/www.youtube.com\\\/channel\\\/UCa5HkTdmI8U1qCUFuTw8B2g\"]},{\"@type\":\"Person\",\"@id\":\"https:\\\/\\\/darkamazi.info\\\/#\\\/schema\\\/person\\\/5ad3e24553a0567993fa8ed4bd0a776c\",\"name\":\"darka mazi\",\"sameAs\":[\"https:\\\/\\\/darkamazi.info\\\/\"],\"url\":\"https:\\\/\\\/darkamazi.info\\\/archives\\\/author\\\/kurdi\"}]}<\/script>\n<!-- \/ Yoast SEO plugin. -->","seo_head_json":{"title":"LI ROJHILATA NAV\u00ceN BI TEN\u00ca YEK SERKIRDE HAYDAR\u00ce KU\u015eTINA QASIM SULEYMAN\u00ce B\u00db - Darka Maz\u00ee","robots":{"index":"index","follow":"follow","max-snippet":"max-snippet:-1","max-image-preview":"max-image-preview:large","max-video-preview":"max-video-preview:-1"},"canonical":"https:\/\/darkamazi.info\/archives\/1011180","og_locale":"en_US","og_type":"article","og_title":"LI ROJHILATA NAV\u00ceN BI TEN\u00ca YEK SERKIRDE HAYDAR\u00ce KU\u015eTINA QASIM SULEYMAN\u00ce B\u00db - Darka Maz\u00ee","og_description":"Rojnameyeke Emer\u00eek\u00ee amaje bi w\u00ea dike, p\u00ea\u015f ku\u015ftina Qasim Suleyman\u00ee, Emer\u00eekay\u00ea ten\u00ea serkirdeyek li rojhilata nav\u00een derbar\u00ea p\u00eelana ku\u015ftina Qasim Suleyman\u00ee fermandar\u00ea supay\u00ea Quds y\u00ea \u00ceran\u00ea de agahdar kirb\u00fb. Rojnameya \u201cNew York Times\u201d a Emer\u00eek\u00ee ragihand, Netanyahu take serkirde b\u00fbye ku ji aliy\u00ea Ma\u00eeyk Pompeo, wez\u00eer\u00ea dervey\u00ea emer\u00eekay\u00ea ve p\u00ea\u015f ku\u015ftina Qasim Suleyman\u00ee p\u00eelana ku\u015ftina [&hellip;]","og_url":"https:\/\/darkamazi.info\/archives\/1011180","og_site_name":"Darka Maz\u00ee","article_publisher":"https:\/\/www.facebook.com\/DarMaziKurmanci","article_published_time":"2020-01-12T13:30:23+00:00","og_image":[{"width":800,"height":475,"url":"https:\/\/darkamazi.info\/file\/2020\/01\/qasim.jpg","type":"image\/jpeg"}],"author":"darka mazi","twitter_card":"summary_large_image","twitter_creator":"@DarkaMaziLatini","twitter_site":"@DarkaMaziLatini","twitter_misc":{"Written by":"darka mazi","Est. reading time":"1 minute"},"schema":{"@context":"https:\/\/schema.org","@graph":[{"@type":"Article","@id":"https:\/\/darkamazi.info\/archives\/1011180#article","isPartOf":{"@id":"https:\/\/darkamazi.info\/archives\/1011180"},"author":{"name":"darka mazi","@id":"https:\/\/darkamazi.info\/#\/schema\/person\/5ad3e24553a0567993fa8ed4bd0a776c"},"headline":"LI ROJHILATA NAV\u00ceN BI TEN\u00ca YEK SERKIRDE HAYDAR\u00ce KU\u015eTINA QASIM SULEYMAN\u00ce B\u00db","datePublished":"2020-01-12T13:30:23+00:00","mainEntityOfPage":{"@id":"https:\/\/darkamazi.info\/archives\/1011180"},"wordCount":232,"publisher":{"@id":"https:\/\/darkamazi.info\/#organization"},"image":{"@id":"https:\/\/darkamazi.info\/archives\/1011180#primaryimage"},"thumbnailUrl":"https:\/\/darkamazi.info\/file\/2020\/01\/qasim.jpg","keywords":["sereke"],"articleSection":["C\u00eehan"],"inLanguage":"en-US"},{"@type":"WebPage","@id":"https:\/\/darkamazi.info\/archives\/1011180","url":"https:\/\/darkamazi.info\/archives\/1011180","name":"LI ROJHILATA NAV\u00ceN BI TEN\u00ca YEK SERKIRDE HAYDAR\u00ce KU\u015eTINA QASIM SULEYMAN\u00ce B\u00db - Darka Maz\u00ee","isPartOf":{"@id":"https:\/\/darkamazi.info\/#website"},"primaryImageOfPage":{"@id":"https:\/\/darkamazi.info\/archives\/1011180#primaryimage"},"image":{"@id":"https:\/\/darkamazi.info\/archives\/1011180#primaryimage"},"thumbnailUrl":"https:\/\/darkamazi.info\/file\/2020\/01\/qasim.jpg","datePublished":"2020-01-12T13:30:23+00:00","breadcrumb":{"@id":"https:\/\/darkamazi.info\/archives\/1011180#breadcrumb"},"inLanguage":"en-US","potentialAction":[{"@type":"ReadAction","target":["https:\/\/darkamazi.info\/archives\/1011180"]}]},{"@type":"ImageObject","inLanguage":"en-US","@id":"https:\/\/darkamazi.info\/archives\/1011180#primaryimage","url":"https:\/\/darkamazi.info\/file\/2020\/01\/qasim.jpg","contentUrl":"https:\/\/darkamazi.info\/file\/2020\/01\/qasim.jpg","width":800,"height":475,"caption":"LI ROJHILATA NAV\u00ceN BI TEN\u00ca YEK SERKIRDE HAYDAR\u00ce KU\u015eTINA QASIM SULEYMAN\u00ce B\u00db"},{"@type":"BreadcrumbList","@id":"https:\/\/darkamazi.info\/archives\/1011180#breadcrumb","itemListElement":[{"@type":"ListItem","position":1,"name":"Home","item":"https:\/\/darkamazi.info\/"},{"@type":"ListItem","position":2,"name":"LI ROJHILATA NAV\u00ceN BI TEN\u00ca YEK SERKIRDE HAYDAR\u00ce KU\u015eTINA QASIM SULEYMAN\u00ce B\u00db"}]},{"@type":"WebSite","@id":"https:\/\/darkamazi.info\/#website","url":"https:\/\/darkamazi.info\/","name":"Darka Maz\u00ee","description":"P\u00eageha Zanyariy\u00ean Nebih\u00eest\u00ee","publisher":{"@id":"https:\/\/darkamazi.info\/#organization"},"potentialAction":[{"@type":"SearchAction","target":{"@type":"EntryPoint","urlTemplate":"https:\/\/darkamazi.info\/?s={search_term_string}"},"query-input":{"@type":"PropertyValueSpecification","valueRequired":true,"valueName":"search_term_string"}}],"inLanguage":"en-US"},{"@type":"Organization","@id":"https:\/\/darkamazi.info\/#organization","name":"Darka Maz\u00ee","url":"https:\/\/darkamazi.info\/","logo":{"@type":"ImageObject","inLanguage":"en-US","@id":"https:\/\/darkamazi.info\/#\/schema\/logo\/image\/","url":"https:\/\/darkamazi.info\/file\/2017\/12\/darka-mazi-logo.png","contentUrl":"https:\/\/darkamazi.info\/file\/2017\/12\/darka-mazi-logo.png","width":151,"height":75,"caption":"Darka Maz\u00ee"},"image":{"@id":"https:\/\/darkamazi.info\/#\/schema\/logo\/image\/"},"sameAs":["https:\/\/www.facebook.com\/DarMaziKurmanci","https:\/\/x.com\/DarkaMaziLatini","https:\/\/www.instagram.com\/darkamazi.kurmanci\/","https:\/\/www.youtube.com\/channel\/UCa5HkTdmI8U1qCUFuTw8B2g"]},{"@type":"Person","@id":"https:\/\/darkamazi.info\/#\/schema\/person\/5ad3e24553a0567993fa8ed4bd0a776c","name":"darka mazi","sameAs":["https:\/\/darkamazi.info\/"],"url":"https:\/\/darkamazi.info\/archives\/author\/kurdi"}]}},"_links":{"self":[{"href":"https:\/\/darkamazi.info\/funavuv\/wp\/v2\/posts\/1011180","targetHints":{"allow":["GET"]}}],"collection":[{"href":"https:\/\/darkamazi.info\/funavuv\/wp\/v2\/posts"}],"about":[{"href":"https:\/\/darkamazi.info\/funavuv\/wp\/v2\/types\/post"}],"author":[{"embeddable":true,"href":"https:\/\/darkamazi.info\/funavuv\/wp\/v2\/users\/2"}],"replies":[{"embeddable":true,"href":"https:\/\/darkamazi.info\/funavuv\/wp\/v2\/comments?post=1011180"}],"version-history":[{"count":0,"href":"https:\/\/darkamazi.info\/funavuv\/wp\/v2\/posts\/1011180\/revisions"}],"wp:featuredmedia":[{"embeddable":true,"href":"https:\/\/darkamazi.info\/funavuv\/wp\/v2\/media\/1011181"}],"wp:attachment":[{"href":"https:\/\/darkamazi.info\/funavuv\/wp\/v2\/media?parent=1011180"}],"wp:term":[{"taxonomy":"category","embeddable":true,"href":"https:\/\/darkamazi.info\/funavuv\/wp\/v2\/categories?post=1011180"},{"taxonomy":"post_tag","embeddable":true,"href":"https:\/\/darkamazi.info\/funavuv\/wp\/v2\/tags?post=1011180"}],"curies":[{"name":"wp","href":"https:\/\/api.w.org\/{rel}","templated":true}]}}