{"id":1011225,"date":"2020-01-14T21:03:05","date_gmt":"2020-01-14T18:03:05","guid":{"rendered":"https:\/\/darkamazi.info\/?p=1011225"},"modified":"2020-01-14T21:03:05","modified_gmt":"2020-01-14T18:03:05","slug":"erdogan-gefan-li-hefter-dike","status":"publish","type":"post","link":"https:\/\/darkamazi.info\/archives\/1011225","title":{"rendered":"ERDOGAN GEFAN LI HEFTER DIKE"},"content":{"rendered":"<h3 style=\"text-align: justify\"><span style=\"font-family: 'arial black', sans-serif\">Tirkiy\u00ea sebaret \u00ear\u00ee\u015f kirin li ser h\u00eaz\u00ean hik\u00fbmeta L\u00eebya li Terablus\u00ea hi\u015fdariy\u00ea dide ceneral Hefter, fermandar\u00ea arte\u015fa netewey\u00ee y\u00ea L\u00eebyay\u00ea.<\/span><\/h3>\n<h3 style=\"text-align: justify\">\u00a0Receb Tey\u00eeb Erdogan, serok komar\u00ea Tirkiy\u00ea dib\u00eaje: &#8220;em li Tirkiy\u00ea berpirsyar\u00een ji parastina gel\u00ea xwe li L\u00eebyay\u00ea&#8221; \u00fb gotiye ku ger Tirkiy\u00ea destwerdan di L\u00eebya de nekiriba, h\u00eaz\u00ean Ceneral Hel\u00eefe Hefter da hem\u00fb L\u00eebyay\u00ea b\u00eaxe bin desthilatdariya xwe de.<\/h3>\n<h3 style=\"text-align: justify\">\u00a0Her wiha Erdogan ragihand ku ger ceneral Hefter, \u00ear\u00ee\u015f\u00ee hik\u00fbmeta L\u00eebyay\u00ea ku civaka navdewlet\u00ee ew bi ferm\u00ee nasandiye bike, Tirkiy\u00ea w\u00ea waneyek\u00ea bi w\u00ee bide ku tu caran ji b\u00eer neke.<\/h3>\n<h3 style=\"text-align: justify\">Roja rab\u00fbr\u00ee, Fayiz El Serac, serok wez\u00eer\u00ea hik\u00fbmeta W\u00eefaq ya netew\u00ee ya L\u00eebyay\u00ea, \u00fb ceneral Hefter, serok\u00ea arte\u015fa netewey\u00ee ya L\u00eebyay\u00ea, bi awayeke ne raste rast di civ\u00eenek\u00ea de li Moskoy\u00ea be\u015fdar b\u00fbn, herdu al\u00ee gihab\u00fbn lihevhatin\u00ea li ser agirbesta demk\u00ee.<\/h3>\n<h3 style=\"text-align: justify\">L\u00ea roja s\u00ea\u015fem\u00ee 14\/1\/2020an hat e\u015fkere kirin ku R\u00fbsya \u00fb Tirkiy\u00ea ku palpi\u015ft\u00ean v\u00ea civ\u00een\u00ea b\u00fbn nekar\u00een ceneral Hefter raz\u00ee bikin ku ji operasyon\u00ean xwe y\u00ean 9 v\u00ea meh\u00ea ji bo kontrol kirina paytexta L\u00eebyay\u00ea pa\u015fgez bibe.<\/h3>\n<h3 style=\"text-align: justify\">Civ\u00eena Moskoy\u00ea n\u00fbtir\u00een bizavin ji bo vegerandina aramiy\u00ea ji bo L\u00eebyay\u00ea ku ji dema jinav\u00e7\u00fbna rej\u00eama Mu&#8217;emer Qezaf\u00ee li sala 2011an, b\u00fb meydana pev\u00e7\u00fbn\u00ean hoz \u00fb aliy\u00ean di nava L\u00eebyay\u00ea de.<\/h3>\n","protected":false},"excerpt":{"rendered":"<p>Tirkiy\u00ea sebaret \u00ear\u00ee\u015f kirin li ser h\u00eaz\u00ean hik\u00fbmeta L\u00eebya li Terablus\u00ea hi\u015fdariy\u00ea dide ceneral Hefter, fermandar\u00ea arte\u015fa netewey\u00ee y\u00ea L\u00eebyay\u00ea. \u00a0Receb Tey\u00eeb Erdogan, serok komar\u00ea Tirkiy\u00ea dib\u00eaje: &#8220;em li Tirkiy\u00ea berpirsyar\u00een ji parastina gel\u00ea xwe li L\u00eebyay\u00ea&#8221; \u00fb gotiye ku ger Tirkiy\u00ea destwerdan di L\u00eebya de nekiriba, h\u00eaz\u00ean Ceneral Hel\u00eefe Hefter da hem\u00fb L\u00eebyay\u00ea b\u00eaxe [&hellip;]<\/p>\n","protected":false},"author":2,"featured_media":1011227,"comment_status":"closed","ping_status":"closed","sticky":false,"template":"","format":"standard","meta":{"footnotes":""},"categories":[31],"tags":[37],"class_list":["post-1011225","post","type-post","status-publish","format-standard","has-post-thumbnail","hentry","category-rojhelata-navin","tag-sereke"],"blocksy_meta":[],"seo_head":"<!-- This site is optimized with the Yoast SEO plugin v27.5 - https:\/\/yoast.com\/product\/yoast-seo-wordpress\/ -->\n<title>ERDOGAN GEFAN LI HEFTER DIKE - Darka Maz\u00ee<\/title>\n<meta name=\"robots\" content=\"index, follow, max-snippet:-1, max-image-preview:large, max-video-preview:-1\" \/>\n<link rel=\"canonical\" href=\"https:\/\/darkamazi.info\/archives\/1011225\" \/>\n<meta property=\"og:locale\" content=\"en_US\" \/>\n<meta property=\"og:type\" content=\"article\" \/>\n<meta property=\"og:title\" content=\"ERDOGAN GEFAN LI HEFTER DIKE - Darka Maz\u00ee\" \/>\n<meta property=\"og:description\" content=\"Tirkiy\u00ea sebaret \u00ear\u00ee\u015f kirin li ser h\u00eaz\u00ean hik\u00fbmeta L\u00eebya li Terablus\u00ea hi\u015fdariy\u00ea dide ceneral Hefter, fermandar\u00ea arte\u015fa netewey\u00ee y\u00ea L\u00eebyay\u00ea. \u00a0Receb Tey\u00eeb Erdogan, serok komar\u00ea Tirkiy\u00ea dib\u00eaje: &#8220;em li Tirkiy\u00ea berpirsyar\u00een ji parastina gel\u00ea xwe li L\u00eebyay\u00ea&#8221; \u00fb gotiye ku ger Tirkiy\u00ea destwerdan di L\u00eebya de nekiriba, h\u00eaz\u00ean Ceneral Hel\u00eefe Hefter da hem\u00fb L\u00eebyay\u00ea b\u00eaxe [&hellip;]\" \/>\n<meta property=\"og:url\" content=\"https:\/\/darkamazi.info\/archives\/1011225\" \/>\n<meta property=\"og:site_name\" content=\"Darka Maz\u00ee\" \/>\n<meta property=\"article:publisher\" content=\"https:\/\/www.facebook.com\/DarMaziKurmanci\" \/>\n<meta property=\"article:published_time\" content=\"2020-01-14T18:03:05+00:00\" \/>\n<meta property=\"og:image\" content=\"https:\/\/darkamazi.info\/file\/2020\/01\/Erdogan-Haftar.jpg\" \/>\n\t<meta property=\"og:image:width\" content=\"640\" \/>\n\t<meta property=\"og:image:height\" content=\"402\" \/>\n\t<meta property=\"og:image:type\" content=\"image\/jpeg\" \/>\n<meta name=\"author\" content=\"darka mazi\" \/>\n<meta name=\"twitter:card\" content=\"summary_large_image\" \/>\n<meta name=\"twitter:creator\" content=\"@DarkaMaziLatini\" \/>\n<meta name=\"twitter:site\" content=\"@DarkaMaziLatini\" \/>\n<meta name=\"twitter:label1\" content=\"Written by\" \/>\n\t<meta name=\"twitter:data1\" content=\"darka mazi\" \/>\n\t<meta name=\"twitter:label2\" content=\"Est. reading time\" \/>\n\t<meta name=\"twitter:data2\" content=\"1 minute\" \/>\n<script type=\"application\/ld+json\" class=\"seo-schema-graph\">{\"@context\":\"https:\\\/\\\/schema.org\",\"@graph\":[{\"@type\":\"Article\",\"@id\":\"https:\\\/\\\/darkamazi.info\\\/archives\\\/1011225#article\",\"isPartOf\":{\"@id\":\"https:\\\/\\\/darkamazi.info\\\/archives\\\/1011225\"},\"author\":{\"name\":\"darka mazi\",\"@id\":\"https:\\\/\\\/darkamazi.info\\\/#\\\/schema\\\/person\\\/5ad3e24553a0567993fa8ed4bd0a776c\"},\"headline\":\"ERDOGAN GEFAN LI HEFTER DIKE\",\"datePublished\":\"2020-01-14T18:03:05+00:00\",\"mainEntityOfPage\":{\"@id\":\"https:\\\/\\\/darkamazi.info\\\/archives\\\/1011225\"},\"wordCount\":253,\"publisher\":{\"@id\":\"https:\\\/\\\/darkamazi.info\\\/#organization\"},\"image\":{\"@id\":\"https:\\\/\\\/darkamazi.info\\\/archives\\\/1011225#primaryimage\"},\"thumbnailUrl\":\"https:\\\/\\\/darkamazi.info\\\/darka-content\\\/uploads\\\/2020\\\/01\\\/Erdogan-Haftar.jpg\",\"keywords\":[\"sereke\"],\"articleSection\":[\"Rojhelata nav\u00een\"],\"inLanguage\":\"en-US\"},{\"@type\":\"WebPage\",\"@id\":\"https:\\\/\\\/darkamazi.info\\\/archives\\\/1011225\",\"url\":\"https:\\\/\\\/darkamazi.info\\\/archives\\\/1011225\",\"name\":\"ERDOGAN GEFAN LI HEFTER DIKE - Darka Maz\u00ee\",\"isPartOf\":{\"@id\":\"https:\\\/\\\/darkamazi.info\\\/#website\"},\"primaryImageOfPage\":{\"@id\":\"https:\\\/\\\/darkamazi.info\\\/archives\\\/1011225#primaryimage\"},\"image\":{\"@id\":\"https:\\\/\\\/darkamazi.info\\\/archives\\\/1011225#primaryimage\"},\"thumbnailUrl\":\"https:\\\/\\\/darkamazi.info\\\/darka-content\\\/uploads\\\/2020\\\/01\\\/Erdogan-Haftar.jpg\",\"datePublished\":\"2020-01-14T18:03:05+00:00\",\"breadcrumb\":{\"@id\":\"https:\\\/\\\/darkamazi.info\\\/archives\\\/1011225#breadcrumb\"},\"inLanguage\":\"en-US\",\"potentialAction\":[{\"@type\":\"ReadAction\",\"target\":[\"https:\\\/\\\/darkamazi.info\\\/archives\\\/1011225\"]}]},{\"@type\":\"ImageObject\",\"inLanguage\":\"en-US\",\"@id\":\"https:\\\/\\\/darkamazi.info\\\/archives\\\/1011225#primaryimage\",\"url\":\"https:\\\/\\\/darkamazi.info\\\/darka-content\\\/uploads\\\/2020\\\/01\\\/Erdogan-Haftar.jpg\",\"contentUrl\":\"https:\\\/\\\/darkamazi.info\\\/darka-content\\\/uploads\\\/2020\\\/01\\\/Erdogan-Haftar.jpg\",\"width\":640,\"height\":402,\"caption\":\"ERDOGAN GEFAN LI HEFTER DIKE\"},{\"@type\":\"BreadcrumbList\",\"@id\":\"https:\\\/\\\/darkamazi.info\\\/archives\\\/1011225#breadcrumb\",\"itemListElement\":[{\"@type\":\"ListItem\",\"position\":1,\"name\":\"Home\",\"item\":\"https:\\\/\\\/darkamazi.info\\\/\"},{\"@type\":\"ListItem\",\"position\":2,\"name\":\"ERDOGAN GEFAN LI HEFTER DIKE\"}]},{\"@type\":\"WebSite\",\"@id\":\"https:\\\/\\\/darkamazi.info\\\/#website\",\"url\":\"https:\\\/\\\/darkamazi.info\\\/\",\"name\":\"Darka Maz\u00ee\",\"description\":\"P\u00eageha Zanyariy\u00ean Nebih\u00eest\u00ee\",\"publisher\":{\"@id\":\"https:\\\/\\\/darkamazi.info\\\/#organization\"},\"potentialAction\":[{\"@type\":\"SearchAction\",\"target\":{\"@type\":\"EntryPoint\",\"urlTemplate\":\"https:\\\/\\\/darkamazi.info\\\/?s={search_term_string}\"},\"query-input\":{\"@type\":\"PropertyValueSpecification\",\"valueRequired\":true,\"valueName\":\"search_term_string\"}}],\"inLanguage\":\"en-US\"},{\"@type\":\"Organization\",\"@id\":\"https:\\\/\\\/darkamazi.info\\\/#organization\",\"name\":\"Darka Maz\u00ee\",\"url\":\"https:\\\/\\\/darkamazi.info\\\/\",\"logo\":{\"@type\":\"ImageObject\",\"inLanguage\":\"en-US\",\"@id\":\"https:\\\/\\\/darkamazi.info\\\/#\\\/schema\\\/logo\\\/image\\\/\",\"url\":\"https:\\\/\\\/darkamazi.info\\\/darka-content\\\/uploads\\\/2017\\\/12\\\/darka-mazi-logo.png\",\"contentUrl\":\"https:\\\/\\\/darkamazi.info\\\/darka-content\\\/uploads\\\/2017\\\/12\\\/darka-mazi-logo.png\",\"width\":151,\"height\":75,\"caption\":\"Darka Maz\u00ee\"},\"image\":{\"@id\":\"https:\\\/\\\/darkamazi.info\\\/#\\\/schema\\\/logo\\\/image\\\/\"},\"sameAs\":[\"https:\\\/\\\/www.facebook.com\\\/DarMaziKurmanci\",\"https:\\\/\\\/x.com\\\/DarkaMaziLatini\",\"https:\\\/\\\/www.instagram.com\\\/darkamazi.kurmanci\\\/\",\"https:\\\/\\\/www.youtube.com\\\/channel\\\/UCa5HkTdmI8U1qCUFuTw8B2g\"]},{\"@type\":\"Person\",\"@id\":\"https:\\\/\\\/darkamazi.info\\\/#\\\/schema\\\/person\\\/5ad3e24553a0567993fa8ed4bd0a776c\",\"name\":\"darka mazi\",\"sameAs\":[\"https:\\\/\\\/darkamazi.info\\\/\"],\"url\":\"https:\\\/\\\/darkamazi.info\\\/archives\\\/author\\\/kurdi\"}]}<\/script>\n<!-- \/ Yoast SEO plugin. -->","seo_head_json":{"title":"ERDOGAN GEFAN LI HEFTER DIKE - Darka Maz\u00ee","robots":{"index":"index","follow":"follow","max-snippet":"max-snippet:-1","max-image-preview":"max-image-preview:large","max-video-preview":"max-video-preview:-1"},"canonical":"https:\/\/darkamazi.info\/archives\/1011225","og_locale":"en_US","og_type":"article","og_title":"ERDOGAN GEFAN LI HEFTER DIKE - Darka Maz\u00ee","og_description":"Tirkiy\u00ea sebaret \u00ear\u00ee\u015f kirin li ser h\u00eaz\u00ean hik\u00fbmeta L\u00eebya li Terablus\u00ea hi\u015fdariy\u00ea dide ceneral Hefter, fermandar\u00ea arte\u015fa netewey\u00ee y\u00ea L\u00eebyay\u00ea. \u00a0Receb Tey\u00eeb Erdogan, serok komar\u00ea Tirkiy\u00ea dib\u00eaje: &#8220;em li Tirkiy\u00ea berpirsyar\u00een ji parastina gel\u00ea xwe li L\u00eebyay\u00ea&#8221; \u00fb gotiye ku ger Tirkiy\u00ea destwerdan di L\u00eebya de nekiriba, h\u00eaz\u00ean Ceneral Hel\u00eefe Hefter da hem\u00fb L\u00eebyay\u00ea b\u00eaxe [&hellip;]","og_url":"https:\/\/darkamazi.info\/archives\/1011225","og_site_name":"Darka Maz\u00ee","article_publisher":"https:\/\/www.facebook.com\/DarMaziKurmanci","article_published_time":"2020-01-14T18:03:05+00:00","og_image":[{"width":640,"height":402,"url":"https:\/\/darkamazi.info\/file\/2020\/01\/Erdogan-Haftar.jpg","type":"image\/jpeg"}],"author":"darka mazi","twitter_card":"summary_large_image","twitter_creator":"@DarkaMaziLatini","twitter_site":"@DarkaMaziLatini","twitter_misc":{"Written by":"darka mazi","Est. reading time":"1 minute"},"schema":{"@context":"https:\/\/schema.org","@graph":[{"@type":"Article","@id":"https:\/\/darkamazi.info\/archives\/1011225#article","isPartOf":{"@id":"https:\/\/darkamazi.info\/archives\/1011225"},"author":{"name":"darka mazi","@id":"https:\/\/darkamazi.info\/#\/schema\/person\/5ad3e24553a0567993fa8ed4bd0a776c"},"headline":"ERDOGAN GEFAN LI HEFTER DIKE","datePublished":"2020-01-14T18:03:05+00:00","mainEntityOfPage":{"@id":"https:\/\/darkamazi.info\/archives\/1011225"},"wordCount":253,"publisher":{"@id":"https:\/\/darkamazi.info\/#organization"},"image":{"@id":"https:\/\/darkamazi.info\/archives\/1011225#primaryimage"},"thumbnailUrl":"https:\/\/darkamazi.info\/file\/2020\/01\/Erdogan-Haftar.jpg","keywords":["sereke"],"articleSection":["Rojhelata nav\u00een"],"inLanguage":"en-US"},{"@type":"WebPage","@id":"https:\/\/darkamazi.info\/archives\/1011225","url":"https:\/\/darkamazi.info\/archives\/1011225","name":"ERDOGAN GEFAN LI HEFTER DIKE - Darka Maz\u00ee","isPartOf":{"@id":"https:\/\/darkamazi.info\/#website"},"primaryImageOfPage":{"@id":"https:\/\/darkamazi.info\/archives\/1011225#primaryimage"},"image":{"@id":"https:\/\/darkamazi.info\/archives\/1011225#primaryimage"},"thumbnailUrl":"https:\/\/darkamazi.info\/file\/2020\/01\/Erdogan-Haftar.jpg","datePublished":"2020-01-14T18:03:05+00:00","breadcrumb":{"@id":"https:\/\/darkamazi.info\/archives\/1011225#breadcrumb"},"inLanguage":"en-US","potentialAction":[{"@type":"ReadAction","target":["https:\/\/darkamazi.info\/archives\/1011225"]}]},{"@type":"ImageObject","inLanguage":"en-US","@id":"https:\/\/darkamazi.info\/archives\/1011225#primaryimage","url":"https:\/\/darkamazi.info\/file\/2020\/01\/Erdogan-Haftar.jpg","contentUrl":"https:\/\/darkamazi.info\/file\/2020\/01\/Erdogan-Haftar.jpg","width":640,"height":402,"caption":"ERDOGAN GEFAN LI HEFTER DIKE"},{"@type":"BreadcrumbList","@id":"https:\/\/darkamazi.info\/archives\/1011225#breadcrumb","itemListElement":[{"@type":"ListItem","position":1,"name":"Home","item":"https:\/\/darkamazi.info\/"},{"@type":"ListItem","position":2,"name":"ERDOGAN GEFAN LI HEFTER DIKE"}]},{"@type":"WebSite","@id":"https:\/\/darkamazi.info\/#website","url":"https:\/\/darkamazi.info\/","name":"Darka Maz\u00ee","description":"P\u00eageha Zanyariy\u00ean Nebih\u00eest\u00ee","publisher":{"@id":"https:\/\/darkamazi.info\/#organization"},"potentialAction":[{"@type":"SearchAction","target":{"@type":"EntryPoint","urlTemplate":"https:\/\/darkamazi.info\/?s={search_term_string}"},"query-input":{"@type":"PropertyValueSpecification","valueRequired":true,"valueName":"search_term_string"}}],"inLanguage":"en-US"},{"@type":"Organization","@id":"https:\/\/darkamazi.info\/#organization","name":"Darka Maz\u00ee","url":"https:\/\/darkamazi.info\/","logo":{"@type":"ImageObject","inLanguage":"en-US","@id":"https:\/\/darkamazi.info\/#\/schema\/logo\/image\/","url":"https:\/\/darkamazi.info\/file\/2017\/12\/darka-mazi-logo.png","contentUrl":"https:\/\/darkamazi.info\/file\/2017\/12\/darka-mazi-logo.png","width":151,"height":75,"caption":"Darka Maz\u00ee"},"image":{"@id":"https:\/\/darkamazi.info\/#\/schema\/logo\/image\/"},"sameAs":["https:\/\/www.facebook.com\/DarMaziKurmanci","https:\/\/x.com\/DarkaMaziLatini","https:\/\/www.instagram.com\/darkamazi.kurmanci\/","https:\/\/www.youtube.com\/channel\/UCa5HkTdmI8U1qCUFuTw8B2g"]},{"@type":"Person","@id":"https:\/\/darkamazi.info\/#\/schema\/person\/5ad3e24553a0567993fa8ed4bd0a776c","name":"darka mazi","sameAs":["https:\/\/darkamazi.info\/"],"url":"https:\/\/darkamazi.info\/archives\/author\/kurdi"}]}},"_links":{"self":[{"href":"https:\/\/darkamazi.info\/funavuv\/wp\/v2\/posts\/1011225","targetHints":{"allow":["GET"]}}],"collection":[{"href":"https:\/\/darkamazi.info\/funavuv\/wp\/v2\/posts"}],"about":[{"href":"https:\/\/darkamazi.info\/funavuv\/wp\/v2\/types\/post"}],"author":[{"embeddable":true,"href":"https:\/\/darkamazi.info\/funavuv\/wp\/v2\/users\/2"}],"replies":[{"embeddable":true,"href":"https:\/\/darkamazi.info\/funavuv\/wp\/v2\/comments?post=1011225"}],"version-history":[{"count":0,"href":"https:\/\/darkamazi.info\/funavuv\/wp\/v2\/posts\/1011225\/revisions"}],"wp:featuredmedia":[{"embeddable":true,"href":"https:\/\/darkamazi.info\/funavuv\/wp\/v2\/media\/1011227"}],"wp:attachment":[{"href":"https:\/\/darkamazi.info\/funavuv\/wp\/v2\/media?parent=1011225"}],"wp:term":[{"taxonomy":"category","embeddable":true,"href":"https:\/\/darkamazi.info\/funavuv\/wp\/v2\/categories?post=1011225"},{"taxonomy":"post_tag","embeddable":true,"href":"https:\/\/darkamazi.info\/funavuv\/wp\/v2\/tags?post=1011225"}],"curies":[{"name":"wp","href":"https:\/\/api.w.org\/{rel}","templated":true}]}}