{"id":1011259,"date":"2020-01-15T21:05:47","date_gmt":"2020-01-15T18:05:47","guid":{"rendered":"https:\/\/darkamazi.info\/?p=1011259"},"modified":"2021-09-16T15:36:49","modified_gmt":"2021-09-16T12:36:49","slug":"qasim-suleymani-hostaye-setrenca-irane-u-serbazen-wi-ynk-u-pkk","status":"publish","type":"post","link":"https:\/\/darkamazi.info\/archives\/1011259","title":{"rendered":"Qasim Suleyman\u00ee hostay\u00ea \u015eetrenca \u00ceran\u00ea \u00fb serbaz\u00ean w\u00ee (YNK \u00fb PKK)"},"content":{"rendered":"<h3 style=\"text-align: justify\"><span style=\"font-family: 'arial black', sans-serif\">Ew aliy\u00ea yariya \u015eetrenc\u00ea li rojhelata nav\u00een dest p\u00ea kr\u00ee dewleta \u00ceran\u00ea ye, p\u00eazan\u00een hene ku li \u00e7erx\u00ea 6\u00ea di \u00ceran\u00ea de yariya \u015eetrenc\u00ea hatiye kirin, diyare ku ew bi xwe hostaye di yariya \u015eetrenc\u00ea de \u00fb siyaseta xwe j\u00ee wek yariya \u015eetrenc\u00ea bi r\u00eave dibe, di \u015eetrenc\u00ea de aliy\u00ea ji hem\u00fbyan bih\u00eaztir serbaz\u00ean w\u00ea ne, ji ber ku serbaz berdewam \u015fer\u00ee dikin \u00fb li ber aliy\u00ean din di rawestin \u00fb wan dipar\u00eazin, &#8220;wez\u00eer, \u015eah, Hesp, F\u00eel \u00fb Kelhe&#8221; li bin ewlekariya serbazan da ne, taybetmend\u00eeyeke serbazan heye ku ger p\u00ea\u015fve herin dikarin rol\u00ea xwe&nbsp; bi guherin \u00fb bibin wez\u00eer \u00fb Hesp \u00fb Kelhe, yariya \u015eetrenc\u00ea b\u00ea serbaz nay\u00ea encamdan, siyaset j\u00ee her wihaye \u00fb b\u00ea serbaz \u00e7i siyaset sernakevin.<\/span><\/h3>\n<h3 style=\"text-align: justify\">\u00ceran di d\u00eeroka xwe de berdewam xwed\u00ee serbaz b\u00fbye \u00fb \u015f\u00eeyaye serketinan bi dest xwe ve b\u00eene, carna kesat\u00ee \u00fb carna r\u00eaxistin \u00fb carna j\u00ee E\u015f\u00eeretek b\u00fbye serbaz\u00ean w\u00ea, m\u00eenak: li \u00eakem dewleta kurd\u00ee de (Harpakos) fermandar\u00ea le\u015fkir\u00ee b\u00fb ku di bineret de serbaz\u00ea \u00ceran\u00ea \u00fb di xizmeta \u00ceran\u00ea de b\u00fb, lewra bo eger dewleta kurd\u00ee bih\u00eat hilwe\u015fandin, her wiha berdewam \u00ceran\u00ea serbaz\u00ean bi v\u00ee away\u00ee ji bo xwe dirist kir\u00eene.<\/h3>\n<h3 style=\"text-align: center\"><span style=\"color: #808080;font-family: 'arial black', sans-serif\">\u00ceran\u00ea pi\u015ft\u00ee sal\u00ean 2000an texta \u015eetrenc\u00ea radest\u00ee Qasim Suleyman\u00ee kir \u00fb w\u00ee bir\u00eavebir<\/span><\/h3>\n<h3 style=\"text-align: center\"><span style=\"color: #ff0000;font-family: 'arial black', sans-serif\">Qasim Suleyman\u00ee wek kesat\u00eeyeke sitrat\u00eej\u00ee<\/span><\/h3>\n<h3 style=\"text-align: justify\">Qasim Suleyman\u00ee ji aliy\u00ea kurdan ve wek kesek\u00ea n\u00eaz\u00eek di hat nas\u00een, kurd\u00ean rojhilat\u00ea Kurdistan\u00ea li sala 1979an li Mihabad\u00ea, Qasim Suleyman\u00ee wek kesek\u00ea zalim nas kiriye, kurd\u00ean ba\u015f\u00fbr\u00ea Kurdistan\u00ea li sal\u00ean he\u015ft\u00eayan di \u015fer\u00ea \u00ceran\u00ea \u00fb \u00ceraq\u00ea da Qasim Suleyman\u00ee nas kir\u00eeye, xelk\u00ea rojava \u00fb Bakur\u00ea Kurdistan\u00ea di buhara Ereb\u00ee de ev kese nas kiriye, li van 50 sal\u00ean dawy\u00ea de li c\u00eehan\u00ea da tu kesek m\u00eena Qasim Suleyman\u00ee bi bandor neb\u00fbye.<\/h3>\n<h3 style=\"text-align: justify\">Qasim Suleyman\u00ee ne ten\u00ea fermandareke le\u015fkir\u00ee b\u00fb, ew \u00eensanek b\u00fb ku sitrat\u00eej\u00ee ava dikir, bi gi\u015ft\u00ee ew sitrat\u00eej\u00ee ya p\u00eakt\u00eena ji bo serketina &#8220;H\u00eelala \u015e\u00ee&#8217;\u00ee&#8221; b\u00fb, b\u00ea guman di sitrat\u00eej\u00ee ya w\u00ee de pirr caran r\u00eaya w\u00ee di nav kurdan ra derbas b\u00fbye, Qasim Suleyman\u00ee r\u00eaxistin\u00ean kurdan ba\u015f nas di kirin \u00fb peywend\u00ee j\u00ee digel gelekan heb\u00fb, pi\u015ft\u00ee sala 2003an \u00fb jinav\u00e7\u00fbna Sedam bi r\u00eaxistin\u00ean kurdan ve mij\u00fbl b\u00fb, nav b\u00fbr\u00ee di xwast kurdan b\u00ea bandor bke daku desthilata \u015f\u00ee&#8217;\u00ee li \u00ceraq\u00ea ser bikeve, di heman dem de li nav Sunneyan de j\u00ee gelek hewildan kirin daku wan pa\u015fve bibe, Qasim Suleyman\u00ee pi\u015ft\u00ee sala 2014an z\u00eadetir n\u00eaz\u00eek\u00ee kurdan dibe, ji ber ku Qasim Suleyman\u00ee ji bo &#8220;H\u00eelala \u015f\u00ee&#8217;\u00ee&#8221; p\u00eadv\u00ee bi axa Kurdistan\u00ea b\u00fb, di heman dem\u00ea de Qasim Suleyman\u00ee kar dikir ku kurd nebin xwed\u00ee stato.<\/h3>\n<h3 style=\"text-align: center\"><span style=\"color: #ff0000;font-family: 'arial black', sans-serif\">Serbaz\u00ean Qasim Suleyman\u00ee (YNK\u2019e \u00fb PKK\u2019e)<\/span><\/h3>\n<h3 style=\"text-align: justify\">Qasim Suleyman\u00ee dixwest nakok\u00eey\u00ean di navbera kurdan de z\u00eadetir bke \u00fb dixwest kurdan wek z\u00earevan li ser r\u00eaya xwe dane, ji ber v\u00ea yek\u00ea xwast hem\u00fb Kurdistan\u00ea di r\u00eaya bereya \u015f\u00ee&#8217;\u00ee da kom bke, carna bi gef \u00fb carna j\u00ee bi raz\u00ee kirin n\u00eaz\u00eek\u00ee xwe di kirin, PDK \u00ea ji ber ku naxwaz\u00eet siyaseta Suleyman\u00ee li \u00e7 enyek\u00ea ser bigire ev \u00e7ende qeb\u00fbl nekir, l\u00ea YNK \u00fb PKK b\u00fbne serbaz\u00ean \u015f\u00ee\u2019e yan \u00fb xizmeta wan kir, lewma j\u00ee li ser texta \u015eetrenca Qasim Suleyman\u00ee bo PKK\u2019\u00ea cih li \u00ceraq\u00ea \u00fb ba\u015f\u00fbr\u00ea Kurdistan\u00ea hate dab\u00eenkirin, PKK\u2019\u00ea peywend\u00ee digel &#8220;&#8216;Ebad\u00ee&#8221; \u00fb hindek wez\u00eeran dirist kir, ji r\u00eaveber\u00ean PKK\u2019\u00ea &#8220;\u00cabr\u00ee ok \u00fb Reza Alton&#8221; pirr caran li Bexda \u00fb Sil\u00eamaniy\u00ea digel siyas\u00eey\u00ean \u015f\u00ee&#8217;\u00ee y\u00ean ser bi \u00ceran\u00ea li ser nex\u015fer\u00eaya &#8220;s\u00fbry\u00ea \u00fb rojavay\u00ea Kurdistan\u00ea&#8221; \u00fb &#8220;\u00ceraq\u00ea \u00fb ba\u015f\u00fbr\u00ea Kurdistan\u00ea&#8221; plan \u00e7\u00eakirin \u00fb lihevhatin.<\/h3>\n<h3 style=\"text-align: justify\">M\u00eenak: &#8220;aliy\u00ea ger\u00eelay\u00ean PKK\u2019\u00ea derbaz\u00ee Kerk\u00fbk\u00ea kir\u00een \u00ceran b\u00fb, ji ber ku \u00ceran\u00ea xwastiye h\u00eaza PKK\u2019\u00ea li nav Kerk\u00fbk\u00ea wek n\u00fbner\u00ea kurdan li bereya \u015f\u00ee&#8217;\u00ee da c\u00ee bigre, em dikar\u00een bib\u00eaj\u00een ku PKK\u2019e li Kerk\u00fbk\u00ea wek z\u00earevan\u00ea \u00ceran\u00ea erk\u00ea xwe dib\u00eene, dema Qasim Suleyman\u00ee \u00fb h\u00eaza \u00ceran\u00ee xwest\u00een Kerk\u00fbk\u00ea ji dest\u00ea kurdan derxin, h\u00eaz\u00ean PKK\u2019e ku li Daq\u00fbq xwec\u00ee b\u00fbb\u00fbn p\u00ea\u015f hatina Le\u015fkir\u00ea \u00ceraq\u00ea bi 4 demjim\u00earan xwe vek\u00ea\u015fan \u00fb li Mexm\u00fbr xwec\u00ee b\u00fbn, ji ber ku ew haydar b\u00fbn ku h\u00eaz\u00ean \u00ceraq\u00ea w\u00ea \u00ear\u00ee\u015f\u00ee Kerk\u00fbk\u00ea bikin \u00fb Lahor \u015e\u00eax Ceng\u00ee j\u00ee li Sil\u00eamaniy\u00ea digel n\u00fbner\u00ea PKK\u2019\u00ea plan danan ku p\u00eakve h\u00eaz\u00ean xwe ji Kerk\u00fbk\u00ea vek\u015fin.<\/h3>\n<h3 style=\"text-align: justify\">Qasim Suleyman\u00ee \u00fb \u00ceran li ser text\u00ea \u015eetrenc\u00ea \u00ear\u00ee\u015fek n\u00fb plan kirin ew j\u00ee ew b\u00fb ku PKK\u2019e bi nav\u00ea YP\u015e\u2019\u00ea li \u015eengal\u00ea xwec\u00ee bibin, YP\u015e\u2019\u00ea ne r\u00eaxistineke kurd\u00ee ye, belku YP\u015e\u2019e z\u00earevana pirojeya &#8220;H\u00eelala \u015f\u00ee&#8217;\u00ee&#8221; ye li \u015eengal\u00ea, YP\u015e\u2019e li gor qan\u00fbna ferm\u00ee ku bi Hik\u00fbmeta \u00ceraq\u00ea ve gir\u00eadaye \u00fb be\u015fek ji r\u00eaxistin\u00ean he\u015fda \u015eeib\u00ee ye, ji Hik\u00fbmeta \u00ceraq\u00ea m\u00fb\u00e7e dist\u00eenin \u00fb li nava s\u00eestem\u00ea he\u015fda \u015feib\u00ee de c\u00ee digrin, PKK\u2019e li 9\/mijdara\/2018an daku r\u00eak\u00ea li hatina Qa\u00eemqam\u00ea \u015fengal\u00ea bigre ku derbaz\u00ee \u015fengal\u00ea bibe, hinek pankart dan dest komek jin \u00fb zarokan \u00fb neh\u00ealan Qa\u00eemqam derbaz\u00ee \u015fengal\u00ea bibe, li heman dem\u00ea de PKK\u2019\u00ea r\u00ea bi he\u015fda \u015feib\u00ee da li \u015fengal\u00ea baregeh\u00ean le\u015fkir\u00ee dirist bke, serbaz\u00ean he\u015fda \u015feib\u00ee ku ji Besra \u00fb Necef hatb\u00fbn li \u015fengal\u00ea xwec\u00ee b\u00fbn, l\u00ea r\u00ea nehat day\u00een p\u00ea\u015fmerge derbaz\u00ee \u015fengal\u00ea bibin, evro h\u00eaz\u00ean YP\u015e\u2019\u00ea \u00fb he\u015fda \u015feib\u00ee bihevra erk\u00ea xwe dib\u00eenin, PKK\u2019\u00ea li van 4 sal\u00ean dawy\u00ea de xebata xwe li \u015fengal\u00ea li ser v\u00ea armanc\u00ea bir\u00eavebir ku bi xelk\u00ea \u00cazid\u00ee re bide qeb\u00fbl kirin ku Hik\u00fbmeta Kurdistan\u00ea xirabe \u00fb p\u00ea\u015fmerge dujmine \u00fb p\u00eaw\u00eest\u00ee bi dewleta kurd\u00ee n\u00eene \u00fb \u015eengal ne axa Kurdistan\u00ea ye \u00fb gir\u00eaday\u00ee \u00ceraq\u00ea ye, PKK\u2019\u00ea berdewam ev piropaginde kirin heta ku \u015eengal xistiye li j\u00ear kontirola he\u015fda \u015feib\u00ee de.<\/h3>\n<h3 style=\"text-align: justify\">Dema ku her kes hizir dike PKK\u2019e gel\u00ea Kurdistan\u00ea ji DAI\u015e\u2019\u00ea dipar\u00eaze, l\u00ea di rast\u00ee da ew ti\u015ft\u00ea li pi\u015ft perd\u00ea \u00e7\u00eadib\u00fb ev b\u00fb ku PKK\u2019e be\u015feke ji pirojeya &#8220;H\u00eelala \u015f\u00ee&#8217;\u00ee&#8221; ku \u00ceran li Kurdistan\u00ea c\u00eabec\u00ea dike, di bineret da PKK\u2019e li gor berjewend\u00eeya &#8220;H\u00eelala \u015e\u00ee&#8217;\u00ee&#8221; li ba\u015f\u00fbr\u00ea Kurdistan\u00ea hat\u00eeye xwec\u00ee kirin, daku li Kurdistan\u00ea r\u00eagr\u00ee li pirojeya w\u00ea neh\u00ea kirin, ger pi\u015ft\u00ee sala 2014an li ragihandina PKK\u2019\u00ea bin\u00ear\u00een, w\u00ea bib\u00een\u00een ku PKK\u2019\u00ea bi ten\u00ea Hik\u00fbmeta ba\u015f\u00fbr\u00ea Kurdistan\u00ea re\u015f kir\u00eeye \u00fb xwastiye re\u015fb\u00een\u00eeyek\u00ea li cem gel\u00ea kurd dirist bike, berevaj\u00ee v\u00ea yek\u00ea bi PKK\u2019\u00ea bi ten\u00ea berjewend\u00eeya Hik\u00fbmeta \u00ceraq\u00ea \u00fb yekb\u00fbna axa \u00ceraq\u00ea parast\u00eeye.<\/h3>\n<h3 style=\"text-align: justify\">P\u00eaw\u00eest nake em li ser YNK\u2019\u00ea binv\u00ees\u00een ku li ser texta \u015eetrenca Qasim Suleyman\u00ee \u00e7i qas xizmeta &#8220;H\u00eelala \u015e\u00ee&#8217;\u00ee&#8221; kiriye, YNK\u2019\u00ea di pilaneka qir\u00eaj de bajar\u00ea Kerk\u00fbk firo\u015ft \u00ceran\u00ea, YNK\u2019e wek \u015f\u00eawirmend\u00ea dewleta \u00ceraq\u00ea b\u00fb ji bo jinavbirina Hik\u00fbmeta Kurdistan\u00ea, ji berpirs\u00ean YNK\u2019\u00ea &#8220;&#8216;Adil Murad&#8221; dema &#8220;N\u00fbr\u00ee Malk\u00ee&#8221; serok\u00ea wez\u00eeran daxwaz j\u00ea kirb\u00fb ku m\u00fb\u00e7ey\u00ean fermanber\u00ean Hik\u00fbmeta Her\u00eama Kurdistan\u00ea qut bke \u00fb li w\u00ea dem\u00ea de Hik\u00fbmeta Kurdistan\u00ea nikare xwe bir\u00eave bibe \u00fb w\u00ea tesl\u00eem\u00ee Hik\u00fbmeta \u00ceraq\u00ea bibe.<\/h3>\n<h3 style=\"text-align: justify\">D\u00eerok w\u00ea berdewam li ser peywend\u00eeya YNK\u2019\u00ea \u00fb PKK\u2019\u00ea \u00fb Qasim Suleyman\u00ee binv\u00eese, niha em d\u00ea werin ser babeta sereke &#8220;Qasim Suleyman\u00ee ji bo \u015eetrenca desthilatdariya \u015e\u00ee&#8217;eyan hem stratej\u00eek b\u00fb \u00fb hem j\u00ee fermandar b\u00fb \u00fb her wiha d\u00eeplomatkar b\u00fb&#8221;, fermandar\u00ea \u015eetrenca \u015e\u00ee&#8217;eyan hate ku\u015ftin, l\u00ea text\u00ea \u015eetrenc\u00ea maye, serbaz\u00ean w\u00ee &#8221; YNK\u2019e \u00fb PKK\u2019e&#8221; di yariya w\u00ee de w\u00ea \u00e7ewan rol\u00ea xwe c\u00eebic\u00ee kin, er\u00ea gelo w\u00ea berjewend\u00eeya kurd \u00fb Kurdistan\u00ea esas wergirin, yan j\u00ee li gor desthilatdariya \u015e\u00ee&#8217;eyan w\u00ea li dij\u00ee desthilata kurd\u00ee bisekinin?<\/h3>\n<h3 style=\"text-align: justify\">Di v\u00ea qonax\u00ea de p\u00eatv\u00ee dike \u00e7av\u00ea kurdan li text\u00ea \u015eetrenc\u00ea be \u00fb rastiyan bib\u00eenin.<\/h3>\n","protected":false},"excerpt":{"rendered":"<p>Ew aliy\u00ea yariya \u015eetrenc\u00ea li rojhelata nav\u00een dest p\u00ea kr\u00ee dewleta \u00ceran\u00ea ye, p\u00eazan\u00een hene ku li \u00e7erx\u00ea 6\u00ea di \u00ceran\u00ea de yariya \u015eetrenc\u00ea hatiye kirin, diyare ku ew bi xwe hostaye di yariya \u015eetrenc\u00ea de \u00fb siyaseta xwe j\u00ee wek yariya \u015eetrenc\u00ea bi r\u00eave dibe, di \u015eetrenc\u00ea de aliy\u00ea ji hem\u00fbyan bih\u00eaztir serbaz\u00ean w\u00ea [&hellip;]<\/p>\n","protected":false},"author":2,"featured_media":1011260,"comment_status":"closed","ping_status":"closed","sticky":false,"template":"","format":"standard","meta":{"footnotes":""},"categories":[68],"tags":[37],"class_list":["post-1011259","post","type-post","status-publish","format-standard","has-post-thumbnail","hentry","category-analiz","tag-sereke"],"blocksy_meta":[],"seo_head":"<!-- This site is optimized with the Yoast SEO plugin v27.5 - https:\/\/yoast.com\/product\/yoast-seo-wordpress\/ -->\n<title>Qasim Suleyman\u00ee hostay\u00ea \u015eetrenca \u00ceran\u00ea \u00fb serbaz\u00ean w\u00ee (YNK \u00fb PKK) - Darka Maz\u00ee<\/title>\n<meta name=\"robots\" content=\"index, follow, max-snippet:-1, max-image-preview:large, max-video-preview:-1\" \/>\n<link rel=\"canonical\" href=\"https:\/\/darkamazi.info\/archives\/1011259\" \/>\n<meta property=\"og:locale\" content=\"en_US\" \/>\n<meta property=\"og:type\" content=\"article\" \/>\n<meta property=\"og:title\" content=\"Qasim Suleyman\u00ee hostay\u00ea \u015eetrenca \u00ceran\u00ea \u00fb serbaz\u00ean w\u00ee (YNK \u00fb PKK) - Darka Maz\u00ee\" \/>\n<meta property=\"og:description\" content=\"Ew aliy\u00ea yariya \u015eetrenc\u00ea li rojhelata nav\u00een dest p\u00ea kr\u00ee dewleta \u00ceran\u00ea ye, p\u00eazan\u00een hene ku li \u00e7erx\u00ea 6\u00ea di \u00ceran\u00ea de yariya \u015eetrenc\u00ea hatiye kirin, diyare ku ew bi xwe hostaye di yariya \u015eetrenc\u00ea de \u00fb siyaseta xwe j\u00ee wek yariya \u015eetrenc\u00ea bi r\u00eave dibe, di \u015eetrenc\u00ea de aliy\u00ea ji hem\u00fbyan bih\u00eaztir serbaz\u00ean w\u00ea [&hellip;]\" \/>\n<meta property=\"og:url\" content=\"https:\/\/darkamazi.info\/archives\/1011259\" \/>\n<meta property=\"og:site_name\" content=\"Darka Maz\u00ee\" \/>\n<meta property=\"article:publisher\" content=\"https:\/\/www.facebook.com\/DarMaziKurmanci\" \/>\n<meta property=\"article:published_time\" content=\"2020-01-15T18:05:47+00:00\" \/>\n<meta property=\"article:modified_time\" content=\"2021-09-16T12:36:49+00:00\" \/>\n<meta property=\"og:image\" content=\"https:\/\/darkamazi.info\/file\/2020\/01\/Qasim-Suleymani-2.jpg\" \/>\n\t<meta property=\"og:image:width\" content=\"960\" \/>\n\t<meta property=\"og:image:height\" content=\"548\" \/>\n\t<meta property=\"og:image:type\" content=\"image\/jpeg\" \/>\n<meta name=\"author\" content=\"darka mazi\" \/>\n<meta name=\"twitter:card\" content=\"summary_large_image\" \/>\n<meta name=\"twitter:creator\" content=\"@DarkaMaziLatini\" \/>\n<meta name=\"twitter:site\" content=\"@DarkaMaziLatini\" \/>\n<meta name=\"twitter:label1\" content=\"Written by\" \/>\n\t<meta name=\"twitter:data1\" content=\"darka mazi\" \/>\n\t<meta name=\"twitter:label2\" content=\"Est. reading time\" \/>\n\t<meta name=\"twitter:data2\" content=\"6 minutes\" \/>\n<script type=\"application\/ld+json\" class=\"seo-schema-graph\">{\"@context\":\"https:\\\/\\\/schema.org\",\"@graph\":[{\"@type\":\"Article\",\"@id\":\"https:\\\/\\\/darkamazi.info\\\/archives\\\/1011259#article\",\"isPartOf\":{\"@id\":\"https:\\\/\\\/darkamazi.info\\\/archives\\\/1011259\"},\"author\":{\"name\":\"darka mazi\",\"@id\":\"https:\\\/\\\/darkamazi.info\\\/#\\\/schema\\\/person\\\/5ad3e24553a0567993fa8ed4bd0a776c\"},\"headline\":\"Qasim Suleyman\u00ee hostay\u00ea \u015eetrenca \u00ceran\u00ea \u00fb serbaz\u00ean w\u00ee (YNK \u00fb PKK)\",\"datePublished\":\"2020-01-15T18:05:47+00:00\",\"dateModified\":\"2021-09-16T12:36:49+00:00\",\"mainEntityOfPage\":{\"@id\":\"https:\\\/\\\/darkamazi.info\\\/archives\\\/1011259\"},\"wordCount\":1352,\"publisher\":{\"@id\":\"https:\\\/\\\/darkamazi.info\\\/#organization\"},\"image\":{\"@id\":\"https:\\\/\\\/darkamazi.info\\\/archives\\\/1011259#primaryimage\"},\"thumbnailUrl\":\"https:\\\/\\\/darkamazi.info\\\/darka-content\\\/uploads\\\/2020\\\/01\\\/Qasim-Suleymani-2.jpg\",\"keywords\":[\"sereke\"],\"articleSection\":[\"Anal\u00eez\"],\"inLanguage\":\"en-US\"},{\"@type\":\"WebPage\",\"@id\":\"https:\\\/\\\/darkamazi.info\\\/archives\\\/1011259\",\"url\":\"https:\\\/\\\/darkamazi.info\\\/archives\\\/1011259\",\"name\":\"Qasim Suleyman\u00ee hostay\u00ea \u015eetrenca \u00ceran\u00ea \u00fb serbaz\u00ean w\u00ee (YNK \u00fb PKK) - Darka Maz\u00ee\",\"isPartOf\":{\"@id\":\"https:\\\/\\\/darkamazi.info\\\/#website\"},\"primaryImageOfPage\":{\"@id\":\"https:\\\/\\\/darkamazi.info\\\/archives\\\/1011259#primaryimage\"},\"image\":{\"@id\":\"https:\\\/\\\/darkamazi.info\\\/archives\\\/1011259#primaryimage\"},\"thumbnailUrl\":\"https:\\\/\\\/darkamazi.info\\\/darka-content\\\/uploads\\\/2020\\\/01\\\/Qasim-Suleymani-2.jpg\",\"datePublished\":\"2020-01-15T18:05:47+00:00\",\"dateModified\":\"2021-09-16T12:36:49+00:00\",\"breadcrumb\":{\"@id\":\"https:\\\/\\\/darkamazi.info\\\/archives\\\/1011259#breadcrumb\"},\"inLanguage\":\"en-US\",\"potentialAction\":[{\"@type\":\"ReadAction\",\"target\":[\"https:\\\/\\\/darkamazi.info\\\/archives\\\/1011259\"]}]},{\"@type\":\"ImageObject\",\"inLanguage\":\"en-US\",\"@id\":\"https:\\\/\\\/darkamazi.info\\\/archives\\\/1011259#primaryimage\",\"url\":\"https:\\\/\\\/darkamazi.info\\\/darka-content\\\/uploads\\\/2020\\\/01\\\/Qasim-Suleymani-2.jpg\",\"contentUrl\":\"https:\\\/\\\/darkamazi.info\\\/darka-content\\\/uploads\\\/2020\\\/01\\\/Qasim-Suleymani-2.jpg\",\"width\":960,\"height\":548,\"caption\":\"QASIM SULEYMAN\u00ce HOSTAY\u00ca \u015eETRENCA \u00ceRAN\u00ca \u00db SERBAZ\u00caN W\u00ce (YNK \u00db PKK)\"},{\"@type\":\"BreadcrumbList\",\"@id\":\"https:\\\/\\\/darkamazi.info\\\/archives\\\/1011259#breadcrumb\",\"itemListElement\":[{\"@type\":\"ListItem\",\"position\":1,\"name\":\"Home\",\"item\":\"https:\\\/\\\/darkamazi.info\\\/\"},{\"@type\":\"ListItem\",\"position\":2,\"name\":\"Qasim Suleyman\u00ee hostay\u00ea \u015eetrenca \u00ceran\u00ea \u00fb serbaz\u00ean w\u00ee (YNK \u00fb PKK)\"}]},{\"@type\":\"WebSite\",\"@id\":\"https:\\\/\\\/darkamazi.info\\\/#website\",\"url\":\"https:\\\/\\\/darkamazi.info\\\/\",\"name\":\"Darka Maz\u00ee\",\"description\":\"P\u00eageha Zanyariy\u00ean Nebih\u00eest\u00ee\",\"publisher\":{\"@id\":\"https:\\\/\\\/darkamazi.info\\\/#organization\"},\"potentialAction\":[{\"@type\":\"SearchAction\",\"target\":{\"@type\":\"EntryPoint\",\"urlTemplate\":\"https:\\\/\\\/darkamazi.info\\\/?s={search_term_string}\"},\"query-input\":{\"@type\":\"PropertyValueSpecification\",\"valueRequired\":true,\"valueName\":\"search_term_string\"}}],\"inLanguage\":\"en-US\"},{\"@type\":\"Organization\",\"@id\":\"https:\\\/\\\/darkamazi.info\\\/#organization\",\"name\":\"Darka Maz\u00ee\",\"url\":\"https:\\\/\\\/darkamazi.info\\\/\",\"logo\":{\"@type\":\"ImageObject\",\"inLanguage\":\"en-US\",\"@id\":\"https:\\\/\\\/darkamazi.info\\\/#\\\/schema\\\/logo\\\/image\\\/\",\"url\":\"https:\\\/\\\/darkamazi.info\\\/darka-content\\\/uploads\\\/2017\\\/12\\\/darka-mazi-logo.png\",\"contentUrl\":\"https:\\\/\\\/darkamazi.info\\\/darka-content\\\/uploads\\\/2017\\\/12\\\/darka-mazi-logo.png\",\"width\":151,\"height\":75,\"caption\":\"Darka Maz\u00ee\"},\"image\":{\"@id\":\"https:\\\/\\\/darkamazi.info\\\/#\\\/schema\\\/logo\\\/image\\\/\"},\"sameAs\":[\"https:\\\/\\\/www.facebook.com\\\/DarMaziKurmanci\",\"https:\\\/\\\/x.com\\\/DarkaMaziLatini\",\"https:\\\/\\\/www.instagram.com\\\/darkamazi.kurmanci\\\/\",\"https:\\\/\\\/www.youtube.com\\\/channel\\\/UCa5HkTdmI8U1qCUFuTw8B2g\"]},{\"@type\":\"Person\",\"@id\":\"https:\\\/\\\/darkamazi.info\\\/#\\\/schema\\\/person\\\/5ad3e24553a0567993fa8ed4bd0a776c\",\"name\":\"darka mazi\",\"sameAs\":[\"https:\\\/\\\/darkamazi.info\\\/\"],\"url\":\"https:\\\/\\\/darkamazi.info\\\/archives\\\/author\\\/kurdi\"}]}<\/script>\n<!-- \/ Yoast SEO plugin. -->","seo_head_json":{"title":"Qasim Suleyman\u00ee hostay\u00ea \u015eetrenca \u00ceran\u00ea \u00fb serbaz\u00ean w\u00ee (YNK \u00fb PKK) - Darka Maz\u00ee","robots":{"index":"index","follow":"follow","max-snippet":"max-snippet:-1","max-image-preview":"max-image-preview:large","max-video-preview":"max-video-preview:-1"},"canonical":"https:\/\/darkamazi.info\/archives\/1011259","og_locale":"en_US","og_type":"article","og_title":"Qasim Suleyman\u00ee hostay\u00ea \u015eetrenca \u00ceran\u00ea \u00fb serbaz\u00ean w\u00ee (YNK \u00fb PKK) - Darka Maz\u00ee","og_description":"Ew aliy\u00ea yariya \u015eetrenc\u00ea li rojhelata nav\u00een dest p\u00ea kr\u00ee dewleta \u00ceran\u00ea ye, p\u00eazan\u00een hene ku li \u00e7erx\u00ea 6\u00ea di \u00ceran\u00ea de yariya \u015eetrenc\u00ea hatiye kirin, diyare ku ew bi xwe hostaye di yariya \u015eetrenc\u00ea de \u00fb siyaseta xwe j\u00ee wek yariya \u015eetrenc\u00ea bi r\u00eave dibe, di \u015eetrenc\u00ea de aliy\u00ea ji hem\u00fbyan bih\u00eaztir serbaz\u00ean w\u00ea [&hellip;]","og_url":"https:\/\/darkamazi.info\/archives\/1011259","og_site_name":"Darka Maz\u00ee","article_publisher":"https:\/\/www.facebook.com\/DarMaziKurmanci","article_published_time":"2020-01-15T18:05:47+00:00","article_modified_time":"2021-09-16T12:36:49+00:00","og_image":[{"width":960,"height":548,"url":"https:\/\/darkamazi.info\/file\/2020\/01\/Qasim-Suleymani-2.jpg","type":"image\/jpeg"}],"author":"darka mazi","twitter_card":"summary_large_image","twitter_creator":"@DarkaMaziLatini","twitter_site":"@DarkaMaziLatini","twitter_misc":{"Written by":"darka mazi","Est. reading time":"6 minutes"},"schema":{"@context":"https:\/\/schema.org","@graph":[{"@type":"Article","@id":"https:\/\/darkamazi.info\/archives\/1011259#article","isPartOf":{"@id":"https:\/\/darkamazi.info\/archives\/1011259"},"author":{"name":"darka mazi","@id":"https:\/\/darkamazi.info\/#\/schema\/person\/5ad3e24553a0567993fa8ed4bd0a776c"},"headline":"Qasim Suleyman\u00ee hostay\u00ea \u015eetrenca \u00ceran\u00ea \u00fb serbaz\u00ean w\u00ee (YNK \u00fb PKK)","datePublished":"2020-01-15T18:05:47+00:00","dateModified":"2021-09-16T12:36:49+00:00","mainEntityOfPage":{"@id":"https:\/\/darkamazi.info\/archives\/1011259"},"wordCount":1352,"publisher":{"@id":"https:\/\/darkamazi.info\/#organization"},"image":{"@id":"https:\/\/darkamazi.info\/archives\/1011259#primaryimage"},"thumbnailUrl":"https:\/\/darkamazi.info\/file\/2020\/01\/Qasim-Suleymani-2.jpg","keywords":["sereke"],"articleSection":["Anal\u00eez"],"inLanguage":"en-US"},{"@type":"WebPage","@id":"https:\/\/darkamazi.info\/archives\/1011259","url":"https:\/\/darkamazi.info\/archives\/1011259","name":"Qasim Suleyman\u00ee hostay\u00ea \u015eetrenca \u00ceran\u00ea \u00fb serbaz\u00ean w\u00ee (YNK \u00fb PKK) - Darka Maz\u00ee","isPartOf":{"@id":"https:\/\/darkamazi.info\/#website"},"primaryImageOfPage":{"@id":"https:\/\/darkamazi.info\/archives\/1011259#primaryimage"},"image":{"@id":"https:\/\/darkamazi.info\/archives\/1011259#primaryimage"},"thumbnailUrl":"https:\/\/darkamazi.info\/file\/2020\/01\/Qasim-Suleymani-2.jpg","datePublished":"2020-01-15T18:05:47+00:00","dateModified":"2021-09-16T12:36:49+00:00","breadcrumb":{"@id":"https:\/\/darkamazi.info\/archives\/1011259#breadcrumb"},"inLanguage":"en-US","potentialAction":[{"@type":"ReadAction","target":["https:\/\/darkamazi.info\/archives\/1011259"]}]},{"@type":"ImageObject","inLanguage":"en-US","@id":"https:\/\/darkamazi.info\/archives\/1011259#primaryimage","url":"https:\/\/darkamazi.info\/file\/2020\/01\/Qasim-Suleymani-2.jpg","contentUrl":"https:\/\/darkamazi.info\/file\/2020\/01\/Qasim-Suleymani-2.jpg","width":960,"height":548,"caption":"QASIM SULEYMAN\u00ce HOSTAY\u00ca \u015eETRENCA \u00ceRAN\u00ca \u00db SERBAZ\u00caN W\u00ce (YNK \u00db PKK)"},{"@type":"BreadcrumbList","@id":"https:\/\/darkamazi.info\/archives\/1011259#breadcrumb","itemListElement":[{"@type":"ListItem","position":1,"name":"Home","item":"https:\/\/darkamazi.info\/"},{"@type":"ListItem","position":2,"name":"Qasim Suleyman\u00ee hostay\u00ea \u015eetrenca \u00ceran\u00ea \u00fb serbaz\u00ean w\u00ee (YNK \u00fb PKK)"}]},{"@type":"WebSite","@id":"https:\/\/darkamazi.info\/#website","url":"https:\/\/darkamazi.info\/","name":"Darka Maz\u00ee","description":"P\u00eageha Zanyariy\u00ean Nebih\u00eest\u00ee","publisher":{"@id":"https:\/\/darkamazi.info\/#organization"},"potentialAction":[{"@type":"SearchAction","target":{"@type":"EntryPoint","urlTemplate":"https:\/\/darkamazi.info\/?s={search_term_string}"},"query-input":{"@type":"PropertyValueSpecification","valueRequired":true,"valueName":"search_term_string"}}],"inLanguage":"en-US"},{"@type":"Organization","@id":"https:\/\/darkamazi.info\/#organization","name":"Darka Maz\u00ee","url":"https:\/\/darkamazi.info\/","logo":{"@type":"ImageObject","inLanguage":"en-US","@id":"https:\/\/darkamazi.info\/#\/schema\/logo\/image\/","url":"https:\/\/darkamazi.info\/file\/2017\/12\/darka-mazi-logo.png","contentUrl":"https:\/\/darkamazi.info\/file\/2017\/12\/darka-mazi-logo.png","width":151,"height":75,"caption":"Darka Maz\u00ee"},"image":{"@id":"https:\/\/darkamazi.info\/#\/schema\/logo\/image\/"},"sameAs":["https:\/\/www.facebook.com\/DarMaziKurmanci","https:\/\/x.com\/DarkaMaziLatini","https:\/\/www.instagram.com\/darkamazi.kurmanci\/","https:\/\/www.youtube.com\/channel\/UCa5HkTdmI8U1qCUFuTw8B2g"]},{"@type":"Person","@id":"https:\/\/darkamazi.info\/#\/schema\/person\/5ad3e24553a0567993fa8ed4bd0a776c","name":"darka mazi","sameAs":["https:\/\/darkamazi.info\/"],"url":"https:\/\/darkamazi.info\/archives\/author\/kurdi"}]}},"_links":{"self":[{"href":"https:\/\/darkamazi.info\/funavuv\/wp\/v2\/posts\/1011259","targetHints":{"allow":["GET"]}}],"collection":[{"href":"https:\/\/darkamazi.info\/funavuv\/wp\/v2\/posts"}],"about":[{"href":"https:\/\/darkamazi.info\/funavuv\/wp\/v2\/types\/post"}],"author":[{"embeddable":true,"href":"https:\/\/darkamazi.info\/funavuv\/wp\/v2\/users\/2"}],"replies":[{"embeddable":true,"href":"https:\/\/darkamazi.info\/funavuv\/wp\/v2\/comments?post=1011259"}],"version-history":[{"count":0,"href":"https:\/\/darkamazi.info\/funavuv\/wp\/v2\/posts\/1011259\/revisions"}],"wp:featuredmedia":[{"embeddable":true,"href":"https:\/\/darkamazi.info\/funavuv\/wp\/v2\/media\/1011260"}],"wp:attachment":[{"href":"https:\/\/darkamazi.info\/funavuv\/wp\/v2\/media?parent=1011259"}],"wp:term":[{"taxonomy":"category","embeddable":true,"href":"https:\/\/darkamazi.info\/funavuv\/wp\/v2\/categories?post=1011259"},{"taxonomy":"post_tag","embeddable":true,"href":"https:\/\/darkamazi.info\/funavuv\/wp\/v2\/tags?post=1011259"}],"curies":[{"name":"wp","href":"https:\/\/api.w.org\/{rel}","templated":true}]}}