{"id":1011356,"date":"2020-01-19T21:12:30","date_gmt":"2020-01-19T18:12:30","guid":{"rendered":"https:\/\/darkamazi.info\/?p=1011356"},"modified":"2020-01-19T21:12:30","modified_gmt":"2020-01-19T18:12:30","slug":"erdogan-duses-di-deste-dawid-oxlu-de-kust","status":"publish","type":"post","link":"https:\/\/darkamazi.info\/archives\/1011356","title":{"rendered":"ERDOGAN DU\u015eE\u015e DI DEST\u00ca DAWID OXLU DE KU\u015eT"},"content":{"rendered":"<h3 style=\"text-align: justify\"><span style=\"font-family: 'arial black', sans-serif\">Serok komar\u00ea Tirkiy\u00ea li ser d\u00fbrxistina dijber\u00ean xwe berdewame \u00fb di n\u00fbtir\u00een biryar de, Partiya Ehmed Dawid Oxlu ku li dawiya sala rab\u00fbr\u00ee hatiye damezrandin, ji hilbijartin\u00ean bih\u00eat d\u00fbr kir.<\/span><\/h3>\n<h3 style=\"text-align: justify\">Li j\u00ear ferman \u00fb raspardey\u00ean Receb Tey\u00eeb Erdogan Serok Komar\u00ea Tirkiy\u00ea \u00fb serok\u00ea Partiya Dad \u00fb Ge\u015fep\u00eadan AKP\u2019\u00ea, enc\u00fbmena blind ya hilbijartin\u00ean Tirkiya l\u00eesta nav\u00ean wan part\u00eeyan e\u015fkere kir ku w\u00ea tevl\u00ee hilbijartin\u00ean bih\u00eat y\u00ean Tirkiy\u00ea bin, Partiya &#8220;Ayinde&#8221; ya Ehmed Dawid Oxlu li dawiya sala rab\u00fbr\u00ee damezrand\u00ee di nav da n\u00eene \u00fb r\u00ea p\u00ea nah\u00eat dan be\u015fdar\u00ee hilbijartinan bibe.<\/h3>\n<h3 style=\"text-align: justify\">Enc\u00fbmena hilbijartin\u00ean Tirkiy\u00ea nav\u00ean 15 part\u00eeyan ragihand\u00eene ku w\u00ea hevirkiy\u00ea di hilbijartin\u00ean bih\u00eat de kin, part\u00eeya Ehmed Dawid Oxlu j\u00ee bi hinceta neb\u00fbna merc\u00ean p\u00eadv\u00ee ji hevirkiy\u00ea d\u00fbr kiriye \u00fb daye zan\u00een ku ew part\u00ee tevl\u00ee piroseya hilbijartinan nabe.<\/h3>\n<h3 style=\"text-align: justify\">Enc\u00fbmena hilbijartinan dest n\u00ee\u015fan kir, ten\u00ea part\u00eey\u00ean bi 6 mehan ber\u00ee meha Kan\u00fbna \u00eak\u00ea ya sala 2020\u00ea hat\u00eene damezrandin \u00fb dest bi xebat \u00fb \u00e7alakiy\u00ean xwe kir\u00een, w\u00ea bikarin tevl\u00ee hilbijartinan bin.<\/h3>\n<h3 style=\"text-align: justify\">Bi v\u00ea \u00e7end\u00ea Partiya &#8220;Ayinde&#8221; ku Ehmed Dawid Oxlu digel 153 endam \u00fb r\u00eaheval\u00ean xwe li meha Kan\u00fbna yek\u00ea ya sala rab\u00fbr\u00ee damezrand maf n\u00eene be\u015fdar\u00ee hilbijartinan bibe, ev merc j\u00ee ku li j\u00ear ferman \u00fb raspardeya Receb Tey\u00eeb Erdogan hatye danan, raste rast Ehmed Dawid Oxlu \u00fb r\u00ea heval\u00ean w\u00ee dike armanc.<\/h3>\n<h3 style=\"text-align: justify\">Dawid Oxlu Serok Wez\u00eer\u00ea 36\u00ea y\u00ea Tirkiy\u00ea b\u00fb \u00fb hemwext serok\u00ea Partiya Dad \u00fb Ge\u015fep\u00eadan\u00ea b\u00fb, bi egera d\u00fbrketina AKP\u2019\u00ea ji binemay\u00ean ji bo hatiye damezrandin, ew li sala 2016\u00ea j\u00ea veqetiya, hejmareka serkirdey\u00ean din y\u00ean AKP\u2019\u00ea li d\u00fbv w\u00ee AKP\u2019e bi cih hi\u015ftin.<\/h3>\n<h3 style=\"text-align: justify\">Bizav\u00ean Dawid Oxlu y\u00ean damezrandina part\u00eeyeke n\u00fb hemwexta bizav\u00ean part\u00eeya desthilatdar dihatin ku dixwest bi \u00e7 awayek\u00ee ev bizave bi encam negehin \u00fb part\u00eeya Dawid Oxlu neh\u00eat damezrandin.<\/h3>\n<h3 style=\"text-align: justify\">Ehmed Dawid Oxlu li dawy\u00ea \u00fb bi taybet li 13\/12\/2019\u00ea Partiya &#8220;Ayinde&#8221; weke part\u00eeyeke dijber ji bo part\u00eeya Dad \u00fb Ge\u015fep\u00eadan ya Receb Tey\u00eeb Erdogan damezrand.<\/h3>\n<h3 style=\"text-align: justify\">Erdogan j\u00ee heya niha li Dawid Oxlu \u00fb r\u00ea heval\u00ean xwe y\u00ean ber\u00ea ku ji part\u00eeya w\u00ee cuda b\u00fbne xwe\u015f neb\u00fbye \u00fb biryara d\u00fbrxistina part\u00eeya Dawid Oxlu ji hilbijartin\u00ean bih\u00eat y\u00ean Tirkiya ev \u00e7ende selmandiye.<\/h3>\n<h3 style=\"text-align: justify\">Erdogan di gotareka xwe de wiha behsa Dawid Oxlu \u00fb heval\u00ean w\u00ee kirb\u00fb: &#8220;me ev bizav ji gelek endam\u00ean AKP\u2019\u00ea d\u00eet\u00eene, gelek girop hatine avakirin, ev girop \u00e7i carek\u00ea ji bo me xem neb\u00fbne, her wiha em bi endam\u00ean xwe y\u00ean n\u00fb xwe\u015fhalin&#8221;.<\/h3>\n<h3 style=\"text-align: justify\">Partiya Dawid Oxlu \u00fb part\u00eey\u00ean din y\u00ean opoz\u00eesyona Tirkiy\u00ea bi jivan b\u00fbn, di hilbijartin\u00ean bih\u00eat de, dirbeke mezin li Partiya Erdogan bidin, bi taybet ku di hilbijartin\u00ean dawy\u00ea de \u015fikestin li \u00e7end\u00een bajar\u00ean mezin wek Enqer\u00ea \u00fb Stenbol\u00ea \u00eenab\u00fb.<\/h3>\n","protected":false},"excerpt":{"rendered":"<p>Serok komar\u00ea Tirkiy\u00ea li ser d\u00fbrxistina dijber\u00ean xwe berdewame \u00fb di n\u00fbtir\u00een biryar de, Partiya Ehmed Dawid Oxlu ku li dawiya sala rab\u00fbr\u00ee hatiye damezrandin, ji hilbijartin\u00ean bih\u00eat d\u00fbr kir. Li j\u00ear ferman \u00fb raspardey\u00ean Receb Tey\u00eeb Erdogan Serok Komar\u00ea Tirkiy\u00ea \u00fb serok\u00ea Partiya Dad \u00fb Ge\u015fep\u00eadan AKP\u2019\u00ea, enc\u00fbmena blind ya hilbijartin\u00ean Tirkiya l\u00eesta nav\u00ean [&hellip;]<\/p>\n","protected":false},"author":2,"featured_media":1011357,"comment_status":"closed","ping_status":"closed","sticky":false,"template":"","format":"standard","meta":{"footnotes":""},"categories":[31],"tags":[37],"class_list":["post-1011356","post","type-post","status-publish","format-standard","has-post-thumbnail","hentry","category-rojhelata-navin","tag-sereke"],"blocksy_meta":[],"seo_head":"<!-- This site is optimized with the Yoast SEO plugin v27.5 - https:\/\/yoast.com\/product\/yoast-seo-wordpress\/ -->\n<title>ERDOGAN DU\u015eE\u015e DI DEST\u00ca DAWID OXLU DE KU\u015eT - Darka Maz\u00ee<\/title>\n<meta name=\"robots\" content=\"index, follow, max-snippet:-1, max-image-preview:large, max-video-preview:-1\" \/>\n<link rel=\"canonical\" href=\"https:\/\/darkamazi.info\/archives\/1011356\" \/>\n<meta property=\"og:locale\" content=\"en_US\" \/>\n<meta property=\"og:type\" content=\"article\" \/>\n<meta property=\"og:title\" content=\"ERDOGAN DU\u015eE\u015e DI DEST\u00ca DAWID OXLU DE KU\u015eT - Darka Maz\u00ee\" \/>\n<meta property=\"og:description\" content=\"Serok komar\u00ea Tirkiy\u00ea li ser d\u00fbrxistina dijber\u00ean xwe berdewame \u00fb di n\u00fbtir\u00een biryar de, Partiya Ehmed Dawid Oxlu ku li dawiya sala rab\u00fbr\u00ee hatiye damezrandin, ji hilbijartin\u00ean bih\u00eat d\u00fbr kir. Li j\u00ear ferman \u00fb raspardey\u00ean Receb Tey\u00eeb Erdogan Serok Komar\u00ea Tirkiy\u00ea \u00fb serok\u00ea Partiya Dad \u00fb Ge\u015fep\u00eadan AKP\u2019\u00ea, enc\u00fbmena blind ya hilbijartin\u00ean Tirkiya l\u00eesta nav\u00ean [&hellip;]\" \/>\n<meta property=\"og:url\" content=\"https:\/\/darkamazi.info\/archives\/1011356\" \/>\n<meta property=\"og:site_name\" content=\"Darka Maz\u00ee\" \/>\n<meta property=\"article:publisher\" content=\"https:\/\/www.facebook.com\/DarMaziKurmanci\" \/>\n<meta property=\"article:published_time\" content=\"2020-01-19T18:12:30+00:00\" \/>\n<meta property=\"og:image\" content=\"https:\/\/darkamazi.info\/file\/2020\/01\/Erdogan-Ehmet.jpg\" \/>\n\t<meta property=\"og:image:width\" content=\"1041\" \/>\n\t<meta property=\"og:image:height\" content=\"550\" \/>\n\t<meta property=\"og:image:type\" content=\"image\/jpeg\" \/>\n<meta name=\"author\" content=\"darka mazi\" \/>\n<meta name=\"twitter:card\" content=\"summary_large_image\" \/>\n<meta name=\"twitter:creator\" content=\"@DarkaMaziLatini\" \/>\n<meta name=\"twitter:site\" content=\"@DarkaMaziLatini\" \/>\n<meta name=\"twitter:label1\" content=\"Written by\" \/>\n\t<meta name=\"twitter:data1\" content=\"darka mazi\" \/>\n\t<meta name=\"twitter:label2\" content=\"Est. reading time\" \/>\n\t<meta name=\"twitter:data2\" content=\"3 minutes\" \/>\n<script type=\"application\/ld+json\" class=\"seo-schema-graph\">{\"@context\":\"https:\\\/\\\/schema.org\",\"@graph\":[{\"@type\":\"Article\",\"@id\":\"https:\\\/\\\/darkamazi.info\\\/archives\\\/1011356#article\",\"isPartOf\":{\"@id\":\"https:\\\/\\\/darkamazi.info\\\/archives\\\/1011356\"},\"author\":{\"name\":\"darka mazi\",\"@id\":\"https:\\\/\\\/darkamazi.info\\\/#\\\/schema\\\/person\\\/5ad3e24553a0567993fa8ed4bd0a776c\"},\"headline\":\"ERDOGAN DU\u015eE\u015e DI DEST\u00ca DAWID OXLU DE KU\u015eT\",\"datePublished\":\"2020-01-19T18:12:30+00:00\",\"mainEntityOfPage\":{\"@id\":\"https:\\\/\\\/darkamazi.info\\\/archives\\\/1011356\"},\"wordCount\":516,\"publisher\":{\"@id\":\"https:\\\/\\\/darkamazi.info\\\/#organization\"},\"image\":{\"@id\":\"https:\\\/\\\/darkamazi.info\\\/archives\\\/1011356#primaryimage\"},\"thumbnailUrl\":\"https:\\\/\\\/darkamazi.info\\\/darka-content\\\/uploads\\\/2020\\\/01\\\/Erdogan-Ehmet.jpg\",\"keywords\":[\"sereke\"],\"articleSection\":[\"Rojhelata nav\u00een\"],\"inLanguage\":\"en-US\"},{\"@type\":\"WebPage\",\"@id\":\"https:\\\/\\\/darkamazi.info\\\/archives\\\/1011356\",\"url\":\"https:\\\/\\\/darkamazi.info\\\/archives\\\/1011356\",\"name\":\"ERDOGAN DU\u015eE\u015e DI DEST\u00ca DAWID OXLU DE KU\u015eT - Darka Maz\u00ee\",\"isPartOf\":{\"@id\":\"https:\\\/\\\/darkamazi.info\\\/#website\"},\"primaryImageOfPage\":{\"@id\":\"https:\\\/\\\/darkamazi.info\\\/archives\\\/1011356#primaryimage\"},\"image\":{\"@id\":\"https:\\\/\\\/darkamazi.info\\\/archives\\\/1011356#primaryimage\"},\"thumbnailUrl\":\"https:\\\/\\\/darkamazi.info\\\/darka-content\\\/uploads\\\/2020\\\/01\\\/Erdogan-Ehmet.jpg\",\"datePublished\":\"2020-01-19T18:12:30+00:00\",\"breadcrumb\":{\"@id\":\"https:\\\/\\\/darkamazi.info\\\/archives\\\/1011356#breadcrumb\"},\"inLanguage\":\"en-US\",\"potentialAction\":[{\"@type\":\"ReadAction\",\"target\":[\"https:\\\/\\\/darkamazi.info\\\/archives\\\/1011356\"]}]},{\"@type\":\"ImageObject\",\"inLanguage\":\"en-US\",\"@id\":\"https:\\\/\\\/darkamazi.info\\\/archives\\\/1011356#primaryimage\",\"url\":\"https:\\\/\\\/darkamazi.info\\\/darka-content\\\/uploads\\\/2020\\\/01\\\/Erdogan-Ehmet.jpg\",\"contentUrl\":\"https:\\\/\\\/darkamazi.info\\\/darka-content\\\/uploads\\\/2020\\\/01\\\/Erdogan-Ehmet.jpg\",\"width\":1041,\"height\":550,\"caption\":\"ERDOGAN DU\u015eE\u015e DI DEST\u00ca DAWID OXLU DE KU\u015eT\"},{\"@type\":\"BreadcrumbList\",\"@id\":\"https:\\\/\\\/darkamazi.info\\\/archives\\\/1011356#breadcrumb\",\"itemListElement\":[{\"@type\":\"ListItem\",\"position\":1,\"name\":\"Home\",\"item\":\"https:\\\/\\\/darkamazi.info\\\/\"},{\"@type\":\"ListItem\",\"position\":2,\"name\":\"ERDOGAN DU\u015eE\u015e DI DEST\u00ca DAWID OXLU DE KU\u015eT\"}]},{\"@type\":\"WebSite\",\"@id\":\"https:\\\/\\\/darkamazi.info\\\/#website\",\"url\":\"https:\\\/\\\/darkamazi.info\\\/\",\"name\":\"Darka Maz\u00ee\",\"description\":\"P\u00eageha Zanyariy\u00ean Nebih\u00eest\u00ee\",\"publisher\":{\"@id\":\"https:\\\/\\\/darkamazi.info\\\/#organization\"},\"potentialAction\":[{\"@type\":\"SearchAction\",\"target\":{\"@type\":\"EntryPoint\",\"urlTemplate\":\"https:\\\/\\\/darkamazi.info\\\/?s={search_term_string}\"},\"query-input\":{\"@type\":\"PropertyValueSpecification\",\"valueRequired\":true,\"valueName\":\"search_term_string\"}}],\"inLanguage\":\"en-US\"},{\"@type\":\"Organization\",\"@id\":\"https:\\\/\\\/darkamazi.info\\\/#organization\",\"name\":\"Darka Maz\u00ee\",\"url\":\"https:\\\/\\\/darkamazi.info\\\/\",\"logo\":{\"@type\":\"ImageObject\",\"inLanguage\":\"en-US\",\"@id\":\"https:\\\/\\\/darkamazi.info\\\/#\\\/schema\\\/logo\\\/image\\\/\",\"url\":\"https:\\\/\\\/darkamazi.info\\\/darka-content\\\/uploads\\\/2017\\\/12\\\/darka-mazi-logo.png\",\"contentUrl\":\"https:\\\/\\\/darkamazi.info\\\/darka-content\\\/uploads\\\/2017\\\/12\\\/darka-mazi-logo.png\",\"width\":151,\"height\":75,\"caption\":\"Darka Maz\u00ee\"},\"image\":{\"@id\":\"https:\\\/\\\/darkamazi.info\\\/#\\\/schema\\\/logo\\\/image\\\/\"},\"sameAs\":[\"https:\\\/\\\/www.facebook.com\\\/DarMaziKurmanci\",\"https:\\\/\\\/x.com\\\/DarkaMaziLatini\",\"https:\\\/\\\/www.instagram.com\\\/darkamazi.kurmanci\\\/\",\"https:\\\/\\\/www.youtube.com\\\/channel\\\/UCa5HkTdmI8U1qCUFuTw8B2g\"]},{\"@type\":\"Person\",\"@id\":\"https:\\\/\\\/darkamazi.info\\\/#\\\/schema\\\/person\\\/5ad3e24553a0567993fa8ed4bd0a776c\",\"name\":\"darka mazi\",\"sameAs\":[\"https:\\\/\\\/darkamazi.info\\\/\"],\"url\":\"https:\\\/\\\/darkamazi.info\\\/archives\\\/author\\\/kurdi\"}]}<\/script>\n<!-- \/ Yoast SEO plugin. -->","seo_head_json":{"title":"ERDOGAN DU\u015eE\u015e DI DEST\u00ca DAWID OXLU DE KU\u015eT - Darka Maz\u00ee","robots":{"index":"index","follow":"follow","max-snippet":"max-snippet:-1","max-image-preview":"max-image-preview:large","max-video-preview":"max-video-preview:-1"},"canonical":"https:\/\/darkamazi.info\/archives\/1011356","og_locale":"en_US","og_type":"article","og_title":"ERDOGAN DU\u015eE\u015e DI DEST\u00ca DAWID OXLU DE KU\u015eT - Darka Maz\u00ee","og_description":"Serok komar\u00ea Tirkiy\u00ea li ser d\u00fbrxistina dijber\u00ean xwe berdewame \u00fb di n\u00fbtir\u00een biryar de, Partiya Ehmed Dawid Oxlu ku li dawiya sala rab\u00fbr\u00ee hatiye damezrandin, ji hilbijartin\u00ean bih\u00eat d\u00fbr kir. Li j\u00ear ferman \u00fb raspardey\u00ean Receb Tey\u00eeb Erdogan Serok Komar\u00ea Tirkiy\u00ea \u00fb serok\u00ea Partiya Dad \u00fb Ge\u015fep\u00eadan AKP\u2019\u00ea, enc\u00fbmena blind ya hilbijartin\u00ean Tirkiya l\u00eesta nav\u00ean [&hellip;]","og_url":"https:\/\/darkamazi.info\/archives\/1011356","og_site_name":"Darka Maz\u00ee","article_publisher":"https:\/\/www.facebook.com\/DarMaziKurmanci","article_published_time":"2020-01-19T18:12:30+00:00","og_image":[{"width":1041,"height":550,"url":"https:\/\/darkamazi.info\/file\/2020\/01\/Erdogan-Ehmet.jpg","type":"image\/jpeg"}],"author":"darka mazi","twitter_card":"summary_large_image","twitter_creator":"@DarkaMaziLatini","twitter_site":"@DarkaMaziLatini","twitter_misc":{"Written by":"darka mazi","Est. reading time":"3 minutes"},"schema":{"@context":"https:\/\/schema.org","@graph":[{"@type":"Article","@id":"https:\/\/darkamazi.info\/archives\/1011356#article","isPartOf":{"@id":"https:\/\/darkamazi.info\/archives\/1011356"},"author":{"name":"darka mazi","@id":"https:\/\/darkamazi.info\/#\/schema\/person\/5ad3e24553a0567993fa8ed4bd0a776c"},"headline":"ERDOGAN DU\u015eE\u015e DI DEST\u00ca DAWID OXLU DE KU\u015eT","datePublished":"2020-01-19T18:12:30+00:00","mainEntityOfPage":{"@id":"https:\/\/darkamazi.info\/archives\/1011356"},"wordCount":516,"publisher":{"@id":"https:\/\/darkamazi.info\/#organization"},"image":{"@id":"https:\/\/darkamazi.info\/archives\/1011356#primaryimage"},"thumbnailUrl":"https:\/\/darkamazi.info\/file\/2020\/01\/Erdogan-Ehmet.jpg","keywords":["sereke"],"articleSection":["Rojhelata nav\u00een"],"inLanguage":"en-US"},{"@type":"WebPage","@id":"https:\/\/darkamazi.info\/archives\/1011356","url":"https:\/\/darkamazi.info\/archives\/1011356","name":"ERDOGAN DU\u015eE\u015e DI DEST\u00ca DAWID OXLU DE KU\u015eT - Darka Maz\u00ee","isPartOf":{"@id":"https:\/\/darkamazi.info\/#website"},"primaryImageOfPage":{"@id":"https:\/\/darkamazi.info\/archives\/1011356#primaryimage"},"image":{"@id":"https:\/\/darkamazi.info\/archives\/1011356#primaryimage"},"thumbnailUrl":"https:\/\/darkamazi.info\/file\/2020\/01\/Erdogan-Ehmet.jpg","datePublished":"2020-01-19T18:12:30+00:00","breadcrumb":{"@id":"https:\/\/darkamazi.info\/archives\/1011356#breadcrumb"},"inLanguage":"en-US","potentialAction":[{"@type":"ReadAction","target":["https:\/\/darkamazi.info\/archives\/1011356"]}]},{"@type":"ImageObject","inLanguage":"en-US","@id":"https:\/\/darkamazi.info\/archives\/1011356#primaryimage","url":"https:\/\/darkamazi.info\/file\/2020\/01\/Erdogan-Ehmet.jpg","contentUrl":"https:\/\/darkamazi.info\/file\/2020\/01\/Erdogan-Ehmet.jpg","width":1041,"height":550,"caption":"ERDOGAN DU\u015eE\u015e DI DEST\u00ca DAWID OXLU DE KU\u015eT"},{"@type":"BreadcrumbList","@id":"https:\/\/darkamazi.info\/archives\/1011356#breadcrumb","itemListElement":[{"@type":"ListItem","position":1,"name":"Home","item":"https:\/\/darkamazi.info\/"},{"@type":"ListItem","position":2,"name":"ERDOGAN DU\u015eE\u015e DI DEST\u00ca DAWID OXLU DE KU\u015eT"}]},{"@type":"WebSite","@id":"https:\/\/darkamazi.info\/#website","url":"https:\/\/darkamazi.info\/","name":"Darka Maz\u00ee","description":"P\u00eageha Zanyariy\u00ean Nebih\u00eest\u00ee","publisher":{"@id":"https:\/\/darkamazi.info\/#organization"},"potentialAction":[{"@type":"SearchAction","target":{"@type":"EntryPoint","urlTemplate":"https:\/\/darkamazi.info\/?s={search_term_string}"},"query-input":{"@type":"PropertyValueSpecification","valueRequired":true,"valueName":"search_term_string"}}],"inLanguage":"en-US"},{"@type":"Organization","@id":"https:\/\/darkamazi.info\/#organization","name":"Darka Maz\u00ee","url":"https:\/\/darkamazi.info\/","logo":{"@type":"ImageObject","inLanguage":"en-US","@id":"https:\/\/darkamazi.info\/#\/schema\/logo\/image\/","url":"https:\/\/darkamazi.info\/file\/2017\/12\/darka-mazi-logo.png","contentUrl":"https:\/\/darkamazi.info\/file\/2017\/12\/darka-mazi-logo.png","width":151,"height":75,"caption":"Darka Maz\u00ee"},"image":{"@id":"https:\/\/darkamazi.info\/#\/schema\/logo\/image\/"},"sameAs":["https:\/\/www.facebook.com\/DarMaziKurmanci","https:\/\/x.com\/DarkaMaziLatini","https:\/\/www.instagram.com\/darkamazi.kurmanci\/","https:\/\/www.youtube.com\/channel\/UCa5HkTdmI8U1qCUFuTw8B2g"]},{"@type":"Person","@id":"https:\/\/darkamazi.info\/#\/schema\/person\/5ad3e24553a0567993fa8ed4bd0a776c","name":"darka mazi","sameAs":["https:\/\/darkamazi.info\/"],"url":"https:\/\/darkamazi.info\/archives\/author\/kurdi"}]}},"_links":{"self":[{"href":"https:\/\/darkamazi.info\/funavuv\/wp\/v2\/posts\/1011356","targetHints":{"allow":["GET"]}}],"collection":[{"href":"https:\/\/darkamazi.info\/funavuv\/wp\/v2\/posts"}],"about":[{"href":"https:\/\/darkamazi.info\/funavuv\/wp\/v2\/types\/post"}],"author":[{"embeddable":true,"href":"https:\/\/darkamazi.info\/funavuv\/wp\/v2\/users\/2"}],"replies":[{"embeddable":true,"href":"https:\/\/darkamazi.info\/funavuv\/wp\/v2\/comments?post=1011356"}],"version-history":[{"count":0,"href":"https:\/\/darkamazi.info\/funavuv\/wp\/v2\/posts\/1011356\/revisions"}],"wp:featuredmedia":[{"embeddable":true,"href":"https:\/\/darkamazi.info\/funavuv\/wp\/v2\/media\/1011357"}],"wp:attachment":[{"href":"https:\/\/darkamazi.info\/funavuv\/wp\/v2\/media?parent=1011356"}],"wp:term":[{"taxonomy":"category","embeddable":true,"href":"https:\/\/darkamazi.info\/funavuv\/wp\/v2\/categories?post=1011356"},{"taxonomy":"post_tag","embeddable":true,"href":"https:\/\/darkamazi.info\/funavuv\/wp\/v2\/tags?post=1011356"}],"curies":[{"name":"wp","href":"https:\/\/api.w.org\/{rel}","templated":true}]}}