{"id":1011375,"date":"2020-01-21T13:30:44","date_gmt":"2020-01-21T10:30:44","guid":{"rendered":"https:\/\/darkamazi.info\/?p=1011375"},"modified":"2020-01-21T13:30:44","modified_gmt":"2020-01-21T10:30:44","slug":"sandeke-hdp-serdana-basure-kurdistane-kir","status":"publish","type":"post","link":"https:\/\/darkamazi.info\/archives\/1011375","title":{"rendered":"\u015eANDEKE HDP SERDANA BA\u015e\u00dbR\u00ca KURDISTAN\u00ca KIR"},"content":{"rendered":"<h3 style=\"text-align: justify\"><span style=\"font-family: 'arial black', sans-serif\">\u015eandeke Partiya Demokrat\u00eeka Gelan (HDP) \u00eero roja s\u00ea\u015fem\u00ee 21\u00ea \u00c7ileya 2020 gih\u00ee\u015ft par\u00eazgeha Sil\u00eamaniy\u00ea \u00fb li gel par\u00eazgar\u00ea Sil\u00eamaniy\u00ea civ\u00eeya.<\/span><\/h3>\n<h3 style=\"text-align: justify\">\u015eanda HDP\u2019\u00ea ku ji rayedar\u00ean \u015earedariya \u00calha Bakur\u00ea Kurdistan\u00ea p\u00eakhatiye, di yekem\u00een w\u00eastgeha serdana xweya ji bo Ba\u015f\u00fbr\u00ea Kurdistan\u00ea de serdana sl\u00eamany\u00ea kiru digel Par\u00eazgar\u00ea Sil\u00eamaniy\u00ea diktor Heval Ebobekir de civ\u00eeya.<\/h3>\n<h3 style=\"text-align: justify\">Seredana \u015fand\u00ea HDP\u2019\u00ea pa\u015f v\u00ea yek\u00ea dih\u00eat ku Abid \u00ceke n\u00fbner\u00ea HDP\u2019\u00ea li Her\u00eama Kurdistan\u00ea, daxwaza \u015fanda HDP\u2019\u00ea ji bo seredan kirina Ba\u015f\u00fbr\u00ea Kurdistan\u00ea gihand\u00ee berpirs\u00ean Par\u00eazgeh\u00ean\u00a0 Her\u00eama Kurdistan\u00ea \u00fb wan berpirsan j\u00ee bi er\u00een\u00ee p\u00ea\u015fwaz\u00ee li daxwaza HDP\u2019\u00ea kir\u00ee.<\/h3>\n<h3 style=\"text-align: justify\">\u015eanda HDP\u2019\u00ea ji hevserok\u00ea \u015earadariya \u00calh\u00ea Dr. Mehmed Dem\u00eer, parlementer\u00ea HDP\u2019\u00ea \u00calh\u00ea Nejdet \u00cepek\u00eewuz \u00fb endam\u00ean encumena \u015faredariy\u00ea Hediye Karaaslan, Y\u00fbnis Par\u00een \u00fb \u015e\u00fbkran \u00e7eleb\u00ee p\u00eak t\u00ea.<\/h3>\n<h3 style=\"text-align: justify\">Armanca \u015fanda HDP\u2019\u00ea\u00a0 ji serdan\u00ea j\u00ee p\u00ea\u015fxistina p\u00eawendiy\u00ean di navbera par\u00eazgeh \u00fb \u015faradariy\u00ean Bakur\u00ea Kurdistan\u00ea \u00fb Ba\u015f\u00fbr\u00ea Kurdistan\u00ea deye.<\/h3>\n<h3 style=\"text-align: justify\">T\u00ea \u00e7aver\u00eakirin ku \u015fanda HDP\u2019\u00ea pi\u015ft\u00ee par\u00eazeha Sil\u00eamaniy\u00ea, serdana par\u00eazeh\u00ean Duhok\u00ea \u00fb Hewl\u00ear\u00ea j\u00ee bike.<\/h3>\n","protected":false},"excerpt":{"rendered":"<p>\u015eandeke Partiya Demokrat\u00eeka Gelan (HDP) \u00eero roja s\u00ea\u015fem\u00ee 21\u00ea \u00c7ileya 2020 gih\u00ee\u015ft par\u00eazgeha Sil\u00eamaniy\u00ea \u00fb li gel par\u00eazgar\u00ea Sil\u00eamaniy\u00ea civ\u00eeya. \u015eanda HDP\u2019\u00ea ku ji rayedar\u00ean \u015earedariya \u00calha Bakur\u00ea Kurdistan\u00ea p\u00eakhatiye, di yekem\u00een w\u00eastgeha serdana xweya ji bo Ba\u015f\u00fbr\u00ea Kurdistan\u00ea de serdana sl\u00eamany\u00ea kiru digel Par\u00eazgar\u00ea Sil\u00eamaniy\u00ea diktor Heval Ebobekir de civ\u00eeya. Seredana \u015fand\u00ea HDP\u2019\u00ea pa\u015f [&hellip;]<\/p>\n","protected":false},"author":2,"featured_media":1011376,"comment_status":"closed","ping_status":"closed","sticky":false,"template":"","format":"standard","meta":{"footnotes":""},"categories":[29],"tags":[37],"class_list":["post-1011375","post","type-post","status-publish","format-standard","has-post-thumbnail","hentry","category-kurdistan","tag-sereke"],"blocksy_meta":[],"seo_head":"<!-- This site is optimized with the Yoast SEO plugin v27.5 - https:\/\/yoast.com\/product\/yoast-seo-wordpress\/ -->\n<title>\u015eANDEKE HDP SERDANA BA\u015e\u00dbR\u00ca KURDISTAN\u00ca KIR - Darka Maz\u00ee<\/title>\n<meta name=\"robots\" content=\"index, follow, max-snippet:-1, max-image-preview:large, max-video-preview:-1\" \/>\n<link rel=\"canonical\" href=\"https:\/\/darkamazi.info\/archives\/1011375\" \/>\n<meta property=\"og:locale\" content=\"en_US\" \/>\n<meta property=\"og:type\" content=\"article\" \/>\n<meta property=\"og:title\" content=\"\u015eANDEKE HDP SERDANA BA\u015e\u00dbR\u00ca KURDISTAN\u00ca KIR - Darka Maz\u00ee\" \/>\n<meta property=\"og:description\" content=\"\u015eandeke Partiya Demokrat\u00eeka Gelan (HDP) \u00eero roja s\u00ea\u015fem\u00ee 21\u00ea \u00c7ileya 2020 gih\u00ee\u015ft par\u00eazgeha Sil\u00eamaniy\u00ea \u00fb li gel par\u00eazgar\u00ea Sil\u00eamaniy\u00ea civ\u00eeya. \u015eanda HDP\u2019\u00ea ku ji rayedar\u00ean \u015earedariya \u00calha Bakur\u00ea Kurdistan\u00ea p\u00eakhatiye, di yekem\u00een w\u00eastgeha serdana xweya ji bo Ba\u015f\u00fbr\u00ea Kurdistan\u00ea de serdana sl\u00eamany\u00ea kiru digel Par\u00eazgar\u00ea Sil\u00eamaniy\u00ea diktor Heval Ebobekir de civ\u00eeya. Seredana \u015fand\u00ea HDP\u2019\u00ea pa\u015f [&hellip;]\" \/>\n<meta property=\"og:url\" content=\"https:\/\/darkamazi.info\/archives\/1011375\" \/>\n<meta property=\"og:site_name\" content=\"Darka Maz\u00ee\" \/>\n<meta property=\"article:publisher\" content=\"https:\/\/www.facebook.com\/DarMaziKurmanci\" \/>\n<meta property=\"article:published_time\" content=\"2020-01-21T10:30:44+00:00\" \/>\n<meta property=\"og:image\" content=\"https:\/\/darkamazi.info\/file\/2020\/01\/HDPe.jpg\" \/>\n\t<meta property=\"og:image:width\" content=\"1200\" \/>\n\t<meta property=\"og:image:height\" content=\"550\" \/>\n\t<meta property=\"og:image:type\" content=\"image\/jpeg\" \/>\n<meta name=\"author\" content=\"darka mazi\" \/>\n<meta name=\"twitter:card\" content=\"summary_large_image\" \/>\n<meta name=\"twitter:creator\" content=\"@DarkaMaziLatini\" \/>\n<meta name=\"twitter:site\" content=\"@DarkaMaziLatini\" \/>\n<meta name=\"twitter:label1\" content=\"Written by\" \/>\n\t<meta name=\"twitter:data1\" content=\"darka mazi\" \/>\n\t<meta name=\"twitter:label2\" content=\"Est. reading time\" \/>\n\t<meta name=\"twitter:data2\" content=\"1 minute\" \/>\n<script type=\"application\/ld+json\" class=\"seo-schema-graph\">{\"@context\":\"https:\\\/\\\/schema.org\",\"@graph\":[{\"@type\":\"Article\",\"@id\":\"https:\\\/\\\/darkamazi.info\\\/archives\\\/1011375#article\",\"isPartOf\":{\"@id\":\"https:\\\/\\\/darkamazi.info\\\/archives\\\/1011375\"},\"author\":{\"name\":\"darka mazi\",\"@id\":\"https:\\\/\\\/darkamazi.info\\\/#\\\/schema\\\/person\\\/5ad3e24553a0567993fa8ed4bd0a776c\"},\"headline\":\"\u015eANDEKE HDP SERDANA BA\u015e\u00dbR\u00ca KURDISTAN\u00ca KIR\",\"datePublished\":\"2020-01-21T10:30:44+00:00\",\"mainEntityOfPage\":{\"@id\":\"https:\\\/\\\/darkamazi.info\\\/archives\\\/1011375\"},\"wordCount\":196,\"publisher\":{\"@id\":\"https:\\\/\\\/darkamazi.info\\\/#organization\"},\"image\":{\"@id\":\"https:\\\/\\\/darkamazi.info\\\/archives\\\/1011375#primaryimage\"},\"thumbnailUrl\":\"https:\\\/\\\/darkamazi.info\\\/darka-content\\\/uploads\\\/2020\\\/01\\\/HDPe.jpg\",\"keywords\":[\"sereke\"],\"articleSection\":[\"Kurdistan\"],\"inLanguage\":\"en-US\"},{\"@type\":\"WebPage\",\"@id\":\"https:\\\/\\\/darkamazi.info\\\/archives\\\/1011375\",\"url\":\"https:\\\/\\\/darkamazi.info\\\/archives\\\/1011375\",\"name\":\"\u015eANDEKE HDP SERDANA BA\u015e\u00dbR\u00ca KURDISTAN\u00ca KIR - Darka Maz\u00ee\",\"isPartOf\":{\"@id\":\"https:\\\/\\\/darkamazi.info\\\/#website\"},\"primaryImageOfPage\":{\"@id\":\"https:\\\/\\\/darkamazi.info\\\/archives\\\/1011375#primaryimage\"},\"image\":{\"@id\":\"https:\\\/\\\/darkamazi.info\\\/archives\\\/1011375#primaryimage\"},\"thumbnailUrl\":\"https:\\\/\\\/darkamazi.info\\\/darka-content\\\/uploads\\\/2020\\\/01\\\/HDPe.jpg\",\"datePublished\":\"2020-01-21T10:30:44+00:00\",\"breadcrumb\":{\"@id\":\"https:\\\/\\\/darkamazi.info\\\/archives\\\/1011375#breadcrumb\"},\"inLanguage\":\"en-US\",\"potentialAction\":[{\"@type\":\"ReadAction\",\"target\":[\"https:\\\/\\\/darkamazi.info\\\/archives\\\/1011375\"]}]},{\"@type\":\"ImageObject\",\"inLanguage\":\"en-US\",\"@id\":\"https:\\\/\\\/darkamazi.info\\\/archives\\\/1011375#primaryimage\",\"url\":\"https:\\\/\\\/darkamazi.info\\\/darka-content\\\/uploads\\\/2020\\\/01\\\/HDPe.jpg\",\"contentUrl\":\"https:\\\/\\\/darkamazi.info\\\/darka-content\\\/uploads\\\/2020\\\/01\\\/HDPe.jpg\",\"width\":1200,\"height\":550,\"caption\":\"\u015eANDEKE HDP SERDANA BA\u015e\u00dbR\u00ca KURDISTAN\u00ca KIR\"},{\"@type\":\"BreadcrumbList\",\"@id\":\"https:\\\/\\\/darkamazi.info\\\/archives\\\/1011375#breadcrumb\",\"itemListElement\":[{\"@type\":\"ListItem\",\"position\":1,\"name\":\"Home\",\"item\":\"https:\\\/\\\/darkamazi.info\\\/\"},{\"@type\":\"ListItem\",\"position\":2,\"name\":\"\u015eANDEKE HDP SERDANA BA\u015e\u00dbR\u00ca KURDISTAN\u00ca KIR\"}]},{\"@type\":\"WebSite\",\"@id\":\"https:\\\/\\\/darkamazi.info\\\/#website\",\"url\":\"https:\\\/\\\/darkamazi.info\\\/\",\"name\":\"Darka Maz\u00ee\",\"description\":\"P\u00eageha Zanyariy\u00ean Nebih\u00eest\u00ee\",\"publisher\":{\"@id\":\"https:\\\/\\\/darkamazi.info\\\/#organization\"},\"potentialAction\":[{\"@type\":\"SearchAction\",\"target\":{\"@type\":\"EntryPoint\",\"urlTemplate\":\"https:\\\/\\\/darkamazi.info\\\/?s={search_term_string}\"},\"query-input\":{\"@type\":\"PropertyValueSpecification\",\"valueRequired\":true,\"valueName\":\"search_term_string\"}}],\"inLanguage\":\"en-US\"},{\"@type\":\"Organization\",\"@id\":\"https:\\\/\\\/darkamazi.info\\\/#organization\",\"name\":\"Darka Maz\u00ee\",\"url\":\"https:\\\/\\\/darkamazi.info\\\/\",\"logo\":{\"@type\":\"ImageObject\",\"inLanguage\":\"en-US\",\"@id\":\"https:\\\/\\\/darkamazi.info\\\/#\\\/schema\\\/logo\\\/image\\\/\",\"url\":\"https:\\\/\\\/darkamazi.info\\\/darka-content\\\/uploads\\\/2017\\\/12\\\/darka-mazi-logo.png\",\"contentUrl\":\"https:\\\/\\\/darkamazi.info\\\/darka-content\\\/uploads\\\/2017\\\/12\\\/darka-mazi-logo.png\",\"width\":151,\"height\":75,\"caption\":\"Darka Maz\u00ee\"},\"image\":{\"@id\":\"https:\\\/\\\/darkamazi.info\\\/#\\\/schema\\\/logo\\\/image\\\/\"},\"sameAs\":[\"https:\\\/\\\/www.facebook.com\\\/DarMaziKurmanci\",\"https:\\\/\\\/x.com\\\/DarkaMaziLatini\",\"https:\\\/\\\/www.instagram.com\\\/darkamazi.kurmanci\\\/\",\"https:\\\/\\\/www.youtube.com\\\/channel\\\/UCa5HkTdmI8U1qCUFuTw8B2g\"]},{\"@type\":\"Person\",\"@id\":\"https:\\\/\\\/darkamazi.info\\\/#\\\/schema\\\/person\\\/5ad3e24553a0567993fa8ed4bd0a776c\",\"name\":\"darka mazi\",\"sameAs\":[\"https:\\\/\\\/darkamazi.info\\\/\"],\"url\":\"https:\\\/\\\/darkamazi.info\\\/archives\\\/author\\\/kurdi\"}]}<\/script>\n<!-- \/ Yoast SEO plugin. -->","seo_head_json":{"title":"\u015eANDEKE HDP SERDANA BA\u015e\u00dbR\u00ca KURDISTAN\u00ca KIR - Darka Maz\u00ee","robots":{"index":"index","follow":"follow","max-snippet":"max-snippet:-1","max-image-preview":"max-image-preview:large","max-video-preview":"max-video-preview:-1"},"canonical":"https:\/\/darkamazi.info\/archives\/1011375","og_locale":"en_US","og_type":"article","og_title":"\u015eANDEKE HDP SERDANA BA\u015e\u00dbR\u00ca KURDISTAN\u00ca KIR - Darka Maz\u00ee","og_description":"\u015eandeke Partiya Demokrat\u00eeka Gelan (HDP) \u00eero roja s\u00ea\u015fem\u00ee 21\u00ea \u00c7ileya 2020 gih\u00ee\u015ft par\u00eazgeha Sil\u00eamaniy\u00ea \u00fb li gel par\u00eazgar\u00ea Sil\u00eamaniy\u00ea civ\u00eeya. \u015eanda HDP\u2019\u00ea ku ji rayedar\u00ean \u015earedariya \u00calha Bakur\u00ea Kurdistan\u00ea p\u00eakhatiye, di yekem\u00een w\u00eastgeha serdana xweya ji bo Ba\u015f\u00fbr\u00ea Kurdistan\u00ea de serdana sl\u00eamany\u00ea kiru digel Par\u00eazgar\u00ea Sil\u00eamaniy\u00ea diktor Heval Ebobekir de civ\u00eeya. Seredana \u015fand\u00ea HDP\u2019\u00ea pa\u015f [&hellip;]","og_url":"https:\/\/darkamazi.info\/archives\/1011375","og_site_name":"Darka Maz\u00ee","article_publisher":"https:\/\/www.facebook.com\/DarMaziKurmanci","article_published_time":"2020-01-21T10:30:44+00:00","og_image":[{"width":1200,"height":550,"url":"https:\/\/darkamazi.info\/file\/2020\/01\/HDPe.jpg","type":"image\/jpeg"}],"author":"darka mazi","twitter_card":"summary_large_image","twitter_creator":"@DarkaMaziLatini","twitter_site":"@DarkaMaziLatini","twitter_misc":{"Written by":"darka mazi","Est. reading time":"1 minute"},"schema":{"@context":"https:\/\/schema.org","@graph":[{"@type":"Article","@id":"https:\/\/darkamazi.info\/archives\/1011375#article","isPartOf":{"@id":"https:\/\/darkamazi.info\/archives\/1011375"},"author":{"name":"darka mazi","@id":"https:\/\/darkamazi.info\/#\/schema\/person\/5ad3e24553a0567993fa8ed4bd0a776c"},"headline":"\u015eANDEKE HDP SERDANA BA\u015e\u00dbR\u00ca KURDISTAN\u00ca KIR","datePublished":"2020-01-21T10:30:44+00:00","mainEntityOfPage":{"@id":"https:\/\/darkamazi.info\/archives\/1011375"},"wordCount":196,"publisher":{"@id":"https:\/\/darkamazi.info\/#organization"},"image":{"@id":"https:\/\/darkamazi.info\/archives\/1011375#primaryimage"},"thumbnailUrl":"https:\/\/darkamazi.info\/file\/2020\/01\/HDPe.jpg","keywords":["sereke"],"articleSection":["Kurdistan"],"inLanguage":"en-US"},{"@type":"WebPage","@id":"https:\/\/darkamazi.info\/archives\/1011375","url":"https:\/\/darkamazi.info\/archives\/1011375","name":"\u015eANDEKE HDP SERDANA BA\u015e\u00dbR\u00ca KURDISTAN\u00ca KIR - Darka Maz\u00ee","isPartOf":{"@id":"https:\/\/darkamazi.info\/#website"},"primaryImageOfPage":{"@id":"https:\/\/darkamazi.info\/archives\/1011375#primaryimage"},"image":{"@id":"https:\/\/darkamazi.info\/archives\/1011375#primaryimage"},"thumbnailUrl":"https:\/\/darkamazi.info\/file\/2020\/01\/HDPe.jpg","datePublished":"2020-01-21T10:30:44+00:00","breadcrumb":{"@id":"https:\/\/darkamazi.info\/archives\/1011375#breadcrumb"},"inLanguage":"en-US","potentialAction":[{"@type":"ReadAction","target":["https:\/\/darkamazi.info\/archives\/1011375"]}]},{"@type":"ImageObject","inLanguage":"en-US","@id":"https:\/\/darkamazi.info\/archives\/1011375#primaryimage","url":"https:\/\/darkamazi.info\/file\/2020\/01\/HDPe.jpg","contentUrl":"https:\/\/darkamazi.info\/file\/2020\/01\/HDPe.jpg","width":1200,"height":550,"caption":"\u015eANDEKE HDP SERDANA BA\u015e\u00dbR\u00ca KURDISTAN\u00ca KIR"},{"@type":"BreadcrumbList","@id":"https:\/\/darkamazi.info\/archives\/1011375#breadcrumb","itemListElement":[{"@type":"ListItem","position":1,"name":"Home","item":"https:\/\/darkamazi.info\/"},{"@type":"ListItem","position":2,"name":"\u015eANDEKE HDP SERDANA BA\u015e\u00dbR\u00ca KURDISTAN\u00ca KIR"}]},{"@type":"WebSite","@id":"https:\/\/darkamazi.info\/#website","url":"https:\/\/darkamazi.info\/","name":"Darka Maz\u00ee","description":"P\u00eageha Zanyariy\u00ean Nebih\u00eest\u00ee","publisher":{"@id":"https:\/\/darkamazi.info\/#organization"},"potentialAction":[{"@type":"SearchAction","target":{"@type":"EntryPoint","urlTemplate":"https:\/\/darkamazi.info\/?s={search_term_string}"},"query-input":{"@type":"PropertyValueSpecification","valueRequired":true,"valueName":"search_term_string"}}],"inLanguage":"en-US"},{"@type":"Organization","@id":"https:\/\/darkamazi.info\/#organization","name":"Darka Maz\u00ee","url":"https:\/\/darkamazi.info\/","logo":{"@type":"ImageObject","inLanguage":"en-US","@id":"https:\/\/darkamazi.info\/#\/schema\/logo\/image\/","url":"https:\/\/darkamazi.info\/file\/2017\/12\/darka-mazi-logo.png","contentUrl":"https:\/\/darkamazi.info\/file\/2017\/12\/darka-mazi-logo.png","width":151,"height":75,"caption":"Darka Maz\u00ee"},"image":{"@id":"https:\/\/darkamazi.info\/#\/schema\/logo\/image\/"},"sameAs":["https:\/\/www.facebook.com\/DarMaziKurmanci","https:\/\/x.com\/DarkaMaziLatini","https:\/\/www.instagram.com\/darkamazi.kurmanci\/","https:\/\/www.youtube.com\/channel\/UCa5HkTdmI8U1qCUFuTw8B2g"]},{"@type":"Person","@id":"https:\/\/darkamazi.info\/#\/schema\/person\/5ad3e24553a0567993fa8ed4bd0a776c","name":"darka mazi","sameAs":["https:\/\/darkamazi.info\/"],"url":"https:\/\/darkamazi.info\/archives\/author\/kurdi"}]}},"_links":{"self":[{"href":"https:\/\/darkamazi.info\/funavuv\/wp\/v2\/posts\/1011375","targetHints":{"allow":["GET"]}}],"collection":[{"href":"https:\/\/darkamazi.info\/funavuv\/wp\/v2\/posts"}],"about":[{"href":"https:\/\/darkamazi.info\/funavuv\/wp\/v2\/types\/post"}],"author":[{"embeddable":true,"href":"https:\/\/darkamazi.info\/funavuv\/wp\/v2\/users\/2"}],"replies":[{"embeddable":true,"href":"https:\/\/darkamazi.info\/funavuv\/wp\/v2\/comments?post=1011375"}],"version-history":[{"count":0,"href":"https:\/\/darkamazi.info\/funavuv\/wp\/v2\/posts\/1011375\/revisions"}],"wp:featuredmedia":[{"embeddable":true,"href":"https:\/\/darkamazi.info\/funavuv\/wp\/v2\/media\/1011376"}],"wp:attachment":[{"href":"https:\/\/darkamazi.info\/funavuv\/wp\/v2\/media?parent=1011375"}],"wp:term":[{"taxonomy":"category","embeddable":true,"href":"https:\/\/darkamazi.info\/funavuv\/wp\/v2\/categories?post=1011375"},{"taxonomy":"post_tag","embeddable":true,"href":"https:\/\/darkamazi.info\/funavuv\/wp\/v2\/tags?post=1011375"}],"curies":[{"name":"wp","href":"https:\/\/api.w.org\/{rel}","templated":true}]}}