{"id":1011617,"date":"2020-02-01T16:38:52","date_gmt":"2020-02-01T13:38:52","guid":{"rendered":"https:\/\/darkamazi.info\/?p=1011617"},"modified":"2020-02-01T16:38:52","modified_gmt":"2020-02-01T13:38:52","slug":"50-kolber-li-rojhilate-kurdistane-dinav-berf-u-mij-u-morane-de-windane","status":"publish","type":"post","link":"https:\/\/darkamazi.info\/archives\/1011617","title":{"rendered":"50 KOLBER LI ROJHILAT\u00ca KURDISTAN\u00ca DINAV BERF \u00db MIJ \u00db MORAN\u00ca DE WINDANE"},"content":{"rendered":"<h3 style=\"text-align: justify\"><span style=\"font-family: 'arial black', sans-serif\">N\u00eaz\u00ee 50 kolber\u00ean kurd li rojhilat\u00ea kurdistan\u00ea ku di \u015feva rab\u00fbr\u00ee de dinav berf \u00fb mij \u00fb moran\u00ea de winda b\u00fbb\u00fbn, \u00eero pa\u015f n\u00eevroj\u00ea hat\u00eene d\u00eetin \u00fb niha hewl ji bo rizgar kirina wan t\u00ea day\u00een.<\/span><\/h3>\n<h3 style=\"text-align: justify\">Li gorey zanyariy\u00ean p\u00eageha Darka Maz\u00ee ku li hinek \u00e7avkaniy\u00ean xwe li rojhilat\u00ea kurdistan\u00ea bi dest xistine ew kolber\u00ean kurd duh roja Eyn\u00ee li demjim\u00ear 14:30 bi dema Hewl\u00ear\u00ea li nav\u00e7ey\u00ean s\u00eenor\u00ee y\u00ean bajar\u00ea Seqiz\u00ea beref s\u00eenor\u00ea P\u00eancuw\u00een \u00ea Ba\u015f\u00fbr\u00ea Kurdistan\u00ee bi r\u00ea ket\u00eene.<\/h3>\n<h3 style=\"text-align: justify\">Kolberan duh \u015fev peywend\u00ee bi malbat\u00ean xwe kir\u00eene \u00fb j\u00eare ragihandiye ku ew di nava berf \u00fb mij \u00fb moran\u00ea de mane daxwaza al\u00eekariy\u00ea kiriye, pi\u015ft\u00ee v\u00ea yek\u00ea hem\u00fb peywendiy\u00ean wan digel malbat\u00ean wan qut b\u00fbne.<\/h3>\n<h3 style=\"text-align: justify\">Hat zan\u00een ku li wan nav\u00e7ey\u00ean Kolber t\u00eade as\u00ea may h\u00eala telefon\u00ea n\u00eene \u00fb wan bi r\u00eaya amor\u00ean b\u00eatel peywend\u00ee bi malbat\u00ean xwe kiriye, nihaj\u00ee bi r\u00eaya b\u00eatel\u00ea r\u00eaya derbas b\u00fbn ji w\u00ea nav\u00e7ey\u00ea ji wan re t\u00ea n\u00ee\u015fandan.<\/h3>\n<h3 style=\"text-align: justify\">Heya niha tu zanyar\u00eeyeke pi\u015ft rast kir\u00ee li ser rew\u015fa saxlemiya hem\u00fb kolberan n\u00eene \u00fb ji bo rizgarkirina wan heyva sor a Seqiz\u00ea j\u00ee di xebat\u00ean berdewamdaye.<\/h3>\n","protected":false},"excerpt":{"rendered":"<p>N\u00eaz\u00ee 50 kolber\u00ean kurd li rojhilat\u00ea kurdistan\u00ea ku di \u015feva rab\u00fbr\u00ee de dinav berf \u00fb mij \u00fb moran\u00ea de winda b\u00fbb\u00fbn, \u00eero pa\u015f n\u00eevroj\u00ea hat\u00eene d\u00eetin \u00fb niha hewl ji bo rizgar kirina wan t\u00ea day\u00een. Li gorey zanyariy\u00ean p\u00eageha Darka Maz\u00ee ku li hinek \u00e7avkaniy\u00ean xwe li rojhilat\u00ea kurdistan\u00ea bi dest xistine ew kolber\u00ean [&hellip;]<\/p>\n","protected":false},"author":2,"featured_media":1011618,"comment_status":"closed","ping_status":"closed","sticky":false,"template":"","format":"standard","meta":{"footnotes":""},"categories":[29],"tags":[37],"class_list":["post-1011617","post","type-post","status-publish","format-standard","has-post-thumbnail","hentry","category-kurdistan","tag-sereke"],"blocksy_meta":[],"seo_head":"<!-- This site is optimized with the Yoast SEO plugin v27.5 - https:\/\/yoast.com\/product\/yoast-seo-wordpress\/ -->\n<title>50 KOLBER LI ROJHILAT\u00ca KURDISTAN\u00ca DINAV BERF \u00db MIJ \u00db MORAN\u00ca DE WINDANE - Darka Maz\u00ee<\/title>\n<meta name=\"robots\" content=\"index, follow, max-snippet:-1, max-image-preview:large, max-video-preview:-1\" \/>\n<link rel=\"canonical\" href=\"https:\/\/darkamazi.info\/archives\/1011617\" \/>\n<meta property=\"og:locale\" content=\"en_US\" \/>\n<meta property=\"og:type\" content=\"article\" \/>\n<meta property=\"og:title\" content=\"50 KOLBER LI ROJHILAT\u00ca KURDISTAN\u00ca DINAV BERF \u00db MIJ \u00db MORAN\u00ca DE WINDANE - Darka Maz\u00ee\" \/>\n<meta property=\"og:description\" content=\"N\u00eaz\u00ee 50 kolber\u00ean kurd li rojhilat\u00ea kurdistan\u00ea ku di \u015feva rab\u00fbr\u00ee de dinav berf \u00fb mij \u00fb moran\u00ea de winda b\u00fbb\u00fbn, \u00eero pa\u015f n\u00eevroj\u00ea hat\u00eene d\u00eetin \u00fb niha hewl ji bo rizgar kirina wan t\u00ea day\u00een. Li gorey zanyariy\u00ean p\u00eageha Darka Maz\u00ee ku li hinek \u00e7avkaniy\u00ean xwe li rojhilat\u00ea kurdistan\u00ea bi dest xistine ew kolber\u00ean [&hellip;]\" \/>\n<meta property=\"og:url\" content=\"https:\/\/darkamazi.info\/archives\/1011617\" \/>\n<meta property=\"og:site_name\" content=\"Darka Maz\u00ee\" \/>\n<meta property=\"article:publisher\" content=\"https:\/\/www.facebook.com\/DarMaziKurmanci\" \/>\n<meta property=\"article:published_time\" content=\"2020-02-01T13:38:52+00:00\" \/>\n<meta property=\"og:image\" content=\"https:\/\/darkamazi.info\/file\/2020\/02\/20180305-kolbersb9f30f-image.jpg\" \/>\n\t<meta property=\"og:image:width\" content=\"862\" \/>\n\t<meta property=\"og:image:height\" content=\"500\" \/>\n\t<meta property=\"og:image:type\" content=\"image\/jpeg\" \/>\n<meta name=\"author\" content=\"darka mazi\" \/>\n<meta name=\"twitter:card\" content=\"summary_large_image\" \/>\n<meta name=\"twitter:creator\" content=\"@DarkaMaziLatini\" \/>\n<meta name=\"twitter:site\" content=\"@DarkaMaziLatini\" \/>\n<meta name=\"twitter:label1\" content=\"Written by\" \/>\n\t<meta name=\"twitter:data1\" content=\"darka mazi\" \/>\n\t<meta name=\"twitter:label2\" content=\"Est. reading time\" \/>\n\t<meta name=\"twitter:data2\" content=\"1 minute\" \/>\n<script type=\"application\/ld+json\" class=\"seo-schema-graph\">{\"@context\":\"https:\\\/\\\/schema.org\",\"@graph\":[{\"@type\":\"Article\",\"@id\":\"https:\\\/\\\/darkamazi.info\\\/archives\\\/1011617#article\",\"isPartOf\":{\"@id\":\"https:\\\/\\\/darkamazi.info\\\/archives\\\/1011617\"},\"author\":{\"name\":\"darka mazi\",\"@id\":\"https:\\\/\\\/darkamazi.info\\\/#\\\/schema\\\/person\\\/5ad3e24553a0567993fa8ed4bd0a776c\"},\"headline\":\"50 KOLBER LI ROJHILAT\u00ca KURDISTAN\u00ca DINAV BERF \u00db MIJ \u00db MORAN\u00ca DE WINDANE\",\"datePublished\":\"2020-02-01T13:38:52+00:00\",\"mainEntityOfPage\":{\"@id\":\"https:\\\/\\\/darkamazi.info\\\/archives\\\/1011617\"},\"wordCount\":234,\"publisher\":{\"@id\":\"https:\\\/\\\/darkamazi.info\\\/#organization\"},\"image\":{\"@id\":\"https:\\\/\\\/darkamazi.info\\\/archives\\\/1011617#primaryimage\"},\"thumbnailUrl\":\"https:\\\/\\\/darkamazi.info\\\/darka-content\\\/uploads\\\/2020\\\/02\\\/20180305-kolbersb9f30f-image.jpg\",\"keywords\":[\"sereke\"],\"articleSection\":[\"Kurdistan\"],\"inLanguage\":\"en-US\"},{\"@type\":\"WebPage\",\"@id\":\"https:\\\/\\\/darkamazi.info\\\/archives\\\/1011617\",\"url\":\"https:\\\/\\\/darkamazi.info\\\/archives\\\/1011617\",\"name\":\"50 KOLBER LI ROJHILAT\u00ca KURDISTAN\u00ca DINAV BERF \u00db MIJ \u00db MORAN\u00ca DE WINDANE - Darka Maz\u00ee\",\"isPartOf\":{\"@id\":\"https:\\\/\\\/darkamazi.info\\\/#website\"},\"primaryImageOfPage\":{\"@id\":\"https:\\\/\\\/darkamazi.info\\\/archives\\\/1011617#primaryimage\"},\"image\":{\"@id\":\"https:\\\/\\\/darkamazi.info\\\/archives\\\/1011617#primaryimage\"},\"thumbnailUrl\":\"https:\\\/\\\/darkamazi.info\\\/darka-content\\\/uploads\\\/2020\\\/02\\\/20180305-kolbersb9f30f-image.jpg\",\"datePublished\":\"2020-02-01T13:38:52+00:00\",\"breadcrumb\":{\"@id\":\"https:\\\/\\\/darkamazi.info\\\/archives\\\/1011617#breadcrumb\"},\"inLanguage\":\"en-US\",\"potentialAction\":[{\"@type\":\"ReadAction\",\"target\":[\"https:\\\/\\\/darkamazi.info\\\/archives\\\/1011617\"]}]},{\"@type\":\"ImageObject\",\"inLanguage\":\"en-US\",\"@id\":\"https:\\\/\\\/darkamazi.info\\\/archives\\\/1011617#primaryimage\",\"url\":\"https:\\\/\\\/darkamazi.info\\\/darka-content\\\/uploads\\\/2020\\\/02\\\/20180305-kolbersb9f30f-image.jpg\",\"contentUrl\":\"https:\\\/\\\/darkamazi.info\\\/darka-content\\\/uploads\\\/2020\\\/02\\\/20180305-kolbersb9f30f-image.jpg\",\"width\":862,\"height\":500,\"caption\":\"50 KOLBER LI ROJHILAT\u00ca KURDISTAN\u00ca DINAV BERF \u00db MIJ \u00db MORAN\u00ca DE WINDANE\"},{\"@type\":\"BreadcrumbList\",\"@id\":\"https:\\\/\\\/darkamazi.info\\\/archives\\\/1011617#breadcrumb\",\"itemListElement\":[{\"@type\":\"ListItem\",\"position\":1,\"name\":\"Home\",\"item\":\"https:\\\/\\\/darkamazi.info\\\/\"},{\"@type\":\"ListItem\",\"position\":2,\"name\":\"50 KOLBER LI ROJHILAT\u00ca KURDISTAN\u00ca DINAV BERF \u00db MIJ \u00db MORAN\u00ca DE WINDANE\"}]},{\"@type\":\"WebSite\",\"@id\":\"https:\\\/\\\/darkamazi.info\\\/#website\",\"url\":\"https:\\\/\\\/darkamazi.info\\\/\",\"name\":\"Darka Maz\u00ee\",\"description\":\"P\u00eageha Zanyariy\u00ean Nebih\u00eest\u00ee\",\"publisher\":{\"@id\":\"https:\\\/\\\/darkamazi.info\\\/#organization\"},\"potentialAction\":[{\"@type\":\"SearchAction\",\"target\":{\"@type\":\"EntryPoint\",\"urlTemplate\":\"https:\\\/\\\/darkamazi.info\\\/?s={search_term_string}\"},\"query-input\":{\"@type\":\"PropertyValueSpecification\",\"valueRequired\":true,\"valueName\":\"search_term_string\"}}],\"inLanguage\":\"en-US\"},{\"@type\":\"Organization\",\"@id\":\"https:\\\/\\\/darkamazi.info\\\/#organization\",\"name\":\"Darka Maz\u00ee\",\"url\":\"https:\\\/\\\/darkamazi.info\\\/\",\"logo\":{\"@type\":\"ImageObject\",\"inLanguage\":\"en-US\",\"@id\":\"https:\\\/\\\/darkamazi.info\\\/#\\\/schema\\\/logo\\\/image\\\/\",\"url\":\"https:\\\/\\\/darkamazi.info\\\/darka-content\\\/uploads\\\/2017\\\/12\\\/darka-mazi-logo.png\",\"contentUrl\":\"https:\\\/\\\/darkamazi.info\\\/darka-content\\\/uploads\\\/2017\\\/12\\\/darka-mazi-logo.png\",\"width\":151,\"height\":75,\"caption\":\"Darka Maz\u00ee\"},\"image\":{\"@id\":\"https:\\\/\\\/darkamazi.info\\\/#\\\/schema\\\/logo\\\/image\\\/\"},\"sameAs\":[\"https:\\\/\\\/www.facebook.com\\\/DarMaziKurmanci\",\"https:\\\/\\\/x.com\\\/DarkaMaziLatini\",\"https:\\\/\\\/www.instagram.com\\\/darkamazi.kurmanci\\\/\",\"https:\\\/\\\/www.youtube.com\\\/channel\\\/UCa5HkTdmI8U1qCUFuTw8B2g\"]},{\"@type\":\"Person\",\"@id\":\"https:\\\/\\\/darkamazi.info\\\/#\\\/schema\\\/person\\\/5ad3e24553a0567993fa8ed4bd0a776c\",\"name\":\"darka mazi\",\"sameAs\":[\"https:\\\/\\\/darkamazi.info\\\/\"],\"url\":\"https:\\\/\\\/darkamazi.info\\\/archives\\\/author\\\/kurdi\"}]}<\/script>\n<!-- \/ Yoast SEO plugin. -->","seo_head_json":{"title":"50 KOLBER LI ROJHILAT\u00ca KURDISTAN\u00ca DINAV BERF \u00db MIJ \u00db MORAN\u00ca DE WINDANE - Darka Maz\u00ee","robots":{"index":"index","follow":"follow","max-snippet":"max-snippet:-1","max-image-preview":"max-image-preview:large","max-video-preview":"max-video-preview:-1"},"canonical":"https:\/\/darkamazi.info\/archives\/1011617","og_locale":"en_US","og_type":"article","og_title":"50 KOLBER LI ROJHILAT\u00ca KURDISTAN\u00ca DINAV BERF \u00db MIJ \u00db MORAN\u00ca DE WINDANE - Darka Maz\u00ee","og_description":"N\u00eaz\u00ee 50 kolber\u00ean kurd li rojhilat\u00ea kurdistan\u00ea ku di \u015feva rab\u00fbr\u00ee de dinav berf \u00fb mij \u00fb moran\u00ea de winda b\u00fbb\u00fbn, \u00eero pa\u015f n\u00eevroj\u00ea hat\u00eene d\u00eetin \u00fb niha hewl ji bo rizgar kirina wan t\u00ea day\u00een. Li gorey zanyariy\u00ean p\u00eageha Darka Maz\u00ee ku li hinek \u00e7avkaniy\u00ean xwe li rojhilat\u00ea kurdistan\u00ea bi dest xistine ew kolber\u00ean [&hellip;]","og_url":"https:\/\/darkamazi.info\/archives\/1011617","og_site_name":"Darka Maz\u00ee","article_publisher":"https:\/\/www.facebook.com\/DarMaziKurmanci","article_published_time":"2020-02-01T13:38:52+00:00","og_image":[{"width":862,"height":500,"url":"https:\/\/darkamazi.info\/file\/2020\/02\/20180305-kolbersb9f30f-image.jpg","type":"image\/jpeg"}],"author":"darka mazi","twitter_card":"summary_large_image","twitter_creator":"@DarkaMaziLatini","twitter_site":"@DarkaMaziLatini","twitter_misc":{"Written by":"darka mazi","Est. reading time":"1 minute"},"schema":{"@context":"https:\/\/schema.org","@graph":[{"@type":"Article","@id":"https:\/\/darkamazi.info\/archives\/1011617#article","isPartOf":{"@id":"https:\/\/darkamazi.info\/archives\/1011617"},"author":{"name":"darka mazi","@id":"https:\/\/darkamazi.info\/#\/schema\/person\/5ad3e24553a0567993fa8ed4bd0a776c"},"headline":"50 KOLBER LI ROJHILAT\u00ca KURDISTAN\u00ca DINAV BERF \u00db MIJ \u00db MORAN\u00ca DE WINDANE","datePublished":"2020-02-01T13:38:52+00:00","mainEntityOfPage":{"@id":"https:\/\/darkamazi.info\/archives\/1011617"},"wordCount":234,"publisher":{"@id":"https:\/\/darkamazi.info\/#organization"},"image":{"@id":"https:\/\/darkamazi.info\/archives\/1011617#primaryimage"},"thumbnailUrl":"https:\/\/darkamazi.info\/file\/2020\/02\/20180305-kolbersb9f30f-image.jpg","keywords":["sereke"],"articleSection":["Kurdistan"],"inLanguage":"en-US"},{"@type":"WebPage","@id":"https:\/\/darkamazi.info\/archives\/1011617","url":"https:\/\/darkamazi.info\/archives\/1011617","name":"50 KOLBER LI ROJHILAT\u00ca KURDISTAN\u00ca DINAV BERF \u00db MIJ \u00db MORAN\u00ca DE WINDANE - Darka Maz\u00ee","isPartOf":{"@id":"https:\/\/darkamazi.info\/#website"},"primaryImageOfPage":{"@id":"https:\/\/darkamazi.info\/archives\/1011617#primaryimage"},"image":{"@id":"https:\/\/darkamazi.info\/archives\/1011617#primaryimage"},"thumbnailUrl":"https:\/\/darkamazi.info\/file\/2020\/02\/20180305-kolbersb9f30f-image.jpg","datePublished":"2020-02-01T13:38:52+00:00","breadcrumb":{"@id":"https:\/\/darkamazi.info\/archives\/1011617#breadcrumb"},"inLanguage":"en-US","potentialAction":[{"@type":"ReadAction","target":["https:\/\/darkamazi.info\/archives\/1011617"]}]},{"@type":"ImageObject","inLanguage":"en-US","@id":"https:\/\/darkamazi.info\/archives\/1011617#primaryimage","url":"https:\/\/darkamazi.info\/file\/2020\/02\/20180305-kolbersb9f30f-image.jpg","contentUrl":"https:\/\/darkamazi.info\/file\/2020\/02\/20180305-kolbersb9f30f-image.jpg","width":862,"height":500,"caption":"50 KOLBER LI ROJHILAT\u00ca KURDISTAN\u00ca DINAV BERF \u00db MIJ \u00db MORAN\u00ca DE WINDANE"},{"@type":"BreadcrumbList","@id":"https:\/\/darkamazi.info\/archives\/1011617#breadcrumb","itemListElement":[{"@type":"ListItem","position":1,"name":"Home","item":"https:\/\/darkamazi.info\/"},{"@type":"ListItem","position":2,"name":"50 KOLBER LI ROJHILAT\u00ca KURDISTAN\u00ca DINAV BERF \u00db MIJ \u00db MORAN\u00ca DE WINDANE"}]},{"@type":"WebSite","@id":"https:\/\/darkamazi.info\/#website","url":"https:\/\/darkamazi.info\/","name":"Darka Maz\u00ee","description":"P\u00eageha Zanyariy\u00ean Nebih\u00eest\u00ee","publisher":{"@id":"https:\/\/darkamazi.info\/#organization"},"potentialAction":[{"@type":"SearchAction","target":{"@type":"EntryPoint","urlTemplate":"https:\/\/darkamazi.info\/?s={search_term_string}"},"query-input":{"@type":"PropertyValueSpecification","valueRequired":true,"valueName":"search_term_string"}}],"inLanguage":"en-US"},{"@type":"Organization","@id":"https:\/\/darkamazi.info\/#organization","name":"Darka Maz\u00ee","url":"https:\/\/darkamazi.info\/","logo":{"@type":"ImageObject","inLanguage":"en-US","@id":"https:\/\/darkamazi.info\/#\/schema\/logo\/image\/","url":"https:\/\/darkamazi.info\/file\/2017\/12\/darka-mazi-logo.png","contentUrl":"https:\/\/darkamazi.info\/file\/2017\/12\/darka-mazi-logo.png","width":151,"height":75,"caption":"Darka Maz\u00ee"},"image":{"@id":"https:\/\/darkamazi.info\/#\/schema\/logo\/image\/"},"sameAs":["https:\/\/www.facebook.com\/DarMaziKurmanci","https:\/\/x.com\/DarkaMaziLatini","https:\/\/www.instagram.com\/darkamazi.kurmanci\/","https:\/\/www.youtube.com\/channel\/UCa5HkTdmI8U1qCUFuTw8B2g"]},{"@type":"Person","@id":"https:\/\/darkamazi.info\/#\/schema\/person\/5ad3e24553a0567993fa8ed4bd0a776c","name":"darka mazi","sameAs":["https:\/\/darkamazi.info\/"],"url":"https:\/\/darkamazi.info\/archives\/author\/kurdi"}]}},"_links":{"self":[{"href":"https:\/\/darkamazi.info\/funavuv\/wp\/v2\/posts\/1011617","targetHints":{"allow":["GET"]}}],"collection":[{"href":"https:\/\/darkamazi.info\/funavuv\/wp\/v2\/posts"}],"about":[{"href":"https:\/\/darkamazi.info\/funavuv\/wp\/v2\/types\/post"}],"author":[{"embeddable":true,"href":"https:\/\/darkamazi.info\/funavuv\/wp\/v2\/users\/2"}],"replies":[{"embeddable":true,"href":"https:\/\/darkamazi.info\/funavuv\/wp\/v2\/comments?post=1011617"}],"version-history":[{"count":0,"href":"https:\/\/darkamazi.info\/funavuv\/wp\/v2\/posts\/1011617\/revisions"}],"wp:featuredmedia":[{"embeddable":true,"href":"https:\/\/darkamazi.info\/funavuv\/wp\/v2\/media\/1011618"}],"wp:attachment":[{"href":"https:\/\/darkamazi.info\/funavuv\/wp\/v2\/media?parent=1011617"}],"wp:term":[{"taxonomy":"category","embeddable":true,"href":"https:\/\/darkamazi.info\/funavuv\/wp\/v2\/categories?post=1011617"},{"taxonomy":"post_tag","embeddable":true,"href":"https:\/\/darkamazi.info\/funavuv\/wp\/v2\/tags?post=1011617"}],"curies":[{"name":"wp","href":"https:\/\/api.w.org\/{rel}","templated":true}]}}