{"id":1011795,"date":"2020-02-11T18:46:32","date_gmt":"2020-02-11T15:46:32","guid":{"rendered":"https:\/\/darkamazi.info\/?p=1011795"},"modified":"2020-02-11T18:47:46","modified_gmt":"2020-02-11T15:47:46","slug":"aliyen-basur-mercen-xwe-ji-bo-bexdaye-dest-nisan-kirin","status":"publish","type":"post","link":"https:\/\/darkamazi.info\/archives\/1011795","title":{"rendered":"ALIY\u00caN BA\u015e\u00dbR MERC\u00caN XWE JI BO BEXDAY\u00ca DEST N\u00ce\u015eAN KIRIN"},"content":{"rendered":"<div class=\"wpb-content-wrapper\"><p>[darkamazi_row][darkamazi_column][darkamazi_column_text]<\/p>\n<h3 style=\"text-align: justify\"><span style=\"font-size: 18pt\"><strong>Serok\u00ea Her\u00eama Ba\u015f\u00fbr\u00ea Kurdistan\u00ea \u00eero li gel aliy\u00ean siyas\u00ee \u00fb firaksyon\u00ean Kurdistan\u00ee li perleman\u00ea \u00ceraq\u00ea kom b\u00fb, yekxistina helwesta aliy\u00ean siyas\u00ee, p\u00ea\u015fhat\u00ean siyas\u00ee li \u00ceraq\u00ea \u00fb hengav\u00ean p\u00eakan\u00eena hik\u00fbmeta federal gotub\u00eaj kirin.<\/strong><\/span><\/h3>\n<h3 style=\"text-align: justify\">Di baregeha serokatiya Her\u00eama Kurdistan\u00ea de li Hewl\u00ear, bi serperi\u015ftiya N\u00ea\u00e7\u00eervan Barzan\u00ee, serok\u00ea Her\u00eama Kurdistan\u00ea \u00fb bi amadeb\u00fbna herd\u00fb c\u00eagir\u00ean serok, civ\u00eena hevpi\u015fka aliy\u00ean siyas\u00ee, c\u00eagir\u00ea serok\u00ea Parlimena \u00ceraq\u00ea \u00fb Firaksyon\u00ean Kurdistan\u00ee di Perlemana \u00ceraq\u00ea de hat encam dan.<\/h3>\n<h3 style=\"text-align: justify\">Di civ\u00een\u00ea de, rew\u015fa \u00ceraq\u00ea \u00fb hengav\u00ean yekxistina helw\u00easta aliy\u00ean siyas\u00ee, Firakisyon \u00fb saziy\u00ean fermiy\u00ean Her\u00eama Kurdistan\u00ea bo \u00e7awaniya reftar kirin\u00ea li gel p\u00ea\u015fhat\u00ean qada siyasiya \u00ceraq\u00ea \u00fb Kurdistan\u00ea, her wiha got\u00fbb\u00eaj derbar\u00ea gav\u00ean pirakt\u00eek\u00ee ji bo p\u00eakan\u00eena hevpeymaniya Kurdistan\u00ee hatin genge\u015fe kirin.<\/h3>\n<h3 style=\"text-align: justify\">Pi\u015ft\u00ee gotb\u00eajan, ner\u00een veguhertin\u00ea \u00fb t\u00eab\u00eeniy\u00ean firaksyon\u00ean Kurdistan\u00ee li derbar\u00ea \u00e7awaniya reftar kirin\u00ea li gel saziy\u00ean fedral\u00ee li Bexday\u00ea \u00fb behs kirina nex\u015fer\u00ea ya reftar kirin\u00ea li gel p\u00ea\u015fhat\u00ean \u00ceraq\u00ea, tevaya aliyan kok b\u00fbn li ser w\u00ea yek\u00ea ku p\u00eaw\u00eeste bi yek helwest\u00ee reftar li gel tevaya pirsan bih\u00eane kirin\u00a0\u00fb hengav\u00ean pirakt\u00eek\u00ee j\u00ee bo p\u00eakan\u00eena hevpeymaniy\u00ea \u00fb peyreweka gi\u015ftg\u00eer j\u00ee bo bih\u00eat amade kirin ku cih\u00ea pesind kirina tevaya firaksyonan be.<\/h3>\n<h3 style=\"text-align: justify\">Civ\u00een\u00ea bi giring\u00ee ve, rew\u015f \u00fb p\u00ea\u015fhat\u00ean \u00ceraq\u00ea xistin di genge\u015fey\u00ea de \u00fb tekez li ser p\u00eaw\u00eestiya vegerandina aramiya ewleh\u00ee ji bo wilat \u00fb bikar nean\u00eena tund\u00fbt\u00eejiy\u00ea dij\u00ee xwen\u00ee\u015fander\u00ean siv\u00eel kir.<\/h3>\n<h3 style=\"text-align: justify\">Tewereka din ya civ\u00een\u00ea, hengav hav\u00eatin ji bo p\u00eakan\u00eena kab\u00eene ya ay\u00eende ya Hik\u00fbmeta \u00ceraq\u00ea.\u00a0 Derbar\u00ea ev\u00ea yek\u00ea j\u00ee aliy\u00ean amade kok b\u00fbn li ser w\u00ea yek\u00ea ku berjewendiy\u00ean bilind\u00ean Her\u00eama Kurdistan\u00ea, parastina qewareya dest\u00fbr\u00ee \u00fb siyas\u00ee ya w\u00ea \u00fb maf\u00ean dest\u00fbriy\u00ean gel\u00ea Kurdsitan\u00ea \u00fb dever\u00ean Kurdistan\u00ee y\u00ean derve ya r\u00eaveberiya Her\u00eama Kurdistan\u00ea, binema ya sereke \u00fb hevpi\u015fka aliy\u00ean siyas\u00ee dibe.<\/h3>\n<h3 style=\"text-align: justify\">Her gavek j\u00ee bo p\u00eakan\u00eena kab\u00eene ya n\u00fb bi hevaheng\u00ee di navbera aliy\u00ean siyas\u00ee \u00fb saziy\u00ean ferm\u00ee y\u00ean Her\u00eama Kurdistan\u00ea dibe bi awayek\u00ea ku maf\u00ean Her\u00eama Kurdistan\u00ea t\u00eade parazt\u00ee be \u00fb tevaya aliy\u00ean pi\u015fikdar\u00a0 pi\u015fikdar pi\u015fikdar\u00ee ya kar hebin di duristkirina biryara hevpi\u015fik.<\/h3>\n<p>[\/darkamazi_column_text][\/darkamazi_column][\/darkamazi_row][darkamazi_row][darkamazi_column][darkamazi_gallery interval=&#8221;3&#8243; images=&#8221;1011798,1011797&#8243; img_size=&#8221;full&#8221;][\/darkamazi_column][\/darkamazi_row]<\/p>\n<\/div>","protected":false},"excerpt":{"rendered":"<p>[darkamazi_row][darkamazi_column][darkamazi_column_text] Serok\u00ea Her\u00eama Ba\u015f\u00fbr\u00ea Kurdistan\u00ea \u00eero li gel aliy\u00ean siyas\u00ee \u00fb firaksyon\u00ean Kurdistan\u00ee li perleman\u00ea \u00ceraq\u00ea kom b\u00fb, yekxistina helwesta aliy\u00ean siyas\u00ee, p\u00ea\u015fhat\u00ean siyas\u00ee li \u00ceraq\u00ea \u00fb hengav\u00ean p\u00eakan\u00eena hik\u00fbmeta federal gotub\u00eaj kirin. Di baregeha serokatiya Her\u00eama Kurdistan\u00ea de li Hewl\u00ear, bi serperi\u015ftiya N\u00ea\u00e7\u00eervan Barzan\u00ee, serok\u00ea Her\u00eama Kurdistan\u00ea \u00fb bi amadeb\u00fbna herd\u00fb c\u00eagir\u00ean serok, civ\u00eena [&hellip;]<\/p>\n","protected":false},"author":2,"featured_media":1011796,"comment_status":"closed","ping_status":"closed","sticky":false,"template":"","format":"gallery","meta":{"footnotes":""},"categories":[29],"tags":[37],"class_list":["post-1011795","post","type-post","status-publish","format-gallery","has-post-thumbnail","hentry","category-kurdistan","tag-sereke","post_format-post-format-gallery"],"blocksy_meta":[],"seo_head":"<!-- This site is optimized with the Yoast SEO plugin v27.5 - https:\/\/yoast.com\/product\/yoast-seo-wordpress\/ -->\n<title>ALIY\u00caN BA\u015e\u00dbR MERC\u00caN XWE JI BO BEXDAY\u00ca DEST N\u00ce\u015eAN KIRIN - Darka Maz\u00ee<\/title>\n<meta name=\"robots\" content=\"index, follow, max-snippet:-1, max-image-preview:large, max-video-preview:-1\" \/>\n<link rel=\"canonical\" href=\"https:\/\/darkamazi.info\/archives\/1011795\" \/>\n<meta property=\"og:locale\" content=\"en_US\" \/>\n<meta property=\"og:type\" content=\"article\" \/>\n<meta property=\"og:title\" content=\"ALIY\u00caN BA\u015e\u00dbR MERC\u00caN XWE JI BO BEXDAY\u00ca DEST N\u00ce\u015eAN KIRIN - Darka Maz\u00ee\" \/>\n<meta property=\"og:description\" content=\"[darkamazi_row][darkamazi_column][darkamazi_column_text] Serok\u00ea Her\u00eama Ba\u015f\u00fbr\u00ea Kurdistan\u00ea \u00eero li gel aliy\u00ean siyas\u00ee \u00fb firaksyon\u00ean Kurdistan\u00ee li perleman\u00ea \u00ceraq\u00ea kom b\u00fb, yekxistina helwesta aliy\u00ean siyas\u00ee, p\u00ea\u015fhat\u00ean siyas\u00ee li \u00ceraq\u00ea \u00fb hengav\u00ean p\u00eakan\u00eena hik\u00fbmeta federal gotub\u00eaj kirin. Di baregeha serokatiya Her\u00eama Kurdistan\u00ea de li Hewl\u00ear, bi serperi\u015ftiya N\u00ea\u00e7\u00eervan Barzan\u00ee, serok\u00ea Her\u00eama Kurdistan\u00ea \u00fb bi amadeb\u00fbna herd\u00fb c\u00eagir\u00ean serok, civ\u00eena [&hellip;]\" \/>\n<meta property=\"og:url\" content=\"https:\/\/darkamazi.info\/archives\/1011795\" \/>\n<meta property=\"og:site_name\" content=\"Darka Maz\u00ee\" \/>\n<meta property=\"article:publisher\" content=\"https:\/\/www.facebook.com\/DarMaziKurmanci\" \/>\n<meta property=\"article:published_time\" content=\"2020-02-11T15:46:32+00:00\" \/>\n<meta property=\"article:modified_time\" content=\"2020-02-11T15:47:46+00:00\" \/>\n<meta property=\"og:image\" content=\"https:\/\/darkamazi.info\/file\/2020\/02\/NB-kombon-1.jpg\" \/>\n\t<meta property=\"og:image:width\" content=\"850\" \/>\n\t<meta property=\"og:image:height\" content=\"467\" \/>\n\t<meta property=\"og:image:type\" content=\"image\/jpeg\" \/>\n<meta name=\"author\" content=\"darka mazi\" \/>\n<meta name=\"twitter:card\" content=\"summary_large_image\" \/>\n<meta name=\"twitter:creator\" content=\"@DarkaMaziLatini\" \/>\n<meta name=\"twitter:site\" content=\"@DarkaMaziLatini\" \/>\n<meta name=\"twitter:label1\" content=\"Written by\" \/>\n\t<meta name=\"twitter:data1\" content=\"darka mazi\" \/>\n\t<meta name=\"twitter:label2\" content=\"Est. reading time\" \/>\n\t<meta name=\"twitter:data2\" content=\"2 minutes\" \/>\n<script type=\"application\/ld+json\" class=\"seo-schema-graph\">{\"@context\":\"https:\\\/\\\/schema.org\",\"@graph\":[{\"@type\":\"Article\",\"@id\":\"https:\\\/\\\/darkamazi.info\\\/archives\\\/1011795#article\",\"isPartOf\":{\"@id\":\"https:\\\/\\\/darkamazi.info\\\/archives\\\/1011795\"},\"author\":{\"name\":\"darka mazi\",\"@id\":\"https:\\\/\\\/darkamazi.info\\\/#\\\/schema\\\/person\\\/5ad3e24553a0567993fa8ed4bd0a776c\"},\"headline\":\"ALIY\u00caN BA\u015e\u00dbR MERC\u00caN XWE JI BO BEXDAY\u00ca DEST N\u00ce\u015eAN KIRIN\",\"datePublished\":\"2020-02-11T15:46:32+00:00\",\"dateModified\":\"2020-02-11T15:47:46+00:00\",\"mainEntityOfPage\":{\"@id\":\"https:\\\/\\\/darkamazi.info\\\/archives\\\/1011795\"},\"wordCount\":457,\"publisher\":{\"@id\":\"https:\\\/\\\/darkamazi.info\\\/#organization\"},\"image\":{\"@id\":\"https:\\\/\\\/darkamazi.info\\\/archives\\\/1011795#primaryimage\"},\"thumbnailUrl\":\"https:\\\/\\\/darkamazi.info\\\/darka-content\\\/uploads\\\/2020\\\/02\\\/NB-kombon-1.jpg\",\"keywords\":[\"sereke\"],\"articleSection\":[\"Kurdistan\"],\"inLanguage\":\"en-US\"},{\"@type\":\"WebPage\",\"@id\":\"https:\\\/\\\/darkamazi.info\\\/archives\\\/1011795\",\"url\":\"https:\\\/\\\/darkamazi.info\\\/archives\\\/1011795\",\"name\":\"ALIY\u00caN BA\u015e\u00dbR MERC\u00caN XWE JI BO BEXDAY\u00ca DEST N\u00ce\u015eAN KIRIN - Darka Maz\u00ee\",\"isPartOf\":{\"@id\":\"https:\\\/\\\/darkamazi.info\\\/#website\"},\"primaryImageOfPage\":{\"@id\":\"https:\\\/\\\/darkamazi.info\\\/archives\\\/1011795#primaryimage\"},\"image\":{\"@id\":\"https:\\\/\\\/darkamazi.info\\\/archives\\\/1011795#primaryimage\"},\"thumbnailUrl\":\"https:\\\/\\\/darkamazi.info\\\/darka-content\\\/uploads\\\/2020\\\/02\\\/NB-kombon-1.jpg\",\"datePublished\":\"2020-02-11T15:46:32+00:00\",\"dateModified\":\"2020-02-11T15:47:46+00:00\",\"breadcrumb\":{\"@id\":\"https:\\\/\\\/darkamazi.info\\\/archives\\\/1011795#breadcrumb\"},\"inLanguage\":\"en-US\",\"potentialAction\":[{\"@type\":\"ReadAction\",\"target\":[\"https:\\\/\\\/darkamazi.info\\\/archives\\\/1011795\"]}]},{\"@type\":\"ImageObject\",\"inLanguage\":\"en-US\",\"@id\":\"https:\\\/\\\/darkamazi.info\\\/archives\\\/1011795#primaryimage\",\"url\":\"https:\\\/\\\/darkamazi.info\\\/darka-content\\\/uploads\\\/2020\\\/02\\\/NB-kombon-1.jpg\",\"contentUrl\":\"https:\\\/\\\/darkamazi.info\\\/darka-content\\\/uploads\\\/2020\\\/02\\\/NB-kombon-1.jpg\",\"width\":850,\"height\":467,\"caption\":\"ALIY\u00caN BA\u015e\u00dbR MERC\u00caN XWE JI BO BEXDAY\u00ca DEST N\u00ce\u015eAN KIRIN\"},{\"@type\":\"BreadcrumbList\",\"@id\":\"https:\\\/\\\/darkamazi.info\\\/archives\\\/1011795#breadcrumb\",\"itemListElement\":[{\"@type\":\"ListItem\",\"position\":1,\"name\":\"Home\",\"item\":\"https:\\\/\\\/darkamazi.info\\\/\"},{\"@type\":\"ListItem\",\"position\":2,\"name\":\"ALIY\u00caN BA\u015e\u00dbR MERC\u00caN XWE JI BO BEXDAY\u00ca DEST N\u00ce\u015eAN KIRIN\"}]},{\"@type\":\"WebSite\",\"@id\":\"https:\\\/\\\/darkamazi.info\\\/#website\",\"url\":\"https:\\\/\\\/darkamazi.info\\\/\",\"name\":\"Darka Maz\u00ee\",\"description\":\"P\u00eageha Zanyariy\u00ean Nebih\u00eest\u00ee\",\"publisher\":{\"@id\":\"https:\\\/\\\/darkamazi.info\\\/#organization\"},\"potentialAction\":[{\"@type\":\"SearchAction\",\"target\":{\"@type\":\"EntryPoint\",\"urlTemplate\":\"https:\\\/\\\/darkamazi.info\\\/?s={search_term_string}\"},\"query-input\":{\"@type\":\"PropertyValueSpecification\",\"valueRequired\":true,\"valueName\":\"search_term_string\"}}],\"inLanguage\":\"en-US\"},{\"@type\":\"Organization\",\"@id\":\"https:\\\/\\\/darkamazi.info\\\/#organization\",\"name\":\"Darka Maz\u00ee\",\"url\":\"https:\\\/\\\/darkamazi.info\\\/\",\"logo\":{\"@type\":\"ImageObject\",\"inLanguage\":\"en-US\",\"@id\":\"https:\\\/\\\/darkamazi.info\\\/#\\\/schema\\\/logo\\\/image\\\/\",\"url\":\"https:\\\/\\\/darkamazi.info\\\/darka-content\\\/uploads\\\/2017\\\/12\\\/darka-mazi-logo.png\",\"contentUrl\":\"https:\\\/\\\/darkamazi.info\\\/darka-content\\\/uploads\\\/2017\\\/12\\\/darka-mazi-logo.png\",\"width\":151,\"height\":75,\"caption\":\"Darka Maz\u00ee\"},\"image\":{\"@id\":\"https:\\\/\\\/darkamazi.info\\\/#\\\/schema\\\/logo\\\/image\\\/\"},\"sameAs\":[\"https:\\\/\\\/www.facebook.com\\\/DarMaziKurmanci\",\"https:\\\/\\\/x.com\\\/DarkaMaziLatini\",\"https:\\\/\\\/www.instagram.com\\\/darkamazi.kurmanci\\\/\",\"https:\\\/\\\/www.youtube.com\\\/channel\\\/UCa5HkTdmI8U1qCUFuTw8B2g\"]},{\"@type\":\"Person\",\"@id\":\"https:\\\/\\\/darkamazi.info\\\/#\\\/schema\\\/person\\\/5ad3e24553a0567993fa8ed4bd0a776c\",\"name\":\"darka mazi\",\"sameAs\":[\"https:\\\/\\\/darkamazi.info\\\/\"],\"url\":\"https:\\\/\\\/darkamazi.info\\\/archives\\\/author\\\/kurdi\"}]}<\/script>\n<!-- \/ Yoast SEO plugin. -->","seo_head_json":{"title":"ALIY\u00caN BA\u015e\u00dbR MERC\u00caN XWE JI BO BEXDAY\u00ca DEST N\u00ce\u015eAN KIRIN - Darka Maz\u00ee","robots":{"index":"index","follow":"follow","max-snippet":"max-snippet:-1","max-image-preview":"max-image-preview:large","max-video-preview":"max-video-preview:-1"},"canonical":"https:\/\/darkamazi.info\/archives\/1011795","og_locale":"en_US","og_type":"article","og_title":"ALIY\u00caN BA\u015e\u00dbR MERC\u00caN XWE JI BO BEXDAY\u00ca DEST N\u00ce\u015eAN KIRIN - Darka Maz\u00ee","og_description":"[darkamazi_row][darkamazi_column][darkamazi_column_text] Serok\u00ea Her\u00eama Ba\u015f\u00fbr\u00ea Kurdistan\u00ea \u00eero li gel aliy\u00ean siyas\u00ee \u00fb firaksyon\u00ean Kurdistan\u00ee li perleman\u00ea \u00ceraq\u00ea kom b\u00fb, yekxistina helwesta aliy\u00ean siyas\u00ee, p\u00ea\u015fhat\u00ean siyas\u00ee li \u00ceraq\u00ea \u00fb hengav\u00ean p\u00eakan\u00eena hik\u00fbmeta federal gotub\u00eaj kirin. Di baregeha serokatiya Her\u00eama Kurdistan\u00ea de li Hewl\u00ear, bi serperi\u015ftiya N\u00ea\u00e7\u00eervan Barzan\u00ee, serok\u00ea Her\u00eama Kurdistan\u00ea \u00fb bi amadeb\u00fbna herd\u00fb c\u00eagir\u00ean serok, civ\u00eena [&hellip;]","og_url":"https:\/\/darkamazi.info\/archives\/1011795","og_site_name":"Darka Maz\u00ee","article_publisher":"https:\/\/www.facebook.com\/DarMaziKurmanci","article_published_time":"2020-02-11T15:46:32+00:00","article_modified_time":"2020-02-11T15:47:46+00:00","og_image":[{"width":850,"height":467,"url":"https:\/\/darkamazi.info\/file\/2020\/02\/NB-kombon-1.jpg","type":"image\/jpeg"}],"author":"darka mazi","twitter_card":"summary_large_image","twitter_creator":"@DarkaMaziLatini","twitter_site":"@DarkaMaziLatini","twitter_misc":{"Written by":"darka mazi","Est. reading time":"2 minutes"},"schema":{"@context":"https:\/\/schema.org","@graph":[{"@type":"Article","@id":"https:\/\/darkamazi.info\/archives\/1011795#article","isPartOf":{"@id":"https:\/\/darkamazi.info\/archives\/1011795"},"author":{"name":"darka mazi","@id":"https:\/\/darkamazi.info\/#\/schema\/person\/5ad3e24553a0567993fa8ed4bd0a776c"},"headline":"ALIY\u00caN BA\u015e\u00dbR MERC\u00caN XWE JI BO BEXDAY\u00ca DEST N\u00ce\u015eAN KIRIN","datePublished":"2020-02-11T15:46:32+00:00","dateModified":"2020-02-11T15:47:46+00:00","mainEntityOfPage":{"@id":"https:\/\/darkamazi.info\/archives\/1011795"},"wordCount":457,"publisher":{"@id":"https:\/\/darkamazi.info\/#organization"},"image":{"@id":"https:\/\/darkamazi.info\/archives\/1011795#primaryimage"},"thumbnailUrl":"https:\/\/darkamazi.info\/file\/2020\/02\/NB-kombon-1.jpg","keywords":["sereke"],"articleSection":["Kurdistan"],"inLanguage":"en-US"},{"@type":"WebPage","@id":"https:\/\/darkamazi.info\/archives\/1011795","url":"https:\/\/darkamazi.info\/archives\/1011795","name":"ALIY\u00caN BA\u015e\u00dbR MERC\u00caN XWE JI BO BEXDAY\u00ca DEST N\u00ce\u015eAN KIRIN - Darka Maz\u00ee","isPartOf":{"@id":"https:\/\/darkamazi.info\/#website"},"primaryImageOfPage":{"@id":"https:\/\/darkamazi.info\/archives\/1011795#primaryimage"},"image":{"@id":"https:\/\/darkamazi.info\/archives\/1011795#primaryimage"},"thumbnailUrl":"https:\/\/darkamazi.info\/file\/2020\/02\/NB-kombon-1.jpg","datePublished":"2020-02-11T15:46:32+00:00","dateModified":"2020-02-11T15:47:46+00:00","breadcrumb":{"@id":"https:\/\/darkamazi.info\/archives\/1011795#breadcrumb"},"inLanguage":"en-US","potentialAction":[{"@type":"ReadAction","target":["https:\/\/darkamazi.info\/archives\/1011795"]}]},{"@type":"ImageObject","inLanguage":"en-US","@id":"https:\/\/darkamazi.info\/archives\/1011795#primaryimage","url":"https:\/\/darkamazi.info\/file\/2020\/02\/NB-kombon-1.jpg","contentUrl":"https:\/\/darkamazi.info\/file\/2020\/02\/NB-kombon-1.jpg","width":850,"height":467,"caption":"ALIY\u00caN BA\u015e\u00dbR MERC\u00caN XWE JI BO BEXDAY\u00ca DEST N\u00ce\u015eAN KIRIN"},{"@type":"BreadcrumbList","@id":"https:\/\/darkamazi.info\/archives\/1011795#breadcrumb","itemListElement":[{"@type":"ListItem","position":1,"name":"Home","item":"https:\/\/darkamazi.info\/"},{"@type":"ListItem","position":2,"name":"ALIY\u00caN BA\u015e\u00dbR MERC\u00caN XWE JI BO BEXDAY\u00ca DEST N\u00ce\u015eAN KIRIN"}]},{"@type":"WebSite","@id":"https:\/\/darkamazi.info\/#website","url":"https:\/\/darkamazi.info\/","name":"Darka Maz\u00ee","description":"P\u00eageha Zanyariy\u00ean Nebih\u00eest\u00ee","publisher":{"@id":"https:\/\/darkamazi.info\/#organization"},"potentialAction":[{"@type":"SearchAction","target":{"@type":"EntryPoint","urlTemplate":"https:\/\/darkamazi.info\/?s={search_term_string}"},"query-input":{"@type":"PropertyValueSpecification","valueRequired":true,"valueName":"search_term_string"}}],"inLanguage":"en-US"},{"@type":"Organization","@id":"https:\/\/darkamazi.info\/#organization","name":"Darka Maz\u00ee","url":"https:\/\/darkamazi.info\/","logo":{"@type":"ImageObject","inLanguage":"en-US","@id":"https:\/\/darkamazi.info\/#\/schema\/logo\/image\/","url":"https:\/\/darkamazi.info\/file\/2017\/12\/darka-mazi-logo.png","contentUrl":"https:\/\/darkamazi.info\/file\/2017\/12\/darka-mazi-logo.png","width":151,"height":75,"caption":"Darka Maz\u00ee"},"image":{"@id":"https:\/\/darkamazi.info\/#\/schema\/logo\/image\/"},"sameAs":["https:\/\/www.facebook.com\/DarMaziKurmanci","https:\/\/x.com\/DarkaMaziLatini","https:\/\/www.instagram.com\/darkamazi.kurmanci\/","https:\/\/www.youtube.com\/channel\/UCa5HkTdmI8U1qCUFuTw8B2g"]},{"@type":"Person","@id":"https:\/\/darkamazi.info\/#\/schema\/person\/5ad3e24553a0567993fa8ed4bd0a776c","name":"darka mazi","sameAs":["https:\/\/darkamazi.info\/"],"url":"https:\/\/darkamazi.info\/archives\/author\/kurdi"}]}},"_links":{"self":[{"href":"https:\/\/darkamazi.info\/funavuv\/wp\/v2\/posts\/1011795","targetHints":{"allow":["GET"]}}],"collection":[{"href":"https:\/\/darkamazi.info\/funavuv\/wp\/v2\/posts"}],"about":[{"href":"https:\/\/darkamazi.info\/funavuv\/wp\/v2\/types\/post"}],"author":[{"embeddable":true,"href":"https:\/\/darkamazi.info\/funavuv\/wp\/v2\/users\/2"}],"replies":[{"embeddable":true,"href":"https:\/\/darkamazi.info\/funavuv\/wp\/v2\/comments?post=1011795"}],"version-history":[{"count":0,"href":"https:\/\/darkamazi.info\/funavuv\/wp\/v2\/posts\/1011795\/revisions"}],"wp:featuredmedia":[{"embeddable":true,"href":"https:\/\/darkamazi.info\/funavuv\/wp\/v2\/media\/1011796"}],"wp:attachment":[{"href":"https:\/\/darkamazi.info\/funavuv\/wp\/v2\/media?parent=1011795"}],"wp:term":[{"taxonomy":"category","embeddable":true,"href":"https:\/\/darkamazi.info\/funavuv\/wp\/v2\/categories?post=1011795"},{"taxonomy":"post_tag","embeddable":true,"href":"https:\/\/darkamazi.info\/funavuv\/wp\/v2\/tags?post=1011795"}],"curies":[{"name":"wp","href":"https:\/\/api.w.org\/{rel}","templated":true}]}}