{"id":1011826,"date":"2020-02-15T17:14:56","date_gmt":"2020-02-15T14:14:56","guid":{"rendered":"https:\/\/darkamazi.info\/?p=1011826"},"modified":"2020-02-15T17:14:56","modified_gmt":"2020-02-15T14:14:56","slug":"senatore-amerikaye-iran-pencesera-rojhilata-navine","status":"publish","type":"post","link":"https:\/\/darkamazi.info\/archives\/1011826","title":{"rendered":"SENATOR\u00ca AMER\u00ceKAY\u00ca: \u00ceRAN &#8220;PENCE\u015e\u00caRA&#8221; ROJHILATA NAV\u00ceNE"},"content":{"rendered":"<h3 style=\"text-align: justify\"><span style=\"font-family: 'arial black', sans-serif\">L\u00eandis\u00ee Graham Senator\u00ea Amer\u00eekay\u00ea duh roja Eyn\u00ee 14\/2\/2020an hevdem digel wesfkirina \u00ceran\u00ea bi &#8220;Pence\u015f\u00eara&#8221; Rojhilata Nav\u00een ragihand \u00e7areserkirina kir\u00eez\u00ean Libnan\u00ea, S\u00fbriy\u00ea \u00fb \u00ceraq\u00ea bi ten\u00ea bi neh\u00ealana rola \u00ceran\u00ea di v\u00ea nav\u00e7ey\u00ea de gir\u00eaday\u00ee ye.<\/span><\/h3>\n<h3 style=\"text-align: justify\">Graham di civ\u00eenek\u00ea de li konferansa ewlehiya Munchen\u00ea de, \u00ceran weke Pence\u015f\u00eara nav\u00e7ey\u00ea bi nav kir. W\u00ee ragihand ku armanca \u00ceran\u00ea &#8220;destve an\u00eena bombeya navok\u00ee ye \u00fb eger \u00ceran v\u00ea bombe y\u00ea dest xwe ve b\u00eene d\u00ea w\u00ea bombey\u00ea bikar b\u00eene&#8221;.<\/h3>\n<h3 style=\"text-align: justify\">Senator\u00ea komar\u00ee y\u00ea Amer\u00eekay\u00ea ragihand ku Hik\u00fbmeta Donald Trump himber v\u00ea yek\u00ea ku yek ji Bank\u00ean sotemeniya navok\u00ee li Ewropay\u00ea, sotemeniya navok\u00ee li ser \u00ceran\u00ea \u00fb hem\u00fb dewlet\u00ean din \u00ean Rojhilata Nav\u00een parve biket taku bikarin enerj\u00ee ya a\u015ft\u00eexwazane dest xwe ve b\u00eenin, amadeye ku dorp\u00ea\u00e7\u00ean li ser \u00ceran\u00ea rake.<\/h3>\n<h3 style=\"text-align: justify\">Senator L\u00eandis\u00ee Graham ragihand ku ev p\u00eaguhereke ku Wa\u015finton\u00ea ji bo lihevhatina navok\u00ee digel \u00ceran\u00ea li ber \u00e7av wergirtiye.<\/h3>\n<h3 style=\"text-align: justify\">Navb\u00fbr\u00ee her wiha \u00ceran weke \u00e7avkaniya pirsgir\u00eak\u00ean nav\u00e7ey\u00ea binav kir \u00fb di v\u00ea derbar\u00ea de \u00ceran weke berpirsa dirustkirina pirisgir\u00eakan li wilat\u00ean \u00ceraq, S\u00fbriy\u00ea, Yemen \u00fb Libnan\u00ea dest n\u00ee\u015fan kir.<\/h3>\n","protected":false},"excerpt":{"rendered":"<p>L\u00eandis\u00ee Graham Senator\u00ea Amer\u00eekay\u00ea duh roja Eyn\u00ee 14\/2\/2020an hevdem digel wesfkirina \u00ceran\u00ea bi &#8220;Pence\u015f\u00eara&#8221; Rojhilata Nav\u00een ragihand \u00e7areserkirina kir\u00eez\u00ean Libnan\u00ea, S\u00fbriy\u00ea \u00fb \u00ceraq\u00ea bi ten\u00ea bi neh\u00ealana rola \u00ceran\u00ea di v\u00ea nav\u00e7ey\u00ea de gir\u00eaday\u00ee ye. Graham di civ\u00eenek\u00ea de li konferansa ewlehiya Munchen\u00ea de, \u00ceran weke Pence\u015f\u00eara nav\u00e7ey\u00ea bi nav kir. W\u00ee ragihand ku armanca [&hellip;]<\/p>\n","protected":false},"author":2,"featured_media":1011827,"comment_status":"closed","ping_status":"closed","sticky":false,"template":"","format":"standard","meta":{"footnotes":""},"categories":[30],"tags":[37],"class_list":["post-1011826","post","type-post","status-publish","format-standard","has-post-thumbnail","hentry","category-cihan","tag-sereke"],"blocksy_meta":[],"seo_head":"<!-- This site is optimized with the Yoast SEO plugin v27.5 - https:\/\/yoast.com\/product\/yoast-seo-wordpress\/ -->\n<title>SENATOR\u00ca AMER\u00ceKAY\u00ca: \u00ceRAN &quot;PENCE\u015e\u00caRA&quot; ROJHILATA NAV\u00ceNE - Darka Maz\u00ee<\/title>\n<meta name=\"robots\" content=\"index, follow, max-snippet:-1, max-image-preview:large, max-video-preview:-1\" \/>\n<link rel=\"canonical\" href=\"https:\/\/darkamazi.info\/archives\/1011826\" \/>\n<meta property=\"og:locale\" content=\"en_US\" \/>\n<meta property=\"og:type\" content=\"article\" \/>\n<meta property=\"og:title\" content=\"SENATOR\u00ca AMER\u00ceKAY\u00ca: \u00ceRAN &quot;PENCE\u015e\u00caRA&quot; ROJHILATA NAV\u00ceNE - Darka Maz\u00ee\" \/>\n<meta property=\"og:description\" content=\"L\u00eandis\u00ee Graham Senator\u00ea Amer\u00eekay\u00ea duh roja Eyn\u00ee 14\/2\/2020an hevdem digel wesfkirina \u00ceran\u00ea bi &#8220;Pence\u015f\u00eara&#8221; Rojhilata Nav\u00een ragihand \u00e7areserkirina kir\u00eez\u00ean Libnan\u00ea, S\u00fbriy\u00ea \u00fb \u00ceraq\u00ea bi ten\u00ea bi neh\u00ealana rola \u00ceran\u00ea di v\u00ea nav\u00e7ey\u00ea de gir\u00eaday\u00ee ye. Graham di civ\u00eenek\u00ea de li konferansa ewlehiya Munchen\u00ea de, \u00ceran weke Pence\u015f\u00eara nav\u00e7ey\u00ea bi nav kir. W\u00ee ragihand ku armanca [&hellip;]\" \/>\n<meta property=\"og:url\" content=\"https:\/\/darkamazi.info\/archives\/1011826\" \/>\n<meta property=\"og:site_name\" content=\"Darka Maz\u00ee\" \/>\n<meta property=\"article:publisher\" content=\"https:\/\/www.facebook.com\/DarMaziKurmanci\" \/>\n<meta property=\"article:published_time\" content=\"2020-02-15T14:14:56+00:00\" \/>\n<meta property=\"og:image\" content=\"https:\/\/darkamazi.info\/file\/2020\/02\/graham.jpg\" \/>\n\t<meta property=\"og:image:width\" content=\"960\" \/>\n\t<meta property=\"og:image:height\" content=\"540\" \/>\n\t<meta property=\"og:image:type\" content=\"image\/jpeg\" \/>\n<meta name=\"author\" content=\"darka mazi\" \/>\n<meta name=\"twitter:card\" content=\"summary_large_image\" \/>\n<meta name=\"twitter:creator\" content=\"@DarkaMaziLatini\" \/>\n<meta name=\"twitter:site\" content=\"@DarkaMaziLatini\" \/>\n<meta name=\"twitter:label1\" content=\"Written by\" \/>\n\t<meta name=\"twitter:data1\" content=\"darka mazi\" \/>\n\t<meta name=\"twitter:label2\" content=\"Est. reading time\" \/>\n\t<meta name=\"twitter:data2\" content=\"1 minute\" \/>\n<script type=\"application\/ld+json\" class=\"seo-schema-graph\">{\"@context\":\"https:\\\/\\\/schema.org\",\"@graph\":[{\"@type\":\"Article\",\"@id\":\"https:\\\/\\\/darkamazi.info\\\/archives\\\/1011826#article\",\"isPartOf\":{\"@id\":\"https:\\\/\\\/darkamazi.info\\\/archives\\\/1011826\"},\"author\":{\"name\":\"darka mazi\",\"@id\":\"https:\\\/\\\/darkamazi.info\\\/#\\\/schema\\\/person\\\/5ad3e24553a0567993fa8ed4bd0a776c\"},\"headline\":\"SENATOR\u00ca AMER\u00ceKAY\u00ca: \u00ceRAN &#8220;PENCE\u015e\u00caRA&#8221; ROJHILATA NAV\u00ceNE\",\"datePublished\":\"2020-02-15T14:14:56+00:00\",\"mainEntityOfPage\":{\"@id\":\"https:\\\/\\\/darkamazi.info\\\/archives\\\/1011826\"},\"wordCount\":215,\"publisher\":{\"@id\":\"https:\\\/\\\/darkamazi.info\\\/#organization\"},\"image\":{\"@id\":\"https:\\\/\\\/darkamazi.info\\\/archives\\\/1011826#primaryimage\"},\"thumbnailUrl\":\"https:\\\/\\\/darkamazi.info\\\/darka-content\\\/uploads\\\/2020\\\/02\\\/graham.jpg\",\"keywords\":[\"sereke\"],\"articleSection\":[\"C\u00eehan\"],\"inLanguage\":\"en-US\"},{\"@type\":\"WebPage\",\"@id\":\"https:\\\/\\\/darkamazi.info\\\/archives\\\/1011826\",\"url\":\"https:\\\/\\\/darkamazi.info\\\/archives\\\/1011826\",\"name\":\"SENATOR\u00ca AMER\u00ceKAY\u00ca: \u00ceRAN \\\"PENCE\u015e\u00caRA\\\" ROJHILATA NAV\u00ceNE - Darka Maz\u00ee\",\"isPartOf\":{\"@id\":\"https:\\\/\\\/darkamazi.info\\\/#website\"},\"primaryImageOfPage\":{\"@id\":\"https:\\\/\\\/darkamazi.info\\\/archives\\\/1011826#primaryimage\"},\"image\":{\"@id\":\"https:\\\/\\\/darkamazi.info\\\/archives\\\/1011826#primaryimage\"},\"thumbnailUrl\":\"https:\\\/\\\/darkamazi.info\\\/darka-content\\\/uploads\\\/2020\\\/02\\\/graham.jpg\",\"datePublished\":\"2020-02-15T14:14:56+00:00\",\"breadcrumb\":{\"@id\":\"https:\\\/\\\/darkamazi.info\\\/archives\\\/1011826#breadcrumb\"},\"inLanguage\":\"en-US\",\"potentialAction\":[{\"@type\":\"ReadAction\",\"target\":[\"https:\\\/\\\/darkamazi.info\\\/archives\\\/1011826\"]}]},{\"@type\":\"ImageObject\",\"inLanguage\":\"en-US\",\"@id\":\"https:\\\/\\\/darkamazi.info\\\/archives\\\/1011826#primaryimage\",\"url\":\"https:\\\/\\\/darkamazi.info\\\/darka-content\\\/uploads\\\/2020\\\/02\\\/graham.jpg\",\"contentUrl\":\"https:\\\/\\\/darkamazi.info\\\/darka-content\\\/uploads\\\/2020\\\/02\\\/graham.jpg\",\"width\":960,\"height\":540,\"caption\":\"SENATOR\u00ca AMER\u00ceKAY\u00ca: \u00ceRAN \\\"PENCE\u015e\u00caRA\\\" ROJHILATA NAV\u00ceNE\"},{\"@type\":\"BreadcrumbList\",\"@id\":\"https:\\\/\\\/darkamazi.info\\\/archives\\\/1011826#breadcrumb\",\"itemListElement\":[{\"@type\":\"ListItem\",\"position\":1,\"name\":\"Home\",\"item\":\"https:\\\/\\\/darkamazi.info\\\/\"},{\"@type\":\"ListItem\",\"position\":2,\"name\":\"SENATOR\u00ca AMER\u00ceKAY\u00ca: \u00ceRAN &#8220;PENCE\u015e\u00caRA&#8221; ROJHILATA NAV\u00ceNE\"}]},{\"@type\":\"WebSite\",\"@id\":\"https:\\\/\\\/darkamazi.info\\\/#website\",\"url\":\"https:\\\/\\\/darkamazi.info\\\/\",\"name\":\"Darka Maz\u00ee\",\"description\":\"P\u00eageha Zanyariy\u00ean Nebih\u00eest\u00ee\",\"publisher\":{\"@id\":\"https:\\\/\\\/darkamazi.info\\\/#organization\"},\"potentialAction\":[{\"@type\":\"SearchAction\",\"target\":{\"@type\":\"EntryPoint\",\"urlTemplate\":\"https:\\\/\\\/darkamazi.info\\\/?s={search_term_string}\"},\"query-input\":{\"@type\":\"PropertyValueSpecification\",\"valueRequired\":true,\"valueName\":\"search_term_string\"}}],\"inLanguage\":\"en-US\"},{\"@type\":\"Organization\",\"@id\":\"https:\\\/\\\/darkamazi.info\\\/#organization\",\"name\":\"Darka Maz\u00ee\",\"url\":\"https:\\\/\\\/darkamazi.info\\\/\",\"logo\":{\"@type\":\"ImageObject\",\"inLanguage\":\"en-US\",\"@id\":\"https:\\\/\\\/darkamazi.info\\\/#\\\/schema\\\/logo\\\/image\\\/\",\"url\":\"https:\\\/\\\/darkamazi.info\\\/darka-content\\\/uploads\\\/2017\\\/12\\\/darka-mazi-logo.png\",\"contentUrl\":\"https:\\\/\\\/darkamazi.info\\\/darka-content\\\/uploads\\\/2017\\\/12\\\/darka-mazi-logo.png\",\"width\":151,\"height\":75,\"caption\":\"Darka Maz\u00ee\"},\"image\":{\"@id\":\"https:\\\/\\\/darkamazi.info\\\/#\\\/schema\\\/logo\\\/image\\\/\"},\"sameAs\":[\"https:\\\/\\\/www.facebook.com\\\/DarMaziKurmanci\",\"https:\\\/\\\/x.com\\\/DarkaMaziLatini\",\"https:\\\/\\\/www.instagram.com\\\/darkamazi.kurmanci\\\/\",\"https:\\\/\\\/www.youtube.com\\\/channel\\\/UCa5HkTdmI8U1qCUFuTw8B2g\"]},{\"@type\":\"Person\",\"@id\":\"https:\\\/\\\/darkamazi.info\\\/#\\\/schema\\\/person\\\/5ad3e24553a0567993fa8ed4bd0a776c\",\"name\":\"darka mazi\",\"sameAs\":[\"https:\\\/\\\/darkamazi.info\\\/\"],\"url\":\"https:\\\/\\\/darkamazi.info\\\/archives\\\/author\\\/kurdi\"}]}<\/script>\n<!-- \/ Yoast SEO plugin. -->","seo_head_json":{"title":"SENATOR\u00ca AMER\u00ceKAY\u00ca: \u00ceRAN \"PENCE\u015e\u00caRA\" ROJHILATA NAV\u00ceNE - Darka Maz\u00ee","robots":{"index":"index","follow":"follow","max-snippet":"max-snippet:-1","max-image-preview":"max-image-preview:large","max-video-preview":"max-video-preview:-1"},"canonical":"https:\/\/darkamazi.info\/archives\/1011826","og_locale":"en_US","og_type":"article","og_title":"SENATOR\u00ca AMER\u00ceKAY\u00ca: \u00ceRAN \"PENCE\u015e\u00caRA\" ROJHILATA NAV\u00ceNE - Darka Maz\u00ee","og_description":"L\u00eandis\u00ee Graham Senator\u00ea Amer\u00eekay\u00ea duh roja Eyn\u00ee 14\/2\/2020an hevdem digel wesfkirina \u00ceran\u00ea bi &#8220;Pence\u015f\u00eara&#8221; Rojhilata Nav\u00een ragihand \u00e7areserkirina kir\u00eez\u00ean Libnan\u00ea, S\u00fbriy\u00ea \u00fb \u00ceraq\u00ea bi ten\u00ea bi neh\u00ealana rola \u00ceran\u00ea di v\u00ea nav\u00e7ey\u00ea de gir\u00eaday\u00ee ye. Graham di civ\u00eenek\u00ea de li konferansa ewlehiya Munchen\u00ea de, \u00ceran weke Pence\u015f\u00eara nav\u00e7ey\u00ea bi nav kir. W\u00ee ragihand ku armanca [&hellip;]","og_url":"https:\/\/darkamazi.info\/archives\/1011826","og_site_name":"Darka Maz\u00ee","article_publisher":"https:\/\/www.facebook.com\/DarMaziKurmanci","article_published_time":"2020-02-15T14:14:56+00:00","og_image":[{"width":960,"height":540,"url":"https:\/\/darkamazi.info\/file\/2020\/02\/graham.jpg","type":"image\/jpeg"}],"author":"darka mazi","twitter_card":"summary_large_image","twitter_creator":"@DarkaMaziLatini","twitter_site":"@DarkaMaziLatini","twitter_misc":{"Written by":"darka mazi","Est. reading time":"1 minute"},"schema":{"@context":"https:\/\/schema.org","@graph":[{"@type":"Article","@id":"https:\/\/darkamazi.info\/archives\/1011826#article","isPartOf":{"@id":"https:\/\/darkamazi.info\/archives\/1011826"},"author":{"name":"darka mazi","@id":"https:\/\/darkamazi.info\/#\/schema\/person\/5ad3e24553a0567993fa8ed4bd0a776c"},"headline":"SENATOR\u00ca AMER\u00ceKAY\u00ca: \u00ceRAN &#8220;PENCE\u015e\u00caRA&#8221; ROJHILATA NAV\u00ceNE","datePublished":"2020-02-15T14:14:56+00:00","mainEntityOfPage":{"@id":"https:\/\/darkamazi.info\/archives\/1011826"},"wordCount":215,"publisher":{"@id":"https:\/\/darkamazi.info\/#organization"},"image":{"@id":"https:\/\/darkamazi.info\/archives\/1011826#primaryimage"},"thumbnailUrl":"https:\/\/darkamazi.info\/file\/2020\/02\/graham.jpg","keywords":["sereke"],"articleSection":["C\u00eehan"],"inLanguage":"en-US"},{"@type":"WebPage","@id":"https:\/\/darkamazi.info\/archives\/1011826","url":"https:\/\/darkamazi.info\/archives\/1011826","name":"SENATOR\u00ca AMER\u00ceKAY\u00ca: \u00ceRAN \"PENCE\u015e\u00caRA\" ROJHILATA NAV\u00ceNE - Darka Maz\u00ee","isPartOf":{"@id":"https:\/\/darkamazi.info\/#website"},"primaryImageOfPage":{"@id":"https:\/\/darkamazi.info\/archives\/1011826#primaryimage"},"image":{"@id":"https:\/\/darkamazi.info\/archives\/1011826#primaryimage"},"thumbnailUrl":"https:\/\/darkamazi.info\/file\/2020\/02\/graham.jpg","datePublished":"2020-02-15T14:14:56+00:00","breadcrumb":{"@id":"https:\/\/darkamazi.info\/archives\/1011826#breadcrumb"},"inLanguage":"en-US","potentialAction":[{"@type":"ReadAction","target":["https:\/\/darkamazi.info\/archives\/1011826"]}]},{"@type":"ImageObject","inLanguage":"en-US","@id":"https:\/\/darkamazi.info\/archives\/1011826#primaryimage","url":"https:\/\/darkamazi.info\/file\/2020\/02\/graham.jpg","contentUrl":"https:\/\/darkamazi.info\/file\/2020\/02\/graham.jpg","width":960,"height":540,"caption":"SENATOR\u00ca AMER\u00ceKAY\u00ca: \u00ceRAN \"PENCE\u015e\u00caRA\" ROJHILATA NAV\u00ceNE"},{"@type":"BreadcrumbList","@id":"https:\/\/darkamazi.info\/archives\/1011826#breadcrumb","itemListElement":[{"@type":"ListItem","position":1,"name":"Home","item":"https:\/\/darkamazi.info\/"},{"@type":"ListItem","position":2,"name":"SENATOR\u00ca AMER\u00ceKAY\u00ca: \u00ceRAN &#8220;PENCE\u015e\u00caRA&#8221; ROJHILATA NAV\u00ceNE"}]},{"@type":"WebSite","@id":"https:\/\/darkamazi.info\/#website","url":"https:\/\/darkamazi.info\/","name":"Darka Maz\u00ee","description":"P\u00eageha Zanyariy\u00ean Nebih\u00eest\u00ee","publisher":{"@id":"https:\/\/darkamazi.info\/#organization"},"potentialAction":[{"@type":"SearchAction","target":{"@type":"EntryPoint","urlTemplate":"https:\/\/darkamazi.info\/?s={search_term_string}"},"query-input":{"@type":"PropertyValueSpecification","valueRequired":true,"valueName":"search_term_string"}}],"inLanguage":"en-US"},{"@type":"Organization","@id":"https:\/\/darkamazi.info\/#organization","name":"Darka Maz\u00ee","url":"https:\/\/darkamazi.info\/","logo":{"@type":"ImageObject","inLanguage":"en-US","@id":"https:\/\/darkamazi.info\/#\/schema\/logo\/image\/","url":"https:\/\/darkamazi.info\/file\/2017\/12\/darka-mazi-logo.png","contentUrl":"https:\/\/darkamazi.info\/file\/2017\/12\/darka-mazi-logo.png","width":151,"height":75,"caption":"Darka Maz\u00ee"},"image":{"@id":"https:\/\/darkamazi.info\/#\/schema\/logo\/image\/"},"sameAs":["https:\/\/www.facebook.com\/DarMaziKurmanci","https:\/\/x.com\/DarkaMaziLatini","https:\/\/www.instagram.com\/darkamazi.kurmanci\/","https:\/\/www.youtube.com\/channel\/UCa5HkTdmI8U1qCUFuTw8B2g"]},{"@type":"Person","@id":"https:\/\/darkamazi.info\/#\/schema\/person\/5ad3e24553a0567993fa8ed4bd0a776c","name":"darka mazi","sameAs":["https:\/\/darkamazi.info\/"],"url":"https:\/\/darkamazi.info\/archives\/author\/kurdi"}]}},"_links":{"self":[{"href":"https:\/\/darkamazi.info\/funavuv\/wp\/v2\/posts\/1011826","targetHints":{"allow":["GET"]}}],"collection":[{"href":"https:\/\/darkamazi.info\/funavuv\/wp\/v2\/posts"}],"about":[{"href":"https:\/\/darkamazi.info\/funavuv\/wp\/v2\/types\/post"}],"author":[{"embeddable":true,"href":"https:\/\/darkamazi.info\/funavuv\/wp\/v2\/users\/2"}],"replies":[{"embeddable":true,"href":"https:\/\/darkamazi.info\/funavuv\/wp\/v2\/comments?post=1011826"}],"version-history":[{"count":0,"href":"https:\/\/darkamazi.info\/funavuv\/wp\/v2\/posts\/1011826\/revisions"}],"wp:featuredmedia":[{"embeddable":true,"href":"https:\/\/darkamazi.info\/funavuv\/wp\/v2\/media\/1011827"}],"wp:attachment":[{"href":"https:\/\/darkamazi.info\/funavuv\/wp\/v2\/media?parent=1011826"}],"wp:term":[{"taxonomy":"category","embeddable":true,"href":"https:\/\/darkamazi.info\/funavuv\/wp\/v2\/categories?post=1011826"},{"taxonomy":"post_tag","embeddable":true,"href":"https:\/\/darkamazi.info\/funavuv\/wp\/v2\/tags?post=1011826"}],"curies":[{"name":"wp","href":"https:\/\/api.w.org\/{rel}","templated":true}]}}