{"id":1011989,"date":"2020-02-26T17:55:59","date_gmt":"2020-02-26T14:55:59","guid":{"rendered":"https:\/\/darkamazi.info\/?p=1011989"},"modified":"2020-02-26T17:55:59","modified_gmt":"2020-02-26T14:55:59","slug":"barzani-taybetmendiya-kurdistane-li-pes-cav-nehatiye-girtin","status":"publish","type":"post","link":"https:\/\/darkamazi.info\/archives\/1011989","title":{"rendered":"BARZAN\u00ce: TAYBETMENDIYA KURDISTAN\u00ca LI P\u00ca\u015e \u00c7AV NEHAT\u00ceYE GIRTIN"},"content":{"rendered":"<h3 style=\"text-align: justify\"><span style=\"font-family: 'arial black', sans-serif\">Baregeha Barzan\u00ee \u00eero li derbara be\u015fdariya aliy\u00ean kurd di kab\u00eeneya hik\u00fbmeta federal da ragihand, namzed\u00ea raspard\u00ee ji bo avakirina hik\u00fbmet\u00ea taybetmendiya Her\u00eama Ba\u015f\u00fbr\u00ea Kurdistan\u00ea li p\u00ea\u015f \u00e7av negirt\u00eeye.<\/span><\/h3>\n<h3 style=\"text-align: justify\">Baregeha Mes\u2019\u00fbd Barzan\u00ee serok\u00ea part\u00eeya demokrat ya kurdistan\u00ea \u00fb r\u00eaber\u00ea Gel\u00ea kurd \u00eero roja \u00e7ar\u015fem\u00ee ragihandinek li derbara p\u00eakan\u00eena kab\u00eeneya n\u00fb ya hik\u00fbmeta federal belav kir \u00fb t\u00eade hat\u00eeye: Serok Barzan\u00ee t\u00eab\u00een\u00ee li ser \u015f\u00eawaz \u00fb bernameya kar\u00ea Mihemed Tewf\u00eeq Elaw\u00ee \u00fb m\u00eekan\u00eezma diyar kirina namzed\u00ean wezaretan bo hik\u00fbmeta n\u00fb hene, ev \u015f\u00eawaz j\u00ee daxwazy\u00ean p\u00eakhateyan \u00fb taybetmendiya Her\u00eama Ba\u015f\u00fbr\u00ea Kurdistan\u00ea li ber \u00e7av negirtine.<\/h3>\n<h3 style=\"text-align: justify\"><span style=\"font-family: 'arial black', sans-serif\">Tekista ragihandina baregeha Barzan\u00ee<\/span><\/h3>\n<h3 style=\"text-align: justify\">Pa\u015f raspardina bir\u00eaz Mihemed Elaw\u00ee ji bo p\u00eakan\u00eena hik\u00fbmeta n\u00fb ya \u00ceraq\u00ea, li hejmareke medyay\u00ean<\/h3>\n<h3 style=\"text-align: justify\">\u00a0Ereb\u00ee \u00fb kurd\u00ee wiha hat belav kirin ku cenab\u00ea Serok Barzan\u00ee ji ber pirsgir\u00eakeke kesok\u00ee \u00fb danana hinek kes\u00ean n\u00eaz\u00ee xwe ji bo wergirtina post\u00ean wezaretan, pirsgir\u00eak li gel bir\u00eaz Elaw\u00ee li ser pirsa p\u00eakan\u00eena hik\u00fbmeta n\u00fb hene.<\/h3>\n<h3 style=\"text-align: justify\">Li vir bi gi\u015ft aliyan radgih\u00een\u00een ku \u00e7i binema ji bo v\u00ea yek\u00ea n\u00eene \u00fb serok Barzan\u00ee t\u00eab\u00een\u00ee li ser \u015f\u00eawaz \u00fb bernameya kar\u00ea Elaw\u00ee \u00fb m\u00eekan\u00eezma diyar kirina namzedan ji bo post\u00ean wezaretan heye, ew \u015f\u00eawaz \u00fb m\u00eekan\u00eezma ku Elaw\u00ee peyrew dike maf \u00fb daxwaziy\u00ean p\u00eakhateyan \u00fb taybetmendiya Her\u00eama Ba\u015f\u00fbr li ber \u00e7av negirtiye \u00fb b\u00ea gumn ev yek w\u00ea bibe sedema k\u00fbr kirina qeyrana siyas\u00ee li \u00ceraq\u00ea.<\/h3>\n<h3 style=\"text-align: justify\">Ji bo serok Barzan\u00ee nav\u00ea kesan ewlewyet n\u00eene, belku pabendib\u00fbna hem\u00fb alyek\u00ee bi bnemay\u00ean \u015feraket \u00fb hevseng\u00ee \u00fb tewafq\u00ea di proseya syas\u00ee \u00fb hk\u00fbmet\u00ea da gr\u00eenge, dv\u00eat hk\u00fbmet v\u00ea yek\u00ea li ber \u00e7av bigre, li gel v\u00ea yek\u00ea j\u00ee her wek \u00e7ewa hnek al\u00eeyan ber\u00eaz &#8216;elaw\u00ee ji bo post\u00ea serok wez\u00eeran kand\u00eed kr\u00eeye, her\u00eama ba\u015f\u00fbr\u00ea kurdistan\u00ea j\u00ee maf\u00ea w\u00ea heye kand\u00eed ji bo post\u00ean wezar\u00ee hebe \u00fb p\u00eaw\u00eeste r\u00eaz li w\u00ee maf\u00ea her\u00eama kurdistan\u00ea bh\u00ea girtin.<\/h3>\n<p><span style=\"font-family: 'arial black', sans-serif\">Baregeha Barzan\u00ee<\/span><\/p>\n<p><span style=\"font-family: 'arial black', sans-serif\">26\/2\/2020<\/span><\/p>\n","protected":false},"excerpt":{"rendered":"<p>Baregeha Barzan\u00ee \u00eero li derbara be\u015fdariya aliy\u00ean kurd di kab\u00eeneya hik\u00fbmeta federal da ragihand, namzed\u00ea raspard\u00ee ji bo avakirina hik\u00fbmet\u00ea taybetmendiya Her\u00eama Ba\u015f\u00fbr\u00ea Kurdistan\u00ea li p\u00ea\u015f \u00e7av negirt\u00eeye. Baregeha Mes\u2019\u00fbd Barzan\u00ee serok\u00ea part\u00eeya demokrat ya kurdistan\u00ea \u00fb r\u00eaber\u00ea Gel\u00ea kurd \u00eero roja \u00e7ar\u015fem\u00ee ragihandinek li derbara p\u00eakan\u00eena kab\u00eeneya n\u00fb ya hik\u00fbmeta federal belav kir \u00fb [&hellip;]<\/p>\n","protected":false},"author":2,"featured_media":1011991,"comment_status":"closed","ping_status":"closed","sticky":false,"template":"","format":"standard","meta":{"footnotes":""},"categories":[29],"tags":[37],"class_list":["post-1011989","post","type-post","status-publish","format-standard","has-post-thumbnail","hentry","category-kurdistan","tag-sereke"],"blocksy_meta":[],"seo_head":"<!-- This site is optimized with the Yoast SEO plugin v27.5 - https:\/\/yoast.com\/product\/yoast-seo-wordpress\/ -->\n<title>BARZAN\u00ce: TAYBETMENDIYA KURDISTAN\u00ca LI P\u00ca\u015e \u00c7AV NEHAT\u00ceYE GIRTIN - Darka Maz\u00ee<\/title>\n<meta name=\"robots\" content=\"index, follow, max-snippet:-1, max-image-preview:large, max-video-preview:-1\" \/>\n<link rel=\"canonical\" href=\"https:\/\/darkamazi.info\/archives\/1011989\" \/>\n<meta property=\"og:locale\" content=\"en_US\" \/>\n<meta property=\"og:type\" content=\"article\" \/>\n<meta property=\"og:title\" content=\"BARZAN\u00ce: TAYBETMENDIYA KURDISTAN\u00ca LI P\u00ca\u015e \u00c7AV NEHAT\u00ceYE GIRTIN - Darka Maz\u00ee\" \/>\n<meta property=\"og:description\" content=\"Baregeha Barzan\u00ee \u00eero li derbara be\u015fdariya aliy\u00ean kurd di kab\u00eeneya hik\u00fbmeta federal da ragihand, namzed\u00ea raspard\u00ee ji bo avakirina hik\u00fbmet\u00ea taybetmendiya Her\u00eama Ba\u015f\u00fbr\u00ea Kurdistan\u00ea li p\u00ea\u015f \u00e7av negirt\u00eeye. Baregeha Mes\u2019\u00fbd Barzan\u00ee serok\u00ea part\u00eeya demokrat ya kurdistan\u00ea \u00fb r\u00eaber\u00ea Gel\u00ea kurd \u00eero roja \u00e7ar\u015fem\u00ee ragihandinek li derbara p\u00eakan\u00eena kab\u00eeneya n\u00fb ya hik\u00fbmeta federal belav kir \u00fb [&hellip;]\" \/>\n<meta property=\"og:url\" content=\"https:\/\/darkamazi.info\/archives\/1011989\" \/>\n<meta property=\"og:site_name\" content=\"Darka Maz\u00ee\" \/>\n<meta property=\"article:publisher\" content=\"https:\/\/www.facebook.com\/DarMaziKurmanci\" \/>\n<meta property=\"article:published_time\" content=\"2020-02-26T14:55:59+00:00\" \/>\n<meta property=\"og:image\" content=\"https:\/\/darkamazi.info\/file\/2020\/02\/Barzani-peyam.jpg\" \/>\n\t<meta property=\"og:image:width\" content=\"850\" \/>\n\t<meta property=\"og:image:height\" content=\"564\" \/>\n\t<meta property=\"og:image:type\" content=\"image\/jpeg\" \/>\n<meta name=\"author\" content=\"darka mazi\" \/>\n<meta name=\"twitter:card\" content=\"summary_large_image\" \/>\n<meta name=\"twitter:creator\" content=\"@DarkaMaziLatini\" \/>\n<meta name=\"twitter:site\" content=\"@DarkaMaziLatini\" \/>\n<meta name=\"twitter:label1\" content=\"Written by\" \/>\n\t<meta name=\"twitter:data1\" content=\"darka mazi\" \/>\n\t<meta name=\"twitter:label2\" content=\"Est. reading time\" \/>\n\t<meta name=\"twitter:data2\" content=\"2 minutes\" \/>\n<script type=\"application\/ld+json\" class=\"seo-schema-graph\">{\"@context\":\"https:\\\/\\\/schema.org\",\"@graph\":[{\"@type\":\"Article\",\"@id\":\"https:\\\/\\\/darkamazi.info\\\/archives\\\/1011989#article\",\"isPartOf\":{\"@id\":\"https:\\\/\\\/darkamazi.info\\\/archives\\\/1011989\"},\"author\":{\"name\":\"darka mazi\",\"@id\":\"https:\\\/\\\/darkamazi.info\\\/#\\\/schema\\\/person\\\/5ad3e24553a0567993fa8ed4bd0a776c\"},\"headline\":\"BARZAN\u00ce: TAYBETMENDIYA KURDISTAN\u00ca LI P\u00ca\u015e \u00c7AV NEHAT\u00ceYE GIRTIN\",\"datePublished\":\"2020-02-26T14:55:59+00:00\",\"mainEntityOfPage\":{\"@id\":\"https:\\\/\\\/darkamazi.info\\\/archives\\\/1011989\"},\"wordCount\":367,\"publisher\":{\"@id\":\"https:\\\/\\\/darkamazi.info\\\/#organization\"},\"image\":{\"@id\":\"https:\\\/\\\/darkamazi.info\\\/archives\\\/1011989#primaryimage\"},\"thumbnailUrl\":\"https:\\\/\\\/darkamazi.info\\\/darka-content\\\/uploads\\\/2020\\\/02\\\/Barzani-peyam.jpg\",\"keywords\":[\"sereke\"],\"articleSection\":[\"Kurdistan\"],\"inLanguage\":\"en-US\"},{\"@type\":\"WebPage\",\"@id\":\"https:\\\/\\\/darkamazi.info\\\/archives\\\/1011989\",\"url\":\"https:\\\/\\\/darkamazi.info\\\/archives\\\/1011989\",\"name\":\"BARZAN\u00ce: TAYBETMENDIYA KURDISTAN\u00ca LI P\u00ca\u015e \u00c7AV NEHAT\u00ceYE GIRTIN - Darka Maz\u00ee\",\"isPartOf\":{\"@id\":\"https:\\\/\\\/darkamazi.info\\\/#website\"},\"primaryImageOfPage\":{\"@id\":\"https:\\\/\\\/darkamazi.info\\\/archives\\\/1011989#primaryimage\"},\"image\":{\"@id\":\"https:\\\/\\\/darkamazi.info\\\/archives\\\/1011989#primaryimage\"},\"thumbnailUrl\":\"https:\\\/\\\/darkamazi.info\\\/darka-content\\\/uploads\\\/2020\\\/02\\\/Barzani-peyam.jpg\",\"datePublished\":\"2020-02-26T14:55:59+00:00\",\"breadcrumb\":{\"@id\":\"https:\\\/\\\/darkamazi.info\\\/archives\\\/1011989#breadcrumb\"},\"inLanguage\":\"en-US\",\"potentialAction\":[{\"@type\":\"ReadAction\",\"target\":[\"https:\\\/\\\/darkamazi.info\\\/archives\\\/1011989\"]}]},{\"@type\":\"ImageObject\",\"inLanguage\":\"en-US\",\"@id\":\"https:\\\/\\\/darkamazi.info\\\/archives\\\/1011989#primaryimage\",\"url\":\"https:\\\/\\\/darkamazi.info\\\/darka-content\\\/uploads\\\/2020\\\/02\\\/Barzani-peyam.jpg\",\"contentUrl\":\"https:\\\/\\\/darkamazi.info\\\/darka-content\\\/uploads\\\/2020\\\/02\\\/Barzani-peyam.jpg\",\"width\":850,\"height\":564,\"caption\":\"BARZAN\u00ce: TAYBETMENDIYA KURDISTAN\u00ca LI P\u00ca\u015e \u00c7AV NEHAT\u00ceYE GIRTIN\"},{\"@type\":\"BreadcrumbList\",\"@id\":\"https:\\\/\\\/darkamazi.info\\\/archives\\\/1011989#breadcrumb\",\"itemListElement\":[{\"@type\":\"ListItem\",\"position\":1,\"name\":\"Home\",\"item\":\"https:\\\/\\\/darkamazi.info\\\/\"},{\"@type\":\"ListItem\",\"position\":2,\"name\":\"BARZAN\u00ce: TAYBETMENDIYA KURDISTAN\u00ca LI P\u00ca\u015e \u00c7AV NEHAT\u00ceYE GIRTIN\"}]},{\"@type\":\"WebSite\",\"@id\":\"https:\\\/\\\/darkamazi.info\\\/#website\",\"url\":\"https:\\\/\\\/darkamazi.info\\\/\",\"name\":\"Darka Maz\u00ee\",\"description\":\"P\u00eageha Zanyariy\u00ean Nebih\u00eest\u00ee\",\"publisher\":{\"@id\":\"https:\\\/\\\/darkamazi.info\\\/#organization\"},\"potentialAction\":[{\"@type\":\"SearchAction\",\"target\":{\"@type\":\"EntryPoint\",\"urlTemplate\":\"https:\\\/\\\/darkamazi.info\\\/?s={search_term_string}\"},\"query-input\":{\"@type\":\"PropertyValueSpecification\",\"valueRequired\":true,\"valueName\":\"search_term_string\"}}],\"inLanguage\":\"en-US\"},{\"@type\":\"Organization\",\"@id\":\"https:\\\/\\\/darkamazi.info\\\/#organization\",\"name\":\"Darka Maz\u00ee\",\"url\":\"https:\\\/\\\/darkamazi.info\\\/\",\"logo\":{\"@type\":\"ImageObject\",\"inLanguage\":\"en-US\",\"@id\":\"https:\\\/\\\/darkamazi.info\\\/#\\\/schema\\\/logo\\\/image\\\/\",\"url\":\"https:\\\/\\\/darkamazi.info\\\/darka-content\\\/uploads\\\/2017\\\/12\\\/darka-mazi-logo.png\",\"contentUrl\":\"https:\\\/\\\/darkamazi.info\\\/darka-content\\\/uploads\\\/2017\\\/12\\\/darka-mazi-logo.png\",\"width\":151,\"height\":75,\"caption\":\"Darka Maz\u00ee\"},\"image\":{\"@id\":\"https:\\\/\\\/darkamazi.info\\\/#\\\/schema\\\/logo\\\/image\\\/\"},\"sameAs\":[\"https:\\\/\\\/www.facebook.com\\\/DarMaziKurmanci\",\"https:\\\/\\\/x.com\\\/DarkaMaziLatini\",\"https:\\\/\\\/www.instagram.com\\\/darkamazi.kurmanci\\\/\",\"https:\\\/\\\/www.youtube.com\\\/channel\\\/UCa5HkTdmI8U1qCUFuTw8B2g\"]},{\"@type\":\"Person\",\"@id\":\"https:\\\/\\\/darkamazi.info\\\/#\\\/schema\\\/person\\\/5ad3e24553a0567993fa8ed4bd0a776c\",\"name\":\"darka mazi\",\"sameAs\":[\"https:\\\/\\\/darkamazi.info\\\/\"],\"url\":\"https:\\\/\\\/darkamazi.info\\\/archives\\\/author\\\/kurdi\"}]}<\/script>\n<!-- \/ Yoast SEO plugin. -->","seo_head_json":{"title":"BARZAN\u00ce: TAYBETMENDIYA KURDISTAN\u00ca LI P\u00ca\u015e \u00c7AV NEHAT\u00ceYE GIRTIN - Darka Maz\u00ee","robots":{"index":"index","follow":"follow","max-snippet":"max-snippet:-1","max-image-preview":"max-image-preview:large","max-video-preview":"max-video-preview:-1"},"canonical":"https:\/\/darkamazi.info\/archives\/1011989","og_locale":"en_US","og_type":"article","og_title":"BARZAN\u00ce: TAYBETMENDIYA KURDISTAN\u00ca LI P\u00ca\u015e \u00c7AV NEHAT\u00ceYE GIRTIN - Darka Maz\u00ee","og_description":"Baregeha Barzan\u00ee \u00eero li derbara be\u015fdariya aliy\u00ean kurd di kab\u00eeneya hik\u00fbmeta federal da ragihand, namzed\u00ea raspard\u00ee ji bo avakirina hik\u00fbmet\u00ea taybetmendiya Her\u00eama Ba\u015f\u00fbr\u00ea Kurdistan\u00ea li p\u00ea\u015f \u00e7av negirt\u00eeye. Baregeha Mes\u2019\u00fbd Barzan\u00ee serok\u00ea part\u00eeya demokrat ya kurdistan\u00ea \u00fb r\u00eaber\u00ea Gel\u00ea kurd \u00eero roja \u00e7ar\u015fem\u00ee ragihandinek li derbara p\u00eakan\u00eena kab\u00eeneya n\u00fb ya hik\u00fbmeta federal belav kir \u00fb [&hellip;]","og_url":"https:\/\/darkamazi.info\/archives\/1011989","og_site_name":"Darka Maz\u00ee","article_publisher":"https:\/\/www.facebook.com\/DarMaziKurmanci","article_published_time":"2020-02-26T14:55:59+00:00","og_image":[{"width":850,"height":564,"url":"https:\/\/darkamazi.info\/file\/2020\/02\/Barzani-peyam.jpg","type":"image\/jpeg"}],"author":"darka mazi","twitter_card":"summary_large_image","twitter_creator":"@DarkaMaziLatini","twitter_site":"@DarkaMaziLatini","twitter_misc":{"Written by":"darka mazi","Est. reading time":"2 minutes"},"schema":{"@context":"https:\/\/schema.org","@graph":[{"@type":"Article","@id":"https:\/\/darkamazi.info\/archives\/1011989#article","isPartOf":{"@id":"https:\/\/darkamazi.info\/archives\/1011989"},"author":{"name":"darka mazi","@id":"https:\/\/darkamazi.info\/#\/schema\/person\/5ad3e24553a0567993fa8ed4bd0a776c"},"headline":"BARZAN\u00ce: TAYBETMENDIYA KURDISTAN\u00ca LI P\u00ca\u015e \u00c7AV NEHAT\u00ceYE GIRTIN","datePublished":"2020-02-26T14:55:59+00:00","mainEntityOfPage":{"@id":"https:\/\/darkamazi.info\/archives\/1011989"},"wordCount":367,"publisher":{"@id":"https:\/\/darkamazi.info\/#organization"},"image":{"@id":"https:\/\/darkamazi.info\/archives\/1011989#primaryimage"},"thumbnailUrl":"https:\/\/darkamazi.info\/file\/2020\/02\/Barzani-peyam.jpg","keywords":["sereke"],"articleSection":["Kurdistan"],"inLanguage":"en-US"},{"@type":"WebPage","@id":"https:\/\/darkamazi.info\/archives\/1011989","url":"https:\/\/darkamazi.info\/archives\/1011989","name":"BARZAN\u00ce: TAYBETMENDIYA KURDISTAN\u00ca LI P\u00ca\u015e \u00c7AV NEHAT\u00ceYE GIRTIN - Darka Maz\u00ee","isPartOf":{"@id":"https:\/\/darkamazi.info\/#website"},"primaryImageOfPage":{"@id":"https:\/\/darkamazi.info\/archives\/1011989#primaryimage"},"image":{"@id":"https:\/\/darkamazi.info\/archives\/1011989#primaryimage"},"thumbnailUrl":"https:\/\/darkamazi.info\/file\/2020\/02\/Barzani-peyam.jpg","datePublished":"2020-02-26T14:55:59+00:00","breadcrumb":{"@id":"https:\/\/darkamazi.info\/archives\/1011989#breadcrumb"},"inLanguage":"en-US","potentialAction":[{"@type":"ReadAction","target":["https:\/\/darkamazi.info\/archives\/1011989"]}]},{"@type":"ImageObject","inLanguage":"en-US","@id":"https:\/\/darkamazi.info\/archives\/1011989#primaryimage","url":"https:\/\/darkamazi.info\/file\/2020\/02\/Barzani-peyam.jpg","contentUrl":"https:\/\/darkamazi.info\/file\/2020\/02\/Barzani-peyam.jpg","width":850,"height":564,"caption":"BARZAN\u00ce: TAYBETMENDIYA KURDISTAN\u00ca LI P\u00ca\u015e \u00c7AV NEHAT\u00ceYE GIRTIN"},{"@type":"BreadcrumbList","@id":"https:\/\/darkamazi.info\/archives\/1011989#breadcrumb","itemListElement":[{"@type":"ListItem","position":1,"name":"Home","item":"https:\/\/darkamazi.info\/"},{"@type":"ListItem","position":2,"name":"BARZAN\u00ce: TAYBETMENDIYA KURDISTAN\u00ca LI P\u00ca\u015e \u00c7AV NEHAT\u00ceYE GIRTIN"}]},{"@type":"WebSite","@id":"https:\/\/darkamazi.info\/#website","url":"https:\/\/darkamazi.info\/","name":"Darka Maz\u00ee","description":"P\u00eageha Zanyariy\u00ean Nebih\u00eest\u00ee","publisher":{"@id":"https:\/\/darkamazi.info\/#organization"},"potentialAction":[{"@type":"SearchAction","target":{"@type":"EntryPoint","urlTemplate":"https:\/\/darkamazi.info\/?s={search_term_string}"},"query-input":{"@type":"PropertyValueSpecification","valueRequired":true,"valueName":"search_term_string"}}],"inLanguage":"en-US"},{"@type":"Organization","@id":"https:\/\/darkamazi.info\/#organization","name":"Darka Maz\u00ee","url":"https:\/\/darkamazi.info\/","logo":{"@type":"ImageObject","inLanguage":"en-US","@id":"https:\/\/darkamazi.info\/#\/schema\/logo\/image\/","url":"https:\/\/darkamazi.info\/file\/2017\/12\/darka-mazi-logo.png","contentUrl":"https:\/\/darkamazi.info\/file\/2017\/12\/darka-mazi-logo.png","width":151,"height":75,"caption":"Darka Maz\u00ee"},"image":{"@id":"https:\/\/darkamazi.info\/#\/schema\/logo\/image\/"},"sameAs":["https:\/\/www.facebook.com\/DarMaziKurmanci","https:\/\/x.com\/DarkaMaziLatini","https:\/\/www.instagram.com\/darkamazi.kurmanci\/","https:\/\/www.youtube.com\/channel\/UCa5HkTdmI8U1qCUFuTw8B2g"]},{"@type":"Person","@id":"https:\/\/darkamazi.info\/#\/schema\/person\/5ad3e24553a0567993fa8ed4bd0a776c","name":"darka mazi","sameAs":["https:\/\/darkamazi.info\/"],"url":"https:\/\/darkamazi.info\/archives\/author\/kurdi"}]}},"_links":{"self":[{"href":"https:\/\/darkamazi.info\/funavuv\/wp\/v2\/posts\/1011989","targetHints":{"allow":["GET"]}}],"collection":[{"href":"https:\/\/darkamazi.info\/funavuv\/wp\/v2\/posts"}],"about":[{"href":"https:\/\/darkamazi.info\/funavuv\/wp\/v2\/types\/post"}],"author":[{"embeddable":true,"href":"https:\/\/darkamazi.info\/funavuv\/wp\/v2\/users\/2"}],"replies":[{"embeddable":true,"href":"https:\/\/darkamazi.info\/funavuv\/wp\/v2\/comments?post=1011989"}],"version-history":[{"count":0,"href":"https:\/\/darkamazi.info\/funavuv\/wp\/v2\/posts\/1011989\/revisions"}],"wp:featuredmedia":[{"embeddable":true,"href":"https:\/\/darkamazi.info\/funavuv\/wp\/v2\/media\/1011991"}],"wp:attachment":[{"href":"https:\/\/darkamazi.info\/funavuv\/wp\/v2\/media?parent=1011989"}],"wp:term":[{"taxonomy":"category","embeddable":true,"href":"https:\/\/darkamazi.info\/funavuv\/wp\/v2\/categories?post=1011989"},{"taxonomy":"post_tag","embeddable":true,"href":"https:\/\/darkamazi.info\/funavuv\/wp\/v2\/tags?post=1011989"}],"curies":[{"name":"wp","href":"https:\/\/api.w.org\/{rel}","templated":true}]}}