{"id":1012328,"date":"2023-03-20T11:30:59","date_gmt":"2023-03-20T08:30:59","guid":{"rendered":"https:\/\/darkamazi.info\/?p=1012328"},"modified":"2023-03-20T11:42:34","modified_gmt":"2023-03-20T08:42:34","slug":"nevroza-berxwedane-u-subata-teslim-bune","status":"publish","type":"post","link":"https:\/\/darkamazi.info\/archives\/1012328","title":{"rendered":"Nevroza Berxwedan\u00ea \u00fb \u015eubata Tesl\u00eem B\u00fbn\u00ea"},"content":{"rendered":"<div class=\"wpb-content-wrapper\"><p>[darkamazi_row][darkamazi_column][darkamazi_video link=&#8221;https:\/\/www.youtube.com\/watch?v=lPFAmQryTMw&#8221; align=&#8221;center&#8221;][darkamazi_column_text]<span style=\"font-family: 'arial black', sans-serif;\">Dewleta Turk dixwest li zindana Amed\u00ea kur \u00fb Ke\u00e7\u00ean Kurdan tesl\u00eem bigre.\u00a0 E\u015fkence kirin, li ber sarma \u00fb germay\u00ea hi\u015ftin, bir\u00e7\u00ee hi\u015ftin, \u00eensan bi \u00ee\u015fkencedan\u00ea hatin ku\u015ftin, l\u00ea bel\u00ea zarok\u00ean kurdistan\u00ea ser\u00ea xwe bi t away ne tewandin.\u00a0 Sak\u00eena Cansiz yek car\u00ea ne got ax \u00fb pol\u00ees\u00ean Tirkan \u015fad nekirin. Mezl\u00fbm Dogan jiyana xwe bi daw\u00ee an\u00ee l\u00ea tesl\u00eem ne b\u00fb.<\/span><\/p>\n<h3 style=\"text-align: justify;\">\u00a021 Adara 1982yan li zindana Amed\u00ea ji berku tesl\u00eem ne bib\u00fb birin yek hucrey \u00fb Mezl\u00fbm Dogan li vir xwe bi darve kir, daw\u00ee bi jiyana xwe an\u00ee. Peyama Mezl\u00fbm Dogan eve b\u00fb: mirin heye l\u00ea tesl\u00eem\u00eeyet n\u00eene. Ev peyam ji bo heval\u00ean w\u00ee j\u00ee b\u00fb m\u00eenakeke mezin.<\/h3>\n<h3 style=\"text-align: justify;\">Kemal P\u00eer sereray\u00ee gencek Turk b\u00fb l\u00ea bel\u00ea red kir ku mar\u015fa Tirkiya ku dib\u00eajin \u00eest\u00eeqlal mar\u015f\u00ee, ne xwend \u00fb bi heval\u00ean xwe re dest bi roj\u00ee ya bir\u00e7\u00ee b\u00fbn\u00ea kir. 15 T\u00eermeha 1982yan ew \u00fb komek ji heval\u00ean xwe dest bi roj\u00ee ya mirin\u00ea kirin.\u00a0 Pi\u015ft\u00ee 55 rojan mirin destp\u00eakir, 2 \u00celon\u00ea Kemal P\u00eer, 12 \u00celon\u00ea M. Xeyr\u00ee Dormo\u015f \u00fb 15 \u00celon\u00ea Aki\u00eef Yilmaz 17 \u00celon\u00ea j\u00ee al\u00ee \u00c7\u00ee\u00e7ek jiyana xwe ji dest da. Ew birin nexwe\u015fxan\u00ea l\u00ea bel\u00ea wan tedaw\u00ee kirin \u00fb dermanen wan qeb\u00fbl ne kirin.<\/h3>\n<h3 style=\"text-align: justify;\">Xeyr\u00ee Dormo\u015f yek ji wan r\u00eaveber\u00ean sereke y\u00ean PKK\u2019\u00ea b\u00fb ku p\u00ea\u015f can\u00ea xwe ji bo Kurdistan\u00ea bike qurban\u00ee sereray\u00ee w\u00ea yek\u00ea ku qurbaniyek mezin ji bo Kurdistan\u00ea daye, l\u00ea bel\u00ea d\u00eesa xwe bi deyndar\u00ea Kurdistan\u00ea dizan\u00ee \u00fb got \u00abli ser k\u00ealiya tirba min binv\u00eesin deyndar\u00ea Kurdistan\u00ea me\u00bb. Berevaj\u00ee gotina Xeyr\u00ee Dormo\u015f Ocalan ji bo ku xwe bipar\u00eaze dib\u00eaje Dewleta Tirk \u00abger h\u00fbn min bikujin, w\u00ea dem\u00ea mirina min d\u00ea bikeve bin xizmeta kurdan \u00fb w\u00ea dem\u00ea h\u00fbn nikarin p\u00ea\u015fiya kurdan bigirin\u00bb.<\/h3>\n<h3 style=\"text-align: justify;\">Abdullah Ocalan li ser berxwedana van Qahremanan weha dib\u00eaje:<\/h3>\n<h3 style=\"text-align: justify;\">\u00abLi z\u00eendan\u00ea xeber t\u00ea 82an zaten Mezl\u00fbm xwe ji boy jiyaneka bi \u015feref ji boy jiyana p\u00ea\u015fket\u00ee, ji bo ku dujmin dixwaze jiyan\u00ea temam bigre dest xwe, berxwedaneke qahreman\u00ee \u00e7\u00eakir \u00fb xwe \u015feh\u00eed kir, di roja Nevroz\u00ea de h\u00fbn dizanin qerar daye yen\u00ee dujmin dixwaze di \u015fexs\u00ea wan de ji jiyan\u00ea b\u00eaxe, tesl\u00eem bigre, ber v\u00ea sebeba qerara berxwedan\u00ea da, got berxwedan jiyane \u00fb xwe \u015feh\u00eed kir, berxwedaneke mezine, vaya di tar\u00eex\u00ea de j\u00ee qirarek mezine\u00bb.<\/h3>\n<h3 style=\"text-align: justify;\">Gelo Ocalan bo \u015fopdar\u00ea r\u00eaya van yan na? Helbet ku helwesta Ocalan di beranber dewlet\u00ea da gelek cuda b\u00fbye ji helwesta Mezl\u00fbm Dogan. Mezl\u00fbm got ez nabim m\u00eenak ku ez tesl\u00eem bibim \u00fb dewlet li ser min siyaset\u00ea bike. Mezl\u00fbm esalet \u00fb serbilindiya kurdan parast.\u00a0 L\u00ea bel\u00ea Ocalan dema hat girtin, hinek axaftin\u00ean weha kirin ku quwet, cesaret \u00fb manew\u00eeyat\u00ea da dewleta Tirk ku ew dikare Kurda bi nerm\u00ee tesl\u00eem bigre.<\/h3>\n<h3 style=\"text-align: justify;\">Ocalan di yekem saet\u00ean desteser kirina xwe da ,berevaj\u00ee van axaftin\u00ean xwe di raweste ,\u00fb bi rengeke weha ku mirov dikare bib\u00eaje tu caran ev axaftin\u00ean li ser heval Mezl\u00fbm got\u00ee, ji dev\u00ea Apo derneket\u00eene , ji ber ku du axaftin\u00ean pir ji hev cuda ne.<\/h3>\n<h3 style=\"text-align: justify;\">Bi gorey gotin\u00ean endam\u00ean h\u00eaza taybet ya ku Ebdulla Ocalan desteser kir\u00ee, li roja 15 \u015eubat\u00ea li paytexta Kenya (Nayrob\u00ee) pa\u015f ku Ocalan li firokey\u00ea t\u00ea suwar kirin, ew di 60 \u00e7irkeyan de hat kontrol kirin \u00fb b\u00ea bandor ma,\u00a0 belku Ocalan bi xwe j\u00ee ti berxwedan\u00ean f\u00eez\u00eek\u00ee j\u00ee nekirin.<\/h3>\n<h3 style=\"text-align: justify;\">\u00a0<\/h3>\n<h3 style=\"text-align: justify;\">\u00ab\u00c7ima qirarek mezine?! Dujmin dixwaze temam\u00ea\u00a0 z\u00eendan\u00ea da \u00fb dervey z\u00eendan\u00ea j\u00ee da, her ti\u015fti biqet\u00eene, yan\u00ee ev part\u00ee di z\u00eendan\u00ea daye \u00fb heval\u00ea Mezl\u00fbm j\u00ee, \u00ea aydoloj\u00eek \u00fb siyaseta part\u00ee \u00fb gel tems\u00eel dike \u00fb\u00a0 tesl\u00eem bibe, part\u00ee di z\u00eendan\u00ea daye, \u00e7\u00fb di z\u00eendan\u00ea da part\u00eeya me, di derve da j\u00ee ti\u015ftek nabe\u00bb.<\/h3>\n<h3 style=\"text-align: justify;\">Li vir Apo bas li qerara heval Mezl\u00fbm dike \u00fb w\u00ea bi qerarek tar\u00eex\u00ee dihes\u00eab\u00eene, b\u00ea goman ev yek j\u00ee, bi w\u00ea mebest\u00ea ku bandor\u00ea li ser qadroyan bike taku ew j\u00ee weha berxwedan\u00ea bikin. Ocalan neha wek serok ji aliy\u00ea al\u00eegr\u00ean xwe ve weke r\u00eaber t\u00ea qeb\u00fbl kirin. L\u00ea bel\u00ea r\u00eaber\u00ee \u00fb seroktiya w\u00ee li ser qehremaniya kes\u00ean weke Mezl\u00fbm bu. Eger ev berxwedan ne kiriba Ocalan nedib\u00fb Serok Ocalan.<\/h3>\n<h3 style=\"text-align: justify;\">\u00a0Ji qehremaniya van \u00eensana Ocalan gelek li ser v\u00ea berxwedan\u00ea sekin\u00ee, gelek ser axv\u00ee. L\u00ea Ocalan encamek ji xwe re derxist \u00fb dibe ked \u00fb qehremaniya van kesan hem\u00fbya ji xwe re bike derfetek. Heman dem\u00ea Ocalan f\u00eahm kir ku \u00e7end qehreman hebin \u00e7end kes jiyana xwe ji dest bidin ew j\u00ee ewqas asta xwe blind bke.<\/h3>\n<h3 style=\"text-align: justify;\">Ji ber ku ev der Rojhilata Nav\u00eene \u00fb mirin hatiye p\u00eeroz d\u00eetin. Ji ber v\u00ea yek\u00ea Ocalan perwerde y\u00ean qadroy\u00ean xwe de, qadroy\u00ean xwe ji aliy\u00ea hest \u00fb fikr\u00ea de weha perwerde kirin, mirin ji boy wan xwe\u015f kir. PKK jiyane \u00fb mirin muqeddes d\u00eet. Ji ber v\u00ea yek\u00ea qadroyan ne digotin \u201cem\u00ea \u00e7ewa jiyan bik\u00een\u201d digotin \u201cem\u00ea \u00e7ewa bimirin\u201d.<\/h3>\n<h3 style=\"text-align: justify;\">Helbet \u015feh\u00eed b\u00fbna van \u00eensana gelek gring b\u00fb, heman dem\u00ea kult\u00fbr\u00ea Kurdan da j\u00ee tesl\u00eem\u00eeyet neb\u00fb, d\u00eerok\u00ea de k\u00eam Kurd dema ketiye dest dujmin xwe tesl\u00eem kiriye. Ocalan ev \u00e7anda kurd\u00ee d\u00eet \u00fb ku tesl\u00eem nabin \u00fb xwast ku ji qadroy\u00ean xwe j\u00ee wiha sod wergire. Li ser jiyana Qadro li ser xuna \u00eensana bazarek\u00ee siyas\u00ee kir, sudek\u00ee \u015fexs\u00ee wergirt.<\/h3>\n<h3 style=\"text-align: justify;\">ji bo w\u00ea yek\u00ea ku Apo bazirganiy\u00ea bi xw\u00eena wan bike \u00fb bib\u00eaje ev qadroy\u00ean mene, min weha perwerde kir\u00eene \u00fb ew bi xwe j\u00ee aram biraze, di firokeya ku Ocalan ji bo Tirkiy\u00ea dibe li sala 1999an de Apo di berisva endam\u00ean h\u00eaza taybet ya Tirk de dib\u00eaje: &#8220;dayka min j\u00ee Tirke, heger h\u00fbn xizmetek\u00ea bixwazin \u00fb ti\u015ftek bikeve ser mil\u00ean min, ez amademe&#8221;.<\/h3>\n<h3 style=\"text-align: justify;\">Endam\u00ea h\u00eaza taybet: &#8220;her bersivdaneke pirs\u00ean me xizmetkirine ji boy me &#8220;.<\/h3>\n<h3 style=\"text-align: justify;\">Di van du bersiv\u00ean Ocalan de diyar dibe ku her di dem\u00ean destp\u00eak\u00ea de Ocalan tesl\u00eem\u00ee dewlet\u00ea dibe \u00fb ti berxwedanek\u00ea nake, bi tam berevaj\u00ee w\u00ea yek\u00eaye\u00a0 ya ku heval Mezl\u00fbm encam day \u00fb bi t away\u00ee\u00a0 xwe tesl\u00eem\u00ee \u00eeradeya dewleta Tirk nekir\u00ee.<\/h3>\n<h3 style=\"text-align: justify;\">\u00abZulm, \u00ee\u015fkence ew qas z\u00eade dibe k\u00ee yan\u00ee tehemila \u00eensan\u00a0 \u00e7\u00eanabe, \u00fb heval j\u00ee dizanin bi sedan gi\u015ft \u00e7\u00fbn, heta hema dikarin b\u00eajin kes ji hevalan nam\u00eene, tab\u00ee Mezl\u00fbm di vir de dib\u00eene k\u00ee \u00e7end rojek\u00ea din\u00ea her ti\u015ft w\u00ea ji dest here, di vir de qerar\u00ea berxwedan\u00ea dide, berxwedan jiyane , ew qerareka mezine, li ser v\u00ea qerar\u00ea li roja Newroza he\u015ft\u00ea \u00fb diduyan da bi qehreman\u00ee t\u00eate dan\u00ea, lak\u00een ti\u015ft\u00ea di me tar\u00eexeka mezine, destp\u00eakeka mezine dirist kir, b\u00ea tiris kir, ew jiyana bi tiris\u00bb.<\/h3>\n<h3 style=\"text-align: justify;\">Ocalan bas li berxwedana tar\u00eex\u00ee ya heval Mezl\u00fbm dike \u00fb weha bas dike ku heya w\u00ea dem\u00ea di tar\u00eexa kurdan de ti kes\u00ea bi v\u00ee awa berxwedan nekiriye \u00fb ev ti\u015ftek n\u00fb ye, \u00fb p\u00eaw\u00eeste her kes m\u00eena heval Mezl\u00fbm li ber xwe bide. Ev helwesta Ocalan j\u00ee weke xapandinek b\u00fb, Di hem\u00fb d\u00eeroka Kurdan da berxwedan heye.\u00a0 Ocalan dixwaze serbilind\u00ee, ne tesl\u00eem b\u00fbn \u00fb berxwedaniya Kurdan ya hezar salan bike mulk\u00ea xwe, \u00fb bib\u00eaje ber\u00ee de kurdan nedizan\u00ee berxwe bidin, berxwedana Kurdan bi me destp\u00eakir.<\/h3>\n<h3 style=\"text-align: justify;\">L\u00ea d\u00eesa Ocalan berevaj\u00ee van axaftin\u00ean xwe diraweste \u00fb li dema desteserkirina xwe de temamen berevaj\u00ee van axaftin\u00ean xwe dike \u00fb dib\u00eaje : &#8220;ez pir ji dil dib\u00eajim, ez pirr ji Tirkiy\u00ea\u00a0 hez dikim, hez ji neteweya Tirk j\u00ee dikim, hez ji gel\u00ea kurd j\u00ee dikim, heger mumk\u00een be \u00fb r\u00ea bi min b\u00ea day\u00een, w\u00ea bizanibim xizmet\u00ea bikim&#8221;.<\/h3>\n<h3 style=\"text-align: justify;\">Li vir pirseke her\u00ee gir\u00eeng dirist dibe, ev pirs j\u00ee eve gelo \u00e7ima Ocalan weha z\u00fb tesl\u00eem dibe, \u00e7ima b\u00ea ku zileyek li rometa w\u00ee bikeve, xwe tesl\u00eem dike \u00fb b\u00ea \u00eerade dim\u00eene?.<\/h3>\n<h3 style=\"text-align: justify;\">Ocalan li ser v\u00ea \u015fehadet\u00ea weha got:<\/h3>\n<h3 style=\"text-align: justify;\">\u00abr\u00eaya mirin\u00ea r\u00eaya jiyana sextekar\u00ee, ew jiyana a dujmin di Min xwest li ser me de hak\u00eem bike, b\u00ea tiris kir, dirist kir, xwe kir pir da biserde bime\u015fe, me wa hay \u00eenay ser ziman\u00bb.<\/h3>\n<h3 style=\"text-align: justify;\">Li vir Ocalan dixwaze bib\u00eaje bi w\u00ea perwerda me day heval Mezl\u00fbm, kar\u00ee berxwedan\u00ea bike \u00fb w\u00ea jiyana sexte ya ku dujmin dixwaze liser me bisep\u00eene jinav bibe \u00fb tes\u00eera w\u00ea neh\u00eala, l\u00ea bel\u00ea pi\u015ft\u00ee 17 salan anku pi\u015ft\u00ee girtina Ocalan her di yekem sat de p\u00ea\u015f ku Ocalan bibin nava firokey\u00ea de tirs li cem Ocalan peyda dibe \u00fb ti berxwedanek\u00ea li dij\u00ee t\u00eem\u00ean taybet\u00ee y\u00ean Tirkiy\u00ea n\u00ee\u015fan neda, Ocalan\u00a0 raz\u00ee neb\u00fb \u00e7ek\u00ea ji pasewana xwe a bi nav\u00ea &#8220;\u015eems\u00ee Kil\u00e7&#8221; bi kod nav\u00ea heval (D\u00eelan) wergire \u00fb berxwedan\u00ea bike, Ocalan got ewan dixwest ez bi wergirtina \u00e7ek\u00ea berxwedaneke kilas\u00eek bime\u015f\u00eenim! Gelo ev \u00e7i berxwedaneke kilas\u00eeke ku Ocalan naxwaze bike, ma qey berxwedana kilas\u00eek ya heval Mezl\u00fbm ew qas berxwedaneke xirab b\u00fb? Ger berxwedaneke xirab b\u00fbye, \u00e7ima bi v\u00ee away\u00ee Ocalan ji bo qadroy\u00ean xwe bas dike \u00fb dixwaze hem\u00fb kes m\u00eena heval Mezl\u00fbm berxwedan\u00ea li dij\u00ee dewleta Tirkiy\u00ea bike?!<\/h3>\n<h3 style=\"text-align: justify;\">Net\u00eece ji v\u00ea \u015f\u00fbnde Ferhad Kortay wane j\u00ee xwe \u015fewtandin got d\u00eesa tirs bila bimre, jiyana dujmin dixwaze tesl\u00eem bigre go ne mumk\u00eene, xwe \u015fewtandin, van \u00e7ar hevala, eve xebereke d\u00eesa pir mezin b\u00fb.<\/h3>\n<h3 style=\"text-align: justify;\">Apo, xwe \u015fewitandina Ferhad Kortay \u00fb s\u00ea heval\u00ean w\u00ee li 18 Gulana 1982\u2019an\u00a0\u00a0 bi nav\u00ean (Necm\u00ee Oner, E\u015fref An\u00eek, Mehm\u00fbd Zeng\u00een) j\u00ee ku di z\u00eendana Amed\u00ea de xwe \u015fewitand bi xebereke pirr mezn hesab dike, d\u00ea hayd\u00ea em bin\u00ear\u00een li dema xwe \u015fewitandin\u00ea de Ferhad Kortay \u00e7i got \u00fb Apo dema t\u00ea desteserkirin \u00e7i got, ferhat Kortay pa\u015f ku heval\u00ean w\u00ee y\u00ean di z\u00eendan\u00ea de dinivin, ew \u00fb her s\u00ea heval\u00ean xwe agir li xwe berdidin \u00fb xwe di\u015fewt\u00eenin,<\/h3>\n<h3 style=\"text-align: justify;\">dema z\u00eendan\u00ee ji xew radibin \u00fb dixwazin di gel Pasewan\u00ean z\u00eendan\u00ea agir\u00ea bi la\u015f\u00ea Ferhad \u00fb heval\u00ean w\u00ee ve tef\u00eenin ! Ferhad dib\u00eaje: &#8220;her kes\u00ea agir\u00ea me vemr\u00eene ew xa\u00eenek\u00ee Kurdistan\u00ea ye&#8221;, pi\u015ftre ew \u00fb heval\u00ean xwe mil\u00ean xwe didin hevdu \u00fb li wir berxwedaneke tar\u00eex\u00ee dime\u015f\u00eenin, Apo j\u00ee v\u00ea dizane \u00fb \u00e7end\u00een caran ji bo qadroy\u00ean PKK\u00ea vedig\u00eare, l\u00ea bel\u00ea Apo bi xwe li dema t\u00ea desteser kirin \u00e7i dib\u00eaje? Apo dib\u00eaje ez ji bo xizmetkirina dewleta Tirk amademe?! Gelo \u00e7i bi w\u00ea berxwedan\u00ea hat ya ku Apo li ser xebar dida \u00fb digot div\u00ea her kes van \u015feh\u00eedan ji xwe re bike m\u00eenak, gelo ew berxwedan bi kude \u00e7\u00fb?!<\/h3>\n<h3 style=\"text-align: justify;\">\u00abDujmin bi zanist dixwest \u00e7i tesl\u00eem bigre, vane j\u00ee bi berxwedan jiyane bi xwe \u015fewtandin xwe \u015feh\u00eed kirin, \u00fb ji ve s\u00fbnda Kemal P\u00eer, Xeyr\u00ee\u00a0 wane j\u00ee qerareka din mezin da, d\u00eesan vane j\u00ee got berxwedan jiyane, xwe bir\u00e7\u00ee b\u00fbn\u00ea de \u015feh\u00eed kirin, wan j\u00ee pir qerareka tar\u00eex\u00ee&#8230; Li vir da di z\u00eendana Diyarbakir \u00ea da dujmin winda kirin, ti tar\u00eex\u00ea de mirov dikare bib\u00eene, di van sal\u00ean he\u015ft\u00ea \u00fb yekan, diduyan de di z\u00eendana Diyarbakir \u00ea da ti\u015ft\u00ea bi ser ket\u00ee, tesl\u00eem\u00eeyet mirine, berxwedan jiyane, bi \u015fehadeta van hevalan ra sed\u00ee sed \u00eesbat b\u00fb, me\u015fiya j\u00ee\u00bb.<\/h3>\n<h3 style=\"text-align: justify;\">Apo li vir hinek pirsan li qadroyan dike, ku gereke em j\u00ee\u00a0\u00a0 pi\u015ft\u00ee xwe radest kirina Ocalan li wilat\u00ea K\u00eenyay\u00ea pirs ji Ocalan bik\u00een, gelo \u00e7ima Ocalan bi xwe j\u00ee ne digot berxwedan jiyane? \u00c7ima bi \u00e7ek\u00ea berxwedan nekir? \u00c7ima dema hat\u00ee girtin bi gireva bir\u00e7\u00ee b\u00fbn\u00ea yan j\u00ee xwe \u015fewitandin\u00ea berxwedan nedikir?! \u00c7ima Apo dib\u00eaje tesl\u00eem\u00eeyet mirine, l\u00ea bel\u00ea ew bi xwe, xwe tesl\u00eem dike?! Ger berxwedan jiyane \u00e7ima Ocalan berxwedan nekir?!!<\/h3>\n<h3 style=\"text-align: justify;\">\u00abDawiya van. bi hezaran hevalan , di himber\u00ee zulm\u00ea pirr berxwedaneke mezin \u00e7\u00eakir, net\u00eece roj bi roj ev heval\u00ean hem\u00fb ket\u00ee gi\u015ft ketine xeta berxwedan\u00ea, xeta jiyan\u00ea \u00fb hukm\u00ea dujmin \u00e7irandin, dujmin heta v\u00ea roj\u00ea digot k\u00ee me kurd kiriye bin erd\u00ea \u00fb serj\u00ee beton kiriye, dujmin bi xwe \u00eed\u00eea kir ku va betona qeli\u015f\u00ee, t\u00eada k\u00fbrat\u00eeya me derket\u00bb.<\/h3>\n<h3 style=\"text-align: justify;\">Ocalan li vir dixwaze\u00a0 qadroy\u00ean part\u00eeya xwe ra bib\u00eaje, ku div\u00ea her kes m\u00eena van berxwedan\u00ea bike, \u00fb nabe tesl\u00eem\u00ee dewlet\u00ea bibe, ev yek ti\u015ftek tar\u00eex\u00ee \u00fb pir mezne, bi berxwedana van hevalan hem\u00fb ew heval\u00ean ket\u00ee \u00fb \u00eeradeya wan ze\u00eef b\u00fby d\u00eesa ketin xeta berxwedan\u00ea, \u00fb berxwedan bi h\u00eaz b\u00fb, ger ev axaftin rast j\u00ee be, bi t away\u00ee ev axaftin ji bo Ocalan\u00a0 ne raste, ji ber ku her kes ba\u015f dizane Ocalan bi t away\u00ee tesl\u00eem b\u00fb \u00fb di yekem r\u00fbni\u015ftina dadgeh\u00ea de bi t away\u00ee berevan\u00ee ji xwe kir, Apo li \u015f\u00fbna ber xwe bide, \u00fb daxwaza l\u00eabor\u00een\u00ea ji gel\u00ea kurd \u00fb malbat\u00ean \u015feh\u00eed\u00ean kurdistan\u00ea bike, di dadgeha Tirkiy\u00ea de daxwaza l\u00eabor\u00een\u00ea ji Dayik\u00ean Tirk dike, ku ewlad\u00ean wan bi dest\u00ea PKK\u00ea \u015feh\u00eed ket\u00ee!! Gelo bi rast\u00ee j\u00ee ew berxwedana d\u00eerok\u00ee ya heval Mezl\u00fbm \u00fb kes\u00ean din ku di z\u00eendana Diyarbakir \u00ea de n\u00ee\u015fan day, \u00e7ima li cem Ocalan j\u00ee peyda neb\u00fb \u00fb her z\u00fb xwe tesl\u00eem\u00ee dest\u00ean dewleta fa\u015f\u00eest a Tirk kir?!<\/h3>\n<h3 style=\"text-align: justify;\">Ev pirseke ku her wilatpar\u00eazek p\u00eaw\u00eeste di mej\u00eek\u00ea xwe de li berisva w\u00ea bigere, l\u00ea bersiveke d\u00fbr ji t\u00eageh\u00ea part\u00eeger\u00eat\u00eey\u00ea?<\/h3>\n<p>[\/darkamazi_column_text][\/darkamazi_column][\/darkamazi_row]<\/p>\n<\/div>","protected":false},"excerpt":{"rendered":"<p>[darkamazi_row][darkamazi_column][darkamazi_video link=&#8221;https:\/\/www.youtube.com\/watch?v=lPFAmQryTMw&#8221; align=&#8221;center&#8221;][darkamazi_column_text]Dewleta Turk dixwest li zindana Amed\u00ea kur \u00fb Ke\u00e7\u00ean Kurdan tesl\u00eem bigre.\u00a0 E\u015fkence kirin, li ber sarma \u00fb germay\u00ea hi\u015ftin, bir\u00e7\u00ee hi\u015ftin, \u00eensan bi \u00ee\u015fkencedan\u00ea hatin ku\u015ftin, l\u00ea bel\u00ea zarok\u00ean kurdistan\u00ea ser\u00ea xwe bi t away ne tewandin.\u00a0 Sak\u00eena Cansiz yek car\u00ea ne got ax \u00fb pol\u00ees\u00ean Tirkan \u015fad nekirin. Mezl\u00fbm Dogan jiyana [&hellip;]<\/p>\n","protected":false},"author":2,"featured_media":1020291,"comment_status":"closed","ping_status":"closed","sticky":false,"template":"epic_custom_post_template-1006382","format":"video","meta":{"footnotes":""},"categories":[65],"tags":[55,54,37,53],"class_list":["post-1012328","post","type-post","status-publish","format-video","has-post-thumbnail","hentry","category-vidiyo","tag-kemal-pir","tag-mezlum-dogan","tag-sereke","tag-xeyri-dormos","post_format-post-format-video"],"blocksy_meta":[],"seo_head":"<!-- This site is optimized with the Yoast SEO plugin v27.5 - https:\/\/yoast.com\/product\/yoast-seo-wordpress\/ -->\n<title>Nevroza Berxwedan\u00ea \u00fb \u015eubata Tesl\u00eem B\u00fbn\u00ea - Darka Maz\u00ee<\/title>\n<meta name=\"robots\" content=\"index, follow, max-snippet:-1, max-image-preview:large, max-video-preview:-1\" \/>\n<link rel=\"canonical\" href=\"https:\/\/darkamazi.info\/archives\/1012328\" \/>\n<meta property=\"og:locale\" content=\"en_US\" \/>\n<meta property=\"og:type\" content=\"article\" \/>\n<meta property=\"og:title\" content=\"Nevroza Berxwedan\u00ea \u00fb \u015eubata Tesl\u00eem B\u00fbn\u00ea - Darka Maz\u00ee\" \/>\n<meta property=\"og:description\" content=\"[darkamazi_row][darkamazi_column][darkamazi_video link=&#8221;https:\/\/www.youtube.com\/watch?v=lPFAmQryTMw&#8221; align=&#8221;center&#8221;][darkamazi_column_text]Dewleta Turk dixwest li zindana Amed\u00ea kur \u00fb Ke\u00e7\u00ean Kurdan tesl\u00eem bigre.\u00a0 E\u015fkence kirin, li ber sarma \u00fb germay\u00ea hi\u015ftin, bir\u00e7\u00ee hi\u015ftin, \u00eensan bi \u00ee\u015fkencedan\u00ea hatin ku\u015ftin, l\u00ea bel\u00ea zarok\u00ean kurdistan\u00ea ser\u00ea xwe bi t away ne tewandin.\u00a0 Sak\u00eena Cansiz yek car\u00ea ne got ax \u00fb pol\u00ees\u00ean Tirkan \u015fad nekirin. Mezl\u00fbm Dogan jiyana [&hellip;]\" \/>\n<meta property=\"og:url\" content=\"https:\/\/darkamazi.info\/archives\/1012328\" \/>\n<meta property=\"og:site_name\" content=\"Darka Maz\u00ee\" \/>\n<meta property=\"article:publisher\" content=\"https:\/\/www.facebook.com\/DarMaziKurmanci\" \/>\n<meta property=\"article:published_time\" content=\"2023-03-20T08:30:59+00:00\" \/>\n<meta property=\"article:modified_time\" content=\"2023-03-20T08:42:34+00:00\" \/>\n<meta property=\"og:image\" content=\"https:\/\/darkamazi.info\/file\/2020\/12\/21.jpg\" \/>\n\t<meta property=\"og:image:width\" content=\"900\" \/>\n\t<meta property=\"og:image:height\" content=\"500\" \/>\n\t<meta property=\"og:image:type\" content=\"image\/jpeg\" \/>\n<meta name=\"author\" content=\"darka mazi\" \/>\n<meta name=\"twitter:card\" content=\"summary_large_image\" \/>\n<meta name=\"twitter:creator\" content=\"@DarkaMaziLatini\" \/>\n<meta name=\"twitter:site\" content=\"@DarkaMaziLatini\" \/>\n<meta name=\"twitter:label1\" content=\"Written by\" \/>\n\t<meta name=\"twitter:data1\" content=\"darka mazi\" \/>\n\t<meta name=\"twitter:label2\" content=\"Est. reading time\" \/>\n\t<meta name=\"twitter:data2\" content=\"9 minutes\" \/>\n<script type=\"application\/ld+json\" class=\"seo-schema-graph\">{\"@context\":\"https:\\\/\\\/schema.org\",\"@graph\":[{\"@type\":\"Article\",\"@id\":\"https:\\\/\\\/darkamazi.info\\\/archives\\\/1012328#article\",\"isPartOf\":{\"@id\":\"https:\\\/\\\/darkamazi.info\\\/archives\\\/1012328\"},\"author\":{\"name\":\"darka mazi\",\"@id\":\"https:\\\/\\\/darkamazi.info\\\/#\\\/schema\\\/person\\\/5ad3e24553a0567993fa8ed4bd0a776c\"},\"headline\":\"Nevroza Berxwedan\u00ea \u00fb \u015eubata Tesl\u00eem B\u00fbn\u00ea\",\"datePublished\":\"2023-03-20T08:30:59+00:00\",\"dateModified\":\"2023-03-20T08:42:34+00:00\",\"mainEntityOfPage\":{\"@id\":\"https:\\\/\\\/darkamazi.info\\\/archives\\\/1012328\"},\"wordCount\":2306,\"publisher\":{\"@id\":\"https:\\\/\\\/darkamazi.info\\\/#organization\"},\"image\":{\"@id\":\"https:\\\/\\\/darkamazi.info\\\/archives\\\/1012328#primaryimage\"},\"thumbnailUrl\":\"https:\\\/\\\/darkamazi.info\\\/darka-content\\\/uploads\\\/2020\\\/12\\\/21.jpg\",\"keywords\":[\"Kemal P\u00eer\",\"Mezl\u00fbm Dogan\",\"sereke\",\"Xeyr\u00ee Dormo\u015f\"],\"articleSection\":[\"V\u00eed\u00eeyo\"],\"inLanguage\":\"en-US\"},{\"@type\":\"WebPage\",\"@id\":\"https:\\\/\\\/darkamazi.info\\\/archives\\\/1012328\",\"url\":\"https:\\\/\\\/darkamazi.info\\\/archives\\\/1012328\",\"name\":\"Nevroza Berxwedan\u00ea \u00fb \u015eubata Tesl\u00eem B\u00fbn\u00ea - Darka Maz\u00ee\",\"isPartOf\":{\"@id\":\"https:\\\/\\\/darkamazi.info\\\/#website\"},\"primaryImageOfPage\":{\"@id\":\"https:\\\/\\\/darkamazi.info\\\/archives\\\/1012328#primaryimage\"},\"image\":{\"@id\":\"https:\\\/\\\/darkamazi.info\\\/archives\\\/1012328#primaryimage\"},\"thumbnailUrl\":\"https:\\\/\\\/darkamazi.info\\\/darka-content\\\/uploads\\\/2020\\\/12\\\/21.jpg\",\"datePublished\":\"2023-03-20T08:30:59+00:00\",\"dateModified\":\"2023-03-20T08:42:34+00:00\",\"breadcrumb\":{\"@id\":\"https:\\\/\\\/darkamazi.info\\\/archives\\\/1012328#breadcrumb\"},\"inLanguage\":\"en-US\",\"potentialAction\":[{\"@type\":\"ReadAction\",\"target\":[\"https:\\\/\\\/darkamazi.info\\\/archives\\\/1012328\"]}]},{\"@type\":\"ImageObject\",\"inLanguage\":\"en-US\",\"@id\":\"https:\\\/\\\/darkamazi.info\\\/archives\\\/1012328#primaryimage\",\"url\":\"https:\\\/\\\/darkamazi.info\\\/darka-content\\\/uploads\\\/2020\\\/12\\\/21.jpg\",\"contentUrl\":\"https:\\\/\\\/darkamazi.info\\\/darka-content\\\/uploads\\\/2020\\\/12\\\/21.jpg\",\"width\":900,\"height\":500,\"caption\":\"Nevroza Berxwedan\u00ea \u00fb \u015eubata Tesl\u00eem B\u00fbn\u00ea\"},{\"@type\":\"BreadcrumbList\",\"@id\":\"https:\\\/\\\/darkamazi.info\\\/archives\\\/1012328#breadcrumb\",\"itemListElement\":[{\"@type\":\"ListItem\",\"position\":1,\"name\":\"Home\",\"item\":\"https:\\\/\\\/darkamazi.info\\\/\"},{\"@type\":\"ListItem\",\"position\":2,\"name\":\"Nevroza Berxwedan\u00ea \u00fb \u015eubata Tesl\u00eem B\u00fbn\u00ea\"}]},{\"@type\":\"WebSite\",\"@id\":\"https:\\\/\\\/darkamazi.info\\\/#website\",\"url\":\"https:\\\/\\\/darkamazi.info\\\/\",\"name\":\"Darka Maz\u00ee\",\"description\":\"P\u00eageha Zanyariy\u00ean Nebih\u00eest\u00ee\",\"publisher\":{\"@id\":\"https:\\\/\\\/darkamazi.info\\\/#organization\"},\"potentialAction\":[{\"@type\":\"SearchAction\",\"target\":{\"@type\":\"EntryPoint\",\"urlTemplate\":\"https:\\\/\\\/darkamazi.info\\\/?s={search_term_string}\"},\"query-input\":{\"@type\":\"PropertyValueSpecification\",\"valueRequired\":true,\"valueName\":\"search_term_string\"}}],\"inLanguage\":\"en-US\"},{\"@type\":\"Organization\",\"@id\":\"https:\\\/\\\/darkamazi.info\\\/#organization\",\"name\":\"Darka Maz\u00ee\",\"url\":\"https:\\\/\\\/darkamazi.info\\\/\",\"logo\":{\"@type\":\"ImageObject\",\"inLanguage\":\"en-US\",\"@id\":\"https:\\\/\\\/darkamazi.info\\\/#\\\/schema\\\/logo\\\/image\\\/\",\"url\":\"https:\\\/\\\/darkamazi.info\\\/darka-content\\\/uploads\\\/2017\\\/12\\\/darka-mazi-logo.png\",\"contentUrl\":\"https:\\\/\\\/darkamazi.info\\\/darka-content\\\/uploads\\\/2017\\\/12\\\/darka-mazi-logo.png\",\"width\":151,\"height\":75,\"caption\":\"Darka Maz\u00ee\"},\"image\":{\"@id\":\"https:\\\/\\\/darkamazi.info\\\/#\\\/schema\\\/logo\\\/image\\\/\"},\"sameAs\":[\"https:\\\/\\\/www.facebook.com\\\/DarMaziKurmanci\",\"https:\\\/\\\/x.com\\\/DarkaMaziLatini\",\"https:\\\/\\\/www.instagram.com\\\/darkamazi.kurmanci\\\/\",\"https:\\\/\\\/www.youtube.com\\\/channel\\\/UCa5HkTdmI8U1qCUFuTw8B2g\"]},{\"@type\":\"Person\",\"@id\":\"https:\\\/\\\/darkamazi.info\\\/#\\\/schema\\\/person\\\/5ad3e24553a0567993fa8ed4bd0a776c\",\"name\":\"darka mazi\",\"sameAs\":[\"https:\\\/\\\/darkamazi.info\\\/\"],\"url\":\"https:\\\/\\\/darkamazi.info\\\/archives\\\/author\\\/kurdi\"}]}<\/script>\n<!-- \/ Yoast SEO plugin. -->","seo_head_json":{"title":"Nevroza Berxwedan\u00ea \u00fb \u015eubata Tesl\u00eem B\u00fbn\u00ea - Darka Maz\u00ee","robots":{"index":"index","follow":"follow","max-snippet":"max-snippet:-1","max-image-preview":"max-image-preview:large","max-video-preview":"max-video-preview:-1"},"canonical":"https:\/\/darkamazi.info\/archives\/1012328","og_locale":"en_US","og_type":"article","og_title":"Nevroza Berxwedan\u00ea \u00fb \u015eubata Tesl\u00eem B\u00fbn\u00ea - Darka Maz\u00ee","og_description":"[darkamazi_row][darkamazi_column][darkamazi_video link=&#8221;https:\/\/www.youtube.com\/watch?v=lPFAmQryTMw&#8221; align=&#8221;center&#8221;][darkamazi_column_text]Dewleta Turk dixwest li zindana Amed\u00ea kur \u00fb Ke\u00e7\u00ean Kurdan tesl\u00eem bigre.\u00a0 E\u015fkence kirin, li ber sarma \u00fb germay\u00ea hi\u015ftin, bir\u00e7\u00ee hi\u015ftin, \u00eensan bi \u00ee\u015fkencedan\u00ea hatin ku\u015ftin, l\u00ea bel\u00ea zarok\u00ean kurdistan\u00ea ser\u00ea xwe bi t away ne tewandin.\u00a0 Sak\u00eena Cansiz yek car\u00ea ne got ax \u00fb pol\u00ees\u00ean Tirkan \u015fad nekirin. Mezl\u00fbm Dogan jiyana [&hellip;]","og_url":"https:\/\/darkamazi.info\/archives\/1012328","og_site_name":"Darka Maz\u00ee","article_publisher":"https:\/\/www.facebook.com\/DarMaziKurmanci","article_published_time":"2023-03-20T08:30:59+00:00","article_modified_time":"2023-03-20T08:42:34+00:00","og_image":[{"width":900,"height":500,"url":"https:\/\/darkamazi.info\/file\/2020\/12\/21.jpg","type":"image\/jpeg"}],"author":"darka mazi","twitter_card":"summary_large_image","twitter_creator":"@DarkaMaziLatini","twitter_site":"@DarkaMaziLatini","twitter_misc":{"Written by":"darka mazi","Est. reading time":"9 minutes"},"schema":{"@context":"https:\/\/schema.org","@graph":[{"@type":"Article","@id":"https:\/\/darkamazi.info\/archives\/1012328#article","isPartOf":{"@id":"https:\/\/darkamazi.info\/archives\/1012328"},"author":{"name":"darka mazi","@id":"https:\/\/darkamazi.info\/#\/schema\/person\/5ad3e24553a0567993fa8ed4bd0a776c"},"headline":"Nevroza Berxwedan\u00ea \u00fb \u015eubata Tesl\u00eem B\u00fbn\u00ea","datePublished":"2023-03-20T08:30:59+00:00","dateModified":"2023-03-20T08:42:34+00:00","mainEntityOfPage":{"@id":"https:\/\/darkamazi.info\/archives\/1012328"},"wordCount":2306,"publisher":{"@id":"https:\/\/darkamazi.info\/#organization"},"image":{"@id":"https:\/\/darkamazi.info\/archives\/1012328#primaryimage"},"thumbnailUrl":"https:\/\/darkamazi.info\/file\/2020\/12\/21.jpg","keywords":["Kemal P\u00eer","Mezl\u00fbm Dogan","sereke","Xeyr\u00ee Dormo\u015f"],"articleSection":["V\u00eed\u00eeyo"],"inLanguage":"en-US"},{"@type":"WebPage","@id":"https:\/\/darkamazi.info\/archives\/1012328","url":"https:\/\/darkamazi.info\/archives\/1012328","name":"Nevroza Berxwedan\u00ea \u00fb \u015eubata Tesl\u00eem B\u00fbn\u00ea - Darka Maz\u00ee","isPartOf":{"@id":"https:\/\/darkamazi.info\/#website"},"primaryImageOfPage":{"@id":"https:\/\/darkamazi.info\/archives\/1012328#primaryimage"},"image":{"@id":"https:\/\/darkamazi.info\/archives\/1012328#primaryimage"},"thumbnailUrl":"https:\/\/darkamazi.info\/file\/2020\/12\/21.jpg","datePublished":"2023-03-20T08:30:59+00:00","dateModified":"2023-03-20T08:42:34+00:00","breadcrumb":{"@id":"https:\/\/darkamazi.info\/archives\/1012328#breadcrumb"},"inLanguage":"en-US","potentialAction":[{"@type":"ReadAction","target":["https:\/\/darkamazi.info\/archives\/1012328"]}]},{"@type":"ImageObject","inLanguage":"en-US","@id":"https:\/\/darkamazi.info\/archives\/1012328#primaryimage","url":"https:\/\/darkamazi.info\/file\/2020\/12\/21.jpg","contentUrl":"https:\/\/darkamazi.info\/file\/2020\/12\/21.jpg","width":900,"height":500,"caption":"Nevroza Berxwedan\u00ea \u00fb \u015eubata Tesl\u00eem B\u00fbn\u00ea"},{"@type":"BreadcrumbList","@id":"https:\/\/darkamazi.info\/archives\/1012328#breadcrumb","itemListElement":[{"@type":"ListItem","position":1,"name":"Home","item":"https:\/\/darkamazi.info\/"},{"@type":"ListItem","position":2,"name":"Nevroza Berxwedan\u00ea \u00fb \u015eubata Tesl\u00eem B\u00fbn\u00ea"}]},{"@type":"WebSite","@id":"https:\/\/darkamazi.info\/#website","url":"https:\/\/darkamazi.info\/","name":"Darka Maz\u00ee","description":"P\u00eageha Zanyariy\u00ean Nebih\u00eest\u00ee","publisher":{"@id":"https:\/\/darkamazi.info\/#organization"},"potentialAction":[{"@type":"SearchAction","target":{"@type":"EntryPoint","urlTemplate":"https:\/\/darkamazi.info\/?s={search_term_string}"},"query-input":{"@type":"PropertyValueSpecification","valueRequired":true,"valueName":"search_term_string"}}],"inLanguage":"en-US"},{"@type":"Organization","@id":"https:\/\/darkamazi.info\/#organization","name":"Darka Maz\u00ee","url":"https:\/\/darkamazi.info\/","logo":{"@type":"ImageObject","inLanguage":"en-US","@id":"https:\/\/darkamazi.info\/#\/schema\/logo\/image\/","url":"https:\/\/darkamazi.info\/file\/2017\/12\/darka-mazi-logo.png","contentUrl":"https:\/\/darkamazi.info\/file\/2017\/12\/darka-mazi-logo.png","width":151,"height":75,"caption":"Darka Maz\u00ee"},"image":{"@id":"https:\/\/darkamazi.info\/#\/schema\/logo\/image\/"},"sameAs":["https:\/\/www.facebook.com\/DarMaziKurmanci","https:\/\/x.com\/DarkaMaziLatini","https:\/\/www.instagram.com\/darkamazi.kurmanci\/","https:\/\/www.youtube.com\/channel\/UCa5HkTdmI8U1qCUFuTw8B2g"]},{"@type":"Person","@id":"https:\/\/darkamazi.info\/#\/schema\/person\/5ad3e24553a0567993fa8ed4bd0a776c","name":"darka mazi","sameAs":["https:\/\/darkamazi.info\/"],"url":"https:\/\/darkamazi.info\/archives\/author\/kurdi"}]}},"_links":{"self":[{"href":"https:\/\/darkamazi.info\/funavuv\/wp\/v2\/posts\/1012328","targetHints":{"allow":["GET"]}}],"collection":[{"href":"https:\/\/darkamazi.info\/funavuv\/wp\/v2\/posts"}],"about":[{"href":"https:\/\/darkamazi.info\/funavuv\/wp\/v2\/types\/post"}],"author":[{"embeddable":true,"href":"https:\/\/darkamazi.info\/funavuv\/wp\/v2\/users\/2"}],"replies":[{"embeddable":true,"href":"https:\/\/darkamazi.info\/funavuv\/wp\/v2\/comments?post=1012328"}],"version-history":[{"count":0,"href":"https:\/\/darkamazi.info\/funavuv\/wp\/v2\/posts\/1012328\/revisions"}],"wp:featuredmedia":[{"embeddable":true,"href":"https:\/\/darkamazi.info\/funavuv\/wp\/v2\/media\/1020291"}],"wp:attachment":[{"href":"https:\/\/darkamazi.info\/funavuv\/wp\/v2\/media?parent=1012328"}],"wp:term":[{"taxonomy":"category","embeddable":true,"href":"https:\/\/darkamazi.info\/funavuv\/wp\/v2\/categories?post=1012328"},{"taxonomy":"post_tag","embeddable":true,"href":"https:\/\/darkamazi.info\/funavuv\/wp\/v2\/tags?post=1012328"}],"curies":[{"name":"wp","href":"https:\/\/api.w.org\/{rel}","templated":true}]}}