{"id":1013257,"date":"2020-05-18T18:41:13","date_gmt":"2020-05-18T15:41:13","guid":{"rendered":"https:\/\/darkamazi.info\/?p=1013257"},"modified":"2020-05-18T18:41:13","modified_gmt":"2020-05-18T15:41:13","slug":"bi-sedema-pkk-e-dergela-mosa-beg-hat-bordoman-kirin","status":"publish","type":"post","link":"https:\/\/darkamazi.info\/archives\/1013257","title":{"rendered":"Bi sedema PKK \u00ea &#8220;Dergela Mosa Beg&#8221; hat bordoman kirin"},"content":{"rendered":"<div class=\"wpb-content-wrapper\"><p>[darkamazi_row][darkamazi_column][darkamazi_column_text]<\/p>\n<h3 style=\"text-align: justify\"><span style=\"font-family: 'arial black', sans-serif\">Balefr\u00ean ceng y\u00ean dewleta dag\u00eerkar ya Tirkiy\u00ea \u00eavara \u00eero gund\u00ea Dergela Mosa Beg \u00ea li s\u00eenor\u00ea par\u00eazgeha Duhok\u00ea bordoman kir, pa\u015f ku ger\u00eelay\u00ean PKK \u00ea xwe n\u00eaz\u00ee gund\u00ea navb\u00fbr\u00ee kir\u00een.<\/span><\/h3>\n<h3 style=\"text-align: justify\">\u00c7avkaniy\u00ean p\u00eageha Darka Maz\u00ee li ba\u015f\u00fbr\u00ea kurdistan\u00ea e\u015fkere kirin, \u00eavara \u00eero roja du\u015fem\u00ee 17\/5\/2020\u00ea li demjim\u00ear 4:30, balefir\u00ean ceng y\u00ean dewleta dag\u00eerkar ya Tirkiy\u00ea, mo\u015fekek av\u00eat gund\u00ea bi nav\u00ea Dergela Mosa Beg \u00ea li s\u00eenor\u00ea nav\u00e7eya kan\u00ee mas\u00ea li devera Berwar\u00ee Bala.<\/h3>\n<h3 style=\"text-align: justify\">Herweha dest n\u00ee\u015fan kirin, balefiran ev mo\u015fek li n\u00eaz\u00ee gund\u00ea navb\u00fbr\u00ee daye, wexta ku ger\u00eelay\u00ean PKK \u00ea xwe n\u00eaz\u00ee gund\u00ee kir\u00een.<\/h3>\n<h3 style=\"text-align: justify\">Bi sedema bordoman\u00ea tirseke her\u00ee z\u00eade li cem r\u00fbni\u015ftvan\u00ean gund\u00ea \u00e7\u00eab\u00fbye \u00fb wan dilgiraniya xwe ji n\u00eaz\u00eekb\u00fbna ger\u00eelay\u00ean PKK \u00ea bo gund\u00ea xwe kirin \u00fb xwestin ger\u00eela xwe ji gund\u00ea wan d\u00fbr bikin ji bo ku ne kevin ber \u00ear\u00ee\u015f\u00ean balefiran.<\/h3>\n<h3 style=\"text-align: justify\">Her \u00eero roja du\u015fem\u00ee, hat tesb\u00eet kirin ku li nava xaka her\u00eama ba\u015f\u00fbr\u00ea kurdistan\u00ea de li nav\u00e7eya xwakurk\u00ee, 3 ger\u00eelay\u00ean PKK \u00ea bi sedema bombebarana balefir\u00ean ceng y\u00ean dewleta dag\u00eerkar ya Tirkiy\u00ea can\u00ea xwe ji dest dan.<\/h3>\n<h3 style=\"text-align: justify\">Operasyon\u00ean dewleta dag\u00eerkar bi sedema PKK \u00ea li nava xaka Ba\u015f\u00fbr\u00ea Kurdistan\u00ea b\u00fbye sedema derketina zirar\u00ean mezin ji bo gel\u00ea ba\u015f\u00fbr, taybet pa\u015f Tebaxa sala rab\u00fbr\u00ee \u00fb destp\u00eakirina operasyona bi nav\u00ea pencik\u00ea ku hejmarek ji welatiy\u00ean siv\u00eel \u015feh\u00eed ketine.<\/h3>\n<h3 style=\"text-align: justify\">Gel\u00ea ba\u015f\u00fbr ji ber v\u00ea yek\u00ea ji heb\u00fbna PKK \u00ea li nav\u00e7ey\u00ea neraz\u00eene \u00fb dixwazin PKK n\u00eaz\u00ee gund\u00ean wan nebe l\u00ea bel\u00ea PKK bi tu awa guhdariya gel nake \u00fb berdewam dibe sedema derketina pirsgir\u00eakan ji bo gel\u00ea ba\u015f\u00fbr.<\/h3>\n<p>&nbsp;<\/p>\n<p>[\/darkamazi_column_text][darkamazi_gallery interval=&#8221;3&#8243; images=&#8221;1013259,1013258&#8243;][\/darkamazi_column][\/darkamazi_row]<\/p>\n<\/div>","protected":false},"excerpt":{"rendered":"<p>[darkamazi_row][darkamazi_column][darkamazi_column_text] Balefr\u00ean ceng y\u00ean dewleta dag\u00eerkar ya Tirkiy\u00ea \u00eavara \u00eero gund\u00ea Dergela Mosa Beg \u00ea li s\u00eenor\u00ea par\u00eazgeha Duhok\u00ea bordoman kir, pa\u015f ku ger\u00eelay\u00ean PKK \u00ea xwe n\u00eaz\u00ee gund\u00ea navb\u00fbr\u00ee kir\u00een. \u00c7avkaniy\u00ean p\u00eageha Darka Maz\u00ee li ba\u015f\u00fbr\u00ea kurdistan\u00ea e\u015fkere kirin, \u00eavara \u00eero roja du\u015fem\u00ee 17\/5\/2020\u00ea li demjim\u00ear 4:30, balefir\u00ean ceng y\u00ean dewleta dag\u00eerkar ya Tirkiy\u00ea, [&hellip;]<\/p>\n","protected":false},"author":2,"featured_media":1013261,"comment_status":"closed","ping_status":"closed","sticky":false,"template":"","format":"standard","meta":{"footnotes":""},"categories":[29],"tags":[37],"class_list":["post-1013257","post","type-post","status-publish","format-standard","has-post-thumbnail","hentry","category-kurdistan","tag-sereke"],"blocksy_meta":[],"seo_head":"<!-- This site is optimized with the Yoast SEO plugin v27.5 - https:\/\/yoast.com\/product\/yoast-seo-wordpress\/ -->\n<title>Bi sedema PKK \u00ea &quot;Dergela Mosa Beg&quot; hat bordoman kirin - Darka Maz\u00ee<\/title>\n<meta name=\"robots\" content=\"index, follow, max-snippet:-1, max-image-preview:large, max-video-preview:-1\" \/>\n<link rel=\"canonical\" href=\"https:\/\/darkamazi.info\/archives\/1013257\" \/>\n<meta property=\"og:locale\" content=\"en_US\" \/>\n<meta property=\"og:type\" content=\"article\" \/>\n<meta property=\"og:title\" content=\"Bi sedema PKK \u00ea &quot;Dergela Mosa Beg&quot; hat bordoman kirin - Darka Maz\u00ee\" \/>\n<meta property=\"og:description\" content=\"[darkamazi_row][darkamazi_column][darkamazi_column_text] Balefr\u00ean ceng y\u00ean dewleta dag\u00eerkar ya Tirkiy\u00ea \u00eavara \u00eero gund\u00ea Dergela Mosa Beg \u00ea li s\u00eenor\u00ea par\u00eazgeha Duhok\u00ea bordoman kir, pa\u015f ku ger\u00eelay\u00ean PKK \u00ea xwe n\u00eaz\u00ee gund\u00ea navb\u00fbr\u00ee kir\u00een. \u00c7avkaniy\u00ean p\u00eageha Darka Maz\u00ee li ba\u015f\u00fbr\u00ea kurdistan\u00ea e\u015fkere kirin, \u00eavara \u00eero roja du\u015fem\u00ee 17\/5\/2020\u00ea li demjim\u00ear 4:30, balefir\u00ean ceng y\u00ean dewleta dag\u00eerkar ya Tirkiy\u00ea, [&hellip;]\" \/>\n<meta property=\"og:url\" content=\"https:\/\/darkamazi.info\/archives\/1013257\" \/>\n<meta property=\"og:site_name\" content=\"Darka Maz\u00ee\" \/>\n<meta property=\"article:publisher\" content=\"https:\/\/www.facebook.com\/DarMaziKurmanci\" \/>\n<meta property=\"article:published_time\" content=\"2020-05-18T15:41:13+00:00\" \/>\n<meta property=\"og:image\" content=\"https:\/\/darkamazi.info\/file\/2020\/05\/Logo-New-7.jpg\" \/>\n\t<meta property=\"og:image:width\" content=\"822\" \/>\n\t<meta property=\"og:image:height\" content=\"454\" \/>\n\t<meta property=\"og:image:type\" content=\"image\/jpeg\" \/>\n<meta name=\"author\" content=\"darka mazi\" \/>\n<meta name=\"twitter:card\" content=\"summary_large_image\" \/>\n<meta name=\"twitter:creator\" content=\"@DarkaMaziLatini\" \/>\n<meta name=\"twitter:site\" content=\"@DarkaMaziLatini\" \/>\n<meta name=\"twitter:label1\" content=\"Written by\" \/>\n\t<meta name=\"twitter:data1\" content=\"darka mazi\" \/>\n\t<meta name=\"twitter:label2\" content=\"Est. reading time\" \/>\n\t<meta name=\"twitter:data2\" content=\"2 minutes\" \/>\n<script type=\"application\/ld+json\" class=\"seo-schema-graph\">{\"@context\":\"https:\\\/\\\/schema.org\",\"@graph\":[{\"@type\":\"Article\",\"@id\":\"https:\\\/\\\/darkamazi.info\\\/archives\\\/1013257#article\",\"isPartOf\":{\"@id\":\"https:\\\/\\\/darkamazi.info\\\/archives\\\/1013257\"},\"author\":{\"name\":\"darka mazi\",\"@id\":\"https:\\\/\\\/darkamazi.info\\\/#\\\/schema\\\/person\\\/5ad3e24553a0567993fa8ed4bd0a776c\"},\"headline\":\"Bi sedema PKK \u00ea &#8220;Dergela Mosa Beg&#8221; hat bordoman kirin\",\"datePublished\":\"2020-05-18T15:41:13+00:00\",\"mainEntityOfPage\":{\"@id\":\"https:\\\/\\\/darkamazi.info\\\/archives\\\/1013257\"},\"wordCount\":334,\"publisher\":{\"@id\":\"https:\\\/\\\/darkamazi.info\\\/#organization\"},\"image\":{\"@id\":\"https:\\\/\\\/darkamazi.info\\\/archives\\\/1013257#primaryimage\"},\"thumbnailUrl\":\"https:\\\/\\\/darkamazi.info\\\/darka-content\\\/uploads\\\/2020\\\/05\\\/Logo-New-7.jpg\",\"keywords\":[\"sereke\"],\"articleSection\":[\"Kurdistan\"],\"inLanguage\":\"en-US\"},{\"@type\":\"WebPage\",\"@id\":\"https:\\\/\\\/darkamazi.info\\\/archives\\\/1013257\",\"url\":\"https:\\\/\\\/darkamazi.info\\\/archives\\\/1013257\",\"name\":\"Bi sedema PKK \u00ea \\\"Dergela Mosa Beg\\\" hat bordoman kirin - Darka Maz\u00ee\",\"isPartOf\":{\"@id\":\"https:\\\/\\\/darkamazi.info\\\/#website\"},\"primaryImageOfPage\":{\"@id\":\"https:\\\/\\\/darkamazi.info\\\/archives\\\/1013257#primaryimage\"},\"image\":{\"@id\":\"https:\\\/\\\/darkamazi.info\\\/archives\\\/1013257#primaryimage\"},\"thumbnailUrl\":\"https:\\\/\\\/darkamazi.info\\\/darka-content\\\/uploads\\\/2020\\\/05\\\/Logo-New-7.jpg\",\"datePublished\":\"2020-05-18T15:41:13+00:00\",\"breadcrumb\":{\"@id\":\"https:\\\/\\\/darkamazi.info\\\/archives\\\/1013257#breadcrumb\"},\"inLanguage\":\"en-US\",\"potentialAction\":[{\"@type\":\"ReadAction\",\"target\":[\"https:\\\/\\\/darkamazi.info\\\/archives\\\/1013257\"]}]},{\"@type\":\"ImageObject\",\"inLanguage\":\"en-US\",\"@id\":\"https:\\\/\\\/darkamazi.info\\\/archives\\\/1013257#primaryimage\",\"url\":\"https:\\\/\\\/darkamazi.info\\\/darka-content\\\/uploads\\\/2020\\\/05\\\/Logo-New-7.jpg\",\"contentUrl\":\"https:\\\/\\\/darkamazi.info\\\/darka-content\\\/uploads\\\/2020\\\/05\\\/Logo-New-7.jpg\",\"width\":822,\"height\":454,\"caption\":\"Bi sedema PKK \u00ea \\\"Dergela Mosa Beg\\\" hat bordoman kirin\"},{\"@type\":\"BreadcrumbList\",\"@id\":\"https:\\\/\\\/darkamazi.info\\\/archives\\\/1013257#breadcrumb\",\"itemListElement\":[{\"@type\":\"ListItem\",\"position\":1,\"name\":\"Home\",\"item\":\"https:\\\/\\\/darkamazi.info\\\/\"},{\"@type\":\"ListItem\",\"position\":2,\"name\":\"Bi sedema PKK \u00ea &#8220;Dergela Mosa Beg&#8221; hat bordoman kirin\"}]},{\"@type\":\"WebSite\",\"@id\":\"https:\\\/\\\/darkamazi.info\\\/#website\",\"url\":\"https:\\\/\\\/darkamazi.info\\\/\",\"name\":\"Darka Maz\u00ee\",\"description\":\"P\u00eageha Zanyariy\u00ean Nebih\u00eest\u00ee\",\"publisher\":{\"@id\":\"https:\\\/\\\/darkamazi.info\\\/#organization\"},\"potentialAction\":[{\"@type\":\"SearchAction\",\"target\":{\"@type\":\"EntryPoint\",\"urlTemplate\":\"https:\\\/\\\/darkamazi.info\\\/?s={search_term_string}\"},\"query-input\":{\"@type\":\"PropertyValueSpecification\",\"valueRequired\":true,\"valueName\":\"search_term_string\"}}],\"inLanguage\":\"en-US\"},{\"@type\":\"Organization\",\"@id\":\"https:\\\/\\\/darkamazi.info\\\/#organization\",\"name\":\"Darka Maz\u00ee\",\"url\":\"https:\\\/\\\/darkamazi.info\\\/\",\"logo\":{\"@type\":\"ImageObject\",\"inLanguage\":\"en-US\",\"@id\":\"https:\\\/\\\/darkamazi.info\\\/#\\\/schema\\\/logo\\\/image\\\/\",\"url\":\"https:\\\/\\\/darkamazi.info\\\/darka-content\\\/uploads\\\/2017\\\/12\\\/darka-mazi-logo.png\",\"contentUrl\":\"https:\\\/\\\/darkamazi.info\\\/darka-content\\\/uploads\\\/2017\\\/12\\\/darka-mazi-logo.png\",\"width\":151,\"height\":75,\"caption\":\"Darka Maz\u00ee\"},\"image\":{\"@id\":\"https:\\\/\\\/darkamazi.info\\\/#\\\/schema\\\/logo\\\/image\\\/\"},\"sameAs\":[\"https:\\\/\\\/www.facebook.com\\\/DarMaziKurmanci\",\"https:\\\/\\\/x.com\\\/DarkaMaziLatini\",\"https:\\\/\\\/www.instagram.com\\\/darkamazi.kurmanci\\\/\",\"https:\\\/\\\/www.youtube.com\\\/channel\\\/UCa5HkTdmI8U1qCUFuTw8B2g\"]},{\"@type\":\"Person\",\"@id\":\"https:\\\/\\\/darkamazi.info\\\/#\\\/schema\\\/person\\\/5ad3e24553a0567993fa8ed4bd0a776c\",\"name\":\"darka mazi\",\"sameAs\":[\"https:\\\/\\\/darkamazi.info\\\/\"],\"url\":\"https:\\\/\\\/darkamazi.info\\\/archives\\\/author\\\/kurdi\"}]}<\/script>\n<!-- \/ Yoast SEO plugin. -->","seo_head_json":{"title":"Bi sedema PKK \u00ea \"Dergela Mosa Beg\" hat bordoman kirin - Darka Maz\u00ee","robots":{"index":"index","follow":"follow","max-snippet":"max-snippet:-1","max-image-preview":"max-image-preview:large","max-video-preview":"max-video-preview:-1"},"canonical":"https:\/\/darkamazi.info\/archives\/1013257","og_locale":"en_US","og_type":"article","og_title":"Bi sedema PKK \u00ea \"Dergela Mosa Beg\" hat bordoman kirin - Darka Maz\u00ee","og_description":"[darkamazi_row][darkamazi_column][darkamazi_column_text] Balefr\u00ean ceng y\u00ean dewleta dag\u00eerkar ya Tirkiy\u00ea \u00eavara \u00eero gund\u00ea Dergela Mosa Beg \u00ea li s\u00eenor\u00ea par\u00eazgeha Duhok\u00ea bordoman kir, pa\u015f ku ger\u00eelay\u00ean PKK \u00ea xwe n\u00eaz\u00ee gund\u00ea navb\u00fbr\u00ee kir\u00een. \u00c7avkaniy\u00ean p\u00eageha Darka Maz\u00ee li ba\u015f\u00fbr\u00ea kurdistan\u00ea e\u015fkere kirin, \u00eavara \u00eero roja du\u015fem\u00ee 17\/5\/2020\u00ea li demjim\u00ear 4:30, balefir\u00ean ceng y\u00ean dewleta dag\u00eerkar ya Tirkiy\u00ea, [&hellip;]","og_url":"https:\/\/darkamazi.info\/archives\/1013257","og_site_name":"Darka Maz\u00ee","article_publisher":"https:\/\/www.facebook.com\/DarMaziKurmanci","article_published_time":"2020-05-18T15:41:13+00:00","og_image":[{"width":822,"height":454,"url":"https:\/\/darkamazi.info\/file\/2020\/05\/Logo-New-7.jpg","type":"image\/jpeg"}],"author":"darka mazi","twitter_card":"summary_large_image","twitter_creator":"@DarkaMaziLatini","twitter_site":"@DarkaMaziLatini","twitter_misc":{"Written by":"darka mazi","Est. reading time":"2 minutes"},"schema":{"@context":"https:\/\/schema.org","@graph":[{"@type":"Article","@id":"https:\/\/darkamazi.info\/archives\/1013257#article","isPartOf":{"@id":"https:\/\/darkamazi.info\/archives\/1013257"},"author":{"name":"darka mazi","@id":"https:\/\/darkamazi.info\/#\/schema\/person\/5ad3e24553a0567993fa8ed4bd0a776c"},"headline":"Bi sedema PKK \u00ea &#8220;Dergela Mosa Beg&#8221; hat bordoman kirin","datePublished":"2020-05-18T15:41:13+00:00","mainEntityOfPage":{"@id":"https:\/\/darkamazi.info\/archives\/1013257"},"wordCount":334,"publisher":{"@id":"https:\/\/darkamazi.info\/#organization"},"image":{"@id":"https:\/\/darkamazi.info\/archives\/1013257#primaryimage"},"thumbnailUrl":"https:\/\/darkamazi.info\/file\/2020\/05\/Logo-New-7.jpg","keywords":["sereke"],"articleSection":["Kurdistan"],"inLanguage":"en-US"},{"@type":"WebPage","@id":"https:\/\/darkamazi.info\/archives\/1013257","url":"https:\/\/darkamazi.info\/archives\/1013257","name":"Bi sedema PKK \u00ea \"Dergela Mosa Beg\" hat bordoman kirin - Darka Maz\u00ee","isPartOf":{"@id":"https:\/\/darkamazi.info\/#website"},"primaryImageOfPage":{"@id":"https:\/\/darkamazi.info\/archives\/1013257#primaryimage"},"image":{"@id":"https:\/\/darkamazi.info\/archives\/1013257#primaryimage"},"thumbnailUrl":"https:\/\/darkamazi.info\/file\/2020\/05\/Logo-New-7.jpg","datePublished":"2020-05-18T15:41:13+00:00","breadcrumb":{"@id":"https:\/\/darkamazi.info\/archives\/1013257#breadcrumb"},"inLanguage":"en-US","potentialAction":[{"@type":"ReadAction","target":["https:\/\/darkamazi.info\/archives\/1013257"]}]},{"@type":"ImageObject","inLanguage":"en-US","@id":"https:\/\/darkamazi.info\/archives\/1013257#primaryimage","url":"https:\/\/darkamazi.info\/file\/2020\/05\/Logo-New-7.jpg","contentUrl":"https:\/\/darkamazi.info\/file\/2020\/05\/Logo-New-7.jpg","width":822,"height":454,"caption":"Bi sedema PKK \u00ea \"Dergela Mosa Beg\" hat bordoman kirin"},{"@type":"BreadcrumbList","@id":"https:\/\/darkamazi.info\/archives\/1013257#breadcrumb","itemListElement":[{"@type":"ListItem","position":1,"name":"Home","item":"https:\/\/darkamazi.info\/"},{"@type":"ListItem","position":2,"name":"Bi sedema PKK \u00ea &#8220;Dergela Mosa Beg&#8221; hat bordoman kirin"}]},{"@type":"WebSite","@id":"https:\/\/darkamazi.info\/#website","url":"https:\/\/darkamazi.info\/","name":"Darka Maz\u00ee","description":"P\u00eageha Zanyariy\u00ean Nebih\u00eest\u00ee","publisher":{"@id":"https:\/\/darkamazi.info\/#organization"},"potentialAction":[{"@type":"SearchAction","target":{"@type":"EntryPoint","urlTemplate":"https:\/\/darkamazi.info\/?s={search_term_string}"},"query-input":{"@type":"PropertyValueSpecification","valueRequired":true,"valueName":"search_term_string"}}],"inLanguage":"en-US"},{"@type":"Organization","@id":"https:\/\/darkamazi.info\/#organization","name":"Darka Maz\u00ee","url":"https:\/\/darkamazi.info\/","logo":{"@type":"ImageObject","inLanguage":"en-US","@id":"https:\/\/darkamazi.info\/#\/schema\/logo\/image\/","url":"https:\/\/darkamazi.info\/file\/2017\/12\/darka-mazi-logo.png","contentUrl":"https:\/\/darkamazi.info\/file\/2017\/12\/darka-mazi-logo.png","width":151,"height":75,"caption":"Darka Maz\u00ee"},"image":{"@id":"https:\/\/darkamazi.info\/#\/schema\/logo\/image\/"},"sameAs":["https:\/\/www.facebook.com\/DarMaziKurmanci","https:\/\/x.com\/DarkaMaziLatini","https:\/\/www.instagram.com\/darkamazi.kurmanci\/","https:\/\/www.youtube.com\/channel\/UCa5HkTdmI8U1qCUFuTw8B2g"]},{"@type":"Person","@id":"https:\/\/darkamazi.info\/#\/schema\/person\/5ad3e24553a0567993fa8ed4bd0a776c","name":"darka mazi","sameAs":["https:\/\/darkamazi.info\/"],"url":"https:\/\/darkamazi.info\/archives\/author\/kurdi"}]}},"_links":{"self":[{"href":"https:\/\/darkamazi.info\/funavuv\/wp\/v2\/posts\/1013257","targetHints":{"allow":["GET"]}}],"collection":[{"href":"https:\/\/darkamazi.info\/funavuv\/wp\/v2\/posts"}],"about":[{"href":"https:\/\/darkamazi.info\/funavuv\/wp\/v2\/types\/post"}],"author":[{"embeddable":true,"href":"https:\/\/darkamazi.info\/funavuv\/wp\/v2\/users\/2"}],"replies":[{"embeddable":true,"href":"https:\/\/darkamazi.info\/funavuv\/wp\/v2\/comments?post=1013257"}],"version-history":[{"count":0,"href":"https:\/\/darkamazi.info\/funavuv\/wp\/v2\/posts\/1013257\/revisions"}],"wp:featuredmedia":[{"embeddable":true,"href":"https:\/\/darkamazi.info\/funavuv\/wp\/v2\/media\/1013261"}],"wp:attachment":[{"href":"https:\/\/darkamazi.info\/funavuv\/wp\/v2\/media?parent=1013257"}],"wp:term":[{"taxonomy":"category","embeddable":true,"href":"https:\/\/darkamazi.info\/funavuv\/wp\/v2\/categories?post=1013257"},{"taxonomy":"post_tag","embeddable":true,"href":"https:\/\/darkamazi.info\/funavuv\/wp\/v2\/tags?post=1013257"}],"curies":[{"name":"wp","href":"https:\/\/api.w.org\/{rel}","templated":true}]}}